{"id":16625,"date":"2023-08-14T14:34:40","date_gmt":"2023-08-14T14:34:40","guid":{"rendered":"https:\/\/www.africa-press.net\/djibouti\/politique\/visite-de-lunite-de-recyclage-de-dechets-a-obock"},"modified":"2023-08-14T16:37:29","modified_gmt":"2023-08-14T16:37:29","slug":"visite-de-lunite-de-recyclage-de-dechets-a-obock","status":"publish","type":"post","link":"https:\/\/www.africa-press.net\/djibouti\/photo\/visite-de-lunite-de-recyclage-de-dechets-a-obock","title":{"rendered":"Visite de l\u2019unit\u00e9 de recyclage de d\u00e9chets \u00e0 Obock"},"content":{"rendered":"<p><span style=\"color: #ff6600\"><strong>Africa-Press &#8211; Djibouti. <\/strong><\/span>Au cours de sa visite hier a\u0300 Obock, le premier ministre Abdoulkader Kamil Mohamed a eu l\u2019occasion de de\u0301couvrir en personne l\u2019unite\u0301 de recyclage de de\u0301chets plastiques mise en place par l\u2019OIM.<\/p>\n<p>Accueilli chaleureusement par le pre\u0301fet d\u2019Obock, Moussa Aden Migane, ainsi que par la repre\u0301sentante de l\u2019OIM a\u0300 Djibouti, Tanja Pacifico, et son e\u0301quipe, le premier ministre a ainsi effectue\u0301 une visite guide\u0301e de ce centre de recyclage des de\u0301chets solides.<\/p>\n<p>Au cours de sa visite, le premier ministre a eu des explications de\u0301taille\u0301es de la part des responsables du centre, mettant en e\u0301vidence le ro\u0302le crucial qu\u2019il joue dans la pre\u0301servation de l\u2019environnement. La fabrique d\u2019Obock, frai\u0302chement modernise\u0301e avec l\u2019installation de nouvelles machines, se pre\u0301pare a\u0300 une nouvelle e\u0301tape passionnante. La re\u0301ception de ces e\u0301quipements de pointe permettra la transformation des de\u0301chets plastiques de la ville en pave\u0301s aux formes et dimensions varie\u0301es, offrant ainsi une solution durable pour la gestion des de\u0301chets et la cre\u0301ation de produits utiles.<\/p>\n<p>Cette visite illustre l\u2019engagement du gouvernement pour la protection de l\u2019environnement et le de\u0301veloppement durable, ainsi que sa volonte\u0301 de soutenir des initiatives novatrices, telle que cette unite\u0301 de recyclage du plastique qui contribue a\u0300 la fois a\u0300 la pre\u0301servation de notre plane\u0300te et a\u0300 la promotion d\u2019une e\u0301conomie circulaire prospe\u0300re.<\/p>\n\r\n                <style type=\"text\/css\">\r\n                    \r\n                    #td_uid_1_69edb77f16ba1  .td-doubleSlider-2 .td-item1 {\r\n                        background: url(https:\/\/static.africa-press.net\/djibouti\/sites\/52\/2023\/08\/sm_1692017231.731801-80x60.jpg) 0 0 no-repeat;\r\n                    }\r\n                    #td_uid_1_69edb77f16ba1  .td-doubleSlider-2 .td-item2 {\r\n                        background: url(https:\/\/static.africa-press.net\/djibouti\/sites\/52\/2023\/08\/sm_1692017243.81973-80x60.jpg) 0 0 no-repeat;\r\n                    }\r\n                    #td_uid_1_69edb77f16ba1  .td-doubleSlider-2 .td-item3 {\r\n                        background: url(https:\/\/static.africa-press.net\/djibouti\/sites\/52\/2023\/08\/sm_1692017263.895525-80x60.jpg) 0 0 no-repeat;\r\n                    }\r\n                <\/style>\r\n\r\n                <div id=\"td_uid_1_69edb77f16ba1\" class=\"td-gallery td-slide-on-2-columns\">\r\n                    <div class=\"post_td_gallery\">\r\n                        <div class=\"td-gallery-slide-top\">\r\n                           <div class=\"td-gallery-title\"><\/div>\r\n\r\n                            <div class=\"td-gallery-controls-wrapper\">\r\n                                <div class=\"td-gallery-slide-count\"><span class=\"td-gallery-slide-item-focus\">1<\/span> de 3<\/div>\r\n                                <div class=\"td-gallery-slide-prev-next-but\">\r\n                                    <i class = \"td-icon-left doubleSliderPrevButton\"><\/i>\r\n                                    <i class = \"td-icon-right doubleSliderNextButton\"><\/i>\r\n                                <\/div>\r\n                            <\/div>\r\n                        <\/div>\r\n\r\n                        <div class = \"td-doubleSlider-1 \">\r\n                            <div class = \"td-slider\">\r\n                                \r\n                    <div class = \"td-slide-item td-item1\">\r\n                        <figure class=\"td-slide-galery-figure td-slide-popup-gallery\">\r\n                            <a class=\"slide-gallery-image-link\" href=\"https:\/\/static.africa-press.net\/djibouti\/sites\/52\/2023\/08\/sm_1692017231.731801.jpg\" title=\"sm_1692017231.731801\"  data-caption=\"\"  data-description=\"\">\r\n                                <img decoding=\"async\" src=\"https:\/\/static.africa-press.net\/djibouti\/sites\/52\/2023\/08\/sm_1692017231.731801.jpg\" srcset=\"https:\/\/static.africa-press.net\/djibouti\/sites\/52\/2023\/08\/sm_1692017231.731801.jpg 1024w, https:\/\/static.africa-press.net\/djibouti\/sites\/52\/2023\/08\/sm_1692017231.731801-300x169.jpg 300w, https:\/\/static.africa-press.net\/djibouti\/sites\/52\/2023\/08\/sm_1692017231.731801-768x432.jpg 768w\" sizes=\"(max-width: 1024px) 100vw, 1024px\" alt=\"\">\r\n                            <\/a>\r\n                            \r\n                        <\/figure>\r\n                    <\/div>\r\n                    <div class = \"td-slide-item td-item2\">\r\n                        <figure class=\"td-slide-galery-figure td-slide-popup-gallery\">\r\n                            <a class=\"slide-gallery-image-link\" href=\"https:\/\/static.africa-press.net\/djibouti\/sites\/52\/2023\/08\/sm_1692017243.81973.jpg\" title=\"sm_1692017243.81973\"  data-caption=\"\"  data-description=\"\">\r\n                                <img decoding=\"async\" src=\"https:\/\/static.africa-press.net\/djibouti\/sites\/52\/2023\/08\/sm_1692017243.81973.jpg\" srcset=\"https:\/\/static.africa-press.net\/djibouti\/sites\/52\/2023\/08\/sm_1692017243.81973.jpg 1024w, https:\/\/static.africa-press.net\/djibouti\/sites\/52\/2023\/08\/sm_1692017243.81973-300x169.jpg 300w, https:\/\/static.africa-press.net\/djibouti\/sites\/52\/2023\/08\/sm_1692017243.81973-768x432.jpg 768w\" sizes=\"(max-width: 1024px) 100vw, 1024px\" alt=\"\">\r\n                            <\/a>\r\n                            \r\n                        <\/figure>\r\n                    <\/div>\r\n                    <div class = \"td-slide-item td-item3\">\r\n                        <figure class=\"td-slide-galery-figure td-slide-popup-gallery\">\r\n                            <a class=\"slide-gallery-image-link\" href=\"https:\/\/static.africa-press.net\/djibouti\/sites\/52\/2023\/08\/sm_1692017263.895525.jpg\" title=\"sm_1692017263.895525\"  data-caption=\"\"  data-description=\"\">\r\n                                <img decoding=\"async\" src=\"https:\/\/static.africa-press.net\/djibouti\/sites\/52\/2023\/08\/sm_1692017263.895525.jpg\" srcset=\"https:\/\/static.africa-press.net\/djibouti\/sites\/52\/2023\/08\/sm_1692017263.895525.jpg 768w, https:\/\/static.africa-press.net\/djibouti\/sites\/52\/2023\/08\/sm_1692017263.895525-300x169.jpg 300w\" sizes=\"(max-width: 768px) 100vw, 768px\" alt=\"\">\r\n                            <\/a>\r\n                            \r\n                        <\/figure>\r\n                    <\/div>\r\n                            <\/div>\r\n                        <\/div>\r\n\r\n                        <div class = \"td-doubleSlider-2\">\r\n                            <div class = \"td-slider\">\r\n                                \r\n                    <div class = \"td-button td-item1\">\r\n                        <div class = \"td-border\"><\/div>\r\n                    <\/div>\r\n                    <div class = \"td-button td-item2\">\r\n                        <div class = \"td-border\"><\/div>\r\n                    <\/div>\r\n                    <div class = \"td-button td-item3\">\r\n                        <div class = \"td-border\"><\/div>\r\n                    <\/div>\r\n                            <\/div>\r\n                        <\/div>\r\n\r\n                    <\/div>\r\n\r\n                <\/div>\r\n                \n<p><strong>Pour plus d&rsquo;informations et d&rsquo;analyses sur la <a href=\"https:\/\/www.africa-press.net\/djibouti\">Djibouti<\/a>, suivez <a href=\"https:\/\/www.africa-press.net\/\">Africa-Press<\/a><\/strong><\/p>\n","protected":false},"excerpt":{"rendered":"<p>Africa-Press &#8211; Djibouti. Au cours de sa visite hier a\u0300 Obock, le premier ministre Abdoulkader Kamil Mohamed a eu l\u2019occasion de de\u0301couvrir en personne l\u2019unite\u0301 de recyclage de de\u0301chets plastiques mise en place par l\u2019OIM. Accueilli chaleureusement par le pre\u0301fet d\u2019Obock, Moussa Aden Migane, ainsi que par la repre\u0301sentante de l\u2019OIM a\u0300 Djibouti, Tanja Pacifico, [&hellip;]<\/p>\n","protected":false},"author":82,"featured_media":16624,"comment_status":"open","ping_status":"closed","sticky":false,"template":"","format":"standard","meta":{"footnotes":""},"categories":[21,8,10],"tags":[36,49,50],"class_list":["post-16625","post","type-post","status-publish","format-standard","has-post-thumbnail","hentry","category-communaute","category-photo","category-toutes-les-actualites","tag-africa-press","tag-africa-press-djibouti","tag-djibouti"],"yoast_head":"<!-- This site is optimized with the Yoast SEO Premium plugin v26.1 (Yoast SEO v27.0) - https:\/\/yoast.com\/product\/yoast-seo-premium-wordpress\/ -->\n<title>Visite de l\u2019unit\u00e9 de recyclage de d\u00e9chets \u00e0 Obock - Djibouti<\/title>\n<meta name=\"description\" content=\"Au cours de sa visite hier a\u0300 Obock, le premier ministre Abdoulkader Kamil Mohamed a eu l\u2019occasion de de\u0301couvrir en pers ...\" \/>\n<meta name=\"robots\" content=\"index, follow, max-snippet:-1, max-image-preview:large, max-video-preview:-1\" \/>\n<link rel=\"canonical\" href=\"https:\/\/www.africa-press.net\/djibouti\/photo\/visite-de-lunite-de-recyclage-de-dechets-a-obock\" \/>\n<meta property=\"og:locale\" content=\"fr_FR\" \/>\n<meta property=\"og:type\" content=\"article\" \/>\n<meta property=\"og:title\" content=\"Visite de l\u2019unit\u00e9 de recyclage de d\u00e9chets \u00e0 Obock\" \/>\n<meta property=\"og:description\" content=\"Au cours de sa visite hier a\u0300 Obock, le premier ministre Abdoulkader Kamil Mohamed a eu l\u2019occasion de de\u0301couvrir en pers ...\" \/>\n<meta property=\"og:url\" content=\"https:\/\/www.africa-press.net\/djibouti\/photo\/visite-de-lunite-de-recyclage-de-dechets-a-obock\" \/>\n<meta property=\"og:site_name\" content=\"Djibouti\" \/>\n<meta property=\"article:published_time\" content=\"2023-08-14T14:34:40+00:00\" \/>\n<meta property=\"article:modified_time\" content=\"2023-08-14T16:37:29+00:00\" \/>\n<meta property=\"og:image\" content=\"https:\/\/static.africa-press.net\/djibouti\/sites\/52\/2023\/08\/sm_1692017286.952572.jpg\" \/>\n\t<meta property=\"og:image:width\" content=\"720\" \/>\n\t<meta property=\"og:image:height\" content=\"405\" \/>\n\t<meta property=\"og:image:type\" content=\"image\/jpeg\" \/>\n<meta name=\"author\" content=\"cfeditorfr\" \/>\n<meta name=\"twitter:card\" content=\"summary_large_image\" \/>\n<meta name=\"twitter:label1\" content=\"\u00c9crit par\" \/>\n\t<meta name=\"twitter:data1\" content=\"cfeditorfr\" \/>\n\t<meta name=\"twitter:label2\" content=\"Dur\u00e9e de lecture estim\u00e9e\" \/>\n\t<meta name=\"twitter:data2\" content=\"2 minutes\" \/>\n<script type=\"application\/ld+json\" class=\"yoast-schema-graph\">{\"@context\":\"https:\/\/schema.org\",\"@graph\":[{\"@type\":\"Article\",\"@id\":\"https:\/\/www.africa-press.net\/djibouti\/photo\/visite-de-lunite-de-recyclage-de-dechets-a-obock#article\",\"isPartOf\":{\"@id\":\"https:\/\/www.africa-press.net\/djibouti\/photo\/visite-de-lunite-de-recyclage-de-dechets-a-obock\"},\"author\":{\"name\":\"cfeditorfr\",\"@id\":\"https:\/\/www.africa-press.net\/djibouti\/#\/schema\/person\/2b1cf3cd81a31e3cd26889ca66d677f1\"},\"headline\":\"Visite de l\u2019unit\u00e9 de recyclage de d\u00e9chets \u00e0 Obock\",\"datePublished\":\"2023-08-14T14:34:40+00:00\",\"dateModified\":\"2023-08-14T16:37:29+00:00\",\"mainEntityOfPage\":{\"@id\":\"https:\/\/www.africa-press.net\/djibouti\/photo\/visite-de-lunite-de-recyclage-de-dechets-a-obock\"},\"wordCount\":287,\"commentCount\":0,\"image\":{\"@id\":\"https:\/\/www.africa-press.net\/djibouti\/photo\/visite-de-lunite-de-recyclage-de-dechets-a-obock#primaryimage\"},\"thumbnailUrl\":\"https:\/\/static.africa-press.net\/djibouti\/sites\/52\/2023\/08\/sm_1692017286.952572.jpg\",\"keywords\":[\"Africa Press\",\"Africa Press-Djibouti\",\"Djibouti\"],\"articleSection\":[\"Communaut\u00e9\",\"Photo\",\"Toutes les actualit\u00e9s\"],\"inLanguage\":\"fr-FR\",\"potentialAction\":[{\"@type\":\"CommentAction\",\"name\":\"Comment\",\"target\":[\"https:\/\/www.africa-press.net\/djibouti\/photo\/visite-de-lunite-de-recyclage-de-dechets-a-obock#respond\"]}]},{\"@type\":\"WebPage\",\"@id\":\"https:\/\/www.africa-press.net\/djibouti\/photo\/visite-de-lunite-de-recyclage-de-dechets-a-obock\",\"url\":\"https:\/\/www.africa-press.net\/djibouti\/photo\/visite-de-lunite-de-recyclage-de-dechets-a-obock\",\"name\":\"Visite de l\u2019unit\u00e9 de recyclage de d\u00e9chets \u00e0 Obock - Djibouti\",\"isPartOf\":{\"@id\":\"https:\/\/www.africa-press.net\/djibouti\/#website\"},\"primaryImageOfPage\":{\"@id\":\"https:\/\/www.africa-press.net\/djibouti\/photo\/visite-de-lunite-de-recyclage-de-dechets-a-obock#primaryimage\"},\"image\":{\"@id\":\"https:\/\/www.africa-press.net\/djibouti\/photo\/visite-de-lunite-de-recyclage-de-dechets-a-obock#primaryimage\"},\"thumbnailUrl\":\"https:\/\/static.africa-press.net\/djibouti\/sites\/52\/2023\/08\/sm_1692017286.952572.jpg\",\"datePublished\":\"2023-08-14T14:34:40+00:00\",\"dateModified\":\"2023-08-14T16:37:29+00:00\",\"author\":{\"@id\":\"https:\/\/www.africa-press.net\/djibouti\/#\/schema\/person\/2b1cf3cd81a31e3cd26889ca66d677f1\"},\"description\":\"Au cours de sa visite hier a\u0300 Obock, le premier ministre Abdoulkader Kamil Mohamed a eu l\u2019occasion de de\u0301couvrir en pers ...\",\"breadcrumb\":{\"@id\":\"https:\/\/www.africa-press.net\/djibouti\/photo\/visite-de-lunite-de-recyclage-de-dechets-a-obock#breadcrumb\"},\"inLanguage\":\"fr-FR\",\"potentialAction\":[{\"@type\":\"ReadAction\",\"target\":[\"https:\/\/www.africa-press.net\/djibouti\/photo\/visite-de-lunite-de-recyclage-de-dechets-a-obock\"]}]},{\"@type\":\"ImageObject\",\"inLanguage\":\"fr-FR\",\"@id\":\"https:\/\/www.africa-press.net\/djibouti\/photo\/visite-de-lunite-de-recyclage-de-dechets-a-obock#primaryimage\",\"url\":\"https:\/\/static.africa-press.net\/djibouti\/sites\/52\/2023\/08\/sm_1692017286.952572.jpg\",\"contentUrl\":\"https:\/\/static.africa-press.net\/djibouti\/sites\/52\/2023\/08\/sm_1692017286.952572.jpg\",\"width\":720,\"height\":405,\"caption\":\"Visite de l\u2019unit\u00e9 de recyclage de d\u00e9chets \u00e0 Obock\"},{\"@type\":\"BreadcrumbList\",\"@id\":\"https:\/\/www.africa-press.net\/djibouti\/photo\/visite-de-lunite-de-recyclage-de-dechets-a-obock#breadcrumb\",\"itemListElement\":[{\"@type\":\"ListItem\",\"position\":1,\"name\":\"Accueil\",\"item\":\"https:\/\/www.africa-press.net\/djibouti\/\"},{\"@type\":\"ListItem\",\"position\":2,\"name\":\"Visite de l\u2019unit\u00e9 de recyclage de d\u00e9chets \u00e0 Obock\"}]},{\"@type\":\"WebSite\",\"@id\":\"https:\/\/www.africa-press.net\/djibouti\/#website\",\"url\":\"https:\/\/www.africa-press.net\/djibouti\/\",\"name\":\"Djibouti\",\"description\":\"Just another Africa News Agency Sites site\",\"potentialAction\":[{\"@type\":\"SearchAction\",\"target\":{\"@type\":\"EntryPoint\",\"urlTemplate\":\"https:\/\/www.africa-press.net\/djibouti\/?s={search_term_string}\"},\"query-input\":{\"@type\":\"PropertyValueSpecification\",\"valueRequired\":true,\"valueName\":\"search_term_string\"}}],\"inLanguage\":\"fr-FR\"},{\"@type\":\"Person\",\"@id\":\"https:\/\/www.africa-press.net\/djibouti\/#\/schema\/person\/2b1cf3cd81a31e3cd26889ca66d677f1\",\"name\":\"cfeditorfr\"}]}<\/script>\n<!-- \/ Yoast SEO Premium plugin. -->","yoast_head_json":{"title":"Visite de l\u2019unit\u00e9 de recyclage de d\u00e9chets \u00e0 Obock - Djibouti","description":"Au cours de sa visite hier a\u0300 Obock, le premier ministre Abdoulkader Kamil Mohamed a eu l\u2019occasion de de\u0301couvrir en pers ...","robots":{"index":"index","follow":"follow","max-snippet":"max-snippet:-1","max-image-preview":"max-image-preview:large","max-video-preview":"max-video-preview:-1"},"canonical":"https:\/\/www.africa-press.net\/djibouti\/photo\/visite-de-lunite-de-recyclage-de-dechets-a-obock","og_locale":"fr_FR","og_type":"article","og_title":"Visite de l\u2019unit\u00e9 de recyclage de d\u00e9chets \u00e0 Obock","og_description":"Au cours de sa visite hier a\u0300 Obock, le premier ministre Abdoulkader Kamil Mohamed a eu l\u2019occasion de de\u0301couvrir en pers ...","og_url":"https:\/\/www.africa-press.net\/djibouti\/photo\/visite-de-lunite-de-recyclage-de-dechets-a-obock","og_site_name":"Djibouti","article_published_time":"2023-08-14T14:34:40+00:00","article_modified_time":"2023-08-14T16:37:29+00:00","og_image":[{"width":720,"height":405,"url":"https:\/\/static.africa-press.net\/djibouti\/sites\/52\/2023\/08\/sm_1692017286.952572.jpg","type":"image\/jpeg"}],"author":"cfeditorfr","twitter_card":"summary_large_image","twitter_misc":{"\u00c9crit par":"cfeditorfr","Dur\u00e9e de lecture estim\u00e9e":"2 minutes"},"schema":{"@context":"https:\/\/schema.org","@graph":[{"@type":"Article","@id":"https:\/\/www.africa-press.net\/djibouti\/photo\/visite-de-lunite-de-recyclage-de-dechets-a-obock#article","isPartOf":{"@id":"https:\/\/www.africa-press.net\/djibouti\/photo\/visite-de-lunite-de-recyclage-de-dechets-a-obock"},"author":{"name":"cfeditorfr","@id":"https:\/\/www.africa-press.net\/djibouti\/#\/schema\/person\/2b1cf3cd81a31e3cd26889ca66d677f1"},"headline":"Visite de l\u2019unit\u00e9 de recyclage de d\u00e9chets \u00e0 Obock","datePublished":"2023-08-14T14:34:40+00:00","dateModified":"2023-08-14T16:37:29+00:00","mainEntityOfPage":{"@id":"https:\/\/www.africa-press.net\/djibouti\/photo\/visite-de-lunite-de-recyclage-de-dechets-a-obock"},"wordCount":287,"commentCount":0,"image":{"@id":"https:\/\/www.africa-press.net\/djibouti\/photo\/visite-de-lunite-de-recyclage-de-dechets-a-obock#primaryimage"},"thumbnailUrl":"https:\/\/static.africa-press.net\/djibouti\/sites\/52\/2023\/08\/sm_1692017286.952572.jpg","keywords":["Africa Press","Africa Press-Djibouti","Djibouti"],"articleSection":["Communaut\u00e9","Photo","Toutes les actualit\u00e9s"],"inLanguage":"fr-FR","potentialAction":[{"@type":"CommentAction","name":"Comment","target":["https:\/\/www.africa-press.net\/djibouti\/photo\/visite-de-lunite-de-recyclage-de-dechets-a-obock#respond"]}]},{"@type":"WebPage","@id":"https:\/\/www.africa-press.net\/djibouti\/photo\/visite-de-lunite-de-recyclage-de-dechets-a-obock","url":"https:\/\/www.africa-press.net\/djibouti\/photo\/visite-de-lunite-de-recyclage-de-dechets-a-obock","name":"Visite de l\u2019unit\u00e9 de recyclage de d\u00e9chets \u00e0 Obock - Djibouti","isPartOf":{"@id":"https:\/\/www.africa-press.net\/djibouti\/#website"},"primaryImageOfPage":{"@id":"https:\/\/www.africa-press.net\/djibouti\/photo\/visite-de-lunite-de-recyclage-de-dechets-a-obock#primaryimage"},"image":{"@id":"https:\/\/www.africa-press.net\/djibouti\/photo\/visite-de-lunite-de-recyclage-de-dechets-a-obock#primaryimage"},"thumbnailUrl":"https:\/\/static.africa-press.net\/djibouti\/sites\/52\/2023\/08\/sm_1692017286.952572.jpg","datePublished":"2023-08-14T14:34:40+00:00","dateModified":"2023-08-14T16:37:29+00:00","author":{"@id":"https:\/\/www.africa-press.net\/djibouti\/#\/schema\/person\/2b1cf3cd81a31e3cd26889ca66d677f1"},"description":"Au cours de sa visite hier a\u0300 Obock, le premier ministre Abdoulkader Kamil Mohamed a eu l\u2019occasion de de\u0301couvrir en pers ...","breadcrumb":{"@id":"https:\/\/www.africa-press.net\/djibouti\/photo\/visite-de-lunite-de-recyclage-de-dechets-a-obock#breadcrumb"},"inLanguage":"fr-FR","potentialAction":[{"@type":"ReadAction","target":["https:\/\/www.africa-press.net\/djibouti\/photo\/visite-de-lunite-de-recyclage-de-dechets-a-obock"]}]},{"@type":"ImageObject","inLanguage":"fr-FR","@id":"https:\/\/www.africa-press.net\/djibouti\/photo\/visite-de-lunite-de-recyclage-de-dechets-a-obock#primaryimage","url":"https:\/\/static.africa-press.net\/djibouti\/sites\/52\/2023\/08\/sm_1692017286.952572.jpg","contentUrl":"https:\/\/static.africa-press.net\/djibouti\/sites\/52\/2023\/08\/sm_1692017286.952572.jpg","width":720,"height":405,"caption":"Visite de l\u2019unit\u00e9 de recyclage de d\u00e9chets \u00e0 Obock"},{"@type":"BreadcrumbList","@id":"https:\/\/www.africa-press.net\/djibouti\/photo\/visite-de-lunite-de-recyclage-de-dechets-a-obock#breadcrumb","itemListElement":[{"@type":"ListItem","position":1,"name":"Accueil","item":"https:\/\/www.africa-press.net\/djibouti\/"},{"@type":"ListItem","position":2,"name":"Visite de l\u2019unit\u00e9 de recyclage de d\u00e9chets \u00e0 Obock"}]},{"@type":"WebSite","@id":"https:\/\/www.africa-press.net\/djibouti\/#website","url":"https:\/\/www.africa-press.net\/djibouti\/","name":"Djibouti","description":"Just another Africa News Agency Sites site","potentialAction":[{"@type":"SearchAction","target":{"@type":"EntryPoint","urlTemplate":"https:\/\/www.africa-press.net\/djibouti\/?s={search_term_string}"},"query-input":{"@type":"PropertyValueSpecification","valueRequired":true,"valueName":"search_term_string"}}],"inLanguage":"fr-FR"},{"@type":"Person","@id":"https:\/\/www.africa-press.net\/djibouti\/#\/schema\/person\/2b1cf3cd81a31e3cd26889ca66d677f1","name":"cfeditorfr"}]}},"_links":{"self":[{"href":"https:\/\/www.africa-press.net\/djibouti\/wp-json\/wp\/v2\/posts\/16625","targetHints":{"allow":["GET"]}}],"collection":[{"href":"https:\/\/www.africa-press.net\/djibouti\/wp-json\/wp\/v2\/posts"}],"about":[{"href":"https:\/\/www.africa-press.net\/djibouti\/wp-json\/wp\/v2\/types\/post"}],"author":[{"embeddable":true,"href":"https:\/\/www.africa-press.net\/djibouti\/wp-json\/wp\/v2\/users\/82"}],"replies":[{"embeddable":true,"href":"https:\/\/www.africa-press.net\/djibouti\/wp-json\/wp\/v2\/comments?post=16625"}],"version-history":[{"count":0,"href":"https:\/\/www.africa-press.net\/djibouti\/wp-json\/wp\/v2\/posts\/16625\/revisions"}],"wp:featuredmedia":[{"embeddable":true,"href":"https:\/\/www.africa-press.net\/djibouti\/wp-json\/wp\/v2\/media\/16624"}],"wp:attachment":[{"href":"https:\/\/www.africa-press.net\/djibouti\/wp-json\/wp\/v2\/media?parent=16625"}],"wp:term":[{"taxonomy":"category","embeddable":true,"href":"https:\/\/www.africa-press.net\/djibouti\/wp-json\/wp\/v2\/categories?post=16625"},{"taxonomy":"post_tag","embeddable":true,"href":"https:\/\/www.africa-press.net\/djibouti\/wp-json\/wp\/v2\/tags?post=16625"}],"curies":[{"name":"wp","href":"https:\/\/api.w.org\/{rel}","templated":true}]}}