{"id":16635,"date":"2023-08-14T17:09:53","date_gmt":"2023-08-14T17:09:53","guid":{"rendered":"https:\/\/www.africa-press.net\/djibouti\/politique\/entre-le-niger-et-le-nigeria-laffrontement-aura-t-il-lieu"},"modified":"2023-08-14T17:34:22","modified_gmt":"2023-08-14T17:34:22","slug":"entre-le-niger-et-le-nigeria-laffrontement-aura-t-il-lieu","status":"publish","type":"post","link":"https:\/\/www.africa-press.net\/djibouti\/dossiers\/entre-le-niger-et-le-nigeria-laffrontement-aura-t-il-lieu","title":{"rendered":"Entre le Niger et le Nigeria, l\u2019affrontement aura-t-il lieu\u00a0?"},"content":{"rendered":"<p><b>Mathieu Olivier<\/b><\/p>\n<p><span style=\"color: #ff6600\"><strong>Africa-Press &#8211; Djibouti. <\/strong><\/span>Trois semaines apre\u0300s le coup d\u2019E\u0301tat au Niger, l\u2019hypothe\u0300se d\u2019une intervention militaire de la Cedeao reste cre\u0301dible. Elle pourrait opposer deux chefs d\u2019e\u0301tat-major re\u0301cemment nomme\u0301s : le Nige\u0301rien Moussa Salaou Barmou et le Nige\u0301rian Christopher Gwabin Musa.<\/p>\n<p>Son apparition a\u0300 la te\u0301le\u0301vision d\u2019E\u0301tat, dans la nuit du 26 au 27 juillet, a fait sensation. Debout, Moussa Salaou Barmou, yeux baisse\u0301s, ne regarde pas l\u2019objectif de la came\u0301ra. Il n\u2019a pris place qu\u2019au second rang des putschistes, comme s\u2019il n\u2019e\u0301tait qu\u2019un grade\u0301 ordinaire. Lui, le ge\u0301ne\u0301ral au physique bonhomme, puissant et redoute\u0301 patron des forces spe\u0301ciales du Niger, n\u2019est pourtant pas dupe : sa de\u0301cision de s\u2019allier a\u0300 Abdourahamane Tiani est lourde de conse\u0301quences. Peut-e\u0302tre plus que tous les autres militaires pre\u0301sents, il est celui qui cre\u0301dibilise le coup d\u2019E\u0301tat en cours.<\/p>\n<p><b>\u00ab Tiani a besoin de Barmou \u00bb<\/b><\/p>\n<p>Contacte\u0301 par Jeune Afrique lors de cette soire\u0301e fatidique, un conseiller du pre\u0301sident Mohamed Bazoum l\u2019assure : \u00ab Le ralliement de Barmou a\u0300 Tiani est un gros coup dur \u00bb. \u00ab Avec la garde pre\u0301sidentielle, qui est a\u0300 l\u2019origine du putsch, les forces spe\u0301ciales sont l\u2019unite\u0301 la mieux arme\u0301e et la mieux entrai\u0302ne\u0301e du pays. Donc, quand on a vu que le ge\u0301ne\u0301ral Barmou basculait, on a compris que c\u2019e\u0301tait perdu militairement et que les forces loyalistes ne feraient sans doute pas le poids \u00bb, explique un autre proche du chef de l\u2019E\u0301tat, toujours retenu en otage.<\/p>\n<p>Depuis, Moussa Salaou Barmou est l\u2019une des pie\u0300ces mai\u0302tresses d\u2019Abdourahamane Tiani \u2013 au me\u0302me titre qu\u2019un autre ge\u0301ne\u0301ral, Salifou Mody. Le 5 aou\u0302t, le patron du Conseil national pour la sauvegarde de la patrie \u2013 le nom adopte\u0301 par la junte \u2013 a ainsi choisi de nommer le nume\u0301ro un des forces spe\u0301ciales chef d\u2019e\u0301tat-major des arme\u0301es. Barmou succe\u0300de a\u0300 Abdou Sidikou Issa, qui, en poste depuis le 31 mars, avait pourtant lui aussi annonce\u0301, dans un communique\u0301, son ralliement aux putschistes.<\/p>\n<p>\u00ab Tiani a besoin du soutien de Barmou. Il fallait qu\u2019il lui donne un poste suffisamment e\u0301leve\u0301 \u00bb, confie une source a\u0300 Niamey. En plus d\u2019assurer aux putschistes le soutien des forces spe\u0301ciales, Moussa Salaou Barmou a un autre atout de taille : il est proche des Ame\u0301ricains, qui le conside\u0301raient jusqu\u2019ici comme l\u2019un de leurs allie\u0301s les plus su\u0302rs dans la lutte contre les groupes jihadistes au Sahel. En partie forme\u0301 aux E\u0301tats-Unis, comme nombre d\u2019officiers africains depuis de longues anne\u0301es, le ge\u0301ne\u0301ral entretenait toujours de bons rapports outre-Atlantique.<\/p>\n<p><b>Proche des Ame\u0301ricains<\/b><\/p>\n<p>Passe\u0301 par l\u2019acade\u0301mie militaire de Fort Benning, en Ge\u0301orgie, et par l\u2019Universite\u0301 de la De\u0301fense nationale, a\u0300 Washington, le Nige\u0301rien s\u2019e\u0301tait encore entretenu, en juin, avec le lieutenant-ge\u0301ne\u0301ral Jonathan Braga, chef du Commandement des ope\u0301rations spe\u0301ciales de l\u2019arme\u0301e des E\u0301tats-Unis, sur la base ae\u0301rienne ame\u0301ricaine 201, pre\u0300s d\u2019Agadez. Les deux hommes avaient discute\u0301 des strate\u0301gies a\u0300 adopter pour ame\u0301liorer la lutte contre les groupes jihadistes dans le Sahel, une pre\u0301occupation majeure de la Maison-Blanche.<\/p>\n<p>En nommant Moussa Salaou Barmou chef d\u2019e\u0301tat-major, Tiani cherche-t-il a\u0300 se me\u0301nager un canal de discussion avec les Ame\u0301ricains, qui ont e\u0301mis des doutes sur l\u2019opportunite\u0301 d\u2019une intervention militaire de la Cedeao ? Barmou s\u2019est en tout cas entretenu avec Victoria Nuland, la sous-secre\u0301taire d\u2019E\u0301tat, lorsque celle-ci a tente\u0301 une me\u0301diation a\u0300 Niamey pour obtenir la libe\u0301ration du pre\u0301sident Bazoum. L\u2019initiative a e\u0301choue\u0301, mais Washington n\u2019a, semble-t-il, pas abandonne\u0301 l\u2019ide\u0301e d\u2019influencer son interlocuteur privile\u0301gie\u0301.<\/p>\n<p>Est-ce re\u0301aliste ? Le ge\u0301ne\u0301ral Barmou a en tout cas endosse\u0301 son costume de chef d\u2019e\u0301tat-major afin de pre\u0301parer le Niger a\u0300 une e\u0301ventuelle intervention militaire de la Cedeao. Comme son pre\u0301de\u0301cesseur, Salifou Mody, quelques jours plus to\u0302t a\u0300 Bamako et a\u0300 Ouagadougou, le Nige\u0301rien s\u2019est envole\u0301 pour Conakry, le 12 aou\u0302t, afin d\u2019e\u0301voquer avec Mamadi Doumbouya, le pre\u0301sident de transition, la possibilite\u0301 que la Guine\u0301e apporte un appui militaire au Niger au cas ou\u0300 la Cedeao passerait a\u0300 l\u2019action. Aucun accord n\u2019a semble-t-il e\u0301te\u0301 trouve\u0301. Barmou n\u2019en pre\u0301pare pas moins ses plans de de\u0301fense.<\/p>\n<p><b>La diplomatie, pour e\u0301viter la guerre<\/b><\/p>\n<p>Le chef d\u2019e\u0301tat-major des arme\u0301es nige\u0301riennes pourrait se retrouver face a\u0300 un autre ge\u0301ne\u0301ral passe\u0301 (brie\u0300vement) par les E\u0301tats-Unis : son homologue Christopher Gwabin Musa, que le pre\u0301sident nige\u0301rian, Bola Tinubu, a nomme\u0301, le 19 juin, \u00ab Chief of Defense Staff \u00bb. Christopher Gwabin Musa avait encore participe\u0301, en 2017, a\u0300 une formation au commandement de troupes dispense\u0301e par l\u2019arme\u0301e ame\u0301ricaine. En dehors du Nigeria, ce natif de la re\u0301gion de Sokoto, voisine du Niger, a e\u0301te\u0301 forme\u0301 a\u0300 l\u2019Universite\u0301 de la De\u0301fense nationale de l\u2019Arme\u0301e populaire de libe\u0301ration de la Chine, en 2012 et 2013.<\/p>\n<p>Jusqu\u2019a\u0300 pre\u0301sent commandant du corps d\u2019infanterie de l\u2019arme\u0301e nige\u0301riane, cet ancien de la force multinationale contre Boko Haram, dans le bassin du lac Tchad, connai\u0302t parfaitement la re\u0301gion frontalie\u0300re avec le Niger, ou\u0300 des troupes de la Cedeao \u2013 au sein desquelles le Nigeria fournirait la majorite\u0301 des effectifs \u2013 pourraient e\u0302tre dans un premier temps mobilise\u0301es. Surtout, Christopher Gwabin Musa est l\u2019un des principaux concepteurs du plan d\u2019intervention de la Cedeao, e\u0301labore\u0301 par les chefs d\u2019e\u0301tat-major des pays de l\u2019organisation entre le 2 et le 4 aou\u0302t, puis valide\u0301 par les chefs d\u2019E\u0301tat ouest-africains.<\/p>\n<p>\u00ab Nous ne sommes pas inconscients, nous savons quels sont les de\u0301fis qui nous attendent. La restauration d\u2019un gouvernement de\u0301mocratique au Niger est une mission pleine d\u2019obstacles. Nous ne pouvons cependant pas nous permettre d\u2019e\u0302tre paralyse\u0301s face a\u0300 cette situation \u00bb, a de\u0301clare\u0301 le Nige\u0301rian lors d\u2019une re\u0301union a\u0300 Abuja, le 2 aou\u0302t. Christopher Gwabin Musa a pre\u0301vu de revoir ses homologues de la Cedeao au Ghana pour affiner les plans de l\u2019organisation ouest-africaine. Cette re\u0301union, pre\u0301vue le 12 aou\u0302t, a e\u0301te\u0301 reporte\u0301e pour \u00ab raisons techniques \u00bb.<\/p>\n<p>Moussa Salaou Barmou et Christopher Gwabin Musa finiront-ils par s\u2019affronter, l\u2019un a\u0300 la te\u0302te d\u2019une arme\u0301e nige\u0301rienne aide\u0301e d\u2019allie\u0301s maliens et burkinabe\u0300, l\u2019autre a\u0300 la te\u0302te d\u2019une coalition de la Cedeao ? \u00ab L\u2019objectif est de ne pas en arriver la\u0300, assure un diplomate ouest-africain. Mais les deux camps sont bien oblige\u0301s de s\u2019y pre\u0301parer. Le ro\u0302le de l\u2019arme\u0301e, c\u2019est aussi de mettre le pouvoir politique en position de force dans des ne\u0301gociations et de faire pencher la balance, afin d\u2019e\u0301viter une guerre. \u00bb Si vis pacem, para bellum, dit l\u2019adage. Qui veut la paix, pre\u0301pare la guerre.<\/p>\n<p><b>Source: JeuneAfrique.com<\/b><\/p>\n<p><strong>Pour plus d&rsquo;informations et d&rsquo;analyses sur la <a href=\"https:\/\/www.africa-press.net\/djibouti\">Djibouti<\/a>, suivez <a href=\"https:\/\/www.africa-press.net\/\">Africa-Press<\/a><\/strong><\/p>\n","protected":false},"excerpt":{"rendered":"<p>Mathieu Olivier Africa-Press &#8211; Djibouti. Trois semaines apre\u0300s le coup d\u2019E\u0301tat au Niger, l\u2019hypothe\u0300se d\u2019une intervention militaire de la Cedeao reste cre\u0301dible. Elle pourrait opposer deux chefs d\u2019e\u0301tat-major re\u0301cemment nomme\u0301s : le Nige\u0301rien Moussa Salaou Barmou et le Nige\u0301rian Christopher Gwabin Musa. Son apparition a\u0300 la te\u0301le\u0301vision d\u2019E\u0301tat, dans la nuit du 26 au 27 [&hellip;]<\/p>\n","protected":false},"author":82,"featured_media":16634,"comment_status":"open","ping_status":"closed","sticky":false,"template":"","format":"standard","meta":{"footnotes":""},"categories":[7,10],"tags":[36,49,50],"class_list":["post-16635","post","type-post","status-publish","format-standard","has-post-thumbnail","hentry","category-dossiers","category-toutes-les-actualites","tag-africa-press","tag-africa-press-djibouti","tag-djibouti"],"yoast_head":"<!-- This site is optimized with the Yoast SEO Premium plugin v26.1 (Yoast SEO v27.0) - https:\/\/yoast.com\/product\/yoast-seo-premium-wordpress\/ -->\n<title>Entre le Niger et le Nigeria, l\u2019affrontement aura-t-il lieu\u00a0? - Djibouti<\/title>\n<meta name=\"description\" content=\"Trois semaines apre\u0300s le coup d\u2019E\u0301tat au Niger, l\u2019hypothe\u0300se d\u2019une intervention militaire de la Cedeao reste cre\u0301dible. ...\" \/>\n<meta name=\"robots\" content=\"index, follow, max-snippet:-1, max-image-preview:large, max-video-preview:-1\" \/>\n<link rel=\"canonical\" href=\"https:\/\/www.africa-press.net\/djibouti\/dossiers\/entre-le-niger-et-le-nigeria-laffrontement-aura-t-il-lieu\" \/>\n<meta property=\"og:locale\" content=\"fr_FR\" \/>\n<meta property=\"og:type\" content=\"article\" \/>\n<meta property=\"og:title\" content=\"Entre le Niger et le Nigeria, l\u2019affrontement aura-t-il lieu\u00a0?\" \/>\n<meta property=\"og:description\" content=\"Trois semaines apre\u0300s le coup d\u2019E\u0301tat au Niger, l\u2019hypothe\u0300se d\u2019une intervention militaire de la Cedeao reste cre\u0301dible. ...\" \/>\n<meta property=\"og:url\" content=\"https:\/\/www.africa-press.net\/djibouti\/dossiers\/entre-le-niger-et-le-nigeria-laffrontement-aura-t-il-lieu\" \/>\n<meta property=\"og:site_name\" content=\"Djibouti\" \/>\n<meta property=\"article:published_time\" content=\"2023-08-14T17:09:53+00:00\" \/>\n<meta property=\"article:modified_time\" content=\"2023-08-14T17:34:22+00:00\" \/>\n<meta property=\"og:image\" content=\"https:\/\/static.africa-press.net\/djibouti\/sites\/52\/2023\/08\/sm_1692021754.768497.jpg\" \/>\n\t<meta property=\"og:image:width\" content=\"1256\" \/>\n\t<meta property=\"og:image:height\" content=\"628\" \/>\n\t<meta property=\"og:image:type\" content=\"image\/jpeg\" \/>\n<meta name=\"author\" content=\"cfeditorfr\" \/>\n<meta name=\"twitter:card\" content=\"summary_large_image\" \/>\n<meta name=\"twitter:label1\" content=\"\u00c9crit par\" \/>\n\t<meta name=\"twitter:data1\" content=\"cfeditorfr\" \/>\n\t<meta name=\"twitter:label2\" content=\"Dur\u00e9e de lecture estim\u00e9e\" \/>\n\t<meta name=\"twitter:data2\" content=\"6 minutes\" \/>\n<script type=\"application\/ld+json\" class=\"yoast-schema-graph\">{\"@context\":\"https:\/\/schema.org\",\"@graph\":[{\"@type\":\"Article\",\"@id\":\"https:\/\/www.africa-press.net\/djibouti\/dossiers\/entre-le-niger-et-le-nigeria-laffrontement-aura-t-il-lieu#article\",\"isPartOf\":{\"@id\":\"https:\/\/www.africa-press.net\/djibouti\/dossiers\/entre-le-niger-et-le-nigeria-laffrontement-aura-t-il-lieu\"},\"author\":{\"name\":\"cfeditorfr\",\"@id\":\"https:\/\/www.africa-press.net\/djibouti\/#\/schema\/person\/2b1cf3cd81a31e3cd26889ca66d677f1\"},\"headline\":\"Entre le Niger et le Nigeria, l\u2019affrontement aura-t-il lieu\u00a0?\",\"datePublished\":\"2023-08-14T17:09:53+00:00\",\"dateModified\":\"2023-08-14T17:34:22+00:00\",\"mainEntityOfPage\":{\"@id\":\"https:\/\/www.africa-press.net\/djibouti\/dossiers\/entre-le-niger-et-le-nigeria-laffrontement-aura-t-il-lieu\"},\"wordCount\":1260,\"commentCount\":0,\"image\":{\"@id\":\"https:\/\/www.africa-press.net\/djibouti\/dossiers\/entre-le-niger-et-le-nigeria-laffrontement-aura-t-il-lieu#primaryimage\"},\"thumbnailUrl\":\"https:\/\/static.africa-press.net\/djibouti\/sites\/52\/2023\/08\/sm_1692021754.768497.jpg\",\"keywords\":[\"Africa Press\",\"Africa Press-Djibouti\",\"Djibouti\"],\"articleSection\":[\"Dossiers\",\"Toutes les actualit\u00e9s\"],\"inLanguage\":\"fr-FR\",\"potentialAction\":[{\"@type\":\"CommentAction\",\"name\":\"Comment\",\"target\":[\"https:\/\/www.africa-press.net\/djibouti\/dossiers\/entre-le-niger-et-le-nigeria-laffrontement-aura-t-il-lieu#respond\"]}]},{\"@type\":\"WebPage\",\"@id\":\"https:\/\/www.africa-press.net\/djibouti\/dossiers\/entre-le-niger-et-le-nigeria-laffrontement-aura-t-il-lieu\",\"url\":\"https:\/\/www.africa-press.net\/djibouti\/dossiers\/entre-le-niger-et-le-nigeria-laffrontement-aura-t-il-lieu\",\"name\":\"Entre le Niger et le Nigeria, l\u2019affrontement aura-t-il lieu\u00a0? - Djibouti\",\"isPartOf\":{\"@id\":\"https:\/\/www.africa-press.net\/djibouti\/#website\"},\"primaryImageOfPage\":{\"@id\":\"https:\/\/www.africa-press.net\/djibouti\/dossiers\/entre-le-niger-et-le-nigeria-laffrontement-aura-t-il-lieu#primaryimage\"},\"image\":{\"@id\":\"https:\/\/www.africa-press.net\/djibouti\/dossiers\/entre-le-niger-et-le-nigeria-laffrontement-aura-t-il-lieu#primaryimage\"},\"thumbnailUrl\":\"https:\/\/static.africa-press.net\/djibouti\/sites\/52\/2023\/08\/sm_1692021754.768497.jpg\",\"datePublished\":\"2023-08-14T17:09:53+00:00\",\"dateModified\":\"2023-08-14T17:34:22+00:00\",\"author\":{\"@id\":\"https:\/\/www.africa-press.net\/djibouti\/#\/schema\/person\/2b1cf3cd81a31e3cd26889ca66d677f1\"},\"description\":\"Trois semaines apre\u0300s le coup d\u2019E\u0301tat au Niger, l\u2019hypothe\u0300se d\u2019une intervention militaire de la Cedeao reste cre\u0301dible. ...\",\"breadcrumb\":{\"@id\":\"https:\/\/www.africa-press.net\/djibouti\/dossiers\/entre-le-niger-et-le-nigeria-laffrontement-aura-t-il-lieu#breadcrumb\"},\"inLanguage\":\"fr-FR\",\"potentialAction\":[{\"@type\":\"ReadAction\",\"target\":[\"https:\/\/www.africa-press.net\/djibouti\/dossiers\/entre-le-niger-et-le-nigeria-laffrontement-aura-t-il-lieu\"]}]},{\"@type\":\"ImageObject\",\"inLanguage\":\"fr-FR\",\"@id\":\"https:\/\/www.africa-press.net\/djibouti\/dossiers\/entre-le-niger-et-le-nigeria-laffrontement-aura-t-il-lieu#primaryimage\",\"url\":\"https:\/\/static.africa-press.net\/djibouti\/sites\/52\/2023\/08\/sm_1692021754.768497.jpg\",\"contentUrl\":\"https:\/\/static.africa-press.net\/djibouti\/sites\/52\/2023\/08\/sm_1692021754.768497.jpg\",\"width\":1256,\"height\":628,\"caption\":\"Entre le Niger et le Nigeria, l\u2019affrontement aura-t-il lieu\u00a0?\"},{\"@type\":\"BreadcrumbList\",\"@id\":\"https:\/\/www.africa-press.net\/djibouti\/dossiers\/entre-le-niger-et-le-nigeria-laffrontement-aura-t-il-lieu#breadcrumb\",\"itemListElement\":[{\"@type\":\"ListItem\",\"position\":1,\"name\":\"Accueil\",\"item\":\"https:\/\/www.africa-press.net\/djibouti\/\"},{\"@type\":\"ListItem\",\"position\":2,\"name\":\"Entre le Niger et le Nigeria, l\u2019affrontement aura-t-il lieu\u00a0?\"}]},{\"@type\":\"WebSite\",\"@id\":\"https:\/\/www.africa-press.net\/djibouti\/#website\",\"url\":\"https:\/\/www.africa-press.net\/djibouti\/\",\"name\":\"Djibouti\",\"description\":\"Just another Africa News Agency Sites site\",\"potentialAction\":[{\"@type\":\"SearchAction\",\"target\":{\"@type\":\"EntryPoint\",\"urlTemplate\":\"https:\/\/www.africa-press.net\/djibouti\/?s={search_term_string}\"},\"query-input\":{\"@type\":\"PropertyValueSpecification\",\"valueRequired\":true,\"valueName\":\"search_term_string\"}}],\"inLanguage\":\"fr-FR\"},{\"@type\":\"Person\",\"@id\":\"https:\/\/www.africa-press.net\/djibouti\/#\/schema\/person\/2b1cf3cd81a31e3cd26889ca66d677f1\",\"name\":\"cfeditorfr\"}]}<\/script>\n<!-- \/ Yoast SEO Premium plugin. -->","yoast_head_json":{"title":"Entre le Niger et le Nigeria, l\u2019affrontement aura-t-il lieu\u00a0? - Djibouti","description":"Trois semaines apre\u0300s le coup d\u2019E\u0301tat au Niger, l\u2019hypothe\u0300se d\u2019une intervention militaire de la Cedeao reste cre\u0301dible. ...","robots":{"index":"index","follow":"follow","max-snippet":"max-snippet:-1","max-image-preview":"max-image-preview:large","max-video-preview":"max-video-preview:-1"},"canonical":"https:\/\/www.africa-press.net\/djibouti\/dossiers\/entre-le-niger-et-le-nigeria-laffrontement-aura-t-il-lieu","og_locale":"fr_FR","og_type":"article","og_title":"Entre le Niger et le Nigeria, l\u2019affrontement aura-t-il lieu\u00a0?","og_description":"Trois semaines apre\u0300s le coup d\u2019E\u0301tat au Niger, l\u2019hypothe\u0300se d\u2019une intervention militaire de la Cedeao reste cre\u0301dible. ...","og_url":"https:\/\/www.africa-press.net\/djibouti\/dossiers\/entre-le-niger-et-le-nigeria-laffrontement-aura-t-il-lieu","og_site_name":"Djibouti","article_published_time":"2023-08-14T17:09:53+00:00","article_modified_time":"2023-08-14T17:34:22+00:00","og_image":[{"width":1256,"height":628,"url":"https:\/\/static.africa-press.net\/djibouti\/sites\/52\/2023\/08\/sm_1692021754.768497.jpg","type":"image\/jpeg"}],"author":"cfeditorfr","twitter_card":"summary_large_image","twitter_misc":{"\u00c9crit par":"cfeditorfr","Dur\u00e9e de lecture estim\u00e9e":"6 minutes"},"schema":{"@context":"https:\/\/schema.org","@graph":[{"@type":"Article","@id":"https:\/\/www.africa-press.net\/djibouti\/dossiers\/entre-le-niger-et-le-nigeria-laffrontement-aura-t-il-lieu#article","isPartOf":{"@id":"https:\/\/www.africa-press.net\/djibouti\/dossiers\/entre-le-niger-et-le-nigeria-laffrontement-aura-t-il-lieu"},"author":{"name":"cfeditorfr","@id":"https:\/\/www.africa-press.net\/djibouti\/#\/schema\/person\/2b1cf3cd81a31e3cd26889ca66d677f1"},"headline":"Entre le Niger et le Nigeria, l\u2019affrontement aura-t-il lieu\u00a0?","datePublished":"2023-08-14T17:09:53+00:00","dateModified":"2023-08-14T17:34:22+00:00","mainEntityOfPage":{"@id":"https:\/\/www.africa-press.net\/djibouti\/dossiers\/entre-le-niger-et-le-nigeria-laffrontement-aura-t-il-lieu"},"wordCount":1260,"commentCount":0,"image":{"@id":"https:\/\/www.africa-press.net\/djibouti\/dossiers\/entre-le-niger-et-le-nigeria-laffrontement-aura-t-il-lieu#primaryimage"},"thumbnailUrl":"https:\/\/static.africa-press.net\/djibouti\/sites\/52\/2023\/08\/sm_1692021754.768497.jpg","keywords":["Africa Press","Africa Press-Djibouti","Djibouti"],"articleSection":["Dossiers","Toutes les actualit\u00e9s"],"inLanguage":"fr-FR","potentialAction":[{"@type":"CommentAction","name":"Comment","target":["https:\/\/www.africa-press.net\/djibouti\/dossiers\/entre-le-niger-et-le-nigeria-laffrontement-aura-t-il-lieu#respond"]}]},{"@type":"WebPage","@id":"https:\/\/www.africa-press.net\/djibouti\/dossiers\/entre-le-niger-et-le-nigeria-laffrontement-aura-t-il-lieu","url":"https:\/\/www.africa-press.net\/djibouti\/dossiers\/entre-le-niger-et-le-nigeria-laffrontement-aura-t-il-lieu","name":"Entre le Niger et le Nigeria, l\u2019affrontement aura-t-il lieu\u00a0? - Djibouti","isPartOf":{"@id":"https:\/\/www.africa-press.net\/djibouti\/#website"},"primaryImageOfPage":{"@id":"https:\/\/www.africa-press.net\/djibouti\/dossiers\/entre-le-niger-et-le-nigeria-laffrontement-aura-t-il-lieu#primaryimage"},"image":{"@id":"https:\/\/www.africa-press.net\/djibouti\/dossiers\/entre-le-niger-et-le-nigeria-laffrontement-aura-t-il-lieu#primaryimage"},"thumbnailUrl":"https:\/\/static.africa-press.net\/djibouti\/sites\/52\/2023\/08\/sm_1692021754.768497.jpg","datePublished":"2023-08-14T17:09:53+00:00","dateModified":"2023-08-14T17:34:22+00:00","author":{"@id":"https:\/\/www.africa-press.net\/djibouti\/#\/schema\/person\/2b1cf3cd81a31e3cd26889ca66d677f1"},"description":"Trois semaines apre\u0300s le coup d\u2019E\u0301tat au Niger, l\u2019hypothe\u0300se d\u2019une intervention militaire de la Cedeao reste cre\u0301dible. ...","breadcrumb":{"@id":"https:\/\/www.africa-press.net\/djibouti\/dossiers\/entre-le-niger-et-le-nigeria-laffrontement-aura-t-il-lieu#breadcrumb"},"inLanguage":"fr-FR","potentialAction":[{"@type":"ReadAction","target":["https:\/\/www.africa-press.net\/djibouti\/dossiers\/entre-le-niger-et-le-nigeria-laffrontement-aura-t-il-lieu"]}]},{"@type":"ImageObject","inLanguage":"fr-FR","@id":"https:\/\/www.africa-press.net\/djibouti\/dossiers\/entre-le-niger-et-le-nigeria-laffrontement-aura-t-il-lieu#primaryimage","url":"https:\/\/static.africa-press.net\/djibouti\/sites\/52\/2023\/08\/sm_1692021754.768497.jpg","contentUrl":"https:\/\/static.africa-press.net\/djibouti\/sites\/52\/2023\/08\/sm_1692021754.768497.jpg","width":1256,"height":628,"caption":"Entre le Niger et le Nigeria, l\u2019affrontement aura-t-il lieu\u00a0?"},{"@type":"BreadcrumbList","@id":"https:\/\/www.africa-press.net\/djibouti\/dossiers\/entre-le-niger-et-le-nigeria-laffrontement-aura-t-il-lieu#breadcrumb","itemListElement":[{"@type":"ListItem","position":1,"name":"Accueil","item":"https:\/\/www.africa-press.net\/djibouti\/"},{"@type":"ListItem","position":2,"name":"Entre le Niger et le Nigeria, l\u2019affrontement aura-t-il lieu\u00a0?"}]},{"@type":"WebSite","@id":"https:\/\/www.africa-press.net\/djibouti\/#website","url":"https:\/\/www.africa-press.net\/djibouti\/","name":"Djibouti","description":"Just another Africa News Agency Sites site","potentialAction":[{"@type":"SearchAction","target":{"@type":"EntryPoint","urlTemplate":"https:\/\/www.africa-press.net\/djibouti\/?s={search_term_string}"},"query-input":{"@type":"PropertyValueSpecification","valueRequired":true,"valueName":"search_term_string"}}],"inLanguage":"fr-FR"},{"@type":"Person","@id":"https:\/\/www.africa-press.net\/djibouti\/#\/schema\/person\/2b1cf3cd81a31e3cd26889ca66d677f1","name":"cfeditorfr"}]}},"_links":{"self":[{"href":"https:\/\/www.africa-press.net\/djibouti\/wp-json\/wp\/v2\/posts\/16635","targetHints":{"allow":["GET"]}}],"collection":[{"href":"https:\/\/www.africa-press.net\/djibouti\/wp-json\/wp\/v2\/posts"}],"about":[{"href":"https:\/\/www.africa-press.net\/djibouti\/wp-json\/wp\/v2\/types\/post"}],"author":[{"embeddable":true,"href":"https:\/\/www.africa-press.net\/djibouti\/wp-json\/wp\/v2\/users\/82"}],"replies":[{"embeddable":true,"href":"https:\/\/www.africa-press.net\/djibouti\/wp-json\/wp\/v2\/comments?post=16635"}],"version-history":[{"count":0,"href":"https:\/\/www.africa-press.net\/djibouti\/wp-json\/wp\/v2\/posts\/16635\/revisions"}],"wp:featuredmedia":[{"embeddable":true,"href":"https:\/\/www.africa-press.net\/djibouti\/wp-json\/wp\/v2\/media\/16634"}],"wp:attachment":[{"href":"https:\/\/www.africa-press.net\/djibouti\/wp-json\/wp\/v2\/media?parent=16635"}],"wp:term":[{"taxonomy":"category","embeddable":true,"href":"https:\/\/www.africa-press.net\/djibouti\/wp-json\/wp\/v2\/categories?post=16635"},{"taxonomy":"post_tag","embeddable":true,"href":"https:\/\/www.africa-press.net\/djibouti\/wp-json\/wp\/v2\/tags?post=16635"}],"curies":[{"name":"wp","href":"https:\/\/api.w.org\/{rel}","templated":true}]}}