{"id":16638,"date":"2023-08-14T17:14:58","date_gmt":"2023-08-14T17:14:58","guid":{"rendered":"https:\/\/www.africa-press.net\/djibouti\/politique\/agriculture-fin-des-travaux-de-latelier-sur-la-resilience-face-a-la-secheresse-dans-la-region-de-dikhil"},"modified":"2023-08-14T18:07:59","modified_gmt":"2023-08-14T18:07:59","slug":"agriculture-fin-des-travaux-de-latelier-sur-la-resilience-face-a-la-secheresse-dans-la-region-de-dikhil","status":"publish","type":"post","link":"https:\/\/www.africa-press.net\/djibouti\/economie\/agriculture-fin-des-travaux-de-latelier-sur-la-resilience-face-a-la-secheresse-dans-la-region-de-dikhil","title":{"rendered":"Agriculture : Fin des travaux de l&rsquo;atelier sur la r\u00e9silience face \u00e0 la s\u00e9cheresse dans la r\u00e9gion de Dikhil"},"content":{"rendered":"<p><span style=\"color: #ff6600\"><strong>Africa-Press &#8211; Djibouti. <\/strong><\/span>Le Sheraton Ho\u0302tel a abrite\u0301 aujourd&rsquo;hui la ce\u0301re\u0301monie de clo\u0302ture des travaux d&rsquo;un atelier sur la re\u0301silience a\u0300 la se\u0301cheresse dans la re\u0301gion de Dikhil.<\/p>\n<p>Organise\u0301 par le ministe\u0300re de l&rsquo;Agriculture, de l&rsquo;E\u0301levage et de la Pe\u0302che, cet e\u0301ve\u0301nement a e\u0301te\u0301 pre\u0301side\u0301 par le secre\u0301taire ge\u0301ne\u0301ral du ministe\u0300re, M. Ibrahim Elmi.<\/p>\n<p>Y ont pris part de nombreux membres issus de mouvements associatifs de la re\u0301gion de Dikhil, desquels sont partie prenante du projet sur la re\u0301silience face aux effets de\u0301vastateurs de la se\u0301cheresse.<\/p>\n<p>Ont e\u0301galement pris part a\u0300 cet e\u0301ve\u0301nement des repre\u0301sentants de partenaires dont le Cabinet International GOPA, l&rsquo;IGAD et la Banque KFW allemande.<\/p>\n<p>Il s&rsquo;agit d&rsquo;apporter des re\u0301ponses aux de\u0301fis pressants de la re\u0301silience face a\u0300 la se\u0301cheresse, en apportant un appui aux zones transfrontalie\u0300res particulie\u0300rement vulne\u0301rables.<\/p>\n<p>Les actions de\u0301ploye\u0301es sur le terrain, accompagne\u0301es d&rsquo;un encadrement technique pointu, de campagne de sensibilisation percutantes et d&rsquo;une approche financie\u0300re participative innovante, ont jete\u0301 les bases d&rsquo;un mode\u0300le prometteur pour de possibles initiatives futures.<\/p>\n<p>Il importe de souligner que l&rsquo;objectif principal de ce projet est de renforcer conside\u0301rablement la re\u0301silience de la population pastorale et agropastorale de Dikhil face aux effets de la se\u0301cheresse.<\/p>\n<p>Le Sheraton Ho\u0302tel a abrite\u0301 aujourd&rsquo;hui la ce\u0301re\u0301monie de clo\u0302ture des travaux d&rsquo;un atelier sur la re\u0301silience a\u0300 la se\u0301cheresse dans la re\u0301gion de Dikhil.<\/p>\n<p>Organise\u0301 par le ministe\u0300re de l&rsquo;Agriculture, de l&rsquo;E\u0301levage et de la Pe\u0302che, cet e\u0301ve\u0301nement a e\u0301te\u0301 pre\u0301side\u0301 par le secre\u0301taire ge\u0301ne\u0301ral du ministe\u0300re, M. Ibrahim Elmi.<\/p>\n<p>Y ont pris part de nombreux membres issus de mouvements associatifs de la re\u0301gion de Dikhil, desquels sont partie prenante du projet sur la re\u0301silience face aux effets de\u0301vastateurs de la se\u0301cheresse.<\/p>\n<p>Ont e\u0301galement pris part a\u0300 cet e\u0301ve\u0301nement des repre\u0301sentants de partenaires dont le Cabinet International GOPA, l&rsquo;IGAD et la Banque KFW allemande.<\/p>\n<p>Il s&rsquo;agit d&rsquo;apporter des re\u0301ponses aux de\u0301fis pressants de la re\u0301silience face a\u0300 la se\u0301cheresse, en apportant un appui aux zones transfrontalie\u0300res particulie\u0300rement vulne\u0301rables.<\/p>\n<p>Les actions de\u0301ploye\u0301es sur le terrain, accompagne\u0301es d&rsquo;un encadrement technique pointu, de campagne de sensibilisation percutantes et d&rsquo;une approche financie\u0300re participative innovante, ont jete\u0301 les bases d&rsquo;un mode\u0300le prometteur pour de possibles initiatives futures.<\/p>\n<p>Il importe de souligner que l&rsquo;objectif principal de ce projet est de renforcer conside\u0301rablement la re\u0301silience de la population pastorale et agropastorale de Dikhil face aux effets de la se\u0301cheresse.<\/p>\n<p><strong>Pour plus d&rsquo;informations et d&rsquo;analyses sur la <a href=\"https:\/\/www.africa-press.net\/djibouti\">Djibouti<\/a>, suivez <a href=\"https:\/\/www.africa-press.net\/\">Africa-Press<\/a><\/strong><\/p>\n","protected":false},"excerpt":{"rendered":"<p>Africa-Press &#8211; Djibouti. Le Sheraton Ho\u0302tel a abrite\u0301 aujourd&rsquo;hui la ce\u0301re\u0301monie de clo\u0302ture des travaux d&rsquo;un atelier sur la re\u0301silience a\u0300 la se\u0301cheresse dans la re\u0301gion de Dikhil. Organise\u0301 par le ministe\u0300re de l&rsquo;Agriculture, de l&rsquo;E\u0301levage et de la Pe\u0302che, cet e\u0301ve\u0301nement a e\u0301te\u0301 pre\u0301side\u0301 par le secre\u0301taire ge\u0301ne\u0301ral du ministe\u0300re, M. Ibrahim Elmi. Y [&hellip;]<\/p>\n","protected":false},"author":82,"featured_media":16636,"comment_status":"open","ping_status":"closed","sticky":false,"template":"","format":"standard","meta":{"footnotes":""},"categories":[3,10],"tags":[36,49,50],"class_list":["post-16638","post","type-post","status-publish","format-standard","has-post-thumbnail","hentry","category-economie","category-toutes-les-actualites","tag-africa-press","tag-africa-press-djibouti","tag-djibouti"],"yoast_head":"<!-- This site is optimized with the Yoast SEO Premium plugin v26.1 (Yoast SEO v27.0) - https:\/\/yoast.com\/product\/yoast-seo-premium-wordpress\/ -->\n<title>Agriculture : Fin des travaux de l&#039;atelier sur la r\u00e9silience face \u00e0 la s\u00e9cheresse dans la r\u00e9gion de Dikhil - Djibouti<\/title>\n<meta name=\"description\" content=\"Le Sheraton Ho\u0302tel a abrite\u0301 aujourd&#039;hui la ce\u0301re\u0301monie de clo\u0302ture des travaux d&#039;un atelier sur la re\u0301silience a\u0300 la se ...\" \/>\n<meta name=\"robots\" content=\"index, follow, max-snippet:-1, max-image-preview:large, max-video-preview:-1\" \/>\n<link rel=\"canonical\" href=\"https:\/\/www.africa-press.net\/djibouti\/economie\/agriculture-fin-des-travaux-de-latelier-sur-la-resilience-face-a-la-secheresse-dans-la-region-de-dikhil\" \/>\n<meta property=\"og:locale\" content=\"fr_FR\" \/>\n<meta property=\"og:type\" content=\"article\" \/>\n<meta property=\"og:title\" content=\"Agriculture : Fin des travaux de l&#039;atelier sur la r\u00e9silience face \u00e0 la s\u00e9cheresse dans la r\u00e9gion de Dikhil\" \/>\n<meta property=\"og:description\" content=\"Le Sheraton Ho\u0302tel a abrite\u0301 aujourd&#039;hui la ce\u0301re\u0301monie de clo\u0302ture des travaux d&#039;un atelier sur la re\u0301silience a\u0300 la se ...\" \/>\n<meta property=\"og:url\" content=\"https:\/\/www.africa-press.net\/djibouti\/economie\/agriculture-fin-des-travaux-de-latelier-sur-la-resilience-face-a-la-secheresse-dans-la-region-de-dikhil\" \/>\n<meta property=\"og:site_name\" content=\"Djibouti\" \/>\n<meta property=\"article:published_time\" content=\"2023-08-14T17:14:58+00:00\" \/>\n<meta property=\"article:modified_time\" content=\"2023-08-14T18:07:59+00:00\" \/>\n<meta property=\"og:image\" content=\"https:\/\/static.africa-press.net\/djibouti\/sites\/52\/2023\/08\/sm_1692021859.843641.jpg\" \/>\n\t<meta property=\"og:image:width\" content=\"1080\" \/>\n\t<meta property=\"og:image:height\" content=\"720\" \/>\n\t<meta property=\"og:image:type\" content=\"image\/jpeg\" \/>\n<meta name=\"author\" content=\"cfeditorfr\" \/>\n<meta name=\"twitter:card\" content=\"summary_large_image\" \/>\n<meta name=\"twitter:label1\" content=\"\u00c9crit par\" \/>\n\t<meta name=\"twitter:data1\" content=\"cfeditorfr\" \/>\n\t<meta name=\"twitter:label2\" content=\"Dur\u00e9e de lecture estim\u00e9e\" \/>\n\t<meta name=\"twitter:data2\" content=\"2 minutes\" \/>\n<script type=\"application\/ld+json\" class=\"yoast-schema-graph\">{\"@context\":\"https:\/\/schema.org\",\"@graph\":[{\"@type\":\"Article\",\"@id\":\"https:\/\/www.africa-press.net\/djibouti\/economie\/agriculture-fin-des-travaux-de-latelier-sur-la-resilience-face-a-la-secheresse-dans-la-region-de-dikhil#article\",\"isPartOf\":{\"@id\":\"https:\/\/www.africa-press.net\/djibouti\/economie\/agriculture-fin-des-travaux-de-latelier-sur-la-resilience-face-a-la-secheresse-dans-la-region-de-dikhil\"},\"author\":{\"name\":\"cfeditorfr\",\"@id\":\"https:\/\/www.africa-press.net\/djibouti\/#\/schema\/person\/2b1cf3cd81a31e3cd26889ca66d677f1\"},\"headline\":\"Agriculture : Fin des travaux de l&rsquo;atelier sur la r\u00e9silience face \u00e0 la s\u00e9cheresse dans la r\u00e9gion de Dikhil\",\"datePublished\":\"2023-08-14T17:14:58+00:00\",\"dateModified\":\"2023-08-14T18:07:59+00:00\",\"mainEntityOfPage\":{\"@id\":\"https:\/\/www.africa-press.net\/djibouti\/economie\/agriculture-fin-des-travaux-de-latelier-sur-la-resilience-face-a-la-secheresse-dans-la-region-de-dikhil\"},\"wordCount\":526,\"commentCount\":0,\"image\":{\"@id\":\"https:\/\/www.africa-press.net\/djibouti\/economie\/agriculture-fin-des-travaux-de-latelier-sur-la-resilience-face-a-la-secheresse-dans-la-region-de-dikhil#primaryimage\"},\"thumbnailUrl\":\"https:\/\/static.africa-press.net\/djibouti\/sites\/52\/2023\/08\/sm_1692021859.843641.jpg\",\"keywords\":[\"Africa Press\",\"Africa Press-Djibouti\",\"Djibouti\"],\"articleSection\":[\"\u00c9conomie\",\"Toutes les actualit\u00e9s\"],\"inLanguage\":\"fr-FR\",\"potentialAction\":[{\"@type\":\"CommentAction\",\"name\":\"Comment\",\"target\":[\"https:\/\/www.africa-press.net\/djibouti\/economie\/agriculture-fin-des-travaux-de-latelier-sur-la-resilience-face-a-la-secheresse-dans-la-region-de-dikhil#respond\"]}]},{\"@type\":\"WebPage\",\"@id\":\"https:\/\/www.africa-press.net\/djibouti\/economie\/agriculture-fin-des-travaux-de-latelier-sur-la-resilience-face-a-la-secheresse-dans-la-region-de-dikhil\",\"url\":\"https:\/\/www.africa-press.net\/djibouti\/economie\/agriculture-fin-des-travaux-de-latelier-sur-la-resilience-face-a-la-secheresse-dans-la-region-de-dikhil\",\"name\":\"Agriculture : Fin des travaux de l'atelier sur la r\u00e9silience face \u00e0 la s\u00e9cheresse dans la r\u00e9gion de Dikhil - Djibouti\",\"isPartOf\":{\"@id\":\"https:\/\/www.africa-press.net\/djibouti\/#website\"},\"primaryImageOfPage\":{\"@id\":\"https:\/\/www.africa-press.net\/djibouti\/economie\/agriculture-fin-des-travaux-de-latelier-sur-la-resilience-face-a-la-secheresse-dans-la-region-de-dikhil#primaryimage\"},\"image\":{\"@id\":\"https:\/\/www.africa-press.net\/djibouti\/economie\/agriculture-fin-des-travaux-de-latelier-sur-la-resilience-face-a-la-secheresse-dans-la-region-de-dikhil#primaryimage\"},\"thumbnailUrl\":\"https:\/\/static.africa-press.net\/djibouti\/sites\/52\/2023\/08\/sm_1692021859.843641.jpg\",\"datePublished\":\"2023-08-14T17:14:58+00:00\",\"dateModified\":\"2023-08-14T18:07:59+00:00\",\"author\":{\"@id\":\"https:\/\/www.africa-press.net\/djibouti\/#\/schema\/person\/2b1cf3cd81a31e3cd26889ca66d677f1\"},\"description\":\"Le Sheraton Ho\u0302tel a abrite\u0301 aujourd'hui la ce\u0301re\u0301monie de clo\u0302ture des travaux d'un atelier sur la re\u0301silience a\u0300 la se ...\",\"breadcrumb\":{\"@id\":\"https:\/\/www.africa-press.net\/djibouti\/economie\/agriculture-fin-des-travaux-de-latelier-sur-la-resilience-face-a-la-secheresse-dans-la-region-de-dikhil#breadcrumb\"},\"inLanguage\":\"fr-FR\",\"potentialAction\":[{\"@type\":\"ReadAction\",\"target\":[\"https:\/\/www.africa-press.net\/djibouti\/economie\/agriculture-fin-des-travaux-de-latelier-sur-la-resilience-face-a-la-secheresse-dans-la-region-de-dikhil\"]}]},{\"@type\":\"ImageObject\",\"inLanguage\":\"fr-FR\",\"@id\":\"https:\/\/www.africa-press.net\/djibouti\/economie\/agriculture-fin-des-travaux-de-latelier-sur-la-resilience-face-a-la-secheresse-dans-la-region-de-dikhil#primaryimage\",\"url\":\"https:\/\/static.africa-press.net\/djibouti\/sites\/52\/2023\/08\/sm_1692021859.843641.jpg\",\"contentUrl\":\"https:\/\/static.africa-press.net\/djibouti\/sites\/52\/2023\/08\/sm_1692021859.843641.jpg\",\"width\":1080,\"height\":720,\"caption\":\"Agriculture : Fin des travaux de l'atelier sur la r\u00e9silience face \u00e0 la s\u00e9cheresse dans la r\u00e9gion de Dikhil\"},{\"@type\":\"BreadcrumbList\",\"@id\":\"https:\/\/www.africa-press.net\/djibouti\/economie\/agriculture-fin-des-travaux-de-latelier-sur-la-resilience-face-a-la-secheresse-dans-la-region-de-dikhil#breadcrumb\",\"itemListElement\":[{\"@type\":\"ListItem\",\"position\":1,\"name\":\"Accueil\",\"item\":\"https:\/\/www.africa-press.net\/djibouti\/\"},{\"@type\":\"ListItem\",\"position\":2,\"name\":\"Agriculture : Fin des travaux de l&#8217;atelier sur la r\u00e9silience face \u00e0 la s\u00e9cheresse dans la r\u00e9gion de Dikhil\"}]},{\"@type\":\"WebSite\",\"@id\":\"https:\/\/www.africa-press.net\/djibouti\/#website\",\"url\":\"https:\/\/www.africa-press.net\/djibouti\/\",\"name\":\"Djibouti\",\"description\":\"Just another Africa News Agency Sites site\",\"potentialAction\":[{\"@type\":\"SearchAction\",\"target\":{\"@type\":\"EntryPoint\",\"urlTemplate\":\"https:\/\/www.africa-press.net\/djibouti\/?s={search_term_string}\"},\"query-input\":{\"@type\":\"PropertyValueSpecification\",\"valueRequired\":true,\"valueName\":\"search_term_string\"}}],\"inLanguage\":\"fr-FR\"},{\"@type\":\"Person\",\"@id\":\"https:\/\/www.africa-press.net\/djibouti\/#\/schema\/person\/2b1cf3cd81a31e3cd26889ca66d677f1\",\"name\":\"cfeditorfr\"}]}<\/script>\n<!-- \/ Yoast SEO Premium plugin. -->","yoast_head_json":{"title":"Agriculture : Fin des travaux de l'atelier sur la r\u00e9silience face \u00e0 la s\u00e9cheresse dans la r\u00e9gion de Dikhil - Djibouti","description":"Le Sheraton Ho\u0302tel a abrite\u0301 aujourd'hui la ce\u0301re\u0301monie de clo\u0302ture des travaux d'un atelier sur la re\u0301silience a\u0300 la se ...","robots":{"index":"index","follow":"follow","max-snippet":"max-snippet:-1","max-image-preview":"max-image-preview:large","max-video-preview":"max-video-preview:-1"},"canonical":"https:\/\/www.africa-press.net\/djibouti\/economie\/agriculture-fin-des-travaux-de-latelier-sur-la-resilience-face-a-la-secheresse-dans-la-region-de-dikhil","og_locale":"fr_FR","og_type":"article","og_title":"Agriculture : Fin des travaux de l'atelier sur la r\u00e9silience face \u00e0 la s\u00e9cheresse dans la r\u00e9gion de Dikhil","og_description":"Le Sheraton Ho\u0302tel a abrite\u0301 aujourd'hui la ce\u0301re\u0301monie de clo\u0302ture des travaux d'un atelier sur la re\u0301silience a\u0300 la se ...","og_url":"https:\/\/www.africa-press.net\/djibouti\/economie\/agriculture-fin-des-travaux-de-latelier-sur-la-resilience-face-a-la-secheresse-dans-la-region-de-dikhil","og_site_name":"Djibouti","article_published_time":"2023-08-14T17:14:58+00:00","article_modified_time":"2023-08-14T18:07:59+00:00","og_image":[{"width":1080,"height":720,"url":"https:\/\/static.africa-press.net\/djibouti\/sites\/52\/2023\/08\/sm_1692021859.843641.jpg","type":"image\/jpeg"}],"author":"cfeditorfr","twitter_card":"summary_large_image","twitter_misc":{"\u00c9crit par":"cfeditorfr","Dur\u00e9e de lecture estim\u00e9e":"2 minutes"},"schema":{"@context":"https:\/\/schema.org","@graph":[{"@type":"Article","@id":"https:\/\/www.africa-press.net\/djibouti\/economie\/agriculture-fin-des-travaux-de-latelier-sur-la-resilience-face-a-la-secheresse-dans-la-region-de-dikhil#article","isPartOf":{"@id":"https:\/\/www.africa-press.net\/djibouti\/economie\/agriculture-fin-des-travaux-de-latelier-sur-la-resilience-face-a-la-secheresse-dans-la-region-de-dikhil"},"author":{"name":"cfeditorfr","@id":"https:\/\/www.africa-press.net\/djibouti\/#\/schema\/person\/2b1cf3cd81a31e3cd26889ca66d677f1"},"headline":"Agriculture : Fin des travaux de l&rsquo;atelier sur la r\u00e9silience face \u00e0 la s\u00e9cheresse dans la r\u00e9gion de Dikhil","datePublished":"2023-08-14T17:14:58+00:00","dateModified":"2023-08-14T18:07:59+00:00","mainEntityOfPage":{"@id":"https:\/\/www.africa-press.net\/djibouti\/economie\/agriculture-fin-des-travaux-de-latelier-sur-la-resilience-face-a-la-secheresse-dans-la-region-de-dikhil"},"wordCount":526,"commentCount":0,"image":{"@id":"https:\/\/www.africa-press.net\/djibouti\/economie\/agriculture-fin-des-travaux-de-latelier-sur-la-resilience-face-a-la-secheresse-dans-la-region-de-dikhil#primaryimage"},"thumbnailUrl":"https:\/\/static.africa-press.net\/djibouti\/sites\/52\/2023\/08\/sm_1692021859.843641.jpg","keywords":["Africa Press","Africa Press-Djibouti","Djibouti"],"articleSection":["\u00c9conomie","Toutes les actualit\u00e9s"],"inLanguage":"fr-FR","potentialAction":[{"@type":"CommentAction","name":"Comment","target":["https:\/\/www.africa-press.net\/djibouti\/economie\/agriculture-fin-des-travaux-de-latelier-sur-la-resilience-face-a-la-secheresse-dans-la-region-de-dikhil#respond"]}]},{"@type":"WebPage","@id":"https:\/\/www.africa-press.net\/djibouti\/economie\/agriculture-fin-des-travaux-de-latelier-sur-la-resilience-face-a-la-secheresse-dans-la-region-de-dikhil","url":"https:\/\/www.africa-press.net\/djibouti\/economie\/agriculture-fin-des-travaux-de-latelier-sur-la-resilience-face-a-la-secheresse-dans-la-region-de-dikhil","name":"Agriculture : Fin des travaux de l'atelier sur la r\u00e9silience face \u00e0 la s\u00e9cheresse dans la r\u00e9gion de Dikhil - Djibouti","isPartOf":{"@id":"https:\/\/www.africa-press.net\/djibouti\/#website"},"primaryImageOfPage":{"@id":"https:\/\/www.africa-press.net\/djibouti\/economie\/agriculture-fin-des-travaux-de-latelier-sur-la-resilience-face-a-la-secheresse-dans-la-region-de-dikhil#primaryimage"},"image":{"@id":"https:\/\/www.africa-press.net\/djibouti\/economie\/agriculture-fin-des-travaux-de-latelier-sur-la-resilience-face-a-la-secheresse-dans-la-region-de-dikhil#primaryimage"},"thumbnailUrl":"https:\/\/static.africa-press.net\/djibouti\/sites\/52\/2023\/08\/sm_1692021859.843641.jpg","datePublished":"2023-08-14T17:14:58+00:00","dateModified":"2023-08-14T18:07:59+00:00","author":{"@id":"https:\/\/www.africa-press.net\/djibouti\/#\/schema\/person\/2b1cf3cd81a31e3cd26889ca66d677f1"},"description":"Le Sheraton Ho\u0302tel a abrite\u0301 aujourd'hui la ce\u0301re\u0301monie de clo\u0302ture des travaux d'un atelier sur la re\u0301silience a\u0300 la se ...","breadcrumb":{"@id":"https:\/\/www.africa-press.net\/djibouti\/economie\/agriculture-fin-des-travaux-de-latelier-sur-la-resilience-face-a-la-secheresse-dans-la-region-de-dikhil#breadcrumb"},"inLanguage":"fr-FR","potentialAction":[{"@type":"ReadAction","target":["https:\/\/www.africa-press.net\/djibouti\/economie\/agriculture-fin-des-travaux-de-latelier-sur-la-resilience-face-a-la-secheresse-dans-la-region-de-dikhil"]}]},{"@type":"ImageObject","inLanguage":"fr-FR","@id":"https:\/\/www.africa-press.net\/djibouti\/economie\/agriculture-fin-des-travaux-de-latelier-sur-la-resilience-face-a-la-secheresse-dans-la-region-de-dikhil#primaryimage","url":"https:\/\/static.africa-press.net\/djibouti\/sites\/52\/2023\/08\/sm_1692021859.843641.jpg","contentUrl":"https:\/\/static.africa-press.net\/djibouti\/sites\/52\/2023\/08\/sm_1692021859.843641.jpg","width":1080,"height":720,"caption":"Agriculture : Fin des travaux de l'atelier sur la r\u00e9silience face \u00e0 la s\u00e9cheresse dans la r\u00e9gion de Dikhil"},{"@type":"BreadcrumbList","@id":"https:\/\/www.africa-press.net\/djibouti\/economie\/agriculture-fin-des-travaux-de-latelier-sur-la-resilience-face-a-la-secheresse-dans-la-region-de-dikhil#breadcrumb","itemListElement":[{"@type":"ListItem","position":1,"name":"Accueil","item":"https:\/\/www.africa-press.net\/djibouti\/"},{"@type":"ListItem","position":2,"name":"Agriculture : Fin des travaux de l&#8217;atelier sur la r\u00e9silience face \u00e0 la s\u00e9cheresse dans la r\u00e9gion de Dikhil"}]},{"@type":"WebSite","@id":"https:\/\/www.africa-press.net\/djibouti\/#website","url":"https:\/\/www.africa-press.net\/djibouti\/","name":"Djibouti","description":"Just another Africa News Agency Sites site","potentialAction":[{"@type":"SearchAction","target":{"@type":"EntryPoint","urlTemplate":"https:\/\/www.africa-press.net\/djibouti\/?s={search_term_string}"},"query-input":{"@type":"PropertyValueSpecification","valueRequired":true,"valueName":"search_term_string"}}],"inLanguage":"fr-FR"},{"@type":"Person","@id":"https:\/\/www.africa-press.net\/djibouti\/#\/schema\/person\/2b1cf3cd81a31e3cd26889ca66d677f1","name":"cfeditorfr"}]}},"_links":{"self":[{"href":"https:\/\/www.africa-press.net\/djibouti\/wp-json\/wp\/v2\/posts\/16638","targetHints":{"allow":["GET"]}}],"collection":[{"href":"https:\/\/www.africa-press.net\/djibouti\/wp-json\/wp\/v2\/posts"}],"about":[{"href":"https:\/\/www.africa-press.net\/djibouti\/wp-json\/wp\/v2\/types\/post"}],"author":[{"embeddable":true,"href":"https:\/\/www.africa-press.net\/djibouti\/wp-json\/wp\/v2\/users\/82"}],"replies":[{"embeddable":true,"href":"https:\/\/www.africa-press.net\/djibouti\/wp-json\/wp\/v2\/comments?post=16638"}],"version-history":[{"count":0,"href":"https:\/\/www.africa-press.net\/djibouti\/wp-json\/wp\/v2\/posts\/16638\/revisions"}],"wp:featuredmedia":[{"embeddable":true,"href":"https:\/\/www.africa-press.net\/djibouti\/wp-json\/wp\/v2\/media\/16636"}],"wp:attachment":[{"href":"https:\/\/www.africa-press.net\/djibouti\/wp-json\/wp\/v2\/media?parent=16638"}],"wp:term":[{"taxonomy":"category","embeddable":true,"href":"https:\/\/www.africa-press.net\/djibouti\/wp-json\/wp\/v2\/categories?post=16638"},{"taxonomy":"post_tag","embeddable":true,"href":"https:\/\/www.africa-press.net\/djibouti\/wp-json\/wp\/v2\/tags?post=16638"}],"curies":[{"name":"wp","href":"https:\/\/api.w.org\/{rel}","templated":true}]}}