{"id":16662,"date":"2023-08-15T13:30:02","date_gmt":"2023-08-15T13:30:02","guid":{"rendered":"https:\/\/www.africa-press.net\/djibouti\/politique\/garde-cotes-cloture-de-la-formation-sur-le-renforcement-des-capacites-operationnelles-dans-le-domaine-de-la-securite-et-la-surete-maritimes"},"modified":"2023-08-15T14:22:32","modified_gmt":"2023-08-15T14:22:32","slug":"garde-cotes-cloture-de-la-formation-sur-le-renforcement-des-capacites-operationnelles-dans-le-domaine-de-la-securite-et-la-surete-maritimes","status":"publish","type":"post","link":"https:\/\/www.africa-press.net\/djibouti\/politique\/garde-cotes-cloture-de-la-formation-sur-le-renforcement-des-capacites-operationnelles-dans-le-domaine-de-la-securite-et-la-surete-maritimes","title":{"rendered":"Garde-c\u00f4tes : Cl\u00f4ture de la formation sur le renforcement des capacit\u00e9s op\u00e9rationnelles dans le domaine de la s\u00e9curit\u00e9 et la suret\u00e9 maritimes"},"content":{"rendered":"<p><span style=\"color: #ff6600\"><strong>Africa-Press &#8211; Djibouti. <\/strong><\/span>Le centre d\u2019instruction navale de la Garde-co\u0302tes djiboutienne a abrite\u0301 jeudi dernier une ce\u0301re\u0301monie de clo\u0302ture de la formation sur le the\u0300me \u201cComprehensiveApproaches to Building Maritime Domain AwarenessCapabilities\u201d qui a dure\u0301 une semaine et qui a e\u0301te\u0301 dispense\u0301e au profit des personnels de la Garde-co\u0302tes djiboutienne et de la marine nationale.<\/p>\n<p>Aux co\u0302te\u0301s du Colonel Wais Omar Bogoreh \u2013 Commandant de la Garde-co\u0302tes, ont pris part a\u0300 cette ce\u0301re\u0301monie entre autres le Colonel Ahmed DaherDjama \u2013 Commandant de la Marine Nationale -, le Commandant NehaAthavale, Adjoint du Bureau de la Coope\u0301ration Militaire de l\u2019Ambassade des Etats-Unis d\u2019Ame\u0301rique a\u0300 Djibouti ainsi que des officiers supe\u0301rieurs de la Garde-co\u0302tes Djiboutienne et de la Marine Nationale.<\/p>\n<p>Cette formation pilote\u0301e par The Institute for Security Governance portait principalement sur le renforcement des capacite\u0301s ope\u0301rationnelles dans le domaine de la se\u0301curite\u0301 et la surete\u0301 maritimes. Dans un discours prononce\u0301 a\u0300 cette occasion, le Commandant NehaAthavale, Adjoint du Bureau de la Coope\u0301ration Militaire de l\u2019Ambassade des Etats-Unis d\u2019Ame\u0301rique a\u0300 Djibouti, a salue\u0301 le renforcement de la coope\u0301ration se\u0301curitaire dans le domaine maritime. Dans son allocution, le Colonel Wais Omar Bogoreh- Commandant de la Garde-co\u0302tes \u2013 est revenu sur les liens e\u0301troits de coope\u0301ration et de collaboration entre l\u2019institution et ses partenaires ame\u0301ricains, notamment dans le domaine de la formation. Il a saisi cette occasion pour adresser sa reconnaissance et sa gratitude au gouvernement et au peuple ame\u0301ricain pour leur soutien constant et leur foi ine\u0301branlable en l\u2019action de la Garde-co\u0302tes Djiboutienne dans les domaines de la se\u0301curite\u0301 et la surete\u0301 maritimes du Bab-el-Mandeb et du Golfe d\u2019Aden.<\/p>\n\r\n                <style type=\"text\/css\">\r\n                    \r\n                    #td_uid_1_69edd20648054  .td-doubleSlider-2 .td-item1 {\r\n                        background: url(https:\/\/static.africa-press.net\/djibouti\/sites\/52\/2023\/08\/sm_1692096633.770741-80x60.jpg) 0 0 no-repeat;\r\n                    }\r\n                    #td_uid_1_69edd20648054  .td-doubleSlider-2 .td-item2 {\r\n                        background: url(https:\/\/static.africa-press.net\/djibouti\/sites\/52\/2023\/08\/sm_1692096665.3604-80x60.jpg) 0 0 no-repeat;\r\n                    }\r\n                <\/style>\r\n\r\n                <div id=\"td_uid_1_69edd20648054\" class=\"td-gallery td-slide-on-2-columns\">\r\n                    <div class=\"post_td_gallery\">\r\n                        <div class=\"td-gallery-slide-top\">\r\n                           <div class=\"td-gallery-title\"><\/div>\r\n\r\n                            <div class=\"td-gallery-controls-wrapper\">\r\n                                <div class=\"td-gallery-slide-count\"><span class=\"td-gallery-slide-item-focus\">1<\/span> de 2<\/div>\r\n                                <div class=\"td-gallery-slide-prev-next-but\">\r\n                                    <i class = \"td-icon-left doubleSliderPrevButton\"><\/i>\r\n                                    <i class = \"td-icon-right doubleSliderNextButton\"><\/i>\r\n                                <\/div>\r\n                            <\/div>\r\n                        <\/div>\r\n\r\n                        <div class = \"td-doubleSlider-1 \">\r\n                            <div class = \"td-slider\">\r\n                                \r\n                    <div class = \"td-slide-item td-item1\">\r\n                        <figure class=\"td-slide-galery-figure td-slide-popup-gallery\">\r\n                            <a class=\"slide-gallery-image-link\" href=\"https:\/\/static.africa-press.net\/djibouti\/sites\/52\/2023\/08\/sm_1692096633.770741.jpg\" title=\"sm_1692096633.770741\"  data-caption=\"\"  data-description=\"\">\r\n                                <img decoding=\"async\" src=\"https:\/\/static.africa-press.net\/djibouti\/sites\/52\/2023\/08\/sm_1692096633.770741.jpg\" srcset=\"https:\/\/static.africa-press.net\/djibouti\/sites\/52\/2023\/08\/sm_1692096633.770741.jpg 1024w, https:\/\/static.africa-press.net\/djibouti\/sites\/52\/2023\/08\/sm_1692096633.770741-300x200.jpg 300w, https:\/\/static.africa-press.net\/djibouti\/sites\/52\/2023\/08\/sm_1692096633.770741-768x513.jpg 768w\" sizes=\"(max-width: 1024px) 100vw, 1024px\" alt=\"\">\r\n                            <\/a>\r\n                            \r\n                        <\/figure>\r\n                    <\/div>\r\n                    <div class = \"td-slide-item td-item2\">\r\n                        <figure class=\"td-slide-galery-figure td-slide-popup-gallery\">\r\n                            <a class=\"slide-gallery-image-link\" href=\"https:\/\/static.africa-press.net\/djibouti\/sites\/52\/2023\/08\/sm_1692096665.3604.jpg\" title=\"sm_1692096665.3604\"  data-caption=\"\"  data-description=\"\">\r\n                                <img decoding=\"async\" src=\"https:\/\/static.africa-press.net\/djibouti\/sites\/52\/2023\/08\/sm_1692096665.3604.jpg\" srcset=\"https:\/\/static.africa-press.net\/djibouti\/sites\/52\/2023\/08\/sm_1692096665.3604.jpg 696w, https:\/\/static.africa-press.net\/djibouti\/sites\/52\/2023\/08\/sm_1692096665.3604-300x183.jpg 300w\" sizes=\"(max-width: 696px) 100vw, 696px\" alt=\"\">\r\n                            <\/a>\r\n                            \r\n                        <\/figure>\r\n                    <\/div>\r\n                            <\/div>\r\n                        <\/div>\r\n\r\n                        <div class = \"td-doubleSlider-2\">\r\n                            <div class = \"td-slider\">\r\n                                \r\n                    <div class = \"td-button td-item1\">\r\n                        <div class = \"td-border\"><\/div>\r\n                    <\/div>\r\n                    <div class = \"td-button td-item2\">\r\n                        <div class = \"td-border\"><\/div>\r\n                    <\/div>\r\n                            <\/div>\r\n                        <\/div>\r\n\r\n                    <\/div>\r\n\r\n                <\/div>\r\n                \n<p><strong>Pour plus d&rsquo;informations et d&rsquo;analyses sur la <a href=\"https:\/\/www.africa-press.net\/djibouti\">Djibouti<\/a>, suivez <a href=\"https:\/\/www.africa-press.net\/\">Africa-Press<\/a><\/strong><\/p>\n","protected":false},"excerpt":{"rendered":"<p>Africa-Press &#8211; Djibouti. Le centre d\u2019instruction navale de la Garde-co\u0302tes djiboutienne a abrite\u0301 jeudi dernier une ce\u0301re\u0301monie de clo\u0302ture de la formation sur le the\u0300me \u201cComprehensiveApproaches to Building Maritime Domain AwarenessCapabilities\u201d qui a dure\u0301 une semaine et qui a e\u0301te\u0301 dispense\u0301e au profit des personnels de la Garde-co\u0302tes djiboutienne et de la marine nationale. Aux [&hellip;]<\/p>\n","protected":false},"author":82,"featured_media":16661,"comment_status":"open","ping_status":"closed","sticky":false,"template":"","format":"standard","meta":{"footnotes":""},"categories":[8,2,10],"tags":[36,49,50],"class_list":["post-16662","post","type-post","status-publish","format-standard","has-post-thumbnail","hentry","category-photo","category-politique","category-toutes-les-actualites","tag-africa-press","tag-africa-press-djibouti","tag-djibouti"],"yoast_head":"<!-- This site is optimized with the Yoast SEO Premium plugin v26.1 (Yoast SEO v27.0) - https:\/\/yoast.com\/product\/yoast-seo-premium-wordpress\/ -->\n<title>Garde-c\u00f4tes : Cl\u00f4ture de la formation sur le renforcement des capacit\u00e9s op\u00e9rationnelles dans le domaine de la s\u00e9curit\u00e9 et la suret\u00e9 maritimes - Djibouti<\/title>\n<meta name=\"description\" content=\"Le centre d\u2019instruction navale de la Garde-co\u0302tes djiboutienne a abrite\u0301 jeudi dernier une ce\u0301re\u0301monie de clo\u0302ture de la ...\" \/>\n<meta name=\"robots\" content=\"index, follow, max-snippet:-1, max-image-preview:large, max-video-preview:-1\" \/>\n<link rel=\"canonical\" href=\"https:\/\/www.africa-press.net\/djibouti\/politique\/garde-cotes-cloture-de-la-formation-sur-le-renforcement-des-capacites-operationnelles-dans-le-domaine-de-la-securite-et-la-surete-maritimes\" \/>\n<meta property=\"og:locale\" content=\"fr_FR\" \/>\n<meta property=\"og:type\" content=\"article\" \/>\n<meta property=\"og:title\" content=\"Garde-c\u00f4tes : Cl\u00f4ture de la formation sur le renforcement des capacit\u00e9s op\u00e9rationnelles dans le domaine de la s\u00e9curit\u00e9 et la suret\u00e9 maritimes\" \/>\n<meta property=\"og:description\" content=\"Le centre d\u2019instruction navale de la Garde-co\u0302tes djiboutienne a abrite\u0301 jeudi dernier une ce\u0301re\u0301monie de clo\u0302ture de la ...\" \/>\n<meta property=\"og:url\" content=\"https:\/\/www.africa-press.net\/djibouti\/politique\/garde-cotes-cloture-de-la-formation-sur-le-renforcement-des-capacites-operationnelles-dans-le-domaine-de-la-securite-et-la-surete-maritimes\" \/>\n<meta property=\"og:site_name\" content=\"Djibouti\" \/>\n<meta property=\"article:published_time\" content=\"2023-08-15T13:30:02+00:00\" \/>\n<meta property=\"article:modified_time\" content=\"2023-08-15T14:22:32+00:00\" \/>\n<meta property=\"og:image\" content=\"https:\/\/static.africa-press.net\/djibouti\/sites\/52\/2023\/08\/sm_1692096705.261638.jpg\" \/>\n\t<meta property=\"og:image:width\" content=\"720\" \/>\n\t<meta property=\"og:image:height\" content=\"438\" \/>\n\t<meta property=\"og:image:type\" content=\"image\/jpeg\" \/>\n<meta name=\"author\" content=\"cfeditorfr\" \/>\n<meta name=\"twitter:card\" content=\"summary_large_image\" \/>\n<meta name=\"twitter:label1\" content=\"\u00c9crit par\" \/>\n\t<meta name=\"twitter:data1\" content=\"cfeditorfr\" \/>\n\t<meta name=\"twitter:label2\" content=\"Dur\u00e9e de lecture estim\u00e9e\" \/>\n\t<meta name=\"twitter:data2\" content=\"2 minutes\" \/>\n<script type=\"application\/ld+json\" class=\"yoast-schema-graph\">{\"@context\":\"https:\/\/schema.org\",\"@graph\":[{\"@type\":\"Article\",\"@id\":\"https:\/\/www.africa-press.net\/djibouti\/politique\/garde-cotes-cloture-de-la-formation-sur-le-renforcement-des-capacites-operationnelles-dans-le-domaine-de-la-securite-et-la-surete-maritimes#article\",\"isPartOf\":{\"@id\":\"https:\/\/www.africa-press.net\/djibouti\/politique\/garde-cotes-cloture-de-la-formation-sur-le-renforcement-des-capacites-operationnelles-dans-le-domaine-de-la-securite-et-la-surete-maritimes\"},\"author\":{\"name\":\"cfeditorfr\",\"@id\":\"https:\/\/www.africa-press.net\/djibouti\/#\/schema\/person\/2b1cf3cd81a31e3cd26889ca66d677f1\"},\"headline\":\"Garde-c\u00f4tes : Cl\u00f4ture de la formation sur le renforcement des capacit\u00e9s op\u00e9rationnelles dans le domaine de la s\u00e9curit\u00e9 et la suret\u00e9 maritimes\",\"datePublished\":\"2023-08-15T13:30:02+00:00\",\"dateModified\":\"2023-08-15T14:22:32+00:00\",\"mainEntityOfPage\":{\"@id\":\"https:\/\/www.africa-press.net\/djibouti\/politique\/garde-cotes-cloture-de-la-formation-sur-le-renforcement-des-capacites-operationnelles-dans-le-domaine-de-la-securite-et-la-surete-maritimes\"},\"wordCount\":350,\"commentCount\":0,\"image\":{\"@id\":\"https:\/\/www.africa-press.net\/djibouti\/politique\/garde-cotes-cloture-de-la-formation-sur-le-renforcement-des-capacites-operationnelles-dans-le-domaine-de-la-securite-et-la-surete-maritimes#primaryimage\"},\"thumbnailUrl\":\"https:\/\/static.africa-press.net\/djibouti\/sites\/52\/2023\/08\/sm_1692096705.261638.jpg\",\"keywords\":[\"Africa Press\",\"Africa Press-Djibouti\",\"Djibouti\"],\"articleSection\":[\"Photo\",\"Politique\",\"Toutes les actualit\u00e9s\"],\"inLanguage\":\"fr-FR\",\"potentialAction\":[{\"@type\":\"CommentAction\",\"name\":\"Comment\",\"target\":[\"https:\/\/www.africa-press.net\/djibouti\/politique\/garde-cotes-cloture-de-la-formation-sur-le-renforcement-des-capacites-operationnelles-dans-le-domaine-de-la-securite-et-la-surete-maritimes#respond\"]}]},{\"@type\":\"WebPage\",\"@id\":\"https:\/\/www.africa-press.net\/djibouti\/politique\/garde-cotes-cloture-de-la-formation-sur-le-renforcement-des-capacites-operationnelles-dans-le-domaine-de-la-securite-et-la-surete-maritimes\",\"url\":\"https:\/\/www.africa-press.net\/djibouti\/politique\/garde-cotes-cloture-de-la-formation-sur-le-renforcement-des-capacites-operationnelles-dans-le-domaine-de-la-securite-et-la-surete-maritimes\",\"name\":\"Garde-c\u00f4tes : Cl\u00f4ture de la formation sur le renforcement des capacit\u00e9s op\u00e9rationnelles dans le domaine de la s\u00e9curit\u00e9 et la suret\u00e9 maritimes - Djibouti\",\"isPartOf\":{\"@id\":\"https:\/\/www.africa-press.net\/djibouti\/#website\"},\"primaryImageOfPage\":{\"@id\":\"https:\/\/www.africa-press.net\/djibouti\/politique\/garde-cotes-cloture-de-la-formation-sur-le-renforcement-des-capacites-operationnelles-dans-le-domaine-de-la-securite-et-la-surete-maritimes#primaryimage\"},\"image\":{\"@id\":\"https:\/\/www.africa-press.net\/djibouti\/politique\/garde-cotes-cloture-de-la-formation-sur-le-renforcement-des-capacites-operationnelles-dans-le-domaine-de-la-securite-et-la-surete-maritimes#primaryimage\"},\"thumbnailUrl\":\"https:\/\/static.africa-press.net\/djibouti\/sites\/52\/2023\/08\/sm_1692096705.261638.jpg\",\"datePublished\":\"2023-08-15T13:30:02+00:00\",\"dateModified\":\"2023-08-15T14:22:32+00:00\",\"author\":{\"@id\":\"https:\/\/www.africa-press.net\/djibouti\/#\/schema\/person\/2b1cf3cd81a31e3cd26889ca66d677f1\"},\"description\":\"Le centre d\u2019instruction navale de la Garde-co\u0302tes djiboutienne a abrite\u0301 jeudi dernier une ce\u0301re\u0301monie de clo\u0302ture de la ...\",\"breadcrumb\":{\"@id\":\"https:\/\/www.africa-press.net\/djibouti\/politique\/garde-cotes-cloture-de-la-formation-sur-le-renforcement-des-capacites-operationnelles-dans-le-domaine-de-la-securite-et-la-surete-maritimes#breadcrumb\"},\"inLanguage\":\"fr-FR\",\"potentialAction\":[{\"@type\":\"ReadAction\",\"target\":[\"https:\/\/www.africa-press.net\/djibouti\/politique\/garde-cotes-cloture-de-la-formation-sur-le-renforcement-des-capacites-operationnelles-dans-le-domaine-de-la-securite-et-la-surete-maritimes\"]}]},{\"@type\":\"ImageObject\",\"inLanguage\":\"fr-FR\",\"@id\":\"https:\/\/www.africa-press.net\/djibouti\/politique\/garde-cotes-cloture-de-la-formation-sur-le-renforcement-des-capacites-operationnelles-dans-le-domaine-de-la-securite-et-la-surete-maritimes#primaryimage\",\"url\":\"https:\/\/static.africa-press.net\/djibouti\/sites\/52\/2023\/08\/sm_1692096705.261638.jpg\",\"contentUrl\":\"https:\/\/static.africa-press.net\/djibouti\/sites\/52\/2023\/08\/sm_1692096705.261638.jpg\",\"width\":720,\"height\":438,\"caption\":\"Garde-c\u00f4tes : Cl\u00f4ture de la formation sur le renforcement des capacit\u00e9s op\u00e9rationnelles dans le domaine de la s\u00e9curit\u00e9 et la suret\u00e9 maritimes\"},{\"@type\":\"BreadcrumbList\",\"@id\":\"https:\/\/www.africa-press.net\/djibouti\/politique\/garde-cotes-cloture-de-la-formation-sur-le-renforcement-des-capacites-operationnelles-dans-le-domaine-de-la-securite-et-la-surete-maritimes#breadcrumb\",\"itemListElement\":[{\"@type\":\"ListItem\",\"position\":1,\"name\":\"Accueil\",\"item\":\"https:\/\/www.africa-press.net\/djibouti\/\"},{\"@type\":\"ListItem\",\"position\":2,\"name\":\"Garde-c\u00f4tes : Cl\u00f4ture de la formation sur le renforcement des capacit\u00e9s op\u00e9rationnelles dans le domaine de la s\u00e9curit\u00e9 et la suret\u00e9 maritimes\"}]},{\"@type\":\"WebSite\",\"@id\":\"https:\/\/www.africa-press.net\/djibouti\/#website\",\"url\":\"https:\/\/www.africa-press.net\/djibouti\/\",\"name\":\"Djibouti\",\"description\":\"Just another Africa News Agency Sites site\",\"potentialAction\":[{\"@type\":\"SearchAction\",\"target\":{\"@type\":\"EntryPoint\",\"urlTemplate\":\"https:\/\/www.africa-press.net\/djibouti\/?s={search_term_string}\"},\"query-input\":{\"@type\":\"PropertyValueSpecification\",\"valueRequired\":true,\"valueName\":\"search_term_string\"}}],\"inLanguage\":\"fr-FR\"},{\"@type\":\"Person\",\"@id\":\"https:\/\/www.africa-press.net\/djibouti\/#\/schema\/person\/2b1cf3cd81a31e3cd26889ca66d677f1\",\"name\":\"cfeditorfr\"}]}<\/script>\n<!-- \/ Yoast SEO Premium plugin. -->","yoast_head_json":{"title":"Garde-c\u00f4tes : Cl\u00f4ture de la formation sur le renforcement des capacit\u00e9s op\u00e9rationnelles dans le domaine de la s\u00e9curit\u00e9 et la suret\u00e9 maritimes - Djibouti","description":"Le centre d\u2019instruction navale de la Garde-co\u0302tes djiboutienne a abrite\u0301 jeudi dernier une ce\u0301re\u0301monie de clo\u0302ture de la ...","robots":{"index":"index","follow":"follow","max-snippet":"max-snippet:-1","max-image-preview":"max-image-preview:large","max-video-preview":"max-video-preview:-1"},"canonical":"https:\/\/www.africa-press.net\/djibouti\/politique\/garde-cotes-cloture-de-la-formation-sur-le-renforcement-des-capacites-operationnelles-dans-le-domaine-de-la-securite-et-la-surete-maritimes","og_locale":"fr_FR","og_type":"article","og_title":"Garde-c\u00f4tes : Cl\u00f4ture de la formation sur le renforcement des capacit\u00e9s op\u00e9rationnelles dans le domaine de la s\u00e9curit\u00e9 et la suret\u00e9 maritimes","og_description":"Le centre d\u2019instruction navale de la Garde-co\u0302tes djiboutienne a abrite\u0301 jeudi dernier une ce\u0301re\u0301monie de clo\u0302ture de la ...","og_url":"https:\/\/www.africa-press.net\/djibouti\/politique\/garde-cotes-cloture-de-la-formation-sur-le-renforcement-des-capacites-operationnelles-dans-le-domaine-de-la-securite-et-la-surete-maritimes","og_site_name":"Djibouti","article_published_time":"2023-08-15T13:30:02+00:00","article_modified_time":"2023-08-15T14:22:32+00:00","og_image":[{"width":720,"height":438,"url":"https:\/\/static.africa-press.net\/djibouti\/sites\/52\/2023\/08\/sm_1692096705.261638.jpg","type":"image\/jpeg"}],"author":"cfeditorfr","twitter_card":"summary_large_image","twitter_misc":{"\u00c9crit par":"cfeditorfr","Dur\u00e9e de lecture estim\u00e9e":"2 minutes"},"schema":{"@context":"https:\/\/schema.org","@graph":[{"@type":"Article","@id":"https:\/\/www.africa-press.net\/djibouti\/politique\/garde-cotes-cloture-de-la-formation-sur-le-renforcement-des-capacites-operationnelles-dans-le-domaine-de-la-securite-et-la-surete-maritimes#article","isPartOf":{"@id":"https:\/\/www.africa-press.net\/djibouti\/politique\/garde-cotes-cloture-de-la-formation-sur-le-renforcement-des-capacites-operationnelles-dans-le-domaine-de-la-securite-et-la-surete-maritimes"},"author":{"name":"cfeditorfr","@id":"https:\/\/www.africa-press.net\/djibouti\/#\/schema\/person\/2b1cf3cd81a31e3cd26889ca66d677f1"},"headline":"Garde-c\u00f4tes : Cl\u00f4ture de la formation sur le renforcement des capacit\u00e9s op\u00e9rationnelles dans le domaine de la s\u00e9curit\u00e9 et la suret\u00e9 maritimes","datePublished":"2023-08-15T13:30:02+00:00","dateModified":"2023-08-15T14:22:32+00:00","mainEntityOfPage":{"@id":"https:\/\/www.africa-press.net\/djibouti\/politique\/garde-cotes-cloture-de-la-formation-sur-le-renforcement-des-capacites-operationnelles-dans-le-domaine-de-la-securite-et-la-surete-maritimes"},"wordCount":350,"commentCount":0,"image":{"@id":"https:\/\/www.africa-press.net\/djibouti\/politique\/garde-cotes-cloture-de-la-formation-sur-le-renforcement-des-capacites-operationnelles-dans-le-domaine-de-la-securite-et-la-surete-maritimes#primaryimage"},"thumbnailUrl":"https:\/\/static.africa-press.net\/djibouti\/sites\/52\/2023\/08\/sm_1692096705.261638.jpg","keywords":["Africa Press","Africa Press-Djibouti","Djibouti"],"articleSection":["Photo","Politique","Toutes les actualit\u00e9s"],"inLanguage":"fr-FR","potentialAction":[{"@type":"CommentAction","name":"Comment","target":["https:\/\/www.africa-press.net\/djibouti\/politique\/garde-cotes-cloture-de-la-formation-sur-le-renforcement-des-capacites-operationnelles-dans-le-domaine-de-la-securite-et-la-surete-maritimes#respond"]}]},{"@type":"WebPage","@id":"https:\/\/www.africa-press.net\/djibouti\/politique\/garde-cotes-cloture-de-la-formation-sur-le-renforcement-des-capacites-operationnelles-dans-le-domaine-de-la-securite-et-la-surete-maritimes","url":"https:\/\/www.africa-press.net\/djibouti\/politique\/garde-cotes-cloture-de-la-formation-sur-le-renforcement-des-capacites-operationnelles-dans-le-domaine-de-la-securite-et-la-surete-maritimes","name":"Garde-c\u00f4tes : Cl\u00f4ture de la formation sur le renforcement des capacit\u00e9s op\u00e9rationnelles dans le domaine de la s\u00e9curit\u00e9 et la suret\u00e9 maritimes - Djibouti","isPartOf":{"@id":"https:\/\/www.africa-press.net\/djibouti\/#website"},"primaryImageOfPage":{"@id":"https:\/\/www.africa-press.net\/djibouti\/politique\/garde-cotes-cloture-de-la-formation-sur-le-renforcement-des-capacites-operationnelles-dans-le-domaine-de-la-securite-et-la-surete-maritimes#primaryimage"},"image":{"@id":"https:\/\/www.africa-press.net\/djibouti\/politique\/garde-cotes-cloture-de-la-formation-sur-le-renforcement-des-capacites-operationnelles-dans-le-domaine-de-la-securite-et-la-surete-maritimes#primaryimage"},"thumbnailUrl":"https:\/\/static.africa-press.net\/djibouti\/sites\/52\/2023\/08\/sm_1692096705.261638.jpg","datePublished":"2023-08-15T13:30:02+00:00","dateModified":"2023-08-15T14:22:32+00:00","author":{"@id":"https:\/\/www.africa-press.net\/djibouti\/#\/schema\/person\/2b1cf3cd81a31e3cd26889ca66d677f1"},"description":"Le centre d\u2019instruction navale de la Garde-co\u0302tes djiboutienne a abrite\u0301 jeudi dernier une ce\u0301re\u0301monie de clo\u0302ture de la ...","breadcrumb":{"@id":"https:\/\/www.africa-press.net\/djibouti\/politique\/garde-cotes-cloture-de-la-formation-sur-le-renforcement-des-capacites-operationnelles-dans-le-domaine-de-la-securite-et-la-surete-maritimes#breadcrumb"},"inLanguage":"fr-FR","potentialAction":[{"@type":"ReadAction","target":["https:\/\/www.africa-press.net\/djibouti\/politique\/garde-cotes-cloture-de-la-formation-sur-le-renforcement-des-capacites-operationnelles-dans-le-domaine-de-la-securite-et-la-surete-maritimes"]}]},{"@type":"ImageObject","inLanguage":"fr-FR","@id":"https:\/\/www.africa-press.net\/djibouti\/politique\/garde-cotes-cloture-de-la-formation-sur-le-renforcement-des-capacites-operationnelles-dans-le-domaine-de-la-securite-et-la-surete-maritimes#primaryimage","url":"https:\/\/static.africa-press.net\/djibouti\/sites\/52\/2023\/08\/sm_1692096705.261638.jpg","contentUrl":"https:\/\/static.africa-press.net\/djibouti\/sites\/52\/2023\/08\/sm_1692096705.261638.jpg","width":720,"height":438,"caption":"Garde-c\u00f4tes : Cl\u00f4ture de la formation sur le renforcement des capacit\u00e9s op\u00e9rationnelles dans le domaine de la s\u00e9curit\u00e9 et la suret\u00e9 maritimes"},{"@type":"BreadcrumbList","@id":"https:\/\/www.africa-press.net\/djibouti\/politique\/garde-cotes-cloture-de-la-formation-sur-le-renforcement-des-capacites-operationnelles-dans-le-domaine-de-la-securite-et-la-surete-maritimes#breadcrumb","itemListElement":[{"@type":"ListItem","position":1,"name":"Accueil","item":"https:\/\/www.africa-press.net\/djibouti\/"},{"@type":"ListItem","position":2,"name":"Garde-c\u00f4tes : Cl\u00f4ture de la formation sur le renforcement des capacit\u00e9s op\u00e9rationnelles dans le domaine de la s\u00e9curit\u00e9 et la suret\u00e9 maritimes"}]},{"@type":"WebSite","@id":"https:\/\/www.africa-press.net\/djibouti\/#website","url":"https:\/\/www.africa-press.net\/djibouti\/","name":"Djibouti","description":"Just another Africa News Agency Sites site","potentialAction":[{"@type":"SearchAction","target":{"@type":"EntryPoint","urlTemplate":"https:\/\/www.africa-press.net\/djibouti\/?s={search_term_string}"},"query-input":{"@type":"PropertyValueSpecification","valueRequired":true,"valueName":"search_term_string"}}],"inLanguage":"fr-FR"},{"@type":"Person","@id":"https:\/\/www.africa-press.net\/djibouti\/#\/schema\/person\/2b1cf3cd81a31e3cd26889ca66d677f1","name":"cfeditorfr"}]}},"_links":{"self":[{"href":"https:\/\/www.africa-press.net\/djibouti\/wp-json\/wp\/v2\/posts\/16662","targetHints":{"allow":["GET"]}}],"collection":[{"href":"https:\/\/www.africa-press.net\/djibouti\/wp-json\/wp\/v2\/posts"}],"about":[{"href":"https:\/\/www.africa-press.net\/djibouti\/wp-json\/wp\/v2\/types\/post"}],"author":[{"embeddable":true,"href":"https:\/\/www.africa-press.net\/djibouti\/wp-json\/wp\/v2\/users\/82"}],"replies":[{"embeddable":true,"href":"https:\/\/www.africa-press.net\/djibouti\/wp-json\/wp\/v2\/comments?post=16662"}],"version-history":[{"count":0,"href":"https:\/\/www.africa-press.net\/djibouti\/wp-json\/wp\/v2\/posts\/16662\/revisions"}],"wp:featuredmedia":[{"embeddable":true,"href":"https:\/\/www.africa-press.net\/djibouti\/wp-json\/wp\/v2\/media\/16661"}],"wp:attachment":[{"href":"https:\/\/www.africa-press.net\/djibouti\/wp-json\/wp\/v2\/media?parent=16662"}],"wp:term":[{"taxonomy":"category","embeddable":true,"href":"https:\/\/www.africa-press.net\/djibouti\/wp-json\/wp\/v2\/categories?post=16662"},{"taxonomy":"post_tag","embeddable":true,"href":"https:\/\/www.africa-press.net\/djibouti\/wp-json\/wp\/v2\/tags?post=16662"}],"curies":[{"name":"wp","href":"https:\/\/api.w.org\/{rel}","templated":true}]}}