{"id":16670,"date":"2023-08-15T13:31:05","date_gmt":"2023-08-15T13:31:05","guid":{"rendered":"https:\/\/www.africa-press.net\/djibouti\/politique\/atelier-de-cloture-du-projet-fonds-regional-pour-le-renforcement-de-la-resilience-a-la-secheresse"},"modified":"2023-08-15T14:24:54","modified_gmt":"2023-08-15T14:24:54","slug":"atelier-de-cloture-du-projet-fonds-regional-pour-le-renforcement-de-la-resilience-a-la-secheresse","status":"publish","type":"post","link":"https:\/\/www.africa-press.net\/djibouti\/economie\/atelier-de-cloture-du-projet-fonds-regional-pour-le-renforcement-de-la-resilience-a-la-secheresse","title":{"rendered":"Atelier de cl\u00f4ture du projet \u00ab Fonds r\u00e9gional pour le renforcement de la r\u00e9silience \u00e0 la s\u00e9cheresse \u00bb"},"content":{"rendered":"<p><span style=\"color: #ff6600\"><strong>Africa-Press &#8211; Djibouti. <\/strong><\/span><b>Sous le haut patronage du ministre de l\u2019agriculture, de l\u2019eau, de la pe\u0302che, de l\u2019e\u0301levage et des ressources halieutiques, la cellule d\u2019exe\u0301cution du projet (CEP), en collaboration avec GOPA, a organise\u0301 hier au Sheraton ho\u0302tel un atelier de clo\u0302ture du projet \u00ab fonds re\u0301gional pour le renforcement de la re\u0301silience a\u0300 la se\u0301cheresse \u00bb (FRRRS). Ce projet, finance\u0301 par l\u2019Allemagne a\u0300 hauteur de 4millions d\u2019euros, soit environ 800 millions FDJ, est conc\u0327u pour re\u0301pondre aux de\u0301fis de re\u0301silience a\u0300 la se\u0300cheresse et l\u2019appui aux zones transfrontalie\u0300res vulne\u0301rables a\u0300 travers des actions sur le terrain, un accompagnement technique, de la sensibilisation et un volet d\u2019approche financie\u0300re participative cre\u0301ant une base qui sera utile pour de futures interventions. <\/b><br \/>\n<b>Il a e\u0301te\u0301 mis en \u0153uvre par le ministe\u0300re de l\u2019agriculture, de l\u2019eau, de la pe\u0300che, de l\u2019e\u0301levage et des ressources halieutiques a\u0300 travers la cellule d\u2019exe\u0301cution du projet et avec l\u2019appui technique du cabinet international GOPA. L\u2019objectif principal est d\u2019ame\u0301liorer la re\u0301silience a\u0300 la se\u0301cheresse de la population pastorale et agro-pastorale de Dikhil, en ame\u0301liorant l\u2019acce\u0300s a\u0300 l\u2019eau pour le be\u0301tail et la consommation humaine, ainsi que l\u2019ame\u0301lioration de la productivite\u0301 agropastorale et les groupes cibles concerne\u0301s parle programme sont les communaute\u0301s pastorales et agro-pastorales dans les corridors transfrontaliers du sud-ouest de Djibouti vivant dans la re\u0301gion de Dikhil, pre\u0301cise\u0301ment dans les localite\u0301s de Sankal, As-Eyla, Yoboki, Daoudaya, Bondara et Agna&#8230;<\/b><\/p>\n<p>Sous le haut patronage du ministre de l\u2019agriculture, de l\u2019eau, de la pe\u0302che, de l\u2019e\u0301levage et des ressources halieutiques, la cellule d\u2019exe\u0301cution du projet (CEP), en collaboration avec GOPA, a organise\u0301 hier au Sheraton ho\u0302tel un atelier de clo\u0302ture du projet \u00abfonds re\u0301gional pour le renforcement de la re\u0301silience a\u0300 la se\u0301cheresse\u00bb (FRRRS).<\/p>\n<p>L\u2019e\u0301ve\u0300nement a regroupe\u0301 sur place le secre\u0301taire ge\u0301ne\u0301ral du ministe\u0300re de l\u2019agriculture, de l\u2019eau, de la pe\u0302che, de l\u2019e\u0301levage et des ressources halieutiques, Ibrahim Elmi Mohamed, le repre\u0301sentant de l\u2019IGAD, M. Rachid Elmi Hersi, le chef de mission du cabinet international allemand pour l\u2019appui technique du projet, M. Leone Comin, les repre\u0301sentants des partenaires au de\u0301veloppement, les repre\u0301sentants de la pre\u0301fecture et du conseil re\u0301gional de Dikhil, les repre\u0301sentants des associations civiles de Dikhil et un parterre d\u2019invite\u0301s.<\/p>\n<p>Le projet FRRRS, finance\u0301 par le peuple allemand a\u0300 travers la banque KFW a\u0300 hauteur de 4millions d\u2019euros, soit environ 800 millions FDJ, est conc\u0327u pour re\u0301pondre aux de\u0301fis de re\u0301silience a\u0300 la se\u0300cheresse et l\u2019appui aux zones transfrontalie\u0300res vulne\u0301rables a\u0300 travers des actions sur le terrain, un accompagnementtechnique, de la sensibilisation et un volet d\u2019approche financie\u0300re participative cre\u0301ant une base qui sera utile pour de futures interventions.Il a e\u0301te\u0301 mis en \u0153uvre par le ministe\u0300re de l\u2019agriculture, de l\u2019eau, de la pe\u0300che, de l\u2019e\u0301levage et des ressources halieutiques a\u0300 travers la cellule d\u2019exe\u0301cution du projet et avec l\u2019appui technique du cabinet international GOPA.<\/p>\n<p>L\u2019objectif principal est d\u2019ame\u0301liorer la re\u0301silience a\u0300 la se\u0301cheresse de la population pastorale et agro-pastorale deDikhil, en ame\u0301liorant l\u2019acce\u0300s a\u0300 l\u2019eau pour le be\u0301tail et la consommation humaine, ainsi que l\u2019ame\u0301lioration de la productivite\u0301 agropastorale et les groupes cibles concerne\u0301s parle programme sont les communaute\u0301s pastorales et agro-pastorales dans les corridors transfrontaliers du sud-ouest de Djibouti vivant dans la re\u0301gion de Dikhil,pre\u0301cise\u0301ment dans les localite\u0301s de Sankal, As-Eyla, Yoboki, Daoudaya, Bondara et Agna. Le projet est le fruit d\u2019un partenariatre\u0301gionalrenforce\u0301 pour e\u0301radiquer les situations d\u2019urgence de la se\u0301cheresse dans les zones transfrontalie\u0300res, notamment dans la re\u0301gion de Dikhil, en re\u0301publique de Djibouti. C\u2019est un exempleremarquable de l\u2019impact positif que la coope\u0301rationinternationale peut avoir sur la re\u0301solution des de\u0301fisenvironnementaux.<\/p>\n<p>Le repre\u0301sentant de l\u2019IGAD, M. Rachid Elmi Hersi, a pris la parole en indiquant que \u00abdepuis le sommet tenu a\u0300 Nairobi en septembre 2011, qui a conduit au lancement de l\u2019initiative de l\u2019IGAD sur la re\u0301silience a\u0300 la se\u0301cheresse et sa durabilite\u0301 afin de mettre fin aux crises de se\u0301cheresse dans la re\u0301gion, beaucoup d\u2019efforts ont e\u0301te\u0301 mene\u0301s dans notre re\u0301gion \u00bb. Puis, il a pre\u0301cise\u0301 que \u00ab l\u2019IDDRSI est une strate\u0301gie de 15 ans avec 3 phases de 5 ans chacune, visant a\u0300 traiter les causes profondes de la vulne\u0301rabilite\u0301 dans les zones rurales sujettes a\u0300 la se\u0301cheresse. La premie\u0300re phase de 5 ans s\u2019est e\u0301coule\u0301e et la premie\u0300re ge\u0301ne\u0301ration de projets de re\u0301silience sont en cours de re\u0301alisation avec un impact positif sur les communaute\u0301s rurales vulne\u0301rables \u00bb.<\/p>\n<p>De son co\u0302te\u0301, le chef de mission du cabinet international allemand pour l\u2019appui technique du projet, M. Leone Comin, a indique\u0301 que \u00ab la coope\u0301ration allemande donne toujours beaucoup d\u2019importance a\u0300 la durabilite\u0301 des actions de de\u0301veloppements et pour cela elle souhaite qu\u2019une fois que les projets sont termine\u0301s que les autorite\u0301s locales continuent a\u0300 accompagner les re\u0301alisations mises en place et pour la me\u0302me raison la coope\u0301ration allemande met toujours l\u2019accent sur la responsabilisation et l\u2019implication des be\u0301ne\u0301ficiaires dans les initiatives de de\u0301veloppement \u00bb.<\/p>\n<p>Pour clo\u0302turer cette se\u0301rie d\u2019interventions, le secre\u0301taire ge\u0301ne\u0301ral du ministe\u0300re de l\u2019agriculture, de l\u2019eau, de la pe\u0302che, de l\u2019e\u0301levage et des ressources halieutiques, Ibrahim Elmi Mohamed, a indique\u0301 que \u00ab les infrastructures hydrauliques qui ont e\u0301te\u0301 construites couvrent les six localite\u0301s et permettent un meilleur acce\u0300s aux ressources en eaux.<\/p>\n<p>Nous avons de\u0301passe\u0301 nos objectifs en ce qui concerne les travaux de de\u0301veloppement et d\u2019entretien d\u2019ouvrages hydrauliques et les travaux a\u0300 hautes intensite\u0301s de main d\u2019\u0153uvre. Ce sont notamment 15 000 emplois temporaires en 9mois detravaux qui ont e\u0301te\u0301 cre\u0301e\u0301es pour la re\u0301alisation de 42 ouvrages de mobilisation des eaux, e\u0301quipe\u0301s en pompes solaires et thermiques, a\u0300 des fins de consommation humaine, animale et de production agricole \u00bb.<\/p>\n<p>\u00ab L\u2019exploitation des ouvrages et e\u0301quipement hydrauliques installe\u0301s dans les localite\u0301s, a-t-il ajoute\u0301,ont permis d\u2019ame\u0301liorer conside\u0301rablement l\u2019acce\u0300s a\u0300 l\u2019eau : pre\u0300s de 98% des me\u0301nages, contre 83% avant le projet, ont acce\u0300s a\u0300 l\u2019eau en quantite\u0301 et qualite\u0301 suffisantes pour les personnes et les animaux du be\u0301tail dans la zone du projet dans un rayon d\u2019au moins 1 km \u00bb.<\/p>\n<p>Notons au passage que le projet a eu recours a\u0300 l\u2019approche financie\u0300re participative qui est une approche qui vise a\u0300 mobiliser les populations locales et a\u0300 les impliquer activement dans leur propre de\u0301veloppement, en utilisant des ressources financie\u0300res directes. Elle est conc\u0327ue pour ge\u0301ne\u0301rer des dynamiques de de\u0301veloppement autonomes, constructives, inclusives et tre\u0300s participatives aux niveaux familiale, communautaire et re\u0301gional.<\/p>\n<p>Au total, 206 agro-e\u0301leveurs ont be\u0301ne\u0301ficie\u0301 de 2600 te\u0302tes de che\u0300vres locales repartis dans les 5 localite\u0301s appuye\u0301s par le projet. La proportion des femmes be\u0301ne\u0301ficiaires est de 43% contre 56% pour les hommes. Le projet a e\u0301galementrenforce\u0301 170 agro-e\u0301leveurs sur la the\u0301matique de la production et la transformation des produits agricoles et de l\u2019e\u0301levage ainsi que des kits d\u2019outils et intrants a\u0300 170 me\u0301nages pratiquant l\u2019agriculture.<\/p>\n<p><b>Mohamed Chakib<\/b><\/p>\n\r\n                <style type=\"text\/css\">\r\n                    \r\n                    #td_uid_1_69edd1f7caba2  .td-doubleSlider-2 .td-item1 {\r\n                        background: url(https:\/\/static.africa-press.net\/djibouti\/sites\/52\/2023\/08\/sm_1692096744.038883-80x60.jpg) 0 0 no-repeat;\r\n                    }\r\n                    #td_uid_1_69edd1f7caba2  .td-doubleSlider-2 .td-item2 {\r\n                        background: url(https:\/\/static.africa-press.net\/djibouti\/sites\/52\/2023\/08\/sm_1692096760.263641-80x60.jpg) 0 0 no-repeat;\r\n                    }\r\n                    #td_uid_1_69edd1f7caba2  .td-doubleSlider-2 .td-item3 {\r\n                        background: url(https:\/\/static.africa-press.net\/djibouti\/sites\/52\/2023\/08\/sm_1692096783.247459-80x60.jpg) 0 0 no-repeat;\r\n                    }\r\n                    #td_uid_1_69edd1f7caba2  .td-doubleSlider-2 .td-item4 {\r\n                        background: url(https:\/\/static.africa-press.net\/djibouti\/sites\/52\/2023\/08\/sm_1692096801.003847-80x60.jpg) 0 0 no-repeat;\r\n                    }\r\n                    #td_uid_1_69edd1f7caba2  .td-doubleSlider-2 .td-item5 {\r\n                        background: url(https:\/\/static.africa-press.net\/djibouti\/sites\/52\/2023\/08\/sm_1692096816.483037-80x60.jpg) 0 0 no-repeat;\r\n                    }\r\n                <\/style>\r\n\r\n                <div id=\"td_uid_1_69edd1f7caba2\" class=\"td-gallery td-slide-on-2-columns\">\r\n                    <div class=\"post_td_gallery\">\r\n                        <div class=\"td-gallery-slide-top\">\r\n                           <div class=\"td-gallery-title\"><\/div>\r\n\r\n                            <div class=\"td-gallery-controls-wrapper\">\r\n                                <div class=\"td-gallery-slide-count\"><span class=\"td-gallery-slide-item-focus\">1<\/span> de 5<\/div>\r\n                                <div class=\"td-gallery-slide-prev-next-but\">\r\n                                    <i class = \"td-icon-left doubleSliderPrevButton\"><\/i>\r\n                                    <i class = \"td-icon-right doubleSliderNextButton\"><\/i>\r\n                                <\/div>\r\n                            <\/div>\r\n                        <\/div>\r\n\r\n                        <div class = \"td-doubleSlider-1 \">\r\n                            <div class = \"td-slider\">\r\n                                \r\n                    <div class = \"td-slide-item td-item1\">\r\n                        <figure class=\"td-slide-galery-figure td-slide-popup-gallery\">\r\n                            <a class=\"slide-gallery-image-link\" href=\"https:\/\/static.africa-press.net\/djibouti\/sites\/52\/2023\/08\/sm_1692096744.038883.jpg\" title=\"sm_1692096744.038883\"  data-caption=\"\"  data-description=\"\">\r\n                                <img decoding=\"async\" src=\"https:\/\/static.africa-press.net\/djibouti\/sites\/52\/2023\/08\/sm_1692096744.038883.jpg\" srcset=\"https:\/\/static.africa-press.net\/djibouti\/sites\/52\/2023\/08\/sm_1692096744.038883.jpg 1024w, https:\/\/static.africa-press.net\/djibouti\/sites\/52\/2023\/08\/sm_1692096744.038883-300x200.jpg 300w, https:\/\/static.africa-press.net\/djibouti\/sites\/52\/2023\/08\/sm_1692096744.038883-768x512.jpg 768w\" sizes=\"(max-width: 1024px) 100vw, 1024px\" alt=\"\">\r\n                            <\/a>\r\n                            \r\n                        <\/figure>\r\n                    <\/div>\r\n                    <div class = \"td-slide-item td-item2\">\r\n                        <figure class=\"td-slide-galery-figure td-slide-popup-gallery\">\r\n                            <a class=\"slide-gallery-image-link\" href=\"https:\/\/static.africa-press.net\/djibouti\/sites\/52\/2023\/08\/sm_1692096760.263641.jpg\" title=\"sm_1692096760.263641\"  data-caption=\"\"  data-description=\"\">\r\n                                <img decoding=\"async\" src=\"https:\/\/static.africa-press.net\/djibouti\/sites\/52\/2023\/08\/sm_1692096760.263641.jpg\" srcset=\"https:\/\/static.africa-press.net\/djibouti\/sites\/52\/2023\/08\/sm_1692096760.263641.jpg 1024w, https:\/\/static.africa-press.net\/djibouti\/sites\/52\/2023\/08\/sm_1692096760.263641-300x200.jpg 300w, https:\/\/static.africa-press.net\/djibouti\/sites\/52\/2023\/08\/sm_1692096760.263641-768x512.jpg 768w\" sizes=\"(max-width: 1024px) 100vw, 1024px\" alt=\"\">\r\n                            <\/a>\r\n                            \r\n                        <\/figure>\r\n                    <\/div>\r\n                    <div class = \"td-slide-item td-item3\">\r\n                        <figure class=\"td-slide-galery-figure td-slide-popup-gallery\">\r\n                            <a class=\"slide-gallery-image-link\" href=\"https:\/\/static.africa-press.net\/djibouti\/sites\/52\/2023\/08\/sm_1692096783.247459.jpg\" title=\"sm_1692096783.247459\"  data-caption=\"\"  data-description=\"\">\r\n                                <img decoding=\"async\" src=\"https:\/\/static.africa-press.net\/djibouti\/sites\/52\/2023\/08\/sm_1692096783.247459.jpg\" srcset=\"https:\/\/static.africa-press.net\/djibouti\/sites\/52\/2023\/08\/sm_1692096783.247459.jpg 1024w, https:\/\/static.africa-press.net\/djibouti\/sites\/52\/2023\/08\/sm_1692096783.247459-300x200.jpg 300w, https:\/\/static.africa-press.net\/djibouti\/sites\/52\/2023\/08\/sm_1692096783.247459-768x512.jpg 768w\" sizes=\"(max-width: 1024px) 100vw, 1024px\" alt=\"\">\r\n                            <\/a>\r\n                            \r\n                        <\/figure>\r\n                    <\/div>\r\n                    <div class = \"td-slide-item td-item4\">\r\n                        <figure class=\"td-slide-galery-figure td-slide-popup-gallery\">\r\n                            <a class=\"slide-gallery-image-link\" href=\"https:\/\/static.africa-press.net\/djibouti\/sites\/52\/2023\/08\/sm_1692096801.003847.jpg\" title=\"sm_1692096801.003847\"  data-caption=\"\"  data-description=\"\">\r\n                                <img decoding=\"async\" src=\"https:\/\/static.africa-press.net\/djibouti\/sites\/52\/2023\/08\/sm_1692096801.003847.jpg\" srcset=\"https:\/\/static.africa-press.net\/djibouti\/sites\/52\/2023\/08\/sm_1692096801.003847.jpg 1024w, https:\/\/static.africa-press.net\/djibouti\/sites\/52\/2023\/08\/sm_1692096801.003847-300x200.jpg 300w, https:\/\/static.africa-press.net\/djibouti\/sites\/52\/2023\/08\/sm_1692096801.003847-768x512.jpg 768w\" sizes=\"(max-width: 1024px) 100vw, 1024px\" alt=\"\">\r\n                            <\/a>\r\n                            \r\n                        <\/figure>\r\n                    <\/div>\r\n                    <div class = \"td-slide-item td-item5\">\r\n                        <figure class=\"td-slide-galery-figure td-slide-popup-gallery\">\r\n                            <a class=\"slide-gallery-image-link\" href=\"https:\/\/static.africa-press.net\/djibouti\/sites\/52\/2023\/08\/sm_1692096816.483037.jpg\" title=\"sm_1692096816.483037\"  data-caption=\"\"  data-description=\"\">\r\n                                <img decoding=\"async\" src=\"https:\/\/static.africa-press.net\/djibouti\/sites\/52\/2023\/08\/sm_1692096816.483037.jpg\" srcset=\"https:\/\/static.africa-press.net\/djibouti\/sites\/52\/2023\/08\/sm_1692096816.483037.jpg 1024w, https:\/\/static.africa-press.net\/djibouti\/sites\/52\/2023\/08\/sm_1692096816.483037-300x212.jpg 300w, https:\/\/static.africa-press.net\/djibouti\/sites\/52\/2023\/08\/sm_1692096816.483037-768x544.jpg 768w, https:\/\/static.africa-press.net\/djibouti\/sites\/52\/2023\/08\/sm_1692096816.483037-100x70.jpg 100w\" sizes=\"(max-width: 1024px) 100vw, 1024px\" alt=\"\">\r\n                            <\/a>\r\n                            \r\n                        <\/figure>\r\n                    <\/div>\r\n                            <\/div>\r\n                        <\/div>\r\n\r\n                        <div class = \"td-doubleSlider-2\">\r\n                            <div class = \"td-slider\">\r\n                                \r\n                    <div class = \"td-button td-item1\">\r\n                        <div class = \"td-border\"><\/div>\r\n                    <\/div>\r\n                    <div class = \"td-button td-item2\">\r\n                        <div class = \"td-border\"><\/div>\r\n                    <\/div>\r\n                    <div class = \"td-button td-item3\">\r\n                        <div class = \"td-border\"><\/div>\r\n                    <\/div>\r\n                    <div class = \"td-button td-item4\">\r\n                        <div class = \"td-border\"><\/div>\r\n                    <\/div>\r\n                    <div class = \"td-button td-item5\">\r\n                        <div class = \"td-border\"><\/div>\r\n                    <\/div>\r\n                            <\/div>\r\n                        <\/div>\r\n\r\n                    <\/div>\r\n\r\n                <\/div>\r\n                \n<p><strong>Pour plus d&rsquo;informations et d&rsquo;analyses sur la <a href=\"https:\/\/www.africa-press.net\/djibouti\">Djibouti<\/a>, suivez <a href=\"https:\/\/www.africa-press.net\/\">Africa-Press<\/a><\/strong><\/p>\n","protected":false},"excerpt":{"rendered":"<p>Africa-Press &#8211; Djibouti. Sous le haut patronage du ministre de l\u2019agriculture, de l\u2019eau, de la pe\u0302che, de l\u2019e\u0301levage et des ressources halieutiques, la cellule d\u2019exe\u0301cution du projet (CEP), en collaboration avec GOPA, a organise\u0301 hier au Sheraton ho\u0302tel un atelier de clo\u0302ture du projet \u00ab fonds re\u0301gional pour le renforcement de la re\u0301silience a\u0300 la [&hellip;]<\/p>\n","protected":false},"author":82,"featured_media":16669,"comment_status":"open","ping_status":"closed","sticky":false,"template":"","format":"standard","meta":{"footnotes":""},"categories":[3,8,20,10],"tags":[36,49,50],"class_list":["post-16670","post","type-post","status-publish","format-standard","has-post-thumbnail","hentry","category-economie","category-photo","category-top-nouvelles","category-toutes-les-actualites","tag-africa-press","tag-africa-press-djibouti","tag-djibouti"],"yoast_head":"<!-- This site is optimized with the Yoast SEO Premium plugin v26.1 (Yoast SEO v27.0) - https:\/\/yoast.com\/product\/yoast-seo-premium-wordpress\/ -->\n<title>Atelier de cl\u00f4ture du projet \u00ab Fonds r\u00e9gional pour le renforcement de la r\u00e9silience \u00e0 la s\u00e9cheresse \u00bb - Djibouti<\/title>\n<meta name=\"description\" content=\"Sous le haut patronage du ministre de l\u2019agriculture, de l\u2019eau, de la pe\u0302che, de l\u2019e\u0301levage et des ressources halieuti ...\" \/>\n<meta name=\"robots\" content=\"index, follow, max-snippet:-1, max-image-preview:large, max-video-preview:-1\" \/>\n<link rel=\"canonical\" href=\"https:\/\/www.africa-press.net\/djibouti\/economie\/atelier-de-cloture-du-projet-fonds-regional-pour-le-renforcement-de-la-resilience-a-la-secheresse\" \/>\n<meta property=\"og:locale\" content=\"fr_FR\" \/>\n<meta property=\"og:type\" content=\"article\" \/>\n<meta property=\"og:title\" content=\"Atelier de cl\u00f4ture du projet \u00ab Fonds r\u00e9gional pour le renforcement de la r\u00e9silience \u00e0 la s\u00e9cheresse \u00bb\" \/>\n<meta property=\"og:description\" content=\"Sous le haut patronage du ministre de l\u2019agriculture, de l\u2019eau, de la pe\u0302che, de l\u2019e\u0301levage et des ressources halieuti ...\" \/>\n<meta property=\"og:url\" content=\"https:\/\/www.africa-press.net\/djibouti\/economie\/atelier-de-cloture-du-projet-fonds-regional-pour-le-renforcement-de-la-resilience-a-la-secheresse\" \/>\n<meta property=\"og:site_name\" content=\"Djibouti\" \/>\n<meta property=\"article:published_time\" content=\"2023-08-15T13:31:05+00:00\" \/>\n<meta property=\"article:modified_time\" content=\"2023-08-15T14:24:54+00:00\" \/>\n<meta property=\"og:image\" content=\"https:\/\/static.africa-press.net\/djibouti\/sites\/52\/2023\/08\/sm_1692096832.911644.jpg\" \/>\n\t<meta property=\"og:image:width\" content=\"720\" \/>\n\t<meta property=\"og:image:height\" content=\"480\" \/>\n\t<meta property=\"og:image:type\" content=\"image\/jpeg\" \/>\n<meta name=\"author\" content=\"cfeditorfr\" \/>\n<meta name=\"twitter:card\" content=\"summary_large_image\" \/>\n<meta name=\"twitter:label1\" content=\"\u00c9crit par\" \/>\n\t<meta name=\"twitter:data1\" content=\"cfeditorfr\" \/>\n\t<meta name=\"twitter:label2\" content=\"Dur\u00e9e de lecture estim\u00e9e\" \/>\n\t<meta name=\"twitter:data2\" content=\"6 minutes\" \/>\n<script type=\"application\/ld+json\" class=\"yoast-schema-graph\">{\"@context\":\"https:\/\/schema.org\",\"@graph\":[{\"@type\":\"Article\",\"@id\":\"https:\/\/www.africa-press.net\/djibouti\/economie\/atelier-de-cloture-du-projet-fonds-regional-pour-le-renforcement-de-la-resilience-a-la-secheresse#article\",\"isPartOf\":{\"@id\":\"https:\/\/www.africa-press.net\/djibouti\/economie\/atelier-de-cloture-du-projet-fonds-regional-pour-le-renforcement-de-la-resilience-a-la-secheresse\"},\"author\":{\"name\":\"cfeditorfr\",\"@id\":\"https:\/\/www.africa-press.net\/djibouti\/#\/schema\/person\/2b1cf3cd81a31e3cd26889ca66d677f1\"},\"headline\":\"Atelier de cl\u00f4ture du projet \u00ab Fonds r\u00e9gional pour le renforcement de la r\u00e9silience \u00e0 la s\u00e9cheresse \u00bb\",\"datePublished\":\"2023-08-15T13:31:05+00:00\",\"dateModified\":\"2023-08-15T14:24:54+00:00\",\"mainEntityOfPage\":{\"@id\":\"https:\/\/www.africa-press.net\/djibouti\/economie\/atelier-de-cloture-du-projet-fonds-regional-pour-le-renforcement-de-la-resilience-a-la-secheresse\"},\"wordCount\":1373,\"commentCount\":0,\"image\":{\"@id\":\"https:\/\/www.africa-press.net\/djibouti\/economie\/atelier-de-cloture-du-projet-fonds-regional-pour-le-renforcement-de-la-resilience-a-la-secheresse#primaryimage\"},\"thumbnailUrl\":\"https:\/\/static.africa-press.net\/djibouti\/sites\/52\/2023\/08\/sm_1692096832.911644.jpg\",\"keywords\":[\"Africa Press\",\"Africa Press-Djibouti\",\"Djibouti\"],\"articleSection\":[\"\u00c9conomie\",\"Photo\",\"Top Nouvelles\",\"Toutes les actualit\u00e9s\"],\"inLanguage\":\"fr-FR\",\"potentialAction\":[{\"@type\":\"CommentAction\",\"name\":\"Comment\",\"target\":[\"https:\/\/www.africa-press.net\/djibouti\/economie\/atelier-de-cloture-du-projet-fonds-regional-pour-le-renforcement-de-la-resilience-a-la-secheresse#respond\"]}]},{\"@type\":\"WebPage\",\"@id\":\"https:\/\/www.africa-press.net\/djibouti\/economie\/atelier-de-cloture-du-projet-fonds-regional-pour-le-renforcement-de-la-resilience-a-la-secheresse\",\"url\":\"https:\/\/www.africa-press.net\/djibouti\/economie\/atelier-de-cloture-du-projet-fonds-regional-pour-le-renforcement-de-la-resilience-a-la-secheresse\",\"name\":\"Atelier de cl\u00f4ture du projet \u00ab Fonds r\u00e9gional pour le renforcement de la r\u00e9silience \u00e0 la s\u00e9cheresse \u00bb - Djibouti\",\"isPartOf\":{\"@id\":\"https:\/\/www.africa-press.net\/djibouti\/#website\"},\"primaryImageOfPage\":{\"@id\":\"https:\/\/www.africa-press.net\/djibouti\/economie\/atelier-de-cloture-du-projet-fonds-regional-pour-le-renforcement-de-la-resilience-a-la-secheresse#primaryimage\"},\"image\":{\"@id\":\"https:\/\/www.africa-press.net\/djibouti\/economie\/atelier-de-cloture-du-projet-fonds-regional-pour-le-renforcement-de-la-resilience-a-la-secheresse#primaryimage\"},\"thumbnailUrl\":\"https:\/\/static.africa-press.net\/djibouti\/sites\/52\/2023\/08\/sm_1692096832.911644.jpg\",\"datePublished\":\"2023-08-15T13:31:05+00:00\",\"dateModified\":\"2023-08-15T14:24:54+00:00\",\"author\":{\"@id\":\"https:\/\/www.africa-press.net\/djibouti\/#\/schema\/person\/2b1cf3cd81a31e3cd26889ca66d677f1\"},\"description\":\"Sous le haut patronage du ministre de l\u2019agriculture, de l\u2019eau, de la pe\u0302che, de l\u2019e\u0301levage et des ressources halieuti ...\",\"breadcrumb\":{\"@id\":\"https:\/\/www.africa-press.net\/djibouti\/economie\/atelier-de-cloture-du-projet-fonds-regional-pour-le-renforcement-de-la-resilience-a-la-secheresse#breadcrumb\"},\"inLanguage\":\"fr-FR\",\"potentialAction\":[{\"@type\":\"ReadAction\",\"target\":[\"https:\/\/www.africa-press.net\/djibouti\/economie\/atelier-de-cloture-du-projet-fonds-regional-pour-le-renforcement-de-la-resilience-a-la-secheresse\"]}]},{\"@type\":\"ImageObject\",\"inLanguage\":\"fr-FR\",\"@id\":\"https:\/\/www.africa-press.net\/djibouti\/economie\/atelier-de-cloture-du-projet-fonds-regional-pour-le-renforcement-de-la-resilience-a-la-secheresse#primaryimage\",\"url\":\"https:\/\/static.africa-press.net\/djibouti\/sites\/52\/2023\/08\/sm_1692096832.911644.jpg\",\"contentUrl\":\"https:\/\/static.africa-press.net\/djibouti\/sites\/52\/2023\/08\/sm_1692096832.911644.jpg\",\"width\":720,\"height\":480,\"caption\":\"Atelier de cl\u00f4ture du projet \u00ab Fonds r\u00e9gional pour le renforcement de la r\u00e9silience \u00e0 la s\u00e9cheresse \u00bb\"},{\"@type\":\"BreadcrumbList\",\"@id\":\"https:\/\/www.africa-press.net\/djibouti\/economie\/atelier-de-cloture-du-projet-fonds-regional-pour-le-renforcement-de-la-resilience-a-la-secheresse#breadcrumb\",\"itemListElement\":[{\"@type\":\"ListItem\",\"position\":1,\"name\":\"Accueil\",\"item\":\"https:\/\/www.africa-press.net\/djibouti\/\"},{\"@type\":\"ListItem\",\"position\":2,\"name\":\"Atelier de cl\u00f4ture du projet \u00ab Fonds r\u00e9gional pour le renforcement de la r\u00e9silience \u00e0 la s\u00e9cheresse \u00bb\"}]},{\"@type\":\"WebSite\",\"@id\":\"https:\/\/www.africa-press.net\/djibouti\/#website\",\"url\":\"https:\/\/www.africa-press.net\/djibouti\/\",\"name\":\"Djibouti\",\"description\":\"Just another Africa News Agency Sites site\",\"potentialAction\":[{\"@type\":\"SearchAction\",\"target\":{\"@type\":\"EntryPoint\",\"urlTemplate\":\"https:\/\/www.africa-press.net\/djibouti\/?s={search_term_string}\"},\"query-input\":{\"@type\":\"PropertyValueSpecification\",\"valueRequired\":true,\"valueName\":\"search_term_string\"}}],\"inLanguage\":\"fr-FR\"},{\"@type\":\"Person\",\"@id\":\"https:\/\/www.africa-press.net\/djibouti\/#\/schema\/person\/2b1cf3cd81a31e3cd26889ca66d677f1\",\"name\":\"cfeditorfr\"}]}<\/script>\n<!-- \/ Yoast SEO Premium plugin. -->","yoast_head_json":{"title":"Atelier de cl\u00f4ture du projet \u00ab Fonds r\u00e9gional pour le renforcement de la r\u00e9silience \u00e0 la s\u00e9cheresse \u00bb - Djibouti","description":"Sous le haut patronage du ministre de l\u2019agriculture, de l\u2019eau, de la pe\u0302che, de l\u2019e\u0301levage et des ressources halieuti ...","robots":{"index":"index","follow":"follow","max-snippet":"max-snippet:-1","max-image-preview":"max-image-preview:large","max-video-preview":"max-video-preview:-1"},"canonical":"https:\/\/www.africa-press.net\/djibouti\/economie\/atelier-de-cloture-du-projet-fonds-regional-pour-le-renforcement-de-la-resilience-a-la-secheresse","og_locale":"fr_FR","og_type":"article","og_title":"Atelier de cl\u00f4ture du projet \u00ab Fonds r\u00e9gional pour le renforcement de la r\u00e9silience \u00e0 la s\u00e9cheresse \u00bb","og_description":"Sous le haut patronage du ministre de l\u2019agriculture, de l\u2019eau, de la pe\u0302che, de l\u2019e\u0301levage et des ressources halieuti ...","og_url":"https:\/\/www.africa-press.net\/djibouti\/economie\/atelier-de-cloture-du-projet-fonds-regional-pour-le-renforcement-de-la-resilience-a-la-secheresse","og_site_name":"Djibouti","article_published_time":"2023-08-15T13:31:05+00:00","article_modified_time":"2023-08-15T14:24:54+00:00","og_image":[{"width":720,"height":480,"url":"https:\/\/static.africa-press.net\/djibouti\/sites\/52\/2023\/08\/sm_1692096832.911644.jpg","type":"image\/jpeg"}],"author":"cfeditorfr","twitter_card":"summary_large_image","twitter_misc":{"\u00c9crit par":"cfeditorfr","Dur\u00e9e de lecture estim\u00e9e":"6 minutes"},"schema":{"@context":"https:\/\/schema.org","@graph":[{"@type":"Article","@id":"https:\/\/www.africa-press.net\/djibouti\/economie\/atelier-de-cloture-du-projet-fonds-regional-pour-le-renforcement-de-la-resilience-a-la-secheresse#article","isPartOf":{"@id":"https:\/\/www.africa-press.net\/djibouti\/economie\/atelier-de-cloture-du-projet-fonds-regional-pour-le-renforcement-de-la-resilience-a-la-secheresse"},"author":{"name":"cfeditorfr","@id":"https:\/\/www.africa-press.net\/djibouti\/#\/schema\/person\/2b1cf3cd81a31e3cd26889ca66d677f1"},"headline":"Atelier de cl\u00f4ture du projet \u00ab Fonds r\u00e9gional pour le renforcement de la r\u00e9silience \u00e0 la s\u00e9cheresse \u00bb","datePublished":"2023-08-15T13:31:05+00:00","dateModified":"2023-08-15T14:24:54+00:00","mainEntityOfPage":{"@id":"https:\/\/www.africa-press.net\/djibouti\/economie\/atelier-de-cloture-du-projet-fonds-regional-pour-le-renforcement-de-la-resilience-a-la-secheresse"},"wordCount":1373,"commentCount":0,"image":{"@id":"https:\/\/www.africa-press.net\/djibouti\/economie\/atelier-de-cloture-du-projet-fonds-regional-pour-le-renforcement-de-la-resilience-a-la-secheresse#primaryimage"},"thumbnailUrl":"https:\/\/static.africa-press.net\/djibouti\/sites\/52\/2023\/08\/sm_1692096832.911644.jpg","keywords":["Africa Press","Africa Press-Djibouti","Djibouti"],"articleSection":["\u00c9conomie","Photo","Top Nouvelles","Toutes les actualit\u00e9s"],"inLanguage":"fr-FR","potentialAction":[{"@type":"CommentAction","name":"Comment","target":["https:\/\/www.africa-press.net\/djibouti\/economie\/atelier-de-cloture-du-projet-fonds-regional-pour-le-renforcement-de-la-resilience-a-la-secheresse#respond"]}]},{"@type":"WebPage","@id":"https:\/\/www.africa-press.net\/djibouti\/economie\/atelier-de-cloture-du-projet-fonds-regional-pour-le-renforcement-de-la-resilience-a-la-secheresse","url":"https:\/\/www.africa-press.net\/djibouti\/economie\/atelier-de-cloture-du-projet-fonds-regional-pour-le-renforcement-de-la-resilience-a-la-secheresse","name":"Atelier de cl\u00f4ture du projet \u00ab Fonds r\u00e9gional pour le renforcement de la r\u00e9silience \u00e0 la s\u00e9cheresse \u00bb - Djibouti","isPartOf":{"@id":"https:\/\/www.africa-press.net\/djibouti\/#website"},"primaryImageOfPage":{"@id":"https:\/\/www.africa-press.net\/djibouti\/economie\/atelier-de-cloture-du-projet-fonds-regional-pour-le-renforcement-de-la-resilience-a-la-secheresse#primaryimage"},"image":{"@id":"https:\/\/www.africa-press.net\/djibouti\/economie\/atelier-de-cloture-du-projet-fonds-regional-pour-le-renforcement-de-la-resilience-a-la-secheresse#primaryimage"},"thumbnailUrl":"https:\/\/static.africa-press.net\/djibouti\/sites\/52\/2023\/08\/sm_1692096832.911644.jpg","datePublished":"2023-08-15T13:31:05+00:00","dateModified":"2023-08-15T14:24:54+00:00","author":{"@id":"https:\/\/www.africa-press.net\/djibouti\/#\/schema\/person\/2b1cf3cd81a31e3cd26889ca66d677f1"},"description":"Sous le haut patronage du ministre de l\u2019agriculture, de l\u2019eau, de la pe\u0302che, de l\u2019e\u0301levage et des ressources halieuti ...","breadcrumb":{"@id":"https:\/\/www.africa-press.net\/djibouti\/economie\/atelier-de-cloture-du-projet-fonds-regional-pour-le-renforcement-de-la-resilience-a-la-secheresse#breadcrumb"},"inLanguage":"fr-FR","potentialAction":[{"@type":"ReadAction","target":["https:\/\/www.africa-press.net\/djibouti\/economie\/atelier-de-cloture-du-projet-fonds-regional-pour-le-renforcement-de-la-resilience-a-la-secheresse"]}]},{"@type":"ImageObject","inLanguage":"fr-FR","@id":"https:\/\/www.africa-press.net\/djibouti\/economie\/atelier-de-cloture-du-projet-fonds-regional-pour-le-renforcement-de-la-resilience-a-la-secheresse#primaryimage","url":"https:\/\/static.africa-press.net\/djibouti\/sites\/52\/2023\/08\/sm_1692096832.911644.jpg","contentUrl":"https:\/\/static.africa-press.net\/djibouti\/sites\/52\/2023\/08\/sm_1692096832.911644.jpg","width":720,"height":480,"caption":"Atelier de cl\u00f4ture du projet \u00ab Fonds r\u00e9gional pour le renforcement de la r\u00e9silience \u00e0 la s\u00e9cheresse \u00bb"},{"@type":"BreadcrumbList","@id":"https:\/\/www.africa-press.net\/djibouti\/economie\/atelier-de-cloture-du-projet-fonds-regional-pour-le-renforcement-de-la-resilience-a-la-secheresse#breadcrumb","itemListElement":[{"@type":"ListItem","position":1,"name":"Accueil","item":"https:\/\/www.africa-press.net\/djibouti\/"},{"@type":"ListItem","position":2,"name":"Atelier de cl\u00f4ture du projet \u00ab Fonds r\u00e9gional pour le renforcement de la r\u00e9silience \u00e0 la s\u00e9cheresse \u00bb"}]},{"@type":"WebSite","@id":"https:\/\/www.africa-press.net\/djibouti\/#website","url":"https:\/\/www.africa-press.net\/djibouti\/","name":"Djibouti","description":"Just another Africa News Agency Sites site","potentialAction":[{"@type":"SearchAction","target":{"@type":"EntryPoint","urlTemplate":"https:\/\/www.africa-press.net\/djibouti\/?s={search_term_string}"},"query-input":{"@type":"PropertyValueSpecification","valueRequired":true,"valueName":"search_term_string"}}],"inLanguage":"fr-FR"},{"@type":"Person","@id":"https:\/\/www.africa-press.net\/djibouti\/#\/schema\/person\/2b1cf3cd81a31e3cd26889ca66d677f1","name":"cfeditorfr"}]}},"_links":{"self":[{"href":"https:\/\/www.africa-press.net\/djibouti\/wp-json\/wp\/v2\/posts\/16670","targetHints":{"allow":["GET"]}}],"collection":[{"href":"https:\/\/www.africa-press.net\/djibouti\/wp-json\/wp\/v2\/posts"}],"about":[{"href":"https:\/\/www.africa-press.net\/djibouti\/wp-json\/wp\/v2\/types\/post"}],"author":[{"embeddable":true,"href":"https:\/\/www.africa-press.net\/djibouti\/wp-json\/wp\/v2\/users\/82"}],"replies":[{"embeddable":true,"href":"https:\/\/www.africa-press.net\/djibouti\/wp-json\/wp\/v2\/comments?post=16670"}],"version-history":[{"count":0,"href":"https:\/\/www.africa-press.net\/djibouti\/wp-json\/wp\/v2\/posts\/16670\/revisions"}],"wp:featuredmedia":[{"embeddable":true,"href":"https:\/\/www.africa-press.net\/djibouti\/wp-json\/wp\/v2\/media\/16669"}],"wp:attachment":[{"href":"https:\/\/www.africa-press.net\/djibouti\/wp-json\/wp\/v2\/media?parent=16670"}],"wp:term":[{"taxonomy":"category","embeddable":true,"href":"https:\/\/www.africa-press.net\/djibouti\/wp-json\/wp\/v2\/categories?post=16670"},{"taxonomy":"post_tag","embeddable":true,"href":"https:\/\/www.africa-press.net\/djibouti\/wp-json\/wp\/v2\/tags?post=16670"}],"curies":[{"name":"wp","href":"https:\/\/api.w.org\/{rel}","templated":true}]}}