{"id":16682,"date":"2023-08-15T13:58:27","date_gmt":"2023-08-15T13:58:27","guid":{"rendered":"https:\/\/www.africa-press.net\/djibouti\/politique\/musk-vs-zuckerberg-ce-quil-faut-savoir-sur-leur-combat-de-mma"},"modified":"2023-08-15T14:58:48","modified_gmt":"2023-08-15T14:58:48","slug":"musk-vs-zuckerberg-ce-quil-faut-savoir-sur-leur-combat-de-mma","status":"publish","type":"post","link":"https:\/\/www.africa-press.net\/djibouti\/toutes-les-actualites\/musk-vs-zuckerberg-ce-quil-faut-savoir-sur-leur-combat-de-mma","title":{"rendered":"Musk vs Zuckerberg\u00a0: ce qu\u2019il faut savoir sur leur combat de MMA"},"content":{"rendered":"<p><span style=\"color: #ff6600\"><strong>Africa-Press &#8211; Djibouti. <\/strong><\/span>Cela pourrait e\u0302tre \u00ab le combat du sie\u0300cle \u00bb. S&rsquo;invectivant depuis plusieurs mois par de\u0301clarations interpose\u0301es sur leurs re\u0301seaux sociaux, les deux milliardaires Elon Musk et Mark Zuckerberg doivent s&rsquo;affronter le 26 aou\u0302t prochain dans une cage de MMA (arts martiaux mixtes). Les patrons respectifs de X (anciennement Twitter) et de Meta (Facebook, Instagram, WhatsApp) semblent de\u0301cide\u0301s a\u0300 re\u0301gler leurs comptes.<\/p>\n<p>Le combat, qui sera retransmis sur X et Meta, pourrait se tenir en Italie dans un \u00ab lieu e\u0301pique \u00bb, selon Musk, et rapporter des millions de dollars de recette. Si les profits re\u0301colte\u0301s seront reverse\u0301s \u00ab aux ve\u0301te\u0301rans \u00bb, la publicite\u0301 qui entoure l&rsquo;e\u0301ve\u0301nement permet aux deux hommes d&rsquo;ame\u0301liorer leur image et de faire diversion sur les proble\u0300mes que traversent leurs entreprises.<\/p>\n<p>Fini le concours de taille de pe\u0301nis. Place au combat. Vu de loin, le clash entre les deux hommes a tout d&rsquo;une guerre d&rsquo;ego pue\u0301rile, tendance viriliste. Mais d&rsquo;ou\u0300 vient leur rivalite\u0301 ? Septembre 2016, un lanceur de Space X explose sur son pas de tir de Floride. La fuse\u0301e devait envoyer dans l&rsquo;espace un satellite de Facebook pour fournir Internet en Afrique. \u00ab Je suis profonde\u0301ment de\u0301c\u0327u d&rsquo;apprendre que l&rsquo;e\u0301chec du lancement de Space X a de\u0301truit notre satellite qui aurait fourni des connexions a\u0300 tant d&rsquo;entrepreneurs et a\u0300 tous les autres, sur le continent \u00bb, re\u0301agit le PDG de Facebook. C&rsquo;est une perte financie\u0300re pour ce dernier, qui se permet une critique publique envers Elon Musk.<\/p>\n<p>En rachetant en octobre 2022 Twitter pour 40 milliards de dollars, l&rsquo;excentrique patron de Tesla vient jouer sur les plates-bandes de Mark Zuckerberg, omnipre\u0301sent sur les re\u0301seaux sociaux avec Facebook (pre\u0300s de 3 milliards d&rsquo;utilisateurs) ou Instagram. Face au risque d&rsquo;un Twitter moins mode\u0301re\u0301 et plus permissif dans les contenus et les e\u0301changes, Zuckerberg lance le 5 juillet Thread, pendant direct de X. \u00ab La concurrence c&rsquo;est bien, la triche non \u00bb, tacle Elon Musk, visiblement agace\u0301. Le milliardaire, seconde fortune mondiale en 2022, enchai\u0302ne alors les de\u0301clarations fracassantes. Il propose un concours de taille de pe\u0301nis a\u0300 Zuckerberg, ou le traite de cocu. Silence radio en face.<\/p>\n<p>\u00ab Envoie-moi un lieu \u00bb, re\u0301pond du tac au tac l&rsquo;inte\u0301resse\u0301 sur Instagram. Les deux hommes se de\u0301fient publiquement. Une histoire qui n&rsquo;est pas sans rappeler celle des rappeurs Booba et Kaaris qui voulaient en de\u0301coudre par le MMA en 2018. Un combat annonce\u0301, plusieurs fois repousse\u0301, qui n&rsquo;aura finalement jamais lieu.<\/p>\n<p>Ce vendredi 11 aou\u0302t sur X, Elon Musk a donne\u0301 un indice sur le lieu ou\u0300 se tiendrait le combat : \u00ab J&rsquo;ai parle\u0301 au Premier ministre italien et au ministre de la Culture. Ils se sont mis d&rsquo;accord sur un lieu e\u0301pique. \u00bb Le ce\u0301le\u0300bre Colise\u0301e de Rome privatise\u0301 pour accueillir l&rsquo;e\u0301ve\u0301nement ou un autre site historique ? Le paralle\u0300le est rapidement fait avec les gladiateurs de la Rome antique, en tout cas pour Elon Musk. Qu&rsquo;en est-il justement des deux potentiels combattants ?<\/p>\n<p>The fight will be managed by my and Zuck\u2019s foundations (not UFC).<\/p>\n<p>Livestream will be on this platform and Meta. Everything in camera frame will be ancient Rome, so nothing modern at all.<\/p>\n<p>I spoke to the PM of Italy and Minister of Culture. They have agreed on an epic location.<\/p>\n<p>D&rsquo;un co\u0302te\u0301, Elon Musk, 52 ans, plus connu pour fumer un joint en pleine interview radio que pour e\u0302tre assidu a\u0300 la salle de sport. De plus, l&rsquo;homme d&rsquo;affaires a une plaque en titane qui maintient deux de ses verte\u0300bres. Pas de souci de ce co\u0302te\u0301-la\u0300, mais \u00ab il y a un proble\u0300me avec mon omoplate droite qui frotte contre mes co\u0302tes, ce qui ne\u0301cessite une intervention chirurgicale mineure. La re\u0301cupe\u0301ration ne prendra que quelques mois \u00bb, glisse-t-il en re\u0301ponse a\u0300 un internaute. Sur une photo poste\u0301e le 4 juillet, il prend la pose avec le Canadien Georges Saint-Pierre. Ce dernier est conside\u0301re\u0301 comme l&rsquo;un des meilleurs combattants de MMA, sacre\u0301 sept fois champion en UFC dans sa cate\u0301gorie.<\/p>\n<p>De l&rsquo;autre, Mark Zuckerberg, 39 ans, affiche, semble-t-il, une meilleure forme et une meilleure hygie\u0300ne de vie. Depuis la pande\u0301mie, le patron de Meta pratique le jiu-jitsu, un sport de combat qui se pratique au sol. Il est alle\u0301 jusqu&rsquo;a\u0300 gagner l&rsquo;or et l&rsquo;argent dans un tournoi officiel en mai dernier. Le me\u0302me mois, il se vante d&rsquo;avoir re\u0301alise\u0301 en moins de 40 minutes le \u00ab Murph \u00bb [issu du CrossFit, NDLR], qui consiste a\u0300 courir un mile, puis faire 100 tractions, 200 pompes, 300 squats, puis de recourir un mile, le tout avec un gilet leste\u0301 de 20 livres (9 kg). Mark Zuckerberg apparai\u0302t lui aussi bien entoure\u0301 : sur une photo poste\u0301e sur son compte Instagram, \u00ab Zuck \u00bb affiche son physique athle\u0301tique, encadre\u0301 par Israel Adesanya et Alexander Volkanovski, respectivement champion actuel des poids moyens (- 84 kg) et champion des poids plumes (- 66 kg) en UFC. Rien que c\u0327a !<\/p>\n<p>Le combat pourrait potentiellement rapporter des millions de dollars de be\u0301ne\u0301fices. De\u0301passeront-ils les 600 millions qu&rsquo;a ge\u0301ne\u0301re\u0301s le pre\u0301ce\u0301dent \u00ab combat du sie\u0300cle \u00bb, entre la star du MMA Conor McGregor et le champion de boxe Floyd Mayweather en 2017 ? Les deux milliardaires en tout cas n&#8217;empocheront rien, \u00ab tous les profits vont aux ve\u0301te\u0301rans \u00bb, a assure\u0301 Musk.<\/p>\n<p>En acceptant ce combat, Mark Zuckerberg compte sans doute faire oublier les derniers coups durs subis par Meta. E\u0301pingle\u0301 en 2018 par une commission d&rsquo;enque\u0302te du Congre\u0300s ame\u0301ricain sur la protection des donne\u0301es des utilisateurs de Facebook, le voila\u0300 oblige\u0301 en mars 2023 d&rsquo;annoncer la suppression de 10 000 emplois, face a\u0300 la concurrence de TikTok.<\/p>\n<p>Reste une interrogation : quelle re\u0301percussion pourrait avoir cette ope\u0301ration sur les actions en Bourse de Meta ou des entreprises d&rsquo;Elon Musk ? Re\u0301ponse apre\u0300s le combat. S&rsquo;il a bien lieu&#8230;<\/p>\n<p><strong>Pour plus d&rsquo;informations et d&rsquo;analyses sur la <a href=\"https:\/\/www.africa-press.net\/djibouti\">Djibouti<\/a>, suivez <a href=\"https:\/\/www.africa-press.net\/\">Africa-Press<\/a><\/strong><\/p>\n","protected":false},"excerpt":{"rendered":"<p>Africa-Press &#8211; Djibouti. Cela pourrait e\u0302tre \u00ab le combat du sie\u0300cle \u00bb. S&rsquo;invectivant depuis plusieurs mois par de\u0301clarations interpose\u0301es sur leurs re\u0301seaux sociaux, les deux milliardaires Elon Musk et Mark Zuckerberg doivent s&rsquo;affronter le 26 aou\u0302t prochain dans une cage de MMA (arts martiaux mixtes). Les patrons respectifs de X (anciennement Twitter) et de Meta [&hellip;]<\/p>\n","protected":false},"author":82,"featured_media":16681,"comment_status":"open","ping_status":"closed","sticky":false,"template":"","format":"standard","meta":{"footnotes":""},"categories":[22,10],"tags":[36,49,50],"class_list":["post-16682","post","type-post","status-publish","format-standard","has-post-thumbnail","hentry","category-divers","category-toutes-les-actualites","tag-africa-press","tag-africa-press-djibouti","tag-djibouti"],"yoast_head":"<!-- This site is optimized with the Yoast SEO Premium plugin v26.1 (Yoast SEO v27.0) - https:\/\/yoast.com\/product\/yoast-seo-premium-wordpress\/ -->\n<title>Musk vs Zuckerberg\u00a0: ce qu\u2019il faut savoir sur leur combat de MMA - Djibouti<\/title>\n<meta name=\"description\" content=\"Cela pourrait e\u0302tre \u00ab le combat du sie\u0300cle \u00bb. S&#039;invectivant depuis plusieurs mois par de\u0301clarations interpose\u0301es sur leu ...\" \/>\n<meta name=\"robots\" content=\"index, follow, max-snippet:-1, max-image-preview:large, max-video-preview:-1\" \/>\n<link rel=\"canonical\" href=\"https:\/\/www.africa-press.net\/djibouti\/toutes-les-actualites\/musk-vs-zuckerberg-ce-quil-faut-savoir-sur-leur-combat-de-mma\" \/>\n<meta property=\"og:locale\" content=\"fr_FR\" \/>\n<meta property=\"og:type\" content=\"article\" \/>\n<meta property=\"og:title\" content=\"Musk vs Zuckerberg\u00a0: ce qu\u2019il faut savoir sur leur combat de MMA\" \/>\n<meta property=\"og:description\" content=\"Cela pourrait e\u0302tre \u00ab le combat du sie\u0300cle \u00bb. S&#039;invectivant depuis plusieurs mois par de\u0301clarations interpose\u0301es sur leu ...\" \/>\n<meta property=\"og:url\" content=\"https:\/\/www.africa-press.net\/djibouti\/toutes-les-actualites\/musk-vs-zuckerberg-ce-quil-faut-savoir-sur-leur-combat-de-mma\" \/>\n<meta property=\"og:site_name\" content=\"Djibouti\" \/>\n<meta property=\"article:published_time\" content=\"2023-08-15T13:58:27+00:00\" \/>\n<meta property=\"article:modified_time\" content=\"2023-08-15T14:58:48+00:00\" \/>\n<meta property=\"og:image\" content=\"https:\/\/static.africa-press.net\/djibouti\/sites\/52\/2023\/08\/sm_1692098805.12019.jpg\" \/>\n\t<meta property=\"og:image:width\" content=\"482\" \/>\n\t<meta property=\"og:image:height\" content=\"287\" \/>\n\t<meta property=\"og:image:type\" content=\"image\/jpeg\" \/>\n<meta name=\"author\" content=\"cfeditorfr\" \/>\n<meta name=\"twitter:card\" content=\"summary_large_image\" \/>\n<meta name=\"twitter:label1\" content=\"\u00c9crit par\" \/>\n\t<meta name=\"twitter:data1\" content=\"cfeditorfr\" \/>\n\t<meta name=\"twitter:label2\" content=\"Dur\u00e9e de lecture estim\u00e9e\" \/>\n\t<meta name=\"twitter:data2\" content=\"5 minutes\" \/>\n<script type=\"application\/ld+json\" class=\"yoast-schema-graph\">{\"@context\":\"https:\/\/schema.org\",\"@graph\":[{\"@type\":\"Article\",\"@id\":\"https:\/\/www.africa-press.net\/djibouti\/toutes-les-actualites\/musk-vs-zuckerberg-ce-quil-faut-savoir-sur-leur-combat-de-mma#article\",\"isPartOf\":{\"@id\":\"https:\/\/www.africa-press.net\/djibouti\/toutes-les-actualites\/musk-vs-zuckerberg-ce-quil-faut-savoir-sur-leur-combat-de-mma\"},\"author\":{\"name\":\"cfeditorfr\",\"@id\":\"https:\/\/www.africa-press.net\/djibouti\/#\/schema\/person\/2b1cf3cd81a31e3cd26889ca66d677f1\"},\"headline\":\"Musk vs Zuckerberg\u00a0: ce qu\u2019il faut savoir sur leur combat de MMA\",\"datePublished\":\"2023-08-15T13:58:27+00:00\",\"dateModified\":\"2023-08-15T14:58:48+00:00\",\"mainEntityOfPage\":{\"@id\":\"https:\/\/www.africa-press.net\/djibouti\/toutes-les-actualites\/musk-vs-zuckerberg-ce-quil-faut-savoir-sur-leur-combat-de-mma\"},\"wordCount\":1058,\"commentCount\":0,\"image\":{\"@id\":\"https:\/\/www.africa-press.net\/djibouti\/toutes-les-actualites\/musk-vs-zuckerberg-ce-quil-faut-savoir-sur-leur-combat-de-mma#primaryimage\"},\"thumbnailUrl\":\"https:\/\/static.africa-press.net\/djibouti\/sites\/52\/2023\/08\/sm_1692098805.12019.jpg\",\"keywords\":[\"Africa Press\",\"Africa Press-Djibouti\",\"Djibouti\"],\"articleSection\":[\"Divers\",\"Toutes les actualit\u00e9s\"],\"inLanguage\":\"fr-FR\",\"potentialAction\":[{\"@type\":\"CommentAction\",\"name\":\"Comment\",\"target\":[\"https:\/\/www.africa-press.net\/djibouti\/toutes-les-actualites\/musk-vs-zuckerberg-ce-quil-faut-savoir-sur-leur-combat-de-mma#respond\"]}]},{\"@type\":\"WebPage\",\"@id\":\"https:\/\/www.africa-press.net\/djibouti\/toutes-les-actualites\/musk-vs-zuckerberg-ce-quil-faut-savoir-sur-leur-combat-de-mma\",\"url\":\"https:\/\/www.africa-press.net\/djibouti\/toutes-les-actualites\/musk-vs-zuckerberg-ce-quil-faut-savoir-sur-leur-combat-de-mma\",\"name\":\"Musk vs Zuckerberg\u00a0: ce qu\u2019il faut savoir sur leur combat de MMA - Djibouti\",\"isPartOf\":{\"@id\":\"https:\/\/www.africa-press.net\/djibouti\/#website\"},\"primaryImageOfPage\":{\"@id\":\"https:\/\/www.africa-press.net\/djibouti\/toutes-les-actualites\/musk-vs-zuckerberg-ce-quil-faut-savoir-sur-leur-combat-de-mma#primaryimage\"},\"image\":{\"@id\":\"https:\/\/www.africa-press.net\/djibouti\/toutes-les-actualites\/musk-vs-zuckerberg-ce-quil-faut-savoir-sur-leur-combat-de-mma#primaryimage\"},\"thumbnailUrl\":\"https:\/\/static.africa-press.net\/djibouti\/sites\/52\/2023\/08\/sm_1692098805.12019.jpg\",\"datePublished\":\"2023-08-15T13:58:27+00:00\",\"dateModified\":\"2023-08-15T14:58:48+00:00\",\"author\":{\"@id\":\"https:\/\/www.africa-press.net\/djibouti\/#\/schema\/person\/2b1cf3cd81a31e3cd26889ca66d677f1\"},\"description\":\"Cela pourrait e\u0302tre \u00ab le combat du sie\u0300cle \u00bb. S'invectivant depuis plusieurs mois par de\u0301clarations interpose\u0301es sur leu ...\",\"breadcrumb\":{\"@id\":\"https:\/\/www.africa-press.net\/djibouti\/toutes-les-actualites\/musk-vs-zuckerberg-ce-quil-faut-savoir-sur-leur-combat-de-mma#breadcrumb\"},\"inLanguage\":\"fr-FR\",\"potentialAction\":[{\"@type\":\"ReadAction\",\"target\":[\"https:\/\/www.africa-press.net\/djibouti\/toutes-les-actualites\/musk-vs-zuckerberg-ce-quil-faut-savoir-sur-leur-combat-de-mma\"]}]},{\"@type\":\"ImageObject\",\"inLanguage\":\"fr-FR\",\"@id\":\"https:\/\/www.africa-press.net\/djibouti\/toutes-les-actualites\/musk-vs-zuckerberg-ce-quil-faut-savoir-sur-leur-combat-de-mma#primaryimage\",\"url\":\"https:\/\/static.africa-press.net\/djibouti\/sites\/52\/2023\/08\/sm_1692098805.12019.jpg\",\"contentUrl\":\"https:\/\/static.africa-press.net\/djibouti\/sites\/52\/2023\/08\/sm_1692098805.12019.jpg\",\"width\":482,\"height\":287,\"caption\":\"Musk vs Zuckerberg\u00a0: ce qu\u2019il faut savoir sur leur combat de MMA\"},{\"@type\":\"BreadcrumbList\",\"@id\":\"https:\/\/www.africa-press.net\/djibouti\/toutes-les-actualites\/musk-vs-zuckerberg-ce-quil-faut-savoir-sur-leur-combat-de-mma#breadcrumb\",\"itemListElement\":[{\"@type\":\"ListItem\",\"position\":1,\"name\":\"Accueil\",\"item\":\"https:\/\/www.africa-press.net\/djibouti\/\"},{\"@type\":\"ListItem\",\"position\":2,\"name\":\"Musk vs Zuckerberg\u00a0: ce qu\u2019il faut savoir sur leur combat de MMA\"}]},{\"@type\":\"WebSite\",\"@id\":\"https:\/\/www.africa-press.net\/djibouti\/#website\",\"url\":\"https:\/\/www.africa-press.net\/djibouti\/\",\"name\":\"Djibouti\",\"description\":\"Just another Africa News Agency Sites site\",\"potentialAction\":[{\"@type\":\"SearchAction\",\"target\":{\"@type\":\"EntryPoint\",\"urlTemplate\":\"https:\/\/www.africa-press.net\/djibouti\/?s={search_term_string}\"},\"query-input\":{\"@type\":\"PropertyValueSpecification\",\"valueRequired\":true,\"valueName\":\"search_term_string\"}}],\"inLanguage\":\"fr-FR\"},{\"@type\":\"Person\",\"@id\":\"https:\/\/www.africa-press.net\/djibouti\/#\/schema\/person\/2b1cf3cd81a31e3cd26889ca66d677f1\",\"name\":\"cfeditorfr\"}]}<\/script>\n<!-- \/ Yoast SEO Premium plugin. -->","yoast_head_json":{"title":"Musk vs Zuckerberg\u00a0: ce qu\u2019il faut savoir sur leur combat de MMA - Djibouti","description":"Cela pourrait e\u0302tre \u00ab le combat du sie\u0300cle \u00bb. S'invectivant depuis plusieurs mois par de\u0301clarations interpose\u0301es sur leu ...","robots":{"index":"index","follow":"follow","max-snippet":"max-snippet:-1","max-image-preview":"max-image-preview:large","max-video-preview":"max-video-preview:-1"},"canonical":"https:\/\/www.africa-press.net\/djibouti\/toutes-les-actualites\/musk-vs-zuckerberg-ce-quil-faut-savoir-sur-leur-combat-de-mma","og_locale":"fr_FR","og_type":"article","og_title":"Musk vs Zuckerberg\u00a0: ce qu\u2019il faut savoir sur leur combat de MMA","og_description":"Cela pourrait e\u0302tre \u00ab le combat du sie\u0300cle \u00bb. S'invectivant depuis plusieurs mois par de\u0301clarations interpose\u0301es sur leu ...","og_url":"https:\/\/www.africa-press.net\/djibouti\/toutes-les-actualites\/musk-vs-zuckerberg-ce-quil-faut-savoir-sur-leur-combat-de-mma","og_site_name":"Djibouti","article_published_time":"2023-08-15T13:58:27+00:00","article_modified_time":"2023-08-15T14:58:48+00:00","og_image":[{"width":482,"height":287,"url":"https:\/\/static.africa-press.net\/djibouti\/sites\/52\/2023\/08\/sm_1692098805.12019.jpg","type":"image\/jpeg"}],"author":"cfeditorfr","twitter_card":"summary_large_image","twitter_misc":{"\u00c9crit par":"cfeditorfr","Dur\u00e9e de lecture estim\u00e9e":"5 minutes"},"schema":{"@context":"https:\/\/schema.org","@graph":[{"@type":"Article","@id":"https:\/\/www.africa-press.net\/djibouti\/toutes-les-actualites\/musk-vs-zuckerberg-ce-quil-faut-savoir-sur-leur-combat-de-mma#article","isPartOf":{"@id":"https:\/\/www.africa-press.net\/djibouti\/toutes-les-actualites\/musk-vs-zuckerberg-ce-quil-faut-savoir-sur-leur-combat-de-mma"},"author":{"name":"cfeditorfr","@id":"https:\/\/www.africa-press.net\/djibouti\/#\/schema\/person\/2b1cf3cd81a31e3cd26889ca66d677f1"},"headline":"Musk vs Zuckerberg\u00a0: ce qu\u2019il faut savoir sur leur combat de MMA","datePublished":"2023-08-15T13:58:27+00:00","dateModified":"2023-08-15T14:58:48+00:00","mainEntityOfPage":{"@id":"https:\/\/www.africa-press.net\/djibouti\/toutes-les-actualites\/musk-vs-zuckerberg-ce-quil-faut-savoir-sur-leur-combat-de-mma"},"wordCount":1058,"commentCount":0,"image":{"@id":"https:\/\/www.africa-press.net\/djibouti\/toutes-les-actualites\/musk-vs-zuckerberg-ce-quil-faut-savoir-sur-leur-combat-de-mma#primaryimage"},"thumbnailUrl":"https:\/\/static.africa-press.net\/djibouti\/sites\/52\/2023\/08\/sm_1692098805.12019.jpg","keywords":["Africa Press","Africa Press-Djibouti","Djibouti"],"articleSection":["Divers","Toutes les actualit\u00e9s"],"inLanguage":"fr-FR","potentialAction":[{"@type":"CommentAction","name":"Comment","target":["https:\/\/www.africa-press.net\/djibouti\/toutes-les-actualites\/musk-vs-zuckerberg-ce-quil-faut-savoir-sur-leur-combat-de-mma#respond"]}]},{"@type":"WebPage","@id":"https:\/\/www.africa-press.net\/djibouti\/toutes-les-actualites\/musk-vs-zuckerberg-ce-quil-faut-savoir-sur-leur-combat-de-mma","url":"https:\/\/www.africa-press.net\/djibouti\/toutes-les-actualites\/musk-vs-zuckerberg-ce-quil-faut-savoir-sur-leur-combat-de-mma","name":"Musk vs Zuckerberg\u00a0: ce qu\u2019il faut savoir sur leur combat de MMA - Djibouti","isPartOf":{"@id":"https:\/\/www.africa-press.net\/djibouti\/#website"},"primaryImageOfPage":{"@id":"https:\/\/www.africa-press.net\/djibouti\/toutes-les-actualites\/musk-vs-zuckerberg-ce-quil-faut-savoir-sur-leur-combat-de-mma#primaryimage"},"image":{"@id":"https:\/\/www.africa-press.net\/djibouti\/toutes-les-actualites\/musk-vs-zuckerberg-ce-quil-faut-savoir-sur-leur-combat-de-mma#primaryimage"},"thumbnailUrl":"https:\/\/static.africa-press.net\/djibouti\/sites\/52\/2023\/08\/sm_1692098805.12019.jpg","datePublished":"2023-08-15T13:58:27+00:00","dateModified":"2023-08-15T14:58:48+00:00","author":{"@id":"https:\/\/www.africa-press.net\/djibouti\/#\/schema\/person\/2b1cf3cd81a31e3cd26889ca66d677f1"},"description":"Cela pourrait e\u0302tre \u00ab le combat du sie\u0300cle \u00bb. S'invectivant depuis plusieurs mois par de\u0301clarations interpose\u0301es sur leu ...","breadcrumb":{"@id":"https:\/\/www.africa-press.net\/djibouti\/toutes-les-actualites\/musk-vs-zuckerberg-ce-quil-faut-savoir-sur-leur-combat-de-mma#breadcrumb"},"inLanguage":"fr-FR","potentialAction":[{"@type":"ReadAction","target":["https:\/\/www.africa-press.net\/djibouti\/toutes-les-actualites\/musk-vs-zuckerberg-ce-quil-faut-savoir-sur-leur-combat-de-mma"]}]},{"@type":"ImageObject","inLanguage":"fr-FR","@id":"https:\/\/www.africa-press.net\/djibouti\/toutes-les-actualites\/musk-vs-zuckerberg-ce-quil-faut-savoir-sur-leur-combat-de-mma#primaryimage","url":"https:\/\/static.africa-press.net\/djibouti\/sites\/52\/2023\/08\/sm_1692098805.12019.jpg","contentUrl":"https:\/\/static.africa-press.net\/djibouti\/sites\/52\/2023\/08\/sm_1692098805.12019.jpg","width":482,"height":287,"caption":"Musk vs Zuckerberg\u00a0: ce qu\u2019il faut savoir sur leur combat de MMA"},{"@type":"BreadcrumbList","@id":"https:\/\/www.africa-press.net\/djibouti\/toutes-les-actualites\/musk-vs-zuckerberg-ce-quil-faut-savoir-sur-leur-combat-de-mma#breadcrumb","itemListElement":[{"@type":"ListItem","position":1,"name":"Accueil","item":"https:\/\/www.africa-press.net\/djibouti\/"},{"@type":"ListItem","position":2,"name":"Musk vs Zuckerberg\u00a0: ce qu\u2019il faut savoir sur leur combat de MMA"}]},{"@type":"WebSite","@id":"https:\/\/www.africa-press.net\/djibouti\/#website","url":"https:\/\/www.africa-press.net\/djibouti\/","name":"Djibouti","description":"Just another Africa News Agency Sites site","potentialAction":[{"@type":"SearchAction","target":{"@type":"EntryPoint","urlTemplate":"https:\/\/www.africa-press.net\/djibouti\/?s={search_term_string}"},"query-input":{"@type":"PropertyValueSpecification","valueRequired":true,"valueName":"search_term_string"}}],"inLanguage":"fr-FR"},{"@type":"Person","@id":"https:\/\/www.africa-press.net\/djibouti\/#\/schema\/person\/2b1cf3cd81a31e3cd26889ca66d677f1","name":"cfeditorfr"}]}},"_links":{"self":[{"href":"https:\/\/www.africa-press.net\/djibouti\/wp-json\/wp\/v2\/posts\/16682","targetHints":{"allow":["GET"]}}],"collection":[{"href":"https:\/\/www.africa-press.net\/djibouti\/wp-json\/wp\/v2\/posts"}],"about":[{"href":"https:\/\/www.africa-press.net\/djibouti\/wp-json\/wp\/v2\/types\/post"}],"author":[{"embeddable":true,"href":"https:\/\/www.africa-press.net\/djibouti\/wp-json\/wp\/v2\/users\/82"}],"replies":[{"embeddable":true,"href":"https:\/\/www.africa-press.net\/djibouti\/wp-json\/wp\/v2\/comments?post=16682"}],"version-history":[{"count":0,"href":"https:\/\/www.africa-press.net\/djibouti\/wp-json\/wp\/v2\/posts\/16682\/revisions"}],"wp:featuredmedia":[{"embeddable":true,"href":"https:\/\/www.africa-press.net\/djibouti\/wp-json\/wp\/v2\/media\/16681"}],"wp:attachment":[{"href":"https:\/\/www.africa-press.net\/djibouti\/wp-json\/wp\/v2\/media?parent=16682"}],"wp:term":[{"taxonomy":"category","embeddable":true,"href":"https:\/\/www.africa-press.net\/djibouti\/wp-json\/wp\/v2\/categories?post=16682"},{"taxonomy":"post_tag","embeddable":true,"href":"https:\/\/www.africa-press.net\/djibouti\/wp-json\/wp\/v2\/tags?post=16682"}],"curies":[{"name":"wp","href":"https:\/\/api.w.org\/{rel}","templated":true}]}}