{"id":16716,"date":"2023-08-16T13:32:31","date_gmt":"2023-08-16T13:32:31","guid":{"rendered":"https:\/\/www.africa-press.net\/djibouti\/politique\/entretien-exclusif-la-republique-de-djibouti-a-fait-des-pas-importants-vers-le-renforcement-de-la-gouvernance-migratoire-avec-la-mise-en-place-du-mecanisme-national-de-coordination-sur-la-mig"},"modified":"2023-08-16T14:23:12","modified_gmt":"2023-08-16T14:23:12","slug":"entretien-exclusif-la-republique-de-djibouti-a-fait-des-pas-importants-vers-le-renforcement-de-la-gouvernance-migratoire-avec-la-mise-en-place-du-mecanisme-national-de-coordination-sur-la-mig","status":"publish","type":"post","link":"https:\/\/www.africa-press.net\/djibouti\/politique\/entretien-exclusif-la-republique-de-djibouti-a-fait-des-pas-importants-vers-le-renforcement-de-la-gouvernance-migratoire-avec-la-mise-en-place-du-mecanisme-national-de-coordination-sur-la-mig","title":{"rendered":"Entretien exclusif : \u00ab La r\u00e9publique de Djibouti a fait des pas importants vers le renforcement de la gouvernance migratoire avec la mise en place du M\u00e9canisme national de coordination sur la migration \u00bb"},"content":{"rendered":"<p><span style=\"color: #ff6600\"><strong>Africa-Press &#8211; Djibouti. <\/strong><\/span><b> L\u2019Afrique de l\u2019Est connai\u0302t une migration a\u0300 grande e\u0301chelle et ces de\u0301fis migratoires ne\u0301cessitent une approche globale par les pays membres de cette re\u0301gion. A cet effet, nous nous sommes entretenues avec la Repre\u0301sentante de l\u2019OIM, Mme Tanja Pacifico, sur les causes de ces migrations multiples et complexes et s\u2019il existe des programmes re\u0301pondant aux besoins des migrants qui favorisent leurs de\u0301placements. Interview.<\/b><br \/>\n<b>La Nation : Quelles sont les causes principales de la migration en Afrique ?<\/b><\/p>\n<p>Mme Tanja Pacifico : Il est essentiel de reconnai\u0302tre que la migration est un phe\u0301nome\u0300ne complexe et, souvent, de multiples facteurs peuvent interagir. Une compre\u0301hension approfondie des causes de la migration est essentielle pour e\u0301laborer des politiques et des programmes approprie\u0301s qui re\u0301pondent aux besoins des migrants tout en favorisant un mouvement plus su\u0302r, re\u0301gulier et ordonne\u0301.<\/p>\n<p>Entre 2000 et 2019, le nombre de migrants internationaux en Afrique est passe\u0301 de 15,1 millions a\u0300 26,6 millions, soit l\u2019augmentation relative la plus forte (76 %) parmi toutes les grandes re\u0301gions du monde. En 2019, l\u2019Afrique a accueilli 7,3 millions de re\u0301fugie\u0301s (y compris les demandeurs d\u2019asile), soit 25 % de la population mondiale de re\u0301fugie\u0301s (28,7 millions), ce qui signifie qu\u2019un migrant international sur quatre en Afrique est un re\u0301fugie\u0301, contre un migrant international sur dix dans le monde. Les causes de ces migrations sont multiples et complexes.<\/p>\n<p><b>Quels sont les enjeux migratoires qui existent actuellement en Afrique de l\u2019Est et dans la Corne d\u2019Afrique ?<\/b><\/p>\n<p>Actuellement, l\u2019Afrique de l\u2019Est et la Corne d\u2019Afrique connaissent des de\u0301fis et des opportunite\u0301s lie\u0301s a\u0300 la migration. Ces questions sont complexes et multiformes et ont des implications importantes non seulement pour les populations migrantes, mais aussi pour les pays d\u2019accueil et de transit. La migration force\u0301e a\u0300 cause des conflits, catastrophes et inse\u0301curite\u0301 entrai\u0302ne un afflux important de personnes a\u0300 l\u2019inte\u0301rieur du pays, posant des de\u0301fis a\u0300 l\u2019he\u0301bergement et a\u0300 la protection de ces populations vulne\u0301rables.<\/p>\n<p>L\u2019Afrique de l\u2019Est et la Corne de l\u2019Afrique sont le the\u0301a\u0302tre d\u2019une migration e\u0301conomique a\u0300 grande e\u0301chelle, de nombreux immigrants sont a\u0300 la recherche d\u2019opportunite\u0301s d\u2019emploi. Certains migrent vers les E\u0301tats du Golfe, l\u2019Afrique du Sud ou l\u2019Europe, cre\u0301ant un mouvement migratoire mixte dans la re\u0301gion. Ces de\u0301fis migratoires ne\u0301cessitent une approche globale et coordonne\u0301e par les pays membres de cette re\u0301gion, les organisations internationales et les acteurs humanitaires. La coope\u0301ration re\u0301gionale et internationale est essentielle pour relever ces de\u0301fis et assurer la protection et le bien-e\u0302tre des migrants dans la re\u0301gion.<\/p>\n<p>Les tendances de la migration et de la mobilite\u0301 dans l\u2019Est et la Corne de l\u2019Afrique sont tre\u0300s complexes. Conflit, violence, pauvrete\u0301 et les catastrophes lie\u0301es au climat continuent d\u2019e\u0302tre les principaux moteurs de la migration et de la mobilite\u0301 dans la re\u0301gion. Ainsi, les enjeux qui pe\u0300sent sur l\u2019avenir des migrations dans la re\u0301gion sont observables au niveau des zones de de\u0301part, de transit et d\u2019accueil.<\/p>\n<p>Dans les zones de de\u0301part, la pe\u0301nurie de la main-d\u2019\u0153uvre demeure une difficulte\u0301 pour la relance e\u0301conomique bien que les transferts de fonds des travailleurs migrants depuis les zones d\u2019accueil participent au de\u0301veloppement local dans certains contextes. De\u0300s lors, la coope\u0301ration re\u0301gionale et internationale est essentielle pour relever ces de\u0301fis et assurer la protection et le bien-e\u0302tre des migrants dans la re\u0301gion. Ce renforcement de la connaissance de la migration a\u0300 travers une meilleure gouvernance de donne\u0301es migratoires est l\u2019un des principaux de\u0301fis a\u0300 relever pour une re\u0301ponse adapte\u0301e aux diffe\u0301rents enjeux.<\/p>\n<p><b>Pour affermir la gouvernance de la migration, quels sont les plans a\u0300 mener et les aboutissements a\u0300 atteindre ? <\/b><\/p>\n<p>L\u2019e\u0301laboration de politiques migratoires cohe\u0301rentes est primordiale pour une migration ordonne\u0301e su\u0302re et re\u0301gulie\u0300re. Notre partenaire principal est le ministe\u0300re de l\u2019Inte\u0301rieur. La re\u0301publique de Djibouti a fait des pas importants vers le renforcement de la gouvernance migratoire avec la mise en place du Me\u0301canisme national de coordination sur la migration en juillet 2021 ainsi que l\u2019e\u0301laboration et le lancement de la toute premie\u0300re strate\u0301gie nationale de migration et son plan d\u2019action quinquennal. Nous continuons a\u0300 travailler en e\u0301troite collaboration avec le gouvernement pour traduire les objectifs et les engagements du Pacte mondial pour des migrations su\u0302res, ordonne\u0301es et re\u0301gulie\u0300res (GCM) en actions concre\u0300tes, avec le soutien de l\u2019Union Europe\u0301enne et du gouvernement des Etats Unis. La validation de la strate\u0301gie nationale sur la migration est, en ce sens, une e\u0301tape importante et servira de base pour continuer a\u0300 contribuer aux objectifs du GCM.<\/p>\n<p>En supple\u0301ment au renforcement des capacite\u0301s institutionnelles, l\u2019OIM Djibouti facilite l\u2019identification des migrants en situation de vulne\u0301rabilite\u0301, y compris ceux qui sont en danger et qui ont e\u0301te\u0301 expose\u0301s a\u0300 des abus, a\u0300 l\u2019exploitation et a\u0300 la violence pendant leur voyage vers Djibouti, et s\u2019assure qu\u2019ils ont acce\u0300s aux services de protection et d\u2019assistance directe approprie\u0301s. Par l\u2019interme\u0301diaire de son Centre d\u2019Orientation et d\u2019Assistance aux Migrants a\u0300 Obock, l\u2019OIM fournit des services de protection, notamment des services de sante\u0301 mentale et de soutien psychosocial, une assistance aux victimes de violence base\u0301es sur le genre et une orientation vers des services spe\u0301cialise\u0301s.<\/p>\n<p>L\u2019OIM fournit e\u0301galement des services de protection et d\u2019assistance aux enfants migrants a\u0300 Djibouti-ville en partenariat avec CARITAS et SOS Villages. Ces services comprennent une assistance me\u0301dicale et psychosociale ainsi qu\u2019une aide au retour et a\u0300 la re\u0301inte\u0301gration. Des sessions de formation sur diffe\u0301rents sujets de protection sont e\u0301galement organise\u0301es pour les partenaires concerne\u0301s.<\/p>\n<p>Pour faciliter la mobilite\u0301, l\u2019OIM continue de soutenir le gouvernement de Djibouti par l\u2019harmonisation des processus, la gestion de l\u2019information et le renforcement de la capacite\u0301 a\u0300 ge\u0301rer efficacement et effectivement les frontie\u0300res ae\u0301riennes, terrestres et maritimes. Le syste\u0300me d\u2019information et d\u2019analyse des donne\u0301es sur la migration (MIDAS) a e\u0301te\u0301 mis en place dans huit postes frontaliers pour collecter, enregistrer et traiter les informations relatives a\u0300 l\u2019identification des voyageurs.Cependant, le point essentiel est une sensibilisation et communication pour informer le public sur les avantages et les de\u0301fis lie\u0301s a\u0300 la migration est essentielle pour promouvoir une compre\u0301hension plus e\u0301quilibre\u0301e et une perception positive des migrants.<\/p>\n<p>L\u2019OIM accompagne aussi la mise en \u0153uvre de la Strate\u0301gie Nationale pour les migrations de la re\u0301publique de Djibouti, particulie\u0300rement sur le volet renforcement d\u2019une meilleure connaissance des migrations.Pour ce faire, la collecte de donne\u0301es sur les migrants s\u2019ave\u0300re e\u0302tre une des e\u0301tapes capitales dans la connaissance des enjeux de la migration de de\u0301part, de retour et de transit a\u0300 Djibouti. La collecte de donne\u0301es permet alors de disposer des informations utiles a\u0300 me\u0302me d\u2019orienter les de\u0301cisions politiques nationales et d\u2019ame\u0301liorer la protection des migrants et populations de\u0301place\u0301es.<\/p>\n<p><b>Re\u0301cemment l\u2019OIM a organise\u0301 un atelier sur la formation re\u0301gionale des accords bilate\u0301raux de migration de la main d\u2019\u0153uvre, et du recrutement e\u0301thique, quels sont les succe\u0300s qui viendront avec le renforcement institutionnel du cadre juridique dans les questions migratoires des pays membres de l\u2019Afrique de l\u2019Est et de la Corne d\u2019Afrique ?<\/b><\/p>\n<p>La formation re\u0301gionale sur les accords bilate\u0301raux de migration de main-d\u2019\u0153uvre, le recrutement e\u0301thique, le droit international de la migration, les droits des migrants organise\u0301e a\u0300 Djibouti de\u0301but juillet 2023 a connu un succe\u0300s et nous remercions le gouvernement de Djibouti et particulie\u0300rement le ministe\u0300re de l\u2019Inte\u0301rieur et le ministe\u0300re du Travail charge\u0301e de la formalisation et de la protection sociale pour leur soutien et l\u2019accueil re\u0301serve\u0301 aux 11 Etats membres de cette re\u0301gion. La re\u0301union a e\u0301te\u0301 l\u2019occasion de de\u0301montrer l\u2019importance des e\u0301changes entre les Etats membres des pays de l\u2019Afrique de l\u2019Est et de la Corne de l\u2019Afrique, et le choix de tenir cette re\u0301union a\u0300 Djibouti montre e\u0301galement le ro\u0302le important du pays dans la re\u0301gion.<\/p>\n<p>Dans le cas du renforcement institutionnel du cadre juridique, un des objectifs majeurs est justement d\u2019encourager la compre\u0301hension des normes juridiques internationales qui re\u0301gissent la migration. Cela va permettre de renforcer la capacite\u0301 des gouvernements de la re\u0301gion et aborder les questions lie\u0301es a\u0300 la migration de travail visant a\u0300 prote\u0301ger les droits des travailleurs migrants en tenant compte de leurs besoins particuliers et de leurs vulne\u0301rabilite\u0301s.<\/p>\n<p>Les traite\u0301s, le droit coutumier, les principes ge\u0301ne\u0301raux du droit sont des sources essentielles du droit international de la migration. Si les E\u0301tats restent les principaux sujets du droit international, les individus et les organisations internationales jouent e\u0301galement un ro\u0302le important. En comprenant l\u2019essence du droit international de la migration, nous pouvons mieux naviguer dans ses complexite\u0301s et les gouvernements pourront ainsi garantir la sauvegarde des droits des migrants, y compris ceux des travailleurs migrants. Un autre aspect important de cette re\u0301union e\u0301tait d\u2019offrir une plate-forme afin de renforcer le partenariat entre ces 11 pays et permettre d\u2019e\u0301changer sur les bonnes pratiques de\u0301veloppe\u0301es dans d\u2019autres pays.<\/p>\n<p>&nbsp;<\/p>\n<p><strong>Pour plus d&rsquo;informations et d&rsquo;analyses sur la <a href=\"https:\/\/www.africa-press.net\/djibouti\">Djibouti<\/a>, suivez <a href=\"https:\/\/www.africa-press.net\/\">Africa-Press<\/a><\/strong><\/p>\n","protected":false},"excerpt":{"rendered":"<p>Africa-Press &#8211; Djibouti. L\u2019Afrique de l\u2019Est connai\u0302t une migration a\u0300 grande e\u0301chelle et ces de\u0301fis migratoires ne\u0301cessitent une approche globale par les pays membres de cette re\u0301gion. A cet effet, nous nous sommes entretenues avec la Repre\u0301sentante de l\u2019OIM, Mme Tanja Pacifico, sur les causes de ces migrations multiples et complexes et s\u2019il existe des [&hellip;]<\/p>\n","protected":false},"author":82,"featured_media":16715,"comment_status":"open","ping_status":"closed","sticky":false,"template":"","format":"standard","meta":{"footnotes":""},"categories":[2,10],"tags":[36,49,50],"class_list":["post-16716","post","type-post","status-publish","format-standard","has-post-thumbnail","hentry","category-politique","category-toutes-les-actualites","tag-africa-press","tag-africa-press-djibouti","tag-djibouti"],"yoast_head":"<!-- This site is optimized with the Yoast SEO Premium plugin v26.1 (Yoast SEO v27.0) - https:\/\/yoast.com\/product\/yoast-seo-premium-wordpress\/ -->\n<title>Entretien exclusif : \u00ab La r\u00e9publique de Djibouti a fait des pas importants vers le renforcement de la gouvernance migratoire avec la mise en place du M\u00e9canisme national de coordination sur la migration \u00bb - Djibouti<\/title>\n<meta name=\"description\" content=\"L\u2019Afrique de l\u2019Est connai\u0302t une migration a\u0300 grande e\u0301chelle et ces de\u0301fis migratoires ne\u0301cessitent une approche glo ...\" \/>\n<meta name=\"robots\" content=\"index, follow, max-snippet:-1, max-image-preview:large, max-video-preview:-1\" \/>\n<link rel=\"canonical\" href=\"https:\/\/www.africa-press.net\/djibouti\/politique\/entretien-exclusif-la-republique-de-djibouti-a-fait-des-pas-importants-vers-le-renforcement-de-la-gouvernance-migratoire-avec-la-mise-en-place-du-mecanisme-national-de-coordination-sur-la-mig\" \/>\n<meta property=\"og:locale\" content=\"fr_FR\" \/>\n<meta property=\"og:type\" content=\"article\" \/>\n<meta property=\"og:title\" content=\"Entretien exclusif : \u00ab La r\u00e9publique de Djibouti a fait des pas importants vers le renforcement de la gouvernance migratoire avec la mise en place du M\u00e9canisme national de coordination sur la migration \u00bb\" \/>\n<meta property=\"og:description\" content=\"L\u2019Afrique de l\u2019Est connai\u0302t une migration a\u0300 grande e\u0301chelle et ces de\u0301fis migratoires ne\u0301cessitent une approche glo ...\" \/>\n<meta property=\"og:url\" content=\"https:\/\/www.africa-press.net\/djibouti\/politique\/entretien-exclusif-la-republique-de-djibouti-a-fait-des-pas-importants-vers-le-renforcement-de-la-gouvernance-migratoire-avec-la-mise-en-place-du-mecanisme-national-de-coordination-sur-la-mig\" \/>\n<meta property=\"og:site_name\" content=\"Djibouti\" \/>\n<meta property=\"article:published_time\" content=\"2023-08-16T13:32:31+00:00\" \/>\n<meta property=\"article:modified_time\" content=\"2023-08-16T14:23:12+00:00\" \/>\n<meta property=\"og:image\" content=\"https:\/\/static.africa-press.net\/djibouti\/sites\/52\/2023\/08\/sm_1692183164.23215.jpg\" \/>\n\t<meta property=\"og:image:width\" content=\"720\" \/>\n\t<meta property=\"og:image:height\" content=\"481\" \/>\n\t<meta property=\"og:image:type\" content=\"image\/jpeg\" \/>\n<meta name=\"author\" content=\"cfeditorfr\" \/>\n<meta name=\"twitter:card\" content=\"summary_large_image\" \/>\n<meta name=\"twitter:label1\" content=\"\u00c9crit par\" \/>\n\t<meta name=\"twitter:data1\" content=\"cfeditorfr\" \/>\n\t<meta name=\"twitter:label2\" content=\"Dur\u00e9e de lecture estim\u00e9e\" \/>\n\t<meta name=\"twitter:data2\" content=\"8 minutes\" \/>\n<script type=\"application\/ld+json\" class=\"yoast-schema-graph\">{\"@context\":\"https:\/\/schema.org\",\"@graph\":[{\"@type\":\"Article\",\"@id\":\"https:\/\/www.africa-press.net\/djibouti\/politique\/entretien-exclusif-la-republique-de-djibouti-a-fait-des-pas-importants-vers-le-renforcement-de-la-gouvernance-migratoire-avec-la-mise-en-place-du-mecanisme-national-de-coordination-sur-la-mig#article\",\"isPartOf\":{\"@id\":\"https:\/\/www.africa-press.net\/djibouti\/politique\/entretien-exclusif-la-republique-de-djibouti-a-fait-des-pas-importants-vers-le-renforcement-de-la-gouvernance-migratoire-avec-la-mise-en-place-du-mecanisme-national-de-coordination-sur-la-mig\"},\"author\":{\"name\":\"cfeditorfr\",\"@id\":\"https:\/\/www.africa-press.net\/djibouti\/#\/schema\/person\/2b1cf3cd81a31e3cd26889ca66d677f1\"},\"headline\":\"Entretien exclusif : \u00ab La r\u00e9publique de Djibouti a fait des pas importants vers le renforcement de la gouvernance migratoire avec la mise en place du M\u00e9canisme national de coordination sur la migration \u00bb\",\"datePublished\":\"2023-08-16T13:32:31+00:00\",\"dateModified\":\"2023-08-16T14:23:12+00:00\",\"mainEntityOfPage\":{\"@id\":\"https:\/\/www.africa-press.net\/djibouti\/politique\/entretien-exclusif-la-republique-de-djibouti-a-fait-des-pas-importants-vers-le-renforcement-de-la-gouvernance-migratoire-avec-la-mise-en-place-du-mecanisme-national-de-coordination-sur-la-mig\"},\"wordCount\":1718,\"commentCount\":0,\"image\":{\"@id\":\"https:\/\/www.africa-press.net\/djibouti\/politique\/entretien-exclusif-la-republique-de-djibouti-a-fait-des-pas-importants-vers-le-renforcement-de-la-gouvernance-migratoire-avec-la-mise-en-place-du-mecanisme-national-de-coordination-sur-la-mig#primaryimage\"},\"thumbnailUrl\":\"https:\/\/static.africa-press.net\/djibouti\/sites\/52\/2023\/08\/sm_1692183164.23215.jpg\",\"keywords\":[\"Africa Press\",\"Africa Press-Djibouti\",\"Djibouti\"],\"articleSection\":[\"Politique\",\"Toutes les actualit\u00e9s\"],\"inLanguage\":\"fr-FR\",\"potentialAction\":[{\"@type\":\"CommentAction\",\"name\":\"Comment\",\"target\":[\"https:\/\/www.africa-press.net\/djibouti\/politique\/entretien-exclusif-la-republique-de-djibouti-a-fait-des-pas-importants-vers-le-renforcement-de-la-gouvernance-migratoire-avec-la-mise-en-place-du-mecanisme-national-de-coordination-sur-la-mig#respond\"]}]},{\"@type\":\"WebPage\",\"@id\":\"https:\/\/www.africa-press.net\/djibouti\/politique\/entretien-exclusif-la-republique-de-djibouti-a-fait-des-pas-importants-vers-le-renforcement-de-la-gouvernance-migratoire-avec-la-mise-en-place-du-mecanisme-national-de-coordination-sur-la-mig\",\"url\":\"https:\/\/www.africa-press.net\/djibouti\/politique\/entretien-exclusif-la-republique-de-djibouti-a-fait-des-pas-importants-vers-le-renforcement-de-la-gouvernance-migratoire-avec-la-mise-en-place-du-mecanisme-national-de-coordination-sur-la-mig\",\"name\":\"Entretien exclusif : \u00ab La r\u00e9publique de Djibouti a fait des pas importants vers le renforcement de la gouvernance migratoire avec la mise en place du M\u00e9canisme national de coordination sur la migration \u00bb - Djibouti\",\"isPartOf\":{\"@id\":\"https:\/\/www.africa-press.net\/djibouti\/#website\"},\"primaryImageOfPage\":{\"@id\":\"https:\/\/www.africa-press.net\/djibouti\/politique\/entretien-exclusif-la-republique-de-djibouti-a-fait-des-pas-importants-vers-le-renforcement-de-la-gouvernance-migratoire-avec-la-mise-en-place-du-mecanisme-national-de-coordination-sur-la-mig#primaryimage\"},\"image\":{\"@id\":\"https:\/\/www.africa-press.net\/djibouti\/politique\/entretien-exclusif-la-republique-de-djibouti-a-fait-des-pas-importants-vers-le-renforcement-de-la-gouvernance-migratoire-avec-la-mise-en-place-du-mecanisme-national-de-coordination-sur-la-mig#primaryimage\"},\"thumbnailUrl\":\"https:\/\/static.africa-press.net\/djibouti\/sites\/52\/2023\/08\/sm_1692183164.23215.jpg\",\"datePublished\":\"2023-08-16T13:32:31+00:00\",\"dateModified\":\"2023-08-16T14:23:12+00:00\",\"author\":{\"@id\":\"https:\/\/www.africa-press.net\/djibouti\/#\/schema\/person\/2b1cf3cd81a31e3cd26889ca66d677f1\"},\"description\":\"L\u2019Afrique de l\u2019Est connai\u0302t une migration a\u0300 grande e\u0301chelle et ces de\u0301fis migratoires ne\u0301cessitent une approche glo ...\",\"breadcrumb\":{\"@id\":\"https:\/\/www.africa-press.net\/djibouti\/politique\/entretien-exclusif-la-republique-de-djibouti-a-fait-des-pas-importants-vers-le-renforcement-de-la-gouvernance-migratoire-avec-la-mise-en-place-du-mecanisme-national-de-coordination-sur-la-mig#breadcrumb\"},\"inLanguage\":\"fr-FR\",\"potentialAction\":[{\"@type\":\"ReadAction\",\"target\":[\"https:\/\/www.africa-press.net\/djibouti\/politique\/entretien-exclusif-la-republique-de-djibouti-a-fait-des-pas-importants-vers-le-renforcement-de-la-gouvernance-migratoire-avec-la-mise-en-place-du-mecanisme-national-de-coordination-sur-la-mig\"]}]},{\"@type\":\"ImageObject\",\"inLanguage\":\"fr-FR\",\"@id\":\"https:\/\/www.africa-press.net\/djibouti\/politique\/entretien-exclusif-la-republique-de-djibouti-a-fait-des-pas-importants-vers-le-renforcement-de-la-gouvernance-migratoire-avec-la-mise-en-place-du-mecanisme-national-de-coordination-sur-la-mig#primaryimage\",\"url\":\"https:\/\/static.africa-press.net\/djibouti\/sites\/52\/2023\/08\/sm_1692183164.23215.jpg\",\"contentUrl\":\"https:\/\/static.africa-press.net\/djibouti\/sites\/52\/2023\/08\/sm_1692183164.23215.jpg\",\"width\":720,\"height\":481,\"caption\":\"Entretien exclusif : \u00ab La r\u00e9publique de Djibouti a fait des pas importants vers le renforcement de la gouvernance migratoire avec la mise en place du M\u00e9canisme national de coordination sur la migration \u00bb\"},{\"@type\":\"BreadcrumbList\",\"@id\":\"https:\/\/www.africa-press.net\/djibouti\/politique\/entretien-exclusif-la-republique-de-djibouti-a-fait-des-pas-importants-vers-le-renforcement-de-la-gouvernance-migratoire-avec-la-mise-en-place-du-mecanisme-national-de-coordination-sur-la-mig#breadcrumb\",\"itemListElement\":[{\"@type\":\"ListItem\",\"position\":1,\"name\":\"Accueil\",\"item\":\"https:\/\/www.africa-press.net\/djibouti\/\"},{\"@type\":\"ListItem\",\"position\":2,\"name\":\"Entretien exclusif : \u00ab La r\u00e9publique de Djibouti a fait des pas importants vers le renforcement de la gouvernance migratoire avec la mise en place du M\u00e9canisme national de coordination sur la migration \u00bb\"}]},{\"@type\":\"WebSite\",\"@id\":\"https:\/\/www.africa-press.net\/djibouti\/#website\",\"url\":\"https:\/\/www.africa-press.net\/djibouti\/\",\"name\":\"Djibouti\",\"description\":\"Just another Africa News Agency Sites site\",\"potentialAction\":[{\"@type\":\"SearchAction\",\"target\":{\"@type\":\"EntryPoint\",\"urlTemplate\":\"https:\/\/www.africa-press.net\/djibouti\/?s={search_term_string}\"},\"query-input\":{\"@type\":\"PropertyValueSpecification\",\"valueRequired\":true,\"valueName\":\"search_term_string\"}}],\"inLanguage\":\"fr-FR\"},{\"@type\":\"Person\",\"@id\":\"https:\/\/www.africa-press.net\/djibouti\/#\/schema\/person\/2b1cf3cd81a31e3cd26889ca66d677f1\",\"name\":\"cfeditorfr\"}]}<\/script>\n<!-- \/ Yoast SEO Premium plugin. -->","yoast_head_json":{"title":"Entretien exclusif : \u00ab La r\u00e9publique de Djibouti a fait des pas importants vers le renforcement de la gouvernance migratoire avec la mise en place du M\u00e9canisme national de coordination sur la migration \u00bb - Djibouti","description":"L\u2019Afrique de l\u2019Est connai\u0302t une migration a\u0300 grande e\u0301chelle et ces de\u0301fis migratoires ne\u0301cessitent une approche glo ...","robots":{"index":"index","follow":"follow","max-snippet":"max-snippet:-1","max-image-preview":"max-image-preview:large","max-video-preview":"max-video-preview:-1"},"canonical":"https:\/\/www.africa-press.net\/djibouti\/politique\/entretien-exclusif-la-republique-de-djibouti-a-fait-des-pas-importants-vers-le-renforcement-de-la-gouvernance-migratoire-avec-la-mise-en-place-du-mecanisme-national-de-coordination-sur-la-mig","og_locale":"fr_FR","og_type":"article","og_title":"Entretien exclusif : \u00ab La r\u00e9publique de Djibouti a fait des pas importants vers le renforcement de la gouvernance migratoire avec la mise en place du M\u00e9canisme national de coordination sur la migration \u00bb","og_description":"L\u2019Afrique de l\u2019Est connai\u0302t une migration a\u0300 grande e\u0301chelle et ces de\u0301fis migratoires ne\u0301cessitent une approche glo ...","og_url":"https:\/\/www.africa-press.net\/djibouti\/politique\/entretien-exclusif-la-republique-de-djibouti-a-fait-des-pas-importants-vers-le-renforcement-de-la-gouvernance-migratoire-avec-la-mise-en-place-du-mecanisme-national-de-coordination-sur-la-mig","og_site_name":"Djibouti","article_published_time":"2023-08-16T13:32:31+00:00","article_modified_time":"2023-08-16T14:23:12+00:00","og_image":[{"width":720,"height":481,"url":"https:\/\/static.africa-press.net\/djibouti\/sites\/52\/2023\/08\/sm_1692183164.23215.jpg","type":"image\/jpeg"}],"author":"cfeditorfr","twitter_card":"summary_large_image","twitter_misc":{"\u00c9crit par":"cfeditorfr","Dur\u00e9e de lecture estim\u00e9e":"8 minutes"},"schema":{"@context":"https:\/\/schema.org","@graph":[{"@type":"Article","@id":"https:\/\/www.africa-press.net\/djibouti\/politique\/entretien-exclusif-la-republique-de-djibouti-a-fait-des-pas-importants-vers-le-renforcement-de-la-gouvernance-migratoire-avec-la-mise-en-place-du-mecanisme-national-de-coordination-sur-la-mig#article","isPartOf":{"@id":"https:\/\/www.africa-press.net\/djibouti\/politique\/entretien-exclusif-la-republique-de-djibouti-a-fait-des-pas-importants-vers-le-renforcement-de-la-gouvernance-migratoire-avec-la-mise-en-place-du-mecanisme-national-de-coordination-sur-la-mig"},"author":{"name":"cfeditorfr","@id":"https:\/\/www.africa-press.net\/djibouti\/#\/schema\/person\/2b1cf3cd81a31e3cd26889ca66d677f1"},"headline":"Entretien exclusif : \u00ab La r\u00e9publique de Djibouti a fait des pas importants vers le renforcement de la gouvernance migratoire avec la mise en place du M\u00e9canisme national de coordination sur la migration \u00bb","datePublished":"2023-08-16T13:32:31+00:00","dateModified":"2023-08-16T14:23:12+00:00","mainEntityOfPage":{"@id":"https:\/\/www.africa-press.net\/djibouti\/politique\/entretien-exclusif-la-republique-de-djibouti-a-fait-des-pas-importants-vers-le-renforcement-de-la-gouvernance-migratoire-avec-la-mise-en-place-du-mecanisme-national-de-coordination-sur-la-mig"},"wordCount":1718,"commentCount":0,"image":{"@id":"https:\/\/www.africa-press.net\/djibouti\/politique\/entretien-exclusif-la-republique-de-djibouti-a-fait-des-pas-importants-vers-le-renforcement-de-la-gouvernance-migratoire-avec-la-mise-en-place-du-mecanisme-national-de-coordination-sur-la-mig#primaryimage"},"thumbnailUrl":"https:\/\/static.africa-press.net\/djibouti\/sites\/52\/2023\/08\/sm_1692183164.23215.jpg","keywords":["Africa Press","Africa Press-Djibouti","Djibouti"],"articleSection":["Politique","Toutes les actualit\u00e9s"],"inLanguage":"fr-FR","potentialAction":[{"@type":"CommentAction","name":"Comment","target":["https:\/\/www.africa-press.net\/djibouti\/politique\/entretien-exclusif-la-republique-de-djibouti-a-fait-des-pas-importants-vers-le-renforcement-de-la-gouvernance-migratoire-avec-la-mise-en-place-du-mecanisme-national-de-coordination-sur-la-mig#respond"]}]},{"@type":"WebPage","@id":"https:\/\/www.africa-press.net\/djibouti\/politique\/entretien-exclusif-la-republique-de-djibouti-a-fait-des-pas-importants-vers-le-renforcement-de-la-gouvernance-migratoire-avec-la-mise-en-place-du-mecanisme-national-de-coordination-sur-la-mig","url":"https:\/\/www.africa-press.net\/djibouti\/politique\/entretien-exclusif-la-republique-de-djibouti-a-fait-des-pas-importants-vers-le-renforcement-de-la-gouvernance-migratoire-avec-la-mise-en-place-du-mecanisme-national-de-coordination-sur-la-mig","name":"Entretien exclusif : \u00ab La r\u00e9publique de Djibouti a fait des pas importants vers le renforcement de la gouvernance migratoire avec la mise en place du M\u00e9canisme national de coordination sur la migration \u00bb - Djibouti","isPartOf":{"@id":"https:\/\/www.africa-press.net\/djibouti\/#website"},"primaryImageOfPage":{"@id":"https:\/\/www.africa-press.net\/djibouti\/politique\/entretien-exclusif-la-republique-de-djibouti-a-fait-des-pas-importants-vers-le-renforcement-de-la-gouvernance-migratoire-avec-la-mise-en-place-du-mecanisme-national-de-coordination-sur-la-mig#primaryimage"},"image":{"@id":"https:\/\/www.africa-press.net\/djibouti\/politique\/entretien-exclusif-la-republique-de-djibouti-a-fait-des-pas-importants-vers-le-renforcement-de-la-gouvernance-migratoire-avec-la-mise-en-place-du-mecanisme-national-de-coordination-sur-la-mig#primaryimage"},"thumbnailUrl":"https:\/\/static.africa-press.net\/djibouti\/sites\/52\/2023\/08\/sm_1692183164.23215.jpg","datePublished":"2023-08-16T13:32:31+00:00","dateModified":"2023-08-16T14:23:12+00:00","author":{"@id":"https:\/\/www.africa-press.net\/djibouti\/#\/schema\/person\/2b1cf3cd81a31e3cd26889ca66d677f1"},"description":"L\u2019Afrique de l\u2019Est connai\u0302t une migration a\u0300 grande e\u0301chelle et ces de\u0301fis migratoires ne\u0301cessitent une approche glo ...","breadcrumb":{"@id":"https:\/\/www.africa-press.net\/djibouti\/politique\/entretien-exclusif-la-republique-de-djibouti-a-fait-des-pas-importants-vers-le-renforcement-de-la-gouvernance-migratoire-avec-la-mise-en-place-du-mecanisme-national-de-coordination-sur-la-mig#breadcrumb"},"inLanguage":"fr-FR","potentialAction":[{"@type":"ReadAction","target":["https:\/\/www.africa-press.net\/djibouti\/politique\/entretien-exclusif-la-republique-de-djibouti-a-fait-des-pas-importants-vers-le-renforcement-de-la-gouvernance-migratoire-avec-la-mise-en-place-du-mecanisme-national-de-coordination-sur-la-mig"]}]},{"@type":"ImageObject","inLanguage":"fr-FR","@id":"https:\/\/www.africa-press.net\/djibouti\/politique\/entretien-exclusif-la-republique-de-djibouti-a-fait-des-pas-importants-vers-le-renforcement-de-la-gouvernance-migratoire-avec-la-mise-en-place-du-mecanisme-national-de-coordination-sur-la-mig#primaryimage","url":"https:\/\/static.africa-press.net\/djibouti\/sites\/52\/2023\/08\/sm_1692183164.23215.jpg","contentUrl":"https:\/\/static.africa-press.net\/djibouti\/sites\/52\/2023\/08\/sm_1692183164.23215.jpg","width":720,"height":481,"caption":"Entretien exclusif : \u00ab La r\u00e9publique de Djibouti a fait des pas importants vers le renforcement de la gouvernance migratoire avec la mise en place du M\u00e9canisme national de coordination sur la migration \u00bb"},{"@type":"BreadcrumbList","@id":"https:\/\/www.africa-press.net\/djibouti\/politique\/entretien-exclusif-la-republique-de-djibouti-a-fait-des-pas-importants-vers-le-renforcement-de-la-gouvernance-migratoire-avec-la-mise-en-place-du-mecanisme-national-de-coordination-sur-la-mig#breadcrumb","itemListElement":[{"@type":"ListItem","position":1,"name":"Accueil","item":"https:\/\/www.africa-press.net\/djibouti\/"},{"@type":"ListItem","position":2,"name":"Entretien exclusif : \u00ab La r\u00e9publique de Djibouti a fait des pas importants vers le renforcement de la gouvernance migratoire avec la mise en place du M\u00e9canisme national de coordination sur la migration \u00bb"}]},{"@type":"WebSite","@id":"https:\/\/www.africa-press.net\/djibouti\/#website","url":"https:\/\/www.africa-press.net\/djibouti\/","name":"Djibouti","description":"Just another Africa News Agency Sites site","potentialAction":[{"@type":"SearchAction","target":{"@type":"EntryPoint","urlTemplate":"https:\/\/www.africa-press.net\/djibouti\/?s={search_term_string}"},"query-input":{"@type":"PropertyValueSpecification","valueRequired":true,"valueName":"search_term_string"}}],"inLanguage":"fr-FR"},{"@type":"Person","@id":"https:\/\/www.africa-press.net\/djibouti\/#\/schema\/person\/2b1cf3cd81a31e3cd26889ca66d677f1","name":"cfeditorfr"}]}},"_links":{"self":[{"href":"https:\/\/www.africa-press.net\/djibouti\/wp-json\/wp\/v2\/posts\/16716","targetHints":{"allow":["GET"]}}],"collection":[{"href":"https:\/\/www.africa-press.net\/djibouti\/wp-json\/wp\/v2\/posts"}],"about":[{"href":"https:\/\/www.africa-press.net\/djibouti\/wp-json\/wp\/v2\/types\/post"}],"author":[{"embeddable":true,"href":"https:\/\/www.africa-press.net\/djibouti\/wp-json\/wp\/v2\/users\/82"}],"replies":[{"embeddable":true,"href":"https:\/\/www.africa-press.net\/djibouti\/wp-json\/wp\/v2\/comments?post=16716"}],"version-history":[{"count":0,"href":"https:\/\/www.africa-press.net\/djibouti\/wp-json\/wp\/v2\/posts\/16716\/revisions"}],"wp:featuredmedia":[{"embeddable":true,"href":"https:\/\/www.africa-press.net\/djibouti\/wp-json\/wp\/v2\/media\/16715"}],"wp:attachment":[{"href":"https:\/\/www.africa-press.net\/djibouti\/wp-json\/wp\/v2\/media?parent=16716"}],"wp:term":[{"taxonomy":"category","embeddable":true,"href":"https:\/\/www.africa-press.net\/djibouti\/wp-json\/wp\/v2\/categories?post=16716"},{"taxonomy":"post_tag","embeddable":true,"href":"https:\/\/www.africa-press.net\/djibouti\/wp-json\/wp\/v2\/tags?post=16716"}],"curies":[{"name":"wp","href":"https:\/\/api.w.org\/{rel}","templated":true}]}}