{"id":16744,"date":"2023-08-17T11:06:26","date_gmt":"2023-08-17T11:06:26","guid":{"rendered":"https:\/\/www.africa-press.net\/djibouti\/politique\/neonazis-ukrainiens-en-afrique-loccident-veut-destabiliser-la-region-dit-un-expert-en-terrorisme"},"modified":"2023-08-17T11:27:21","modified_gmt":"2023-08-17T11:27:21","slug":"neonazis-ukrainiens-en-afrique-loccident-veut-destabiliser-la-region-dit-un-expert-en-terrorisme","status":"publish","type":"post","link":"https:\/\/www.africa-press.net\/djibouti\/dossiers\/neonazis-ukrainiens-en-afrique-loccident-veut-destabiliser-la-region-dit-un-expert-en-terrorisme","title":{"rendered":"N\u00e9onazis ukrainiens en Afrique? L\u2019Occident veut d\u00e9stabiliser la r\u00e9gion, dit un expert en terrorisme"},"content":{"rendered":"<p><span style=\"color: #ff6600\"><strong>Africa-Press &#8211; Djibouti. <\/strong><\/span>Les pays d\u2019Afrique risquent de faire face a\u0300 de nouvelles tentatives de de\u0301stabilisation, de la part de mercenaires ukrainiens forme\u0301s en Occident, a de\u0301clare\u0301 a\u0300 Sputnik Souleyman Amazat, expert en se\u0301curite\u0301 be\u0301ninois. Les anciennes puissances coloniales cherchent a\u0300 continuer le pillage des ressources et e\u0301teindre les voix de panafricanisme.<\/p>\n<p>Zone de turbulences. L\u2019Afrique pourrait une nouvelle fois subir le contrecoup du conflit en Ukraine, avec l\u2019arrive\u0301e sur le continent de mercenaires ukrainiens forme\u0301s par l\u2019Occident, explique a\u0300 Sputnik Souleyman Amazat, consultant be\u0301ninois sur les questions de se\u0301curite\u0301 et de terrorisme.<\/p>\n<p>L\u2019information est de\u0301ja\u0300 \u00ab\u00a0connue de diffe\u0301rents services de renseignements au Mali, en Guine\u0301e et au Burkina\u00a0\u00bb, affirme l\u2019expert, qui craint que ces nationalistes ukrainiens ne s\u2019en prennent spe\u0301cialement au figure du mouvement panafricain.<\/p>\n<p>\u00ab\u00a0Si les informations que nous avons se ve\u0301rifient, a\u0300 propos de mercenaires ukrainiens en train de se pre\u0301parer a\u0300 intervenir, a\u0300 cibler des leaders de la galaxie patriotique panafricaine, alors il faut que nos services de renseignement puissent prendre leurs responsabilite\u0301s [&#8230;] D\u2019un point de vue strate\u0301gique, on comprend aussi que ces mercenaires vont avoir des armes dans un sac. Vous comprenez ce que je veux dire? Les armes sont achemine\u0301es par qui nous savons\u00a0\u00bb, de\u0301clare-t-il ainsi.<\/p>\n<p><b>Pillage continu<\/b><\/p>\n<p>Ces man\u0153uvres de de\u0301stabilisation trahissent d\u2019ailleurs la vision ne\u0301ocoloniale que l\u2019Occident a du continent africain, ajoute le spe\u0301cialiste. Les anciennes puissances coloniales cherchent aujourd\u2019hui encore a\u0300 faire main basse sur les ressources africaines \u00ab\u00a0pour alimenter l\u2019Europe\u00a0\u00bb. Mais le continent connai\u0302t aujourd\u2019hui un \u00ab\u00a0e\u0301veil patriotique\u00a0\u00bb et une prise de conscience, les Africains ne voulant plus \u00ab\u00a0faire l\u2019objet de pillage\u00a0\u00bb, affirme Souleyman Amazat.<\/p>\n<p>\u00ab\u00a0Il n\u2019est nullement cache\u0301 que l&rsquo;agenda occidental, plus particulie\u0300rement franc\u0327ais et britannique, s\u2019inscrit dans une logique de destruction [&#8230;] Les Occidentaux ont inte\u0301re\u0302t a\u0300 faire ce genre de choses pour pe\u0301renniser cette exploitation inadmissible, inacceptable qui est celle de l&rsquo;esclavage, ensuite de la colonisation et aujourd&rsquo;hui de la ne\u0301o-colonisation. Mais l&rsquo;Afrique est debout de\u0301sormais, et c&rsquo;est non, niet, plus jamais c\u0327a\u00a0\u00bb, re\u0301agit-il.<\/p>\n<p>A\u0300 travers ces actions, l\u2019Occident a l\u2019intention de de\u0301stabiliser le continent mais aussi d\u2019\u00a0\u00bbe\u0301teindre cette voix naissante du panafricanisme, qui reste aujourd&rsquo;hui la seule solution pour nous de\u0301sengager totalement de cet imbroglio colonial\u00a0\u00bb, souligne Souleyman Amazat.<\/p>\n<p>La Russie, qui avait de\u0301ja\u0300 aide\u0301 l\u2019Afrique a\u0300 sortir de la colonisation du temps de l\u2019URSS, semble s\u2019inscrire dans une autre logique.<\/p>\n<p>\u00ab\u00a0Je pense que la Russie ne s\u2019inscrit pas du tout dans ce genre de man\u0153uvres. On sait que la Russie n&rsquo;a jamais essaye\u0301 de coloniser un E\u0301tat. C&rsquo;est une Fe\u0301de\u0301ration assez libre depuis la chute de l\u2019URSS. Il y avait d\u2019ailleurs un rapport d\u2019assistance avec l\u2019Afrique du temps de l\u2019Union sovie\u0301tique. C&rsquo;est gra\u0302ce aussi a\u0300 l&rsquo;aide mate\u0301rielle, militaire et me\u0302me financie\u0300re que certains pays ont pu recouvrer leur inde\u0301pendance\u00a0\u00bb, de\u0301clare encore le spe\u0301cialiste.<\/p>\n<p>Les flux d\u2019armes, qui sont de\u0301tourne\u0301es depuis l\u2019Ukraine pour atterrir sur le continent, ont aussi de quoi inquie\u0301ter, souligne Souleyman Amazat, qui invite a\u0300 s\u2019interroger sur leur provenance.<\/p>\n<p>\u00ab\u00a0Des armes de grandes puissances comme la France, le Royaume-Uni, les E\u0301tats-Unis, se trouvent sur nos sols [&#8230;] Nos services de renseignement s&rsquo;interrogent sur la provenance de ces armes, mais aussi sur le but et les fins de ce de\u0301ploiement\u00a0\u00bb, de\u0301clare-t-il ainsi.<\/p>\n<p><b>Coups d\u2019E\u0301tats ou re\u0301veils des populations?<\/b><\/p>\n<p>Concernant les bouleversements politiques qui ont lieu dans plusieurs pays d\u2019Afrique, notamment au Niger, Souleyman Amazat y voit surtout un re\u0301veil des peuples. Les populations africaines se le\u0300vent contre des e\u0301lites corrompues, en \u00ab\u00a0inade\u0301quation totale\u00a0\u00bb avec les re\u0301alite\u0301s e\u0301conomiques et la souffrance de plus pauvres.<\/p>\n<p>\u00ab\u00a0Aucun pays africain n&rsquo;aspire a\u0300 un coup d&rsquo;E\u0301tat [&#8230;] Les coups d&rsquo;E\u0301tat que nous avons connus au Mali, en Guine\u0301e et au Burkina Faso, faisaient suite a\u0300 d\u2019autres coups d&rsquo;E\u0301tat que nous qualifierons d&rsquo;anticonstitutionnels [&#8230;] De plus en plus les populations se re\u0301veillent et adoptent ceux qui font aujourd&rsquo;hui ces +coups d&rsquo;E\u0301tat+, car il y a une mauvaise gestion des deniers publics, une mauvaise gestion de la cite\u0301, qui conduit a\u0300 des manifestations\u00a0\u00bb, explique ainsi le spe\u0301cialiste.<\/p>\n<p>Il est ainsi normal que l\u2019arme\u0301e, qui est \u00ab\u00a0une e\u0301manation du peuple\u00a0\u00bb, prenne ses responsabilite\u0301s dans certains pays, pour appuyer les populations \u00ab\u00a0qui re\u0301clament justice\u00a0\u00bb. Aux gouvernants de\u0301sormais de privile\u0301gier les inte\u0301re\u0302ts de leur pays, pluto\u0302t que de vouloir jouer aux \u00ab\u00a0de\u0301mocrates en col blanc\u00a0\u00bb dans le cadre impose\u0301 par les Occidentaux, souligne Souleyman Amazat.<\/p>\n<p>\u00ab\u00a0Il va falloir fortement que nos chefs d&rsquo;E\u0301tat et de gouvernement reviennent a\u0300 la normale, se disent qu&rsquo;ils sont la\u0300 pour servir un peuple, pas pour le re\u0301primer ou l&rsquo;opprimer. Je reviens a\u0300 une citation de Thomas Sankara qui dit: +Malheur a\u0300 ceux qui ba\u0302illonnent le peuple+\u00a0\u00bb, conclut-il.<\/p>\n<p>Fin juillet, le Niger avait e\u0301te\u0301 le the\u0301a\u0302tre d\u2019un chamboulement politique, le Pre\u0301sident Mohamed Bazoum e\u0301tant pousse\u0301 vers la sortie par un groupe de militaires. Les rebelles avaient mis en avant une \u00ab\u00a0de\u0301gradation de la situation se\u0301curitaire\u00a0\u00bb. Le spectre d\u2019une intervention militaire plane de\u0301sormais, sous l\u2019e\u0301gide de la Communaute\u0301 e\u0301conomique des E\u0301tats de l&rsquo;Afrique de l&rsquo;Ouest (CEDEAO), me\u0302me si plusieurs pays du continent s\u2019y sont fermement oppose\u0301s, craignant un embrasement.<\/p>\n<p><b>Source: Sputnik Afrique<\/b><\/p>\n<p><strong>Pour plus d&rsquo;informations et d&rsquo;analyses sur la <a href=\"https:\/\/www.africa-press.net\/djibouti\">Djibouti<\/a>, suivez <a href=\"https:\/\/www.africa-press.net\/\">Africa-Press<\/a><\/strong><\/p>\n","protected":false},"excerpt":{"rendered":"<p>Africa-Press &#8211; Djibouti. Les pays d\u2019Afrique risquent de faire face a\u0300 de nouvelles tentatives de de\u0301stabilisation, de la part de mercenaires ukrainiens forme\u0301s en Occident, a de\u0301clare\u0301 a\u0300 Sputnik Souleyman Amazat, expert en se\u0301curite\u0301 be\u0301ninois. Les anciennes puissances coloniales cherchent a\u0300 continuer le pillage des ressources et e\u0301teindre les voix de panafricanisme. Zone de turbulences. [&hellip;]<\/p>\n","protected":false},"author":82,"featured_media":16743,"comment_status":"open","ping_status":"closed","sticky":false,"template":"","format":"standard","meta":{"footnotes":""},"categories":[7,10],"tags":[36,49,50],"class_list":["post-16744","post","type-post","status-publish","format-standard","has-post-thumbnail","hentry","category-dossiers","category-toutes-les-actualites","tag-africa-press","tag-africa-press-djibouti","tag-djibouti"],"yoast_head":"<!-- This site is optimized with the Yoast SEO Premium plugin v26.1 (Yoast SEO v27.0) - https:\/\/yoast.com\/product\/yoast-seo-premium-wordpress\/ -->\n<title>N\u00e9onazis ukrainiens en Afrique? L\u2019Occident veut d\u00e9stabiliser la r\u00e9gion, dit un expert en terrorisme - Djibouti<\/title>\n<meta name=\"description\" content=\"Les pays d\u2019Afrique risquent de faire face a\u0300 de nouvelles tentatives de de\u0301stabilisation, de la part de mercenaires ukra ...\" \/>\n<meta name=\"robots\" content=\"index, follow, max-snippet:-1, max-image-preview:large, max-video-preview:-1\" \/>\n<link rel=\"canonical\" href=\"https:\/\/www.africa-press.net\/djibouti\/dossiers\/neonazis-ukrainiens-en-afrique-loccident-veut-destabiliser-la-region-dit-un-expert-en-terrorisme\" \/>\n<meta property=\"og:locale\" content=\"fr_FR\" \/>\n<meta property=\"og:type\" content=\"article\" \/>\n<meta property=\"og:title\" content=\"N\u00e9onazis ukrainiens en Afrique? L\u2019Occident veut d\u00e9stabiliser la r\u00e9gion, dit un expert en terrorisme\" \/>\n<meta property=\"og:description\" content=\"Les pays d\u2019Afrique risquent de faire face a\u0300 de nouvelles tentatives de de\u0301stabilisation, de la part de mercenaires ukra ...\" \/>\n<meta property=\"og:url\" content=\"https:\/\/www.africa-press.net\/djibouti\/dossiers\/neonazis-ukrainiens-en-afrique-loccident-veut-destabiliser-la-region-dit-un-expert-en-terrorisme\" \/>\n<meta property=\"og:site_name\" content=\"Djibouti\" \/>\n<meta property=\"article:published_time\" content=\"2023-08-17T11:06:26+00:00\" \/>\n<meta property=\"article:modified_time\" content=\"2023-08-17T11:27:21+00:00\" \/>\n<meta property=\"og:image\" content=\"https:\/\/static.africa-press.net\/djibouti\/sites\/52\/2023\/08\/sm_1692258978.084706.jpg\" \/>\n\t<meta property=\"og:image:width\" content=\"1350\" \/>\n\t<meta property=\"og:image:height\" content=\"900\" \/>\n\t<meta property=\"og:image:type\" content=\"image\/jpeg\" \/>\n<meta name=\"author\" content=\"cfeditorfr\" \/>\n<meta name=\"twitter:card\" content=\"summary_large_image\" \/>\n<meta name=\"twitter:label1\" content=\"\u00c9crit par\" \/>\n\t<meta name=\"twitter:data1\" content=\"cfeditorfr\" \/>\n\t<meta name=\"twitter:label2\" content=\"Dur\u00e9e de lecture estim\u00e9e\" \/>\n\t<meta name=\"twitter:data2\" content=\"5 minutes\" \/>\n<script type=\"application\/ld+json\" class=\"yoast-schema-graph\">{\"@context\":\"https:\/\/schema.org\",\"@graph\":[{\"@type\":\"Article\",\"@id\":\"https:\/\/www.africa-press.net\/djibouti\/dossiers\/neonazis-ukrainiens-en-afrique-loccident-veut-destabiliser-la-region-dit-un-expert-en-terrorisme#article\",\"isPartOf\":{\"@id\":\"https:\/\/www.africa-press.net\/djibouti\/dossiers\/neonazis-ukrainiens-en-afrique-loccident-veut-destabiliser-la-region-dit-un-expert-en-terrorisme\"},\"author\":{\"name\":\"cfeditorfr\",\"@id\":\"https:\/\/www.africa-press.net\/djibouti\/#\/schema\/person\/2b1cf3cd81a31e3cd26889ca66d677f1\"},\"headline\":\"N\u00e9onazis ukrainiens en Afrique? L\u2019Occident veut d\u00e9stabiliser la r\u00e9gion, dit un expert en terrorisme\",\"datePublished\":\"2023-08-17T11:06:26+00:00\",\"dateModified\":\"2023-08-17T11:27:21+00:00\",\"mainEntityOfPage\":{\"@id\":\"https:\/\/www.africa-press.net\/djibouti\/dossiers\/neonazis-ukrainiens-en-afrique-loccident-veut-destabiliser-la-region-dit-un-expert-en-terrorisme\"},\"wordCount\":1019,\"commentCount\":0,\"image\":{\"@id\":\"https:\/\/www.africa-press.net\/djibouti\/dossiers\/neonazis-ukrainiens-en-afrique-loccident-veut-destabiliser-la-region-dit-un-expert-en-terrorisme#primaryimage\"},\"thumbnailUrl\":\"https:\/\/static.africa-press.net\/djibouti\/sites\/52\/2023\/08\/sm_1692258978.084706.jpg\",\"keywords\":[\"Africa Press\",\"Africa Press-Djibouti\",\"Djibouti\"],\"articleSection\":[\"Dossiers\",\"Toutes les actualit\u00e9s\"],\"inLanguage\":\"fr-FR\",\"potentialAction\":[{\"@type\":\"CommentAction\",\"name\":\"Comment\",\"target\":[\"https:\/\/www.africa-press.net\/djibouti\/dossiers\/neonazis-ukrainiens-en-afrique-loccident-veut-destabiliser-la-region-dit-un-expert-en-terrorisme#respond\"]}]},{\"@type\":\"WebPage\",\"@id\":\"https:\/\/www.africa-press.net\/djibouti\/dossiers\/neonazis-ukrainiens-en-afrique-loccident-veut-destabiliser-la-region-dit-un-expert-en-terrorisme\",\"url\":\"https:\/\/www.africa-press.net\/djibouti\/dossiers\/neonazis-ukrainiens-en-afrique-loccident-veut-destabiliser-la-region-dit-un-expert-en-terrorisme\",\"name\":\"N\u00e9onazis ukrainiens en Afrique? L\u2019Occident veut d\u00e9stabiliser la r\u00e9gion, dit un expert en terrorisme - Djibouti\",\"isPartOf\":{\"@id\":\"https:\/\/www.africa-press.net\/djibouti\/#website\"},\"primaryImageOfPage\":{\"@id\":\"https:\/\/www.africa-press.net\/djibouti\/dossiers\/neonazis-ukrainiens-en-afrique-loccident-veut-destabiliser-la-region-dit-un-expert-en-terrorisme#primaryimage\"},\"image\":{\"@id\":\"https:\/\/www.africa-press.net\/djibouti\/dossiers\/neonazis-ukrainiens-en-afrique-loccident-veut-destabiliser-la-region-dit-un-expert-en-terrorisme#primaryimage\"},\"thumbnailUrl\":\"https:\/\/static.africa-press.net\/djibouti\/sites\/52\/2023\/08\/sm_1692258978.084706.jpg\",\"datePublished\":\"2023-08-17T11:06:26+00:00\",\"dateModified\":\"2023-08-17T11:27:21+00:00\",\"author\":{\"@id\":\"https:\/\/www.africa-press.net\/djibouti\/#\/schema\/person\/2b1cf3cd81a31e3cd26889ca66d677f1\"},\"description\":\"Les pays d\u2019Afrique risquent de faire face a\u0300 de nouvelles tentatives de de\u0301stabilisation, de la part de mercenaires ukra ...\",\"breadcrumb\":{\"@id\":\"https:\/\/www.africa-press.net\/djibouti\/dossiers\/neonazis-ukrainiens-en-afrique-loccident-veut-destabiliser-la-region-dit-un-expert-en-terrorisme#breadcrumb\"},\"inLanguage\":\"fr-FR\",\"potentialAction\":[{\"@type\":\"ReadAction\",\"target\":[\"https:\/\/www.africa-press.net\/djibouti\/dossiers\/neonazis-ukrainiens-en-afrique-loccident-veut-destabiliser-la-region-dit-un-expert-en-terrorisme\"]}]},{\"@type\":\"ImageObject\",\"inLanguage\":\"fr-FR\",\"@id\":\"https:\/\/www.africa-press.net\/djibouti\/dossiers\/neonazis-ukrainiens-en-afrique-loccident-veut-destabiliser-la-region-dit-un-expert-en-terrorisme#primaryimage\",\"url\":\"https:\/\/static.africa-press.net\/djibouti\/sites\/52\/2023\/08\/sm_1692258978.084706.jpg\",\"contentUrl\":\"https:\/\/static.africa-press.net\/djibouti\/sites\/52\/2023\/08\/sm_1692258978.084706.jpg\",\"width\":1350,\"height\":900,\"caption\":\"N\u00e9onazis ukrainiens en Afrique? L\u2019Occident veut d\u00e9stabiliser la r\u00e9gion, dit un expert en terrorisme\"},{\"@type\":\"BreadcrumbList\",\"@id\":\"https:\/\/www.africa-press.net\/djibouti\/dossiers\/neonazis-ukrainiens-en-afrique-loccident-veut-destabiliser-la-region-dit-un-expert-en-terrorisme#breadcrumb\",\"itemListElement\":[{\"@type\":\"ListItem\",\"position\":1,\"name\":\"Accueil\",\"item\":\"https:\/\/www.africa-press.net\/djibouti\/\"},{\"@type\":\"ListItem\",\"position\":2,\"name\":\"N\u00e9onazis ukrainiens en Afrique? L\u2019Occident veut d\u00e9stabiliser la r\u00e9gion, dit un expert en terrorisme\"}]},{\"@type\":\"WebSite\",\"@id\":\"https:\/\/www.africa-press.net\/djibouti\/#website\",\"url\":\"https:\/\/www.africa-press.net\/djibouti\/\",\"name\":\"Djibouti\",\"description\":\"Just another Africa News Agency Sites site\",\"potentialAction\":[{\"@type\":\"SearchAction\",\"target\":{\"@type\":\"EntryPoint\",\"urlTemplate\":\"https:\/\/www.africa-press.net\/djibouti\/?s={search_term_string}\"},\"query-input\":{\"@type\":\"PropertyValueSpecification\",\"valueRequired\":true,\"valueName\":\"search_term_string\"}}],\"inLanguage\":\"fr-FR\"},{\"@type\":\"Person\",\"@id\":\"https:\/\/www.africa-press.net\/djibouti\/#\/schema\/person\/2b1cf3cd81a31e3cd26889ca66d677f1\",\"name\":\"cfeditorfr\"}]}<\/script>\n<!-- \/ Yoast SEO Premium plugin. -->","yoast_head_json":{"title":"N\u00e9onazis ukrainiens en Afrique? L\u2019Occident veut d\u00e9stabiliser la r\u00e9gion, dit un expert en terrorisme - Djibouti","description":"Les pays d\u2019Afrique risquent de faire face a\u0300 de nouvelles tentatives de de\u0301stabilisation, de la part de mercenaires ukra ...","robots":{"index":"index","follow":"follow","max-snippet":"max-snippet:-1","max-image-preview":"max-image-preview:large","max-video-preview":"max-video-preview:-1"},"canonical":"https:\/\/www.africa-press.net\/djibouti\/dossiers\/neonazis-ukrainiens-en-afrique-loccident-veut-destabiliser-la-region-dit-un-expert-en-terrorisme","og_locale":"fr_FR","og_type":"article","og_title":"N\u00e9onazis ukrainiens en Afrique? L\u2019Occident veut d\u00e9stabiliser la r\u00e9gion, dit un expert en terrorisme","og_description":"Les pays d\u2019Afrique risquent de faire face a\u0300 de nouvelles tentatives de de\u0301stabilisation, de la part de mercenaires ukra ...","og_url":"https:\/\/www.africa-press.net\/djibouti\/dossiers\/neonazis-ukrainiens-en-afrique-loccident-veut-destabiliser-la-region-dit-un-expert-en-terrorisme","og_site_name":"Djibouti","article_published_time":"2023-08-17T11:06:26+00:00","article_modified_time":"2023-08-17T11:27:21+00:00","og_image":[{"width":1350,"height":900,"url":"https:\/\/static.africa-press.net\/djibouti\/sites\/52\/2023\/08\/sm_1692258978.084706.jpg","type":"image\/jpeg"}],"author":"cfeditorfr","twitter_card":"summary_large_image","twitter_misc":{"\u00c9crit par":"cfeditorfr","Dur\u00e9e de lecture estim\u00e9e":"5 minutes"},"schema":{"@context":"https:\/\/schema.org","@graph":[{"@type":"Article","@id":"https:\/\/www.africa-press.net\/djibouti\/dossiers\/neonazis-ukrainiens-en-afrique-loccident-veut-destabiliser-la-region-dit-un-expert-en-terrorisme#article","isPartOf":{"@id":"https:\/\/www.africa-press.net\/djibouti\/dossiers\/neonazis-ukrainiens-en-afrique-loccident-veut-destabiliser-la-region-dit-un-expert-en-terrorisme"},"author":{"name":"cfeditorfr","@id":"https:\/\/www.africa-press.net\/djibouti\/#\/schema\/person\/2b1cf3cd81a31e3cd26889ca66d677f1"},"headline":"N\u00e9onazis ukrainiens en Afrique? L\u2019Occident veut d\u00e9stabiliser la r\u00e9gion, dit un expert en terrorisme","datePublished":"2023-08-17T11:06:26+00:00","dateModified":"2023-08-17T11:27:21+00:00","mainEntityOfPage":{"@id":"https:\/\/www.africa-press.net\/djibouti\/dossiers\/neonazis-ukrainiens-en-afrique-loccident-veut-destabiliser-la-region-dit-un-expert-en-terrorisme"},"wordCount":1019,"commentCount":0,"image":{"@id":"https:\/\/www.africa-press.net\/djibouti\/dossiers\/neonazis-ukrainiens-en-afrique-loccident-veut-destabiliser-la-region-dit-un-expert-en-terrorisme#primaryimage"},"thumbnailUrl":"https:\/\/static.africa-press.net\/djibouti\/sites\/52\/2023\/08\/sm_1692258978.084706.jpg","keywords":["Africa Press","Africa Press-Djibouti","Djibouti"],"articleSection":["Dossiers","Toutes les actualit\u00e9s"],"inLanguage":"fr-FR","potentialAction":[{"@type":"CommentAction","name":"Comment","target":["https:\/\/www.africa-press.net\/djibouti\/dossiers\/neonazis-ukrainiens-en-afrique-loccident-veut-destabiliser-la-region-dit-un-expert-en-terrorisme#respond"]}]},{"@type":"WebPage","@id":"https:\/\/www.africa-press.net\/djibouti\/dossiers\/neonazis-ukrainiens-en-afrique-loccident-veut-destabiliser-la-region-dit-un-expert-en-terrorisme","url":"https:\/\/www.africa-press.net\/djibouti\/dossiers\/neonazis-ukrainiens-en-afrique-loccident-veut-destabiliser-la-region-dit-un-expert-en-terrorisme","name":"N\u00e9onazis ukrainiens en Afrique? L\u2019Occident veut d\u00e9stabiliser la r\u00e9gion, dit un expert en terrorisme - Djibouti","isPartOf":{"@id":"https:\/\/www.africa-press.net\/djibouti\/#website"},"primaryImageOfPage":{"@id":"https:\/\/www.africa-press.net\/djibouti\/dossiers\/neonazis-ukrainiens-en-afrique-loccident-veut-destabiliser-la-region-dit-un-expert-en-terrorisme#primaryimage"},"image":{"@id":"https:\/\/www.africa-press.net\/djibouti\/dossiers\/neonazis-ukrainiens-en-afrique-loccident-veut-destabiliser-la-region-dit-un-expert-en-terrorisme#primaryimage"},"thumbnailUrl":"https:\/\/static.africa-press.net\/djibouti\/sites\/52\/2023\/08\/sm_1692258978.084706.jpg","datePublished":"2023-08-17T11:06:26+00:00","dateModified":"2023-08-17T11:27:21+00:00","author":{"@id":"https:\/\/www.africa-press.net\/djibouti\/#\/schema\/person\/2b1cf3cd81a31e3cd26889ca66d677f1"},"description":"Les pays d\u2019Afrique risquent de faire face a\u0300 de nouvelles tentatives de de\u0301stabilisation, de la part de mercenaires ukra ...","breadcrumb":{"@id":"https:\/\/www.africa-press.net\/djibouti\/dossiers\/neonazis-ukrainiens-en-afrique-loccident-veut-destabiliser-la-region-dit-un-expert-en-terrorisme#breadcrumb"},"inLanguage":"fr-FR","potentialAction":[{"@type":"ReadAction","target":["https:\/\/www.africa-press.net\/djibouti\/dossiers\/neonazis-ukrainiens-en-afrique-loccident-veut-destabiliser-la-region-dit-un-expert-en-terrorisme"]}]},{"@type":"ImageObject","inLanguage":"fr-FR","@id":"https:\/\/www.africa-press.net\/djibouti\/dossiers\/neonazis-ukrainiens-en-afrique-loccident-veut-destabiliser-la-region-dit-un-expert-en-terrorisme#primaryimage","url":"https:\/\/static.africa-press.net\/djibouti\/sites\/52\/2023\/08\/sm_1692258978.084706.jpg","contentUrl":"https:\/\/static.africa-press.net\/djibouti\/sites\/52\/2023\/08\/sm_1692258978.084706.jpg","width":1350,"height":900,"caption":"N\u00e9onazis ukrainiens en Afrique? L\u2019Occident veut d\u00e9stabiliser la r\u00e9gion, dit un expert en terrorisme"},{"@type":"BreadcrumbList","@id":"https:\/\/www.africa-press.net\/djibouti\/dossiers\/neonazis-ukrainiens-en-afrique-loccident-veut-destabiliser-la-region-dit-un-expert-en-terrorisme#breadcrumb","itemListElement":[{"@type":"ListItem","position":1,"name":"Accueil","item":"https:\/\/www.africa-press.net\/djibouti\/"},{"@type":"ListItem","position":2,"name":"N\u00e9onazis ukrainiens en Afrique? L\u2019Occident veut d\u00e9stabiliser la r\u00e9gion, dit un expert en terrorisme"}]},{"@type":"WebSite","@id":"https:\/\/www.africa-press.net\/djibouti\/#website","url":"https:\/\/www.africa-press.net\/djibouti\/","name":"Djibouti","description":"Just another Africa News Agency Sites site","potentialAction":[{"@type":"SearchAction","target":{"@type":"EntryPoint","urlTemplate":"https:\/\/www.africa-press.net\/djibouti\/?s={search_term_string}"},"query-input":{"@type":"PropertyValueSpecification","valueRequired":true,"valueName":"search_term_string"}}],"inLanguage":"fr-FR"},{"@type":"Person","@id":"https:\/\/www.africa-press.net\/djibouti\/#\/schema\/person\/2b1cf3cd81a31e3cd26889ca66d677f1","name":"cfeditorfr"}]}},"_links":{"self":[{"href":"https:\/\/www.africa-press.net\/djibouti\/wp-json\/wp\/v2\/posts\/16744","targetHints":{"allow":["GET"]}}],"collection":[{"href":"https:\/\/www.africa-press.net\/djibouti\/wp-json\/wp\/v2\/posts"}],"about":[{"href":"https:\/\/www.africa-press.net\/djibouti\/wp-json\/wp\/v2\/types\/post"}],"author":[{"embeddable":true,"href":"https:\/\/www.africa-press.net\/djibouti\/wp-json\/wp\/v2\/users\/82"}],"replies":[{"embeddable":true,"href":"https:\/\/www.africa-press.net\/djibouti\/wp-json\/wp\/v2\/comments?post=16744"}],"version-history":[{"count":0,"href":"https:\/\/www.africa-press.net\/djibouti\/wp-json\/wp\/v2\/posts\/16744\/revisions"}],"wp:featuredmedia":[{"embeddable":true,"href":"https:\/\/www.africa-press.net\/djibouti\/wp-json\/wp\/v2\/media\/16743"}],"wp:attachment":[{"href":"https:\/\/www.africa-press.net\/djibouti\/wp-json\/wp\/v2\/media?parent=16744"}],"wp:term":[{"taxonomy":"category","embeddable":true,"href":"https:\/\/www.africa-press.net\/djibouti\/wp-json\/wp\/v2\/categories?post=16744"},{"taxonomy":"post_tag","embeddable":true,"href":"https:\/\/www.africa-press.net\/djibouti\/wp-json\/wp\/v2\/tags?post=16744"}],"curies":[{"name":"wp","href":"https:\/\/api.w.org\/{rel}","templated":true}]}}