{"id":16767,"date":"2023-08-17T12:51:25","date_gmt":"2023-08-17T12:51:25","guid":{"rendered":"https:\/\/www.africa-press.net\/djibouti\/politique\/mjc-derniere-etape-de-la-formation-en-economie-verte"},"modified":"2023-08-17T13:14:03","modified_gmt":"2023-08-17T13:14:03","slug":"mjc-derniere-etape-de-la-formation-en-economie-verte","status":"publish","type":"post","link":"https:\/\/www.africa-press.net\/djibouti\/economie\/mjc-derniere-etape-de-la-formation-en-economie-verte","title":{"rendered":"MJC : Derni\u00e8re \u00e9tape de la formation en \u00e9conomie verte"},"content":{"rendered":"<p><span style=\"color: #ff6600\"><strong>Africa-Press &#8211; Djibouti. <\/strong><\/span>Dans la journe\u0301e du 13 aou\u0302t 2023, le lancement de la dernie\u0300re e\u0301tape de la formation en e\u0301conomie verte a eu lieu au sein du Centre de De\u0301veloppement Communautaire (CDC) de la localite\u0301 de Guirori en faveur de 40 jeunes ruraux issus des localite\u0301s de Guirori,Dafenaytou et Adaylou.<\/p>\n<p>Cette initiative mene\u0301e par le Ministe\u0300re de la Jeunesse et de la Culture (MJC) clo\u0302t ses programmations des activite\u0301s estivales lance\u0301es au de\u0301but du mois de juin. En collaboration avec le Ministe\u0300re de l\u2019Environnement et du De\u0301veloppement Durable (MEDD) et le Ministe\u0300re de l\u2019Agriculture, de l\u2019Elevage, de la Pe\u0302che, de l\u2019Eau et des Ressources Halieutiques (MAEP-RH), cette initiation aux domaines de l\u2019e\u0301conomie verte aidera les jeunes ruraux de l\u2019ensemble de ces localite\u0301s a\u0300 adopter une approche responsable et consciente de la protection de l\u2019environnement, tout en inte\u0301grant les nouvelles perspectives d\u2019emploi, de de\u0301veloppement durable et de la diversification de l\u2019e\u0301conomie.<\/p>\n<p>L\u2019un des autres objectifs principaux de cette formation consiste aussi a\u0300 donner aux jeunes filles et garc\u0327ons be\u0301ne\u0301ficiaires de cette formation les compe\u0301tences et outils ne\u0301cessaires pour devenir des agents actifs du changement dans leur collectivite\u0301 respective.<\/p>\n\r\n                <style type=\"text\/css\">\r\n                    \r\n                    #td_uid_1_69edf17286ff7  .td-doubleSlider-2 .td-item1 {\r\n                        background: url(https:\/\/static.africa-press.net\/djibouti\/sites\/52\/2023\/08\/sm_1692265407.838089-80x60.jpg) 0 0 no-repeat;\r\n                    }\r\n                    #td_uid_1_69edf17286ff7  .td-doubleSlider-2 .td-item2 {\r\n                        background: url(https:\/\/static.africa-press.net\/djibouti\/sites\/52\/2023\/08\/sm_1692265417.522636-80x60.jpg) 0 0 no-repeat;\r\n                    }\r\n                <\/style>\r\n\r\n                <div id=\"td_uid_1_69edf17286ff7\" class=\"td-gallery td-slide-on-2-columns\">\r\n                    <div class=\"post_td_gallery\">\r\n                        <div class=\"td-gallery-slide-top\">\r\n                           <div class=\"td-gallery-title\"><\/div>\r\n\r\n                            <div class=\"td-gallery-controls-wrapper\">\r\n                                <div class=\"td-gallery-slide-count\"><span class=\"td-gallery-slide-item-focus\">1<\/span> de 2<\/div>\r\n                                <div class=\"td-gallery-slide-prev-next-but\">\r\n                                    <i class = \"td-icon-left doubleSliderPrevButton\"><\/i>\r\n                                    <i class = \"td-icon-right doubleSliderNextButton\"><\/i>\r\n                                <\/div>\r\n                            <\/div>\r\n                        <\/div>\r\n\r\n                        <div class = \"td-doubleSlider-1 \">\r\n                            <div class = \"td-slider\">\r\n                                \r\n                    <div class = \"td-slide-item td-item1\">\r\n                        <figure class=\"td-slide-galery-figure td-slide-popup-gallery\">\r\n                            <a class=\"slide-gallery-image-link\" href=\"https:\/\/static.africa-press.net\/djibouti\/sites\/52\/2023\/08\/sm_1692265407.838089.jpg\" title=\"sm_1692265407.838089\"  data-caption=\"\"  data-description=\"\">\r\n                                <img decoding=\"async\" src=\"https:\/\/static.africa-press.net\/djibouti\/sites\/52\/2023\/08\/sm_1692265407.838089.jpg\" srcset=\"https:\/\/static.africa-press.net\/djibouti\/sites\/52\/2023\/08\/sm_1692265407.838089.jpg 1024w, https:\/\/static.africa-press.net\/djibouti\/sites\/52\/2023\/08\/sm_1692265407.838089-300x168.jpg 300w, https:\/\/static.africa-press.net\/djibouti\/sites\/52\/2023\/08\/sm_1692265407.838089-768x431.jpg 768w\" sizes=\"(max-width: 1024px) 100vw, 1024px\" alt=\"\">\r\n                            <\/a>\r\n                            \r\n                        <\/figure>\r\n                    <\/div>\r\n                    <div class = \"td-slide-item td-item2\">\r\n                        <figure class=\"td-slide-galery-figure td-slide-popup-gallery\">\r\n                            <a class=\"slide-gallery-image-link\" href=\"https:\/\/static.africa-press.net\/djibouti\/sites\/52\/2023\/08\/sm_1692265417.522636.jpg\" title=\"sm_1692265417.522636\"  data-caption=\"\"  data-description=\"\">\r\n                                <img decoding=\"async\" src=\"https:\/\/static.africa-press.net\/djibouti\/sites\/52\/2023\/08\/sm_1692265417.522636.jpg\" srcset=\"https:\/\/static.africa-press.net\/djibouti\/sites\/52\/2023\/08\/sm_1692265417.522636.jpg 696w, https:\/\/static.africa-press.net\/djibouti\/sites\/52\/2023\/08\/sm_1692265417.522636-300x169.jpg 300w\" sizes=\"(max-width: 696px) 100vw, 696px\" alt=\"\">\r\n                            <\/a>\r\n                            \r\n                        <\/figure>\r\n                    <\/div>\r\n                            <\/div>\r\n                        <\/div>\r\n\r\n                        <div class = \"td-doubleSlider-2\">\r\n                            <div class = \"td-slider\">\r\n                                \r\n                    <div class = \"td-button td-item1\">\r\n                        <div class = \"td-border\"><\/div>\r\n                    <\/div>\r\n                    <div class = \"td-button td-item2\">\r\n                        <div class = \"td-border\"><\/div>\r\n                    <\/div>\r\n                            <\/div>\r\n                        <\/div>\r\n\r\n                    <\/div>\r\n\r\n                <\/div>\r\n                \n<p><strong>Pour plus d&rsquo;informations et d&rsquo;analyses sur la <a href=\"https:\/\/www.africa-press.net\/djibouti\">Djibouti<\/a>, suivez <a href=\"https:\/\/www.africa-press.net\/\">Africa-Press<\/a><\/strong><\/p>\n","protected":false},"excerpt":{"rendered":"<p>Africa-Press &#8211; Djibouti. Dans la journe\u0301e du 13 aou\u0302t 2023, le lancement de la dernie\u0300re e\u0301tape de la formation en e\u0301conomie verte a eu lieu au sein du Centre de De\u0301veloppement Communautaire (CDC) de la localite\u0301 de Guirori en faveur de 40 jeunes ruraux issus des localite\u0301s de Guirori,Dafenaytou et Adaylou. Cette initiative mene\u0301e par [&hellip;]<\/p>\n","protected":false},"author":82,"featured_media":16766,"comment_status":"open","ping_status":"closed","sticky":false,"template":"","format":"standard","meta":{"footnotes":""},"categories":[3,8,10],"tags":[36,49,50],"class_list":["post-16767","post","type-post","status-publish","format-standard","has-post-thumbnail","hentry","category-economie","category-photo","category-toutes-les-actualites","tag-africa-press","tag-africa-press-djibouti","tag-djibouti"],"yoast_head":"<!-- This site is optimized with the Yoast SEO Premium plugin v26.1 (Yoast SEO v27.0) - https:\/\/yoast.com\/product\/yoast-seo-premium-wordpress\/ -->\n<title>MJC : Derni\u00e8re \u00e9tape de la formation en \u00e9conomie verte - Djibouti<\/title>\n<meta name=\"description\" content=\"Dans la journe\u0301e du 13 aou\u0302t 2023, le lancement de la dernie\u0300re e\u0301tape de la formation en e\u0301conomie verte a eu lieu au s ...\" \/>\n<meta name=\"robots\" content=\"index, follow, max-snippet:-1, max-image-preview:large, max-video-preview:-1\" \/>\n<link rel=\"canonical\" href=\"https:\/\/www.africa-press.net\/djibouti\/economie\/mjc-derniere-etape-de-la-formation-en-economie-verte\" \/>\n<meta property=\"og:locale\" content=\"fr_FR\" \/>\n<meta property=\"og:type\" content=\"article\" \/>\n<meta property=\"og:title\" content=\"MJC : Derni\u00e8re \u00e9tape de la formation en \u00e9conomie verte\" \/>\n<meta property=\"og:description\" content=\"Dans la journe\u0301e du 13 aou\u0302t 2023, le lancement de la dernie\u0300re e\u0301tape de la formation en e\u0301conomie verte a eu lieu au s ...\" \/>\n<meta property=\"og:url\" content=\"https:\/\/www.africa-press.net\/djibouti\/economie\/mjc-derniere-etape-de-la-formation-en-economie-verte\" \/>\n<meta property=\"og:site_name\" content=\"Djibouti\" \/>\n<meta property=\"article:published_time\" content=\"2023-08-17T12:51:25+00:00\" \/>\n<meta property=\"article:modified_time\" content=\"2023-08-17T13:14:03+00:00\" \/>\n<meta property=\"og:image\" content=\"https:\/\/static.africa-press.net\/djibouti\/sites\/52\/2023\/08\/sm_1692265423.717871.jpg\" \/>\n\t<meta property=\"og:image:width\" content=\"720\" \/>\n\t<meta property=\"og:image:height\" content=\"404\" \/>\n\t<meta property=\"og:image:type\" content=\"image\/jpeg\" \/>\n<meta name=\"author\" content=\"cfeditorfr\" \/>\n<meta name=\"twitter:card\" content=\"summary_large_image\" \/>\n<meta name=\"twitter:label1\" content=\"\u00c9crit par\" \/>\n\t<meta name=\"twitter:data1\" content=\"cfeditorfr\" \/>\n\t<meta name=\"twitter:label2\" content=\"Dur\u00e9e de lecture estim\u00e9e\" \/>\n\t<meta name=\"twitter:data2\" content=\"2 minutes\" \/>\n<script type=\"application\/ld+json\" class=\"yoast-schema-graph\">{\"@context\":\"https:\/\/schema.org\",\"@graph\":[{\"@type\":\"Article\",\"@id\":\"https:\/\/www.africa-press.net\/djibouti\/economie\/mjc-derniere-etape-de-la-formation-en-economie-verte#article\",\"isPartOf\":{\"@id\":\"https:\/\/www.africa-press.net\/djibouti\/economie\/mjc-derniere-etape-de-la-formation-en-economie-verte\"},\"author\":{\"name\":\"cfeditorfr\",\"@id\":\"https:\/\/www.africa-press.net\/djibouti\/#\/schema\/person\/2b1cf3cd81a31e3cd26889ca66d677f1\"},\"headline\":\"MJC : Derni\u00e8re \u00e9tape de la formation en \u00e9conomie verte\",\"datePublished\":\"2023-08-17T12:51:25+00:00\",\"dateModified\":\"2023-08-17T13:14:03+00:00\",\"mainEntityOfPage\":{\"@id\":\"https:\/\/www.africa-press.net\/djibouti\/economie\/mjc-derniere-etape-de-la-formation-en-economie-verte\"},\"wordCount\":255,\"commentCount\":0,\"image\":{\"@id\":\"https:\/\/www.africa-press.net\/djibouti\/economie\/mjc-derniere-etape-de-la-formation-en-economie-verte#primaryimage\"},\"thumbnailUrl\":\"https:\/\/static.africa-press.net\/djibouti\/sites\/52\/2023\/08\/sm_1692265423.717871.jpg\",\"keywords\":[\"Africa Press\",\"Africa Press-Djibouti\",\"Djibouti\"],\"articleSection\":[\"\u00c9conomie\",\"Photo\",\"Toutes les actualit\u00e9s\"],\"inLanguage\":\"fr-FR\",\"potentialAction\":[{\"@type\":\"CommentAction\",\"name\":\"Comment\",\"target\":[\"https:\/\/www.africa-press.net\/djibouti\/economie\/mjc-derniere-etape-de-la-formation-en-economie-verte#respond\"]}]},{\"@type\":\"WebPage\",\"@id\":\"https:\/\/www.africa-press.net\/djibouti\/economie\/mjc-derniere-etape-de-la-formation-en-economie-verte\",\"url\":\"https:\/\/www.africa-press.net\/djibouti\/economie\/mjc-derniere-etape-de-la-formation-en-economie-verte\",\"name\":\"MJC : Derni\u00e8re \u00e9tape de la formation en \u00e9conomie verte - Djibouti\",\"isPartOf\":{\"@id\":\"https:\/\/www.africa-press.net\/djibouti\/#website\"},\"primaryImageOfPage\":{\"@id\":\"https:\/\/www.africa-press.net\/djibouti\/economie\/mjc-derniere-etape-de-la-formation-en-economie-verte#primaryimage\"},\"image\":{\"@id\":\"https:\/\/www.africa-press.net\/djibouti\/economie\/mjc-derniere-etape-de-la-formation-en-economie-verte#primaryimage\"},\"thumbnailUrl\":\"https:\/\/static.africa-press.net\/djibouti\/sites\/52\/2023\/08\/sm_1692265423.717871.jpg\",\"datePublished\":\"2023-08-17T12:51:25+00:00\",\"dateModified\":\"2023-08-17T13:14:03+00:00\",\"author\":{\"@id\":\"https:\/\/www.africa-press.net\/djibouti\/#\/schema\/person\/2b1cf3cd81a31e3cd26889ca66d677f1\"},\"description\":\"Dans la journe\u0301e du 13 aou\u0302t 2023, le lancement de la dernie\u0300re e\u0301tape de la formation en e\u0301conomie verte a eu lieu au s ...\",\"breadcrumb\":{\"@id\":\"https:\/\/www.africa-press.net\/djibouti\/economie\/mjc-derniere-etape-de-la-formation-en-economie-verte#breadcrumb\"},\"inLanguage\":\"fr-FR\",\"potentialAction\":[{\"@type\":\"ReadAction\",\"target\":[\"https:\/\/www.africa-press.net\/djibouti\/economie\/mjc-derniere-etape-de-la-formation-en-economie-verte\"]}]},{\"@type\":\"ImageObject\",\"inLanguage\":\"fr-FR\",\"@id\":\"https:\/\/www.africa-press.net\/djibouti\/economie\/mjc-derniere-etape-de-la-formation-en-economie-verte#primaryimage\",\"url\":\"https:\/\/static.africa-press.net\/djibouti\/sites\/52\/2023\/08\/sm_1692265423.717871.jpg\",\"contentUrl\":\"https:\/\/static.africa-press.net\/djibouti\/sites\/52\/2023\/08\/sm_1692265423.717871.jpg\",\"width\":720,\"height\":404,\"caption\":\"MJC : Derni\u00e8re \u00e9tape de la formation en \u00e9conomie verte\"},{\"@type\":\"BreadcrumbList\",\"@id\":\"https:\/\/www.africa-press.net\/djibouti\/economie\/mjc-derniere-etape-de-la-formation-en-economie-verte#breadcrumb\",\"itemListElement\":[{\"@type\":\"ListItem\",\"position\":1,\"name\":\"Accueil\",\"item\":\"https:\/\/www.africa-press.net\/djibouti\/\"},{\"@type\":\"ListItem\",\"position\":2,\"name\":\"MJC : Derni\u00e8re \u00e9tape de la formation en \u00e9conomie verte\"}]},{\"@type\":\"WebSite\",\"@id\":\"https:\/\/www.africa-press.net\/djibouti\/#website\",\"url\":\"https:\/\/www.africa-press.net\/djibouti\/\",\"name\":\"Djibouti\",\"description\":\"Just another Africa News Agency Sites site\",\"potentialAction\":[{\"@type\":\"SearchAction\",\"target\":{\"@type\":\"EntryPoint\",\"urlTemplate\":\"https:\/\/www.africa-press.net\/djibouti\/?s={search_term_string}\"},\"query-input\":{\"@type\":\"PropertyValueSpecification\",\"valueRequired\":true,\"valueName\":\"search_term_string\"}}],\"inLanguage\":\"fr-FR\"},{\"@type\":\"Person\",\"@id\":\"https:\/\/www.africa-press.net\/djibouti\/#\/schema\/person\/2b1cf3cd81a31e3cd26889ca66d677f1\",\"name\":\"cfeditorfr\"}]}<\/script>\n<!-- \/ Yoast SEO Premium plugin. -->","yoast_head_json":{"title":"MJC : Derni\u00e8re \u00e9tape de la formation en \u00e9conomie verte - Djibouti","description":"Dans la journe\u0301e du 13 aou\u0302t 2023, le lancement de la dernie\u0300re e\u0301tape de la formation en e\u0301conomie verte a eu lieu au s ...","robots":{"index":"index","follow":"follow","max-snippet":"max-snippet:-1","max-image-preview":"max-image-preview:large","max-video-preview":"max-video-preview:-1"},"canonical":"https:\/\/www.africa-press.net\/djibouti\/economie\/mjc-derniere-etape-de-la-formation-en-economie-verte","og_locale":"fr_FR","og_type":"article","og_title":"MJC : Derni\u00e8re \u00e9tape de la formation en \u00e9conomie verte","og_description":"Dans la journe\u0301e du 13 aou\u0302t 2023, le lancement de la dernie\u0300re e\u0301tape de la formation en e\u0301conomie verte a eu lieu au s ...","og_url":"https:\/\/www.africa-press.net\/djibouti\/economie\/mjc-derniere-etape-de-la-formation-en-economie-verte","og_site_name":"Djibouti","article_published_time":"2023-08-17T12:51:25+00:00","article_modified_time":"2023-08-17T13:14:03+00:00","og_image":[{"width":720,"height":404,"url":"https:\/\/static.africa-press.net\/djibouti\/sites\/52\/2023\/08\/sm_1692265423.717871.jpg","type":"image\/jpeg"}],"author":"cfeditorfr","twitter_card":"summary_large_image","twitter_misc":{"\u00c9crit par":"cfeditorfr","Dur\u00e9e de lecture estim\u00e9e":"2 minutes"},"schema":{"@context":"https:\/\/schema.org","@graph":[{"@type":"Article","@id":"https:\/\/www.africa-press.net\/djibouti\/economie\/mjc-derniere-etape-de-la-formation-en-economie-verte#article","isPartOf":{"@id":"https:\/\/www.africa-press.net\/djibouti\/economie\/mjc-derniere-etape-de-la-formation-en-economie-verte"},"author":{"name":"cfeditorfr","@id":"https:\/\/www.africa-press.net\/djibouti\/#\/schema\/person\/2b1cf3cd81a31e3cd26889ca66d677f1"},"headline":"MJC : Derni\u00e8re \u00e9tape de la formation en \u00e9conomie verte","datePublished":"2023-08-17T12:51:25+00:00","dateModified":"2023-08-17T13:14:03+00:00","mainEntityOfPage":{"@id":"https:\/\/www.africa-press.net\/djibouti\/economie\/mjc-derniere-etape-de-la-formation-en-economie-verte"},"wordCount":255,"commentCount":0,"image":{"@id":"https:\/\/www.africa-press.net\/djibouti\/economie\/mjc-derniere-etape-de-la-formation-en-economie-verte#primaryimage"},"thumbnailUrl":"https:\/\/static.africa-press.net\/djibouti\/sites\/52\/2023\/08\/sm_1692265423.717871.jpg","keywords":["Africa Press","Africa Press-Djibouti","Djibouti"],"articleSection":["\u00c9conomie","Photo","Toutes les actualit\u00e9s"],"inLanguage":"fr-FR","potentialAction":[{"@type":"CommentAction","name":"Comment","target":["https:\/\/www.africa-press.net\/djibouti\/economie\/mjc-derniere-etape-de-la-formation-en-economie-verte#respond"]}]},{"@type":"WebPage","@id":"https:\/\/www.africa-press.net\/djibouti\/economie\/mjc-derniere-etape-de-la-formation-en-economie-verte","url":"https:\/\/www.africa-press.net\/djibouti\/economie\/mjc-derniere-etape-de-la-formation-en-economie-verte","name":"MJC : Derni\u00e8re \u00e9tape de la formation en \u00e9conomie verte - Djibouti","isPartOf":{"@id":"https:\/\/www.africa-press.net\/djibouti\/#website"},"primaryImageOfPage":{"@id":"https:\/\/www.africa-press.net\/djibouti\/economie\/mjc-derniere-etape-de-la-formation-en-economie-verte#primaryimage"},"image":{"@id":"https:\/\/www.africa-press.net\/djibouti\/economie\/mjc-derniere-etape-de-la-formation-en-economie-verte#primaryimage"},"thumbnailUrl":"https:\/\/static.africa-press.net\/djibouti\/sites\/52\/2023\/08\/sm_1692265423.717871.jpg","datePublished":"2023-08-17T12:51:25+00:00","dateModified":"2023-08-17T13:14:03+00:00","author":{"@id":"https:\/\/www.africa-press.net\/djibouti\/#\/schema\/person\/2b1cf3cd81a31e3cd26889ca66d677f1"},"description":"Dans la journe\u0301e du 13 aou\u0302t 2023, le lancement de la dernie\u0300re e\u0301tape de la formation en e\u0301conomie verte a eu lieu au s ...","breadcrumb":{"@id":"https:\/\/www.africa-press.net\/djibouti\/economie\/mjc-derniere-etape-de-la-formation-en-economie-verte#breadcrumb"},"inLanguage":"fr-FR","potentialAction":[{"@type":"ReadAction","target":["https:\/\/www.africa-press.net\/djibouti\/economie\/mjc-derniere-etape-de-la-formation-en-economie-verte"]}]},{"@type":"ImageObject","inLanguage":"fr-FR","@id":"https:\/\/www.africa-press.net\/djibouti\/economie\/mjc-derniere-etape-de-la-formation-en-economie-verte#primaryimage","url":"https:\/\/static.africa-press.net\/djibouti\/sites\/52\/2023\/08\/sm_1692265423.717871.jpg","contentUrl":"https:\/\/static.africa-press.net\/djibouti\/sites\/52\/2023\/08\/sm_1692265423.717871.jpg","width":720,"height":404,"caption":"MJC : Derni\u00e8re \u00e9tape de la formation en \u00e9conomie verte"},{"@type":"BreadcrumbList","@id":"https:\/\/www.africa-press.net\/djibouti\/economie\/mjc-derniere-etape-de-la-formation-en-economie-verte#breadcrumb","itemListElement":[{"@type":"ListItem","position":1,"name":"Accueil","item":"https:\/\/www.africa-press.net\/djibouti\/"},{"@type":"ListItem","position":2,"name":"MJC : Derni\u00e8re \u00e9tape de la formation en \u00e9conomie verte"}]},{"@type":"WebSite","@id":"https:\/\/www.africa-press.net\/djibouti\/#website","url":"https:\/\/www.africa-press.net\/djibouti\/","name":"Djibouti","description":"Just another Africa News Agency Sites site","potentialAction":[{"@type":"SearchAction","target":{"@type":"EntryPoint","urlTemplate":"https:\/\/www.africa-press.net\/djibouti\/?s={search_term_string}"},"query-input":{"@type":"PropertyValueSpecification","valueRequired":true,"valueName":"search_term_string"}}],"inLanguage":"fr-FR"},{"@type":"Person","@id":"https:\/\/www.africa-press.net\/djibouti\/#\/schema\/person\/2b1cf3cd81a31e3cd26889ca66d677f1","name":"cfeditorfr"}]}},"_links":{"self":[{"href":"https:\/\/www.africa-press.net\/djibouti\/wp-json\/wp\/v2\/posts\/16767","targetHints":{"allow":["GET"]}}],"collection":[{"href":"https:\/\/www.africa-press.net\/djibouti\/wp-json\/wp\/v2\/posts"}],"about":[{"href":"https:\/\/www.africa-press.net\/djibouti\/wp-json\/wp\/v2\/types\/post"}],"author":[{"embeddable":true,"href":"https:\/\/www.africa-press.net\/djibouti\/wp-json\/wp\/v2\/users\/82"}],"replies":[{"embeddable":true,"href":"https:\/\/www.africa-press.net\/djibouti\/wp-json\/wp\/v2\/comments?post=16767"}],"version-history":[{"count":0,"href":"https:\/\/www.africa-press.net\/djibouti\/wp-json\/wp\/v2\/posts\/16767\/revisions"}],"wp:featuredmedia":[{"embeddable":true,"href":"https:\/\/www.africa-press.net\/djibouti\/wp-json\/wp\/v2\/media\/16766"}],"wp:attachment":[{"href":"https:\/\/www.africa-press.net\/djibouti\/wp-json\/wp\/v2\/media?parent=16767"}],"wp:term":[{"taxonomy":"category","embeddable":true,"href":"https:\/\/www.africa-press.net\/djibouti\/wp-json\/wp\/v2\/categories?post=16767"},{"taxonomy":"post_tag","embeddable":true,"href":"https:\/\/www.africa-press.net\/djibouti\/wp-json\/wp\/v2\/tags?post=16767"}],"curies":[{"name":"wp","href":"https:\/\/api.w.org\/{rel}","templated":true}]}}