{"id":16777,"date":"2023-08-17T12:52:41","date_gmt":"2023-08-17T12:52:41","guid":{"rendered":"https:\/\/www.africa-press.net\/djibouti\/politique\/celebration-du-77eme-jour-de-la-republique-de-linde"},"modified":"2023-08-17T13:17:00","modified_gmt":"2023-08-17T13:17:00","slug":"celebration-du-77eme-jour-de-la-republique-de-linde","status":"publish","type":"post","link":"https:\/\/www.africa-press.net\/djibouti\/politique\/celebration-du-77eme-jour-de-la-republique-de-linde","title":{"rendered":"C\u00e9l\u00e9bration du 77\u00e8me jour de la r\u00e9publique de l\u2019Inde"},"content":{"rendered":"<p><span style=\"color: #ff6600\"><strong>Africa-Press &#8211; Djibouti. <\/strong><\/span>Dans la journe\u0301e du mardi 15 aou\u0302t 2023, l\u2019ambassade de l\u2019Inde a\u0300 Djibouti a comme\u0301more\u0301 le 77e\u0300me jour de la Re\u0301publique de l\u2019Inde. Cette ce\u0301le\u0301bration qui s\u2019est tenue a\u0300 la ba\u0302tisse de l\u2019ambassade indienne a e\u0301te\u0301 dirige\u0301e par l\u2019ambassadeur accre\u0301dite\u0301 a\u0300 Djibouti, M. Chandramouli.<\/p>\n<p>Cette ce\u0301re\u0301monie bien ordonne\u0301e a vu la participation des responsables de l\u2019ambassade, de nombreux invite\u0301s indiens re\u0301sidants a\u0300 Djibouti et des invite\u0301s de nationalite\u0301 djiboutienne. Un grand nombre de personnes d\u2019origine indienne et amis de l\u2019Inde ont adhe\u0301re\u0301 a\u0300 l\u2019e\u0301ve\u0301nement. La fe\u0302te de\u0301bute par le de\u0301ploiement du drapeau national de l\u2019Inde par l\u2019Ambassadeur Chandramouli, suivi de l\u2019hymne national de ce pays. Apre\u0300s la parade du drapeau national, des membres de la diaspora indienne et de l\u2019association des femmes indiennes de Djibouti (Diwa) ont re\u0301cite\u0301 des poe\u0300mes et chante\u0301 des chansons patriotiques.<\/p>\n<p>L\u2019instant de\u0301cisif de la ce\u0301re\u0301monie fut la relecture de l\u2019ambassadeur du discours a\u0300 la nation prononce\u0301 par la Pre\u0301sidente de l\u2019Inde, Mme Droupadi Murmu, a\u0300 la veille de la fe\u0302te de la Re\u0301publique.<\/p>\n<p><b>Djibril Abdi Ali<\/b><\/p>\n\r\n                <style type=\"text\/css\">\r\n                    \r\n                    #td_uid_1_69ee0379eb461  .td-doubleSlider-2 .td-item1 {\r\n                        background: url(https:\/\/static.africa-press.net\/djibouti\/sites\/52\/2023\/08\/sm_1692265487.518229-80x60.jpg) 0 0 no-repeat;\r\n                    }\r\n                    #td_uid_1_69ee0379eb461  .td-doubleSlider-2 .td-item2 {\r\n                        background: url(https:\/\/static.africa-press.net\/djibouti\/sites\/52\/2023\/08\/sm_1692265526.503282-80x60.jpg) 0 0 no-repeat;\r\n                    }\r\n                <\/style>\r\n\r\n                <div id=\"td_uid_1_69ee0379eb461\" class=\"td-gallery td-slide-on-2-columns\">\r\n                    <div class=\"post_td_gallery\">\r\n                        <div class=\"td-gallery-slide-top\">\r\n                           <div class=\"td-gallery-title\"><\/div>\r\n\r\n                            <div class=\"td-gallery-controls-wrapper\">\r\n                                <div class=\"td-gallery-slide-count\"><span class=\"td-gallery-slide-item-focus\">1<\/span> de 2<\/div>\r\n                                <div class=\"td-gallery-slide-prev-next-but\">\r\n                                    <i class = \"td-icon-left doubleSliderPrevButton\"><\/i>\r\n                                    <i class = \"td-icon-right doubleSliderNextButton\"><\/i>\r\n                                <\/div>\r\n                            <\/div>\r\n                        <\/div>\r\n\r\n                        <div class = \"td-doubleSlider-1 \">\r\n                            <div class = \"td-slider\">\r\n                                \r\n                    <div class = \"td-slide-item td-item1\">\r\n                        <figure class=\"td-slide-galery-figure td-slide-popup-gallery\">\r\n                            <a class=\"slide-gallery-image-link\" href=\"https:\/\/static.africa-press.net\/djibouti\/sites\/52\/2023\/08\/sm_1692265487.518229.jpg\" title=\"sm_1692265487.518229\"  data-caption=\"\"  data-description=\"\">\r\n                                <img decoding=\"async\" src=\"https:\/\/static.africa-press.net\/djibouti\/sites\/52\/2023\/08\/sm_1692265487.518229.jpg\" srcset=\"https:\/\/static.africa-press.net\/djibouti\/sites\/52\/2023\/08\/sm_1692265487.518229.jpg 1024w, https:\/\/static.africa-press.net\/djibouti\/sites\/52\/2023\/08\/sm_1692265487.518229-300x200.jpg 300w, https:\/\/static.africa-press.net\/djibouti\/sites\/52\/2023\/08\/sm_1692265487.518229-768x512.jpg 768w\" sizes=\"(max-width: 1024px) 100vw, 1024px\" alt=\"\">\r\n                            <\/a>\r\n                            \r\n                        <\/figure>\r\n                    <\/div>\r\n                    <div class = \"td-slide-item td-item2\">\r\n                        <figure class=\"td-slide-galery-figure td-slide-popup-gallery\">\r\n                            <a class=\"slide-gallery-image-link\" href=\"https:\/\/static.africa-press.net\/djibouti\/sites\/52\/2023\/08\/sm_1692265526.503282.jpg\" title=\"sm_1692265526.503282\"  data-caption=\"\"  data-description=\"\">\r\n                                <img decoding=\"async\" src=\"https:\/\/static.africa-press.net\/djibouti\/sites\/52\/2023\/08\/sm_1692265526.503282.jpg\" srcset=\"https:\/\/static.africa-press.net\/djibouti\/sites\/52\/2023\/08\/sm_1692265526.503282.jpg 696w, https:\/\/static.africa-press.net\/djibouti\/sites\/52\/2023\/08\/sm_1692265526.503282-300x200.jpg 300w\" sizes=\"(max-width: 696px) 100vw, 696px\" alt=\"\">\r\n                            <\/a>\r\n                            \r\n                        <\/figure>\r\n                    <\/div>\r\n                            <\/div>\r\n                        <\/div>\r\n\r\n                        <div class = \"td-doubleSlider-2\">\r\n                            <div class = \"td-slider\">\r\n                                \r\n                    <div class = \"td-button td-item1\">\r\n                        <div class = \"td-border\"><\/div>\r\n                    <\/div>\r\n                    <div class = \"td-button td-item2\">\r\n                        <div class = \"td-border\"><\/div>\r\n                    <\/div>\r\n                            <\/div>\r\n                        <\/div>\r\n\r\n                    <\/div>\r\n\r\n                <\/div>\r\n                \n<p><strong>Pour plus d&rsquo;informations et d&rsquo;analyses sur la <a href=\"https:\/\/www.africa-press.net\/djibouti\">Djibouti<\/a>, suivez <a href=\"https:\/\/www.africa-press.net\/\">Africa-Press<\/a><\/strong><\/p>\n","protected":false},"excerpt":{"rendered":"<p>Africa-Press &#8211; Djibouti. Dans la journe\u0301e du mardi 15 aou\u0302t 2023, l\u2019ambassade de l\u2019Inde a\u0300 Djibouti a comme\u0301more\u0301 le 77e\u0300me jour de la Re\u0301publique de l\u2019Inde. Cette ce\u0301le\u0301bration qui s\u2019est tenue a\u0300 la ba\u0302tisse de l\u2019ambassade indienne a e\u0301te\u0301 dirige\u0301e par l\u2019ambassadeur accre\u0301dite\u0301 a\u0300 Djibouti, M. Chandramouli. Cette ce\u0301re\u0301monie bien ordonne\u0301e a vu la participation [&hellip;]<\/p>\n","protected":false},"author":82,"featured_media":16776,"comment_status":"open","ping_status":"closed","sticky":false,"template":"","format":"standard","meta":{"footnotes":""},"categories":[8,2,10],"tags":[36,49,50],"class_list":["post-16777","post","type-post","status-publish","format-standard","has-post-thumbnail","hentry","category-photo","category-politique","category-toutes-les-actualites","tag-africa-press","tag-africa-press-djibouti","tag-djibouti"],"yoast_head":"<!-- This site is optimized with the Yoast SEO Premium plugin v26.1 (Yoast SEO v27.0) - https:\/\/yoast.com\/product\/yoast-seo-premium-wordpress\/ -->\n<title>C\u00e9l\u00e9bration du 77\u00e8me jour de la r\u00e9publique de l\u2019Inde - Djibouti<\/title>\n<meta name=\"description\" content=\"Dans la journe\u0301e du mardi 15 aou\u0302t 2023, l\u2019ambassade de l\u2019Inde a\u0300 Djibouti a comme\u0301more\u0301 le 77e\u0300me jour de la Re\u0301publiqu ...\" \/>\n<meta name=\"robots\" content=\"index, follow, max-snippet:-1, max-image-preview:large, max-video-preview:-1\" \/>\n<link rel=\"canonical\" href=\"https:\/\/www.africa-press.net\/djibouti\/politique\/celebration-du-77eme-jour-de-la-republique-de-linde\" \/>\n<meta property=\"og:locale\" content=\"fr_FR\" \/>\n<meta property=\"og:type\" content=\"article\" \/>\n<meta property=\"og:title\" content=\"C\u00e9l\u00e9bration du 77\u00e8me jour de la r\u00e9publique de l\u2019Inde\" \/>\n<meta property=\"og:description\" content=\"Dans la journe\u0301e du mardi 15 aou\u0302t 2023, l\u2019ambassade de l\u2019Inde a\u0300 Djibouti a comme\u0301more\u0301 le 77e\u0300me jour de la Re\u0301publiqu ...\" \/>\n<meta property=\"og:url\" content=\"https:\/\/www.africa-press.net\/djibouti\/politique\/celebration-du-77eme-jour-de-la-republique-de-linde\" \/>\n<meta property=\"og:site_name\" content=\"Djibouti\" \/>\n<meta property=\"article:published_time\" content=\"2023-08-17T12:52:41+00:00\" \/>\n<meta property=\"article:modified_time\" content=\"2023-08-17T13:17:00+00:00\" \/>\n<meta property=\"og:image\" content=\"https:\/\/static.africa-press.net\/djibouti\/sites\/52\/2023\/08\/sm_1692265539.505882.jpg\" \/>\n\t<meta property=\"og:image:width\" content=\"720\" \/>\n\t<meta property=\"og:image:height\" content=\"480\" \/>\n\t<meta property=\"og:image:type\" content=\"image\/jpeg\" \/>\n<meta name=\"author\" content=\"cfeditorfr\" \/>\n<meta name=\"twitter:card\" content=\"summary_large_image\" \/>\n<meta name=\"twitter:label1\" content=\"\u00c9crit par\" \/>\n\t<meta name=\"twitter:data1\" content=\"cfeditorfr\" \/>\n\t<meta name=\"twitter:label2\" content=\"Dur\u00e9e de lecture estim\u00e9e\" \/>\n\t<meta name=\"twitter:data2\" content=\"1 minute\" \/>\n<script type=\"application\/ld+json\" class=\"yoast-schema-graph\">{\"@context\":\"https:\/\/schema.org\",\"@graph\":[{\"@type\":\"Article\",\"@id\":\"https:\/\/www.africa-press.net\/djibouti\/politique\/celebration-du-77eme-jour-de-la-republique-de-linde#article\",\"isPartOf\":{\"@id\":\"https:\/\/www.africa-press.net\/djibouti\/politique\/celebration-du-77eme-jour-de-la-republique-de-linde\"},\"author\":{\"name\":\"cfeditorfr\",\"@id\":\"https:\/\/www.africa-press.net\/djibouti\/#\/schema\/person\/2b1cf3cd81a31e3cd26889ca66d677f1\"},\"headline\":\"C\u00e9l\u00e9bration du 77\u00e8me jour de la r\u00e9publique de l\u2019Inde\",\"datePublished\":\"2023-08-17T12:52:41+00:00\",\"dateModified\":\"2023-08-17T13:17:00+00:00\",\"mainEntityOfPage\":{\"@id\":\"https:\/\/www.africa-press.net\/djibouti\/politique\/celebration-du-77eme-jour-de-la-republique-de-linde\"},\"wordCount\":256,\"commentCount\":0,\"image\":{\"@id\":\"https:\/\/www.africa-press.net\/djibouti\/politique\/celebration-du-77eme-jour-de-la-republique-de-linde#primaryimage\"},\"thumbnailUrl\":\"https:\/\/static.africa-press.net\/djibouti\/sites\/52\/2023\/08\/sm_1692265539.505882.jpg\",\"keywords\":[\"Africa Press\",\"Africa Press-Djibouti\",\"Djibouti\"],\"articleSection\":[\"Photo\",\"Politique\",\"Toutes les actualit\u00e9s\"],\"inLanguage\":\"fr-FR\",\"potentialAction\":[{\"@type\":\"CommentAction\",\"name\":\"Comment\",\"target\":[\"https:\/\/www.africa-press.net\/djibouti\/politique\/celebration-du-77eme-jour-de-la-republique-de-linde#respond\"]}]},{\"@type\":\"WebPage\",\"@id\":\"https:\/\/www.africa-press.net\/djibouti\/politique\/celebration-du-77eme-jour-de-la-republique-de-linde\",\"url\":\"https:\/\/www.africa-press.net\/djibouti\/politique\/celebration-du-77eme-jour-de-la-republique-de-linde\",\"name\":\"C\u00e9l\u00e9bration du 77\u00e8me jour de la r\u00e9publique de l\u2019Inde - Djibouti\",\"isPartOf\":{\"@id\":\"https:\/\/www.africa-press.net\/djibouti\/#website\"},\"primaryImageOfPage\":{\"@id\":\"https:\/\/www.africa-press.net\/djibouti\/politique\/celebration-du-77eme-jour-de-la-republique-de-linde#primaryimage\"},\"image\":{\"@id\":\"https:\/\/www.africa-press.net\/djibouti\/politique\/celebration-du-77eme-jour-de-la-republique-de-linde#primaryimage\"},\"thumbnailUrl\":\"https:\/\/static.africa-press.net\/djibouti\/sites\/52\/2023\/08\/sm_1692265539.505882.jpg\",\"datePublished\":\"2023-08-17T12:52:41+00:00\",\"dateModified\":\"2023-08-17T13:17:00+00:00\",\"author\":{\"@id\":\"https:\/\/www.africa-press.net\/djibouti\/#\/schema\/person\/2b1cf3cd81a31e3cd26889ca66d677f1\"},\"description\":\"Dans la journe\u0301e du mardi 15 aou\u0302t 2023, l\u2019ambassade de l\u2019Inde a\u0300 Djibouti a comme\u0301more\u0301 le 77e\u0300me jour de la Re\u0301publiqu ...\",\"breadcrumb\":{\"@id\":\"https:\/\/www.africa-press.net\/djibouti\/politique\/celebration-du-77eme-jour-de-la-republique-de-linde#breadcrumb\"},\"inLanguage\":\"fr-FR\",\"potentialAction\":[{\"@type\":\"ReadAction\",\"target\":[\"https:\/\/www.africa-press.net\/djibouti\/politique\/celebration-du-77eme-jour-de-la-republique-de-linde\"]}]},{\"@type\":\"ImageObject\",\"inLanguage\":\"fr-FR\",\"@id\":\"https:\/\/www.africa-press.net\/djibouti\/politique\/celebration-du-77eme-jour-de-la-republique-de-linde#primaryimage\",\"url\":\"https:\/\/static.africa-press.net\/djibouti\/sites\/52\/2023\/08\/sm_1692265539.505882.jpg\",\"contentUrl\":\"https:\/\/static.africa-press.net\/djibouti\/sites\/52\/2023\/08\/sm_1692265539.505882.jpg\",\"width\":720,\"height\":480,\"caption\":\"C\u00e9l\u00e9bration du 77\u00e8me jour de la r\u00e9publique de l\u2019Inde\"},{\"@type\":\"BreadcrumbList\",\"@id\":\"https:\/\/www.africa-press.net\/djibouti\/politique\/celebration-du-77eme-jour-de-la-republique-de-linde#breadcrumb\",\"itemListElement\":[{\"@type\":\"ListItem\",\"position\":1,\"name\":\"Accueil\",\"item\":\"https:\/\/www.africa-press.net\/djibouti\/\"},{\"@type\":\"ListItem\",\"position\":2,\"name\":\"C\u00e9l\u00e9bration du 77\u00e8me jour de la r\u00e9publique de l\u2019Inde\"}]},{\"@type\":\"WebSite\",\"@id\":\"https:\/\/www.africa-press.net\/djibouti\/#website\",\"url\":\"https:\/\/www.africa-press.net\/djibouti\/\",\"name\":\"Djibouti\",\"description\":\"Just another Africa News Agency Sites site\",\"potentialAction\":[{\"@type\":\"SearchAction\",\"target\":{\"@type\":\"EntryPoint\",\"urlTemplate\":\"https:\/\/www.africa-press.net\/djibouti\/?s={search_term_string}\"},\"query-input\":{\"@type\":\"PropertyValueSpecification\",\"valueRequired\":true,\"valueName\":\"search_term_string\"}}],\"inLanguage\":\"fr-FR\"},{\"@type\":\"Person\",\"@id\":\"https:\/\/www.africa-press.net\/djibouti\/#\/schema\/person\/2b1cf3cd81a31e3cd26889ca66d677f1\",\"name\":\"cfeditorfr\"}]}<\/script>\n<!-- \/ Yoast SEO Premium plugin. -->","yoast_head_json":{"title":"C\u00e9l\u00e9bration du 77\u00e8me jour de la r\u00e9publique de l\u2019Inde - Djibouti","description":"Dans la journe\u0301e du mardi 15 aou\u0302t 2023, l\u2019ambassade de l\u2019Inde a\u0300 Djibouti a comme\u0301more\u0301 le 77e\u0300me jour de la Re\u0301publiqu ...","robots":{"index":"index","follow":"follow","max-snippet":"max-snippet:-1","max-image-preview":"max-image-preview:large","max-video-preview":"max-video-preview:-1"},"canonical":"https:\/\/www.africa-press.net\/djibouti\/politique\/celebration-du-77eme-jour-de-la-republique-de-linde","og_locale":"fr_FR","og_type":"article","og_title":"C\u00e9l\u00e9bration du 77\u00e8me jour de la r\u00e9publique de l\u2019Inde","og_description":"Dans la journe\u0301e du mardi 15 aou\u0302t 2023, l\u2019ambassade de l\u2019Inde a\u0300 Djibouti a comme\u0301more\u0301 le 77e\u0300me jour de la Re\u0301publiqu ...","og_url":"https:\/\/www.africa-press.net\/djibouti\/politique\/celebration-du-77eme-jour-de-la-republique-de-linde","og_site_name":"Djibouti","article_published_time":"2023-08-17T12:52:41+00:00","article_modified_time":"2023-08-17T13:17:00+00:00","og_image":[{"width":720,"height":480,"url":"https:\/\/static.africa-press.net\/djibouti\/sites\/52\/2023\/08\/sm_1692265539.505882.jpg","type":"image\/jpeg"}],"author":"cfeditorfr","twitter_card":"summary_large_image","twitter_misc":{"\u00c9crit par":"cfeditorfr","Dur\u00e9e de lecture estim\u00e9e":"1 minute"},"schema":{"@context":"https:\/\/schema.org","@graph":[{"@type":"Article","@id":"https:\/\/www.africa-press.net\/djibouti\/politique\/celebration-du-77eme-jour-de-la-republique-de-linde#article","isPartOf":{"@id":"https:\/\/www.africa-press.net\/djibouti\/politique\/celebration-du-77eme-jour-de-la-republique-de-linde"},"author":{"name":"cfeditorfr","@id":"https:\/\/www.africa-press.net\/djibouti\/#\/schema\/person\/2b1cf3cd81a31e3cd26889ca66d677f1"},"headline":"C\u00e9l\u00e9bration du 77\u00e8me jour de la r\u00e9publique de l\u2019Inde","datePublished":"2023-08-17T12:52:41+00:00","dateModified":"2023-08-17T13:17:00+00:00","mainEntityOfPage":{"@id":"https:\/\/www.africa-press.net\/djibouti\/politique\/celebration-du-77eme-jour-de-la-republique-de-linde"},"wordCount":256,"commentCount":0,"image":{"@id":"https:\/\/www.africa-press.net\/djibouti\/politique\/celebration-du-77eme-jour-de-la-republique-de-linde#primaryimage"},"thumbnailUrl":"https:\/\/static.africa-press.net\/djibouti\/sites\/52\/2023\/08\/sm_1692265539.505882.jpg","keywords":["Africa Press","Africa Press-Djibouti","Djibouti"],"articleSection":["Photo","Politique","Toutes les actualit\u00e9s"],"inLanguage":"fr-FR","potentialAction":[{"@type":"CommentAction","name":"Comment","target":["https:\/\/www.africa-press.net\/djibouti\/politique\/celebration-du-77eme-jour-de-la-republique-de-linde#respond"]}]},{"@type":"WebPage","@id":"https:\/\/www.africa-press.net\/djibouti\/politique\/celebration-du-77eme-jour-de-la-republique-de-linde","url":"https:\/\/www.africa-press.net\/djibouti\/politique\/celebration-du-77eme-jour-de-la-republique-de-linde","name":"C\u00e9l\u00e9bration du 77\u00e8me jour de la r\u00e9publique de l\u2019Inde - Djibouti","isPartOf":{"@id":"https:\/\/www.africa-press.net\/djibouti\/#website"},"primaryImageOfPage":{"@id":"https:\/\/www.africa-press.net\/djibouti\/politique\/celebration-du-77eme-jour-de-la-republique-de-linde#primaryimage"},"image":{"@id":"https:\/\/www.africa-press.net\/djibouti\/politique\/celebration-du-77eme-jour-de-la-republique-de-linde#primaryimage"},"thumbnailUrl":"https:\/\/static.africa-press.net\/djibouti\/sites\/52\/2023\/08\/sm_1692265539.505882.jpg","datePublished":"2023-08-17T12:52:41+00:00","dateModified":"2023-08-17T13:17:00+00:00","author":{"@id":"https:\/\/www.africa-press.net\/djibouti\/#\/schema\/person\/2b1cf3cd81a31e3cd26889ca66d677f1"},"description":"Dans la journe\u0301e du mardi 15 aou\u0302t 2023, l\u2019ambassade de l\u2019Inde a\u0300 Djibouti a comme\u0301more\u0301 le 77e\u0300me jour de la Re\u0301publiqu ...","breadcrumb":{"@id":"https:\/\/www.africa-press.net\/djibouti\/politique\/celebration-du-77eme-jour-de-la-republique-de-linde#breadcrumb"},"inLanguage":"fr-FR","potentialAction":[{"@type":"ReadAction","target":["https:\/\/www.africa-press.net\/djibouti\/politique\/celebration-du-77eme-jour-de-la-republique-de-linde"]}]},{"@type":"ImageObject","inLanguage":"fr-FR","@id":"https:\/\/www.africa-press.net\/djibouti\/politique\/celebration-du-77eme-jour-de-la-republique-de-linde#primaryimage","url":"https:\/\/static.africa-press.net\/djibouti\/sites\/52\/2023\/08\/sm_1692265539.505882.jpg","contentUrl":"https:\/\/static.africa-press.net\/djibouti\/sites\/52\/2023\/08\/sm_1692265539.505882.jpg","width":720,"height":480,"caption":"C\u00e9l\u00e9bration du 77\u00e8me jour de la r\u00e9publique de l\u2019Inde"},{"@type":"BreadcrumbList","@id":"https:\/\/www.africa-press.net\/djibouti\/politique\/celebration-du-77eme-jour-de-la-republique-de-linde#breadcrumb","itemListElement":[{"@type":"ListItem","position":1,"name":"Accueil","item":"https:\/\/www.africa-press.net\/djibouti\/"},{"@type":"ListItem","position":2,"name":"C\u00e9l\u00e9bration du 77\u00e8me jour de la r\u00e9publique de l\u2019Inde"}]},{"@type":"WebSite","@id":"https:\/\/www.africa-press.net\/djibouti\/#website","url":"https:\/\/www.africa-press.net\/djibouti\/","name":"Djibouti","description":"Just another Africa News Agency Sites site","potentialAction":[{"@type":"SearchAction","target":{"@type":"EntryPoint","urlTemplate":"https:\/\/www.africa-press.net\/djibouti\/?s={search_term_string}"},"query-input":{"@type":"PropertyValueSpecification","valueRequired":true,"valueName":"search_term_string"}}],"inLanguage":"fr-FR"},{"@type":"Person","@id":"https:\/\/www.africa-press.net\/djibouti\/#\/schema\/person\/2b1cf3cd81a31e3cd26889ca66d677f1","name":"cfeditorfr"}]}},"_links":{"self":[{"href":"https:\/\/www.africa-press.net\/djibouti\/wp-json\/wp\/v2\/posts\/16777","targetHints":{"allow":["GET"]}}],"collection":[{"href":"https:\/\/www.africa-press.net\/djibouti\/wp-json\/wp\/v2\/posts"}],"about":[{"href":"https:\/\/www.africa-press.net\/djibouti\/wp-json\/wp\/v2\/types\/post"}],"author":[{"embeddable":true,"href":"https:\/\/www.africa-press.net\/djibouti\/wp-json\/wp\/v2\/users\/82"}],"replies":[{"embeddable":true,"href":"https:\/\/www.africa-press.net\/djibouti\/wp-json\/wp\/v2\/comments?post=16777"}],"version-history":[{"count":0,"href":"https:\/\/www.africa-press.net\/djibouti\/wp-json\/wp\/v2\/posts\/16777\/revisions"}],"wp:featuredmedia":[{"embeddable":true,"href":"https:\/\/www.africa-press.net\/djibouti\/wp-json\/wp\/v2\/media\/16776"}],"wp:attachment":[{"href":"https:\/\/www.africa-press.net\/djibouti\/wp-json\/wp\/v2\/media?parent=16777"}],"wp:term":[{"taxonomy":"category","embeddable":true,"href":"https:\/\/www.africa-press.net\/djibouti\/wp-json\/wp\/v2\/categories?post=16777"},{"taxonomy":"post_tag","embeddable":true,"href":"https:\/\/www.africa-press.net\/djibouti\/wp-json\/wp\/v2\/tags?post=16777"}],"curies":[{"name":"wp","href":"https:\/\/api.w.org\/{rel}","templated":true}]}}