{"id":16808,"date":"2023-08-18T17:33:57","date_gmt":"2023-08-18T17:33:57","guid":{"rendered":"https:\/\/www.africa-press.net\/djibouti\/politique\/le-president-guelleh-recoit-une-delegation-americaine-de-haut-niveau"},"modified":"2023-08-18T17:55:19","modified_gmt":"2023-08-18T17:55:19","slug":"le-president-guelleh-recoit-une-delegation-americaine-de-haut-niveau","status":"publish","type":"post","link":"https:\/\/www.africa-press.net\/djibouti\/politique\/le-president-guelleh-recoit-une-delegation-americaine-de-haut-niveau","title":{"rendered":"Le Pr\u00e9sident Guelleh re\u00e7oit une d\u00e9l\u00e9gation am\u00e9ricaine de haut niveau"},"content":{"rendered":"<p><span style=\"color: #ff6600\"><strong>Africa-Press &#8211; Djibouti. <\/strong><\/span>Le Chef de l\u2019Etat, M. Ismail Omar Guelleh, a rec\u0327u ce jeudi la Sous-Secre\u0301taire d\u2019Etat Adjoint a\u0300 la De\u0301fense, Mme Mara Karlin, accompagne\u0301e du Chef du Commandement des Etats-Unis pour l\u2019Afrique (AFRICOM), le Ge\u0301ne\u0301ral Michael Langley.<\/p>\n<p>L\u2019audience servit d\u2019emble\u0301e de cadre aux deux parties pour proce\u0301der a\u0300 un large tour d\u2019horizon des relations, de\u0301ja\u0300 privile\u0301gie\u0301es, d\u2019amitie\u0301 et de coope\u0301ration entre les deux pays et les deux peuples.<\/p>\n<p>Les discussions ont ensuite e\u0301te\u0301 e\u0301tendues au partenariat strate\u0301gique que les deux nations entretiennent dans le domaine militaire et de la De\u0301fense.<\/p>\n<p>Dans ce volet pre\u0301cis, les e\u0301changes ont essentiellement porte\u0301 sur l\u2019identification de caps nouveaux de collaboration indexe\u0301s sur les mutations ge\u0301ostrate\u0301giques caracte\u0301risant de plus en plus le monde et, sur les de\u0301fis se\u0301curitaires re\u0301cents propres a\u0300 notre re\u0301gion.<\/p>\n<p>Les voies et moyens permettant d\u2019accroi\u0302tre le niveau d\u2019e\u0301changes et de comple\u0301mentarite\u0301 e\u0301conomique entre les deux pays ont e\u0301galement e\u0301te\u0301 aborde\u0301s au cours de cette audience.<\/p>\n<p>A ce propos, les entretiens ont surtout mis l\u2019accent sur la re\u0301alisation d\u2019une plus grande collaboration et solidarite\u0301 entre les deux parties dans les domaines lie\u0301s a\u0300 la cre\u0301ation d\u2019emplois et a\u0300 l\u2019attribution de marche\u0301 et de prestations de service.<\/p>\n<p>Le Charge\u0301 d\u2019Affaires de l\u2019Ambassade des Etats-Unis a\u0300 Djibouti, M. Mario Fernandez, et le Commandant de la Force Ope\u0301rationnelle interarme\u0301es Combine\u0301e des Etats Unis- Corne de l\u2019Afrique, le Ge\u0301ne\u0301ral Major Jami Shawley, ont pris part cette rencontre.<\/p>\n<p>Co\u0302te\u0301 djiboutien, outre le Ministre des Affaires e\u0301trange\u0300res et de la Coope\u0301ration internationale, M. Mahmoud Ali Youssouf, le Chef d\u2019Etat-Major Ge\u0301ne\u0301ral des Forces Arme\u0301es Djiboutiennes (FAD), le Ge\u0301ne\u0301ral Zakaria Cheick Ibrahim, a notamment participe\u0301 a\u0300 cet e\u0301ve\u0300nement.<\/p>\n<p>Le Chef de l\u2019Etat, M. Ismail Omar Guelleh, a rec\u0327u ce jeudi la Sous-Secre\u0301taire d\u2019Etat Adjoint a\u0300 la De\u0301fense, Mme Mara Karlin, accompagne\u0301e du Chef du Commandement des Etats-Unis pour l\u2019Afrique (AFRICOM), le Ge\u0301ne\u0301ral Michael Langley.<\/p>\n<p>L\u2019audience servit d\u2019emble\u0301e de cadre aux deux parties pour proce\u0301der a\u0300 un large tour d\u2019horizon des relations, de\u0301ja\u0300 privile\u0301gie\u0301es, d\u2019amitie\u0301 et de coope\u0301ration entre les deux pays et les deux peuples.<\/p>\n<p>Les discussions ont ensuite e\u0301te\u0301 e\u0301tendues au partenariat strate\u0301gique que les deux nations entretiennent dans le domaine militaire et de la De\u0301fense.<\/p>\n<p>Dans ce volet pre\u0301cis, les e\u0301changes ont essentiellement porte\u0301 sur l\u2019identification de caps nouveaux de collaboration indexe\u0301s sur les mutations ge\u0301ostrate\u0301giques caracte\u0301risant de plus en plus le monde et, sur les de\u0301fis se\u0301curitaires re\u0301cents propres a\u0300 notre re\u0301gion.<\/p>\n<p>Les voies et moyens permettant d\u2019accroi\u0302tre le niveau d\u2019e\u0301changes et de comple\u0301mentarite\u0301 e\u0301conomique entre les deux pays ont e\u0301galement e\u0301te\u0301 aborde\u0301s au cours de cette audience.<\/p>\n<p>A ce propos, les entretiens ont surtout mis l\u2019accent sur la re\u0301alisation d\u2019une plus grande collaboration et solidarite\u0301 entre les deux parties dans les domaines lie\u0301s a\u0300 la cre\u0301ation d\u2019emplois et a\u0300 l\u2019attribution de marche\u0301 et de prestations de service.<\/p>\n<p>Le Charge\u0301 d\u2019Affaires de l\u2019Ambassade des Etats-Unis a\u0300 Djibouti, M. Mario Fernandez, et le Commandant de la Force Ope\u0301rationnelle interarme\u0301es Combine\u0301e des Etats Unis- Corne de l\u2019Afrique, le Ge\u0301ne\u0301ral Major Jami Shawley, ont pris part cette rencontre.<\/p>\n<p>Co\u0302te\u0301 djiboutien, outre le Ministre des Affaires e\u0301trange\u0300res et de la Coope\u0301ration internationale, M. Mahmoud Ali Youssouf, le Chef d\u2019Etat-Major Ge\u0301ne\u0301ral des Forces Arme\u0301es Djiboutiennes (FAD), le Ge\u0301ne\u0301ral Zakaria Cheick Ibrahim, a notamment participe\u0301 a\u0300 cet e\u0301ve\u0300nement.<\/p>\n<p><strong>Pour plus d&rsquo;informations et d&rsquo;analyses sur la <a href=\"https:\/\/www.africa-press.net\/djibouti\">Djibouti<\/a>, suivez <a href=\"https:\/\/www.africa-press.net\/\">Africa-Press<\/a><\/strong><\/p>\n","protected":false},"excerpt":{"rendered":"<p>Africa-Press &#8211; Djibouti. Le Chef de l\u2019Etat, M. Ismail Omar Guelleh, a rec\u0327u ce jeudi la Sous-Secre\u0301taire d\u2019Etat Adjoint a\u0300 la De\u0301fense, Mme Mara Karlin, accompagne\u0301e du Chef du Commandement des Etats-Unis pour l\u2019Afrique (AFRICOM), le Ge\u0301ne\u0301ral Michael Langley. L\u2019audience servit d\u2019emble\u0301e de cadre aux deux parties pour proce\u0301der a\u0300 un large tour d\u2019horizon des [&hellip;]<\/p>\n","protected":false},"author":82,"featured_media":16807,"comment_status":"open","ping_status":"closed","sticky":false,"template":"","format":"standard","meta":{"footnotes":""},"categories":[2,20,10],"tags":[36,49,50],"class_list":["post-16808","post","type-post","status-publish","format-standard","has-post-thumbnail","hentry","category-politique","category-top-nouvelles","category-toutes-les-actualites","tag-africa-press","tag-africa-press-djibouti","tag-djibouti"],"yoast_head":"<!-- This site is optimized with the Yoast SEO Premium plugin v26.1 (Yoast SEO v27.0) - https:\/\/yoast.com\/product\/yoast-seo-premium-wordpress\/ -->\n<title>Le Pr\u00e9sident Guelleh re\u00e7oit une d\u00e9l\u00e9gation am\u00e9ricaine de haut niveau - Djibouti<\/title>\n<meta name=\"description\" content=\"Le Chef de l\u2019Etat, M. Ismail Omar Guelleh, a rec\u0327u ce jeudi la Sous-Secre\u0301taire d\u2019Etat Adjoint a\u0300 la De\u0301fense, Mme Mara ...\" \/>\n<meta name=\"robots\" content=\"index, follow, max-snippet:-1, max-image-preview:large, max-video-preview:-1\" \/>\n<link rel=\"canonical\" href=\"https:\/\/www.africa-press.net\/djibouti\/politique\/le-president-guelleh-recoit-une-delegation-americaine-de-haut-niveau\" \/>\n<meta property=\"og:locale\" content=\"fr_FR\" \/>\n<meta property=\"og:type\" content=\"article\" \/>\n<meta property=\"og:title\" content=\"Le Pr\u00e9sident Guelleh re\u00e7oit une d\u00e9l\u00e9gation am\u00e9ricaine de haut niveau\" \/>\n<meta property=\"og:description\" content=\"Le Chef de l\u2019Etat, M. Ismail Omar Guelleh, a rec\u0327u ce jeudi la Sous-Secre\u0301taire d\u2019Etat Adjoint a\u0300 la De\u0301fense, Mme Mara ...\" \/>\n<meta property=\"og:url\" content=\"https:\/\/www.africa-press.net\/djibouti\/politique\/le-president-guelleh-recoit-une-delegation-americaine-de-haut-niveau\" \/>\n<meta property=\"og:site_name\" content=\"Djibouti\" \/>\n<meta property=\"article:published_time\" content=\"2023-08-18T17:33:57+00:00\" \/>\n<meta property=\"article:modified_time\" content=\"2023-08-18T17:55:19+00:00\" \/>\n<meta property=\"og:image\" content=\"https:\/\/static.africa-press.net\/djibouti\/sites\/52\/2023\/08\/sm_1692368556.920738.jpg\" \/>\n\t<meta property=\"og:image:width\" content=\"1711\" \/>\n\t<meta property=\"og:image:height\" content=\"1138\" \/>\n\t<meta property=\"og:image:type\" content=\"image\/jpeg\" \/>\n<meta name=\"author\" content=\"cfeditorfr\" \/>\n<meta name=\"twitter:card\" content=\"summary_large_image\" \/>\n<meta name=\"twitter:label1\" content=\"\u00c9crit par\" \/>\n\t<meta name=\"twitter:data1\" content=\"cfeditorfr\" \/>\n\t<meta name=\"twitter:label2\" content=\"Dur\u00e9e de lecture estim\u00e9e\" \/>\n\t<meta name=\"twitter:data2\" content=\"3 minutes\" \/>\n<script type=\"application\/ld+json\" class=\"yoast-schema-graph\">{\"@context\":\"https:\/\/schema.org\",\"@graph\":[{\"@type\":\"Article\",\"@id\":\"https:\/\/www.africa-press.net\/djibouti\/politique\/le-president-guelleh-recoit-une-delegation-americaine-de-haut-niveau#article\",\"isPartOf\":{\"@id\":\"https:\/\/www.africa-press.net\/djibouti\/politique\/le-president-guelleh-recoit-une-delegation-americaine-de-haut-niveau\"},\"author\":{\"name\":\"cfeditorfr\",\"@id\":\"https:\/\/www.africa-press.net\/djibouti\/#\/schema\/person\/2b1cf3cd81a31e3cd26889ca66d677f1\"},\"headline\":\"Le Pr\u00e9sident Guelleh re\u00e7oit une d\u00e9l\u00e9gation am\u00e9ricaine de haut niveau\",\"datePublished\":\"2023-08-18T17:33:57+00:00\",\"dateModified\":\"2023-08-18T17:55:19+00:00\",\"mainEntityOfPage\":{\"@id\":\"https:\/\/www.africa-press.net\/djibouti\/politique\/le-president-guelleh-recoit-une-delegation-americaine-de-haut-niveau\"},\"wordCount\":704,\"commentCount\":0,\"image\":{\"@id\":\"https:\/\/www.africa-press.net\/djibouti\/politique\/le-president-guelleh-recoit-une-delegation-americaine-de-haut-niveau#primaryimage\"},\"thumbnailUrl\":\"https:\/\/static.africa-press.net\/djibouti\/sites\/52\/2023\/08\/sm_1692368556.920738.jpg\",\"keywords\":[\"Africa Press\",\"Africa Press-Djibouti\",\"Djibouti\"],\"articleSection\":[\"Politique\",\"Top Nouvelles\",\"Toutes les actualit\u00e9s\"],\"inLanguage\":\"fr-FR\",\"potentialAction\":[{\"@type\":\"CommentAction\",\"name\":\"Comment\",\"target\":[\"https:\/\/www.africa-press.net\/djibouti\/politique\/le-president-guelleh-recoit-une-delegation-americaine-de-haut-niveau#respond\"]}]},{\"@type\":\"WebPage\",\"@id\":\"https:\/\/www.africa-press.net\/djibouti\/politique\/le-president-guelleh-recoit-une-delegation-americaine-de-haut-niveau\",\"url\":\"https:\/\/www.africa-press.net\/djibouti\/politique\/le-president-guelleh-recoit-une-delegation-americaine-de-haut-niveau\",\"name\":\"Le Pr\u00e9sident Guelleh re\u00e7oit une d\u00e9l\u00e9gation am\u00e9ricaine de haut niveau - Djibouti\",\"isPartOf\":{\"@id\":\"https:\/\/www.africa-press.net\/djibouti\/#website\"},\"primaryImageOfPage\":{\"@id\":\"https:\/\/www.africa-press.net\/djibouti\/politique\/le-president-guelleh-recoit-une-delegation-americaine-de-haut-niveau#primaryimage\"},\"image\":{\"@id\":\"https:\/\/www.africa-press.net\/djibouti\/politique\/le-president-guelleh-recoit-une-delegation-americaine-de-haut-niveau#primaryimage\"},\"thumbnailUrl\":\"https:\/\/static.africa-press.net\/djibouti\/sites\/52\/2023\/08\/sm_1692368556.920738.jpg\",\"datePublished\":\"2023-08-18T17:33:57+00:00\",\"dateModified\":\"2023-08-18T17:55:19+00:00\",\"author\":{\"@id\":\"https:\/\/www.africa-press.net\/djibouti\/#\/schema\/person\/2b1cf3cd81a31e3cd26889ca66d677f1\"},\"description\":\"Le Chef de l\u2019Etat, M. Ismail Omar Guelleh, a rec\u0327u ce jeudi la Sous-Secre\u0301taire d\u2019Etat Adjoint a\u0300 la De\u0301fense, Mme Mara ...\",\"breadcrumb\":{\"@id\":\"https:\/\/www.africa-press.net\/djibouti\/politique\/le-president-guelleh-recoit-une-delegation-americaine-de-haut-niveau#breadcrumb\"},\"inLanguage\":\"fr-FR\",\"potentialAction\":[{\"@type\":\"ReadAction\",\"target\":[\"https:\/\/www.africa-press.net\/djibouti\/politique\/le-president-guelleh-recoit-une-delegation-americaine-de-haut-niveau\"]}]},{\"@type\":\"ImageObject\",\"inLanguage\":\"fr-FR\",\"@id\":\"https:\/\/www.africa-press.net\/djibouti\/politique\/le-president-guelleh-recoit-une-delegation-americaine-de-haut-niveau#primaryimage\",\"url\":\"https:\/\/static.africa-press.net\/djibouti\/sites\/52\/2023\/08\/sm_1692368556.920738.jpg\",\"contentUrl\":\"https:\/\/static.africa-press.net\/djibouti\/sites\/52\/2023\/08\/sm_1692368556.920738.jpg\",\"width\":1711,\"height\":1138,\"caption\":\"Le Pr\u00e9sident Guelleh re\u00e7oit une d\u00e9l\u00e9gation am\u00e9ricaine de haut niveau\"},{\"@type\":\"BreadcrumbList\",\"@id\":\"https:\/\/www.africa-press.net\/djibouti\/politique\/le-president-guelleh-recoit-une-delegation-americaine-de-haut-niveau#breadcrumb\",\"itemListElement\":[{\"@type\":\"ListItem\",\"position\":1,\"name\":\"Accueil\",\"item\":\"https:\/\/www.africa-press.net\/djibouti\/\"},{\"@type\":\"ListItem\",\"position\":2,\"name\":\"Le Pr\u00e9sident Guelleh re\u00e7oit une d\u00e9l\u00e9gation am\u00e9ricaine de haut niveau\"}]},{\"@type\":\"WebSite\",\"@id\":\"https:\/\/www.africa-press.net\/djibouti\/#website\",\"url\":\"https:\/\/www.africa-press.net\/djibouti\/\",\"name\":\"Djibouti\",\"description\":\"Just another Africa News Agency Sites site\",\"potentialAction\":[{\"@type\":\"SearchAction\",\"target\":{\"@type\":\"EntryPoint\",\"urlTemplate\":\"https:\/\/www.africa-press.net\/djibouti\/?s={search_term_string}\"},\"query-input\":{\"@type\":\"PropertyValueSpecification\",\"valueRequired\":true,\"valueName\":\"search_term_string\"}}],\"inLanguage\":\"fr-FR\"},{\"@type\":\"Person\",\"@id\":\"https:\/\/www.africa-press.net\/djibouti\/#\/schema\/person\/2b1cf3cd81a31e3cd26889ca66d677f1\",\"name\":\"cfeditorfr\"}]}<\/script>\n<!-- \/ Yoast SEO Premium plugin. -->","yoast_head_json":{"title":"Le Pr\u00e9sident Guelleh re\u00e7oit une d\u00e9l\u00e9gation am\u00e9ricaine de haut niveau - Djibouti","description":"Le Chef de l\u2019Etat, M. Ismail Omar Guelleh, a rec\u0327u ce jeudi la Sous-Secre\u0301taire d\u2019Etat Adjoint a\u0300 la De\u0301fense, Mme Mara ...","robots":{"index":"index","follow":"follow","max-snippet":"max-snippet:-1","max-image-preview":"max-image-preview:large","max-video-preview":"max-video-preview:-1"},"canonical":"https:\/\/www.africa-press.net\/djibouti\/politique\/le-president-guelleh-recoit-une-delegation-americaine-de-haut-niveau","og_locale":"fr_FR","og_type":"article","og_title":"Le Pr\u00e9sident Guelleh re\u00e7oit une d\u00e9l\u00e9gation am\u00e9ricaine de haut niveau","og_description":"Le Chef de l\u2019Etat, M. Ismail Omar Guelleh, a rec\u0327u ce jeudi la Sous-Secre\u0301taire d\u2019Etat Adjoint a\u0300 la De\u0301fense, Mme Mara ...","og_url":"https:\/\/www.africa-press.net\/djibouti\/politique\/le-president-guelleh-recoit-une-delegation-americaine-de-haut-niveau","og_site_name":"Djibouti","article_published_time":"2023-08-18T17:33:57+00:00","article_modified_time":"2023-08-18T17:55:19+00:00","og_image":[{"width":1711,"height":1138,"url":"https:\/\/static.africa-press.net\/djibouti\/sites\/52\/2023\/08\/sm_1692368556.920738.jpg","type":"image\/jpeg"}],"author":"cfeditorfr","twitter_card":"summary_large_image","twitter_misc":{"\u00c9crit par":"cfeditorfr","Dur\u00e9e de lecture estim\u00e9e":"3 minutes"},"schema":{"@context":"https:\/\/schema.org","@graph":[{"@type":"Article","@id":"https:\/\/www.africa-press.net\/djibouti\/politique\/le-president-guelleh-recoit-une-delegation-americaine-de-haut-niveau#article","isPartOf":{"@id":"https:\/\/www.africa-press.net\/djibouti\/politique\/le-president-guelleh-recoit-une-delegation-americaine-de-haut-niveau"},"author":{"name":"cfeditorfr","@id":"https:\/\/www.africa-press.net\/djibouti\/#\/schema\/person\/2b1cf3cd81a31e3cd26889ca66d677f1"},"headline":"Le Pr\u00e9sident Guelleh re\u00e7oit une d\u00e9l\u00e9gation am\u00e9ricaine de haut niveau","datePublished":"2023-08-18T17:33:57+00:00","dateModified":"2023-08-18T17:55:19+00:00","mainEntityOfPage":{"@id":"https:\/\/www.africa-press.net\/djibouti\/politique\/le-president-guelleh-recoit-une-delegation-americaine-de-haut-niveau"},"wordCount":704,"commentCount":0,"image":{"@id":"https:\/\/www.africa-press.net\/djibouti\/politique\/le-president-guelleh-recoit-une-delegation-americaine-de-haut-niveau#primaryimage"},"thumbnailUrl":"https:\/\/static.africa-press.net\/djibouti\/sites\/52\/2023\/08\/sm_1692368556.920738.jpg","keywords":["Africa Press","Africa Press-Djibouti","Djibouti"],"articleSection":["Politique","Top Nouvelles","Toutes les actualit\u00e9s"],"inLanguage":"fr-FR","potentialAction":[{"@type":"CommentAction","name":"Comment","target":["https:\/\/www.africa-press.net\/djibouti\/politique\/le-president-guelleh-recoit-une-delegation-americaine-de-haut-niveau#respond"]}]},{"@type":"WebPage","@id":"https:\/\/www.africa-press.net\/djibouti\/politique\/le-president-guelleh-recoit-une-delegation-americaine-de-haut-niveau","url":"https:\/\/www.africa-press.net\/djibouti\/politique\/le-president-guelleh-recoit-une-delegation-americaine-de-haut-niveau","name":"Le Pr\u00e9sident Guelleh re\u00e7oit une d\u00e9l\u00e9gation am\u00e9ricaine de haut niveau - Djibouti","isPartOf":{"@id":"https:\/\/www.africa-press.net\/djibouti\/#website"},"primaryImageOfPage":{"@id":"https:\/\/www.africa-press.net\/djibouti\/politique\/le-president-guelleh-recoit-une-delegation-americaine-de-haut-niveau#primaryimage"},"image":{"@id":"https:\/\/www.africa-press.net\/djibouti\/politique\/le-president-guelleh-recoit-une-delegation-americaine-de-haut-niveau#primaryimage"},"thumbnailUrl":"https:\/\/static.africa-press.net\/djibouti\/sites\/52\/2023\/08\/sm_1692368556.920738.jpg","datePublished":"2023-08-18T17:33:57+00:00","dateModified":"2023-08-18T17:55:19+00:00","author":{"@id":"https:\/\/www.africa-press.net\/djibouti\/#\/schema\/person\/2b1cf3cd81a31e3cd26889ca66d677f1"},"description":"Le Chef de l\u2019Etat, M. Ismail Omar Guelleh, a rec\u0327u ce jeudi la Sous-Secre\u0301taire d\u2019Etat Adjoint a\u0300 la De\u0301fense, Mme Mara ...","breadcrumb":{"@id":"https:\/\/www.africa-press.net\/djibouti\/politique\/le-president-guelleh-recoit-une-delegation-americaine-de-haut-niveau#breadcrumb"},"inLanguage":"fr-FR","potentialAction":[{"@type":"ReadAction","target":["https:\/\/www.africa-press.net\/djibouti\/politique\/le-president-guelleh-recoit-une-delegation-americaine-de-haut-niveau"]}]},{"@type":"ImageObject","inLanguage":"fr-FR","@id":"https:\/\/www.africa-press.net\/djibouti\/politique\/le-president-guelleh-recoit-une-delegation-americaine-de-haut-niveau#primaryimage","url":"https:\/\/static.africa-press.net\/djibouti\/sites\/52\/2023\/08\/sm_1692368556.920738.jpg","contentUrl":"https:\/\/static.africa-press.net\/djibouti\/sites\/52\/2023\/08\/sm_1692368556.920738.jpg","width":1711,"height":1138,"caption":"Le Pr\u00e9sident Guelleh re\u00e7oit une d\u00e9l\u00e9gation am\u00e9ricaine de haut niveau"},{"@type":"BreadcrumbList","@id":"https:\/\/www.africa-press.net\/djibouti\/politique\/le-president-guelleh-recoit-une-delegation-americaine-de-haut-niveau#breadcrumb","itemListElement":[{"@type":"ListItem","position":1,"name":"Accueil","item":"https:\/\/www.africa-press.net\/djibouti\/"},{"@type":"ListItem","position":2,"name":"Le Pr\u00e9sident Guelleh re\u00e7oit une d\u00e9l\u00e9gation am\u00e9ricaine de haut niveau"}]},{"@type":"WebSite","@id":"https:\/\/www.africa-press.net\/djibouti\/#website","url":"https:\/\/www.africa-press.net\/djibouti\/","name":"Djibouti","description":"Just another Africa News Agency Sites site","potentialAction":[{"@type":"SearchAction","target":{"@type":"EntryPoint","urlTemplate":"https:\/\/www.africa-press.net\/djibouti\/?s={search_term_string}"},"query-input":{"@type":"PropertyValueSpecification","valueRequired":true,"valueName":"search_term_string"}}],"inLanguage":"fr-FR"},{"@type":"Person","@id":"https:\/\/www.africa-press.net\/djibouti\/#\/schema\/person\/2b1cf3cd81a31e3cd26889ca66d677f1","name":"cfeditorfr"}]}},"_links":{"self":[{"href":"https:\/\/www.africa-press.net\/djibouti\/wp-json\/wp\/v2\/posts\/16808","targetHints":{"allow":["GET"]}}],"collection":[{"href":"https:\/\/www.africa-press.net\/djibouti\/wp-json\/wp\/v2\/posts"}],"about":[{"href":"https:\/\/www.africa-press.net\/djibouti\/wp-json\/wp\/v2\/types\/post"}],"author":[{"embeddable":true,"href":"https:\/\/www.africa-press.net\/djibouti\/wp-json\/wp\/v2\/users\/82"}],"replies":[{"embeddable":true,"href":"https:\/\/www.africa-press.net\/djibouti\/wp-json\/wp\/v2\/comments?post=16808"}],"version-history":[{"count":0,"href":"https:\/\/www.africa-press.net\/djibouti\/wp-json\/wp\/v2\/posts\/16808\/revisions"}],"wp:featuredmedia":[{"embeddable":true,"href":"https:\/\/www.africa-press.net\/djibouti\/wp-json\/wp\/v2\/media\/16807"}],"wp:attachment":[{"href":"https:\/\/www.africa-press.net\/djibouti\/wp-json\/wp\/v2\/media?parent=16808"}],"wp:term":[{"taxonomy":"category","embeddable":true,"href":"https:\/\/www.africa-press.net\/djibouti\/wp-json\/wp\/v2\/categories?post=16808"},{"taxonomy":"post_tag","embeddable":true,"href":"https:\/\/www.africa-press.net\/djibouti\/wp-json\/wp\/v2\/tags?post=16808"}],"curies":[{"name":"wp","href":"https:\/\/api.w.org\/{rel}","templated":true}]}}