{"id":16814,"date":"2023-08-18T17:37:38","date_gmt":"2023-08-18T17:37:38","guid":{"rendered":"https:\/\/www.africa-press.net\/djibouti\/politique\/une-importante-delegation-djiboutienne-conduite-par-le-chef-detat-major-general-des-fad-participe-au-forum-international-militaro-technique-a-moscou"},"modified":"2023-08-18T17:57:21","modified_gmt":"2023-08-18T17:57:21","slug":"une-importante-delegation-djiboutienne-conduite-par-le-chef-detat-major-general-des-fad-participe-au-forum-international-militaro-technique-a-moscou","status":"publish","type":"post","link":"https:\/\/www.africa-press.net\/djibouti\/politique\/une-importante-delegation-djiboutienne-conduite-par-le-chef-detat-major-general-des-fad-participe-au-forum-international-militaro-technique-a-moscou","title":{"rendered":"Une importante d\u00e9l\u00e9gation djiboutienne conduite par le chef d&rsquo;\u00e9tat major g\u00e9n\u00e9ral des FAD participe au Forum International militaro-technique \u00e0 Moscou"},"content":{"rendered":"<p><span style=\"color: #ff6600\"><strong>Africa-Press &#8211; Djibouti. <\/strong><\/span>Le chef d&rsquo;e\u0301tat-major ge\u0301ne\u0301ral des Forces arme\u0301es djiboutiennes (FAD), le ge\u0301ne\u0301ral de corps d&rsquo;arme\u0301e Zakaria Cheick Ibrahim, a\u0300 la te\u0302te d&rsquo;une importante de\u0301le\u0301gation, a participe\u0301 au Forum international militaro-technique qui s&rsquo;est tenu du 13 au 16 aou\u0302t dernier a\u0300 Moscou, en Russie.<\/p>\n<p>Cette participation a e\u0301te\u0301 marque\u0301e par des e\u0301changes constructifs, des rencontres bilate\u0301rales et des discussions sur les de\u0301veloppements technologiques et les innovations dans le domaine militaire.<\/p>\n<p>Ce forum, un e\u0301ve\u0301nement de renomme\u0301e mondiale dans le domaine de la technologie militaire, a re\u0301uni des repre\u0301sentants de nombreux pays et des experts du secteur de la de\u0301fense.<\/p>\n<p>L&rsquo;objectif e\u0301tait de partager les dernie\u0300res avance\u0301es en matie\u0300re d&rsquo;e\u0301quipements et de syste\u0300mes de de\u0301fense, ainsi que de promouvoir la coope\u0301ration et l&rsquo;e\u0301change d&rsquo;expertise entre les nations participantes.<\/p>\n<p>Il faut souligner que la de\u0301le\u0301gation djiboutienne a eu l&rsquo;opportunite\u0301 de participer a\u0300 des se\u0301minaires, des pre\u0301sentations techniques et des de\u0301monstrations pratiques de mate\u0301riels militaires de pointe.<\/p>\n<p>Ces interactions ont permis au chef d&rsquo;e\u0301tat-major ge\u0301ne\u0301ral des FAD et a\u0300 son e\u0301quipe d&rsquo;explorer des opportunite\u0301s de renforcement des me\u0301canismes de de\u0301fense nationale.<\/p>\n<p>Le chef d&rsquo;e\u0301tat-major ge\u0301ne\u0301ral des Forces arme\u0301es djiboutiennes (FAD), le ge\u0301ne\u0301ral de corps d&rsquo;arme\u0301e Zakaria Cheick Ibrahim, a\u0300 la te\u0302te d&rsquo;une importante de\u0301le\u0301gation, a participe\u0301 au Forum international militaro-technique qui s&rsquo;est tenu du 13 au 16 aou\u0302t dernier a\u0300 Moscou, en Russie.<\/p>\n<p>Cette participation a e\u0301te\u0301 marque\u0301e par des e\u0301changes constructifs, des rencontres bilate\u0301rales et des discussions sur les de\u0301veloppements technologiques et les innovations dans le domaine militaire.<\/p>\n<p>Ce forum, un e\u0301ve\u0301nement de renomme\u0301e mondiale dans le domaine de la technologie militaire, a re\u0301uni des repre\u0301sentants de nombreux pays et des experts du secteur de la de\u0301fense.<\/p>\n<p>L&rsquo;objectif e\u0301tait de partager les dernie\u0300res avance\u0301es en matie\u0300re d&rsquo;e\u0301quipements et de syste\u0300mes de de\u0301fense, ainsi que de promouvoir la coope\u0301ration et l&rsquo;e\u0301change d&rsquo;expertise entre les nations participantes.<\/p>\n<p>Il faut souligner que la de\u0301le\u0301gation djiboutienne a eu l&rsquo;opportunite\u0301 de participer a\u0300 des se\u0301minaires, des pre\u0301sentations techniques et des de\u0301monstrations pratiques de mate\u0301riels militaires de pointe.<\/p>\n<p>Ces interactions ont permis au chef d&rsquo;e\u0301tat-major ge\u0301ne\u0301ral des FAD et a\u0300 son e\u0301quipe d&rsquo;explorer des opportunite\u0301s de renforcement des me\u0301canismes de de\u0301fense nationale.<\/p>\n<p><strong>Pour plus d&rsquo;informations et d&rsquo;analyses sur la <a href=\"https:\/\/www.africa-press.net\/djibouti\">Djibouti<\/a>, suivez <a href=\"https:\/\/www.africa-press.net\/\">Africa-Press<\/a><\/strong><\/p>\n","protected":false},"excerpt":{"rendered":"<p>Africa-Press &#8211; Djibouti. Le chef d&rsquo;e\u0301tat-major ge\u0301ne\u0301ral des Forces arme\u0301es djiboutiennes (FAD), le ge\u0301ne\u0301ral de corps d&rsquo;arme\u0301e Zakaria Cheick Ibrahim, a\u0300 la te\u0302te d&rsquo;une importante de\u0301le\u0301gation, a participe\u0301 au Forum international militaro-technique qui s&rsquo;est tenu du 13 au 16 aou\u0302t dernier a\u0300 Moscou, en Russie. Cette participation a e\u0301te\u0301 marque\u0301e par des e\u0301changes constructifs, des [&hellip;]<\/p>\n","protected":false},"author":82,"featured_media":16813,"comment_status":"open","ping_status":"closed","sticky":false,"template":"","format":"standard","meta":{"footnotes":""},"categories":[2,20,10],"tags":[36,49,50],"class_list":["post-16814","post","type-post","status-publish","format-standard","has-post-thumbnail","hentry","category-politique","category-top-nouvelles","category-toutes-les-actualites","tag-africa-press","tag-africa-press-djibouti","tag-djibouti"],"yoast_head":"<!-- This site is optimized with the Yoast SEO Premium plugin v26.1 (Yoast SEO v27.0) - https:\/\/yoast.com\/product\/yoast-seo-premium-wordpress\/ -->\n<title>Une importante d\u00e9l\u00e9gation djiboutienne conduite par le chef d&#039;\u00e9tat major g\u00e9n\u00e9ral des FAD participe au Forum International militaro-technique \u00e0 Moscou - Djibouti<\/title>\n<meta name=\"description\" content=\"Le chef d&#039;e\u0301tat-major ge\u0301ne\u0301ral des Forces arme\u0301es djiboutiennes (FAD), le ge\u0301ne\u0301ral de corps d&#039;arme\u0301e Zakaria Cheick Ib ...\" \/>\n<meta name=\"robots\" content=\"index, follow, max-snippet:-1, max-image-preview:large, max-video-preview:-1\" \/>\n<link rel=\"canonical\" href=\"https:\/\/www.africa-press.net\/djibouti\/politique\/une-importante-delegation-djiboutienne-conduite-par-le-chef-detat-major-general-des-fad-participe-au-forum-international-militaro-technique-a-moscou\" \/>\n<meta property=\"og:locale\" content=\"fr_FR\" \/>\n<meta property=\"og:type\" content=\"article\" \/>\n<meta property=\"og:title\" content=\"Une importante d\u00e9l\u00e9gation djiboutienne conduite par le chef d&#039;\u00e9tat major g\u00e9n\u00e9ral des FAD participe au Forum International militaro-technique \u00e0 Moscou\" \/>\n<meta property=\"og:description\" content=\"Le chef d&#039;e\u0301tat-major ge\u0301ne\u0301ral des Forces arme\u0301es djiboutiennes (FAD), le ge\u0301ne\u0301ral de corps d&#039;arme\u0301e Zakaria Cheick Ib ...\" \/>\n<meta property=\"og:url\" content=\"https:\/\/www.africa-press.net\/djibouti\/politique\/une-importante-delegation-djiboutienne-conduite-par-le-chef-detat-major-general-des-fad-participe-au-forum-international-militaro-technique-a-moscou\" \/>\n<meta property=\"og:site_name\" content=\"Djibouti\" \/>\n<meta property=\"article:published_time\" content=\"2023-08-18T17:37:38+00:00\" \/>\n<meta property=\"article:modified_time\" content=\"2023-08-18T17:57:21+00:00\" \/>\n<meta property=\"og:image\" content=\"https:\/\/static.africa-press.net\/djibouti\/sites\/52\/2023\/08\/sm_1692368616.254368.jpg\" \/>\n\t<meta property=\"og:image:width\" content=\"1080\" \/>\n\t<meta property=\"og:image:height\" content=\"810\" \/>\n\t<meta property=\"og:image:type\" content=\"image\/jpeg\" \/>\n<meta name=\"author\" content=\"cfeditorfr\" \/>\n<meta name=\"twitter:card\" content=\"summary_large_image\" \/>\n<meta name=\"twitter:label1\" content=\"\u00c9crit par\" \/>\n\t<meta name=\"twitter:data1\" content=\"cfeditorfr\" \/>\n\t<meta name=\"twitter:label2\" content=\"Dur\u00e9e de lecture estim\u00e9e\" \/>\n\t<meta name=\"twitter:data2\" content=\"2 minutes\" \/>\n<script type=\"application\/ld+json\" class=\"yoast-schema-graph\">{\"@context\":\"https:\/\/schema.org\",\"@graph\":[{\"@type\":\"Article\",\"@id\":\"https:\/\/www.africa-press.net\/djibouti\/politique\/une-importante-delegation-djiboutienne-conduite-par-le-chef-detat-major-general-des-fad-participe-au-forum-international-militaro-technique-a-moscou#article\",\"isPartOf\":{\"@id\":\"https:\/\/www.africa-press.net\/djibouti\/politique\/une-importante-delegation-djiboutienne-conduite-par-le-chef-detat-major-general-des-fad-participe-au-forum-international-militaro-technique-a-moscou\"},\"author\":{\"name\":\"cfeditorfr\",\"@id\":\"https:\/\/www.africa-press.net\/djibouti\/#\/schema\/person\/2b1cf3cd81a31e3cd26889ca66d677f1\"},\"headline\":\"Une importante d\u00e9l\u00e9gation djiboutienne conduite par le chef d&rsquo;\u00e9tat major g\u00e9n\u00e9ral des FAD participe au Forum International militaro-technique \u00e0 Moscou\",\"datePublished\":\"2023-08-18T17:37:38+00:00\",\"dateModified\":\"2023-08-18T17:57:21+00:00\",\"mainEntityOfPage\":{\"@id\":\"https:\/\/www.africa-press.net\/djibouti\/politique\/une-importante-delegation-djiboutienne-conduite-par-le-chef-detat-major-general-des-fad-participe-au-forum-international-militaro-technique-a-moscou\"},\"wordCount\":497,\"commentCount\":0,\"image\":{\"@id\":\"https:\/\/www.africa-press.net\/djibouti\/politique\/une-importante-delegation-djiboutienne-conduite-par-le-chef-detat-major-general-des-fad-participe-au-forum-international-militaro-technique-a-moscou#primaryimage\"},\"thumbnailUrl\":\"https:\/\/static.africa-press.net\/djibouti\/sites\/52\/2023\/08\/sm_1692368616.254368.jpg\",\"keywords\":[\"Africa Press\",\"Africa Press-Djibouti\",\"Djibouti\"],\"articleSection\":[\"Politique\",\"Top Nouvelles\",\"Toutes les actualit\u00e9s\"],\"inLanguage\":\"fr-FR\",\"potentialAction\":[{\"@type\":\"CommentAction\",\"name\":\"Comment\",\"target\":[\"https:\/\/www.africa-press.net\/djibouti\/politique\/une-importante-delegation-djiboutienne-conduite-par-le-chef-detat-major-general-des-fad-participe-au-forum-international-militaro-technique-a-moscou#respond\"]}]},{\"@type\":\"WebPage\",\"@id\":\"https:\/\/www.africa-press.net\/djibouti\/politique\/une-importante-delegation-djiboutienne-conduite-par-le-chef-detat-major-general-des-fad-participe-au-forum-international-militaro-technique-a-moscou\",\"url\":\"https:\/\/www.africa-press.net\/djibouti\/politique\/une-importante-delegation-djiboutienne-conduite-par-le-chef-detat-major-general-des-fad-participe-au-forum-international-militaro-technique-a-moscou\",\"name\":\"Une importante d\u00e9l\u00e9gation djiboutienne conduite par le chef d'\u00e9tat major g\u00e9n\u00e9ral des FAD participe au Forum International militaro-technique \u00e0 Moscou - Djibouti\",\"isPartOf\":{\"@id\":\"https:\/\/www.africa-press.net\/djibouti\/#website\"},\"primaryImageOfPage\":{\"@id\":\"https:\/\/www.africa-press.net\/djibouti\/politique\/une-importante-delegation-djiboutienne-conduite-par-le-chef-detat-major-general-des-fad-participe-au-forum-international-militaro-technique-a-moscou#primaryimage\"},\"image\":{\"@id\":\"https:\/\/www.africa-press.net\/djibouti\/politique\/une-importante-delegation-djiboutienne-conduite-par-le-chef-detat-major-general-des-fad-participe-au-forum-international-militaro-technique-a-moscou#primaryimage\"},\"thumbnailUrl\":\"https:\/\/static.africa-press.net\/djibouti\/sites\/52\/2023\/08\/sm_1692368616.254368.jpg\",\"datePublished\":\"2023-08-18T17:37:38+00:00\",\"dateModified\":\"2023-08-18T17:57:21+00:00\",\"author\":{\"@id\":\"https:\/\/www.africa-press.net\/djibouti\/#\/schema\/person\/2b1cf3cd81a31e3cd26889ca66d677f1\"},\"description\":\"Le chef d'e\u0301tat-major ge\u0301ne\u0301ral des Forces arme\u0301es djiboutiennes (FAD), le ge\u0301ne\u0301ral de corps d'arme\u0301e Zakaria Cheick Ib ...\",\"breadcrumb\":{\"@id\":\"https:\/\/www.africa-press.net\/djibouti\/politique\/une-importante-delegation-djiboutienne-conduite-par-le-chef-detat-major-general-des-fad-participe-au-forum-international-militaro-technique-a-moscou#breadcrumb\"},\"inLanguage\":\"fr-FR\",\"potentialAction\":[{\"@type\":\"ReadAction\",\"target\":[\"https:\/\/www.africa-press.net\/djibouti\/politique\/une-importante-delegation-djiboutienne-conduite-par-le-chef-detat-major-general-des-fad-participe-au-forum-international-militaro-technique-a-moscou\"]}]},{\"@type\":\"ImageObject\",\"inLanguage\":\"fr-FR\",\"@id\":\"https:\/\/www.africa-press.net\/djibouti\/politique\/une-importante-delegation-djiboutienne-conduite-par-le-chef-detat-major-general-des-fad-participe-au-forum-international-militaro-technique-a-moscou#primaryimage\",\"url\":\"https:\/\/static.africa-press.net\/djibouti\/sites\/52\/2023\/08\/sm_1692368616.254368.jpg\",\"contentUrl\":\"https:\/\/static.africa-press.net\/djibouti\/sites\/52\/2023\/08\/sm_1692368616.254368.jpg\",\"width\":1080,\"height\":810,\"caption\":\"Une importante d\u00e9l\u00e9gation djiboutienne conduite par le chef d'\u00e9tat major g\u00e9n\u00e9ral des FAD participe au Forum International militaro-technique \u00e0 Moscou\"},{\"@type\":\"BreadcrumbList\",\"@id\":\"https:\/\/www.africa-press.net\/djibouti\/politique\/une-importante-delegation-djiboutienne-conduite-par-le-chef-detat-major-general-des-fad-participe-au-forum-international-militaro-technique-a-moscou#breadcrumb\",\"itemListElement\":[{\"@type\":\"ListItem\",\"position\":1,\"name\":\"Accueil\",\"item\":\"https:\/\/www.africa-press.net\/djibouti\/\"},{\"@type\":\"ListItem\",\"position\":2,\"name\":\"Une importante d\u00e9l\u00e9gation djiboutienne conduite par le chef d&#8217;\u00e9tat major g\u00e9n\u00e9ral des FAD participe au Forum International militaro-technique \u00e0 Moscou\"}]},{\"@type\":\"WebSite\",\"@id\":\"https:\/\/www.africa-press.net\/djibouti\/#website\",\"url\":\"https:\/\/www.africa-press.net\/djibouti\/\",\"name\":\"Djibouti\",\"description\":\"Just another Africa News Agency Sites site\",\"potentialAction\":[{\"@type\":\"SearchAction\",\"target\":{\"@type\":\"EntryPoint\",\"urlTemplate\":\"https:\/\/www.africa-press.net\/djibouti\/?s={search_term_string}\"},\"query-input\":{\"@type\":\"PropertyValueSpecification\",\"valueRequired\":true,\"valueName\":\"search_term_string\"}}],\"inLanguage\":\"fr-FR\"},{\"@type\":\"Person\",\"@id\":\"https:\/\/www.africa-press.net\/djibouti\/#\/schema\/person\/2b1cf3cd81a31e3cd26889ca66d677f1\",\"name\":\"cfeditorfr\"}]}<\/script>\n<!-- \/ Yoast SEO Premium plugin. -->","yoast_head_json":{"title":"Une importante d\u00e9l\u00e9gation djiboutienne conduite par le chef d'\u00e9tat major g\u00e9n\u00e9ral des FAD participe au Forum International militaro-technique \u00e0 Moscou - Djibouti","description":"Le chef d'e\u0301tat-major ge\u0301ne\u0301ral des Forces arme\u0301es djiboutiennes (FAD), le ge\u0301ne\u0301ral de corps d'arme\u0301e Zakaria Cheick Ib ...","robots":{"index":"index","follow":"follow","max-snippet":"max-snippet:-1","max-image-preview":"max-image-preview:large","max-video-preview":"max-video-preview:-1"},"canonical":"https:\/\/www.africa-press.net\/djibouti\/politique\/une-importante-delegation-djiboutienne-conduite-par-le-chef-detat-major-general-des-fad-participe-au-forum-international-militaro-technique-a-moscou","og_locale":"fr_FR","og_type":"article","og_title":"Une importante d\u00e9l\u00e9gation djiboutienne conduite par le chef d'\u00e9tat major g\u00e9n\u00e9ral des FAD participe au Forum International militaro-technique \u00e0 Moscou","og_description":"Le chef d'e\u0301tat-major ge\u0301ne\u0301ral des Forces arme\u0301es djiboutiennes (FAD), le ge\u0301ne\u0301ral de corps d'arme\u0301e Zakaria Cheick Ib ...","og_url":"https:\/\/www.africa-press.net\/djibouti\/politique\/une-importante-delegation-djiboutienne-conduite-par-le-chef-detat-major-general-des-fad-participe-au-forum-international-militaro-technique-a-moscou","og_site_name":"Djibouti","article_published_time":"2023-08-18T17:37:38+00:00","article_modified_time":"2023-08-18T17:57:21+00:00","og_image":[{"width":1080,"height":810,"url":"https:\/\/static.africa-press.net\/djibouti\/sites\/52\/2023\/08\/sm_1692368616.254368.jpg","type":"image\/jpeg"}],"author":"cfeditorfr","twitter_card":"summary_large_image","twitter_misc":{"\u00c9crit par":"cfeditorfr","Dur\u00e9e de lecture estim\u00e9e":"2 minutes"},"schema":{"@context":"https:\/\/schema.org","@graph":[{"@type":"Article","@id":"https:\/\/www.africa-press.net\/djibouti\/politique\/une-importante-delegation-djiboutienne-conduite-par-le-chef-detat-major-general-des-fad-participe-au-forum-international-militaro-technique-a-moscou#article","isPartOf":{"@id":"https:\/\/www.africa-press.net\/djibouti\/politique\/une-importante-delegation-djiboutienne-conduite-par-le-chef-detat-major-general-des-fad-participe-au-forum-international-militaro-technique-a-moscou"},"author":{"name":"cfeditorfr","@id":"https:\/\/www.africa-press.net\/djibouti\/#\/schema\/person\/2b1cf3cd81a31e3cd26889ca66d677f1"},"headline":"Une importante d\u00e9l\u00e9gation djiboutienne conduite par le chef d&rsquo;\u00e9tat major g\u00e9n\u00e9ral des FAD participe au Forum International militaro-technique \u00e0 Moscou","datePublished":"2023-08-18T17:37:38+00:00","dateModified":"2023-08-18T17:57:21+00:00","mainEntityOfPage":{"@id":"https:\/\/www.africa-press.net\/djibouti\/politique\/une-importante-delegation-djiboutienne-conduite-par-le-chef-detat-major-general-des-fad-participe-au-forum-international-militaro-technique-a-moscou"},"wordCount":497,"commentCount":0,"image":{"@id":"https:\/\/www.africa-press.net\/djibouti\/politique\/une-importante-delegation-djiboutienne-conduite-par-le-chef-detat-major-general-des-fad-participe-au-forum-international-militaro-technique-a-moscou#primaryimage"},"thumbnailUrl":"https:\/\/static.africa-press.net\/djibouti\/sites\/52\/2023\/08\/sm_1692368616.254368.jpg","keywords":["Africa Press","Africa Press-Djibouti","Djibouti"],"articleSection":["Politique","Top Nouvelles","Toutes les actualit\u00e9s"],"inLanguage":"fr-FR","potentialAction":[{"@type":"CommentAction","name":"Comment","target":["https:\/\/www.africa-press.net\/djibouti\/politique\/une-importante-delegation-djiboutienne-conduite-par-le-chef-detat-major-general-des-fad-participe-au-forum-international-militaro-technique-a-moscou#respond"]}]},{"@type":"WebPage","@id":"https:\/\/www.africa-press.net\/djibouti\/politique\/une-importante-delegation-djiboutienne-conduite-par-le-chef-detat-major-general-des-fad-participe-au-forum-international-militaro-technique-a-moscou","url":"https:\/\/www.africa-press.net\/djibouti\/politique\/une-importante-delegation-djiboutienne-conduite-par-le-chef-detat-major-general-des-fad-participe-au-forum-international-militaro-technique-a-moscou","name":"Une importante d\u00e9l\u00e9gation djiboutienne conduite par le chef d'\u00e9tat major g\u00e9n\u00e9ral des FAD participe au Forum International militaro-technique \u00e0 Moscou - Djibouti","isPartOf":{"@id":"https:\/\/www.africa-press.net\/djibouti\/#website"},"primaryImageOfPage":{"@id":"https:\/\/www.africa-press.net\/djibouti\/politique\/une-importante-delegation-djiboutienne-conduite-par-le-chef-detat-major-general-des-fad-participe-au-forum-international-militaro-technique-a-moscou#primaryimage"},"image":{"@id":"https:\/\/www.africa-press.net\/djibouti\/politique\/une-importante-delegation-djiboutienne-conduite-par-le-chef-detat-major-general-des-fad-participe-au-forum-international-militaro-technique-a-moscou#primaryimage"},"thumbnailUrl":"https:\/\/static.africa-press.net\/djibouti\/sites\/52\/2023\/08\/sm_1692368616.254368.jpg","datePublished":"2023-08-18T17:37:38+00:00","dateModified":"2023-08-18T17:57:21+00:00","author":{"@id":"https:\/\/www.africa-press.net\/djibouti\/#\/schema\/person\/2b1cf3cd81a31e3cd26889ca66d677f1"},"description":"Le chef d'e\u0301tat-major ge\u0301ne\u0301ral des Forces arme\u0301es djiboutiennes (FAD), le ge\u0301ne\u0301ral de corps d'arme\u0301e Zakaria Cheick Ib ...","breadcrumb":{"@id":"https:\/\/www.africa-press.net\/djibouti\/politique\/une-importante-delegation-djiboutienne-conduite-par-le-chef-detat-major-general-des-fad-participe-au-forum-international-militaro-technique-a-moscou#breadcrumb"},"inLanguage":"fr-FR","potentialAction":[{"@type":"ReadAction","target":["https:\/\/www.africa-press.net\/djibouti\/politique\/une-importante-delegation-djiboutienne-conduite-par-le-chef-detat-major-general-des-fad-participe-au-forum-international-militaro-technique-a-moscou"]}]},{"@type":"ImageObject","inLanguage":"fr-FR","@id":"https:\/\/www.africa-press.net\/djibouti\/politique\/une-importante-delegation-djiboutienne-conduite-par-le-chef-detat-major-general-des-fad-participe-au-forum-international-militaro-technique-a-moscou#primaryimage","url":"https:\/\/static.africa-press.net\/djibouti\/sites\/52\/2023\/08\/sm_1692368616.254368.jpg","contentUrl":"https:\/\/static.africa-press.net\/djibouti\/sites\/52\/2023\/08\/sm_1692368616.254368.jpg","width":1080,"height":810,"caption":"Une importante d\u00e9l\u00e9gation djiboutienne conduite par le chef d'\u00e9tat major g\u00e9n\u00e9ral des FAD participe au Forum International militaro-technique \u00e0 Moscou"},{"@type":"BreadcrumbList","@id":"https:\/\/www.africa-press.net\/djibouti\/politique\/une-importante-delegation-djiboutienne-conduite-par-le-chef-detat-major-general-des-fad-participe-au-forum-international-militaro-technique-a-moscou#breadcrumb","itemListElement":[{"@type":"ListItem","position":1,"name":"Accueil","item":"https:\/\/www.africa-press.net\/djibouti\/"},{"@type":"ListItem","position":2,"name":"Une importante d\u00e9l\u00e9gation djiboutienne conduite par le chef d&#8217;\u00e9tat major g\u00e9n\u00e9ral des FAD participe au Forum International militaro-technique \u00e0 Moscou"}]},{"@type":"WebSite","@id":"https:\/\/www.africa-press.net\/djibouti\/#website","url":"https:\/\/www.africa-press.net\/djibouti\/","name":"Djibouti","description":"Just another Africa News Agency Sites site","potentialAction":[{"@type":"SearchAction","target":{"@type":"EntryPoint","urlTemplate":"https:\/\/www.africa-press.net\/djibouti\/?s={search_term_string}"},"query-input":{"@type":"PropertyValueSpecification","valueRequired":true,"valueName":"search_term_string"}}],"inLanguage":"fr-FR"},{"@type":"Person","@id":"https:\/\/www.africa-press.net\/djibouti\/#\/schema\/person\/2b1cf3cd81a31e3cd26889ca66d677f1","name":"cfeditorfr"}]}},"_links":{"self":[{"href":"https:\/\/www.africa-press.net\/djibouti\/wp-json\/wp\/v2\/posts\/16814","targetHints":{"allow":["GET"]}}],"collection":[{"href":"https:\/\/www.africa-press.net\/djibouti\/wp-json\/wp\/v2\/posts"}],"about":[{"href":"https:\/\/www.africa-press.net\/djibouti\/wp-json\/wp\/v2\/types\/post"}],"author":[{"embeddable":true,"href":"https:\/\/www.africa-press.net\/djibouti\/wp-json\/wp\/v2\/users\/82"}],"replies":[{"embeddable":true,"href":"https:\/\/www.africa-press.net\/djibouti\/wp-json\/wp\/v2\/comments?post=16814"}],"version-history":[{"count":0,"href":"https:\/\/www.africa-press.net\/djibouti\/wp-json\/wp\/v2\/posts\/16814\/revisions"}],"wp:featuredmedia":[{"embeddable":true,"href":"https:\/\/www.africa-press.net\/djibouti\/wp-json\/wp\/v2\/media\/16813"}],"wp:attachment":[{"href":"https:\/\/www.africa-press.net\/djibouti\/wp-json\/wp\/v2\/media?parent=16814"}],"wp:term":[{"taxonomy":"category","embeddable":true,"href":"https:\/\/www.africa-press.net\/djibouti\/wp-json\/wp\/v2\/categories?post=16814"},{"taxonomy":"post_tag","embeddable":true,"href":"https:\/\/www.africa-press.net\/djibouti\/wp-json\/wp\/v2\/tags?post=16814"}],"curies":[{"name":"wp","href":"https:\/\/api.w.org\/{rel}","templated":true}]}}