{"id":16816,"date":"2023-08-18T17:38:17","date_gmt":"2023-08-18T17:38:17","guid":{"rendered":"https:\/\/www.africa-press.net\/djibouti\/politique\/m-ilyas-moussa-dawaleh-preside-la-ceremonie-dinauguration-de-la-bibliotheque-asal-a-cheikh-moussa-au-coeur-de-la-commune-de-balbala"},"modified":"2023-08-18T17:58:02","modified_gmt":"2023-08-18T17:58:02","slug":"m-ilyas-moussa-dawaleh-preside-la-ceremonie-dinauguration-de-la-bibliotheque-asal-a-cheikh-moussa-au-coeur-de-la-commune-de-balbala","status":"publish","type":"post","link":"https:\/\/www.africa-press.net\/djibouti\/economie\/m-ilyas-moussa-dawaleh-preside-la-ceremonie-dinauguration-de-la-bibliotheque-asal-a-cheikh-moussa-au-coeur-de-la-commune-de-balbala","title":{"rendered":"M. Ilyas Moussa Dawaleh pr\u00e9side la c\u00e9r\u00e9monie d\u2019inauguration de la biblioth\u00e8que ASAL \u00e0 Cheikh Moussa, au coeur de la commune de Balbala"},"content":{"rendered":"<p><span style=\"color: #ff6600\"><strong>Africa-Press &#8211; Djibouti. <\/strong><\/span>Le ministre de l&rsquo;Economie et des Finances charge\u0301 de l\u2019Industrie, M. Ilyas Moussa Dawaleh, a pre\u0301side\u0301 hier la ce\u0301re\u0301monie d\u2019inauguration d&rsquo;une nouvelle bibliothe\u0300que dans le quartier de Cheick Moussa, au coeur de la commune de Balbala.<\/p>\n<p>Notons que la cre\u0301ation de cette bibliothe\u0300que est l&rsquo;oeuvre de l&rsquo;association ASAL.<\/p>\n<p>La ce\u0301re\u0301monie d&rsquo;inauguration a vu la pre\u0301sence e\u0301galement du pre\u0301sident de la commune de Balbala, M. Mohamed Hassan Said, de l\u2019honorable de\u0301pute\u0301 Saleban Daher Bileh, ainsi que des e\u0301lus locaux, des cadres de la commune et des invite\u0301s de marque.<\/p>\n<p>Le ministre de l&rsquo;Economie et des Finances charge\u0301 de l\u2019Industrie, M. Ilyas Moussa Dawaleh, qui a ete chaleureusement accueilli a\u0302 son arrive\u0301e sur les lieux, a effectue\u0301 une visite des locaux de l\u2019Association, compose\u0301 d\u2019une bibliothe\u0300que, d\u2019une salle de lecture individuelle pour les enfants scolarise\u0301s, d\u2019une salle informatique, de trois classes pour l\u2019e\u0301ducation de la petite enfance ainsi que la direction ge\u0301ne\u0301rale.<\/p>\n<p>Le pre\u0301sident de l\u2019Association ASAL, M. Isman Hassan Barreh, entoure\u0301 de ses proches collaborateurs, a d\u2019emble\u0301e souhaite\u0301 la bienvenue au ministre avant de faire de pre\u0301senter les grandes lignes de l&rsquo;action de son mouvement associatif.<\/p>\n<p>De son co\u0302te\u0301, M. Ilyas Moussa Dawaleh,a tenu a\u0300 remercier le pre\u0301sident de l\u2019Association ASAL et son e\u0301quipe pour leur accueil chaleureux et fraternel, soulignant que ce genre de projet me\u0301rite d&rsquo;e\u0302tre soutenu puisqu&rsquo;il contribue a\u0300 l&rsquo;e\u0301ducation et a\u0300 l&rsquo;e\u0301panouissement des jeunes.<\/p>\n<p>C&rsquo;est en ce sens qu&rsquo;il a exhorte\u0301 les forces vives de la commune a\u0300 accompagner et a\u0300 sensibiliser les jeunes sur l\u2019importance de la lecture.<\/p>\n<p>Le ministre de l&rsquo;Economie et des Finances charge\u0301 de l\u2019Industrie, M. Ilyas Moussa Dawaleh, a pre\u0301side\u0301 hier la ce\u0301re\u0301monie d\u2019inauguration d&rsquo;une nouvelle bibliothe\u0300que dans le quartier de Cheick Moussa, au coeur de la commune de Balbala.<\/p>\n<p>Notons que la cre\u0301ation de cette bibliothe\u0300que est l&rsquo;oeuvre de l&rsquo;association ASAL.<\/p>\n<p>La ce\u0301re\u0301monie d&rsquo;inauguration a vu la pre\u0301sence e\u0301galement du pre\u0301sident de la commune de Balbala, M. Mohamed Hassan Said, de l\u2019honorable de\u0301pute\u0301 Saleban Daher Bileh, ainsi que des e\u0301lus locaux, des cadres de la commune et des invite\u0301s de marque.<\/p>\n<p>Le ministre de l&rsquo;Economie et des Finances charge\u0301 de l\u2019Industrie, M. Ilyas Moussa Dawaleh, qui a ete chaleureusement accueilli a\u0302 son arrive\u0301e sur les lieux, a effectue\u0301 une visite des locaux de l\u2019Association, compose\u0301 d\u2019une bibliothe\u0300que, d\u2019une salle de lecture individuelle pour les enfants scolarise\u0301s, d\u2019une salle informatique, de trois classes pour l\u2019e\u0301ducation de la petite enfance ainsi que la direction ge\u0301ne\u0301rale.<\/p>\n<p>Le pre\u0301sident de l\u2019Association ASAL, M. Isman Hassan Barreh, entoure\u0301 de ses proches collaborateurs, a d\u2019emble\u0301e souhaite\u0301 la bienvenue au ministre avant de faire de pre\u0301senter les grandes lignes de l&rsquo;action de son mouvement associatif.<\/p>\n<p>De son co\u0302te\u0301, M. Ilyas Moussa Dawaleh,a tenu a\u0300 remercier le pre\u0301sident de l\u2019Association ASAL et son e\u0301quipe pour leur accueil chaleureux et fraternel, soulignant que ce genre de projet me\u0301rite d&rsquo;e\u0302tre soutenu puisqu&rsquo;il contribue a\u0300 l&rsquo;e\u0301ducation et a\u0300 l&rsquo;e\u0301panouissement des jeunes.<\/p>\n<p>C&rsquo;est en ce sens qu&rsquo;il a exhorte\u0301 les forces vives de la commune a\u0300 accompagner et a\u0300 sensibiliser les jeunes sur l\u2019importance de la lecture.<\/p>\n<p><strong>Pour plus d&rsquo;informations et d&rsquo;analyses sur la <a href=\"https:\/\/www.africa-press.net\/djibouti\">Djibouti<\/a>, suivez <a href=\"https:\/\/www.africa-press.net\/\">Africa-Press<\/a><\/strong><\/p>\n","protected":false},"excerpt":{"rendered":"<p>Africa-Press &#8211; Djibouti. Le ministre de l&rsquo;Economie et des Finances charge\u0301 de l\u2019Industrie, M. Ilyas Moussa Dawaleh, a pre\u0301side\u0301 hier la ce\u0301re\u0301monie d\u2019inauguration d&rsquo;une nouvelle bibliothe\u0300que dans le quartier de Cheick Moussa, au coeur de la commune de Balbala. Notons que la cre\u0301ation de cette bibliothe\u0300que est l&rsquo;oeuvre de l&rsquo;association ASAL. La ce\u0301re\u0301monie d&rsquo;inauguration a [&hellip;]<\/p>\n","protected":false},"author":82,"featured_media":16815,"comment_status":"open","ping_status":"closed","sticky":false,"template":"","format":"standard","meta":{"footnotes":""},"categories":[3,10],"tags":[36,49,50],"class_list":["post-16816","post","type-post","status-publish","format-standard","has-post-thumbnail","hentry","category-economie","category-toutes-les-actualites","tag-africa-press","tag-africa-press-djibouti","tag-djibouti"],"yoast_head":"<!-- This site is optimized with the Yoast SEO Premium plugin v26.1 (Yoast SEO v27.0) - https:\/\/yoast.com\/product\/yoast-seo-premium-wordpress\/ -->\n<title>M. Ilyas Moussa Dawaleh pr\u00e9side la c\u00e9r\u00e9monie d\u2019inauguration de la biblioth\u00e8que ASAL \u00e0 Cheikh Moussa, au coeur de la commune de Balbala - Djibouti<\/title>\n<meta name=\"description\" content=\"Le ministre de l&#039;Economie et des Finances charge\u0301 de l\u2019Industrie, M. Ilyas Moussa Dawaleh, a pre\u0301side\u0301 hier la ce\u0301re\u0301mon ...\" \/>\n<meta name=\"robots\" content=\"index, follow, max-snippet:-1, max-image-preview:large, max-video-preview:-1\" \/>\n<link rel=\"canonical\" href=\"https:\/\/www.africa-press.net\/djibouti\/economie\/m-ilyas-moussa-dawaleh-preside-la-ceremonie-dinauguration-de-la-bibliotheque-asal-a-cheikh-moussa-au-coeur-de-la-commune-de-balbala\" \/>\n<meta property=\"og:locale\" content=\"fr_FR\" \/>\n<meta property=\"og:type\" content=\"article\" \/>\n<meta property=\"og:title\" content=\"M. Ilyas Moussa Dawaleh pr\u00e9side la c\u00e9r\u00e9monie d\u2019inauguration de la biblioth\u00e8que ASAL \u00e0 Cheikh Moussa, au coeur de la commune de Balbala\" \/>\n<meta property=\"og:description\" content=\"Le ministre de l&#039;Economie et des Finances charge\u0301 de l\u2019Industrie, M. Ilyas Moussa Dawaleh, a pre\u0301side\u0301 hier la ce\u0301re\u0301mon ...\" \/>\n<meta property=\"og:url\" content=\"https:\/\/www.africa-press.net\/djibouti\/economie\/m-ilyas-moussa-dawaleh-preside-la-ceremonie-dinauguration-de-la-bibliotheque-asal-a-cheikh-moussa-au-coeur-de-la-commune-de-balbala\" \/>\n<meta property=\"og:site_name\" content=\"Djibouti\" \/>\n<meta property=\"article:published_time\" content=\"2023-08-18T17:38:17+00:00\" \/>\n<meta property=\"article:modified_time\" content=\"2023-08-18T17:58:02+00:00\" \/>\n<meta property=\"og:image\" content=\"https:\/\/static.africa-press.net\/djibouti\/sites\/52\/2023\/08\/sm_1692368633.25956.jpg\" \/>\n\t<meta property=\"og:image:width\" content=\"1079\" \/>\n\t<meta property=\"og:image:height\" content=\"720\" \/>\n\t<meta property=\"og:image:type\" content=\"image\/jpeg\" \/>\n<meta name=\"author\" content=\"cfeditorfr\" \/>\n<meta name=\"twitter:card\" content=\"summary_large_image\" \/>\n<meta name=\"twitter:label1\" content=\"\u00c9crit par\" \/>\n\t<meta name=\"twitter:data1\" content=\"cfeditorfr\" \/>\n\t<meta name=\"twitter:label2\" content=\"Dur\u00e9e de lecture estim\u00e9e\" \/>\n\t<meta name=\"twitter:data2\" content=\"3 minutes\" \/>\n<script type=\"application\/ld+json\" class=\"yoast-schema-graph\">{\"@context\":\"https:\/\/schema.org\",\"@graph\":[{\"@type\":\"Article\",\"@id\":\"https:\/\/www.africa-press.net\/djibouti\/economie\/m-ilyas-moussa-dawaleh-preside-la-ceremonie-dinauguration-de-la-bibliotheque-asal-a-cheikh-moussa-au-coeur-de-la-commune-de-balbala#article\",\"isPartOf\":{\"@id\":\"https:\/\/www.africa-press.net\/djibouti\/economie\/m-ilyas-moussa-dawaleh-preside-la-ceremonie-dinauguration-de-la-bibliotheque-asal-a-cheikh-moussa-au-coeur-de-la-commune-de-balbala\"},\"author\":{\"name\":\"cfeditorfr\",\"@id\":\"https:\/\/www.africa-press.net\/djibouti\/#\/schema\/person\/2b1cf3cd81a31e3cd26889ca66d677f1\"},\"headline\":\"M. Ilyas Moussa Dawaleh pr\u00e9side la c\u00e9r\u00e9monie d\u2019inauguration de la biblioth\u00e8que ASAL \u00e0 Cheikh Moussa, au coeur de la commune de Balbala\",\"datePublished\":\"2023-08-18T17:38:17+00:00\",\"dateModified\":\"2023-08-18T17:58:02+00:00\",\"mainEntityOfPage\":{\"@id\":\"https:\/\/www.africa-press.net\/djibouti\/economie\/m-ilyas-moussa-dawaleh-preside-la-ceremonie-dinauguration-de-la-bibliotheque-asal-a-cheikh-moussa-au-coeur-de-la-commune-de-balbala\"},\"wordCount\":659,\"commentCount\":0,\"image\":{\"@id\":\"https:\/\/www.africa-press.net\/djibouti\/economie\/m-ilyas-moussa-dawaleh-preside-la-ceremonie-dinauguration-de-la-bibliotheque-asal-a-cheikh-moussa-au-coeur-de-la-commune-de-balbala#primaryimage\"},\"thumbnailUrl\":\"https:\/\/static.africa-press.net\/djibouti\/sites\/52\/2023\/08\/sm_1692368633.25956.jpg\",\"keywords\":[\"Africa Press\",\"Africa Press-Djibouti\",\"Djibouti\"],\"articleSection\":[\"\u00c9conomie\",\"Toutes les actualit\u00e9s\"],\"inLanguage\":\"fr-FR\",\"potentialAction\":[{\"@type\":\"CommentAction\",\"name\":\"Comment\",\"target\":[\"https:\/\/www.africa-press.net\/djibouti\/economie\/m-ilyas-moussa-dawaleh-preside-la-ceremonie-dinauguration-de-la-bibliotheque-asal-a-cheikh-moussa-au-coeur-de-la-commune-de-balbala#respond\"]}]},{\"@type\":\"WebPage\",\"@id\":\"https:\/\/www.africa-press.net\/djibouti\/economie\/m-ilyas-moussa-dawaleh-preside-la-ceremonie-dinauguration-de-la-bibliotheque-asal-a-cheikh-moussa-au-coeur-de-la-commune-de-balbala\",\"url\":\"https:\/\/www.africa-press.net\/djibouti\/economie\/m-ilyas-moussa-dawaleh-preside-la-ceremonie-dinauguration-de-la-bibliotheque-asal-a-cheikh-moussa-au-coeur-de-la-commune-de-balbala\",\"name\":\"M. Ilyas Moussa Dawaleh pr\u00e9side la c\u00e9r\u00e9monie d\u2019inauguration de la biblioth\u00e8que ASAL \u00e0 Cheikh Moussa, au coeur de la commune de Balbala - Djibouti\",\"isPartOf\":{\"@id\":\"https:\/\/www.africa-press.net\/djibouti\/#website\"},\"primaryImageOfPage\":{\"@id\":\"https:\/\/www.africa-press.net\/djibouti\/economie\/m-ilyas-moussa-dawaleh-preside-la-ceremonie-dinauguration-de-la-bibliotheque-asal-a-cheikh-moussa-au-coeur-de-la-commune-de-balbala#primaryimage\"},\"image\":{\"@id\":\"https:\/\/www.africa-press.net\/djibouti\/economie\/m-ilyas-moussa-dawaleh-preside-la-ceremonie-dinauguration-de-la-bibliotheque-asal-a-cheikh-moussa-au-coeur-de-la-commune-de-balbala#primaryimage\"},\"thumbnailUrl\":\"https:\/\/static.africa-press.net\/djibouti\/sites\/52\/2023\/08\/sm_1692368633.25956.jpg\",\"datePublished\":\"2023-08-18T17:38:17+00:00\",\"dateModified\":\"2023-08-18T17:58:02+00:00\",\"author\":{\"@id\":\"https:\/\/www.africa-press.net\/djibouti\/#\/schema\/person\/2b1cf3cd81a31e3cd26889ca66d677f1\"},\"description\":\"Le ministre de l'Economie et des Finances charge\u0301 de l\u2019Industrie, M. Ilyas Moussa Dawaleh, a pre\u0301side\u0301 hier la ce\u0301re\u0301mon ...\",\"breadcrumb\":{\"@id\":\"https:\/\/www.africa-press.net\/djibouti\/economie\/m-ilyas-moussa-dawaleh-preside-la-ceremonie-dinauguration-de-la-bibliotheque-asal-a-cheikh-moussa-au-coeur-de-la-commune-de-balbala#breadcrumb\"},\"inLanguage\":\"fr-FR\",\"potentialAction\":[{\"@type\":\"ReadAction\",\"target\":[\"https:\/\/www.africa-press.net\/djibouti\/economie\/m-ilyas-moussa-dawaleh-preside-la-ceremonie-dinauguration-de-la-bibliotheque-asal-a-cheikh-moussa-au-coeur-de-la-commune-de-balbala\"]}]},{\"@type\":\"ImageObject\",\"inLanguage\":\"fr-FR\",\"@id\":\"https:\/\/www.africa-press.net\/djibouti\/economie\/m-ilyas-moussa-dawaleh-preside-la-ceremonie-dinauguration-de-la-bibliotheque-asal-a-cheikh-moussa-au-coeur-de-la-commune-de-balbala#primaryimage\",\"url\":\"https:\/\/static.africa-press.net\/djibouti\/sites\/52\/2023\/08\/sm_1692368633.25956.jpg\",\"contentUrl\":\"https:\/\/static.africa-press.net\/djibouti\/sites\/52\/2023\/08\/sm_1692368633.25956.jpg\",\"width\":1079,\"height\":720,\"caption\":\"M. Ilyas Moussa Dawaleh pr\u00e9side la c\u00e9r\u00e9monie d\u2019inauguration de la biblioth\u00e8que ASAL \u00e0 Cheikh Moussa, au coeur de la commune de Balbala\"},{\"@type\":\"BreadcrumbList\",\"@id\":\"https:\/\/www.africa-press.net\/djibouti\/economie\/m-ilyas-moussa-dawaleh-preside-la-ceremonie-dinauguration-de-la-bibliotheque-asal-a-cheikh-moussa-au-coeur-de-la-commune-de-balbala#breadcrumb\",\"itemListElement\":[{\"@type\":\"ListItem\",\"position\":1,\"name\":\"Accueil\",\"item\":\"https:\/\/www.africa-press.net\/djibouti\/\"},{\"@type\":\"ListItem\",\"position\":2,\"name\":\"M. Ilyas Moussa Dawaleh pr\u00e9side la c\u00e9r\u00e9monie d\u2019inauguration de la biblioth\u00e8que ASAL \u00e0 Cheikh Moussa, au coeur de la commune de Balbala\"}]},{\"@type\":\"WebSite\",\"@id\":\"https:\/\/www.africa-press.net\/djibouti\/#website\",\"url\":\"https:\/\/www.africa-press.net\/djibouti\/\",\"name\":\"Djibouti\",\"description\":\"Just another Africa News Agency Sites site\",\"potentialAction\":[{\"@type\":\"SearchAction\",\"target\":{\"@type\":\"EntryPoint\",\"urlTemplate\":\"https:\/\/www.africa-press.net\/djibouti\/?s={search_term_string}\"},\"query-input\":{\"@type\":\"PropertyValueSpecification\",\"valueRequired\":true,\"valueName\":\"search_term_string\"}}],\"inLanguage\":\"fr-FR\"},{\"@type\":\"Person\",\"@id\":\"https:\/\/www.africa-press.net\/djibouti\/#\/schema\/person\/2b1cf3cd81a31e3cd26889ca66d677f1\",\"name\":\"cfeditorfr\"}]}<\/script>\n<!-- \/ Yoast SEO Premium plugin. -->","yoast_head_json":{"title":"M. Ilyas Moussa Dawaleh pr\u00e9side la c\u00e9r\u00e9monie d\u2019inauguration de la biblioth\u00e8que ASAL \u00e0 Cheikh Moussa, au coeur de la commune de Balbala - Djibouti","description":"Le ministre de l'Economie et des Finances charge\u0301 de l\u2019Industrie, M. Ilyas Moussa Dawaleh, a pre\u0301side\u0301 hier la ce\u0301re\u0301mon ...","robots":{"index":"index","follow":"follow","max-snippet":"max-snippet:-1","max-image-preview":"max-image-preview:large","max-video-preview":"max-video-preview:-1"},"canonical":"https:\/\/www.africa-press.net\/djibouti\/economie\/m-ilyas-moussa-dawaleh-preside-la-ceremonie-dinauguration-de-la-bibliotheque-asal-a-cheikh-moussa-au-coeur-de-la-commune-de-balbala","og_locale":"fr_FR","og_type":"article","og_title":"M. Ilyas Moussa Dawaleh pr\u00e9side la c\u00e9r\u00e9monie d\u2019inauguration de la biblioth\u00e8que ASAL \u00e0 Cheikh Moussa, au coeur de la commune de Balbala","og_description":"Le ministre de l'Economie et des Finances charge\u0301 de l\u2019Industrie, M. Ilyas Moussa Dawaleh, a pre\u0301side\u0301 hier la ce\u0301re\u0301mon ...","og_url":"https:\/\/www.africa-press.net\/djibouti\/economie\/m-ilyas-moussa-dawaleh-preside-la-ceremonie-dinauguration-de-la-bibliotheque-asal-a-cheikh-moussa-au-coeur-de-la-commune-de-balbala","og_site_name":"Djibouti","article_published_time":"2023-08-18T17:38:17+00:00","article_modified_time":"2023-08-18T17:58:02+00:00","og_image":[{"width":1079,"height":720,"url":"https:\/\/static.africa-press.net\/djibouti\/sites\/52\/2023\/08\/sm_1692368633.25956.jpg","type":"image\/jpeg"}],"author":"cfeditorfr","twitter_card":"summary_large_image","twitter_misc":{"\u00c9crit par":"cfeditorfr","Dur\u00e9e de lecture estim\u00e9e":"3 minutes"},"schema":{"@context":"https:\/\/schema.org","@graph":[{"@type":"Article","@id":"https:\/\/www.africa-press.net\/djibouti\/economie\/m-ilyas-moussa-dawaleh-preside-la-ceremonie-dinauguration-de-la-bibliotheque-asal-a-cheikh-moussa-au-coeur-de-la-commune-de-balbala#article","isPartOf":{"@id":"https:\/\/www.africa-press.net\/djibouti\/economie\/m-ilyas-moussa-dawaleh-preside-la-ceremonie-dinauguration-de-la-bibliotheque-asal-a-cheikh-moussa-au-coeur-de-la-commune-de-balbala"},"author":{"name":"cfeditorfr","@id":"https:\/\/www.africa-press.net\/djibouti\/#\/schema\/person\/2b1cf3cd81a31e3cd26889ca66d677f1"},"headline":"M. Ilyas Moussa Dawaleh pr\u00e9side la c\u00e9r\u00e9monie d\u2019inauguration de la biblioth\u00e8que ASAL \u00e0 Cheikh Moussa, au coeur de la commune de Balbala","datePublished":"2023-08-18T17:38:17+00:00","dateModified":"2023-08-18T17:58:02+00:00","mainEntityOfPage":{"@id":"https:\/\/www.africa-press.net\/djibouti\/economie\/m-ilyas-moussa-dawaleh-preside-la-ceremonie-dinauguration-de-la-bibliotheque-asal-a-cheikh-moussa-au-coeur-de-la-commune-de-balbala"},"wordCount":659,"commentCount":0,"image":{"@id":"https:\/\/www.africa-press.net\/djibouti\/economie\/m-ilyas-moussa-dawaleh-preside-la-ceremonie-dinauguration-de-la-bibliotheque-asal-a-cheikh-moussa-au-coeur-de-la-commune-de-balbala#primaryimage"},"thumbnailUrl":"https:\/\/static.africa-press.net\/djibouti\/sites\/52\/2023\/08\/sm_1692368633.25956.jpg","keywords":["Africa Press","Africa Press-Djibouti","Djibouti"],"articleSection":["\u00c9conomie","Toutes les actualit\u00e9s"],"inLanguage":"fr-FR","potentialAction":[{"@type":"CommentAction","name":"Comment","target":["https:\/\/www.africa-press.net\/djibouti\/economie\/m-ilyas-moussa-dawaleh-preside-la-ceremonie-dinauguration-de-la-bibliotheque-asal-a-cheikh-moussa-au-coeur-de-la-commune-de-balbala#respond"]}]},{"@type":"WebPage","@id":"https:\/\/www.africa-press.net\/djibouti\/economie\/m-ilyas-moussa-dawaleh-preside-la-ceremonie-dinauguration-de-la-bibliotheque-asal-a-cheikh-moussa-au-coeur-de-la-commune-de-balbala","url":"https:\/\/www.africa-press.net\/djibouti\/economie\/m-ilyas-moussa-dawaleh-preside-la-ceremonie-dinauguration-de-la-bibliotheque-asal-a-cheikh-moussa-au-coeur-de-la-commune-de-balbala","name":"M. Ilyas Moussa Dawaleh pr\u00e9side la c\u00e9r\u00e9monie d\u2019inauguration de la biblioth\u00e8que ASAL \u00e0 Cheikh Moussa, au coeur de la commune de Balbala - Djibouti","isPartOf":{"@id":"https:\/\/www.africa-press.net\/djibouti\/#website"},"primaryImageOfPage":{"@id":"https:\/\/www.africa-press.net\/djibouti\/economie\/m-ilyas-moussa-dawaleh-preside-la-ceremonie-dinauguration-de-la-bibliotheque-asal-a-cheikh-moussa-au-coeur-de-la-commune-de-balbala#primaryimage"},"image":{"@id":"https:\/\/www.africa-press.net\/djibouti\/economie\/m-ilyas-moussa-dawaleh-preside-la-ceremonie-dinauguration-de-la-bibliotheque-asal-a-cheikh-moussa-au-coeur-de-la-commune-de-balbala#primaryimage"},"thumbnailUrl":"https:\/\/static.africa-press.net\/djibouti\/sites\/52\/2023\/08\/sm_1692368633.25956.jpg","datePublished":"2023-08-18T17:38:17+00:00","dateModified":"2023-08-18T17:58:02+00:00","author":{"@id":"https:\/\/www.africa-press.net\/djibouti\/#\/schema\/person\/2b1cf3cd81a31e3cd26889ca66d677f1"},"description":"Le ministre de l'Economie et des Finances charge\u0301 de l\u2019Industrie, M. Ilyas Moussa Dawaleh, a pre\u0301side\u0301 hier la ce\u0301re\u0301mon ...","breadcrumb":{"@id":"https:\/\/www.africa-press.net\/djibouti\/economie\/m-ilyas-moussa-dawaleh-preside-la-ceremonie-dinauguration-de-la-bibliotheque-asal-a-cheikh-moussa-au-coeur-de-la-commune-de-balbala#breadcrumb"},"inLanguage":"fr-FR","potentialAction":[{"@type":"ReadAction","target":["https:\/\/www.africa-press.net\/djibouti\/economie\/m-ilyas-moussa-dawaleh-preside-la-ceremonie-dinauguration-de-la-bibliotheque-asal-a-cheikh-moussa-au-coeur-de-la-commune-de-balbala"]}]},{"@type":"ImageObject","inLanguage":"fr-FR","@id":"https:\/\/www.africa-press.net\/djibouti\/economie\/m-ilyas-moussa-dawaleh-preside-la-ceremonie-dinauguration-de-la-bibliotheque-asal-a-cheikh-moussa-au-coeur-de-la-commune-de-balbala#primaryimage","url":"https:\/\/static.africa-press.net\/djibouti\/sites\/52\/2023\/08\/sm_1692368633.25956.jpg","contentUrl":"https:\/\/static.africa-press.net\/djibouti\/sites\/52\/2023\/08\/sm_1692368633.25956.jpg","width":1079,"height":720,"caption":"M. Ilyas Moussa Dawaleh pr\u00e9side la c\u00e9r\u00e9monie d\u2019inauguration de la biblioth\u00e8que ASAL \u00e0 Cheikh Moussa, au coeur de la commune de Balbala"},{"@type":"BreadcrumbList","@id":"https:\/\/www.africa-press.net\/djibouti\/economie\/m-ilyas-moussa-dawaleh-preside-la-ceremonie-dinauguration-de-la-bibliotheque-asal-a-cheikh-moussa-au-coeur-de-la-commune-de-balbala#breadcrumb","itemListElement":[{"@type":"ListItem","position":1,"name":"Accueil","item":"https:\/\/www.africa-press.net\/djibouti\/"},{"@type":"ListItem","position":2,"name":"M. Ilyas Moussa Dawaleh pr\u00e9side la c\u00e9r\u00e9monie d\u2019inauguration de la biblioth\u00e8que ASAL \u00e0 Cheikh Moussa, au coeur de la commune de Balbala"}]},{"@type":"WebSite","@id":"https:\/\/www.africa-press.net\/djibouti\/#website","url":"https:\/\/www.africa-press.net\/djibouti\/","name":"Djibouti","description":"Just another Africa News Agency Sites site","potentialAction":[{"@type":"SearchAction","target":{"@type":"EntryPoint","urlTemplate":"https:\/\/www.africa-press.net\/djibouti\/?s={search_term_string}"},"query-input":{"@type":"PropertyValueSpecification","valueRequired":true,"valueName":"search_term_string"}}],"inLanguage":"fr-FR"},{"@type":"Person","@id":"https:\/\/www.africa-press.net\/djibouti\/#\/schema\/person\/2b1cf3cd81a31e3cd26889ca66d677f1","name":"cfeditorfr"}]}},"_links":{"self":[{"href":"https:\/\/www.africa-press.net\/djibouti\/wp-json\/wp\/v2\/posts\/16816","targetHints":{"allow":["GET"]}}],"collection":[{"href":"https:\/\/www.africa-press.net\/djibouti\/wp-json\/wp\/v2\/posts"}],"about":[{"href":"https:\/\/www.africa-press.net\/djibouti\/wp-json\/wp\/v2\/types\/post"}],"author":[{"embeddable":true,"href":"https:\/\/www.africa-press.net\/djibouti\/wp-json\/wp\/v2\/users\/82"}],"replies":[{"embeddable":true,"href":"https:\/\/www.africa-press.net\/djibouti\/wp-json\/wp\/v2\/comments?post=16816"}],"version-history":[{"count":0,"href":"https:\/\/www.africa-press.net\/djibouti\/wp-json\/wp\/v2\/posts\/16816\/revisions"}],"wp:featuredmedia":[{"embeddable":true,"href":"https:\/\/www.africa-press.net\/djibouti\/wp-json\/wp\/v2\/media\/16815"}],"wp:attachment":[{"href":"https:\/\/www.africa-press.net\/djibouti\/wp-json\/wp\/v2\/media?parent=16816"}],"wp:term":[{"taxonomy":"category","embeddable":true,"href":"https:\/\/www.africa-press.net\/djibouti\/wp-json\/wp\/v2\/categories?post=16816"},{"taxonomy":"post_tag","embeddable":true,"href":"https:\/\/www.africa-press.net\/djibouti\/wp-json\/wp\/v2\/tags?post=16816"}],"curies":[{"name":"wp","href":"https:\/\/api.w.org\/{rel}","templated":true}]}}