{"id":16886,"date":"2023-08-20T14:33:34","date_gmt":"2023-08-20T14:33:34","guid":{"rendered":"https:\/\/www.africa-press.net\/djibouti\/politique\/le-chef-detat-major-general-des-fad-visite-une-caserne-en-cours-de-renovation-destinee-a-accueillir-prochainement-une-compagnie-de-commandos-parachutistes"},"modified":"2023-08-20T15:58:05","modified_gmt":"2023-08-20T15:58:05","slug":"le-chef-detat-major-general-des-fad-visite-une-caserne-en-cours-de-renovation-destinee-a-accueillir-prochainement-une-compagnie-de-commandos-parachutistes","status":"publish","type":"post","link":"https:\/\/www.africa-press.net\/djibouti\/politique\/le-chef-detat-major-general-des-fad-visite-une-caserne-en-cours-de-renovation-destinee-a-accueillir-prochainement-une-compagnie-de-commandos-parachutistes","title":{"rendered":"Le chef d&rsquo;\u00e9tat major g\u00e9n\u00e9ral des FAD visite une caserne en cours de r\u00e9novation destin\u00e9e \u00e0 accueillir prochainement une compagnie de commandos parachutistes"},"content":{"rendered":"<p><span style=\"color: #ff6600\"><strong>Africa-Press &#8211; Djibouti. <\/strong><\/span>Le chef d&rsquo;e\u0301tat-major ge\u0301ne\u0301ral des Forces arme\u0301es djiboutiennes (FAD), le ge\u0301ne\u0301ral de corps d&rsquo;arme\u0301e Zakaria Cheick Ibrahim a effectue\u0301 ce samedi une visite a\u0300 la caserne en cours de re\u0301novation qui accueillera prochainement la compagnie de commandos parachutistes.<\/p>\n<p>Cette visite intervient apre\u0300s la re\u0301ussite de la formation de 147 stagiaires de l&rsquo;arme\u0301e djiboutienne au Maroc dans le cadre d&rsquo;une initiative qui te\u0301moigne de la vision du pre\u0301sident de la Re\u0301publique et chef supre\u0302me des Arme\u0301es, M. Ismail Omar Guelleh.<\/p>\n<p>Le chantier de re\u0301novation de la caserne touche biento\u0302t a\u0300 sa fin, symbolisant le de\u0301vouement et la de\u0301termination du haut commandement des FAD a\u0300 fournir des installations modernes et fonctionnelles a\u0300 ses troupes.<\/p>\n<p>Notons que cette e\u0301tape marque un pas en avant significatif dans l&rsquo;ame\u0301lioration des capacite\u0301s de de\u0301fense nationale.<\/p>\n<p>La visite du chef d&rsquo;e\u0301tat-major ge\u0301ne\u0301ral des FAD a permis de mettre l&rsquo;accent sur l&rsquo;importance cruciale de cette nouvelle unite\u0301 commando para dans la strate\u0301gie de de\u0301fense nationale.<\/p>\n<p>En pre\u0301vision de l&rsquo;inauguration prochaine de la caserne et de l&rsquo;installation de la compagnie commando para, l&rsquo;arme\u0301e djiboutienne demeure re\u0301solue a\u0300 adapter en permanence ses capacite\u0301s pour re\u0301pondre aux besoins se\u0301curitaires du pays.<\/p>\n<p>Le chef d&rsquo;e\u0301tat-major ge\u0301ne\u0301ral des Forces arme\u0301es djiboutiennes (FAD), le ge\u0301ne\u0301ral de corps d&rsquo;arme\u0301e Zakaria Cheick Ibrahim a effectue\u0301 ce samedi une visite a\u0300 la caserne en cours de re\u0301novation qui accueillera prochainement la compagnie de commandos parachutistes.<\/p>\n<p>Cette visite intervient apre\u0300s la re\u0301ussite de la formation de 147 stagiaires de l&rsquo;arme\u0301e djiboutienne au Maroc dans le cadre d&rsquo;une initiative qui te\u0301moigne de la vision du pre\u0301sident de la Re\u0301publique et chef supre\u0302me des Arme\u0301es, M. Ismail Omar Guelleh.<\/p>\n<p>Le chantier de re\u0301novation de la caserne touche biento\u0302t a\u0300 sa fin, symbolisant le de\u0301vouement et la de\u0301termination du haut commandement des FAD a\u0300 fournir des installations modernes et fonctionnelles a\u0300 ses troupes.<\/p>\n<p>Notons que cette e\u0301tape marque un pas en avant significatif dans l&rsquo;ame\u0301lioration des capacite\u0301s de de\u0301fense nationale.<\/p>\n<p>La visite du chef d&rsquo;e\u0301tat-major ge\u0301ne\u0301ral des FAD a permis de mettre l&rsquo;accent sur l&rsquo;importance cruciale de cette nouvelle unite\u0301 commando para dans la strate\u0301gie de de\u0301fense nationale.<\/p>\n<p>En pre\u0301vision de l&rsquo;inauguration prochaine de la caserne et de l&rsquo;installation de la compagnie commando para, l&rsquo;arme\u0301e djiboutienne demeure re\u0301solue a\u0300 adapter en permanence ses capacite\u0301s pour re\u0301pondre aux besoins se\u0301curitaires du pays.<\/p>\n<p><strong>Pour plus d&rsquo;informations et d&rsquo;analyses sur la <a href=\"https:\/\/www.africa-press.net\/djibouti\">Djibouti<\/a>, suivez <a href=\"https:\/\/www.africa-press.net\/\">Africa-Press<\/a><\/strong><\/p>\n","protected":false},"excerpt":{"rendered":"<p>Africa-Press &#8211; Djibouti. Le chef d&rsquo;e\u0301tat-major ge\u0301ne\u0301ral des Forces arme\u0301es djiboutiennes (FAD), le ge\u0301ne\u0301ral de corps d&rsquo;arme\u0301e Zakaria Cheick Ibrahim a effectue\u0301 ce samedi une visite a\u0300 la caserne en cours de re\u0301novation qui accueillera prochainement la compagnie de commandos parachutistes. Cette visite intervient apre\u0300s la re\u0301ussite de la formation de 147 stagiaires de l&rsquo;arme\u0301e [&hellip;]<\/p>\n","protected":false},"author":82,"featured_media":16885,"comment_status":"open","ping_status":"closed","sticky":false,"template":"","format":"standard","meta":{"footnotes":""},"categories":[2,10],"tags":[36,49,50],"class_list":["post-16886","post","type-post","status-publish","format-standard","has-post-thumbnail","hentry","category-politique","category-toutes-les-actualites","tag-africa-press","tag-africa-press-djibouti","tag-djibouti"],"yoast_head":"<!-- This site is optimized with the Yoast SEO Premium plugin v26.1 (Yoast SEO v27.0) - https:\/\/yoast.com\/product\/yoast-seo-premium-wordpress\/ -->\n<title>Le chef d&#039;\u00e9tat major g\u00e9n\u00e9ral des FAD visite une caserne en cours de r\u00e9novation destin\u00e9e \u00e0 accueillir prochainement une compagnie de commandos parachutistes - Djibouti<\/title>\n<meta name=\"description\" content=\"Le chef d&#039;e\u0301tat-major ge\u0301ne\u0301ral des Forces arme\u0301es djiboutiennes (FAD), le ge\u0301ne\u0301ral de corps d&#039;arme\u0301e Zakaria Cheick Ib ...\" \/>\n<meta name=\"robots\" content=\"index, follow, max-snippet:-1, max-image-preview:large, max-video-preview:-1\" \/>\n<link rel=\"canonical\" href=\"https:\/\/www.africa-press.net\/djibouti\/politique\/le-chef-detat-major-general-des-fad-visite-une-caserne-en-cours-de-renovation-destinee-a-accueillir-prochainement-une-compagnie-de-commandos-parachutistes\" \/>\n<meta property=\"og:locale\" content=\"fr_FR\" \/>\n<meta property=\"og:type\" content=\"article\" \/>\n<meta property=\"og:title\" content=\"Le chef d&#039;\u00e9tat major g\u00e9n\u00e9ral des FAD visite une caserne en cours de r\u00e9novation destin\u00e9e \u00e0 accueillir prochainement une compagnie de commandos parachutistes\" \/>\n<meta property=\"og:description\" content=\"Le chef d&#039;e\u0301tat-major ge\u0301ne\u0301ral des Forces arme\u0301es djiboutiennes (FAD), le ge\u0301ne\u0301ral de corps d&#039;arme\u0301e Zakaria Cheick Ib ...\" \/>\n<meta property=\"og:url\" content=\"https:\/\/www.africa-press.net\/djibouti\/politique\/le-chef-detat-major-general-des-fad-visite-une-caserne-en-cours-de-renovation-destinee-a-accueillir-prochainement-une-compagnie-de-commandos-parachutistes\" \/>\n<meta property=\"og:site_name\" content=\"Djibouti\" \/>\n<meta property=\"article:published_time\" content=\"2023-08-20T14:33:34+00:00\" \/>\n<meta property=\"article:modified_time\" content=\"2023-08-20T15:58:05+00:00\" \/>\n<meta property=\"og:image\" content=\"https:\/\/static.africa-press.net\/djibouti\/sites\/52\/2023\/08\/sm_1692534391.759968.jpg\" \/>\n\t<meta property=\"og:image:width\" content=\"1516\" \/>\n\t<meta property=\"og:image:height\" content=\"844\" \/>\n\t<meta property=\"og:image:type\" content=\"image\/jpeg\" \/>\n<meta name=\"author\" content=\"cfeditorfr\" \/>\n<meta name=\"twitter:card\" content=\"summary_large_image\" \/>\n<meta name=\"twitter:label1\" content=\"\u00c9crit par\" \/>\n\t<meta name=\"twitter:data1\" content=\"cfeditorfr\" \/>\n\t<meta name=\"twitter:label2\" content=\"Dur\u00e9e de lecture estim\u00e9e\" \/>\n\t<meta name=\"twitter:data2\" content=\"3 minutes\" \/>\n<script type=\"application\/ld+json\" class=\"yoast-schema-graph\">{\"@context\":\"https:\/\/schema.org\",\"@graph\":[{\"@type\":\"Article\",\"@id\":\"https:\/\/www.africa-press.net\/djibouti\/politique\/le-chef-detat-major-general-des-fad-visite-une-caserne-en-cours-de-renovation-destinee-a-accueillir-prochainement-une-compagnie-de-commandos-parachutistes#article\",\"isPartOf\":{\"@id\":\"https:\/\/www.africa-press.net\/djibouti\/politique\/le-chef-detat-major-general-des-fad-visite-une-caserne-en-cours-de-renovation-destinee-a-accueillir-prochainement-une-compagnie-de-commandos-parachutistes\"},\"author\":{\"name\":\"cfeditorfr\",\"@id\":\"https:\/\/www.africa-press.net\/djibouti\/#\/schema\/person\/2b1cf3cd81a31e3cd26889ca66d677f1\"},\"headline\":\"Le chef d&rsquo;\u00e9tat major g\u00e9n\u00e9ral des FAD visite une caserne en cours de r\u00e9novation destin\u00e9e \u00e0 accueillir prochainement une compagnie de commandos parachutistes\",\"datePublished\":\"2023-08-20T14:33:34+00:00\",\"dateModified\":\"2023-08-20T15:58:05+00:00\",\"mainEntityOfPage\":{\"@id\":\"https:\/\/www.africa-press.net\/djibouti\/politique\/le-chef-detat-major-general-des-fad-visite-une-caserne-en-cours-de-renovation-destinee-a-accueillir-prochainement-une-compagnie-de-commandos-parachutistes\"},\"wordCount\":512,\"commentCount\":0,\"image\":{\"@id\":\"https:\/\/www.africa-press.net\/djibouti\/politique\/le-chef-detat-major-general-des-fad-visite-une-caserne-en-cours-de-renovation-destinee-a-accueillir-prochainement-une-compagnie-de-commandos-parachutistes#primaryimage\"},\"thumbnailUrl\":\"https:\/\/static.africa-press.net\/djibouti\/sites\/52\/2023\/08\/sm_1692534391.759968.jpg\",\"keywords\":[\"Africa Press\",\"Africa Press-Djibouti\",\"Djibouti\"],\"articleSection\":[\"Politique\",\"Toutes les actualit\u00e9s\"],\"inLanguage\":\"fr-FR\",\"potentialAction\":[{\"@type\":\"CommentAction\",\"name\":\"Comment\",\"target\":[\"https:\/\/www.africa-press.net\/djibouti\/politique\/le-chef-detat-major-general-des-fad-visite-une-caserne-en-cours-de-renovation-destinee-a-accueillir-prochainement-une-compagnie-de-commandos-parachutistes#respond\"]}]},{\"@type\":\"WebPage\",\"@id\":\"https:\/\/www.africa-press.net\/djibouti\/politique\/le-chef-detat-major-general-des-fad-visite-une-caserne-en-cours-de-renovation-destinee-a-accueillir-prochainement-une-compagnie-de-commandos-parachutistes\",\"url\":\"https:\/\/www.africa-press.net\/djibouti\/politique\/le-chef-detat-major-general-des-fad-visite-une-caserne-en-cours-de-renovation-destinee-a-accueillir-prochainement-une-compagnie-de-commandos-parachutistes\",\"name\":\"Le chef d'\u00e9tat major g\u00e9n\u00e9ral des FAD visite une caserne en cours de r\u00e9novation destin\u00e9e \u00e0 accueillir prochainement une compagnie de commandos parachutistes - Djibouti\",\"isPartOf\":{\"@id\":\"https:\/\/www.africa-press.net\/djibouti\/#website\"},\"primaryImageOfPage\":{\"@id\":\"https:\/\/www.africa-press.net\/djibouti\/politique\/le-chef-detat-major-general-des-fad-visite-une-caserne-en-cours-de-renovation-destinee-a-accueillir-prochainement-une-compagnie-de-commandos-parachutistes#primaryimage\"},\"image\":{\"@id\":\"https:\/\/www.africa-press.net\/djibouti\/politique\/le-chef-detat-major-general-des-fad-visite-une-caserne-en-cours-de-renovation-destinee-a-accueillir-prochainement-une-compagnie-de-commandos-parachutistes#primaryimage\"},\"thumbnailUrl\":\"https:\/\/static.africa-press.net\/djibouti\/sites\/52\/2023\/08\/sm_1692534391.759968.jpg\",\"datePublished\":\"2023-08-20T14:33:34+00:00\",\"dateModified\":\"2023-08-20T15:58:05+00:00\",\"author\":{\"@id\":\"https:\/\/www.africa-press.net\/djibouti\/#\/schema\/person\/2b1cf3cd81a31e3cd26889ca66d677f1\"},\"description\":\"Le chef d'e\u0301tat-major ge\u0301ne\u0301ral des Forces arme\u0301es djiboutiennes (FAD), le ge\u0301ne\u0301ral de corps d'arme\u0301e Zakaria Cheick Ib ...\",\"breadcrumb\":{\"@id\":\"https:\/\/www.africa-press.net\/djibouti\/politique\/le-chef-detat-major-general-des-fad-visite-une-caserne-en-cours-de-renovation-destinee-a-accueillir-prochainement-une-compagnie-de-commandos-parachutistes#breadcrumb\"},\"inLanguage\":\"fr-FR\",\"potentialAction\":[{\"@type\":\"ReadAction\",\"target\":[\"https:\/\/www.africa-press.net\/djibouti\/politique\/le-chef-detat-major-general-des-fad-visite-une-caserne-en-cours-de-renovation-destinee-a-accueillir-prochainement-une-compagnie-de-commandos-parachutistes\"]}]},{\"@type\":\"ImageObject\",\"inLanguage\":\"fr-FR\",\"@id\":\"https:\/\/www.africa-press.net\/djibouti\/politique\/le-chef-detat-major-general-des-fad-visite-une-caserne-en-cours-de-renovation-destinee-a-accueillir-prochainement-une-compagnie-de-commandos-parachutistes#primaryimage\",\"url\":\"https:\/\/static.africa-press.net\/djibouti\/sites\/52\/2023\/08\/sm_1692534391.759968.jpg\",\"contentUrl\":\"https:\/\/static.africa-press.net\/djibouti\/sites\/52\/2023\/08\/sm_1692534391.759968.jpg\",\"width\":1516,\"height\":844,\"caption\":\"Le chef d'\u00e9tat major g\u00e9n\u00e9ral des FAD visite une caserne en cours de r\u00e9novation destin\u00e9e \u00e0 accueillir prochainement une compagnie de commandos parachutistes\"},{\"@type\":\"BreadcrumbList\",\"@id\":\"https:\/\/www.africa-press.net\/djibouti\/politique\/le-chef-detat-major-general-des-fad-visite-une-caserne-en-cours-de-renovation-destinee-a-accueillir-prochainement-une-compagnie-de-commandos-parachutistes#breadcrumb\",\"itemListElement\":[{\"@type\":\"ListItem\",\"position\":1,\"name\":\"Accueil\",\"item\":\"https:\/\/www.africa-press.net\/djibouti\/\"},{\"@type\":\"ListItem\",\"position\":2,\"name\":\"Le chef d&#8217;\u00e9tat major g\u00e9n\u00e9ral des FAD visite une caserne en cours de r\u00e9novation destin\u00e9e \u00e0 accueillir prochainement une compagnie de commandos parachutistes\"}]},{\"@type\":\"WebSite\",\"@id\":\"https:\/\/www.africa-press.net\/djibouti\/#website\",\"url\":\"https:\/\/www.africa-press.net\/djibouti\/\",\"name\":\"Djibouti\",\"description\":\"Just another Africa News Agency Sites site\",\"potentialAction\":[{\"@type\":\"SearchAction\",\"target\":{\"@type\":\"EntryPoint\",\"urlTemplate\":\"https:\/\/www.africa-press.net\/djibouti\/?s={search_term_string}\"},\"query-input\":{\"@type\":\"PropertyValueSpecification\",\"valueRequired\":true,\"valueName\":\"search_term_string\"}}],\"inLanguage\":\"fr-FR\"},{\"@type\":\"Person\",\"@id\":\"https:\/\/www.africa-press.net\/djibouti\/#\/schema\/person\/2b1cf3cd81a31e3cd26889ca66d677f1\",\"name\":\"cfeditorfr\"}]}<\/script>\n<!-- \/ Yoast SEO Premium plugin. -->","yoast_head_json":{"title":"Le chef d'\u00e9tat major g\u00e9n\u00e9ral des FAD visite une caserne en cours de r\u00e9novation destin\u00e9e \u00e0 accueillir prochainement une compagnie de commandos parachutistes - Djibouti","description":"Le chef d'e\u0301tat-major ge\u0301ne\u0301ral des Forces arme\u0301es djiboutiennes (FAD), le ge\u0301ne\u0301ral de corps d'arme\u0301e Zakaria Cheick Ib ...","robots":{"index":"index","follow":"follow","max-snippet":"max-snippet:-1","max-image-preview":"max-image-preview:large","max-video-preview":"max-video-preview:-1"},"canonical":"https:\/\/www.africa-press.net\/djibouti\/politique\/le-chef-detat-major-general-des-fad-visite-une-caserne-en-cours-de-renovation-destinee-a-accueillir-prochainement-une-compagnie-de-commandos-parachutistes","og_locale":"fr_FR","og_type":"article","og_title":"Le chef d'\u00e9tat major g\u00e9n\u00e9ral des FAD visite une caserne en cours de r\u00e9novation destin\u00e9e \u00e0 accueillir prochainement une compagnie de commandos parachutistes","og_description":"Le chef d'e\u0301tat-major ge\u0301ne\u0301ral des Forces arme\u0301es djiboutiennes (FAD), le ge\u0301ne\u0301ral de corps d'arme\u0301e Zakaria Cheick Ib ...","og_url":"https:\/\/www.africa-press.net\/djibouti\/politique\/le-chef-detat-major-general-des-fad-visite-une-caserne-en-cours-de-renovation-destinee-a-accueillir-prochainement-une-compagnie-de-commandos-parachutistes","og_site_name":"Djibouti","article_published_time":"2023-08-20T14:33:34+00:00","article_modified_time":"2023-08-20T15:58:05+00:00","og_image":[{"width":1516,"height":844,"url":"https:\/\/static.africa-press.net\/djibouti\/sites\/52\/2023\/08\/sm_1692534391.759968.jpg","type":"image\/jpeg"}],"author":"cfeditorfr","twitter_card":"summary_large_image","twitter_misc":{"\u00c9crit par":"cfeditorfr","Dur\u00e9e de lecture estim\u00e9e":"3 minutes"},"schema":{"@context":"https:\/\/schema.org","@graph":[{"@type":"Article","@id":"https:\/\/www.africa-press.net\/djibouti\/politique\/le-chef-detat-major-general-des-fad-visite-une-caserne-en-cours-de-renovation-destinee-a-accueillir-prochainement-une-compagnie-de-commandos-parachutistes#article","isPartOf":{"@id":"https:\/\/www.africa-press.net\/djibouti\/politique\/le-chef-detat-major-general-des-fad-visite-une-caserne-en-cours-de-renovation-destinee-a-accueillir-prochainement-une-compagnie-de-commandos-parachutistes"},"author":{"name":"cfeditorfr","@id":"https:\/\/www.africa-press.net\/djibouti\/#\/schema\/person\/2b1cf3cd81a31e3cd26889ca66d677f1"},"headline":"Le chef d&rsquo;\u00e9tat major g\u00e9n\u00e9ral des FAD visite une caserne en cours de r\u00e9novation destin\u00e9e \u00e0 accueillir prochainement une compagnie de commandos parachutistes","datePublished":"2023-08-20T14:33:34+00:00","dateModified":"2023-08-20T15:58:05+00:00","mainEntityOfPage":{"@id":"https:\/\/www.africa-press.net\/djibouti\/politique\/le-chef-detat-major-general-des-fad-visite-une-caserne-en-cours-de-renovation-destinee-a-accueillir-prochainement-une-compagnie-de-commandos-parachutistes"},"wordCount":512,"commentCount":0,"image":{"@id":"https:\/\/www.africa-press.net\/djibouti\/politique\/le-chef-detat-major-general-des-fad-visite-une-caserne-en-cours-de-renovation-destinee-a-accueillir-prochainement-une-compagnie-de-commandos-parachutistes#primaryimage"},"thumbnailUrl":"https:\/\/static.africa-press.net\/djibouti\/sites\/52\/2023\/08\/sm_1692534391.759968.jpg","keywords":["Africa Press","Africa Press-Djibouti","Djibouti"],"articleSection":["Politique","Toutes les actualit\u00e9s"],"inLanguage":"fr-FR","potentialAction":[{"@type":"CommentAction","name":"Comment","target":["https:\/\/www.africa-press.net\/djibouti\/politique\/le-chef-detat-major-general-des-fad-visite-une-caserne-en-cours-de-renovation-destinee-a-accueillir-prochainement-une-compagnie-de-commandos-parachutistes#respond"]}]},{"@type":"WebPage","@id":"https:\/\/www.africa-press.net\/djibouti\/politique\/le-chef-detat-major-general-des-fad-visite-une-caserne-en-cours-de-renovation-destinee-a-accueillir-prochainement-une-compagnie-de-commandos-parachutistes","url":"https:\/\/www.africa-press.net\/djibouti\/politique\/le-chef-detat-major-general-des-fad-visite-une-caserne-en-cours-de-renovation-destinee-a-accueillir-prochainement-une-compagnie-de-commandos-parachutistes","name":"Le chef d'\u00e9tat major g\u00e9n\u00e9ral des FAD visite une caserne en cours de r\u00e9novation destin\u00e9e \u00e0 accueillir prochainement une compagnie de commandos parachutistes - Djibouti","isPartOf":{"@id":"https:\/\/www.africa-press.net\/djibouti\/#website"},"primaryImageOfPage":{"@id":"https:\/\/www.africa-press.net\/djibouti\/politique\/le-chef-detat-major-general-des-fad-visite-une-caserne-en-cours-de-renovation-destinee-a-accueillir-prochainement-une-compagnie-de-commandos-parachutistes#primaryimage"},"image":{"@id":"https:\/\/www.africa-press.net\/djibouti\/politique\/le-chef-detat-major-general-des-fad-visite-une-caserne-en-cours-de-renovation-destinee-a-accueillir-prochainement-une-compagnie-de-commandos-parachutistes#primaryimage"},"thumbnailUrl":"https:\/\/static.africa-press.net\/djibouti\/sites\/52\/2023\/08\/sm_1692534391.759968.jpg","datePublished":"2023-08-20T14:33:34+00:00","dateModified":"2023-08-20T15:58:05+00:00","author":{"@id":"https:\/\/www.africa-press.net\/djibouti\/#\/schema\/person\/2b1cf3cd81a31e3cd26889ca66d677f1"},"description":"Le chef d'e\u0301tat-major ge\u0301ne\u0301ral des Forces arme\u0301es djiboutiennes (FAD), le ge\u0301ne\u0301ral de corps d'arme\u0301e Zakaria Cheick Ib ...","breadcrumb":{"@id":"https:\/\/www.africa-press.net\/djibouti\/politique\/le-chef-detat-major-general-des-fad-visite-une-caserne-en-cours-de-renovation-destinee-a-accueillir-prochainement-une-compagnie-de-commandos-parachutistes#breadcrumb"},"inLanguage":"fr-FR","potentialAction":[{"@type":"ReadAction","target":["https:\/\/www.africa-press.net\/djibouti\/politique\/le-chef-detat-major-general-des-fad-visite-une-caserne-en-cours-de-renovation-destinee-a-accueillir-prochainement-une-compagnie-de-commandos-parachutistes"]}]},{"@type":"ImageObject","inLanguage":"fr-FR","@id":"https:\/\/www.africa-press.net\/djibouti\/politique\/le-chef-detat-major-general-des-fad-visite-une-caserne-en-cours-de-renovation-destinee-a-accueillir-prochainement-une-compagnie-de-commandos-parachutistes#primaryimage","url":"https:\/\/static.africa-press.net\/djibouti\/sites\/52\/2023\/08\/sm_1692534391.759968.jpg","contentUrl":"https:\/\/static.africa-press.net\/djibouti\/sites\/52\/2023\/08\/sm_1692534391.759968.jpg","width":1516,"height":844,"caption":"Le chef d'\u00e9tat major g\u00e9n\u00e9ral des FAD visite une caserne en cours de r\u00e9novation destin\u00e9e \u00e0 accueillir prochainement une compagnie de commandos parachutistes"},{"@type":"BreadcrumbList","@id":"https:\/\/www.africa-press.net\/djibouti\/politique\/le-chef-detat-major-general-des-fad-visite-une-caserne-en-cours-de-renovation-destinee-a-accueillir-prochainement-une-compagnie-de-commandos-parachutistes#breadcrumb","itemListElement":[{"@type":"ListItem","position":1,"name":"Accueil","item":"https:\/\/www.africa-press.net\/djibouti\/"},{"@type":"ListItem","position":2,"name":"Le chef d&#8217;\u00e9tat major g\u00e9n\u00e9ral des FAD visite une caserne en cours de r\u00e9novation destin\u00e9e \u00e0 accueillir prochainement une compagnie de commandos parachutistes"}]},{"@type":"WebSite","@id":"https:\/\/www.africa-press.net\/djibouti\/#website","url":"https:\/\/www.africa-press.net\/djibouti\/","name":"Djibouti","description":"Just another Africa News Agency Sites site","potentialAction":[{"@type":"SearchAction","target":{"@type":"EntryPoint","urlTemplate":"https:\/\/www.africa-press.net\/djibouti\/?s={search_term_string}"},"query-input":{"@type":"PropertyValueSpecification","valueRequired":true,"valueName":"search_term_string"}}],"inLanguage":"fr-FR"},{"@type":"Person","@id":"https:\/\/www.africa-press.net\/djibouti\/#\/schema\/person\/2b1cf3cd81a31e3cd26889ca66d677f1","name":"cfeditorfr"}]}},"_links":{"self":[{"href":"https:\/\/www.africa-press.net\/djibouti\/wp-json\/wp\/v2\/posts\/16886","targetHints":{"allow":["GET"]}}],"collection":[{"href":"https:\/\/www.africa-press.net\/djibouti\/wp-json\/wp\/v2\/posts"}],"about":[{"href":"https:\/\/www.africa-press.net\/djibouti\/wp-json\/wp\/v2\/types\/post"}],"author":[{"embeddable":true,"href":"https:\/\/www.africa-press.net\/djibouti\/wp-json\/wp\/v2\/users\/82"}],"replies":[{"embeddable":true,"href":"https:\/\/www.africa-press.net\/djibouti\/wp-json\/wp\/v2\/comments?post=16886"}],"version-history":[{"count":0,"href":"https:\/\/www.africa-press.net\/djibouti\/wp-json\/wp\/v2\/posts\/16886\/revisions"}],"wp:featuredmedia":[{"embeddable":true,"href":"https:\/\/www.africa-press.net\/djibouti\/wp-json\/wp\/v2\/media\/16885"}],"wp:attachment":[{"href":"https:\/\/www.africa-press.net\/djibouti\/wp-json\/wp\/v2\/media?parent=16886"}],"wp:term":[{"taxonomy":"category","embeddable":true,"href":"https:\/\/www.africa-press.net\/djibouti\/wp-json\/wp\/v2\/categories?post=16886"},{"taxonomy":"post_tag","embeddable":true,"href":"https:\/\/www.africa-press.net\/djibouti\/wp-json\/wp\/v2\/tags?post=16886"}],"curies":[{"name":"wp","href":"https:\/\/api.w.org\/{rel}","templated":true}]}}