{"id":16898,"date":"2023-08-20T14:48:57","date_gmt":"2023-08-20T14:48:57","guid":{"rendered":"https:\/\/www.africa-press.net\/djibouti\/politique\/le-president-de-la-ccd-prend-part-au-golden-business-forum-a-kigali"},"modified":"2023-08-20T16:05:12","modified_gmt":"2023-08-20T16:05:12","slug":"le-president-de-la-ccd-prend-part-au-golden-business-forum-a-kigali","status":"publish","type":"post","link":"https:\/\/www.africa-press.net\/djibouti\/economie\/le-president-de-la-ccd-prend-part-au-golden-business-forum-a-kigali","title":{"rendered":"Le pr\u00e9sident de la CCD prend part au Golden Business Forum \u00e0 Kigali"},"content":{"rendered":"<p><span style=\"color: #ff6600\"><strong>Africa-Press &#8211; Djibouti. <\/strong><\/span>Le pre\u0301sident de la Chambre de Commerce de Djibouti, M. Youssouf Moussa Dawaleh, a pris part au Golden Business Forum qui s\u2019est tenu du 16 et 17 aou\u0302t a\u0300 Kigali, au Rwanda. Le the\u0300me de cette e\u0301dition est \u00ab la cre\u0301ation de la richesse pour l\u2019Afrique a\u0300 travers l\u2019AFCFTA \u00bb.Le Pre\u0301sident de la CCD a participe\u0301 a\u0300 plusieurs panels dans lesquels il a pre\u0301sente\u0301 les atouts de Djibouti en tant que porte d\u2019entre\u0301e naturelle des pays enclave\u0301s de l\u2019Afrique centrale et Australe. Il a fait un plaidoyer afin de re\u0301duire les barrie\u0300res aux commerces et faciliter les flux transfrontaliers. Pour que la Zlecaf soit la plus efficiente possible, le pre\u0301sident de la CCD a mis l\u2019accent sur la ne\u0301cessite\u0301 impe\u0301rieuse de renforcer la formation professionnelle, de fluidifier les formalite\u0301s administratives et de s\u2019appuyer sur les avance\u0301es technologiques qu\u2019offre le nume\u0301rique.<\/p>\n<p>Dans un second panel, M. Youssouf Moussa Dawaleh a rappele\u0301 que le secteur prive\u0301 reste la pierre angulaire du de\u0301veloppement e\u0301conomique du continent. A cet effet, il estime qu\u2019il doit e\u0302tre appuye\u0301 et renforce\u0301 pour la pe\u0301rennisation d\u2019une croissance e\u0301conomique saine. Cela devra e\u0301videmment passer par un renforcement des capacite\u0301s et un meilleur acce\u0300s au financement. A cette occasion, le pre\u0301sident n\u2019a pas manque\u0301 de lancer une invitation a\u0300 l\u2019endroit des participants du forum, a\u0300 venir de\u0301couvrir les atouts de Djibouti lors de la Foire Internationale qui aura lieu du 3 au 10 de\u0301cembre prochain.<\/p>\n<p><strong>Pour plus d&rsquo;informations et d&rsquo;analyses sur la <a href=\"https:\/\/www.africa-press.net\/djibouti\">Djibouti<\/a>, suivez <a href=\"https:\/\/www.africa-press.net\/\">Africa-Press<\/a><\/strong><\/p>\n","protected":false},"excerpt":{"rendered":"<p>Africa-Press &#8211; Djibouti. Le pre\u0301sident de la Chambre de Commerce de Djibouti, M. Youssouf Moussa Dawaleh, a pris part au Golden Business Forum qui s\u2019est tenu du 16 et 17 aou\u0302t a\u0300 Kigali, au Rwanda. Le the\u0300me de cette e\u0301dition est \u00ab la cre\u0301ation de la richesse pour l\u2019Afrique a\u0300 travers l\u2019AFCFTA \u00bb.Le Pre\u0301sident de [&hellip;]<\/p>\n","protected":false},"author":82,"featured_media":16897,"comment_status":"open","ping_status":"closed","sticky":false,"template":"","format":"standard","meta":{"footnotes":""},"categories":[3,57,10],"tags":[36,49,50],"class_list":["post-16898","post","type-post","status-publish","format-standard","has-post-thumbnail","hentry","category-economie","category-to-homepage","category-toutes-les-actualites","tag-africa-press","tag-africa-press-djibouti","tag-djibouti"],"yoast_head":"<!-- This site is optimized with the Yoast SEO Premium plugin v26.1 (Yoast SEO v27.0) - https:\/\/yoast.com\/product\/yoast-seo-premium-wordpress\/ -->\n<title>Le pr\u00e9sident de la CCD prend part au Golden Business Forum \u00e0 Kigali - Djibouti<\/title>\n<meta name=\"description\" content=\"Le pre\u0301sident de la Chambre de Commerce de Djibouti, M. Youssouf Moussa Dawaleh, a pris part au Golden Business Forum qu ...\" \/>\n<meta name=\"robots\" content=\"index, follow, max-snippet:-1, max-image-preview:large, max-video-preview:-1\" \/>\n<link rel=\"canonical\" href=\"https:\/\/www.africa-press.net\/djibouti\/economie\/le-president-de-la-ccd-prend-part-au-golden-business-forum-a-kigali\" \/>\n<meta property=\"og:locale\" content=\"fr_FR\" \/>\n<meta property=\"og:type\" content=\"article\" \/>\n<meta property=\"og:title\" content=\"Le pr\u00e9sident de la CCD prend part au Golden Business Forum \u00e0 Kigali\" \/>\n<meta property=\"og:description\" content=\"Le pre\u0301sident de la Chambre de Commerce de Djibouti, M. Youssouf Moussa Dawaleh, a pris part au Golden Business Forum qu ...\" \/>\n<meta property=\"og:url\" content=\"https:\/\/www.africa-press.net\/djibouti\/economie\/le-president-de-la-ccd-prend-part-au-golden-business-forum-a-kigali\" \/>\n<meta property=\"og:site_name\" content=\"Djibouti\" \/>\n<meta property=\"article:published_time\" content=\"2023-08-20T14:48:57+00:00\" \/>\n<meta property=\"article:modified_time\" content=\"2023-08-20T16:05:12+00:00\" \/>\n<meta property=\"og:image\" content=\"https:\/\/static.africa-press.net\/djibouti\/sites\/52\/2023\/08\/sm_1692534846.625.jpg\" \/>\n\t<meta property=\"og:image:width\" content=\"720\" \/>\n\t<meta property=\"og:image:height\" content=\"314\" \/>\n\t<meta property=\"og:image:type\" content=\"image\/jpeg\" \/>\n<meta name=\"author\" content=\"cfeditorfr\" \/>\n<meta name=\"twitter:card\" content=\"summary_large_image\" \/>\n<meta name=\"twitter:label1\" content=\"\u00c9crit par\" \/>\n\t<meta name=\"twitter:data1\" content=\"cfeditorfr\" \/>\n\t<meta name=\"twitter:label2\" content=\"Dur\u00e9e de lecture estim\u00e9e\" \/>\n\t<meta name=\"twitter:data2\" content=\"2 minutes\" \/>\n<script type=\"application\/ld+json\" class=\"yoast-schema-graph\">{\"@context\":\"https:\/\/schema.org\",\"@graph\":[{\"@type\":\"Article\",\"@id\":\"https:\/\/www.africa-press.net\/djibouti\/economie\/le-president-de-la-ccd-prend-part-au-golden-business-forum-a-kigali#article\",\"isPartOf\":{\"@id\":\"https:\/\/www.africa-press.net\/djibouti\/economie\/le-president-de-la-ccd-prend-part-au-golden-business-forum-a-kigali\"},\"author\":{\"name\":\"cfeditorfr\",\"@id\":\"https:\/\/www.africa-press.net\/djibouti\/#\/schema\/person\/2b1cf3cd81a31e3cd26889ca66d677f1\"},\"headline\":\"Le pr\u00e9sident de la CCD prend part au Golden Business Forum \u00e0 Kigali\",\"datePublished\":\"2023-08-20T14:48:57+00:00\",\"dateModified\":\"2023-08-20T16:05:12+00:00\",\"mainEntityOfPage\":{\"@id\":\"https:\/\/www.africa-press.net\/djibouti\/economie\/le-president-de-la-ccd-prend-part-au-golden-business-forum-a-kigali\"},\"wordCount\":298,\"commentCount\":0,\"image\":{\"@id\":\"https:\/\/www.africa-press.net\/djibouti\/economie\/le-president-de-la-ccd-prend-part-au-golden-business-forum-a-kigali#primaryimage\"},\"thumbnailUrl\":\"https:\/\/static.africa-press.net\/djibouti\/sites\/52\/2023\/08\/sm_1692534846.625.jpg\",\"keywords\":[\"Africa Press\",\"Africa Press-Djibouti\",\"Djibouti\"],\"articleSection\":[\"\u00c9conomie\",\"to-homepage\",\"Toutes les actualit\u00e9s\"],\"inLanguage\":\"fr-FR\",\"potentialAction\":[{\"@type\":\"CommentAction\",\"name\":\"Comment\",\"target\":[\"https:\/\/www.africa-press.net\/djibouti\/economie\/le-president-de-la-ccd-prend-part-au-golden-business-forum-a-kigali#respond\"]}]},{\"@type\":\"WebPage\",\"@id\":\"https:\/\/www.africa-press.net\/djibouti\/economie\/le-president-de-la-ccd-prend-part-au-golden-business-forum-a-kigali\",\"url\":\"https:\/\/www.africa-press.net\/djibouti\/economie\/le-president-de-la-ccd-prend-part-au-golden-business-forum-a-kigali\",\"name\":\"Le pr\u00e9sident de la CCD prend part au Golden Business Forum \u00e0 Kigali - Djibouti\",\"isPartOf\":{\"@id\":\"https:\/\/www.africa-press.net\/djibouti\/#website\"},\"primaryImageOfPage\":{\"@id\":\"https:\/\/www.africa-press.net\/djibouti\/economie\/le-president-de-la-ccd-prend-part-au-golden-business-forum-a-kigali#primaryimage\"},\"image\":{\"@id\":\"https:\/\/www.africa-press.net\/djibouti\/economie\/le-president-de-la-ccd-prend-part-au-golden-business-forum-a-kigali#primaryimage\"},\"thumbnailUrl\":\"https:\/\/static.africa-press.net\/djibouti\/sites\/52\/2023\/08\/sm_1692534846.625.jpg\",\"datePublished\":\"2023-08-20T14:48:57+00:00\",\"dateModified\":\"2023-08-20T16:05:12+00:00\",\"author\":{\"@id\":\"https:\/\/www.africa-press.net\/djibouti\/#\/schema\/person\/2b1cf3cd81a31e3cd26889ca66d677f1\"},\"description\":\"Le pre\u0301sident de la Chambre de Commerce de Djibouti, M. Youssouf Moussa Dawaleh, a pris part au Golden Business Forum qu ...\",\"breadcrumb\":{\"@id\":\"https:\/\/www.africa-press.net\/djibouti\/economie\/le-president-de-la-ccd-prend-part-au-golden-business-forum-a-kigali#breadcrumb\"},\"inLanguage\":\"fr-FR\",\"potentialAction\":[{\"@type\":\"ReadAction\",\"target\":[\"https:\/\/www.africa-press.net\/djibouti\/economie\/le-president-de-la-ccd-prend-part-au-golden-business-forum-a-kigali\"]}]},{\"@type\":\"ImageObject\",\"inLanguage\":\"fr-FR\",\"@id\":\"https:\/\/www.africa-press.net\/djibouti\/economie\/le-president-de-la-ccd-prend-part-au-golden-business-forum-a-kigali#primaryimage\",\"url\":\"https:\/\/static.africa-press.net\/djibouti\/sites\/52\/2023\/08\/sm_1692534846.625.jpg\",\"contentUrl\":\"https:\/\/static.africa-press.net\/djibouti\/sites\/52\/2023\/08\/sm_1692534846.625.jpg\",\"width\":720,\"height\":314,\"caption\":\"Le pr\u00e9sident de la CCD prend part au Golden Business Forum \u00e0 Kigali\"},{\"@type\":\"BreadcrumbList\",\"@id\":\"https:\/\/www.africa-press.net\/djibouti\/economie\/le-president-de-la-ccd-prend-part-au-golden-business-forum-a-kigali#breadcrumb\",\"itemListElement\":[{\"@type\":\"ListItem\",\"position\":1,\"name\":\"Accueil\",\"item\":\"https:\/\/www.africa-press.net\/djibouti\/\"},{\"@type\":\"ListItem\",\"position\":2,\"name\":\"Le pr\u00e9sident de la CCD prend part au Golden Business Forum \u00e0 Kigali\"}]},{\"@type\":\"WebSite\",\"@id\":\"https:\/\/www.africa-press.net\/djibouti\/#website\",\"url\":\"https:\/\/www.africa-press.net\/djibouti\/\",\"name\":\"Djibouti\",\"description\":\"Just another Africa News Agency Sites site\",\"potentialAction\":[{\"@type\":\"SearchAction\",\"target\":{\"@type\":\"EntryPoint\",\"urlTemplate\":\"https:\/\/www.africa-press.net\/djibouti\/?s={search_term_string}\"},\"query-input\":{\"@type\":\"PropertyValueSpecification\",\"valueRequired\":true,\"valueName\":\"search_term_string\"}}],\"inLanguage\":\"fr-FR\"},{\"@type\":\"Person\",\"@id\":\"https:\/\/www.africa-press.net\/djibouti\/#\/schema\/person\/2b1cf3cd81a31e3cd26889ca66d677f1\",\"name\":\"cfeditorfr\"}]}<\/script>\n<!-- \/ Yoast SEO Premium plugin. -->","yoast_head_json":{"title":"Le pr\u00e9sident de la CCD prend part au Golden Business Forum \u00e0 Kigali - Djibouti","description":"Le pre\u0301sident de la Chambre de Commerce de Djibouti, M. Youssouf Moussa Dawaleh, a pris part au Golden Business Forum qu ...","robots":{"index":"index","follow":"follow","max-snippet":"max-snippet:-1","max-image-preview":"max-image-preview:large","max-video-preview":"max-video-preview:-1"},"canonical":"https:\/\/www.africa-press.net\/djibouti\/economie\/le-president-de-la-ccd-prend-part-au-golden-business-forum-a-kigali","og_locale":"fr_FR","og_type":"article","og_title":"Le pr\u00e9sident de la CCD prend part au Golden Business Forum \u00e0 Kigali","og_description":"Le pre\u0301sident de la Chambre de Commerce de Djibouti, M. Youssouf Moussa Dawaleh, a pris part au Golden Business Forum qu ...","og_url":"https:\/\/www.africa-press.net\/djibouti\/economie\/le-president-de-la-ccd-prend-part-au-golden-business-forum-a-kigali","og_site_name":"Djibouti","article_published_time":"2023-08-20T14:48:57+00:00","article_modified_time":"2023-08-20T16:05:12+00:00","og_image":[{"width":720,"height":314,"url":"https:\/\/static.africa-press.net\/djibouti\/sites\/52\/2023\/08\/sm_1692534846.625.jpg","type":"image\/jpeg"}],"author":"cfeditorfr","twitter_card":"summary_large_image","twitter_misc":{"\u00c9crit par":"cfeditorfr","Dur\u00e9e de lecture estim\u00e9e":"2 minutes"},"schema":{"@context":"https:\/\/schema.org","@graph":[{"@type":"Article","@id":"https:\/\/www.africa-press.net\/djibouti\/economie\/le-president-de-la-ccd-prend-part-au-golden-business-forum-a-kigali#article","isPartOf":{"@id":"https:\/\/www.africa-press.net\/djibouti\/economie\/le-president-de-la-ccd-prend-part-au-golden-business-forum-a-kigali"},"author":{"name":"cfeditorfr","@id":"https:\/\/www.africa-press.net\/djibouti\/#\/schema\/person\/2b1cf3cd81a31e3cd26889ca66d677f1"},"headline":"Le pr\u00e9sident de la CCD prend part au Golden Business Forum \u00e0 Kigali","datePublished":"2023-08-20T14:48:57+00:00","dateModified":"2023-08-20T16:05:12+00:00","mainEntityOfPage":{"@id":"https:\/\/www.africa-press.net\/djibouti\/economie\/le-president-de-la-ccd-prend-part-au-golden-business-forum-a-kigali"},"wordCount":298,"commentCount":0,"image":{"@id":"https:\/\/www.africa-press.net\/djibouti\/economie\/le-president-de-la-ccd-prend-part-au-golden-business-forum-a-kigali#primaryimage"},"thumbnailUrl":"https:\/\/static.africa-press.net\/djibouti\/sites\/52\/2023\/08\/sm_1692534846.625.jpg","keywords":["Africa Press","Africa Press-Djibouti","Djibouti"],"articleSection":["\u00c9conomie","to-homepage","Toutes les actualit\u00e9s"],"inLanguage":"fr-FR","potentialAction":[{"@type":"CommentAction","name":"Comment","target":["https:\/\/www.africa-press.net\/djibouti\/economie\/le-president-de-la-ccd-prend-part-au-golden-business-forum-a-kigali#respond"]}]},{"@type":"WebPage","@id":"https:\/\/www.africa-press.net\/djibouti\/economie\/le-president-de-la-ccd-prend-part-au-golden-business-forum-a-kigali","url":"https:\/\/www.africa-press.net\/djibouti\/economie\/le-president-de-la-ccd-prend-part-au-golden-business-forum-a-kigali","name":"Le pr\u00e9sident de la CCD prend part au Golden Business Forum \u00e0 Kigali - Djibouti","isPartOf":{"@id":"https:\/\/www.africa-press.net\/djibouti\/#website"},"primaryImageOfPage":{"@id":"https:\/\/www.africa-press.net\/djibouti\/economie\/le-president-de-la-ccd-prend-part-au-golden-business-forum-a-kigali#primaryimage"},"image":{"@id":"https:\/\/www.africa-press.net\/djibouti\/economie\/le-president-de-la-ccd-prend-part-au-golden-business-forum-a-kigali#primaryimage"},"thumbnailUrl":"https:\/\/static.africa-press.net\/djibouti\/sites\/52\/2023\/08\/sm_1692534846.625.jpg","datePublished":"2023-08-20T14:48:57+00:00","dateModified":"2023-08-20T16:05:12+00:00","author":{"@id":"https:\/\/www.africa-press.net\/djibouti\/#\/schema\/person\/2b1cf3cd81a31e3cd26889ca66d677f1"},"description":"Le pre\u0301sident de la Chambre de Commerce de Djibouti, M. Youssouf Moussa Dawaleh, a pris part au Golden Business Forum qu ...","breadcrumb":{"@id":"https:\/\/www.africa-press.net\/djibouti\/economie\/le-president-de-la-ccd-prend-part-au-golden-business-forum-a-kigali#breadcrumb"},"inLanguage":"fr-FR","potentialAction":[{"@type":"ReadAction","target":["https:\/\/www.africa-press.net\/djibouti\/economie\/le-president-de-la-ccd-prend-part-au-golden-business-forum-a-kigali"]}]},{"@type":"ImageObject","inLanguage":"fr-FR","@id":"https:\/\/www.africa-press.net\/djibouti\/economie\/le-president-de-la-ccd-prend-part-au-golden-business-forum-a-kigali#primaryimage","url":"https:\/\/static.africa-press.net\/djibouti\/sites\/52\/2023\/08\/sm_1692534846.625.jpg","contentUrl":"https:\/\/static.africa-press.net\/djibouti\/sites\/52\/2023\/08\/sm_1692534846.625.jpg","width":720,"height":314,"caption":"Le pr\u00e9sident de la CCD prend part au Golden Business Forum \u00e0 Kigali"},{"@type":"BreadcrumbList","@id":"https:\/\/www.africa-press.net\/djibouti\/economie\/le-president-de-la-ccd-prend-part-au-golden-business-forum-a-kigali#breadcrumb","itemListElement":[{"@type":"ListItem","position":1,"name":"Accueil","item":"https:\/\/www.africa-press.net\/djibouti\/"},{"@type":"ListItem","position":2,"name":"Le pr\u00e9sident de la CCD prend part au Golden Business Forum \u00e0 Kigali"}]},{"@type":"WebSite","@id":"https:\/\/www.africa-press.net\/djibouti\/#website","url":"https:\/\/www.africa-press.net\/djibouti\/","name":"Djibouti","description":"Just another Africa News Agency Sites site","potentialAction":[{"@type":"SearchAction","target":{"@type":"EntryPoint","urlTemplate":"https:\/\/www.africa-press.net\/djibouti\/?s={search_term_string}"},"query-input":{"@type":"PropertyValueSpecification","valueRequired":true,"valueName":"search_term_string"}}],"inLanguage":"fr-FR"},{"@type":"Person","@id":"https:\/\/www.africa-press.net\/djibouti\/#\/schema\/person\/2b1cf3cd81a31e3cd26889ca66d677f1","name":"cfeditorfr"}]}},"_links":{"self":[{"href":"https:\/\/www.africa-press.net\/djibouti\/wp-json\/wp\/v2\/posts\/16898","targetHints":{"allow":["GET"]}}],"collection":[{"href":"https:\/\/www.africa-press.net\/djibouti\/wp-json\/wp\/v2\/posts"}],"about":[{"href":"https:\/\/www.africa-press.net\/djibouti\/wp-json\/wp\/v2\/types\/post"}],"author":[{"embeddable":true,"href":"https:\/\/www.africa-press.net\/djibouti\/wp-json\/wp\/v2\/users\/82"}],"replies":[{"embeddable":true,"href":"https:\/\/www.africa-press.net\/djibouti\/wp-json\/wp\/v2\/comments?post=16898"}],"version-history":[{"count":0,"href":"https:\/\/www.africa-press.net\/djibouti\/wp-json\/wp\/v2\/posts\/16898\/revisions"}],"wp:featuredmedia":[{"embeddable":true,"href":"https:\/\/www.africa-press.net\/djibouti\/wp-json\/wp\/v2\/media\/16897"}],"wp:attachment":[{"href":"https:\/\/www.africa-press.net\/djibouti\/wp-json\/wp\/v2\/media?parent=16898"}],"wp:term":[{"taxonomy":"category","embeddable":true,"href":"https:\/\/www.africa-press.net\/djibouti\/wp-json\/wp\/v2\/categories?post=16898"},{"taxonomy":"post_tag","embeddable":true,"href":"https:\/\/www.africa-press.net\/djibouti\/wp-json\/wp\/v2\/tags?post=16898"}],"curies":[{"name":"wp","href":"https:\/\/api.w.org\/{rel}","templated":true}]}}