{"id":16911,"date":"2023-08-20T14:53:02","date_gmt":"2023-08-20T14:53:02","guid":{"rendered":"https:\/\/www.africa-press.net\/djibouti\/politique\/le-maire-de-la-capitale-recoit-une-delegation-de-la-ville-de-liaocheng"},"modified":"2023-08-20T16:06:46","modified_gmt":"2023-08-20T16:06:46","slug":"le-maire-de-la-capitale-recoit-une-delegation-de-la-ville-de-liaocheng","status":"publish","type":"post","link":"https:\/\/www.africa-press.net\/djibouti\/politique\/le-maire-de-la-capitale-recoit-une-delegation-de-la-ville-de-liaocheng","title":{"rendered":"Le maire de la capitale re\u00e7oit une d\u00e9l\u00e9gation de la ville de Liaocheng"},"content":{"rendered":"<p><span style=\"color: #ff6600\"><strong>Africa-Press &#8211; Djibouti. <\/strong><\/span>Le maire de la capitale, Sai\u0308d Daoud Mohamed, a rec\u0327u jeudi dernier dans son cabinet une forte de\u0301le\u0301gation chinoise de la ville de Liaocheng, conduite par le maire adjoint, M. Liu Wenqiang. La de\u0301le\u0301gation e\u0301tait compose\u0301e de cadres administratifs ainsi que des personnalite\u0301s du monde des affaires de la ville Liaocheng.Apre\u0300s les mots de bienvenue, ce fut l\u2019occasion pour le maire de la capitale et la de\u0301le\u0301gation chinoise de discuter des relations de fraternite\u0301 et de coope\u0301ration entre Djibouti et la re\u0301publique populaire de Chine ainsi que des voies et moyens de les renforcer davantage.Le maire adjoint de Liaocheng a tenu a\u0300 remercier l\u2019e\u0301dile de la ville pour son accueil chaleureux et fraternel, a\u0300 lui et a\u0300 sa de\u0301le\u0301gation.<\/p>\n<p>Prenant la parole en premier, l\u2019e\u0301dile de la capitale a discute\u0301 avec la de\u0301le\u0301gation chinoise d\u2019innombrables projets importants porte\u0301s par la municipalite\u0301 de la ville, tel que le projet phare intitule\u0301 \u00ab Ze\u0301ro de\u0301chets \u00bb ainsi que la ne\u0301cessite\u0301 de mettre en place un me\u0301canisme de coope\u0301ration de\u0301centralise\u0301e visant a\u0300 jumeler les deux villes, Djibouti et Liaocheng.Le maire de la capitale a exhorte\u0301 par la me\u0302me occasion les hommes d\u2019affaires de Liaocheng a\u0300 investirdans plusieurs domaines visant a\u0300 ame\u0301liorer le cadre de vie de la population citadine, notamment dans le recyclage des de\u0301chets solides et liquides urbains, le transport en commun municipal, le smart city ainsi que l\u2019embellissement de la capitale. Les deux parties sont convenues de la mise en place d\u2019une e\u0301quipe conjointe pour pre\u0301parer un me\u0301morandum d\u2019entente de jumelage qui ouvrira la voie entre les deux villes.<\/p>\n\r\n                <style type=\"text\/css\">\r\n                    \r\n                    #td_uid_1_69ee56b36d1ff  .td-doubleSlider-2 .td-item1 {\r\n                        background: url(https:\/\/static.africa-press.net\/djibouti\/sites\/52\/2023\/08\/sm_1692534923.603292-80x60.jpg) 0 0 no-repeat;\r\n                    }\r\n                    #td_uid_1_69ee56b36d1ff  .td-doubleSlider-2 .td-item2 {\r\n                        background: url(https:\/\/static.africa-press.net\/djibouti\/sites\/52\/2023\/08\/sm_1692534937.715777-80x60.jpg) 0 0 no-repeat;\r\n                    }\r\n                    #td_uid_1_69ee56b36d1ff  .td-doubleSlider-2 .td-item3 {\r\n                        background: url(https:\/\/static.africa-press.net\/djibouti\/sites\/52\/2023\/08\/sm_1692534950.033517-80x60.jpg) 0 0 no-repeat;\r\n                    }\r\n                <\/style>\r\n\r\n                <div id=\"td_uid_1_69ee56b36d1ff\" class=\"td-gallery td-slide-on-2-columns\">\r\n                    <div class=\"post_td_gallery\">\r\n                        <div class=\"td-gallery-slide-top\">\r\n                           <div class=\"td-gallery-title\"><\/div>\r\n\r\n                            <div class=\"td-gallery-controls-wrapper\">\r\n                                <div class=\"td-gallery-slide-count\"><span class=\"td-gallery-slide-item-focus\">1<\/span> de 3<\/div>\r\n                                <div class=\"td-gallery-slide-prev-next-but\">\r\n                                    <i class = \"td-icon-left doubleSliderPrevButton\"><\/i>\r\n                                    <i class = \"td-icon-right doubleSliderNextButton\"><\/i>\r\n                                <\/div>\r\n                            <\/div>\r\n                        <\/div>\r\n\r\n                        <div class = \"td-doubleSlider-1 \">\r\n                            <div class = \"td-slider\">\r\n                                \r\n                    <div class = \"td-slide-item td-item1\">\r\n                        <figure class=\"td-slide-galery-figure td-slide-popup-gallery\">\r\n                            <a class=\"slide-gallery-image-link\" href=\"https:\/\/static.africa-press.net\/djibouti\/sites\/52\/2023\/08\/sm_1692534923.603292.jpg\" title=\"sm_1692534923.603292\"  data-caption=\"\"  data-description=\"\">\r\n                                <img decoding=\"async\" src=\"https:\/\/static.africa-press.net\/djibouti\/sites\/52\/2023\/08\/sm_1692534923.603292.jpg\" srcset=\"https:\/\/static.africa-press.net\/djibouti\/sites\/52\/2023\/08\/sm_1692534923.603292.jpg 683w, https:\/\/static.africa-press.net\/djibouti\/sites\/52\/2023\/08\/sm_1692534923.603292-200x300.jpg 200w\" sizes=\"(max-width: 683px) 100vw, 683px\" alt=\"\">\r\n                            <\/a>\r\n                            \r\n                        <\/figure>\r\n                    <\/div>\r\n                    <div class = \"td-slide-item td-item2\">\r\n                        <figure class=\"td-slide-galery-figure td-slide-popup-gallery\">\r\n                            <a class=\"slide-gallery-image-link\" href=\"https:\/\/static.africa-press.net\/djibouti\/sites\/52\/2023\/08\/sm_1692534937.715777.jpg\" title=\"sm_1692534937.715777\"  data-caption=\"\"  data-description=\"\">\r\n                                <img decoding=\"async\" src=\"https:\/\/static.africa-press.net\/djibouti\/sites\/52\/2023\/08\/sm_1692534937.715777.jpg\" srcset=\"https:\/\/static.africa-press.net\/djibouti\/sites\/52\/2023\/08\/sm_1692534937.715777.jpg 696w, https:\/\/static.africa-press.net\/djibouti\/sites\/52\/2023\/08\/sm_1692534937.715777-300x200.jpg 300w\" sizes=\"(max-width: 696px) 100vw, 696px\" alt=\"\">\r\n                            <\/a>\r\n                            \r\n                        <\/figure>\r\n                    <\/div>\r\n                    <div class = \"td-slide-item td-item3\">\r\n                        <figure class=\"td-slide-galery-figure td-slide-popup-gallery\">\r\n                            <a class=\"slide-gallery-image-link\" href=\"https:\/\/static.africa-press.net\/djibouti\/sites\/52\/2023\/08\/sm_1692534950.033517.jpg\" title=\"sm_1692534950.033517\"  data-caption=\"\"  data-description=\"\">\r\n                                <img decoding=\"async\" src=\"https:\/\/static.africa-press.net\/djibouti\/sites\/52\/2023\/08\/sm_1692534950.033517.jpg\" srcset=\"https:\/\/static.africa-press.net\/djibouti\/sites\/52\/2023\/08\/sm_1692534950.033517.jpg 696w, https:\/\/static.africa-press.net\/djibouti\/sites\/52\/2023\/08\/sm_1692534950.033517-300x200.jpg 300w\" sizes=\"(max-width: 696px) 100vw, 696px\" alt=\"\">\r\n                            <\/a>\r\n                            \r\n                        <\/figure>\r\n                    <\/div>\r\n                            <\/div>\r\n                        <\/div>\r\n\r\n                        <div class = \"td-doubleSlider-2\">\r\n                            <div class = \"td-slider\">\r\n                                \r\n                    <div class = \"td-button td-item1\">\r\n                        <div class = \"td-border\"><\/div>\r\n                    <\/div>\r\n                    <div class = \"td-button td-item2\">\r\n                        <div class = \"td-border\"><\/div>\r\n                    <\/div>\r\n                    <div class = \"td-button td-item3\">\r\n                        <div class = \"td-border\"><\/div>\r\n                    <\/div>\r\n                            <\/div>\r\n                        <\/div>\r\n\r\n                    <\/div>\r\n\r\n                <\/div>\r\n                \n<p><strong>Pour plus d&rsquo;informations et d&rsquo;analyses sur la <a href=\"https:\/\/www.africa-press.net\/djibouti\">Djibouti<\/a>, suivez <a href=\"https:\/\/www.africa-press.net\/\">Africa-Press<\/a><\/strong><\/p>\n","protected":false},"excerpt":{"rendered":"<p>Africa-Press &#8211; Djibouti. Le maire de la capitale, Sai\u0308d Daoud Mohamed, a rec\u0327u jeudi dernier dans son cabinet une forte de\u0301le\u0301gation chinoise de la ville de Liaocheng, conduite par le maire adjoint, M. Liu Wenqiang. La de\u0301le\u0301gation e\u0301tait compose\u0301e de cadres administratifs ainsi que des personnalite\u0301s du monde des affaires de la ville Liaocheng.Apre\u0300s les [&hellip;]<\/p>\n","protected":false},"author":82,"featured_media":16910,"comment_status":"open","ping_status":"closed","sticky":false,"template":"","format":"standard","meta":{"footnotes":""},"categories":[8,2,10],"tags":[36,49,50],"class_list":["post-16911","post","type-post","status-publish","format-standard","has-post-thumbnail","hentry","category-photo","category-politique","category-toutes-les-actualites","tag-africa-press","tag-africa-press-djibouti","tag-djibouti"],"yoast_head":"<!-- This site is optimized with the Yoast SEO Premium plugin v26.1 (Yoast SEO v27.0) - https:\/\/yoast.com\/product\/yoast-seo-premium-wordpress\/ -->\n<title>Le maire de la capitale re\u00e7oit une d\u00e9l\u00e9gation de la ville de Liaocheng - Djibouti<\/title>\n<meta name=\"description\" content=\"Le maire de la capitale, Sai\u0308d Daoud Mohamed, a rec\u0327u jeudi dernier dans son cabinet une forte de\u0301le\u0301gation chinoise de ...\" \/>\n<meta name=\"robots\" content=\"index, follow, max-snippet:-1, max-image-preview:large, max-video-preview:-1\" \/>\n<link rel=\"canonical\" href=\"https:\/\/www.africa-press.net\/djibouti\/politique\/le-maire-de-la-capitale-recoit-une-delegation-de-la-ville-de-liaocheng\" \/>\n<meta property=\"og:locale\" content=\"fr_FR\" \/>\n<meta property=\"og:type\" content=\"article\" \/>\n<meta property=\"og:title\" content=\"Le maire de la capitale re\u00e7oit une d\u00e9l\u00e9gation de la ville de Liaocheng\" \/>\n<meta property=\"og:description\" content=\"Le maire de la capitale, Sai\u0308d Daoud Mohamed, a rec\u0327u jeudi dernier dans son cabinet une forte de\u0301le\u0301gation chinoise de ...\" \/>\n<meta property=\"og:url\" content=\"https:\/\/www.africa-press.net\/djibouti\/politique\/le-maire-de-la-capitale-recoit-une-delegation-de-la-ville-de-liaocheng\" \/>\n<meta property=\"og:site_name\" content=\"Djibouti\" \/>\n<meta property=\"article:published_time\" content=\"2023-08-20T14:53:02+00:00\" \/>\n<meta property=\"article:modified_time\" content=\"2023-08-20T16:06:46+00:00\" \/>\n<meta property=\"og:image\" content=\"https:\/\/static.africa-press.net\/djibouti\/sites\/52\/2023\/08\/sm_1692534961.93731.jpg\" \/>\n\t<meta property=\"og:image:width\" content=\"720\" \/>\n\t<meta property=\"og:image:height\" content=\"480\" \/>\n\t<meta property=\"og:image:type\" content=\"image\/jpeg\" \/>\n<meta name=\"author\" content=\"cfeditorfr\" \/>\n<meta name=\"twitter:card\" content=\"summary_large_image\" \/>\n<meta name=\"twitter:label1\" content=\"\u00c9crit par\" \/>\n\t<meta name=\"twitter:data1\" content=\"cfeditorfr\" \/>\n\t<meta name=\"twitter:label2\" content=\"Dur\u00e9e de lecture estim\u00e9e\" \/>\n\t<meta name=\"twitter:data2\" content=\"2 minutes\" \/>\n<script type=\"application\/ld+json\" class=\"yoast-schema-graph\">{\"@context\":\"https:\/\/schema.org\",\"@graph\":[{\"@type\":\"Article\",\"@id\":\"https:\/\/www.africa-press.net\/djibouti\/politique\/le-maire-de-la-capitale-recoit-une-delegation-de-la-ville-de-liaocheng#article\",\"isPartOf\":{\"@id\":\"https:\/\/www.africa-press.net\/djibouti\/politique\/le-maire-de-la-capitale-recoit-une-delegation-de-la-ville-de-liaocheng\"},\"author\":{\"name\":\"cfeditorfr\",\"@id\":\"https:\/\/www.africa-press.net\/djibouti\/#\/schema\/person\/2b1cf3cd81a31e3cd26889ca66d677f1\"},\"headline\":\"Le maire de la capitale re\u00e7oit une d\u00e9l\u00e9gation de la ville de Liaocheng\",\"datePublished\":\"2023-08-20T14:53:02+00:00\",\"dateModified\":\"2023-08-20T16:06:46+00:00\",\"mainEntityOfPage\":{\"@id\":\"https:\/\/www.africa-press.net\/djibouti\/politique\/le-maire-de-la-capitale-recoit-une-delegation-de-la-ville-de-liaocheng\"},\"wordCount\":342,\"commentCount\":0,\"image\":{\"@id\":\"https:\/\/www.africa-press.net\/djibouti\/politique\/le-maire-de-la-capitale-recoit-une-delegation-de-la-ville-de-liaocheng#primaryimage\"},\"thumbnailUrl\":\"https:\/\/static.africa-press.net\/djibouti\/sites\/52\/2023\/08\/sm_1692534961.93731.jpg\",\"keywords\":[\"Africa Press\",\"Africa Press-Djibouti\",\"Djibouti\"],\"articleSection\":[\"Photo\",\"Politique\",\"Toutes les actualit\u00e9s\"],\"inLanguage\":\"fr-FR\",\"potentialAction\":[{\"@type\":\"CommentAction\",\"name\":\"Comment\",\"target\":[\"https:\/\/www.africa-press.net\/djibouti\/politique\/le-maire-de-la-capitale-recoit-une-delegation-de-la-ville-de-liaocheng#respond\"]}]},{\"@type\":\"WebPage\",\"@id\":\"https:\/\/www.africa-press.net\/djibouti\/politique\/le-maire-de-la-capitale-recoit-une-delegation-de-la-ville-de-liaocheng\",\"url\":\"https:\/\/www.africa-press.net\/djibouti\/politique\/le-maire-de-la-capitale-recoit-une-delegation-de-la-ville-de-liaocheng\",\"name\":\"Le maire de la capitale re\u00e7oit une d\u00e9l\u00e9gation de la ville de Liaocheng - Djibouti\",\"isPartOf\":{\"@id\":\"https:\/\/www.africa-press.net\/djibouti\/#website\"},\"primaryImageOfPage\":{\"@id\":\"https:\/\/www.africa-press.net\/djibouti\/politique\/le-maire-de-la-capitale-recoit-une-delegation-de-la-ville-de-liaocheng#primaryimage\"},\"image\":{\"@id\":\"https:\/\/www.africa-press.net\/djibouti\/politique\/le-maire-de-la-capitale-recoit-une-delegation-de-la-ville-de-liaocheng#primaryimage\"},\"thumbnailUrl\":\"https:\/\/static.africa-press.net\/djibouti\/sites\/52\/2023\/08\/sm_1692534961.93731.jpg\",\"datePublished\":\"2023-08-20T14:53:02+00:00\",\"dateModified\":\"2023-08-20T16:06:46+00:00\",\"author\":{\"@id\":\"https:\/\/www.africa-press.net\/djibouti\/#\/schema\/person\/2b1cf3cd81a31e3cd26889ca66d677f1\"},\"description\":\"Le maire de la capitale, Sai\u0308d Daoud Mohamed, a rec\u0327u jeudi dernier dans son cabinet une forte de\u0301le\u0301gation chinoise de ...\",\"breadcrumb\":{\"@id\":\"https:\/\/www.africa-press.net\/djibouti\/politique\/le-maire-de-la-capitale-recoit-une-delegation-de-la-ville-de-liaocheng#breadcrumb\"},\"inLanguage\":\"fr-FR\",\"potentialAction\":[{\"@type\":\"ReadAction\",\"target\":[\"https:\/\/www.africa-press.net\/djibouti\/politique\/le-maire-de-la-capitale-recoit-une-delegation-de-la-ville-de-liaocheng\"]}]},{\"@type\":\"ImageObject\",\"inLanguage\":\"fr-FR\",\"@id\":\"https:\/\/www.africa-press.net\/djibouti\/politique\/le-maire-de-la-capitale-recoit-une-delegation-de-la-ville-de-liaocheng#primaryimage\",\"url\":\"https:\/\/static.africa-press.net\/djibouti\/sites\/52\/2023\/08\/sm_1692534961.93731.jpg\",\"contentUrl\":\"https:\/\/static.africa-press.net\/djibouti\/sites\/52\/2023\/08\/sm_1692534961.93731.jpg\",\"width\":720,\"height\":480,\"caption\":\"Le maire de la capitale re\u00e7oit une d\u00e9l\u00e9gation de la ville de Liaocheng\"},{\"@type\":\"BreadcrumbList\",\"@id\":\"https:\/\/www.africa-press.net\/djibouti\/politique\/le-maire-de-la-capitale-recoit-une-delegation-de-la-ville-de-liaocheng#breadcrumb\",\"itemListElement\":[{\"@type\":\"ListItem\",\"position\":1,\"name\":\"Accueil\",\"item\":\"https:\/\/www.africa-press.net\/djibouti\/\"},{\"@type\":\"ListItem\",\"position\":2,\"name\":\"Le maire de la capitale re\u00e7oit une d\u00e9l\u00e9gation de la ville de Liaocheng\"}]},{\"@type\":\"WebSite\",\"@id\":\"https:\/\/www.africa-press.net\/djibouti\/#website\",\"url\":\"https:\/\/www.africa-press.net\/djibouti\/\",\"name\":\"Djibouti\",\"description\":\"Just another Africa News Agency Sites site\",\"potentialAction\":[{\"@type\":\"SearchAction\",\"target\":{\"@type\":\"EntryPoint\",\"urlTemplate\":\"https:\/\/www.africa-press.net\/djibouti\/?s={search_term_string}\"},\"query-input\":{\"@type\":\"PropertyValueSpecification\",\"valueRequired\":true,\"valueName\":\"search_term_string\"}}],\"inLanguage\":\"fr-FR\"},{\"@type\":\"Person\",\"@id\":\"https:\/\/www.africa-press.net\/djibouti\/#\/schema\/person\/2b1cf3cd81a31e3cd26889ca66d677f1\",\"name\":\"cfeditorfr\"}]}<\/script>\n<!-- \/ Yoast SEO Premium plugin. -->","yoast_head_json":{"title":"Le maire de la capitale re\u00e7oit une d\u00e9l\u00e9gation de la ville de Liaocheng - Djibouti","description":"Le maire de la capitale, Sai\u0308d Daoud Mohamed, a rec\u0327u jeudi dernier dans son cabinet une forte de\u0301le\u0301gation chinoise de ...","robots":{"index":"index","follow":"follow","max-snippet":"max-snippet:-1","max-image-preview":"max-image-preview:large","max-video-preview":"max-video-preview:-1"},"canonical":"https:\/\/www.africa-press.net\/djibouti\/politique\/le-maire-de-la-capitale-recoit-une-delegation-de-la-ville-de-liaocheng","og_locale":"fr_FR","og_type":"article","og_title":"Le maire de la capitale re\u00e7oit une d\u00e9l\u00e9gation de la ville de Liaocheng","og_description":"Le maire de la capitale, Sai\u0308d Daoud Mohamed, a rec\u0327u jeudi dernier dans son cabinet une forte de\u0301le\u0301gation chinoise de ...","og_url":"https:\/\/www.africa-press.net\/djibouti\/politique\/le-maire-de-la-capitale-recoit-une-delegation-de-la-ville-de-liaocheng","og_site_name":"Djibouti","article_published_time":"2023-08-20T14:53:02+00:00","article_modified_time":"2023-08-20T16:06:46+00:00","og_image":[{"width":720,"height":480,"url":"https:\/\/static.africa-press.net\/djibouti\/sites\/52\/2023\/08\/sm_1692534961.93731.jpg","type":"image\/jpeg"}],"author":"cfeditorfr","twitter_card":"summary_large_image","twitter_misc":{"\u00c9crit par":"cfeditorfr","Dur\u00e9e de lecture estim\u00e9e":"2 minutes"},"schema":{"@context":"https:\/\/schema.org","@graph":[{"@type":"Article","@id":"https:\/\/www.africa-press.net\/djibouti\/politique\/le-maire-de-la-capitale-recoit-une-delegation-de-la-ville-de-liaocheng#article","isPartOf":{"@id":"https:\/\/www.africa-press.net\/djibouti\/politique\/le-maire-de-la-capitale-recoit-une-delegation-de-la-ville-de-liaocheng"},"author":{"name":"cfeditorfr","@id":"https:\/\/www.africa-press.net\/djibouti\/#\/schema\/person\/2b1cf3cd81a31e3cd26889ca66d677f1"},"headline":"Le maire de la capitale re\u00e7oit une d\u00e9l\u00e9gation de la ville de Liaocheng","datePublished":"2023-08-20T14:53:02+00:00","dateModified":"2023-08-20T16:06:46+00:00","mainEntityOfPage":{"@id":"https:\/\/www.africa-press.net\/djibouti\/politique\/le-maire-de-la-capitale-recoit-une-delegation-de-la-ville-de-liaocheng"},"wordCount":342,"commentCount":0,"image":{"@id":"https:\/\/www.africa-press.net\/djibouti\/politique\/le-maire-de-la-capitale-recoit-une-delegation-de-la-ville-de-liaocheng#primaryimage"},"thumbnailUrl":"https:\/\/static.africa-press.net\/djibouti\/sites\/52\/2023\/08\/sm_1692534961.93731.jpg","keywords":["Africa Press","Africa Press-Djibouti","Djibouti"],"articleSection":["Photo","Politique","Toutes les actualit\u00e9s"],"inLanguage":"fr-FR","potentialAction":[{"@type":"CommentAction","name":"Comment","target":["https:\/\/www.africa-press.net\/djibouti\/politique\/le-maire-de-la-capitale-recoit-une-delegation-de-la-ville-de-liaocheng#respond"]}]},{"@type":"WebPage","@id":"https:\/\/www.africa-press.net\/djibouti\/politique\/le-maire-de-la-capitale-recoit-une-delegation-de-la-ville-de-liaocheng","url":"https:\/\/www.africa-press.net\/djibouti\/politique\/le-maire-de-la-capitale-recoit-une-delegation-de-la-ville-de-liaocheng","name":"Le maire de la capitale re\u00e7oit une d\u00e9l\u00e9gation de la ville de Liaocheng - Djibouti","isPartOf":{"@id":"https:\/\/www.africa-press.net\/djibouti\/#website"},"primaryImageOfPage":{"@id":"https:\/\/www.africa-press.net\/djibouti\/politique\/le-maire-de-la-capitale-recoit-une-delegation-de-la-ville-de-liaocheng#primaryimage"},"image":{"@id":"https:\/\/www.africa-press.net\/djibouti\/politique\/le-maire-de-la-capitale-recoit-une-delegation-de-la-ville-de-liaocheng#primaryimage"},"thumbnailUrl":"https:\/\/static.africa-press.net\/djibouti\/sites\/52\/2023\/08\/sm_1692534961.93731.jpg","datePublished":"2023-08-20T14:53:02+00:00","dateModified":"2023-08-20T16:06:46+00:00","author":{"@id":"https:\/\/www.africa-press.net\/djibouti\/#\/schema\/person\/2b1cf3cd81a31e3cd26889ca66d677f1"},"description":"Le maire de la capitale, Sai\u0308d Daoud Mohamed, a rec\u0327u jeudi dernier dans son cabinet une forte de\u0301le\u0301gation chinoise de ...","breadcrumb":{"@id":"https:\/\/www.africa-press.net\/djibouti\/politique\/le-maire-de-la-capitale-recoit-une-delegation-de-la-ville-de-liaocheng#breadcrumb"},"inLanguage":"fr-FR","potentialAction":[{"@type":"ReadAction","target":["https:\/\/www.africa-press.net\/djibouti\/politique\/le-maire-de-la-capitale-recoit-une-delegation-de-la-ville-de-liaocheng"]}]},{"@type":"ImageObject","inLanguage":"fr-FR","@id":"https:\/\/www.africa-press.net\/djibouti\/politique\/le-maire-de-la-capitale-recoit-une-delegation-de-la-ville-de-liaocheng#primaryimage","url":"https:\/\/static.africa-press.net\/djibouti\/sites\/52\/2023\/08\/sm_1692534961.93731.jpg","contentUrl":"https:\/\/static.africa-press.net\/djibouti\/sites\/52\/2023\/08\/sm_1692534961.93731.jpg","width":720,"height":480,"caption":"Le maire de la capitale re\u00e7oit une d\u00e9l\u00e9gation de la ville de Liaocheng"},{"@type":"BreadcrumbList","@id":"https:\/\/www.africa-press.net\/djibouti\/politique\/le-maire-de-la-capitale-recoit-une-delegation-de-la-ville-de-liaocheng#breadcrumb","itemListElement":[{"@type":"ListItem","position":1,"name":"Accueil","item":"https:\/\/www.africa-press.net\/djibouti\/"},{"@type":"ListItem","position":2,"name":"Le maire de la capitale re\u00e7oit une d\u00e9l\u00e9gation de la ville de Liaocheng"}]},{"@type":"WebSite","@id":"https:\/\/www.africa-press.net\/djibouti\/#website","url":"https:\/\/www.africa-press.net\/djibouti\/","name":"Djibouti","description":"Just another Africa News Agency Sites site","potentialAction":[{"@type":"SearchAction","target":{"@type":"EntryPoint","urlTemplate":"https:\/\/www.africa-press.net\/djibouti\/?s={search_term_string}"},"query-input":{"@type":"PropertyValueSpecification","valueRequired":true,"valueName":"search_term_string"}}],"inLanguage":"fr-FR"},{"@type":"Person","@id":"https:\/\/www.africa-press.net\/djibouti\/#\/schema\/person\/2b1cf3cd81a31e3cd26889ca66d677f1","name":"cfeditorfr"}]}},"_links":{"self":[{"href":"https:\/\/www.africa-press.net\/djibouti\/wp-json\/wp\/v2\/posts\/16911","targetHints":{"allow":["GET"]}}],"collection":[{"href":"https:\/\/www.africa-press.net\/djibouti\/wp-json\/wp\/v2\/posts"}],"about":[{"href":"https:\/\/www.africa-press.net\/djibouti\/wp-json\/wp\/v2\/types\/post"}],"author":[{"embeddable":true,"href":"https:\/\/www.africa-press.net\/djibouti\/wp-json\/wp\/v2\/users\/82"}],"replies":[{"embeddable":true,"href":"https:\/\/www.africa-press.net\/djibouti\/wp-json\/wp\/v2\/comments?post=16911"}],"version-history":[{"count":0,"href":"https:\/\/www.africa-press.net\/djibouti\/wp-json\/wp\/v2\/posts\/16911\/revisions"}],"wp:featuredmedia":[{"embeddable":true,"href":"https:\/\/www.africa-press.net\/djibouti\/wp-json\/wp\/v2\/media\/16910"}],"wp:attachment":[{"href":"https:\/\/www.africa-press.net\/djibouti\/wp-json\/wp\/v2\/media?parent=16911"}],"wp:term":[{"taxonomy":"category","embeddable":true,"href":"https:\/\/www.africa-press.net\/djibouti\/wp-json\/wp\/v2\/categories?post=16911"},{"taxonomy":"post_tag","embeddable":true,"href":"https:\/\/www.africa-press.net\/djibouti\/wp-json\/wp\/v2\/tags?post=16911"}],"curies":[{"name":"wp","href":"https:\/\/api.w.org\/{rel}","templated":true}]}}