{"id":16919,"date":"2023-08-20T14:54:19","date_gmt":"2023-08-20T14:54:19","guid":{"rendered":"https:\/\/www.africa-press.net\/djibouti\/politique\/forum-international-militaro-technique-de-moscou-une-importante-delegation-djiboutienne-conduite-par-le-chef-detat-major-general-des-fad-y-a-pris-part"},"modified":"2023-08-20T16:07:44","modified_gmt":"2023-08-20T16:07:44","slug":"forum-international-militaro-technique-de-moscou-une-importante-delegation-djiboutienne-conduite-par-le-chef-detat-major-general-des-fad-y-a-pris-part","status":"publish","type":"post","link":"https:\/\/www.africa-press.net\/djibouti\/politique\/forum-international-militaro-technique-de-moscou-une-importante-delegation-djiboutienne-conduite-par-le-chef-detat-major-general-des-fad-y-a-pris-part","title":{"rendered":"Forum international militaro-technique de Moscou : Une importante d\u00e9l\u00e9gation djiboutienne conduite par le chef d\u2019\u00e9tat-major g\u00e9n\u00e9ral des FAD y a pris part"},"content":{"rendered":"<p><span style=\"color: #ff6600\"><strong>Africa-Press &#8211; Djibouti. <\/strong><\/span>Le chef d\u2019e\u0301tat-major ge\u0301ne\u0301ral des forces arme\u0301es djiboutiennes (FAD), le ge\u0301ne\u0301ral de corps d\u2019arme\u0301e Zakaria Cheick Ibrahim, a\u0300 la te\u0302te d\u2019une importante de\u0301le\u0301gation, a participe\u0301 au Forum international militaro technique qui s\u2019est tenu du 13 au 16 aou\u0302t dernier a\u0300 Moscou, en Russie. Cette participation a e\u0301te\u0301 marque\u0301e par des e\u0301changes constructifs, des rencontres bilate\u0301rales et des discussions sur les de\u0301veloppements technologiques et les innovations dans le domaine militaire.<\/p>\n<p>Ce forum, un e\u0301ve\u0301nement de renomme\u0301e mondiale dans le domaine de la technologie militaire, a re\u0301uni des repre\u0301sentants de nombreux pays et des experts du secteur de la de\u0301fense. L\u2019objectif e\u0301tait de partager les dernie\u0300res avance\u0301es en matie\u0300re d\u2019e\u0301quipements et de syste\u0300mes de de\u0301fense, ainsi que de promouvoir la coope\u0301ration et l\u2019e\u0301change d\u2019expertise entre les nations participantes.<\/p>\n<p>Il faut souligner que la de\u0301le\u0301gation djiboutienne a eu l\u2019opportunite\u0301 de participer a\u0300 des se\u0301minaires, des pre\u0301sentations techniques et des de\u0301monstrations pratiques de mate\u0301riels militaires de pointe. Ces interactions ont permis au chef d\u2019e\u0301tat-major ge\u0301ne\u0301ral des FAD et a\u0300 son e\u0301quipe d\u2019explorer des opportunite\u0301s de renforcement des me\u0301canismes de de\u0301fense nationale.<\/p>\n\r\n                <style type=\"text\/css\">\r\n                    \r\n                    #td_uid_1_69ee56a92c60b  .td-doubleSlider-2 .td-item1 {\r\n                        background: url(https:\/\/static.africa-press.net\/djibouti\/sites\/52\/2023\/08\/sm_1692535015.433169-80x60.jpg) 0 0 no-repeat;\r\n                    }\r\n                    #td_uid_1_69ee56a92c60b  .td-doubleSlider-2 .td-item2 {\r\n                        background: url(https:\/\/static.africa-press.net\/djibouti\/sites\/52\/2023\/08\/sm_1692535026.406246-80x60.jpg) 0 0 no-repeat;\r\n                    }\r\n                <\/style>\r\n\r\n                <div id=\"td_uid_1_69ee56a92c60b\" class=\"td-gallery td-slide-on-2-columns\">\r\n                    <div class=\"post_td_gallery\">\r\n                        <div class=\"td-gallery-slide-top\">\r\n                           <div class=\"td-gallery-title\"><\/div>\r\n\r\n                            <div class=\"td-gallery-controls-wrapper\">\r\n                                <div class=\"td-gallery-slide-count\"><span class=\"td-gallery-slide-item-focus\">1<\/span> de 2<\/div>\r\n                                <div class=\"td-gallery-slide-prev-next-but\">\r\n                                    <i class = \"td-icon-left doubleSliderPrevButton\"><\/i>\r\n                                    <i class = \"td-icon-right doubleSliderNextButton\"><\/i>\r\n                                <\/div>\r\n                            <\/div>\r\n                        <\/div>\r\n\r\n                        <div class = \"td-doubleSlider-1 \">\r\n                            <div class = \"td-slider\">\r\n                                \r\n                    <div class = \"td-slide-item td-item1\">\r\n                        <figure class=\"td-slide-galery-figure td-slide-popup-gallery\">\r\n                            <a class=\"slide-gallery-image-link\" href=\"https:\/\/static.africa-press.net\/djibouti\/sites\/52\/2023\/08\/sm_1692535015.433169.jpg\" title=\"sm_1692535015.433169\"  data-caption=\"\"  data-description=\"\">\r\n                                <img decoding=\"async\" src=\"https:\/\/static.africa-press.net\/djibouti\/sites\/52\/2023\/08\/sm_1692535015.433169.jpg\" srcset=\"https:\/\/static.africa-press.net\/djibouti\/sites\/52\/2023\/08\/sm_1692535015.433169.jpg 1024w, https:\/\/static.africa-press.net\/djibouti\/sites\/52\/2023\/08\/sm_1692535015.433169-300x168.jpg 300w, https:\/\/static.africa-press.net\/djibouti\/sites\/52\/2023\/08\/sm_1692535015.433169-768x431.jpg 768w\" sizes=\"(max-width: 1024px) 100vw, 1024px\" alt=\"\">\r\n                            <\/a>\r\n                            \r\n                        <\/figure>\r\n                    <\/div>\r\n                    <div class = \"td-slide-item td-item2\">\r\n                        <figure class=\"td-slide-galery-figure td-slide-popup-gallery\">\r\n                            <a class=\"slide-gallery-image-link\" href=\"https:\/\/static.africa-press.net\/djibouti\/sites\/52\/2023\/08\/sm_1692535026.406246.jpg\" title=\"sm_1692535026.406246\"  data-caption=\"\"  data-description=\"\">\r\n                                <img decoding=\"async\" src=\"https:\/\/static.africa-press.net\/djibouti\/sites\/52\/2023\/08\/sm_1692535026.406246.jpg\" srcset=\"https:\/\/static.africa-press.net\/djibouti\/sites\/52\/2023\/08\/sm_1692535026.406246.jpg 1024w, https:\/\/static.africa-press.net\/djibouti\/sites\/52\/2023\/08\/sm_1692535026.406246-300x169.jpg 300w, https:\/\/static.africa-press.net\/djibouti\/sites\/52\/2023\/08\/sm_1692535026.406246-768x432.jpg 768w\" sizes=\"(max-width: 1024px) 100vw, 1024px\" alt=\"\">\r\n                            <\/a>\r\n                            \r\n                        <\/figure>\r\n                    <\/div>\r\n                            <\/div>\r\n                        <\/div>\r\n\r\n                        <div class = \"td-doubleSlider-2\">\r\n                            <div class = \"td-slider\">\r\n                                \r\n                    <div class = \"td-button td-item1\">\r\n                        <div class = \"td-border\"><\/div>\r\n                    <\/div>\r\n                    <div class = \"td-button td-item2\">\r\n                        <div class = \"td-border\"><\/div>\r\n                    <\/div>\r\n                            <\/div>\r\n                        <\/div>\r\n\r\n                    <\/div>\r\n\r\n                <\/div>\r\n                \n<p><strong>Pour plus d&rsquo;informations et d&rsquo;analyses sur la <a href=\"https:\/\/www.africa-press.net\/djibouti\">Djibouti<\/a>, suivez <a href=\"https:\/\/www.africa-press.net\/\">Africa-Press<\/a><\/strong><\/p>\n","protected":false},"excerpt":{"rendered":"<p>Africa-Press &#8211; Djibouti. Le chef d\u2019e\u0301tat-major ge\u0301ne\u0301ral des forces arme\u0301es djiboutiennes (FAD), le ge\u0301ne\u0301ral de corps d\u2019arme\u0301e Zakaria Cheick Ibrahim, a\u0300 la te\u0302te d\u2019une importante de\u0301le\u0301gation, a participe\u0301 au Forum international militaro technique qui s\u2019est tenu du 13 au 16 aou\u0302t dernier a\u0300 Moscou, en Russie. Cette participation a e\u0301te\u0301 marque\u0301e par des e\u0301changes constructifs, [&hellip;]<\/p>\n","protected":false},"author":82,"featured_media":16918,"comment_status":"open","ping_status":"closed","sticky":false,"template":"","format":"standard","meta":{"footnotes":""},"categories":[8,2,10],"tags":[36,49,50],"class_list":["post-16919","post","type-post","status-publish","format-standard","has-post-thumbnail","hentry","category-photo","category-politique","category-toutes-les-actualites","tag-africa-press","tag-africa-press-djibouti","tag-djibouti"],"yoast_head":"<!-- This site is optimized with the Yoast SEO Premium plugin v26.1 (Yoast SEO v27.0) - https:\/\/yoast.com\/product\/yoast-seo-premium-wordpress\/ -->\n<title>Forum international militaro-technique de Moscou : Une importante d\u00e9l\u00e9gation djiboutienne conduite par le chef d\u2019\u00e9tat-major g\u00e9n\u00e9ral des FAD y a pris part - Djibouti<\/title>\n<meta name=\"description\" content=\"Le chef d\u2019e\u0301tat-major ge\u0301ne\u0301ral des forces arme\u0301es djiboutiennes (FAD), le ge\u0301ne\u0301ral de corps d\u2019arme\u0301e Zakaria Cheick Ib ...\" \/>\n<meta name=\"robots\" content=\"index, follow, max-snippet:-1, max-image-preview:large, max-video-preview:-1\" \/>\n<link rel=\"canonical\" href=\"https:\/\/www.africa-press.net\/djibouti\/politique\/forum-international-militaro-technique-de-moscou-une-importante-delegation-djiboutienne-conduite-par-le-chef-detat-major-general-des-fad-y-a-pris-part\" \/>\n<meta property=\"og:locale\" content=\"fr_FR\" \/>\n<meta property=\"og:type\" content=\"article\" \/>\n<meta property=\"og:title\" content=\"Forum international militaro-technique de Moscou : Une importante d\u00e9l\u00e9gation djiboutienne conduite par le chef d\u2019\u00e9tat-major g\u00e9n\u00e9ral des FAD y a pris part\" \/>\n<meta property=\"og:description\" content=\"Le chef d\u2019e\u0301tat-major ge\u0301ne\u0301ral des forces arme\u0301es djiboutiennes (FAD), le ge\u0301ne\u0301ral de corps d\u2019arme\u0301e Zakaria Cheick Ib ...\" \/>\n<meta property=\"og:url\" content=\"https:\/\/www.africa-press.net\/djibouti\/politique\/forum-international-militaro-technique-de-moscou-une-importante-delegation-djiboutienne-conduite-par-le-chef-detat-major-general-des-fad-y-a-pris-part\" \/>\n<meta property=\"og:site_name\" content=\"Djibouti\" \/>\n<meta property=\"article:published_time\" content=\"2023-08-20T14:54:19+00:00\" \/>\n<meta property=\"article:modified_time\" content=\"2023-08-20T16:07:44+00:00\" \/>\n<meta property=\"og:image\" content=\"https:\/\/static.africa-press.net\/djibouti\/sites\/52\/2023\/08\/sm_1692535040.219208.jpg\" \/>\n\t<meta property=\"og:image:width\" content=\"720\" \/>\n\t<meta property=\"og:image:height\" content=\"540\" \/>\n\t<meta property=\"og:image:type\" content=\"image\/jpeg\" \/>\n<meta name=\"author\" content=\"cfeditorfr\" \/>\n<meta name=\"twitter:card\" content=\"summary_large_image\" \/>\n<meta name=\"twitter:label1\" content=\"\u00c9crit par\" \/>\n\t<meta name=\"twitter:data1\" content=\"cfeditorfr\" \/>\n\t<meta name=\"twitter:label2\" content=\"Dur\u00e9e de lecture estim\u00e9e\" \/>\n\t<meta name=\"twitter:data2\" content=\"1 minute\" \/>\n<script type=\"application\/ld+json\" class=\"yoast-schema-graph\">{\"@context\":\"https:\/\/schema.org\",\"@graph\":[{\"@type\":\"Article\",\"@id\":\"https:\/\/www.africa-press.net\/djibouti\/politique\/forum-international-militaro-technique-de-moscou-une-importante-delegation-djiboutienne-conduite-par-le-chef-detat-major-general-des-fad-y-a-pris-part#article\",\"isPartOf\":{\"@id\":\"https:\/\/www.africa-press.net\/djibouti\/politique\/forum-international-militaro-technique-de-moscou-une-importante-delegation-djiboutienne-conduite-par-le-chef-detat-major-general-des-fad-y-a-pris-part\"},\"author\":{\"name\":\"cfeditorfr\",\"@id\":\"https:\/\/www.africa-press.net\/djibouti\/#\/schema\/person\/2b1cf3cd81a31e3cd26889ca66d677f1\"},\"headline\":\"Forum international militaro-technique de Moscou : Une importante d\u00e9l\u00e9gation djiboutienne conduite par le chef d\u2019\u00e9tat-major g\u00e9n\u00e9ral des FAD y a pris part\",\"datePublished\":\"2023-08-20T14:54:19+00:00\",\"dateModified\":\"2023-08-20T16:07:44+00:00\",\"mainEntityOfPage\":{\"@id\":\"https:\/\/www.africa-press.net\/djibouti\/politique\/forum-international-militaro-technique-de-moscou-une-importante-delegation-djiboutienne-conduite-par-le-chef-detat-major-general-des-fad-y-a-pris-part\"},\"wordCount\":281,\"commentCount\":0,\"image\":{\"@id\":\"https:\/\/www.africa-press.net\/djibouti\/politique\/forum-international-militaro-technique-de-moscou-une-importante-delegation-djiboutienne-conduite-par-le-chef-detat-major-general-des-fad-y-a-pris-part#primaryimage\"},\"thumbnailUrl\":\"https:\/\/static.africa-press.net\/djibouti\/sites\/52\/2023\/08\/sm_1692535040.219208.jpg\",\"keywords\":[\"Africa Press\",\"Africa Press-Djibouti\",\"Djibouti\"],\"articleSection\":[\"Photo\",\"Politique\",\"Toutes les actualit\u00e9s\"],\"inLanguage\":\"fr-FR\",\"potentialAction\":[{\"@type\":\"CommentAction\",\"name\":\"Comment\",\"target\":[\"https:\/\/www.africa-press.net\/djibouti\/politique\/forum-international-militaro-technique-de-moscou-une-importante-delegation-djiboutienne-conduite-par-le-chef-detat-major-general-des-fad-y-a-pris-part#respond\"]}]},{\"@type\":\"WebPage\",\"@id\":\"https:\/\/www.africa-press.net\/djibouti\/politique\/forum-international-militaro-technique-de-moscou-une-importante-delegation-djiboutienne-conduite-par-le-chef-detat-major-general-des-fad-y-a-pris-part\",\"url\":\"https:\/\/www.africa-press.net\/djibouti\/politique\/forum-international-militaro-technique-de-moscou-une-importante-delegation-djiboutienne-conduite-par-le-chef-detat-major-general-des-fad-y-a-pris-part\",\"name\":\"Forum international militaro-technique de Moscou : Une importante d\u00e9l\u00e9gation djiboutienne conduite par le chef d\u2019\u00e9tat-major g\u00e9n\u00e9ral des FAD y a pris part - Djibouti\",\"isPartOf\":{\"@id\":\"https:\/\/www.africa-press.net\/djibouti\/#website\"},\"primaryImageOfPage\":{\"@id\":\"https:\/\/www.africa-press.net\/djibouti\/politique\/forum-international-militaro-technique-de-moscou-une-importante-delegation-djiboutienne-conduite-par-le-chef-detat-major-general-des-fad-y-a-pris-part#primaryimage\"},\"image\":{\"@id\":\"https:\/\/www.africa-press.net\/djibouti\/politique\/forum-international-militaro-technique-de-moscou-une-importante-delegation-djiboutienne-conduite-par-le-chef-detat-major-general-des-fad-y-a-pris-part#primaryimage\"},\"thumbnailUrl\":\"https:\/\/static.africa-press.net\/djibouti\/sites\/52\/2023\/08\/sm_1692535040.219208.jpg\",\"datePublished\":\"2023-08-20T14:54:19+00:00\",\"dateModified\":\"2023-08-20T16:07:44+00:00\",\"author\":{\"@id\":\"https:\/\/www.africa-press.net\/djibouti\/#\/schema\/person\/2b1cf3cd81a31e3cd26889ca66d677f1\"},\"description\":\"Le chef d\u2019e\u0301tat-major ge\u0301ne\u0301ral des forces arme\u0301es djiboutiennes (FAD), le ge\u0301ne\u0301ral de corps d\u2019arme\u0301e Zakaria Cheick Ib ...\",\"breadcrumb\":{\"@id\":\"https:\/\/www.africa-press.net\/djibouti\/politique\/forum-international-militaro-technique-de-moscou-une-importante-delegation-djiboutienne-conduite-par-le-chef-detat-major-general-des-fad-y-a-pris-part#breadcrumb\"},\"inLanguage\":\"fr-FR\",\"potentialAction\":[{\"@type\":\"ReadAction\",\"target\":[\"https:\/\/www.africa-press.net\/djibouti\/politique\/forum-international-militaro-technique-de-moscou-une-importante-delegation-djiboutienne-conduite-par-le-chef-detat-major-general-des-fad-y-a-pris-part\"]}]},{\"@type\":\"ImageObject\",\"inLanguage\":\"fr-FR\",\"@id\":\"https:\/\/www.africa-press.net\/djibouti\/politique\/forum-international-militaro-technique-de-moscou-une-importante-delegation-djiboutienne-conduite-par-le-chef-detat-major-general-des-fad-y-a-pris-part#primaryimage\",\"url\":\"https:\/\/static.africa-press.net\/djibouti\/sites\/52\/2023\/08\/sm_1692535040.219208.jpg\",\"contentUrl\":\"https:\/\/static.africa-press.net\/djibouti\/sites\/52\/2023\/08\/sm_1692535040.219208.jpg\",\"width\":720,\"height\":540,\"caption\":\"Forum international militaro-technique de Moscou : Une importante d\u00e9l\u00e9gation djiboutienne conduite par le chef d\u2019\u00e9tat-major g\u00e9n\u00e9ral des FAD y a pris part\"},{\"@type\":\"BreadcrumbList\",\"@id\":\"https:\/\/www.africa-press.net\/djibouti\/politique\/forum-international-militaro-technique-de-moscou-une-importante-delegation-djiboutienne-conduite-par-le-chef-detat-major-general-des-fad-y-a-pris-part#breadcrumb\",\"itemListElement\":[{\"@type\":\"ListItem\",\"position\":1,\"name\":\"Accueil\",\"item\":\"https:\/\/www.africa-press.net\/djibouti\/\"},{\"@type\":\"ListItem\",\"position\":2,\"name\":\"Forum international militaro-technique de Moscou : Une importante d\u00e9l\u00e9gation djiboutienne conduite par le chef d\u2019\u00e9tat-major g\u00e9n\u00e9ral des FAD y a pris part\"}]},{\"@type\":\"WebSite\",\"@id\":\"https:\/\/www.africa-press.net\/djibouti\/#website\",\"url\":\"https:\/\/www.africa-press.net\/djibouti\/\",\"name\":\"Djibouti\",\"description\":\"Just another Africa News Agency Sites site\",\"potentialAction\":[{\"@type\":\"SearchAction\",\"target\":{\"@type\":\"EntryPoint\",\"urlTemplate\":\"https:\/\/www.africa-press.net\/djibouti\/?s={search_term_string}\"},\"query-input\":{\"@type\":\"PropertyValueSpecification\",\"valueRequired\":true,\"valueName\":\"search_term_string\"}}],\"inLanguage\":\"fr-FR\"},{\"@type\":\"Person\",\"@id\":\"https:\/\/www.africa-press.net\/djibouti\/#\/schema\/person\/2b1cf3cd81a31e3cd26889ca66d677f1\",\"name\":\"cfeditorfr\"}]}<\/script>\n<!-- \/ Yoast SEO Premium plugin. -->","yoast_head_json":{"title":"Forum international militaro-technique de Moscou : Une importante d\u00e9l\u00e9gation djiboutienne conduite par le chef d\u2019\u00e9tat-major g\u00e9n\u00e9ral des FAD y a pris part - Djibouti","description":"Le chef d\u2019e\u0301tat-major ge\u0301ne\u0301ral des forces arme\u0301es djiboutiennes (FAD), le ge\u0301ne\u0301ral de corps d\u2019arme\u0301e Zakaria Cheick Ib ...","robots":{"index":"index","follow":"follow","max-snippet":"max-snippet:-1","max-image-preview":"max-image-preview:large","max-video-preview":"max-video-preview:-1"},"canonical":"https:\/\/www.africa-press.net\/djibouti\/politique\/forum-international-militaro-technique-de-moscou-une-importante-delegation-djiboutienne-conduite-par-le-chef-detat-major-general-des-fad-y-a-pris-part","og_locale":"fr_FR","og_type":"article","og_title":"Forum international militaro-technique de Moscou : Une importante d\u00e9l\u00e9gation djiboutienne conduite par le chef d\u2019\u00e9tat-major g\u00e9n\u00e9ral des FAD y a pris part","og_description":"Le chef d\u2019e\u0301tat-major ge\u0301ne\u0301ral des forces arme\u0301es djiboutiennes (FAD), le ge\u0301ne\u0301ral de corps d\u2019arme\u0301e Zakaria Cheick Ib ...","og_url":"https:\/\/www.africa-press.net\/djibouti\/politique\/forum-international-militaro-technique-de-moscou-une-importante-delegation-djiboutienne-conduite-par-le-chef-detat-major-general-des-fad-y-a-pris-part","og_site_name":"Djibouti","article_published_time":"2023-08-20T14:54:19+00:00","article_modified_time":"2023-08-20T16:07:44+00:00","og_image":[{"width":720,"height":540,"url":"https:\/\/static.africa-press.net\/djibouti\/sites\/52\/2023\/08\/sm_1692535040.219208.jpg","type":"image\/jpeg"}],"author":"cfeditorfr","twitter_card":"summary_large_image","twitter_misc":{"\u00c9crit par":"cfeditorfr","Dur\u00e9e de lecture estim\u00e9e":"1 minute"},"schema":{"@context":"https:\/\/schema.org","@graph":[{"@type":"Article","@id":"https:\/\/www.africa-press.net\/djibouti\/politique\/forum-international-militaro-technique-de-moscou-une-importante-delegation-djiboutienne-conduite-par-le-chef-detat-major-general-des-fad-y-a-pris-part#article","isPartOf":{"@id":"https:\/\/www.africa-press.net\/djibouti\/politique\/forum-international-militaro-technique-de-moscou-une-importante-delegation-djiboutienne-conduite-par-le-chef-detat-major-general-des-fad-y-a-pris-part"},"author":{"name":"cfeditorfr","@id":"https:\/\/www.africa-press.net\/djibouti\/#\/schema\/person\/2b1cf3cd81a31e3cd26889ca66d677f1"},"headline":"Forum international militaro-technique de Moscou : Une importante d\u00e9l\u00e9gation djiboutienne conduite par le chef d\u2019\u00e9tat-major g\u00e9n\u00e9ral des FAD y a pris part","datePublished":"2023-08-20T14:54:19+00:00","dateModified":"2023-08-20T16:07:44+00:00","mainEntityOfPage":{"@id":"https:\/\/www.africa-press.net\/djibouti\/politique\/forum-international-militaro-technique-de-moscou-une-importante-delegation-djiboutienne-conduite-par-le-chef-detat-major-general-des-fad-y-a-pris-part"},"wordCount":281,"commentCount":0,"image":{"@id":"https:\/\/www.africa-press.net\/djibouti\/politique\/forum-international-militaro-technique-de-moscou-une-importante-delegation-djiboutienne-conduite-par-le-chef-detat-major-general-des-fad-y-a-pris-part#primaryimage"},"thumbnailUrl":"https:\/\/static.africa-press.net\/djibouti\/sites\/52\/2023\/08\/sm_1692535040.219208.jpg","keywords":["Africa Press","Africa Press-Djibouti","Djibouti"],"articleSection":["Photo","Politique","Toutes les actualit\u00e9s"],"inLanguage":"fr-FR","potentialAction":[{"@type":"CommentAction","name":"Comment","target":["https:\/\/www.africa-press.net\/djibouti\/politique\/forum-international-militaro-technique-de-moscou-une-importante-delegation-djiboutienne-conduite-par-le-chef-detat-major-general-des-fad-y-a-pris-part#respond"]}]},{"@type":"WebPage","@id":"https:\/\/www.africa-press.net\/djibouti\/politique\/forum-international-militaro-technique-de-moscou-une-importante-delegation-djiboutienne-conduite-par-le-chef-detat-major-general-des-fad-y-a-pris-part","url":"https:\/\/www.africa-press.net\/djibouti\/politique\/forum-international-militaro-technique-de-moscou-une-importante-delegation-djiboutienne-conduite-par-le-chef-detat-major-general-des-fad-y-a-pris-part","name":"Forum international militaro-technique de Moscou : Une importante d\u00e9l\u00e9gation djiboutienne conduite par le chef d\u2019\u00e9tat-major g\u00e9n\u00e9ral des FAD y a pris part - Djibouti","isPartOf":{"@id":"https:\/\/www.africa-press.net\/djibouti\/#website"},"primaryImageOfPage":{"@id":"https:\/\/www.africa-press.net\/djibouti\/politique\/forum-international-militaro-technique-de-moscou-une-importante-delegation-djiboutienne-conduite-par-le-chef-detat-major-general-des-fad-y-a-pris-part#primaryimage"},"image":{"@id":"https:\/\/www.africa-press.net\/djibouti\/politique\/forum-international-militaro-technique-de-moscou-une-importante-delegation-djiboutienne-conduite-par-le-chef-detat-major-general-des-fad-y-a-pris-part#primaryimage"},"thumbnailUrl":"https:\/\/static.africa-press.net\/djibouti\/sites\/52\/2023\/08\/sm_1692535040.219208.jpg","datePublished":"2023-08-20T14:54:19+00:00","dateModified":"2023-08-20T16:07:44+00:00","author":{"@id":"https:\/\/www.africa-press.net\/djibouti\/#\/schema\/person\/2b1cf3cd81a31e3cd26889ca66d677f1"},"description":"Le chef d\u2019e\u0301tat-major ge\u0301ne\u0301ral des forces arme\u0301es djiboutiennes (FAD), le ge\u0301ne\u0301ral de corps d\u2019arme\u0301e Zakaria Cheick Ib ...","breadcrumb":{"@id":"https:\/\/www.africa-press.net\/djibouti\/politique\/forum-international-militaro-technique-de-moscou-une-importante-delegation-djiboutienne-conduite-par-le-chef-detat-major-general-des-fad-y-a-pris-part#breadcrumb"},"inLanguage":"fr-FR","potentialAction":[{"@type":"ReadAction","target":["https:\/\/www.africa-press.net\/djibouti\/politique\/forum-international-militaro-technique-de-moscou-une-importante-delegation-djiboutienne-conduite-par-le-chef-detat-major-general-des-fad-y-a-pris-part"]}]},{"@type":"ImageObject","inLanguage":"fr-FR","@id":"https:\/\/www.africa-press.net\/djibouti\/politique\/forum-international-militaro-technique-de-moscou-une-importante-delegation-djiboutienne-conduite-par-le-chef-detat-major-general-des-fad-y-a-pris-part#primaryimage","url":"https:\/\/static.africa-press.net\/djibouti\/sites\/52\/2023\/08\/sm_1692535040.219208.jpg","contentUrl":"https:\/\/static.africa-press.net\/djibouti\/sites\/52\/2023\/08\/sm_1692535040.219208.jpg","width":720,"height":540,"caption":"Forum international militaro-technique de Moscou : Une importante d\u00e9l\u00e9gation djiboutienne conduite par le chef d\u2019\u00e9tat-major g\u00e9n\u00e9ral des FAD y a pris part"},{"@type":"BreadcrumbList","@id":"https:\/\/www.africa-press.net\/djibouti\/politique\/forum-international-militaro-technique-de-moscou-une-importante-delegation-djiboutienne-conduite-par-le-chef-detat-major-general-des-fad-y-a-pris-part#breadcrumb","itemListElement":[{"@type":"ListItem","position":1,"name":"Accueil","item":"https:\/\/www.africa-press.net\/djibouti\/"},{"@type":"ListItem","position":2,"name":"Forum international militaro-technique de Moscou : Une importante d\u00e9l\u00e9gation djiboutienne conduite par le chef d\u2019\u00e9tat-major g\u00e9n\u00e9ral des FAD y a pris part"}]},{"@type":"WebSite","@id":"https:\/\/www.africa-press.net\/djibouti\/#website","url":"https:\/\/www.africa-press.net\/djibouti\/","name":"Djibouti","description":"Just another Africa News Agency Sites site","potentialAction":[{"@type":"SearchAction","target":{"@type":"EntryPoint","urlTemplate":"https:\/\/www.africa-press.net\/djibouti\/?s={search_term_string}"},"query-input":{"@type":"PropertyValueSpecification","valueRequired":true,"valueName":"search_term_string"}}],"inLanguage":"fr-FR"},{"@type":"Person","@id":"https:\/\/www.africa-press.net\/djibouti\/#\/schema\/person\/2b1cf3cd81a31e3cd26889ca66d677f1","name":"cfeditorfr"}]}},"_links":{"self":[{"href":"https:\/\/www.africa-press.net\/djibouti\/wp-json\/wp\/v2\/posts\/16919","targetHints":{"allow":["GET"]}}],"collection":[{"href":"https:\/\/www.africa-press.net\/djibouti\/wp-json\/wp\/v2\/posts"}],"about":[{"href":"https:\/\/www.africa-press.net\/djibouti\/wp-json\/wp\/v2\/types\/post"}],"author":[{"embeddable":true,"href":"https:\/\/www.africa-press.net\/djibouti\/wp-json\/wp\/v2\/users\/82"}],"replies":[{"embeddable":true,"href":"https:\/\/www.africa-press.net\/djibouti\/wp-json\/wp\/v2\/comments?post=16919"}],"version-history":[{"count":0,"href":"https:\/\/www.africa-press.net\/djibouti\/wp-json\/wp\/v2\/posts\/16919\/revisions"}],"wp:featuredmedia":[{"embeddable":true,"href":"https:\/\/www.africa-press.net\/djibouti\/wp-json\/wp\/v2\/media\/16918"}],"wp:attachment":[{"href":"https:\/\/www.africa-press.net\/djibouti\/wp-json\/wp\/v2\/media?parent=16919"}],"wp:term":[{"taxonomy":"category","embeddable":true,"href":"https:\/\/www.africa-press.net\/djibouti\/wp-json\/wp\/v2\/categories?post=16919"},{"taxonomy":"post_tag","embeddable":true,"href":"https:\/\/www.africa-press.net\/djibouti\/wp-json\/wp\/v2\/tags?post=16919"}],"curies":[{"name":"wp","href":"https:\/\/api.w.org\/{rel}","templated":true}]}}