{"id":16936,"date":"2023-08-21T18:34:36","date_gmt":"2023-08-21T18:34:36","guid":{"rendered":"https:\/\/www.africa-press.net\/djibouti\/politique\/le-secretaire-general-de-la-primature-recoit-la-visite-dadieu-du-charge-du-bureau-de-la-coordination-du-systeme-des-nations-unis-a-djibouti"},"modified":"2023-08-21T19:06:36","modified_gmt":"2023-08-21T19:06:36","slug":"le-secretaire-general-de-la-primature-recoit-la-visite-dadieu-du-charge-du-bureau-de-la-coordination-du-systeme-des-nations-unis-a-djibouti","status":"publish","type":"post","link":"https:\/\/www.africa-press.net\/djibouti\/politique\/le-secretaire-general-de-la-primature-recoit-la-visite-dadieu-du-charge-du-bureau-de-la-coordination-du-systeme-des-nations-unis-a-djibouti","title":{"rendered":"Le Secr\u00e9taire G\u00e9n\u00e9ral de la Primature re\u00e7oit la visite d\u2019adieu du charg\u00e9 du bureau de la coordination du syst\u00e8me des Nations-Unis \u00e0 Djibouti"},"content":{"rendered":"<p><span style=\"color: #ff6600\"><strong>Africa-Press &#8211; Djibouti. <\/strong><\/span>Le Secre\u0301taire Ge\u0301ne\u0301ral de la Primature, M. Naguib Abdallah Mohamed Kamil, a rec\u0327u ce dimanche, la visite d\u2019adieu du charge\u0301 du bureau de la coordination du syste\u0300me des Nations-Unis a\u0300 Djibouti, M. Nicolas Guinard.<\/p>\n<p>Au cours de cette rencontre, le Secre\u0301taire Ge\u0301ne\u0301ral de la Primature, M. Naguib Abdallah, et M. Nicolas Guinard ont eu des e\u0301changes riches et fructueux autour des relations de partenariat entre Djibouti et le syste\u0300me des Nations-Unis.<\/p>\n<p>Apre\u0300s un mot de bienvenue, M. Naguib Abdallah Mohamed a salue\u0301 le travail remarquable du charge\u0301 du bureau de la coordination du syste\u0300me des Nations-Unis a\u0300 Djibouti, M. Nicolas Guinard, durant sa mission de travail a\u0300 Djibouti.<\/p>\n<p>De son co\u0302te\u0301, le nume\u0301ro 2 du syste\u0300me des Nations-Unis a\u0300 Djibouti a remercie\u0301 le Secre\u0301taire ge\u0301ne\u0301ral pour l\u2019accueil qui lui a e\u0301te\u0301 re\u0301serve\u0301 et sa pleine contribution durant sa mission a\u0300 Djibouti.<\/p>\n<p>Il faut souligner que cette visite marque la fin de la mission M. Nicolas Guinard en Re\u0301publique de Djibouti.<\/p>\n<p>Apre\u0300s Djibouti, le diplomate Nicolas Guinard va rejoindre l&rsquo;e\u0301quipe de l&rsquo;Organisation Internationale de la Francophonie (OIF) a\u0300 Paris, en France.<\/p>\n<p>Le Secre\u0301taire Ge\u0301ne\u0301ral de la Primature, M. Naguib Abdallah Mohamed Kamil, a rec\u0327u ce dimanche, la visite d\u2019adieu du charge\u0301 du bureau de la coordination du syste\u0300me des Nations-Unis a\u0300 Djibouti, M. Nicolas Guinard.<\/p>\n<p>Au cours de cette rencontre, le Secre\u0301taire Ge\u0301ne\u0301ral de la Primature, M. Naguib Abdallah, et M. Nicolas Guinard ont eu des e\u0301changes riches et fructueux autour des relations de partenariat entre Djibouti et le syste\u0300me des Nations-Unis.<\/p>\n<p>Apre\u0300s un mot de bienvenue, M. Naguib Abdallah Mohamed a salue\u0301 le travail remarquable du charge\u0301 du bureau de la coordination du syste\u0300me des Nations-Unis a\u0300 Djibouti, M. Nicolas Guinard, durant sa mission de travail a\u0300 Djibouti.<\/p>\n<p>De son co\u0302te\u0301, le nume\u0301ro 2 du syste\u0300me des Nations-Unis a\u0300 Djibouti a remercie\u0301 le Secre\u0301taire ge\u0301ne\u0301ral pour l\u2019accueil qui lui a e\u0301te\u0301 re\u0301serve\u0301 et sa pleine contribution durant sa mission a\u0300 Djibouti.<\/p>\n<p>Il faut souligner que cette visite marque la fin de la mission M. Nicolas Guinard en Re\u0301publique de Djibouti.<\/p>\n<p>Apre\u0300s Djibouti, le diplomate Nicolas Guinard va rejoindre l&rsquo;e\u0301quipe de l&rsquo;Organisation Internationale de la Francophonie (OIF) a\u0300 Paris, en France.<\/p>\n<p><strong>Pour plus d&rsquo;informations et d&rsquo;analyses sur la <a href=\"https:\/\/www.africa-press.net\/djibouti\">Djibouti<\/a>, suivez <a href=\"https:\/\/www.africa-press.net\/\">Africa-Press<\/a><\/strong><\/p>\n","protected":false},"excerpt":{"rendered":"<p>Africa-Press &#8211; Djibouti. Le Secre\u0301taire Ge\u0301ne\u0301ral de la Primature, M. Naguib Abdallah Mohamed Kamil, a rec\u0327u ce dimanche, la visite d\u2019adieu du charge\u0301 du bureau de la coordination du syste\u0300me des Nations-Unis a\u0300 Djibouti, M. Nicolas Guinard. Au cours de cette rencontre, le Secre\u0301taire Ge\u0301ne\u0301ral de la Primature, M. Naguib Abdallah, et M. Nicolas Guinard [&hellip;]<\/p>\n","protected":false},"author":82,"featured_media":16935,"comment_status":"open","ping_status":"closed","sticky":false,"template":"","format":"standard","meta":{"footnotes":""},"categories":[2,20,10],"tags":[36,49,50],"class_list":["post-16936","post","type-post","status-publish","format-standard","has-post-thumbnail","hentry","category-politique","category-top-nouvelles","category-toutes-les-actualites","tag-africa-press","tag-africa-press-djibouti","tag-djibouti"],"yoast_head":"<!-- This site is optimized with the Yoast SEO Premium plugin v26.1 (Yoast SEO v27.0) - https:\/\/yoast.com\/product\/yoast-seo-premium-wordpress\/ -->\n<title>Le Secr\u00e9taire G\u00e9n\u00e9ral de la Primature re\u00e7oit la visite d\u2019adieu du charg\u00e9 du bureau de la coordination du syst\u00e8me des Nations-Unis \u00e0 Djibouti - Djibouti<\/title>\n<meta name=\"description\" content=\"Le Secre\u0301taire Ge\u0301ne\u0301ral de la Primature, M. Naguib Abdallah Mohamed Kamil, a rec\u0327u ce dimanche, la visite d\u2019adieu du ch ...\" \/>\n<meta name=\"robots\" content=\"index, follow, max-snippet:-1, max-image-preview:large, max-video-preview:-1\" \/>\n<link rel=\"canonical\" href=\"https:\/\/www.africa-press.net\/djibouti\/politique\/le-secretaire-general-de-la-primature-recoit-la-visite-dadieu-du-charge-du-bureau-de-la-coordination-du-systeme-des-nations-unis-a-djibouti\" \/>\n<meta property=\"og:locale\" content=\"fr_FR\" \/>\n<meta property=\"og:type\" content=\"article\" \/>\n<meta property=\"og:title\" content=\"Le Secr\u00e9taire G\u00e9n\u00e9ral de la Primature re\u00e7oit la visite d\u2019adieu du charg\u00e9 du bureau de la coordination du syst\u00e8me des Nations-Unis \u00e0 Djibouti\" \/>\n<meta property=\"og:description\" content=\"Le Secre\u0301taire Ge\u0301ne\u0301ral de la Primature, M. Naguib Abdallah Mohamed Kamil, a rec\u0327u ce dimanche, la visite d\u2019adieu du ch ...\" \/>\n<meta property=\"og:url\" content=\"https:\/\/www.africa-press.net\/djibouti\/politique\/le-secretaire-general-de-la-primature-recoit-la-visite-dadieu-du-charge-du-bureau-de-la-coordination-du-systeme-des-nations-unis-a-djibouti\" \/>\n<meta property=\"og:site_name\" content=\"Djibouti\" \/>\n<meta property=\"article:published_time\" content=\"2023-08-21T18:34:36+00:00\" \/>\n<meta property=\"article:modified_time\" content=\"2023-08-21T19:06:36+00:00\" \/>\n<meta property=\"og:image\" content=\"https:\/\/static.africa-press.net\/djibouti\/sites\/52\/2023\/08\/sm_1692632100.306466.jpg\" \/>\n\t<meta property=\"og:image:width\" content=\"1080\" \/>\n\t<meta property=\"og:image:height\" content=\"604\" \/>\n\t<meta property=\"og:image:type\" content=\"image\/jpeg\" \/>\n<meta name=\"author\" content=\"cfeditorfr\" \/>\n<meta name=\"twitter:card\" content=\"summary_large_image\" \/>\n<meta name=\"twitter:label1\" content=\"\u00c9crit par\" \/>\n\t<meta name=\"twitter:data1\" content=\"cfeditorfr\" \/>\n\t<meta name=\"twitter:label2\" content=\"Dur\u00e9e de lecture estim\u00e9e\" \/>\n\t<meta name=\"twitter:data2\" content=\"2 minutes\" \/>\n<script type=\"application\/ld+json\" class=\"yoast-schema-graph\">{\"@context\":\"https:\/\/schema.org\",\"@graph\":[{\"@type\":\"Article\",\"@id\":\"https:\/\/www.africa-press.net\/djibouti\/politique\/le-secretaire-general-de-la-primature-recoit-la-visite-dadieu-du-charge-du-bureau-de-la-coordination-du-systeme-des-nations-unis-a-djibouti#article\",\"isPartOf\":{\"@id\":\"https:\/\/www.africa-press.net\/djibouti\/politique\/le-secretaire-general-de-la-primature-recoit-la-visite-dadieu-du-charge-du-bureau-de-la-coordination-du-systeme-des-nations-unis-a-djibouti\"},\"author\":{\"name\":\"cfeditorfr\",\"@id\":\"https:\/\/www.africa-press.net\/djibouti\/#\/schema\/person\/2b1cf3cd81a31e3cd26889ca66d677f1\"},\"headline\":\"Le Secr\u00e9taire G\u00e9n\u00e9ral de la Primature re\u00e7oit la visite d\u2019adieu du charg\u00e9 du bureau de la coordination du syst\u00e8me des Nations-Unis \u00e0 Djibouti\",\"datePublished\":\"2023-08-21T18:34:36+00:00\",\"dateModified\":\"2023-08-21T19:06:36+00:00\",\"mainEntityOfPage\":{\"@id\":\"https:\/\/www.africa-press.net\/djibouti\/politique\/le-secretaire-general-de-la-primature-recoit-la-visite-dadieu-du-charge-du-bureau-de-la-coordination-du-systeme-des-nations-unis-a-djibouti\"},\"wordCount\":455,\"commentCount\":0,\"image\":{\"@id\":\"https:\/\/www.africa-press.net\/djibouti\/politique\/le-secretaire-general-de-la-primature-recoit-la-visite-dadieu-du-charge-du-bureau-de-la-coordination-du-systeme-des-nations-unis-a-djibouti#primaryimage\"},\"thumbnailUrl\":\"https:\/\/static.africa-press.net\/djibouti\/sites\/52\/2023\/08\/sm_1692632100.306466.jpg\",\"keywords\":[\"Africa Press\",\"Africa Press-Djibouti\",\"Djibouti\"],\"articleSection\":[\"Politique\",\"Top Nouvelles\",\"Toutes les actualit\u00e9s\"],\"inLanguage\":\"fr-FR\",\"potentialAction\":[{\"@type\":\"CommentAction\",\"name\":\"Comment\",\"target\":[\"https:\/\/www.africa-press.net\/djibouti\/politique\/le-secretaire-general-de-la-primature-recoit-la-visite-dadieu-du-charge-du-bureau-de-la-coordination-du-systeme-des-nations-unis-a-djibouti#respond\"]}]},{\"@type\":\"WebPage\",\"@id\":\"https:\/\/www.africa-press.net\/djibouti\/politique\/le-secretaire-general-de-la-primature-recoit-la-visite-dadieu-du-charge-du-bureau-de-la-coordination-du-systeme-des-nations-unis-a-djibouti\",\"url\":\"https:\/\/www.africa-press.net\/djibouti\/politique\/le-secretaire-general-de-la-primature-recoit-la-visite-dadieu-du-charge-du-bureau-de-la-coordination-du-systeme-des-nations-unis-a-djibouti\",\"name\":\"Le Secr\u00e9taire G\u00e9n\u00e9ral de la Primature re\u00e7oit la visite d\u2019adieu du charg\u00e9 du bureau de la coordination du syst\u00e8me des Nations-Unis \u00e0 Djibouti - Djibouti\",\"isPartOf\":{\"@id\":\"https:\/\/www.africa-press.net\/djibouti\/#website\"},\"primaryImageOfPage\":{\"@id\":\"https:\/\/www.africa-press.net\/djibouti\/politique\/le-secretaire-general-de-la-primature-recoit-la-visite-dadieu-du-charge-du-bureau-de-la-coordination-du-systeme-des-nations-unis-a-djibouti#primaryimage\"},\"image\":{\"@id\":\"https:\/\/www.africa-press.net\/djibouti\/politique\/le-secretaire-general-de-la-primature-recoit-la-visite-dadieu-du-charge-du-bureau-de-la-coordination-du-systeme-des-nations-unis-a-djibouti#primaryimage\"},\"thumbnailUrl\":\"https:\/\/static.africa-press.net\/djibouti\/sites\/52\/2023\/08\/sm_1692632100.306466.jpg\",\"datePublished\":\"2023-08-21T18:34:36+00:00\",\"dateModified\":\"2023-08-21T19:06:36+00:00\",\"author\":{\"@id\":\"https:\/\/www.africa-press.net\/djibouti\/#\/schema\/person\/2b1cf3cd81a31e3cd26889ca66d677f1\"},\"description\":\"Le Secre\u0301taire Ge\u0301ne\u0301ral de la Primature, M. Naguib Abdallah Mohamed Kamil, a rec\u0327u ce dimanche, la visite d\u2019adieu du ch ...\",\"breadcrumb\":{\"@id\":\"https:\/\/www.africa-press.net\/djibouti\/politique\/le-secretaire-general-de-la-primature-recoit-la-visite-dadieu-du-charge-du-bureau-de-la-coordination-du-systeme-des-nations-unis-a-djibouti#breadcrumb\"},\"inLanguage\":\"fr-FR\",\"potentialAction\":[{\"@type\":\"ReadAction\",\"target\":[\"https:\/\/www.africa-press.net\/djibouti\/politique\/le-secretaire-general-de-la-primature-recoit-la-visite-dadieu-du-charge-du-bureau-de-la-coordination-du-systeme-des-nations-unis-a-djibouti\"]}]},{\"@type\":\"ImageObject\",\"inLanguage\":\"fr-FR\",\"@id\":\"https:\/\/www.africa-press.net\/djibouti\/politique\/le-secretaire-general-de-la-primature-recoit-la-visite-dadieu-du-charge-du-bureau-de-la-coordination-du-systeme-des-nations-unis-a-djibouti#primaryimage\",\"url\":\"https:\/\/static.africa-press.net\/djibouti\/sites\/52\/2023\/08\/sm_1692632100.306466.jpg\",\"contentUrl\":\"https:\/\/static.africa-press.net\/djibouti\/sites\/52\/2023\/08\/sm_1692632100.306466.jpg\",\"width\":1080,\"height\":604,\"caption\":\"Le Secr\u00e9taire G\u00e9n\u00e9ral de la Primature re\u00e7oit la visite d\u2019adieu du charg\u00e9 du bureau de la coordination du syst\u00e8me des Nations-Unis \u00e0 Djibouti\"},{\"@type\":\"BreadcrumbList\",\"@id\":\"https:\/\/www.africa-press.net\/djibouti\/politique\/le-secretaire-general-de-la-primature-recoit-la-visite-dadieu-du-charge-du-bureau-de-la-coordination-du-systeme-des-nations-unis-a-djibouti#breadcrumb\",\"itemListElement\":[{\"@type\":\"ListItem\",\"position\":1,\"name\":\"Accueil\",\"item\":\"https:\/\/www.africa-press.net\/djibouti\/\"},{\"@type\":\"ListItem\",\"position\":2,\"name\":\"Le Secr\u00e9taire G\u00e9n\u00e9ral de la Primature re\u00e7oit la visite d\u2019adieu du charg\u00e9 du bureau de la coordination du syst\u00e8me des Nations-Unis \u00e0 Djibouti\"}]},{\"@type\":\"WebSite\",\"@id\":\"https:\/\/www.africa-press.net\/djibouti\/#website\",\"url\":\"https:\/\/www.africa-press.net\/djibouti\/\",\"name\":\"Djibouti\",\"description\":\"Just another Africa News Agency Sites site\",\"potentialAction\":[{\"@type\":\"SearchAction\",\"target\":{\"@type\":\"EntryPoint\",\"urlTemplate\":\"https:\/\/www.africa-press.net\/djibouti\/?s={search_term_string}\"},\"query-input\":{\"@type\":\"PropertyValueSpecification\",\"valueRequired\":true,\"valueName\":\"search_term_string\"}}],\"inLanguage\":\"fr-FR\"},{\"@type\":\"Person\",\"@id\":\"https:\/\/www.africa-press.net\/djibouti\/#\/schema\/person\/2b1cf3cd81a31e3cd26889ca66d677f1\",\"name\":\"cfeditorfr\"}]}<\/script>\n<!-- \/ Yoast SEO Premium plugin. -->","yoast_head_json":{"title":"Le Secr\u00e9taire G\u00e9n\u00e9ral de la Primature re\u00e7oit la visite d\u2019adieu du charg\u00e9 du bureau de la coordination du syst\u00e8me des Nations-Unis \u00e0 Djibouti - Djibouti","description":"Le Secre\u0301taire Ge\u0301ne\u0301ral de la Primature, M. Naguib Abdallah Mohamed Kamil, a rec\u0327u ce dimanche, la visite d\u2019adieu du ch ...","robots":{"index":"index","follow":"follow","max-snippet":"max-snippet:-1","max-image-preview":"max-image-preview:large","max-video-preview":"max-video-preview:-1"},"canonical":"https:\/\/www.africa-press.net\/djibouti\/politique\/le-secretaire-general-de-la-primature-recoit-la-visite-dadieu-du-charge-du-bureau-de-la-coordination-du-systeme-des-nations-unis-a-djibouti","og_locale":"fr_FR","og_type":"article","og_title":"Le Secr\u00e9taire G\u00e9n\u00e9ral de la Primature re\u00e7oit la visite d\u2019adieu du charg\u00e9 du bureau de la coordination du syst\u00e8me des Nations-Unis \u00e0 Djibouti","og_description":"Le Secre\u0301taire Ge\u0301ne\u0301ral de la Primature, M. Naguib Abdallah Mohamed Kamil, a rec\u0327u ce dimanche, la visite d\u2019adieu du ch ...","og_url":"https:\/\/www.africa-press.net\/djibouti\/politique\/le-secretaire-general-de-la-primature-recoit-la-visite-dadieu-du-charge-du-bureau-de-la-coordination-du-systeme-des-nations-unis-a-djibouti","og_site_name":"Djibouti","article_published_time":"2023-08-21T18:34:36+00:00","article_modified_time":"2023-08-21T19:06:36+00:00","og_image":[{"width":1080,"height":604,"url":"https:\/\/static.africa-press.net\/djibouti\/sites\/52\/2023\/08\/sm_1692632100.306466.jpg","type":"image\/jpeg"}],"author":"cfeditorfr","twitter_card":"summary_large_image","twitter_misc":{"\u00c9crit par":"cfeditorfr","Dur\u00e9e de lecture estim\u00e9e":"2 minutes"},"schema":{"@context":"https:\/\/schema.org","@graph":[{"@type":"Article","@id":"https:\/\/www.africa-press.net\/djibouti\/politique\/le-secretaire-general-de-la-primature-recoit-la-visite-dadieu-du-charge-du-bureau-de-la-coordination-du-systeme-des-nations-unis-a-djibouti#article","isPartOf":{"@id":"https:\/\/www.africa-press.net\/djibouti\/politique\/le-secretaire-general-de-la-primature-recoit-la-visite-dadieu-du-charge-du-bureau-de-la-coordination-du-systeme-des-nations-unis-a-djibouti"},"author":{"name":"cfeditorfr","@id":"https:\/\/www.africa-press.net\/djibouti\/#\/schema\/person\/2b1cf3cd81a31e3cd26889ca66d677f1"},"headline":"Le Secr\u00e9taire G\u00e9n\u00e9ral de la Primature re\u00e7oit la visite d\u2019adieu du charg\u00e9 du bureau de la coordination du syst\u00e8me des Nations-Unis \u00e0 Djibouti","datePublished":"2023-08-21T18:34:36+00:00","dateModified":"2023-08-21T19:06:36+00:00","mainEntityOfPage":{"@id":"https:\/\/www.africa-press.net\/djibouti\/politique\/le-secretaire-general-de-la-primature-recoit-la-visite-dadieu-du-charge-du-bureau-de-la-coordination-du-systeme-des-nations-unis-a-djibouti"},"wordCount":455,"commentCount":0,"image":{"@id":"https:\/\/www.africa-press.net\/djibouti\/politique\/le-secretaire-general-de-la-primature-recoit-la-visite-dadieu-du-charge-du-bureau-de-la-coordination-du-systeme-des-nations-unis-a-djibouti#primaryimage"},"thumbnailUrl":"https:\/\/static.africa-press.net\/djibouti\/sites\/52\/2023\/08\/sm_1692632100.306466.jpg","keywords":["Africa Press","Africa Press-Djibouti","Djibouti"],"articleSection":["Politique","Top Nouvelles","Toutes les actualit\u00e9s"],"inLanguage":"fr-FR","potentialAction":[{"@type":"CommentAction","name":"Comment","target":["https:\/\/www.africa-press.net\/djibouti\/politique\/le-secretaire-general-de-la-primature-recoit-la-visite-dadieu-du-charge-du-bureau-de-la-coordination-du-systeme-des-nations-unis-a-djibouti#respond"]}]},{"@type":"WebPage","@id":"https:\/\/www.africa-press.net\/djibouti\/politique\/le-secretaire-general-de-la-primature-recoit-la-visite-dadieu-du-charge-du-bureau-de-la-coordination-du-systeme-des-nations-unis-a-djibouti","url":"https:\/\/www.africa-press.net\/djibouti\/politique\/le-secretaire-general-de-la-primature-recoit-la-visite-dadieu-du-charge-du-bureau-de-la-coordination-du-systeme-des-nations-unis-a-djibouti","name":"Le Secr\u00e9taire G\u00e9n\u00e9ral de la Primature re\u00e7oit la visite d\u2019adieu du charg\u00e9 du bureau de la coordination du syst\u00e8me des Nations-Unis \u00e0 Djibouti - Djibouti","isPartOf":{"@id":"https:\/\/www.africa-press.net\/djibouti\/#website"},"primaryImageOfPage":{"@id":"https:\/\/www.africa-press.net\/djibouti\/politique\/le-secretaire-general-de-la-primature-recoit-la-visite-dadieu-du-charge-du-bureau-de-la-coordination-du-systeme-des-nations-unis-a-djibouti#primaryimage"},"image":{"@id":"https:\/\/www.africa-press.net\/djibouti\/politique\/le-secretaire-general-de-la-primature-recoit-la-visite-dadieu-du-charge-du-bureau-de-la-coordination-du-systeme-des-nations-unis-a-djibouti#primaryimage"},"thumbnailUrl":"https:\/\/static.africa-press.net\/djibouti\/sites\/52\/2023\/08\/sm_1692632100.306466.jpg","datePublished":"2023-08-21T18:34:36+00:00","dateModified":"2023-08-21T19:06:36+00:00","author":{"@id":"https:\/\/www.africa-press.net\/djibouti\/#\/schema\/person\/2b1cf3cd81a31e3cd26889ca66d677f1"},"description":"Le Secre\u0301taire Ge\u0301ne\u0301ral de la Primature, M. Naguib Abdallah Mohamed Kamil, a rec\u0327u ce dimanche, la visite d\u2019adieu du ch ...","breadcrumb":{"@id":"https:\/\/www.africa-press.net\/djibouti\/politique\/le-secretaire-general-de-la-primature-recoit-la-visite-dadieu-du-charge-du-bureau-de-la-coordination-du-systeme-des-nations-unis-a-djibouti#breadcrumb"},"inLanguage":"fr-FR","potentialAction":[{"@type":"ReadAction","target":["https:\/\/www.africa-press.net\/djibouti\/politique\/le-secretaire-general-de-la-primature-recoit-la-visite-dadieu-du-charge-du-bureau-de-la-coordination-du-systeme-des-nations-unis-a-djibouti"]}]},{"@type":"ImageObject","inLanguage":"fr-FR","@id":"https:\/\/www.africa-press.net\/djibouti\/politique\/le-secretaire-general-de-la-primature-recoit-la-visite-dadieu-du-charge-du-bureau-de-la-coordination-du-systeme-des-nations-unis-a-djibouti#primaryimage","url":"https:\/\/static.africa-press.net\/djibouti\/sites\/52\/2023\/08\/sm_1692632100.306466.jpg","contentUrl":"https:\/\/static.africa-press.net\/djibouti\/sites\/52\/2023\/08\/sm_1692632100.306466.jpg","width":1080,"height":604,"caption":"Le Secr\u00e9taire G\u00e9n\u00e9ral de la Primature re\u00e7oit la visite d\u2019adieu du charg\u00e9 du bureau de la coordination du syst\u00e8me des Nations-Unis \u00e0 Djibouti"},{"@type":"BreadcrumbList","@id":"https:\/\/www.africa-press.net\/djibouti\/politique\/le-secretaire-general-de-la-primature-recoit-la-visite-dadieu-du-charge-du-bureau-de-la-coordination-du-systeme-des-nations-unis-a-djibouti#breadcrumb","itemListElement":[{"@type":"ListItem","position":1,"name":"Accueil","item":"https:\/\/www.africa-press.net\/djibouti\/"},{"@type":"ListItem","position":2,"name":"Le Secr\u00e9taire G\u00e9n\u00e9ral de la Primature re\u00e7oit la visite d\u2019adieu du charg\u00e9 du bureau de la coordination du syst\u00e8me des Nations-Unis \u00e0 Djibouti"}]},{"@type":"WebSite","@id":"https:\/\/www.africa-press.net\/djibouti\/#website","url":"https:\/\/www.africa-press.net\/djibouti\/","name":"Djibouti","description":"Just another Africa News Agency Sites site","potentialAction":[{"@type":"SearchAction","target":{"@type":"EntryPoint","urlTemplate":"https:\/\/www.africa-press.net\/djibouti\/?s={search_term_string}"},"query-input":{"@type":"PropertyValueSpecification","valueRequired":true,"valueName":"search_term_string"}}],"inLanguage":"fr-FR"},{"@type":"Person","@id":"https:\/\/www.africa-press.net\/djibouti\/#\/schema\/person\/2b1cf3cd81a31e3cd26889ca66d677f1","name":"cfeditorfr"}]}},"_links":{"self":[{"href":"https:\/\/www.africa-press.net\/djibouti\/wp-json\/wp\/v2\/posts\/16936","targetHints":{"allow":["GET"]}}],"collection":[{"href":"https:\/\/www.africa-press.net\/djibouti\/wp-json\/wp\/v2\/posts"}],"about":[{"href":"https:\/\/www.africa-press.net\/djibouti\/wp-json\/wp\/v2\/types\/post"}],"author":[{"embeddable":true,"href":"https:\/\/www.africa-press.net\/djibouti\/wp-json\/wp\/v2\/users\/82"}],"replies":[{"embeddable":true,"href":"https:\/\/www.africa-press.net\/djibouti\/wp-json\/wp\/v2\/comments?post=16936"}],"version-history":[{"count":0,"href":"https:\/\/www.africa-press.net\/djibouti\/wp-json\/wp\/v2\/posts\/16936\/revisions"}],"wp:featuredmedia":[{"embeddable":true,"href":"https:\/\/www.africa-press.net\/djibouti\/wp-json\/wp\/v2\/media\/16935"}],"wp:attachment":[{"href":"https:\/\/www.africa-press.net\/djibouti\/wp-json\/wp\/v2\/media?parent=16936"}],"wp:term":[{"taxonomy":"category","embeddable":true,"href":"https:\/\/www.africa-press.net\/djibouti\/wp-json\/wp\/v2\/categories?post=16936"},{"taxonomy":"post_tag","embeddable":true,"href":"https:\/\/www.africa-press.net\/djibouti\/wp-json\/wp\/v2\/tags?post=16936"}],"curies":[{"name":"wp","href":"https:\/\/api.w.org\/{rel}","templated":true}]}}