{"id":16951,"date":"2023-08-21T18:46:44","date_gmt":"2023-08-21T18:46:44","guid":{"rendered":"https:\/\/www.africa-press.net\/djibouti\/politique\/le-sg-de-la-primature-recoit-en-visite-dadieu-le-numero-2-du-systeme-des-nations-unies-a-djibouti"},"modified":"2023-08-21T19:50:57","modified_gmt":"2023-08-21T19:50:57","slug":"le-sg-de-la-primature-recoit-en-visite-dadieu-le-numero-2-du-systeme-des-nations-unies-a-djibouti","status":"publish","type":"post","link":"https:\/\/www.africa-press.net\/djibouti\/politique\/le-sg-de-la-primature-recoit-en-visite-dadieu-le-numero-2-du-systeme-des-nations-unies-a-djibouti","title":{"rendered":"Le SG de la primature re\u00e7oit en visite d\u2019adieu le num\u00e9ro 2 du syst\u00e8me des Nations-Unies \u00e0 Djibouti"},"content":{"rendered":"<p><span style=\"color: #ff6600\"><strong>Africa-Press &#8211; Djibouti. <\/strong><\/span>Le secre\u0301taire ge\u0301ne\u0301ral de la primature, M. Naguib Abdallah Mohamed Kamil, a rec\u0327u hier en visite d\u2019adieu le nume\u0301ro 2 du syste\u0300me des Nations-Unies a\u0300 Djibouti, M. Nicolas Guinard.<\/p>\n<p>Cette visite d\u2019adieu du charge\u0301 de bureau du syste\u0300me des Nations-Unies marque la fin de service de M. Guinard sur le sol djiboutien. Apre\u0300s Djibouti, il va rejoindre l\u2019e\u0301quipe de l\u2019OIF a\u0300 Paris. A cette occasion, le secre\u0301taire ge\u0301ne\u0301ral de la primature, Naguib Abdallah Mohamed, a salue\u0301 le travail remarquable de M. Nicolas Guinard durant sa mission a\u0300 Djibouti. De son co\u0302te\u0301, le nume\u0301ro 2 du syste\u0300me des Nations-Unis a\u0300 Djibouti a remercie\u0301 le secre\u0301taire ge\u0301ne\u0301ral pour l\u2019accueil qui lui a e\u0301te\u0301 re\u0301serve\u0301 et sa pleine contribution durant sa mission a\u0300 Djibouti.<\/p>\n\r\n                <style type=\"text\/css\">\r\n                    \r\n                    #td_uid_1_69ee6e59a3a1c  .td-doubleSlider-2 .td-item1 {\r\n                        background: url(https:\/\/static.africa-press.net\/djibouti\/sites\/52\/2023\/08\/sm_1692634825.229579-80x60.jpg) 0 0 no-repeat;\r\n                    }\r\n                    #td_uid_1_69ee6e59a3a1c  .td-doubleSlider-2 .td-item2 {\r\n                        background: url(https:\/\/static.africa-press.net\/djibouti\/sites\/52\/2023\/08\/sm_1692634832.708589-80x60.jpg) 0 0 no-repeat;\r\n                    }\r\n                <\/style>\r\n\r\n                <div id=\"td_uid_1_69ee6e59a3a1c\" class=\"td-gallery td-slide-on-2-columns\">\r\n                    <div class=\"post_td_gallery\">\r\n                        <div class=\"td-gallery-slide-top\">\r\n                           <div class=\"td-gallery-title\"><\/div>\r\n\r\n                            <div class=\"td-gallery-controls-wrapper\">\r\n                                <div class=\"td-gallery-slide-count\"><span class=\"td-gallery-slide-item-focus\">1<\/span> de 2<\/div>\r\n                                <div class=\"td-gallery-slide-prev-next-but\">\r\n                                    <i class = \"td-icon-left doubleSliderPrevButton\"><\/i>\r\n                                    <i class = \"td-icon-right doubleSliderNextButton\"><\/i>\r\n                                <\/div>\r\n                            <\/div>\r\n                        <\/div>\r\n\r\n                        <div class = \"td-doubleSlider-1 \">\r\n                            <div class = \"td-slider\">\r\n                                \r\n                    <div class = \"td-slide-item td-item1\">\r\n                        <figure class=\"td-slide-galery-figure td-slide-popup-gallery\">\r\n                            <a class=\"slide-gallery-image-link\" href=\"https:\/\/static.africa-press.net\/djibouti\/sites\/52\/2023\/08\/sm_1692634825.229579.jpg\" title=\"sm_1692634825.229579\"  data-caption=\"\"  data-description=\"\">\r\n                                <img decoding=\"async\" src=\"https:\/\/static.africa-press.net\/djibouti\/sites\/52\/2023\/08\/sm_1692634825.229579.jpg\" srcset=\"https:\/\/static.africa-press.net\/djibouti\/sites\/52\/2023\/08\/sm_1692634825.229579.jpg 1024w, https:\/\/static.africa-press.net\/djibouti\/sites\/52\/2023\/08\/sm_1692634825.229579-300x154.jpg 300w, https:\/\/static.africa-press.net\/djibouti\/sites\/52\/2023\/08\/sm_1692634825.229579-768x393.jpg 768w\" sizes=\"(max-width: 1024px) 100vw, 1024px\" alt=\"\">\r\n                            <\/a>\r\n                            \r\n                        <\/figure>\r\n                    <\/div>\r\n                    <div class = \"td-slide-item td-item2\">\r\n                        <figure class=\"td-slide-galery-figure td-slide-popup-gallery\">\r\n                            <a class=\"slide-gallery-image-link\" href=\"https:\/\/static.africa-press.net\/djibouti\/sites\/52\/2023\/08\/sm_1692634832.708589.jpg\" title=\"sm_1692634832.708589\"  data-caption=\"\"  data-description=\"\">\r\n                                <img decoding=\"async\" src=\"https:\/\/static.africa-press.net\/djibouti\/sites\/52\/2023\/08\/sm_1692634832.708589.jpg\" srcset=\"https:\/\/static.africa-press.net\/djibouti\/sites\/52\/2023\/08\/sm_1692634832.708589.jpg 696w, https:\/\/static.africa-press.net\/djibouti\/sites\/52\/2023\/08\/sm_1692634832.708589-300x168.jpg 300w\" sizes=\"(max-width: 696px) 100vw, 696px\" alt=\"\">\r\n                            <\/a>\r\n                            \r\n                        <\/figure>\r\n                    <\/div>\r\n                            <\/div>\r\n                        <\/div>\r\n\r\n                        <div class = \"td-doubleSlider-2\">\r\n                            <div class = \"td-slider\">\r\n                                \r\n                    <div class = \"td-button td-item1\">\r\n                        <div class = \"td-border\"><\/div>\r\n                    <\/div>\r\n                    <div class = \"td-button td-item2\">\r\n                        <div class = \"td-border\"><\/div>\r\n                    <\/div>\r\n                            <\/div>\r\n                        <\/div>\r\n\r\n                    <\/div>\r\n\r\n                <\/div>\r\n                \n<p><strong>Pour plus d&rsquo;informations et d&rsquo;analyses sur la <a href=\"https:\/\/www.africa-press.net\/djibouti\">Djibouti<\/a>, suivez <a href=\"https:\/\/www.africa-press.net\/\">Africa-Press<\/a><\/strong><\/p>\n","protected":false},"excerpt":{"rendered":"<p>Africa-Press &#8211; Djibouti. Le secre\u0301taire ge\u0301ne\u0301ral de la primature, M. Naguib Abdallah Mohamed Kamil, a rec\u0327u hier en visite d\u2019adieu le nume\u0301ro 2 du syste\u0300me des Nations-Unies a\u0300 Djibouti, M. Nicolas Guinard. Cette visite d\u2019adieu du charge\u0301 de bureau du syste\u0300me des Nations-Unies marque la fin de service de M. Guinard sur le sol djiboutien. [&hellip;]<\/p>\n","protected":false},"author":82,"featured_media":16949,"comment_status":"open","ping_status":"closed","sticky":false,"template":"","format":"standard","meta":{"footnotes":""},"categories":[8,2,20,10],"tags":[36,49,50],"class_list":["post-16951","post","type-post","status-publish","format-standard","has-post-thumbnail","hentry","category-photo","category-politique","category-top-nouvelles","category-toutes-les-actualites","tag-africa-press","tag-africa-press-djibouti","tag-djibouti"],"yoast_head":"<!-- This site is optimized with the Yoast SEO Premium plugin v26.1 (Yoast SEO v27.0) - https:\/\/yoast.com\/product\/yoast-seo-premium-wordpress\/ -->\n<title>Le SG de la primature re\u00e7oit en visite d\u2019adieu le num\u00e9ro 2 du syst\u00e8me des Nations-Unies \u00e0 Djibouti - Djibouti<\/title>\n<meta name=\"description\" content=\"Le secre\u0301taire ge\u0301ne\u0301ral de la primature, M. Naguib Abdallah Mohamed Kamil, a rec\u0327u hier en visite d\u2019adieu le nume\u0301ro 2 ...\" \/>\n<meta name=\"robots\" content=\"index, follow, max-snippet:-1, max-image-preview:large, max-video-preview:-1\" \/>\n<link rel=\"canonical\" href=\"https:\/\/www.africa-press.net\/djibouti\/politique\/le-sg-de-la-primature-recoit-en-visite-dadieu-le-numero-2-du-systeme-des-nations-unies-a-djibouti\" \/>\n<meta property=\"og:locale\" content=\"fr_FR\" \/>\n<meta property=\"og:type\" content=\"article\" \/>\n<meta property=\"og:title\" content=\"Le SG de la primature re\u00e7oit en visite d\u2019adieu le num\u00e9ro 2 du syst\u00e8me des Nations-Unies \u00e0 Djibouti\" \/>\n<meta property=\"og:description\" content=\"Le secre\u0301taire ge\u0301ne\u0301ral de la primature, M. Naguib Abdallah Mohamed Kamil, a rec\u0327u hier en visite d\u2019adieu le nume\u0301ro 2 ...\" \/>\n<meta property=\"og:url\" content=\"https:\/\/www.africa-press.net\/djibouti\/politique\/le-sg-de-la-primature-recoit-en-visite-dadieu-le-numero-2-du-systeme-des-nations-unies-a-djibouti\" \/>\n<meta property=\"og:site_name\" content=\"Djibouti\" \/>\n<meta property=\"article:published_time\" content=\"2023-08-21T18:46:44+00:00\" \/>\n<meta property=\"article:modified_time\" content=\"2023-08-21T19:50:57+00:00\" \/>\n<meta property=\"og:image\" content=\"https:\/\/static.africa-press.net\/djibouti\/sites\/52\/2023\/08\/sm_1692634839.169404.jpg\" \/>\n\t<meta property=\"og:image:width\" content=\"720\" \/>\n\t<meta property=\"og:image:height\" content=\"402\" \/>\n\t<meta property=\"og:image:type\" content=\"image\/jpeg\" \/>\n<meta name=\"author\" content=\"cfeditorfr\" \/>\n<meta name=\"twitter:card\" content=\"summary_large_image\" \/>\n<meta name=\"twitter:label1\" content=\"\u00c9crit par\" \/>\n\t<meta name=\"twitter:data1\" content=\"cfeditorfr\" \/>\n\t<meta name=\"twitter:label2\" content=\"Dur\u00e9e de lecture estim\u00e9e\" \/>\n\t<meta name=\"twitter:data2\" content=\"1 minute\" \/>\n<script type=\"application\/ld+json\" class=\"yoast-schema-graph\">{\"@context\":\"https:\/\/schema.org\",\"@graph\":[{\"@type\":\"Article\",\"@id\":\"https:\/\/www.africa-press.net\/djibouti\/politique\/le-sg-de-la-primature-recoit-en-visite-dadieu-le-numero-2-du-systeme-des-nations-unies-a-djibouti#article\",\"isPartOf\":{\"@id\":\"https:\/\/www.africa-press.net\/djibouti\/politique\/le-sg-de-la-primature-recoit-en-visite-dadieu-le-numero-2-du-systeme-des-nations-unies-a-djibouti\"},\"author\":{\"name\":\"cfeditorfr\",\"@id\":\"https:\/\/www.africa-press.net\/djibouti\/#\/schema\/person\/2b1cf3cd81a31e3cd26889ca66d677f1\"},\"headline\":\"Le SG de la primature re\u00e7oit en visite d\u2019adieu le num\u00e9ro 2 du syst\u00e8me des Nations-Unies \u00e0 Djibouti\",\"datePublished\":\"2023-08-21T18:46:44+00:00\",\"dateModified\":\"2023-08-21T19:50:57+00:00\",\"mainEntityOfPage\":{\"@id\":\"https:\/\/www.africa-press.net\/djibouti\/politique\/le-sg-de-la-primature-recoit-en-visite-dadieu-le-numero-2-du-systeme-des-nations-unies-a-djibouti\"},\"wordCount\":189,\"commentCount\":0,\"image\":{\"@id\":\"https:\/\/www.africa-press.net\/djibouti\/politique\/le-sg-de-la-primature-recoit-en-visite-dadieu-le-numero-2-du-systeme-des-nations-unies-a-djibouti#primaryimage\"},\"thumbnailUrl\":\"https:\/\/static.africa-press.net\/djibouti\/sites\/52\/2023\/08\/sm_1692634839.169404.jpg\",\"keywords\":[\"Africa Press\",\"Africa Press-Djibouti\",\"Djibouti\"],\"articleSection\":[\"Photo\",\"Politique\",\"Top Nouvelles\",\"Toutes les actualit\u00e9s\"],\"inLanguage\":\"fr-FR\",\"potentialAction\":[{\"@type\":\"CommentAction\",\"name\":\"Comment\",\"target\":[\"https:\/\/www.africa-press.net\/djibouti\/politique\/le-sg-de-la-primature-recoit-en-visite-dadieu-le-numero-2-du-systeme-des-nations-unies-a-djibouti#respond\"]}]},{\"@type\":\"WebPage\",\"@id\":\"https:\/\/www.africa-press.net\/djibouti\/politique\/le-sg-de-la-primature-recoit-en-visite-dadieu-le-numero-2-du-systeme-des-nations-unies-a-djibouti\",\"url\":\"https:\/\/www.africa-press.net\/djibouti\/politique\/le-sg-de-la-primature-recoit-en-visite-dadieu-le-numero-2-du-systeme-des-nations-unies-a-djibouti\",\"name\":\"Le SG de la primature re\u00e7oit en visite d\u2019adieu le num\u00e9ro 2 du syst\u00e8me des Nations-Unies \u00e0 Djibouti - Djibouti\",\"isPartOf\":{\"@id\":\"https:\/\/www.africa-press.net\/djibouti\/#website\"},\"primaryImageOfPage\":{\"@id\":\"https:\/\/www.africa-press.net\/djibouti\/politique\/le-sg-de-la-primature-recoit-en-visite-dadieu-le-numero-2-du-systeme-des-nations-unies-a-djibouti#primaryimage\"},\"image\":{\"@id\":\"https:\/\/www.africa-press.net\/djibouti\/politique\/le-sg-de-la-primature-recoit-en-visite-dadieu-le-numero-2-du-systeme-des-nations-unies-a-djibouti#primaryimage\"},\"thumbnailUrl\":\"https:\/\/static.africa-press.net\/djibouti\/sites\/52\/2023\/08\/sm_1692634839.169404.jpg\",\"datePublished\":\"2023-08-21T18:46:44+00:00\",\"dateModified\":\"2023-08-21T19:50:57+00:00\",\"author\":{\"@id\":\"https:\/\/www.africa-press.net\/djibouti\/#\/schema\/person\/2b1cf3cd81a31e3cd26889ca66d677f1\"},\"description\":\"Le secre\u0301taire ge\u0301ne\u0301ral de la primature, M. Naguib Abdallah Mohamed Kamil, a rec\u0327u hier en visite d\u2019adieu le nume\u0301ro 2 ...\",\"breadcrumb\":{\"@id\":\"https:\/\/www.africa-press.net\/djibouti\/politique\/le-sg-de-la-primature-recoit-en-visite-dadieu-le-numero-2-du-systeme-des-nations-unies-a-djibouti#breadcrumb\"},\"inLanguage\":\"fr-FR\",\"potentialAction\":[{\"@type\":\"ReadAction\",\"target\":[\"https:\/\/www.africa-press.net\/djibouti\/politique\/le-sg-de-la-primature-recoit-en-visite-dadieu-le-numero-2-du-systeme-des-nations-unies-a-djibouti\"]}]},{\"@type\":\"ImageObject\",\"inLanguage\":\"fr-FR\",\"@id\":\"https:\/\/www.africa-press.net\/djibouti\/politique\/le-sg-de-la-primature-recoit-en-visite-dadieu-le-numero-2-du-systeme-des-nations-unies-a-djibouti#primaryimage\",\"url\":\"https:\/\/static.africa-press.net\/djibouti\/sites\/52\/2023\/08\/sm_1692634839.169404.jpg\",\"contentUrl\":\"https:\/\/static.africa-press.net\/djibouti\/sites\/52\/2023\/08\/sm_1692634839.169404.jpg\",\"width\":720,\"height\":402,\"caption\":\"Le SG de la primature re\u00e7oit en visite d\u2019adieu le num\u00e9ro 2 du syst\u00e8me des Nations-Unies \u00e0 Djibouti\"},{\"@type\":\"BreadcrumbList\",\"@id\":\"https:\/\/www.africa-press.net\/djibouti\/politique\/le-sg-de-la-primature-recoit-en-visite-dadieu-le-numero-2-du-systeme-des-nations-unies-a-djibouti#breadcrumb\",\"itemListElement\":[{\"@type\":\"ListItem\",\"position\":1,\"name\":\"Accueil\",\"item\":\"https:\/\/www.africa-press.net\/djibouti\/\"},{\"@type\":\"ListItem\",\"position\":2,\"name\":\"Le SG de la primature re\u00e7oit en visite d\u2019adieu le num\u00e9ro 2 du syst\u00e8me des Nations-Unies \u00e0 Djibouti\"}]},{\"@type\":\"WebSite\",\"@id\":\"https:\/\/www.africa-press.net\/djibouti\/#website\",\"url\":\"https:\/\/www.africa-press.net\/djibouti\/\",\"name\":\"Djibouti\",\"description\":\"Just another Africa News Agency Sites site\",\"potentialAction\":[{\"@type\":\"SearchAction\",\"target\":{\"@type\":\"EntryPoint\",\"urlTemplate\":\"https:\/\/www.africa-press.net\/djibouti\/?s={search_term_string}\"},\"query-input\":{\"@type\":\"PropertyValueSpecification\",\"valueRequired\":true,\"valueName\":\"search_term_string\"}}],\"inLanguage\":\"fr-FR\"},{\"@type\":\"Person\",\"@id\":\"https:\/\/www.africa-press.net\/djibouti\/#\/schema\/person\/2b1cf3cd81a31e3cd26889ca66d677f1\",\"name\":\"cfeditorfr\"}]}<\/script>\n<!-- \/ Yoast SEO Premium plugin. -->","yoast_head_json":{"title":"Le SG de la primature re\u00e7oit en visite d\u2019adieu le num\u00e9ro 2 du syst\u00e8me des Nations-Unies \u00e0 Djibouti - Djibouti","description":"Le secre\u0301taire ge\u0301ne\u0301ral de la primature, M. Naguib Abdallah Mohamed Kamil, a rec\u0327u hier en visite d\u2019adieu le nume\u0301ro 2 ...","robots":{"index":"index","follow":"follow","max-snippet":"max-snippet:-1","max-image-preview":"max-image-preview:large","max-video-preview":"max-video-preview:-1"},"canonical":"https:\/\/www.africa-press.net\/djibouti\/politique\/le-sg-de-la-primature-recoit-en-visite-dadieu-le-numero-2-du-systeme-des-nations-unies-a-djibouti","og_locale":"fr_FR","og_type":"article","og_title":"Le SG de la primature re\u00e7oit en visite d\u2019adieu le num\u00e9ro 2 du syst\u00e8me des Nations-Unies \u00e0 Djibouti","og_description":"Le secre\u0301taire ge\u0301ne\u0301ral de la primature, M. Naguib Abdallah Mohamed Kamil, a rec\u0327u hier en visite d\u2019adieu le nume\u0301ro 2 ...","og_url":"https:\/\/www.africa-press.net\/djibouti\/politique\/le-sg-de-la-primature-recoit-en-visite-dadieu-le-numero-2-du-systeme-des-nations-unies-a-djibouti","og_site_name":"Djibouti","article_published_time":"2023-08-21T18:46:44+00:00","article_modified_time":"2023-08-21T19:50:57+00:00","og_image":[{"width":720,"height":402,"url":"https:\/\/static.africa-press.net\/djibouti\/sites\/52\/2023\/08\/sm_1692634839.169404.jpg","type":"image\/jpeg"}],"author":"cfeditorfr","twitter_card":"summary_large_image","twitter_misc":{"\u00c9crit par":"cfeditorfr","Dur\u00e9e de lecture estim\u00e9e":"1 minute"},"schema":{"@context":"https:\/\/schema.org","@graph":[{"@type":"Article","@id":"https:\/\/www.africa-press.net\/djibouti\/politique\/le-sg-de-la-primature-recoit-en-visite-dadieu-le-numero-2-du-systeme-des-nations-unies-a-djibouti#article","isPartOf":{"@id":"https:\/\/www.africa-press.net\/djibouti\/politique\/le-sg-de-la-primature-recoit-en-visite-dadieu-le-numero-2-du-systeme-des-nations-unies-a-djibouti"},"author":{"name":"cfeditorfr","@id":"https:\/\/www.africa-press.net\/djibouti\/#\/schema\/person\/2b1cf3cd81a31e3cd26889ca66d677f1"},"headline":"Le SG de la primature re\u00e7oit en visite d\u2019adieu le num\u00e9ro 2 du syst\u00e8me des Nations-Unies \u00e0 Djibouti","datePublished":"2023-08-21T18:46:44+00:00","dateModified":"2023-08-21T19:50:57+00:00","mainEntityOfPage":{"@id":"https:\/\/www.africa-press.net\/djibouti\/politique\/le-sg-de-la-primature-recoit-en-visite-dadieu-le-numero-2-du-systeme-des-nations-unies-a-djibouti"},"wordCount":189,"commentCount":0,"image":{"@id":"https:\/\/www.africa-press.net\/djibouti\/politique\/le-sg-de-la-primature-recoit-en-visite-dadieu-le-numero-2-du-systeme-des-nations-unies-a-djibouti#primaryimage"},"thumbnailUrl":"https:\/\/static.africa-press.net\/djibouti\/sites\/52\/2023\/08\/sm_1692634839.169404.jpg","keywords":["Africa Press","Africa Press-Djibouti","Djibouti"],"articleSection":["Photo","Politique","Top Nouvelles","Toutes les actualit\u00e9s"],"inLanguage":"fr-FR","potentialAction":[{"@type":"CommentAction","name":"Comment","target":["https:\/\/www.africa-press.net\/djibouti\/politique\/le-sg-de-la-primature-recoit-en-visite-dadieu-le-numero-2-du-systeme-des-nations-unies-a-djibouti#respond"]}]},{"@type":"WebPage","@id":"https:\/\/www.africa-press.net\/djibouti\/politique\/le-sg-de-la-primature-recoit-en-visite-dadieu-le-numero-2-du-systeme-des-nations-unies-a-djibouti","url":"https:\/\/www.africa-press.net\/djibouti\/politique\/le-sg-de-la-primature-recoit-en-visite-dadieu-le-numero-2-du-systeme-des-nations-unies-a-djibouti","name":"Le SG de la primature re\u00e7oit en visite d\u2019adieu le num\u00e9ro 2 du syst\u00e8me des Nations-Unies \u00e0 Djibouti - Djibouti","isPartOf":{"@id":"https:\/\/www.africa-press.net\/djibouti\/#website"},"primaryImageOfPage":{"@id":"https:\/\/www.africa-press.net\/djibouti\/politique\/le-sg-de-la-primature-recoit-en-visite-dadieu-le-numero-2-du-systeme-des-nations-unies-a-djibouti#primaryimage"},"image":{"@id":"https:\/\/www.africa-press.net\/djibouti\/politique\/le-sg-de-la-primature-recoit-en-visite-dadieu-le-numero-2-du-systeme-des-nations-unies-a-djibouti#primaryimage"},"thumbnailUrl":"https:\/\/static.africa-press.net\/djibouti\/sites\/52\/2023\/08\/sm_1692634839.169404.jpg","datePublished":"2023-08-21T18:46:44+00:00","dateModified":"2023-08-21T19:50:57+00:00","author":{"@id":"https:\/\/www.africa-press.net\/djibouti\/#\/schema\/person\/2b1cf3cd81a31e3cd26889ca66d677f1"},"description":"Le secre\u0301taire ge\u0301ne\u0301ral de la primature, M. Naguib Abdallah Mohamed Kamil, a rec\u0327u hier en visite d\u2019adieu le nume\u0301ro 2 ...","breadcrumb":{"@id":"https:\/\/www.africa-press.net\/djibouti\/politique\/le-sg-de-la-primature-recoit-en-visite-dadieu-le-numero-2-du-systeme-des-nations-unies-a-djibouti#breadcrumb"},"inLanguage":"fr-FR","potentialAction":[{"@type":"ReadAction","target":["https:\/\/www.africa-press.net\/djibouti\/politique\/le-sg-de-la-primature-recoit-en-visite-dadieu-le-numero-2-du-systeme-des-nations-unies-a-djibouti"]}]},{"@type":"ImageObject","inLanguage":"fr-FR","@id":"https:\/\/www.africa-press.net\/djibouti\/politique\/le-sg-de-la-primature-recoit-en-visite-dadieu-le-numero-2-du-systeme-des-nations-unies-a-djibouti#primaryimage","url":"https:\/\/static.africa-press.net\/djibouti\/sites\/52\/2023\/08\/sm_1692634839.169404.jpg","contentUrl":"https:\/\/static.africa-press.net\/djibouti\/sites\/52\/2023\/08\/sm_1692634839.169404.jpg","width":720,"height":402,"caption":"Le SG de la primature re\u00e7oit en visite d\u2019adieu le num\u00e9ro 2 du syst\u00e8me des Nations-Unies \u00e0 Djibouti"},{"@type":"BreadcrumbList","@id":"https:\/\/www.africa-press.net\/djibouti\/politique\/le-sg-de-la-primature-recoit-en-visite-dadieu-le-numero-2-du-systeme-des-nations-unies-a-djibouti#breadcrumb","itemListElement":[{"@type":"ListItem","position":1,"name":"Accueil","item":"https:\/\/www.africa-press.net\/djibouti\/"},{"@type":"ListItem","position":2,"name":"Le SG de la primature re\u00e7oit en visite d\u2019adieu le num\u00e9ro 2 du syst\u00e8me des Nations-Unies \u00e0 Djibouti"}]},{"@type":"WebSite","@id":"https:\/\/www.africa-press.net\/djibouti\/#website","url":"https:\/\/www.africa-press.net\/djibouti\/","name":"Djibouti","description":"Just another Africa News Agency Sites site","potentialAction":[{"@type":"SearchAction","target":{"@type":"EntryPoint","urlTemplate":"https:\/\/www.africa-press.net\/djibouti\/?s={search_term_string}"},"query-input":{"@type":"PropertyValueSpecification","valueRequired":true,"valueName":"search_term_string"}}],"inLanguage":"fr-FR"},{"@type":"Person","@id":"https:\/\/www.africa-press.net\/djibouti\/#\/schema\/person\/2b1cf3cd81a31e3cd26889ca66d677f1","name":"cfeditorfr"}]}},"_links":{"self":[{"href":"https:\/\/www.africa-press.net\/djibouti\/wp-json\/wp\/v2\/posts\/16951","targetHints":{"allow":["GET"]}}],"collection":[{"href":"https:\/\/www.africa-press.net\/djibouti\/wp-json\/wp\/v2\/posts"}],"about":[{"href":"https:\/\/www.africa-press.net\/djibouti\/wp-json\/wp\/v2\/types\/post"}],"author":[{"embeddable":true,"href":"https:\/\/www.africa-press.net\/djibouti\/wp-json\/wp\/v2\/users\/82"}],"replies":[{"embeddable":true,"href":"https:\/\/www.africa-press.net\/djibouti\/wp-json\/wp\/v2\/comments?post=16951"}],"version-history":[{"count":0,"href":"https:\/\/www.africa-press.net\/djibouti\/wp-json\/wp\/v2\/posts\/16951\/revisions"}],"wp:featuredmedia":[{"embeddable":true,"href":"https:\/\/www.africa-press.net\/djibouti\/wp-json\/wp\/v2\/media\/16949"}],"wp:attachment":[{"href":"https:\/\/www.africa-press.net\/djibouti\/wp-json\/wp\/v2\/media?parent=16951"}],"wp:term":[{"taxonomy":"category","embeddable":true,"href":"https:\/\/www.africa-press.net\/djibouti\/wp-json\/wp\/v2\/categories?post=16951"},{"taxonomy":"post_tag","embeddable":true,"href":"https:\/\/www.africa-press.net\/djibouti\/wp-json\/wp\/v2\/tags?post=16951"}],"curies":[{"name":"wp","href":"https:\/\/api.w.org\/{rel}","templated":true}]}}