{"id":16956,"date":"2023-08-21T18:47:12","date_gmt":"2023-08-21T18:47:12","guid":{"rendered":"https:\/\/www.africa-press.net\/djibouti\/politique\/mjc-cloture-de-la-formation-sur-leconomie-verte-a-guirrori"},"modified":"2023-08-21T19:51:27","modified_gmt":"2023-08-21T19:51:27","slug":"mjc-cloture-de-la-formation-sur-leconomie-verte-a-guirrori","status":"publish","type":"post","link":"https:\/\/www.africa-press.net\/djibouti\/economie\/mjc-cloture-de-la-formation-sur-leconomie-verte-a-guirrori","title":{"rendered":"MJC : Cl\u00f4ture de la formation sur l\u2019\u00e9conomie verte \u00e0 Guirrori"},"content":{"rendered":"<p><span style=\"color: #ff6600\"><strong>Africa-Press &#8211; Djibouti. <\/strong><\/span>Une ce\u0301re\u0301monie de clo\u0302ture et de remise des attestations de fin de formation a eu lieu jeudi dernier au sein du CDC de Guirrori pour les 45 jeunes issus de 3 localite\u0301s de Tadjourah (Adaillou, Dafeineytou et Girrori) qui ont suivi du 13 au 17 aou\u0302t 2023une formation d\u2019initiation aux me\u0301tiers de l\u2019e\u0301conomie verte.<\/p>\n<p>Les be\u0301ne\u0301ficiaires de cette formation ont eu l\u2019opportunite\u0301 d\u2019acque\u0301rir des connaissances et des compe\u0301tences dans des domaines tels que l\u2019agriculture durable, les techniques d\u2019irrigation, l\u2019e\u0301nergie renouvelable, la gestion des de\u0301chets et la pre\u0301servation de la biodiversite\u0301, entre autres.<\/p>\n<p>Durant cette pe\u0301riode de cinq jours, ils ont profite\u0301 e\u0301galement de se\u0301ances de pratique sur des pe\u0301rime\u0300tres agricoles afin de leur permettre de de\u0301couvrir des projets de de\u0301veloppement durable concrets. Mene\u0301e a\u0300 l\u2019initiative du ministe\u0300re de la Jeunesse et de la Culture (MJC), en collaboration avec le ministe\u0300re de l\u2019Environnement et du De\u0301veloppement Durable (MEDD), le ministe\u0300re de l\u2019Agriculture, de l\u2019Elevage, de la Pe\u0302che, de l\u2019Eau et des Ressources Halieutiques (MAEP-RH) et les coope\u0301ratives agricoles des localite\u0301s de Wei\u0308ma, cette formation permettra d\u2019augmenter l\u2019implication des jeunes dans l\u2019industrie agricole et la cre\u0301ation d\u2019entreprises dans ce secteur, d\u2019inviter les jeunes a\u0300 devenir des leaders de changement dans leurs communaute\u0301s respectives et de profiter des opportunite\u0301s de cre\u0301ation d\u2019emplois pour eux-me\u0302mes et pour les autres.<\/p>\n<p>Enfin, ce fut un renforcement de capacite\u0301s en faveur des jeunes de\u0301ja\u0300 engage\u0301s dans le secteur agricole.Le directeur des re\u0301gions, M.Souleiman Houmad Abdi, et le directeur de l\u2019Insertion Economique du MJC, M. Ismail Osman Ahmed,ainsi que le chef du village, les sages de la localite\u0301 de Guirrori et les membres des coope\u0301ratives de Dafeineytou ont pris part a\u0300 la ce\u0301re\u0301monie de clo\u0302ture. Les jeunes participants ont rec\u0327u leurs attestations des mains des repre\u0301sentants officiels.<\/p>\n\r\n                <style type=\"text\/css\">\r\n                    \r\n                    #td_uid_1_69ee6e6750577  .td-doubleSlider-2 .td-item1 {\r\n                        background: url(https:\/\/static.africa-press.net\/djibouti\/sites\/52\/2023\/08\/sm_1692634851.437939-80x60.jpg) 0 0 no-repeat;\r\n                    }\r\n                    #td_uid_1_69ee6e6750577  .td-doubleSlider-2 .td-item2 {\r\n                        background: url(https:\/\/static.africa-press.net\/djibouti\/sites\/52\/2023\/08\/sm_1692634862.655141-80x60.jpg) 0 0 no-repeat;\r\n                    }\r\n                <\/style>\r\n\r\n                <div id=\"td_uid_1_69ee6e6750577\" class=\"td-gallery td-slide-on-2-columns\">\r\n                    <div class=\"post_td_gallery\">\r\n                        <div class=\"td-gallery-slide-top\">\r\n                           <div class=\"td-gallery-title\"><\/div>\r\n\r\n                            <div class=\"td-gallery-controls-wrapper\">\r\n                                <div class=\"td-gallery-slide-count\"><span class=\"td-gallery-slide-item-focus\">1<\/span> de 2<\/div>\r\n                                <div class=\"td-gallery-slide-prev-next-but\">\r\n                                    <i class = \"td-icon-left doubleSliderPrevButton\"><\/i>\r\n                                    <i class = \"td-icon-right doubleSliderNextButton\"><\/i>\r\n                                <\/div>\r\n                            <\/div>\r\n                        <\/div>\r\n\r\n                        <div class = \"td-doubleSlider-1 \">\r\n                            <div class = \"td-slider\">\r\n                                \r\n                    <div class = \"td-slide-item td-item1\">\r\n                        <figure class=\"td-slide-galery-figure td-slide-popup-gallery\">\r\n                            <a class=\"slide-gallery-image-link\" href=\"https:\/\/static.africa-press.net\/djibouti\/sites\/52\/2023\/08\/sm_1692634851.437939.jpg\" title=\"sm_1692634851.437939\"  data-caption=\"\"  data-description=\"\">\r\n                                <img decoding=\"async\" src=\"https:\/\/static.africa-press.net\/djibouti\/sites\/52\/2023\/08\/sm_1692634851.437939.jpg\" srcset=\"https:\/\/static.africa-press.net\/djibouti\/sites\/52\/2023\/08\/sm_1692634851.437939.jpg 1024w, https:\/\/static.africa-press.net\/djibouti\/sites\/52\/2023\/08\/sm_1692634851.437939-300x168.jpg 300w, https:\/\/static.africa-press.net\/djibouti\/sites\/52\/2023\/08\/sm_1692634851.437939-768x431.jpg 768w\" sizes=\"(max-width: 1024px) 100vw, 1024px\" alt=\"\">\r\n                            <\/a>\r\n                            \r\n                        <\/figure>\r\n                    <\/div>\r\n                    <div class = \"td-slide-item td-item2\">\r\n                        <figure class=\"td-slide-galery-figure td-slide-popup-gallery\">\r\n                            <a class=\"slide-gallery-image-link\" href=\"https:\/\/static.africa-press.net\/djibouti\/sites\/52\/2023\/08\/sm_1692634862.655141.jpg\" title=\"sm_1692634862.655141\"  data-caption=\"\"  data-description=\"\">\r\n                                <img decoding=\"async\" src=\"https:\/\/static.africa-press.net\/djibouti\/sites\/52\/2023\/08\/sm_1692634862.655141.jpg\" srcset=\"https:\/\/static.africa-press.net\/djibouti\/sites\/52\/2023\/08\/sm_1692634862.655141.jpg 1024w, https:\/\/static.africa-press.net\/djibouti\/sites\/52\/2023\/08\/sm_1692634862.655141-300x200.jpg 300w, https:\/\/static.africa-press.net\/djibouti\/sites\/52\/2023\/08\/sm_1692634862.655141-768x512.jpg 768w\" sizes=\"(max-width: 1024px) 100vw, 1024px\" alt=\"\">\r\n                            <\/a>\r\n                            \r\n                        <\/figure>\r\n                    <\/div>\r\n                            <\/div>\r\n                        <\/div>\r\n\r\n                        <div class = \"td-doubleSlider-2\">\r\n                            <div class = \"td-slider\">\r\n                                \r\n                    <div class = \"td-button td-item1\">\r\n                        <div class = \"td-border\"><\/div>\r\n                    <\/div>\r\n                    <div class = \"td-button td-item2\">\r\n                        <div class = \"td-border\"><\/div>\r\n                    <\/div>\r\n                            <\/div>\r\n                        <\/div>\r\n\r\n                    <\/div>\r\n\r\n                <\/div>\r\n                \n<p><strong>Pour plus d&rsquo;informations et d&rsquo;analyses sur la <a href=\"https:\/\/www.africa-press.net\/djibouti\">Djibouti<\/a>, suivez <a href=\"https:\/\/www.africa-press.net\/\">Africa-Press<\/a><\/strong><\/p>\n","protected":false},"excerpt":{"rendered":"<p>Africa-Press &#8211; Djibouti. Une ce\u0301re\u0301monie de clo\u0302ture et de remise des attestations de fin de formation a eu lieu jeudi dernier au sein du CDC de Guirrori pour les 45 jeunes issus de 3 localite\u0301s de Tadjourah (Adaillou, Dafeineytou et Girrori) qui ont suivi du 13 au 17 aou\u0302t 2023une formation d\u2019initiation aux me\u0301tiers de [&hellip;]<\/p>\n","protected":false},"author":82,"featured_media":16955,"comment_status":"open","ping_status":"closed","sticky":false,"template":"","format":"standard","meta":{"footnotes":""},"categories":[3,8,10],"tags":[36,49,50],"class_list":["post-16956","post","type-post","status-publish","format-standard","has-post-thumbnail","hentry","category-economie","category-photo","category-toutes-les-actualites","tag-africa-press","tag-africa-press-djibouti","tag-djibouti"],"yoast_head":"<!-- This site is optimized with the Yoast SEO Premium plugin v26.1 (Yoast SEO v27.0) - https:\/\/yoast.com\/product\/yoast-seo-premium-wordpress\/ -->\n<title>MJC : Cl\u00f4ture de la formation sur l\u2019\u00e9conomie verte \u00e0 Guirrori - Djibouti<\/title>\n<meta name=\"description\" content=\"Une ce\u0301re\u0301monie de clo\u0302ture et de remise des attestations de fin de formation a eu lieu jeudi dernier au sein du CDC de ...\" \/>\n<meta name=\"robots\" content=\"index, follow, max-snippet:-1, max-image-preview:large, max-video-preview:-1\" \/>\n<link rel=\"canonical\" href=\"https:\/\/www.africa-press.net\/djibouti\/economie\/mjc-cloture-de-la-formation-sur-leconomie-verte-a-guirrori\" \/>\n<meta property=\"og:locale\" content=\"fr_FR\" \/>\n<meta property=\"og:type\" content=\"article\" \/>\n<meta property=\"og:title\" content=\"MJC : Cl\u00f4ture de la formation sur l\u2019\u00e9conomie verte \u00e0 Guirrori\" \/>\n<meta property=\"og:description\" content=\"Une ce\u0301re\u0301monie de clo\u0302ture et de remise des attestations de fin de formation a eu lieu jeudi dernier au sein du CDC de ...\" \/>\n<meta property=\"og:url\" content=\"https:\/\/www.africa-press.net\/djibouti\/economie\/mjc-cloture-de-la-formation-sur-leconomie-verte-a-guirrori\" \/>\n<meta property=\"og:site_name\" content=\"Djibouti\" \/>\n<meta property=\"article:published_time\" content=\"2023-08-21T18:47:12+00:00\" \/>\n<meta property=\"article:modified_time\" content=\"2023-08-21T19:51:27+00:00\" \/>\n<meta property=\"og:image\" content=\"https:\/\/static.africa-press.net\/djibouti\/sites\/52\/2023\/08\/sm_1692634870.986457.jpg\" \/>\n\t<meta property=\"og:image:width\" content=\"720\" \/>\n\t<meta property=\"og:image:height\" content=\"480\" \/>\n\t<meta property=\"og:image:type\" content=\"image\/jpeg\" \/>\n<meta name=\"author\" content=\"cfeditorfr\" \/>\n<meta name=\"twitter:card\" content=\"summary_large_image\" \/>\n<meta name=\"twitter:label1\" content=\"\u00c9crit par\" \/>\n\t<meta name=\"twitter:data1\" content=\"cfeditorfr\" \/>\n\t<meta name=\"twitter:label2\" content=\"Dur\u00e9e de lecture estim\u00e9e\" \/>\n\t<meta name=\"twitter:data2\" content=\"2 minutes\" \/>\n<script type=\"application\/ld+json\" class=\"yoast-schema-graph\">{\"@context\":\"https:\/\/schema.org\",\"@graph\":[{\"@type\":\"Article\",\"@id\":\"https:\/\/www.africa-press.net\/djibouti\/economie\/mjc-cloture-de-la-formation-sur-leconomie-verte-a-guirrori#article\",\"isPartOf\":{\"@id\":\"https:\/\/www.africa-press.net\/djibouti\/economie\/mjc-cloture-de-la-formation-sur-leconomie-verte-a-guirrori\"},\"author\":{\"name\":\"cfeditorfr\",\"@id\":\"https:\/\/www.africa-press.net\/djibouti\/#\/schema\/person\/2b1cf3cd81a31e3cd26889ca66d677f1\"},\"headline\":\"MJC : Cl\u00f4ture de la formation sur l\u2019\u00e9conomie verte \u00e0 Guirrori\",\"datePublished\":\"2023-08-21T18:47:12+00:00\",\"dateModified\":\"2023-08-21T19:51:27+00:00\",\"mainEntityOfPage\":{\"@id\":\"https:\/\/www.africa-press.net\/djibouti\/economie\/mjc-cloture-de-la-formation-sur-leconomie-verte-a-guirrori\"},\"wordCount\":388,\"commentCount\":0,\"image\":{\"@id\":\"https:\/\/www.africa-press.net\/djibouti\/economie\/mjc-cloture-de-la-formation-sur-leconomie-verte-a-guirrori#primaryimage\"},\"thumbnailUrl\":\"https:\/\/static.africa-press.net\/djibouti\/sites\/52\/2023\/08\/sm_1692634870.986457.jpg\",\"keywords\":[\"Africa Press\",\"Africa Press-Djibouti\",\"Djibouti\"],\"articleSection\":[\"\u00c9conomie\",\"Photo\",\"Toutes les actualit\u00e9s\"],\"inLanguage\":\"fr-FR\",\"potentialAction\":[{\"@type\":\"CommentAction\",\"name\":\"Comment\",\"target\":[\"https:\/\/www.africa-press.net\/djibouti\/economie\/mjc-cloture-de-la-formation-sur-leconomie-verte-a-guirrori#respond\"]}]},{\"@type\":\"WebPage\",\"@id\":\"https:\/\/www.africa-press.net\/djibouti\/economie\/mjc-cloture-de-la-formation-sur-leconomie-verte-a-guirrori\",\"url\":\"https:\/\/www.africa-press.net\/djibouti\/economie\/mjc-cloture-de-la-formation-sur-leconomie-verte-a-guirrori\",\"name\":\"MJC : Cl\u00f4ture de la formation sur l\u2019\u00e9conomie verte \u00e0 Guirrori - Djibouti\",\"isPartOf\":{\"@id\":\"https:\/\/www.africa-press.net\/djibouti\/#website\"},\"primaryImageOfPage\":{\"@id\":\"https:\/\/www.africa-press.net\/djibouti\/economie\/mjc-cloture-de-la-formation-sur-leconomie-verte-a-guirrori#primaryimage\"},\"image\":{\"@id\":\"https:\/\/www.africa-press.net\/djibouti\/economie\/mjc-cloture-de-la-formation-sur-leconomie-verte-a-guirrori#primaryimage\"},\"thumbnailUrl\":\"https:\/\/static.africa-press.net\/djibouti\/sites\/52\/2023\/08\/sm_1692634870.986457.jpg\",\"datePublished\":\"2023-08-21T18:47:12+00:00\",\"dateModified\":\"2023-08-21T19:51:27+00:00\",\"author\":{\"@id\":\"https:\/\/www.africa-press.net\/djibouti\/#\/schema\/person\/2b1cf3cd81a31e3cd26889ca66d677f1\"},\"description\":\"Une ce\u0301re\u0301monie de clo\u0302ture et de remise des attestations de fin de formation a eu lieu jeudi dernier au sein du CDC de ...\",\"breadcrumb\":{\"@id\":\"https:\/\/www.africa-press.net\/djibouti\/economie\/mjc-cloture-de-la-formation-sur-leconomie-verte-a-guirrori#breadcrumb\"},\"inLanguage\":\"fr-FR\",\"potentialAction\":[{\"@type\":\"ReadAction\",\"target\":[\"https:\/\/www.africa-press.net\/djibouti\/economie\/mjc-cloture-de-la-formation-sur-leconomie-verte-a-guirrori\"]}]},{\"@type\":\"ImageObject\",\"inLanguage\":\"fr-FR\",\"@id\":\"https:\/\/www.africa-press.net\/djibouti\/economie\/mjc-cloture-de-la-formation-sur-leconomie-verte-a-guirrori#primaryimage\",\"url\":\"https:\/\/static.africa-press.net\/djibouti\/sites\/52\/2023\/08\/sm_1692634870.986457.jpg\",\"contentUrl\":\"https:\/\/static.africa-press.net\/djibouti\/sites\/52\/2023\/08\/sm_1692634870.986457.jpg\",\"width\":720,\"height\":480,\"caption\":\"MJC : Cl\u00f4ture de la formation sur l\u2019\u00e9conomie verte \u00e0 Guirrori\"},{\"@type\":\"BreadcrumbList\",\"@id\":\"https:\/\/www.africa-press.net\/djibouti\/economie\/mjc-cloture-de-la-formation-sur-leconomie-verte-a-guirrori#breadcrumb\",\"itemListElement\":[{\"@type\":\"ListItem\",\"position\":1,\"name\":\"Accueil\",\"item\":\"https:\/\/www.africa-press.net\/djibouti\/\"},{\"@type\":\"ListItem\",\"position\":2,\"name\":\"MJC : Cl\u00f4ture de la formation sur l\u2019\u00e9conomie verte \u00e0 Guirrori\"}]},{\"@type\":\"WebSite\",\"@id\":\"https:\/\/www.africa-press.net\/djibouti\/#website\",\"url\":\"https:\/\/www.africa-press.net\/djibouti\/\",\"name\":\"Djibouti\",\"description\":\"Just another Africa News Agency Sites site\",\"potentialAction\":[{\"@type\":\"SearchAction\",\"target\":{\"@type\":\"EntryPoint\",\"urlTemplate\":\"https:\/\/www.africa-press.net\/djibouti\/?s={search_term_string}\"},\"query-input\":{\"@type\":\"PropertyValueSpecification\",\"valueRequired\":true,\"valueName\":\"search_term_string\"}}],\"inLanguage\":\"fr-FR\"},{\"@type\":\"Person\",\"@id\":\"https:\/\/www.africa-press.net\/djibouti\/#\/schema\/person\/2b1cf3cd81a31e3cd26889ca66d677f1\",\"name\":\"cfeditorfr\"}]}<\/script>\n<!-- \/ Yoast SEO Premium plugin. -->","yoast_head_json":{"title":"MJC : Cl\u00f4ture de la formation sur l\u2019\u00e9conomie verte \u00e0 Guirrori - Djibouti","description":"Une ce\u0301re\u0301monie de clo\u0302ture et de remise des attestations de fin de formation a eu lieu jeudi dernier au sein du CDC de ...","robots":{"index":"index","follow":"follow","max-snippet":"max-snippet:-1","max-image-preview":"max-image-preview:large","max-video-preview":"max-video-preview:-1"},"canonical":"https:\/\/www.africa-press.net\/djibouti\/economie\/mjc-cloture-de-la-formation-sur-leconomie-verte-a-guirrori","og_locale":"fr_FR","og_type":"article","og_title":"MJC : Cl\u00f4ture de la formation sur l\u2019\u00e9conomie verte \u00e0 Guirrori","og_description":"Une ce\u0301re\u0301monie de clo\u0302ture et de remise des attestations de fin de formation a eu lieu jeudi dernier au sein du CDC de ...","og_url":"https:\/\/www.africa-press.net\/djibouti\/economie\/mjc-cloture-de-la-formation-sur-leconomie-verte-a-guirrori","og_site_name":"Djibouti","article_published_time":"2023-08-21T18:47:12+00:00","article_modified_time":"2023-08-21T19:51:27+00:00","og_image":[{"width":720,"height":480,"url":"https:\/\/static.africa-press.net\/djibouti\/sites\/52\/2023\/08\/sm_1692634870.986457.jpg","type":"image\/jpeg"}],"author":"cfeditorfr","twitter_card":"summary_large_image","twitter_misc":{"\u00c9crit par":"cfeditorfr","Dur\u00e9e de lecture estim\u00e9e":"2 minutes"},"schema":{"@context":"https:\/\/schema.org","@graph":[{"@type":"Article","@id":"https:\/\/www.africa-press.net\/djibouti\/economie\/mjc-cloture-de-la-formation-sur-leconomie-verte-a-guirrori#article","isPartOf":{"@id":"https:\/\/www.africa-press.net\/djibouti\/economie\/mjc-cloture-de-la-formation-sur-leconomie-verte-a-guirrori"},"author":{"name":"cfeditorfr","@id":"https:\/\/www.africa-press.net\/djibouti\/#\/schema\/person\/2b1cf3cd81a31e3cd26889ca66d677f1"},"headline":"MJC : Cl\u00f4ture de la formation sur l\u2019\u00e9conomie verte \u00e0 Guirrori","datePublished":"2023-08-21T18:47:12+00:00","dateModified":"2023-08-21T19:51:27+00:00","mainEntityOfPage":{"@id":"https:\/\/www.africa-press.net\/djibouti\/economie\/mjc-cloture-de-la-formation-sur-leconomie-verte-a-guirrori"},"wordCount":388,"commentCount":0,"image":{"@id":"https:\/\/www.africa-press.net\/djibouti\/economie\/mjc-cloture-de-la-formation-sur-leconomie-verte-a-guirrori#primaryimage"},"thumbnailUrl":"https:\/\/static.africa-press.net\/djibouti\/sites\/52\/2023\/08\/sm_1692634870.986457.jpg","keywords":["Africa Press","Africa Press-Djibouti","Djibouti"],"articleSection":["\u00c9conomie","Photo","Toutes les actualit\u00e9s"],"inLanguage":"fr-FR","potentialAction":[{"@type":"CommentAction","name":"Comment","target":["https:\/\/www.africa-press.net\/djibouti\/economie\/mjc-cloture-de-la-formation-sur-leconomie-verte-a-guirrori#respond"]}]},{"@type":"WebPage","@id":"https:\/\/www.africa-press.net\/djibouti\/economie\/mjc-cloture-de-la-formation-sur-leconomie-verte-a-guirrori","url":"https:\/\/www.africa-press.net\/djibouti\/economie\/mjc-cloture-de-la-formation-sur-leconomie-verte-a-guirrori","name":"MJC : Cl\u00f4ture de la formation sur l\u2019\u00e9conomie verte \u00e0 Guirrori - Djibouti","isPartOf":{"@id":"https:\/\/www.africa-press.net\/djibouti\/#website"},"primaryImageOfPage":{"@id":"https:\/\/www.africa-press.net\/djibouti\/economie\/mjc-cloture-de-la-formation-sur-leconomie-verte-a-guirrori#primaryimage"},"image":{"@id":"https:\/\/www.africa-press.net\/djibouti\/economie\/mjc-cloture-de-la-formation-sur-leconomie-verte-a-guirrori#primaryimage"},"thumbnailUrl":"https:\/\/static.africa-press.net\/djibouti\/sites\/52\/2023\/08\/sm_1692634870.986457.jpg","datePublished":"2023-08-21T18:47:12+00:00","dateModified":"2023-08-21T19:51:27+00:00","author":{"@id":"https:\/\/www.africa-press.net\/djibouti\/#\/schema\/person\/2b1cf3cd81a31e3cd26889ca66d677f1"},"description":"Une ce\u0301re\u0301monie de clo\u0302ture et de remise des attestations de fin de formation a eu lieu jeudi dernier au sein du CDC de ...","breadcrumb":{"@id":"https:\/\/www.africa-press.net\/djibouti\/economie\/mjc-cloture-de-la-formation-sur-leconomie-verte-a-guirrori#breadcrumb"},"inLanguage":"fr-FR","potentialAction":[{"@type":"ReadAction","target":["https:\/\/www.africa-press.net\/djibouti\/economie\/mjc-cloture-de-la-formation-sur-leconomie-verte-a-guirrori"]}]},{"@type":"ImageObject","inLanguage":"fr-FR","@id":"https:\/\/www.africa-press.net\/djibouti\/economie\/mjc-cloture-de-la-formation-sur-leconomie-verte-a-guirrori#primaryimage","url":"https:\/\/static.africa-press.net\/djibouti\/sites\/52\/2023\/08\/sm_1692634870.986457.jpg","contentUrl":"https:\/\/static.africa-press.net\/djibouti\/sites\/52\/2023\/08\/sm_1692634870.986457.jpg","width":720,"height":480,"caption":"MJC : Cl\u00f4ture de la formation sur l\u2019\u00e9conomie verte \u00e0 Guirrori"},{"@type":"BreadcrumbList","@id":"https:\/\/www.africa-press.net\/djibouti\/economie\/mjc-cloture-de-la-formation-sur-leconomie-verte-a-guirrori#breadcrumb","itemListElement":[{"@type":"ListItem","position":1,"name":"Accueil","item":"https:\/\/www.africa-press.net\/djibouti\/"},{"@type":"ListItem","position":2,"name":"MJC : Cl\u00f4ture de la formation sur l\u2019\u00e9conomie verte \u00e0 Guirrori"}]},{"@type":"WebSite","@id":"https:\/\/www.africa-press.net\/djibouti\/#website","url":"https:\/\/www.africa-press.net\/djibouti\/","name":"Djibouti","description":"Just another Africa News Agency Sites site","potentialAction":[{"@type":"SearchAction","target":{"@type":"EntryPoint","urlTemplate":"https:\/\/www.africa-press.net\/djibouti\/?s={search_term_string}"},"query-input":{"@type":"PropertyValueSpecification","valueRequired":true,"valueName":"search_term_string"}}],"inLanguage":"fr-FR"},{"@type":"Person","@id":"https:\/\/www.africa-press.net\/djibouti\/#\/schema\/person\/2b1cf3cd81a31e3cd26889ca66d677f1","name":"cfeditorfr"}]}},"_links":{"self":[{"href":"https:\/\/www.africa-press.net\/djibouti\/wp-json\/wp\/v2\/posts\/16956","targetHints":{"allow":["GET"]}}],"collection":[{"href":"https:\/\/www.africa-press.net\/djibouti\/wp-json\/wp\/v2\/posts"}],"about":[{"href":"https:\/\/www.africa-press.net\/djibouti\/wp-json\/wp\/v2\/types\/post"}],"author":[{"embeddable":true,"href":"https:\/\/www.africa-press.net\/djibouti\/wp-json\/wp\/v2\/users\/82"}],"replies":[{"embeddable":true,"href":"https:\/\/www.africa-press.net\/djibouti\/wp-json\/wp\/v2\/comments?post=16956"}],"version-history":[{"count":0,"href":"https:\/\/www.africa-press.net\/djibouti\/wp-json\/wp\/v2\/posts\/16956\/revisions"}],"wp:featuredmedia":[{"embeddable":true,"href":"https:\/\/www.africa-press.net\/djibouti\/wp-json\/wp\/v2\/media\/16955"}],"wp:attachment":[{"href":"https:\/\/www.africa-press.net\/djibouti\/wp-json\/wp\/v2\/media?parent=16956"}],"wp:term":[{"taxonomy":"category","embeddable":true,"href":"https:\/\/www.africa-press.net\/djibouti\/wp-json\/wp\/v2\/categories?post=16956"},{"taxonomy":"post_tag","embeddable":true,"href":"https:\/\/www.africa-press.net\/djibouti\/wp-json\/wp\/v2\/tags?post=16956"}],"curies":[{"name":"wp","href":"https:\/\/api.w.org\/{rel}","templated":true}]}}