{"id":16997,"date":"2023-08-22T16:35:28","date_gmt":"2023-08-22T16:35:28","guid":{"rendered":"https:\/\/www.africa-press.net\/djibouti\/politique\/premiere-reunion-regionale-sur-le-dossier-de-candidature-commune-aux-pays-arabes-en-situation-particuliere"},"modified":"2023-08-22T17:50:11","modified_gmt":"2023-08-22T17:50:11","slug":"premiere-reunion-regionale-sur-le-dossier-de-candidature-commune-aux-pays-arabes-en-situation-particuliere","status":"publish","type":"post","link":"https:\/\/www.africa-press.net\/djibouti\/culture-et-art\/premiere-reunion-regionale-sur-le-dossier-de-candidature-commune-aux-pays-arabes-en-situation-particuliere","title":{"rendered":"Premi\u00e8re r\u00e9union r\u00e9gionale sur le dossier de candidature commune aux pays arabes en situation particuli\u00e8re"},"content":{"rendered":"<p><span style=\"color: #ff6600\"><strong>Africa-Press &#8211; Djibouti. <\/strong><\/span>Le sie\u0300ge du ministe\u0300re de la Jeunesse et de la Culture a abrite\u0301 aujourd&rsquo;hui une importante re\u0301union re\u0301gionale dans le cadre du projet d&rsquo;inscription collective des traditions et coutumes lie\u0301es au mariage traditionnel des pays arabes au registre universel de l&rsquo;UNESCO d&rsquo;ici mars 2024.<\/p>\n<p>Avant le de\u0301but de la re\u0301union, la ministre de la Jeunesse et de la Culture, Dr Hibo Moumin Assoweh, a rec\u0327u dans son cabinet les repre\u0301sentants de l&rsquo;ALESCO, Dr Faethi ElJeray et Dr Abdelhadi El ghamari, les deux experts internationaux, M. Mohamed Beidjeu et M. Moustapha Jlock, le Secre\u0301taire Ge\u0301ne\u0301ral de la commission nationale de l&rsquo;UNESCO a\u0300 Djibouti, M. Mohamed Moussa Yabeh, le conseiller technique principal, M. Idriss Moussa, le directeur ge\u0301ne\u0301ral de l&rsquo;Agence Nationale pour la Promotion de la Culture, M. Mohamed Houssein Doualeh et la directrice de la Culture, Mme Fadoumo Abdi Isse.<\/p>\n<p>Outre la Re\u0301publique de Djibouti, e\u0301taient convie\u0301s a\u0300 cette re\u0301union les repre\u0301sentants de la Re\u0301publique des Comores et de la Re\u0301publique de Somalie.<\/p>\n<p>La Re\u0301publique de Djibouti a eu l&rsquo;honneur d&rsquo;e\u0302tre le chef de file de ces trois pays pour la proposition d&rsquo;inscription de cet e\u0301le\u0301ment commun traditionnel au patrimoine culturel immate\u0301riel mondial de l\u2019UNESCO.<\/p>\n<p>Organise\u0301 en collaboration avec l&rsquo;ALESCO, cet atelier de trois jours a pour objectif principal la re\u0301alisation d&rsquo;un dossier commun sur les traditions et coutumes lie\u0301es au mariage traditionnel dans le monde arabe entre ces trois pays.<\/p>\n<p>Depuis le de\u0301but de l&rsquo;inscription du patrimoine immate\u0301riel au patrimoine mondial en 2008 et jusqu&rsquo;a\u0300 la dernie\u0300re re\u0301union du Comite\u0301 intergouvernemental de sauvegarde du patrimoine culturel immate\u0301riel en de\u0301cembre 2022, les pays arabes ont pu inscrire (67) e\u0301le\u0301ments dans le cadre des dossiers nationaux ou conjoints.<\/p>\n<p>L&rsquo;Organisation ALECSO a continue\u0301 a\u0300 soutenir les dossiers nationaux des pays arabes, et elle a e\u0301galement pu, en coope\u0301ration avec certains pays arabes, coordonner et enregistrer plusieurs dossiers arabes communs et continuer a\u0300 pre\u0301parer ainsi d&rsquo;autres dossiers dans le cadre du travail quinquennal approuve\u0301 lors de la 22e session de la Confe\u0301rence des ministres responsables des affaires culturelles des pays arabes, en de\u0301cembre 2021.<\/p>\n<p>Depuis lors, comme certains pays arabes n&rsquo;ont pas pu enregistrer des dossiers de candidature ni participer a\u0300 des projets communs, malgre\u0301 un patrimoine immate\u0301riel soit tre\u0300s riche, ce programme offre l&rsquo;opportunite\u0301 de reme\u0301dier rapidement a\u0300 cela.<\/p>\n<p>Avant cet atelier physique, une premie\u0300re re\u0301union de coordination s&rsquo;est tenue a\u0300 distance le 25 mai 2023, au cours de laquelle tous les pays concerne\u0301s par le dossier ont participe\u0301, en plus des experts coope\u0301rant avec l&rsquo;organisme qui supervisera le suivi de la pre\u0301paration de ce dossier.<\/p>\n<p>Au programme aussi de cette re\u0301union re\u0301gionale qui s\u2019e\u0301talera sur trois jours, la pre\u0301sentation de la Convention de 2003 pour la sauvegarde du patrimoine culturel immate\u0301riel, l&rsquo;examen des opportunite\u0301s de coope\u0301ration internationale dans ce domaine, le lancement de la pre\u0301paration des inventaires nationaux, la collecte des documents, la formation au remplissage du dossier de candidature avec l&rsquo;UNESCO et la fixation d&rsquo;un calendrier commun.<\/p>\n<p>Le sie\u0300ge du ministe\u0300re de la Jeunesse et de la Culture a abrite\u0301 aujourd&rsquo;hui une importante re\u0301union re\u0301gionale dans le cadre du projet d&rsquo;inscription collective des traditions et coutumes lie\u0301es au mariage traditionnel des pays arabes au registre universel de l&rsquo;UNESCO d&rsquo;ici mars 2024.<\/p>\n<p>Avant le de\u0301but de la re\u0301union, la ministre de la Jeunesse et de la Culture, Dr Hibo Moumin Assoweh, a rec\u0327u dans son cabinet les repre\u0301sentants de l&rsquo;ALESCO, Dr Faethi ElJeray et Dr Abdelhadi El ghamari, les deux experts internationaux, M. Mohamed Beidjeu et M. Moustapha Jlock, le Secre\u0301taire Ge\u0301ne\u0301ral de la commission nationale de l&rsquo;UNESCO a\u0300 Djibouti, M. Mohamed Moussa Yabeh, le conseiller technique principal, M. Idriss Moussa, le directeur ge\u0301ne\u0301ral de l&rsquo;Agence Nationale pour la Promotion de la Culture, M. Mohamed Houssein Doualeh et la directrice de la Culture, Mme Fadoumo Abdi Isse.<\/p>\n<p>Outre la Re\u0301publique de Djibouti, e\u0301taient convie\u0301s a\u0300 cette re\u0301union les repre\u0301sentants de la Re\u0301publique des Comores et de la Re\u0301publique de Somalie.<\/p>\n<p>La Re\u0301publique de Djibouti a eu l&rsquo;honneur d&rsquo;e\u0302tre le chef de file de ces trois pays pour la proposition d&rsquo;inscription de cet e\u0301le\u0301ment commun traditionnel au patrimoine culturel immate\u0301riel mondial de l\u2019UNESCO.<\/p>\n<p>Organise\u0301 en collaboration avec l&rsquo;ALESCO, cet atelier de trois jours a pour objectif principal la re\u0301alisation d&rsquo;un dossier commun sur les traditions et coutumes lie\u0301es au mariage traditionnel dans le monde arabe entre ces trois pays.<\/p>\n<p>Depuis le de\u0301but de l&rsquo;inscription du patrimoine immate\u0301riel au patrimoine mondial en 2008 et jusqu&rsquo;a\u0300 la dernie\u0300re re\u0301union du Comite\u0301 intergouvernemental de sauvegarde du patrimoine culturel immate\u0301riel en de\u0301cembre 2022, les pays arabes ont pu inscrire (67) e\u0301le\u0301ments dans le cadre des dossiers nationaux ou conjoints.<\/p>\n<p>L&rsquo;Organisation ALECSO a continue\u0301 a\u0300 soutenir les dossiers nationaux des pays arabes, et elle a e\u0301galement pu, en coope\u0301ration avec certains pays arabes, coordonner et enregistrer plusieurs dossiers arabes communs et continuer a\u0300 pre\u0301parer ainsi d&rsquo;autres dossiers dans le cadre du travail quinquennal approuve\u0301 lors de la 22e session de la Confe\u0301rence des ministres responsables des affaires culturelles des pays arabes, en de\u0301cembre 2021.<\/p>\n<p>Depuis lors, comme certains pays arabes n&rsquo;ont pas pu enregistrer des dossiers de candidature ni participer a\u0300 des projets communs, malgre\u0301 un patrimoine immate\u0301riel soit tre\u0300s riche, ce programme offre l&rsquo;opportunite\u0301 de reme\u0301dier rapidement a\u0300 cela.<\/p>\n<p>Avant cet atelier physique, une premie\u0300re re\u0301union de coordination s&rsquo;est tenue a\u0300 distance le 25 mai 2023, au cours de laquelle tous les pays concerne\u0301s par le dossier ont participe\u0301, en plus des experts coope\u0301rant avec l&rsquo;organisme qui supervisera le suivi de la pre\u0301paration de ce dossier.<\/p>\n<p>Au programme aussi de cette re\u0301union re\u0301gionale qui s\u2019e\u0301talera sur trois jours, la pre\u0301sentation de la Convention de 2003 pour la sauvegarde du patrimoine culturel immate\u0301riel, l&rsquo;examen des opportunite\u0301s de coope\u0301ration internationale dans ce domaine, le lancement de la pre\u0301paration des inventaires nationaux, la collecte des documents, la formation au remplissage du dossier de candidature avec l&rsquo;UNESCO et la fixation d&rsquo;un calendrier commun.<\/p>\n<p><strong>Pour plus d&rsquo;informations et d&rsquo;analyses sur la <a href=\"https:\/\/www.africa-press.net\/djibouti\">Djibouti<\/a>, suivez <a href=\"https:\/\/www.africa-press.net\/\">Africa-Press<\/a><\/strong><\/p>\n","protected":false},"excerpt":{"rendered":"<p>Africa-Press &#8211; Djibouti. Le sie\u0300ge du ministe\u0300re de la Jeunesse et de la Culture a abrite\u0301 aujourd&rsquo;hui une importante re\u0301union re\u0301gionale dans le cadre du projet d&rsquo;inscription collective des traditions et coutumes lie\u0301es au mariage traditionnel des pays arabes au registre universel de l&rsquo;UNESCO d&rsquo;ici mars 2024. Avant le de\u0301but de la re\u0301union, la ministre [&hellip;]<\/p>\n","protected":false},"author":82,"featured_media":16996,"comment_status":"open","ping_status":"closed","sticky":false,"template":"","format":"standard","meta":{"footnotes":""},"categories":[5,20,10],"tags":[36,49,50],"class_list":["post-16997","post","type-post","status-publish","format-standard","has-post-thumbnail","hentry","category-culture-et-art","category-top-nouvelles","category-toutes-les-actualites","tag-africa-press","tag-africa-press-djibouti","tag-djibouti"],"yoast_head":"<!-- This site is optimized with the Yoast SEO Premium plugin v26.1 (Yoast SEO v27.0) - https:\/\/yoast.com\/product\/yoast-seo-premium-wordpress\/ -->\n<title>Premi\u00e8re r\u00e9union r\u00e9gionale sur le dossier de candidature commune aux pays arabes en situation particuli\u00e8re - Djibouti<\/title>\n<meta name=\"description\" content=\"Le sie\u0300ge du ministe\u0300re de la Jeunesse et de la Culture a abrite\u0301 aujourd&#039;hui une importante re\u0301union re\u0301gionale dans le ...\" \/>\n<meta name=\"robots\" content=\"index, follow, max-snippet:-1, max-image-preview:large, max-video-preview:-1\" \/>\n<link rel=\"canonical\" href=\"https:\/\/www.africa-press.net\/djibouti\/culture-et-art\/premiere-reunion-regionale-sur-le-dossier-de-candidature-commune-aux-pays-arabes-en-situation-particuliere\" \/>\n<meta property=\"og:locale\" content=\"fr_FR\" \/>\n<meta property=\"og:type\" content=\"article\" \/>\n<meta property=\"og:title\" content=\"Premi\u00e8re r\u00e9union r\u00e9gionale sur le dossier de candidature commune aux pays arabes en situation particuli\u00e8re\" \/>\n<meta property=\"og:description\" content=\"Le sie\u0300ge du ministe\u0300re de la Jeunesse et de la Culture a abrite\u0301 aujourd&#039;hui une importante re\u0301union re\u0301gionale dans le ...\" \/>\n<meta property=\"og:url\" content=\"https:\/\/www.africa-press.net\/djibouti\/culture-et-art\/premiere-reunion-regionale-sur-le-dossier-de-candidature-commune-aux-pays-arabes-en-situation-particuliere\" \/>\n<meta property=\"og:site_name\" content=\"Djibouti\" \/>\n<meta property=\"article:published_time\" content=\"2023-08-22T16:35:28+00:00\" \/>\n<meta property=\"article:modified_time\" content=\"2023-08-22T17:50:11+00:00\" \/>\n<meta property=\"og:image\" content=\"https:\/\/static.africa-press.net\/djibouti\/sites\/52\/2023\/08\/sm_1692713309.510232.jpg\" \/>\n\t<meta property=\"og:image:width\" content=\"1080\" \/>\n\t<meta property=\"og:image:height\" content=\"720\" \/>\n\t<meta property=\"og:image:type\" content=\"image\/jpeg\" \/>\n<meta name=\"author\" content=\"cfeditorfr\" \/>\n<meta name=\"twitter:card\" content=\"summary_large_image\" \/>\n<meta name=\"twitter:label1\" content=\"\u00c9crit par\" \/>\n\t<meta name=\"twitter:data1\" content=\"cfeditorfr\" \/>\n\t<meta name=\"twitter:label2\" content=\"Dur\u00e9e de lecture estim\u00e9e\" \/>\n\t<meta name=\"twitter:data2\" content=\"6 minutes\" \/>\n<script type=\"application\/ld+json\" class=\"yoast-schema-graph\">{\"@context\":\"https:\/\/schema.org\",\"@graph\":[{\"@type\":\"Article\",\"@id\":\"https:\/\/www.africa-press.net\/djibouti\/culture-et-art\/premiere-reunion-regionale-sur-le-dossier-de-candidature-commune-aux-pays-arabes-en-situation-particuliere#article\",\"isPartOf\":{\"@id\":\"https:\/\/www.africa-press.net\/djibouti\/culture-et-art\/premiere-reunion-regionale-sur-le-dossier-de-candidature-commune-aux-pays-arabes-en-situation-particuliere\"},\"author\":{\"name\":\"cfeditorfr\",\"@id\":\"https:\/\/www.africa-press.net\/djibouti\/#\/schema\/person\/2b1cf3cd81a31e3cd26889ca66d677f1\"},\"headline\":\"Premi\u00e8re r\u00e9union r\u00e9gionale sur le dossier de candidature commune aux pays arabes en situation particuli\u00e8re\",\"datePublished\":\"2023-08-22T16:35:28+00:00\",\"dateModified\":\"2023-08-22T17:50:11+00:00\",\"mainEntityOfPage\":{\"@id\":\"https:\/\/www.africa-press.net\/djibouti\/culture-et-art\/premiere-reunion-regionale-sur-le-dossier-de-candidature-commune-aux-pays-arabes-en-situation-particuliere\"},\"wordCount\":1154,\"commentCount\":0,\"image\":{\"@id\":\"https:\/\/www.africa-press.net\/djibouti\/culture-et-art\/premiere-reunion-regionale-sur-le-dossier-de-candidature-commune-aux-pays-arabes-en-situation-particuliere#primaryimage\"},\"thumbnailUrl\":\"https:\/\/static.africa-press.net\/djibouti\/sites\/52\/2023\/08\/sm_1692713309.510232.jpg\",\"keywords\":[\"Africa Press\",\"Africa Press-Djibouti\",\"Djibouti\"],\"articleSection\":[\"Culture et Art\",\"Top Nouvelles\",\"Toutes les actualit\u00e9s\"],\"inLanguage\":\"fr-FR\",\"potentialAction\":[{\"@type\":\"CommentAction\",\"name\":\"Comment\",\"target\":[\"https:\/\/www.africa-press.net\/djibouti\/culture-et-art\/premiere-reunion-regionale-sur-le-dossier-de-candidature-commune-aux-pays-arabes-en-situation-particuliere#respond\"]}]},{\"@type\":\"WebPage\",\"@id\":\"https:\/\/www.africa-press.net\/djibouti\/culture-et-art\/premiere-reunion-regionale-sur-le-dossier-de-candidature-commune-aux-pays-arabes-en-situation-particuliere\",\"url\":\"https:\/\/www.africa-press.net\/djibouti\/culture-et-art\/premiere-reunion-regionale-sur-le-dossier-de-candidature-commune-aux-pays-arabes-en-situation-particuliere\",\"name\":\"Premi\u00e8re r\u00e9union r\u00e9gionale sur le dossier de candidature commune aux pays arabes en situation particuli\u00e8re - Djibouti\",\"isPartOf\":{\"@id\":\"https:\/\/www.africa-press.net\/djibouti\/#website\"},\"primaryImageOfPage\":{\"@id\":\"https:\/\/www.africa-press.net\/djibouti\/culture-et-art\/premiere-reunion-regionale-sur-le-dossier-de-candidature-commune-aux-pays-arabes-en-situation-particuliere#primaryimage\"},\"image\":{\"@id\":\"https:\/\/www.africa-press.net\/djibouti\/culture-et-art\/premiere-reunion-regionale-sur-le-dossier-de-candidature-commune-aux-pays-arabes-en-situation-particuliere#primaryimage\"},\"thumbnailUrl\":\"https:\/\/static.africa-press.net\/djibouti\/sites\/52\/2023\/08\/sm_1692713309.510232.jpg\",\"datePublished\":\"2023-08-22T16:35:28+00:00\",\"dateModified\":\"2023-08-22T17:50:11+00:00\",\"author\":{\"@id\":\"https:\/\/www.africa-press.net\/djibouti\/#\/schema\/person\/2b1cf3cd81a31e3cd26889ca66d677f1\"},\"description\":\"Le sie\u0300ge du ministe\u0300re de la Jeunesse et de la Culture a abrite\u0301 aujourd'hui une importante re\u0301union re\u0301gionale dans le ...\",\"breadcrumb\":{\"@id\":\"https:\/\/www.africa-press.net\/djibouti\/culture-et-art\/premiere-reunion-regionale-sur-le-dossier-de-candidature-commune-aux-pays-arabes-en-situation-particuliere#breadcrumb\"},\"inLanguage\":\"fr-FR\",\"potentialAction\":[{\"@type\":\"ReadAction\",\"target\":[\"https:\/\/www.africa-press.net\/djibouti\/culture-et-art\/premiere-reunion-regionale-sur-le-dossier-de-candidature-commune-aux-pays-arabes-en-situation-particuliere\"]}]},{\"@type\":\"ImageObject\",\"inLanguage\":\"fr-FR\",\"@id\":\"https:\/\/www.africa-press.net\/djibouti\/culture-et-art\/premiere-reunion-regionale-sur-le-dossier-de-candidature-commune-aux-pays-arabes-en-situation-particuliere#primaryimage\",\"url\":\"https:\/\/static.africa-press.net\/djibouti\/sites\/52\/2023\/08\/sm_1692713309.510232.jpg\",\"contentUrl\":\"https:\/\/static.africa-press.net\/djibouti\/sites\/52\/2023\/08\/sm_1692713309.510232.jpg\",\"width\":1080,\"height\":720,\"caption\":\"Premi\u00e8re r\u00e9union r\u00e9gionale sur le dossier de candidature commune aux pays arabes en situation particuli\u00e8re\"},{\"@type\":\"BreadcrumbList\",\"@id\":\"https:\/\/www.africa-press.net\/djibouti\/culture-et-art\/premiere-reunion-regionale-sur-le-dossier-de-candidature-commune-aux-pays-arabes-en-situation-particuliere#breadcrumb\",\"itemListElement\":[{\"@type\":\"ListItem\",\"position\":1,\"name\":\"Accueil\",\"item\":\"https:\/\/www.africa-press.net\/djibouti\/\"},{\"@type\":\"ListItem\",\"position\":2,\"name\":\"Premi\u00e8re r\u00e9union r\u00e9gionale sur le dossier de candidature commune aux pays arabes en situation particuli\u00e8re\"}]},{\"@type\":\"WebSite\",\"@id\":\"https:\/\/www.africa-press.net\/djibouti\/#website\",\"url\":\"https:\/\/www.africa-press.net\/djibouti\/\",\"name\":\"Djibouti\",\"description\":\"Just another Africa News Agency Sites site\",\"potentialAction\":[{\"@type\":\"SearchAction\",\"target\":{\"@type\":\"EntryPoint\",\"urlTemplate\":\"https:\/\/www.africa-press.net\/djibouti\/?s={search_term_string}\"},\"query-input\":{\"@type\":\"PropertyValueSpecification\",\"valueRequired\":true,\"valueName\":\"search_term_string\"}}],\"inLanguage\":\"fr-FR\"},{\"@type\":\"Person\",\"@id\":\"https:\/\/www.africa-press.net\/djibouti\/#\/schema\/person\/2b1cf3cd81a31e3cd26889ca66d677f1\",\"name\":\"cfeditorfr\"}]}<\/script>\n<!-- \/ Yoast SEO Premium plugin. -->","yoast_head_json":{"title":"Premi\u00e8re r\u00e9union r\u00e9gionale sur le dossier de candidature commune aux pays arabes en situation particuli\u00e8re - Djibouti","description":"Le sie\u0300ge du ministe\u0300re de la Jeunesse et de la Culture a abrite\u0301 aujourd'hui une importante re\u0301union re\u0301gionale dans le ...","robots":{"index":"index","follow":"follow","max-snippet":"max-snippet:-1","max-image-preview":"max-image-preview:large","max-video-preview":"max-video-preview:-1"},"canonical":"https:\/\/www.africa-press.net\/djibouti\/culture-et-art\/premiere-reunion-regionale-sur-le-dossier-de-candidature-commune-aux-pays-arabes-en-situation-particuliere","og_locale":"fr_FR","og_type":"article","og_title":"Premi\u00e8re r\u00e9union r\u00e9gionale sur le dossier de candidature commune aux pays arabes en situation particuli\u00e8re","og_description":"Le sie\u0300ge du ministe\u0300re de la Jeunesse et de la Culture a abrite\u0301 aujourd'hui une importante re\u0301union re\u0301gionale dans le ...","og_url":"https:\/\/www.africa-press.net\/djibouti\/culture-et-art\/premiere-reunion-regionale-sur-le-dossier-de-candidature-commune-aux-pays-arabes-en-situation-particuliere","og_site_name":"Djibouti","article_published_time":"2023-08-22T16:35:28+00:00","article_modified_time":"2023-08-22T17:50:11+00:00","og_image":[{"width":1080,"height":720,"url":"https:\/\/static.africa-press.net\/djibouti\/sites\/52\/2023\/08\/sm_1692713309.510232.jpg","type":"image\/jpeg"}],"author":"cfeditorfr","twitter_card":"summary_large_image","twitter_misc":{"\u00c9crit par":"cfeditorfr","Dur\u00e9e de lecture estim\u00e9e":"6 minutes"},"schema":{"@context":"https:\/\/schema.org","@graph":[{"@type":"Article","@id":"https:\/\/www.africa-press.net\/djibouti\/culture-et-art\/premiere-reunion-regionale-sur-le-dossier-de-candidature-commune-aux-pays-arabes-en-situation-particuliere#article","isPartOf":{"@id":"https:\/\/www.africa-press.net\/djibouti\/culture-et-art\/premiere-reunion-regionale-sur-le-dossier-de-candidature-commune-aux-pays-arabes-en-situation-particuliere"},"author":{"name":"cfeditorfr","@id":"https:\/\/www.africa-press.net\/djibouti\/#\/schema\/person\/2b1cf3cd81a31e3cd26889ca66d677f1"},"headline":"Premi\u00e8re r\u00e9union r\u00e9gionale sur le dossier de candidature commune aux pays arabes en situation particuli\u00e8re","datePublished":"2023-08-22T16:35:28+00:00","dateModified":"2023-08-22T17:50:11+00:00","mainEntityOfPage":{"@id":"https:\/\/www.africa-press.net\/djibouti\/culture-et-art\/premiere-reunion-regionale-sur-le-dossier-de-candidature-commune-aux-pays-arabes-en-situation-particuliere"},"wordCount":1154,"commentCount":0,"image":{"@id":"https:\/\/www.africa-press.net\/djibouti\/culture-et-art\/premiere-reunion-regionale-sur-le-dossier-de-candidature-commune-aux-pays-arabes-en-situation-particuliere#primaryimage"},"thumbnailUrl":"https:\/\/static.africa-press.net\/djibouti\/sites\/52\/2023\/08\/sm_1692713309.510232.jpg","keywords":["Africa Press","Africa Press-Djibouti","Djibouti"],"articleSection":["Culture et Art","Top Nouvelles","Toutes les actualit\u00e9s"],"inLanguage":"fr-FR","potentialAction":[{"@type":"CommentAction","name":"Comment","target":["https:\/\/www.africa-press.net\/djibouti\/culture-et-art\/premiere-reunion-regionale-sur-le-dossier-de-candidature-commune-aux-pays-arabes-en-situation-particuliere#respond"]}]},{"@type":"WebPage","@id":"https:\/\/www.africa-press.net\/djibouti\/culture-et-art\/premiere-reunion-regionale-sur-le-dossier-de-candidature-commune-aux-pays-arabes-en-situation-particuliere","url":"https:\/\/www.africa-press.net\/djibouti\/culture-et-art\/premiere-reunion-regionale-sur-le-dossier-de-candidature-commune-aux-pays-arabes-en-situation-particuliere","name":"Premi\u00e8re r\u00e9union r\u00e9gionale sur le dossier de candidature commune aux pays arabes en situation particuli\u00e8re - Djibouti","isPartOf":{"@id":"https:\/\/www.africa-press.net\/djibouti\/#website"},"primaryImageOfPage":{"@id":"https:\/\/www.africa-press.net\/djibouti\/culture-et-art\/premiere-reunion-regionale-sur-le-dossier-de-candidature-commune-aux-pays-arabes-en-situation-particuliere#primaryimage"},"image":{"@id":"https:\/\/www.africa-press.net\/djibouti\/culture-et-art\/premiere-reunion-regionale-sur-le-dossier-de-candidature-commune-aux-pays-arabes-en-situation-particuliere#primaryimage"},"thumbnailUrl":"https:\/\/static.africa-press.net\/djibouti\/sites\/52\/2023\/08\/sm_1692713309.510232.jpg","datePublished":"2023-08-22T16:35:28+00:00","dateModified":"2023-08-22T17:50:11+00:00","author":{"@id":"https:\/\/www.africa-press.net\/djibouti\/#\/schema\/person\/2b1cf3cd81a31e3cd26889ca66d677f1"},"description":"Le sie\u0300ge du ministe\u0300re de la Jeunesse et de la Culture a abrite\u0301 aujourd'hui une importante re\u0301union re\u0301gionale dans le ...","breadcrumb":{"@id":"https:\/\/www.africa-press.net\/djibouti\/culture-et-art\/premiere-reunion-regionale-sur-le-dossier-de-candidature-commune-aux-pays-arabes-en-situation-particuliere#breadcrumb"},"inLanguage":"fr-FR","potentialAction":[{"@type":"ReadAction","target":["https:\/\/www.africa-press.net\/djibouti\/culture-et-art\/premiere-reunion-regionale-sur-le-dossier-de-candidature-commune-aux-pays-arabes-en-situation-particuliere"]}]},{"@type":"ImageObject","inLanguage":"fr-FR","@id":"https:\/\/www.africa-press.net\/djibouti\/culture-et-art\/premiere-reunion-regionale-sur-le-dossier-de-candidature-commune-aux-pays-arabes-en-situation-particuliere#primaryimage","url":"https:\/\/static.africa-press.net\/djibouti\/sites\/52\/2023\/08\/sm_1692713309.510232.jpg","contentUrl":"https:\/\/static.africa-press.net\/djibouti\/sites\/52\/2023\/08\/sm_1692713309.510232.jpg","width":1080,"height":720,"caption":"Premi\u00e8re r\u00e9union r\u00e9gionale sur le dossier de candidature commune aux pays arabes en situation particuli\u00e8re"},{"@type":"BreadcrumbList","@id":"https:\/\/www.africa-press.net\/djibouti\/culture-et-art\/premiere-reunion-regionale-sur-le-dossier-de-candidature-commune-aux-pays-arabes-en-situation-particuliere#breadcrumb","itemListElement":[{"@type":"ListItem","position":1,"name":"Accueil","item":"https:\/\/www.africa-press.net\/djibouti\/"},{"@type":"ListItem","position":2,"name":"Premi\u00e8re r\u00e9union r\u00e9gionale sur le dossier de candidature commune aux pays arabes en situation particuli\u00e8re"}]},{"@type":"WebSite","@id":"https:\/\/www.africa-press.net\/djibouti\/#website","url":"https:\/\/www.africa-press.net\/djibouti\/","name":"Djibouti","description":"Just another Africa News Agency Sites site","potentialAction":[{"@type":"SearchAction","target":{"@type":"EntryPoint","urlTemplate":"https:\/\/www.africa-press.net\/djibouti\/?s={search_term_string}"},"query-input":{"@type":"PropertyValueSpecification","valueRequired":true,"valueName":"search_term_string"}}],"inLanguage":"fr-FR"},{"@type":"Person","@id":"https:\/\/www.africa-press.net\/djibouti\/#\/schema\/person\/2b1cf3cd81a31e3cd26889ca66d677f1","name":"cfeditorfr"}]}},"_links":{"self":[{"href":"https:\/\/www.africa-press.net\/djibouti\/wp-json\/wp\/v2\/posts\/16997","targetHints":{"allow":["GET"]}}],"collection":[{"href":"https:\/\/www.africa-press.net\/djibouti\/wp-json\/wp\/v2\/posts"}],"about":[{"href":"https:\/\/www.africa-press.net\/djibouti\/wp-json\/wp\/v2\/types\/post"}],"author":[{"embeddable":true,"href":"https:\/\/www.africa-press.net\/djibouti\/wp-json\/wp\/v2\/users\/82"}],"replies":[{"embeddable":true,"href":"https:\/\/www.africa-press.net\/djibouti\/wp-json\/wp\/v2\/comments?post=16997"}],"version-history":[{"count":0,"href":"https:\/\/www.africa-press.net\/djibouti\/wp-json\/wp\/v2\/posts\/16997\/revisions"}],"wp:featuredmedia":[{"embeddable":true,"href":"https:\/\/www.africa-press.net\/djibouti\/wp-json\/wp\/v2\/media\/16996"}],"wp:attachment":[{"href":"https:\/\/www.africa-press.net\/djibouti\/wp-json\/wp\/v2\/media?parent=16997"}],"wp:term":[{"taxonomy":"category","embeddable":true,"href":"https:\/\/www.africa-press.net\/djibouti\/wp-json\/wp\/v2\/categories?post=16997"},{"taxonomy":"post_tag","embeddable":true,"href":"https:\/\/www.africa-press.net\/djibouti\/wp-json\/wp\/v2\/tags?post=16997"}],"curies":[{"name":"wp","href":"https:\/\/api.w.org\/{rel}","templated":true}]}}