{"id":17012,"date":"2023-08-22T16:54:45","date_gmt":"2023-08-22T16:54:45","guid":{"rendered":"https:\/\/www.africa-press.net\/djibouti\/politique\/le-premier-ministre-decore-le-vice-president-de-la-societe-sinotrans-limited"},"modified":"2023-08-22T18:18:52","modified_gmt":"2023-08-22T18:18:52","slug":"le-premier-ministre-decore-le-vice-president-de-la-societe-sinotrans-limited","status":"publish","type":"post","link":"https:\/\/www.africa-press.net\/djibouti\/politique\/le-premier-ministre-decore-le-vice-president-de-la-societe-sinotrans-limited","title":{"rendered":"Le Premier ministre d\u00e9core le vice-pr\u00e9sident de la soci\u00e9t\u00e9 Sinotrans Limited"},"content":{"rendered":"<p><span style=\"color: #ff6600\"><strong>Africa-Press &#8211; Djibouti. <\/strong><\/span><b>Le vice-pre\u0301sident de la socie\u0301te\u0301 chinoise Sinotrans, M. He Fei, a e\u0301te\u0301 e\u0301leve\u0301 au rang de Commandeur dans l\u2019Ordre National du 27 Juin. L\u2019heureux re\u0301cipiendaire a rec\u0327u son insigne honorifique des mains du premier ministre Abdoulkader Kamil Mohamed&#8230;<\/b><\/p>\n<p>Une importante ce\u0301re\u0301monie de remise de de\u0301coration s\u2019est de\u0301roule\u0301e au salon d\u2019honneur de la primature. Ainsi, le vice-pre\u0301sident de la socie\u0301te\u0301 chinoise Sinotrans, M. He Fei, a e\u0301te\u0301 e\u0301leve\u0301 au rang de Chevalier dans l\u2019Ordre National du 27 Juin.<\/p>\n<p>L\u2019heureux re\u0301cipiendaire a rec\u0327u son insigne honorifique des mains du premier ministre Abdoulkader Kamil Mohamed, en pre\u0301sence notamment du secre\u0301taire ge\u0301ne\u0301ral de la primature, M. Naguib Abdallah Mohamed Kamil, et du pre\u0301sident de l\u2019autorite\u0301 des ports et des zones franches, Aboubaker Omar Hadi.<\/p>\n<p>Sinotrans Limited, fonde\u0301 en 1950, est le premier groupe de transport et logistique chinois. Il est de\u0301tenu a\u0300 55 % par l\u2019E\u0301tat.<\/p>\n\r\n                <style type=\"text\/css\">\r\n                    \r\n                    #td_uid_1_69ee81462c271  .td-doubleSlider-2 .td-item1 {\r\n                        background: url(https:\/\/static.africa-press.net\/djibouti\/sites\/52\/2023\/08\/sm_1692714325.145623-80x60.jpg) 0 0 no-repeat;\r\n                    }\r\n                    #td_uid_1_69ee81462c271  .td-doubleSlider-2 .td-item2 {\r\n                        background: url(https:\/\/static.africa-press.net\/djibouti\/sites\/52\/2023\/08\/sm_1692714334.184053-80x60.jpg) 0 0 no-repeat;\r\n                    }\r\n                    #td_uid_1_69ee81462c271  .td-doubleSlider-2 .td-item3 {\r\n                        background: url(https:\/\/static.africa-press.net\/djibouti\/sites\/52\/2023\/08\/sm_1692714357.14448-80x60.jpg) 0 0 no-repeat;\r\n                    }\r\n                <\/style>\r\n\r\n                <div id=\"td_uid_1_69ee81462c271\" class=\"td-gallery td-slide-on-2-columns\">\r\n                    <div class=\"post_td_gallery\">\r\n                        <div class=\"td-gallery-slide-top\">\r\n                           <div class=\"td-gallery-title\"><\/div>\r\n\r\n                            <div class=\"td-gallery-controls-wrapper\">\r\n                                <div class=\"td-gallery-slide-count\"><span class=\"td-gallery-slide-item-focus\">1<\/span> de 3<\/div>\r\n                                <div class=\"td-gallery-slide-prev-next-but\">\r\n                                    <i class = \"td-icon-left doubleSliderPrevButton\"><\/i>\r\n                                    <i class = \"td-icon-right doubleSliderNextButton\"><\/i>\r\n                                <\/div>\r\n                            <\/div>\r\n                        <\/div>\r\n\r\n                        <div class = \"td-doubleSlider-1 \">\r\n                            <div class = \"td-slider\">\r\n                                \r\n                    <div class = \"td-slide-item td-item1\">\r\n                        <figure class=\"td-slide-galery-figure td-slide-popup-gallery\">\r\n                            <a class=\"slide-gallery-image-link\" href=\"https:\/\/static.africa-press.net\/djibouti\/sites\/52\/2023\/08\/sm_1692714325.145623.jpg\" title=\"sm_1692714325.145623\"  data-caption=\"\"  data-description=\"\">\r\n                                <img decoding=\"async\" src=\"https:\/\/static.africa-press.net\/djibouti\/sites\/52\/2023\/08\/sm_1692714325.145623.jpg\" srcset=\"https:\/\/static.africa-press.net\/djibouti\/sites\/52\/2023\/08\/sm_1692714325.145623.jpg 1024w, https:\/\/static.africa-press.net\/djibouti\/sites\/52\/2023\/08\/sm_1692714325.145623-300x175.jpg 300w, https:\/\/static.africa-press.net\/djibouti\/sites\/52\/2023\/08\/sm_1692714325.145623-768x449.jpg 768w\" sizes=\"(max-width: 1024px) 100vw, 1024px\" alt=\"\">\r\n                            <\/a>\r\n                            \r\n                        <\/figure>\r\n                    <\/div>\r\n                    <div class = \"td-slide-item td-item2\">\r\n                        <figure class=\"td-slide-galery-figure td-slide-popup-gallery\">\r\n                            <a class=\"slide-gallery-image-link\" href=\"https:\/\/static.africa-press.net\/djibouti\/sites\/52\/2023\/08\/sm_1692714334.184053.jpg\" title=\"sm_1692714334.184053\"  data-caption=\"\"  data-description=\"\">\r\n                                <img decoding=\"async\" src=\"https:\/\/static.africa-press.net\/djibouti\/sites\/52\/2023\/08\/sm_1692714334.184053.jpg\" srcset=\"https:\/\/static.africa-press.net\/djibouti\/sites\/52\/2023\/08\/sm_1692714334.184053.jpg 1024w, https:\/\/static.africa-press.net\/djibouti\/sites\/52\/2023\/08\/sm_1692714334.184053-300x246.jpg 300w, https:\/\/static.africa-press.net\/djibouti\/sites\/52\/2023\/08\/sm_1692714334.184053-768x629.jpg 768w\" sizes=\"(max-width: 1024px) 100vw, 1024px\" alt=\"\">\r\n                            <\/a>\r\n                            \r\n                        <\/figure>\r\n                    <\/div>\r\n                    <div class = \"td-slide-item td-item3\">\r\n                        <figure class=\"td-slide-galery-figure td-slide-popup-gallery\">\r\n                            <a class=\"slide-gallery-image-link\" href=\"https:\/\/static.africa-press.net\/djibouti\/sites\/52\/2023\/08\/sm_1692714357.14448.jpg\" title=\"sm_1692714357.14448\"  data-caption=\"\"  data-description=\"\">\r\n                                <img decoding=\"async\" src=\"https:\/\/static.africa-press.net\/djibouti\/sites\/52\/2023\/08\/sm_1692714357.14448.jpg\" srcset=\"https:\/\/static.africa-press.net\/djibouti\/sites\/52\/2023\/08\/sm_1692714357.14448.jpg 1024w, https:\/\/static.africa-press.net\/djibouti\/sites\/52\/2023\/08\/sm_1692714357.14448-300x169.jpg 300w, https:\/\/static.africa-press.net\/djibouti\/sites\/52\/2023\/08\/sm_1692714357.14448-768x432.jpg 768w\" sizes=\"(max-width: 1024px) 100vw, 1024px\" alt=\"\">\r\n                            <\/a>\r\n                            \r\n                        <\/figure>\r\n                    <\/div>\r\n                            <\/div>\r\n                        <\/div>\r\n\r\n                        <div class = \"td-doubleSlider-2\">\r\n                            <div class = \"td-slider\">\r\n                                \r\n                    <div class = \"td-button td-item1\">\r\n                        <div class = \"td-border\"><\/div>\r\n                    <\/div>\r\n                    <div class = \"td-button td-item2\">\r\n                        <div class = \"td-border\"><\/div>\r\n                    <\/div>\r\n                    <div class = \"td-button td-item3\">\r\n                        <div class = \"td-border\"><\/div>\r\n                    <\/div>\r\n                            <\/div>\r\n                        <\/div>\r\n\r\n                    <\/div>\r\n\r\n                <\/div>\r\n                \n<p><strong>Pour plus d&rsquo;informations et d&rsquo;analyses sur la <a href=\"https:\/\/www.africa-press.net\/djibouti\">Djibouti<\/a>, suivez <a href=\"https:\/\/www.africa-press.net\/\">Africa-Press<\/a><\/strong><\/p>\n","protected":false},"excerpt":{"rendered":"<p>Africa-Press &#8211; Djibouti. Le vice-pre\u0301sident de la socie\u0301te\u0301 chinoise Sinotrans, M. He Fei, a e\u0301te\u0301 e\u0301leve\u0301 au rang de Commandeur dans l\u2019Ordre National du 27 Juin. L\u2019heureux re\u0301cipiendaire a rec\u0327u son insigne honorifique des mains du premier ministre Abdoulkader Kamil Mohamed&#8230; Une importante ce\u0301re\u0301monie de remise de de\u0301coration s\u2019est de\u0301roule\u0301e au salon d\u2019honneur de la [&hellip;]<\/p>\n","protected":false},"author":82,"featured_media":17011,"comment_status":"open","ping_status":"closed","sticky":false,"template":"","format":"standard","meta":{"footnotes":""},"categories":[8,2,20,10],"tags":[36,49,50],"class_list":["post-17012","post","type-post","status-publish","format-standard","has-post-thumbnail","hentry","category-photo","category-politique","category-top-nouvelles","category-toutes-les-actualites","tag-africa-press","tag-africa-press-djibouti","tag-djibouti"],"yoast_head":"<!-- This site is optimized with the Yoast SEO Premium plugin v26.1 (Yoast SEO v27.0) - https:\/\/yoast.com\/product\/yoast-seo-premium-wordpress\/ -->\n<title>Le Premier ministre d\u00e9core le vice-pr\u00e9sident de la soci\u00e9t\u00e9 Sinotrans Limited - Djibouti<\/title>\n<meta name=\"description\" content=\"Le vice-pre\u0301sident de la socie\u0301te\u0301 chinoise Sinotrans, M. He Fei, a e\u0301te\u0301 e\u0301leve\u0301 au rang de Commandeur dans l\u2019Ordre ...\" \/>\n<meta name=\"robots\" content=\"index, follow, max-snippet:-1, max-image-preview:large, max-video-preview:-1\" \/>\n<link rel=\"canonical\" href=\"https:\/\/www.africa-press.net\/djibouti\/politique\/le-premier-ministre-decore-le-vice-president-de-la-societe-sinotrans-limited\" \/>\n<meta property=\"og:locale\" content=\"fr_FR\" \/>\n<meta property=\"og:type\" content=\"article\" \/>\n<meta property=\"og:title\" content=\"Le Premier ministre d\u00e9core le vice-pr\u00e9sident de la soci\u00e9t\u00e9 Sinotrans Limited\" \/>\n<meta property=\"og:description\" content=\"Le vice-pre\u0301sident de la socie\u0301te\u0301 chinoise Sinotrans, M. He Fei, a e\u0301te\u0301 e\u0301leve\u0301 au rang de Commandeur dans l\u2019Ordre ...\" \/>\n<meta property=\"og:url\" content=\"https:\/\/www.africa-press.net\/djibouti\/politique\/le-premier-ministre-decore-le-vice-president-de-la-societe-sinotrans-limited\" \/>\n<meta property=\"og:site_name\" content=\"Djibouti\" \/>\n<meta property=\"article:published_time\" content=\"2023-08-22T16:54:45+00:00\" \/>\n<meta property=\"article:modified_time\" content=\"2023-08-22T18:18:52+00:00\" \/>\n<meta property=\"og:image\" content=\"https:\/\/static.africa-press.net\/djibouti\/sites\/52\/2023\/08\/sm_1692714366.784878.jpg\" \/>\n\t<meta property=\"og:image:width\" content=\"720\" \/>\n\t<meta property=\"og:image:height\" content=\"511\" \/>\n\t<meta property=\"og:image:type\" content=\"image\/jpeg\" \/>\n<meta name=\"author\" content=\"cfeditorfr\" \/>\n<meta name=\"twitter:card\" content=\"summary_large_image\" \/>\n<meta name=\"twitter:label1\" content=\"\u00c9crit par\" \/>\n\t<meta name=\"twitter:data1\" content=\"cfeditorfr\" \/>\n\t<meta name=\"twitter:label2\" content=\"Dur\u00e9e de lecture estim\u00e9e\" \/>\n\t<meta name=\"twitter:data2\" content=\"1 minute\" \/>\n<script type=\"application\/ld+json\" class=\"yoast-schema-graph\">{\"@context\":\"https:\/\/schema.org\",\"@graph\":[{\"@type\":\"Article\",\"@id\":\"https:\/\/www.africa-press.net\/djibouti\/politique\/le-premier-ministre-decore-le-vice-president-de-la-societe-sinotrans-limited#article\",\"isPartOf\":{\"@id\":\"https:\/\/www.africa-press.net\/djibouti\/politique\/le-premier-ministre-decore-le-vice-president-de-la-societe-sinotrans-limited\"},\"author\":{\"name\":\"cfeditorfr\",\"@id\":\"https:\/\/www.africa-press.net\/djibouti\/#\/schema\/person\/2b1cf3cd81a31e3cd26889ca66d677f1\"},\"headline\":\"Le Premier ministre d\u00e9core le vice-pr\u00e9sident de la soci\u00e9t\u00e9 Sinotrans Limited\",\"datePublished\":\"2023-08-22T16:54:45+00:00\",\"dateModified\":\"2023-08-22T18:18:52+00:00\",\"mainEntityOfPage\":{\"@id\":\"https:\/\/www.africa-press.net\/djibouti\/politique\/le-premier-ministre-decore-le-vice-president-de-la-societe-sinotrans-limited\"},\"wordCount\":208,\"commentCount\":0,\"image\":{\"@id\":\"https:\/\/www.africa-press.net\/djibouti\/politique\/le-premier-ministre-decore-le-vice-president-de-la-societe-sinotrans-limited#primaryimage\"},\"thumbnailUrl\":\"https:\/\/static.africa-press.net\/djibouti\/sites\/52\/2023\/08\/sm_1692714366.784878.jpg\",\"keywords\":[\"Africa Press\",\"Africa Press-Djibouti\",\"Djibouti\"],\"articleSection\":[\"Photo\",\"Politique\",\"Top Nouvelles\",\"Toutes les actualit\u00e9s\"],\"inLanguage\":\"fr-FR\",\"potentialAction\":[{\"@type\":\"CommentAction\",\"name\":\"Comment\",\"target\":[\"https:\/\/www.africa-press.net\/djibouti\/politique\/le-premier-ministre-decore-le-vice-president-de-la-societe-sinotrans-limited#respond\"]}]},{\"@type\":\"WebPage\",\"@id\":\"https:\/\/www.africa-press.net\/djibouti\/politique\/le-premier-ministre-decore-le-vice-president-de-la-societe-sinotrans-limited\",\"url\":\"https:\/\/www.africa-press.net\/djibouti\/politique\/le-premier-ministre-decore-le-vice-president-de-la-societe-sinotrans-limited\",\"name\":\"Le Premier ministre d\u00e9core le vice-pr\u00e9sident de la soci\u00e9t\u00e9 Sinotrans Limited - Djibouti\",\"isPartOf\":{\"@id\":\"https:\/\/www.africa-press.net\/djibouti\/#website\"},\"primaryImageOfPage\":{\"@id\":\"https:\/\/www.africa-press.net\/djibouti\/politique\/le-premier-ministre-decore-le-vice-president-de-la-societe-sinotrans-limited#primaryimage\"},\"image\":{\"@id\":\"https:\/\/www.africa-press.net\/djibouti\/politique\/le-premier-ministre-decore-le-vice-president-de-la-societe-sinotrans-limited#primaryimage\"},\"thumbnailUrl\":\"https:\/\/static.africa-press.net\/djibouti\/sites\/52\/2023\/08\/sm_1692714366.784878.jpg\",\"datePublished\":\"2023-08-22T16:54:45+00:00\",\"dateModified\":\"2023-08-22T18:18:52+00:00\",\"author\":{\"@id\":\"https:\/\/www.africa-press.net\/djibouti\/#\/schema\/person\/2b1cf3cd81a31e3cd26889ca66d677f1\"},\"description\":\"Le vice-pre\u0301sident de la socie\u0301te\u0301 chinoise Sinotrans, M. He Fei, a e\u0301te\u0301 e\u0301leve\u0301 au rang de Commandeur dans l\u2019Ordre ...\",\"breadcrumb\":{\"@id\":\"https:\/\/www.africa-press.net\/djibouti\/politique\/le-premier-ministre-decore-le-vice-president-de-la-societe-sinotrans-limited#breadcrumb\"},\"inLanguage\":\"fr-FR\",\"potentialAction\":[{\"@type\":\"ReadAction\",\"target\":[\"https:\/\/www.africa-press.net\/djibouti\/politique\/le-premier-ministre-decore-le-vice-president-de-la-societe-sinotrans-limited\"]}]},{\"@type\":\"ImageObject\",\"inLanguage\":\"fr-FR\",\"@id\":\"https:\/\/www.africa-press.net\/djibouti\/politique\/le-premier-ministre-decore-le-vice-president-de-la-societe-sinotrans-limited#primaryimage\",\"url\":\"https:\/\/static.africa-press.net\/djibouti\/sites\/52\/2023\/08\/sm_1692714366.784878.jpg\",\"contentUrl\":\"https:\/\/static.africa-press.net\/djibouti\/sites\/52\/2023\/08\/sm_1692714366.784878.jpg\",\"width\":720,\"height\":511,\"caption\":\"Le Premier ministre d\u00e9core le vice-pr\u00e9sident de la soci\u00e9t\u00e9 Sinotrans Limited\"},{\"@type\":\"BreadcrumbList\",\"@id\":\"https:\/\/www.africa-press.net\/djibouti\/politique\/le-premier-ministre-decore-le-vice-president-de-la-societe-sinotrans-limited#breadcrumb\",\"itemListElement\":[{\"@type\":\"ListItem\",\"position\":1,\"name\":\"Accueil\",\"item\":\"https:\/\/www.africa-press.net\/djibouti\/\"},{\"@type\":\"ListItem\",\"position\":2,\"name\":\"Le Premier ministre d\u00e9core le vice-pr\u00e9sident de la soci\u00e9t\u00e9 Sinotrans Limited\"}]},{\"@type\":\"WebSite\",\"@id\":\"https:\/\/www.africa-press.net\/djibouti\/#website\",\"url\":\"https:\/\/www.africa-press.net\/djibouti\/\",\"name\":\"Djibouti\",\"description\":\"Just another Africa News Agency Sites site\",\"potentialAction\":[{\"@type\":\"SearchAction\",\"target\":{\"@type\":\"EntryPoint\",\"urlTemplate\":\"https:\/\/www.africa-press.net\/djibouti\/?s={search_term_string}\"},\"query-input\":{\"@type\":\"PropertyValueSpecification\",\"valueRequired\":true,\"valueName\":\"search_term_string\"}}],\"inLanguage\":\"fr-FR\"},{\"@type\":\"Person\",\"@id\":\"https:\/\/www.africa-press.net\/djibouti\/#\/schema\/person\/2b1cf3cd81a31e3cd26889ca66d677f1\",\"name\":\"cfeditorfr\"}]}<\/script>\n<!-- \/ Yoast SEO Premium plugin. -->","yoast_head_json":{"title":"Le Premier ministre d\u00e9core le vice-pr\u00e9sident de la soci\u00e9t\u00e9 Sinotrans Limited - Djibouti","description":"Le vice-pre\u0301sident de la socie\u0301te\u0301 chinoise Sinotrans, M. He Fei, a e\u0301te\u0301 e\u0301leve\u0301 au rang de Commandeur dans l\u2019Ordre ...","robots":{"index":"index","follow":"follow","max-snippet":"max-snippet:-1","max-image-preview":"max-image-preview:large","max-video-preview":"max-video-preview:-1"},"canonical":"https:\/\/www.africa-press.net\/djibouti\/politique\/le-premier-ministre-decore-le-vice-president-de-la-societe-sinotrans-limited","og_locale":"fr_FR","og_type":"article","og_title":"Le Premier ministre d\u00e9core le vice-pr\u00e9sident de la soci\u00e9t\u00e9 Sinotrans Limited","og_description":"Le vice-pre\u0301sident de la socie\u0301te\u0301 chinoise Sinotrans, M. He Fei, a e\u0301te\u0301 e\u0301leve\u0301 au rang de Commandeur dans l\u2019Ordre ...","og_url":"https:\/\/www.africa-press.net\/djibouti\/politique\/le-premier-ministre-decore-le-vice-president-de-la-societe-sinotrans-limited","og_site_name":"Djibouti","article_published_time":"2023-08-22T16:54:45+00:00","article_modified_time":"2023-08-22T18:18:52+00:00","og_image":[{"width":720,"height":511,"url":"https:\/\/static.africa-press.net\/djibouti\/sites\/52\/2023\/08\/sm_1692714366.784878.jpg","type":"image\/jpeg"}],"author":"cfeditorfr","twitter_card":"summary_large_image","twitter_misc":{"\u00c9crit par":"cfeditorfr","Dur\u00e9e de lecture estim\u00e9e":"1 minute"},"schema":{"@context":"https:\/\/schema.org","@graph":[{"@type":"Article","@id":"https:\/\/www.africa-press.net\/djibouti\/politique\/le-premier-ministre-decore-le-vice-president-de-la-societe-sinotrans-limited#article","isPartOf":{"@id":"https:\/\/www.africa-press.net\/djibouti\/politique\/le-premier-ministre-decore-le-vice-president-de-la-societe-sinotrans-limited"},"author":{"name":"cfeditorfr","@id":"https:\/\/www.africa-press.net\/djibouti\/#\/schema\/person\/2b1cf3cd81a31e3cd26889ca66d677f1"},"headline":"Le Premier ministre d\u00e9core le vice-pr\u00e9sident de la soci\u00e9t\u00e9 Sinotrans Limited","datePublished":"2023-08-22T16:54:45+00:00","dateModified":"2023-08-22T18:18:52+00:00","mainEntityOfPage":{"@id":"https:\/\/www.africa-press.net\/djibouti\/politique\/le-premier-ministre-decore-le-vice-president-de-la-societe-sinotrans-limited"},"wordCount":208,"commentCount":0,"image":{"@id":"https:\/\/www.africa-press.net\/djibouti\/politique\/le-premier-ministre-decore-le-vice-president-de-la-societe-sinotrans-limited#primaryimage"},"thumbnailUrl":"https:\/\/static.africa-press.net\/djibouti\/sites\/52\/2023\/08\/sm_1692714366.784878.jpg","keywords":["Africa Press","Africa Press-Djibouti","Djibouti"],"articleSection":["Photo","Politique","Top Nouvelles","Toutes les actualit\u00e9s"],"inLanguage":"fr-FR","potentialAction":[{"@type":"CommentAction","name":"Comment","target":["https:\/\/www.africa-press.net\/djibouti\/politique\/le-premier-ministre-decore-le-vice-president-de-la-societe-sinotrans-limited#respond"]}]},{"@type":"WebPage","@id":"https:\/\/www.africa-press.net\/djibouti\/politique\/le-premier-ministre-decore-le-vice-president-de-la-societe-sinotrans-limited","url":"https:\/\/www.africa-press.net\/djibouti\/politique\/le-premier-ministre-decore-le-vice-president-de-la-societe-sinotrans-limited","name":"Le Premier ministre d\u00e9core le vice-pr\u00e9sident de la soci\u00e9t\u00e9 Sinotrans Limited - Djibouti","isPartOf":{"@id":"https:\/\/www.africa-press.net\/djibouti\/#website"},"primaryImageOfPage":{"@id":"https:\/\/www.africa-press.net\/djibouti\/politique\/le-premier-ministre-decore-le-vice-president-de-la-societe-sinotrans-limited#primaryimage"},"image":{"@id":"https:\/\/www.africa-press.net\/djibouti\/politique\/le-premier-ministre-decore-le-vice-president-de-la-societe-sinotrans-limited#primaryimage"},"thumbnailUrl":"https:\/\/static.africa-press.net\/djibouti\/sites\/52\/2023\/08\/sm_1692714366.784878.jpg","datePublished":"2023-08-22T16:54:45+00:00","dateModified":"2023-08-22T18:18:52+00:00","author":{"@id":"https:\/\/www.africa-press.net\/djibouti\/#\/schema\/person\/2b1cf3cd81a31e3cd26889ca66d677f1"},"description":"Le vice-pre\u0301sident de la socie\u0301te\u0301 chinoise Sinotrans, M. He Fei, a e\u0301te\u0301 e\u0301leve\u0301 au rang de Commandeur dans l\u2019Ordre ...","breadcrumb":{"@id":"https:\/\/www.africa-press.net\/djibouti\/politique\/le-premier-ministre-decore-le-vice-president-de-la-societe-sinotrans-limited#breadcrumb"},"inLanguage":"fr-FR","potentialAction":[{"@type":"ReadAction","target":["https:\/\/www.africa-press.net\/djibouti\/politique\/le-premier-ministre-decore-le-vice-president-de-la-societe-sinotrans-limited"]}]},{"@type":"ImageObject","inLanguage":"fr-FR","@id":"https:\/\/www.africa-press.net\/djibouti\/politique\/le-premier-ministre-decore-le-vice-president-de-la-societe-sinotrans-limited#primaryimage","url":"https:\/\/static.africa-press.net\/djibouti\/sites\/52\/2023\/08\/sm_1692714366.784878.jpg","contentUrl":"https:\/\/static.africa-press.net\/djibouti\/sites\/52\/2023\/08\/sm_1692714366.784878.jpg","width":720,"height":511,"caption":"Le Premier ministre d\u00e9core le vice-pr\u00e9sident de la soci\u00e9t\u00e9 Sinotrans Limited"},{"@type":"BreadcrumbList","@id":"https:\/\/www.africa-press.net\/djibouti\/politique\/le-premier-ministre-decore-le-vice-president-de-la-societe-sinotrans-limited#breadcrumb","itemListElement":[{"@type":"ListItem","position":1,"name":"Accueil","item":"https:\/\/www.africa-press.net\/djibouti\/"},{"@type":"ListItem","position":2,"name":"Le Premier ministre d\u00e9core le vice-pr\u00e9sident de la soci\u00e9t\u00e9 Sinotrans Limited"}]},{"@type":"WebSite","@id":"https:\/\/www.africa-press.net\/djibouti\/#website","url":"https:\/\/www.africa-press.net\/djibouti\/","name":"Djibouti","description":"Just another Africa News Agency Sites site","potentialAction":[{"@type":"SearchAction","target":{"@type":"EntryPoint","urlTemplate":"https:\/\/www.africa-press.net\/djibouti\/?s={search_term_string}"},"query-input":{"@type":"PropertyValueSpecification","valueRequired":true,"valueName":"search_term_string"}}],"inLanguage":"fr-FR"},{"@type":"Person","@id":"https:\/\/www.africa-press.net\/djibouti\/#\/schema\/person\/2b1cf3cd81a31e3cd26889ca66d677f1","name":"cfeditorfr"}]}},"_links":{"self":[{"href":"https:\/\/www.africa-press.net\/djibouti\/wp-json\/wp\/v2\/posts\/17012","targetHints":{"allow":["GET"]}}],"collection":[{"href":"https:\/\/www.africa-press.net\/djibouti\/wp-json\/wp\/v2\/posts"}],"about":[{"href":"https:\/\/www.africa-press.net\/djibouti\/wp-json\/wp\/v2\/types\/post"}],"author":[{"embeddable":true,"href":"https:\/\/www.africa-press.net\/djibouti\/wp-json\/wp\/v2\/users\/82"}],"replies":[{"embeddable":true,"href":"https:\/\/www.africa-press.net\/djibouti\/wp-json\/wp\/v2\/comments?post=17012"}],"version-history":[{"count":0,"href":"https:\/\/www.africa-press.net\/djibouti\/wp-json\/wp\/v2\/posts\/17012\/revisions"}],"wp:featuredmedia":[{"embeddable":true,"href":"https:\/\/www.africa-press.net\/djibouti\/wp-json\/wp\/v2\/media\/17011"}],"wp:attachment":[{"href":"https:\/\/www.africa-press.net\/djibouti\/wp-json\/wp\/v2\/media?parent=17012"}],"wp:term":[{"taxonomy":"category","embeddable":true,"href":"https:\/\/www.africa-press.net\/djibouti\/wp-json\/wp\/v2\/categories?post=17012"},{"taxonomy":"post_tag","embeddable":true,"href":"https:\/\/www.africa-press.net\/djibouti\/wp-json\/wp\/v2\/tags?post=17012"}],"curies":[{"name":"wp","href":"https:\/\/api.w.org\/{rel}","templated":true}]}}