{"id":17058,"date":"2023-08-23T12:30:18","date_gmt":"2023-08-23T12:30:18","guid":{"rendered":"https:\/\/www.africa-press.net\/djibouti\/politique\/premiere-reunion-regionale-sur-le-dossier-de-candidature-commune-aux-pays-arabes-en-situation-particuliere-2"},"modified":"2023-08-30T20:50:18","modified_gmt":"2023-08-30T20:50:18","slug":"premiere-reunion-regionale-sur-le-dossier-de-candidature-commune-aux-pays-arabes-en-situation-particuliere-2","status":"publish","type":"post","link":"https:\/\/www.africa-press.net\/djibouti\/politique\/premiere-reunion-regionale-sur-le-dossier-de-candidature-commune-aux-pays-arabes-en-situation-particuliere-2","title":{"rendered":"Premi\u00e8re r\u00e9union r\u00e9gionale sur le dossier de candidature commune aux pays arabes en situation particuli\u00e8re"},"content":{"rendered":"<p><span style=\"color: #ff6600\"><strong>Africa-Press &#8211; Djibouti. <\/strong><\/span><b>Le ministe\u0300re de la Jeunesse et de la Culture a accueilli lundi une importante re\u0301union re\u0301gionale dans le cadre du projet d\u2019inscription collective des traditions et coutumes lie\u0301es au mariage traditionnel des pays arabes, au registre universel de l\u2019UNESCO d\u2019ici mars 2024.<\/b><\/p>\n<p>Avant le de\u0301but de la re\u0301union, la ministre de la Jeunesse et de la Culture, Dr Hibo Moumin Assoweh, a rec\u0327u dans son cabinet les repre\u0301sentants de l\u2019ALESCO, Dr Faethi El Jeray et Dr Abdelhadi El ghamari, les deux experts internationaux, M. Mohamed Beidjeu et M. Moustapha Jlock, le secre\u0301taire ge\u0301ne\u0301ral de la commission nationale de l\u2019UNESCO a\u0300 Djibouti, M. Mohamed Moussa Yabeh,le conseiller technique principal, M. Idriss Moussa, le directeur ge\u0301ne\u0301ral de l\u2019Agence Nationale pour la Promotion de la Culture, M. Mohamed Houssein Doualeh, et la directrice de la culture, Mme Fadoumo Abdi Isse.<\/p>\n<p><b>Re\u0301union re\u0301gionale<\/b><\/p>\n<p>Outre la Re\u0301publique de Djibouti, la Re\u0301publique des Comores et la Re\u0301publique de la somalie sont convie\u0301es a\u0300 cette re\u0301union. L\u2019objectif principal de cette re\u0301union est la re\u0301alisation d\u2019un dossier commun sur les traditions et coutumes lie\u0301es au mariage traditionnel dans le monde arabe entre ces trois pays.<\/p>\n<p>La Re\u0301publique de Djibouti a eu l\u2019honneur d\u2019e\u0302tre le chef de file de ces 3 pays pour la proposition d\u2019inscription de cet e\u0301le\u0301ment commun traditionnel au Patrimoine culturel immate\u0301riel mondial de l\u2019UNESCO.<\/p>\n<p>En collaboration avec l\u2019ALESCO, cet atelier durera 3 jours et se de\u0301roulera dans la salle de re\u0301union du Ministe\u0300re de la Jeunesse et de la Culture. Lors de ces travaux deux experts internationaux assureront la vulgarisation de la convention de 2003. Depuis le de\u0301but de l\u2019inscription du patrimoine immate\u0301riel au patrimoine mondial en 2008 et jusqu\u2019a\u0300 la dernie\u0300re re\u0301union du Comite\u0301 intergouvernemental de sauvegarde du patrimoine culturel immate\u0301riel en de\u0301cembre 2022, les pays arabes ont pu inscrire 67 e\u0301le\u0301ments dans le cadre des dossiers nationaux ou conjoints. L\u2019organisation ALECSO a continue\u0301 a\u0300 soutenir les dossiers nationaux des pays arabes et elle a e\u0301galement pu, en coope\u0301ration avec certains pays arabes, coordonner et enregistrer plusieurs dossiers arabes communs et continuer a\u0300 pre\u0301parer ainsi d\u2019autres dossiers dans le cadre du travail quinquennal approuve\u0301 lors de la 22e session de la Confe\u0301rence des ministres responsables des affaires culturelles des pays arabes, en de\u0301cembre 2021. Depuis lors, comme certains pays arabes n\u2019ont pas pu enregistrer des dossiers de candidature ni participer a\u0300 des projets communs malgre\u0301 que leur patrimoine immate\u0301riel soit tre\u0300s riche, ce programme offre l\u2019opportunite\u0301 de reme\u0301dier rapidement a\u0300 cela.<\/p>\n<p>Avant cet atelier physique, Une premie\u0300re re\u0301union de coordination s\u2019est tenue a\u0300 distance le 25 mai 2023, au cours de laquelle tous les pays concerne\u0301s par le dossier ont participe\u0301, en plus des experts coope\u0301rant avec l\u2019organisme qui supervisera le suivi de la pre\u0301paration de ce dossier.<\/p>\n<p>Au programme aussi de cette re\u0301union re\u0301gionale qui s\u2019e\u0301talera sur trois jours : la pre\u0301sentation de la Convention de 2003 pour la sauvegarde du patrimoine culturel immate\u0301riel, l\u2019examen des opportunite\u0301s de coope\u0301ration internationale dans ce domaine, le lancement de la pre\u0301paration des inventaires nationaux, la collecte des documents, la formation au remplissage du dossier de candidature avec l\u2019UNESCO et la fixation d\u2019un calendrier commun.<\/p>\n<p><img loading=\"lazy\" decoding=\"async\" src=\"bin\/Users\/MiladFR\/postMediaimg_50_4.jpg\" width=\"480\" height=\"320\" \/><\/p>\n\r\n                <style type=\"text\/css\">\r\n                    \r\n                    #td_uid_1_69eeaa8e90c0d  .td-doubleSlider-2 .td-item1 {\r\n                        background: url(https:\/\/static.africa-press.net\/djibouti\/sites\/52\/2023\/08\/sm_1692785757.354731-80x60.jpg) 0 0 no-repeat;\r\n                    }\r\n                    #td_uid_1_69eeaa8e90c0d  .td-doubleSlider-2 .td-item2 {\r\n                        background: url(https:\/\/static.africa-press.net\/djibouti\/sites\/52\/2023\/08\/sm_1692785777.41016-80x60.jpg) 0 0 no-repeat;\r\n                    }\r\n                    #td_uid_1_69eeaa8e90c0d  .td-doubleSlider-2 .td-item3 {\r\n                        background: url(https:\/\/static.africa-press.net\/djibouti\/sites\/52\/2023\/08\/sm_1692785804.94525-80x60.jpg) 0 0 no-repeat;\r\n                    }\r\n                <\/style>\r\n\r\n                <div id=\"td_uid_1_69eeaa8e90c0d\" class=\"td-gallery td-slide-on-2-columns\">\r\n                    <div class=\"post_td_gallery\">\r\n                        <div class=\"td-gallery-slide-top\">\r\n                           <div class=\"td-gallery-title\"><\/div>\r\n\r\n                            <div class=\"td-gallery-controls-wrapper\">\r\n                                <div class=\"td-gallery-slide-count\"><span class=\"td-gallery-slide-item-focus\">1<\/span> de 3<\/div>\r\n                                <div class=\"td-gallery-slide-prev-next-but\">\r\n                                    <i class = \"td-icon-left doubleSliderPrevButton\"><\/i>\r\n                                    <i class = \"td-icon-right doubleSliderNextButton\"><\/i>\r\n                                <\/div>\r\n                            <\/div>\r\n                        <\/div>\r\n\r\n                        <div class = \"td-doubleSlider-1 \">\r\n                            <div class = \"td-slider\">\r\n                                \r\n                    <div class = \"td-slide-item td-item1\">\r\n                        <figure class=\"td-slide-galery-figure td-slide-popup-gallery\">\r\n                            <a class=\"slide-gallery-image-link\" href=\"https:\/\/static.africa-press.net\/djibouti\/sites\/52\/2023\/08\/sm_1692785757.354731.jpg\" title=\"sm_1692785757.354731\"  data-caption=\"\"  data-description=\"\">\r\n                                <img decoding=\"async\" src=\"https:\/\/static.africa-press.net\/djibouti\/sites\/52\/2023\/08\/sm_1692785757.354731.jpg\" srcset=\"https:\/\/static.africa-press.net\/djibouti\/sites\/52\/2023\/08\/sm_1692785757.354731.jpg 1024w, https:\/\/static.africa-press.net\/djibouti\/sites\/52\/2023\/08\/sm_1692785757.354731-300x200.jpg 300w, https:\/\/static.africa-press.net\/djibouti\/sites\/52\/2023\/08\/sm_1692785757.354731-768x512.jpg 768w\" sizes=\"(max-width: 1024px) 100vw, 1024px\" alt=\"\">\r\n                            <\/a>\r\n                            \r\n                        <\/figure>\r\n                    <\/div>\r\n                    <div class = \"td-slide-item td-item2\">\r\n                        <figure class=\"td-slide-galery-figure td-slide-popup-gallery\">\r\n                            <a class=\"slide-gallery-image-link\" href=\"https:\/\/static.africa-press.net\/djibouti\/sites\/52\/2023\/08\/sm_1692785777.41016.jpg\" title=\"sm_1692785777.41016\"  data-caption=\"\"  data-description=\"\">\r\n                                <img decoding=\"async\" src=\"https:\/\/static.africa-press.net\/djibouti\/sites\/52\/2023\/08\/sm_1692785777.41016.jpg\" srcset=\"https:\/\/static.africa-press.net\/djibouti\/sites\/52\/2023\/08\/sm_1692785777.41016.jpg 1024w, https:\/\/static.africa-press.net\/djibouti\/sites\/52\/2023\/08\/sm_1692785777.41016-300x200.jpg 300w, https:\/\/static.africa-press.net\/djibouti\/sites\/52\/2023\/08\/sm_1692785777.41016-768x512.jpg 768w\" sizes=\"(max-width: 1024px) 100vw, 1024px\" alt=\"\">\r\n                            <\/a>\r\n                            \r\n                        <\/figure>\r\n                    <\/div>\r\n                    <div class = \"td-slide-item td-item3\">\r\n                        <figure class=\"td-slide-galery-figure td-slide-popup-gallery\">\r\n                            <a class=\"slide-gallery-image-link\" href=\"https:\/\/static.africa-press.net\/djibouti\/sites\/52\/2023\/08\/sm_1692785804.94525.jpg\" title=\"sm_1692785804.94525\"  data-caption=\"\"  data-description=\"\">\r\n                                <img decoding=\"async\" src=\"https:\/\/static.africa-press.net\/djibouti\/sites\/52\/2023\/08\/sm_1692785804.94525.jpg\" srcset=\"https:\/\/static.africa-press.net\/djibouti\/sites\/52\/2023\/08\/sm_1692785804.94525.jpg 1024w, https:\/\/static.africa-press.net\/djibouti\/sites\/52\/2023\/08\/sm_1692785804.94525-300x200.jpg 300w, https:\/\/static.africa-press.net\/djibouti\/sites\/52\/2023\/08\/sm_1692785804.94525-768x512.jpg 768w\" sizes=\"(max-width: 1024px) 100vw, 1024px\" alt=\"\">\r\n                            <\/a>\r\n                            \r\n                        <\/figure>\r\n                    <\/div>\r\n                            <\/div>\r\n                        <\/div>\r\n\r\n                        <div class = \"td-doubleSlider-2\">\r\n                            <div class = \"td-slider\">\r\n                                \r\n                    <div class = \"td-button td-item1\">\r\n                        <div class = \"td-border\"><\/div>\r\n                    <\/div>\r\n                    <div class = \"td-button td-item2\">\r\n                        <div class = \"td-border\"><\/div>\r\n                    <\/div>\r\n                    <div class = \"td-button td-item3\">\r\n                        <div class = \"td-border\"><\/div>\r\n                    <\/div>\r\n                            <\/div>\r\n                        <\/div>\r\n\r\n                    <\/div>\r\n\r\n                <\/div>\r\n                \n<p><strong>Pour plus d&rsquo;informations et d&rsquo;analyses sur la <a href=\"https:\/\/www.africa-press.net\/djibouti\">Djibouti<\/a>, suivez <a href=\"https:\/\/www.africa-press.net\/\">Africa-Press<\/a><\/strong><\/p>\n","protected":false},"excerpt":{"rendered":"<p>Africa-Press &#8211; Djibouti. Le ministe\u0300re de la Jeunesse et de la Culture a accueilli lundi une importante re\u0301union re\u0301gionale dans le cadre du projet d\u2019inscription collective des traditions et coutumes lie\u0301es au mariage traditionnel des pays arabes, au registre universel de l\u2019UNESCO d\u2019ici mars 2024. Avant le de\u0301but de la re\u0301union, la ministre de la [&hellip;]<\/p>\n","protected":false},"author":82,"featured_media":17057,"comment_status":"open","ping_status":"closed","sticky":false,"template":"","format":"standard","meta":{"footnotes":""},"categories":[8,2,20,10],"tags":[36,49,50],"class_list":["post-17058","post","type-post","status-publish","format-standard","has-post-thumbnail","hentry","category-photo","category-politique","category-top-nouvelles","category-toutes-les-actualites","tag-africa-press","tag-africa-press-djibouti","tag-djibouti"],"yoast_head":"<!-- This site is optimized with the Yoast SEO Premium plugin v26.1 (Yoast SEO v27.0) - https:\/\/yoast.com\/product\/yoast-seo-premium-wordpress\/ -->\n<title>Premi\u00e8re r\u00e9union r\u00e9gionale sur le dossier de candidature commune aux pays arabes en situation particuli\u00e8re - Djibouti<\/title>\n<meta name=\"description\" content=\"Le ministe\u0300re de la Jeunesse et de la Culture a accueilli lundi une importante re\u0301union re\u0301gionale dans le cadre du p ...\" \/>\n<meta name=\"robots\" content=\"index, follow, max-snippet:-1, max-image-preview:large, max-video-preview:-1\" \/>\n<link rel=\"canonical\" href=\"https:\/\/www.africa-press.net\/djibouti\/politique\/premiere-reunion-regionale-sur-le-dossier-de-candidature-commune-aux-pays-arabes-en-situation-particuliere-2\" \/>\n<meta property=\"og:locale\" content=\"fr_FR\" \/>\n<meta property=\"og:type\" content=\"article\" \/>\n<meta property=\"og:title\" content=\"Premi\u00e8re r\u00e9union r\u00e9gionale sur le dossier de candidature commune aux pays arabes en situation particuli\u00e8re\" \/>\n<meta property=\"og:description\" content=\"Le ministe\u0300re de la Jeunesse et de la Culture a accueilli lundi une importante re\u0301union re\u0301gionale dans le cadre du p ...\" \/>\n<meta property=\"og:url\" content=\"https:\/\/www.africa-press.net\/djibouti\/politique\/premiere-reunion-regionale-sur-le-dossier-de-candidature-commune-aux-pays-arabes-en-situation-particuliere-2\" \/>\n<meta property=\"og:site_name\" content=\"Djibouti\" \/>\n<meta property=\"article:published_time\" content=\"2023-08-23T12:30:18+00:00\" \/>\n<meta property=\"article:modified_time\" content=\"2023-08-30T20:50:18+00:00\" \/>\n<meta property=\"og:image\" content=\"https:\/\/static.africa-press.net\/djibouti\/sites\/52\/2023\/08\/sm_1692785861.888169.jpg\" \/>\n\t<meta property=\"og:image:width\" content=\"720\" \/>\n\t<meta property=\"og:image:height\" content=\"480\" \/>\n\t<meta property=\"og:image:type\" content=\"image\/jpeg\" \/>\n<meta name=\"author\" content=\"cfeditorfr\" \/>\n<meta name=\"twitter:card\" content=\"summary_large_image\" \/>\n<meta name=\"twitter:label1\" content=\"\u00c9crit par\" \/>\n\t<meta name=\"twitter:data1\" content=\"cfeditorfr\" \/>\n\t<meta name=\"twitter:label2\" content=\"Dur\u00e9e de lecture estim\u00e9e\" \/>\n\t<meta name=\"twitter:data2\" content=\"3 minutes\" \/>\n<script type=\"application\/ld+json\" class=\"yoast-schema-graph\">{\"@context\":\"https:\/\/schema.org\",\"@graph\":[{\"@type\":\"Article\",\"@id\":\"https:\/\/www.africa-press.net\/djibouti\/politique\/premiere-reunion-regionale-sur-le-dossier-de-candidature-commune-aux-pays-arabes-en-situation-particuliere-2#article\",\"isPartOf\":{\"@id\":\"https:\/\/www.africa-press.net\/djibouti\/politique\/premiere-reunion-regionale-sur-le-dossier-de-candidature-commune-aux-pays-arabes-en-situation-particuliere-2\"},\"author\":{\"name\":\"cfeditorfr\",\"@id\":\"https:\/\/www.africa-press.net\/djibouti\/#\/schema\/person\/2b1cf3cd81a31e3cd26889ca66d677f1\"},\"headline\":\"Premi\u00e8re r\u00e9union r\u00e9gionale sur le dossier de candidature commune aux pays arabes en situation particuli\u00e8re\",\"datePublished\":\"2023-08-23T12:30:18+00:00\",\"dateModified\":\"2023-08-30T20:50:18+00:00\",\"mainEntityOfPage\":{\"@id\":\"https:\/\/www.africa-press.net\/djibouti\/politique\/premiere-reunion-regionale-sur-le-dossier-de-candidature-commune-aux-pays-arabes-en-situation-particuliere-2\"},\"wordCount\":636,\"commentCount\":0,\"image\":{\"@id\":\"https:\/\/www.africa-press.net\/djibouti\/politique\/premiere-reunion-regionale-sur-le-dossier-de-candidature-commune-aux-pays-arabes-en-situation-particuliere-2#primaryimage\"},\"thumbnailUrl\":\"https:\/\/static.africa-press.net\/djibouti\/sites\/52\/2023\/08\/sm_1692785861.888169.jpg\",\"keywords\":[\"Africa Press\",\"Africa Press-Djibouti\",\"Djibouti\"],\"articleSection\":[\"Photo\",\"Politique\",\"Top Nouvelles\",\"Toutes les actualit\u00e9s\"],\"inLanguage\":\"fr-FR\",\"potentialAction\":[{\"@type\":\"CommentAction\",\"name\":\"Comment\",\"target\":[\"https:\/\/www.africa-press.net\/djibouti\/politique\/premiere-reunion-regionale-sur-le-dossier-de-candidature-commune-aux-pays-arabes-en-situation-particuliere-2#respond\"]}]},{\"@type\":\"WebPage\",\"@id\":\"https:\/\/www.africa-press.net\/djibouti\/politique\/premiere-reunion-regionale-sur-le-dossier-de-candidature-commune-aux-pays-arabes-en-situation-particuliere-2\",\"url\":\"https:\/\/www.africa-press.net\/djibouti\/politique\/premiere-reunion-regionale-sur-le-dossier-de-candidature-commune-aux-pays-arabes-en-situation-particuliere-2\",\"name\":\"Premi\u00e8re r\u00e9union r\u00e9gionale sur le dossier de candidature commune aux pays arabes en situation particuli\u00e8re - Djibouti\",\"isPartOf\":{\"@id\":\"https:\/\/www.africa-press.net\/djibouti\/#website\"},\"primaryImageOfPage\":{\"@id\":\"https:\/\/www.africa-press.net\/djibouti\/politique\/premiere-reunion-regionale-sur-le-dossier-de-candidature-commune-aux-pays-arabes-en-situation-particuliere-2#primaryimage\"},\"image\":{\"@id\":\"https:\/\/www.africa-press.net\/djibouti\/politique\/premiere-reunion-regionale-sur-le-dossier-de-candidature-commune-aux-pays-arabes-en-situation-particuliere-2#primaryimage\"},\"thumbnailUrl\":\"https:\/\/static.africa-press.net\/djibouti\/sites\/52\/2023\/08\/sm_1692785861.888169.jpg\",\"datePublished\":\"2023-08-23T12:30:18+00:00\",\"dateModified\":\"2023-08-30T20:50:18+00:00\",\"author\":{\"@id\":\"https:\/\/www.africa-press.net\/djibouti\/#\/schema\/person\/2b1cf3cd81a31e3cd26889ca66d677f1\"},\"description\":\"Le ministe\u0300re de la Jeunesse et de la Culture a accueilli lundi une importante re\u0301union re\u0301gionale dans le cadre du p ...\",\"breadcrumb\":{\"@id\":\"https:\/\/www.africa-press.net\/djibouti\/politique\/premiere-reunion-regionale-sur-le-dossier-de-candidature-commune-aux-pays-arabes-en-situation-particuliere-2#breadcrumb\"},\"inLanguage\":\"fr-FR\",\"potentialAction\":[{\"@type\":\"ReadAction\",\"target\":[\"https:\/\/www.africa-press.net\/djibouti\/politique\/premiere-reunion-regionale-sur-le-dossier-de-candidature-commune-aux-pays-arabes-en-situation-particuliere-2\"]}]},{\"@type\":\"ImageObject\",\"inLanguage\":\"fr-FR\",\"@id\":\"https:\/\/www.africa-press.net\/djibouti\/politique\/premiere-reunion-regionale-sur-le-dossier-de-candidature-commune-aux-pays-arabes-en-situation-particuliere-2#primaryimage\",\"url\":\"https:\/\/static.africa-press.net\/djibouti\/sites\/52\/2023\/08\/sm_1692785861.888169.jpg\",\"contentUrl\":\"https:\/\/static.africa-press.net\/djibouti\/sites\/52\/2023\/08\/sm_1692785861.888169.jpg\",\"width\":720,\"height\":480,\"caption\":\"Premi\u00e8re r\u00e9union r\u00e9gionale sur le dossier de candidature commune aux pays arabes en situation particuli\u00e8re\"},{\"@type\":\"BreadcrumbList\",\"@id\":\"https:\/\/www.africa-press.net\/djibouti\/politique\/premiere-reunion-regionale-sur-le-dossier-de-candidature-commune-aux-pays-arabes-en-situation-particuliere-2#breadcrumb\",\"itemListElement\":[{\"@type\":\"ListItem\",\"position\":1,\"name\":\"Accueil\",\"item\":\"https:\/\/www.africa-press.net\/djibouti\/\"},{\"@type\":\"ListItem\",\"position\":2,\"name\":\"Premi\u00e8re r\u00e9union r\u00e9gionale sur le dossier de candidature commune aux pays arabes en situation particuli\u00e8re\"}]},{\"@type\":\"WebSite\",\"@id\":\"https:\/\/www.africa-press.net\/djibouti\/#website\",\"url\":\"https:\/\/www.africa-press.net\/djibouti\/\",\"name\":\"Djibouti\",\"description\":\"Just another Africa News Agency Sites site\",\"potentialAction\":[{\"@type\":\"SearchAction\",\"target\":{\"@type\":\"EntryPoint\",\"urlTemplate\":\"https:\/\/www.africa-press.net\/djibouti\/?s={search_term_string}\"},\"query-input\":{\"@type\":\"PropertyValueSpecification\",\"valueRequired\":true,\"valueName\":\"search_term_string\"}}],\"inLanguage\":\"fr-FR\"},{\"@type\":\"Person\",\"@id\":\"https:\/\/www.africa-press.net\/djibouti\/#\/schema\/person\/2b1cf3cd81a31e3cd26889ca66d677f1\",\"name\":\"cfeditorfr\"}]}<\/script>\n<!-- \/ Yoast SEO Premium plugin. -->","yoast_head_json":{"title":"Premi\u00e8re r\u00e9union r\u00e9gionale sur le dossier de candidature commune aux pays arabes en situation particuli\u00e8re - Djibouti","description":"Le ministe\u0300re de la Jeunesse et de la Culture a accueilli lundi une importante re\u0301union re\u0301gionale dans le cadre du p ...","robots":{"index":"index","follow":"follow","max-snippet":"max-snippet:-1","max-image-preview":"max-image-preview:large","max-video-preview":"max-video-preview:-1"},"canonical":"https:\/\/www.africa-press.net\/djibouti\/politique\/premiere-reunion-regionale-sur-le-dossier-de-candidature-commune-aux-pays-arabes-en-situation-particuliere-2","og_locale":"fr_FR","og_type":"article","og_title":"Premi\u00e8re r\u00e9union r\u00e9gionale sur le dossier de candidature commune aux pays arabes en situation particuli\u00e8re","og_description":"Le ministe\u0300re de la Jeunesse et de la Culture a accueilli lundi une importante re\u0301union re\u0301gionale dans le cadre du p ...","og_url":"https:\/\/www.africa-press.net\/djibouti\/politique\/premiere-reunion-regionale-sur-le-dossier-de-candidature-commune-aux-pays-arabes-en-situation-particuliere-2","og_site_name":"Djibouti","article_published_time":"2023-08-23T12:30:18+00:00","article_modified_time":"2023-08-30T20:50:18+00:00","og_image":[{"width":720,"height":480,"url":"https:\/\/static.africa-press.net\/djibouti\/sites\/52\/2023\/08\/sm_1692785861.888169.jpg","type":"image\/jpeg"}],"author":"cfeditorfr","twitter_card":"summary_large_image","twitter_misc":{"\u00c9crit par":"cfeditorfr","Dur\u00e9e de lecture estim\u00e9e":"3 minutes"},"schema":{"@context":"https:\/\/schema.org","@graph":[{"@type":"Article","@id":"https:\/\/www.africa-press.net\/djibouti\/politique\/premiere-reunion-regionale-sur-le-dossier-de-candidature-commune-aux-pays-arabes-en-situation-particuliere-2#article","isPartOf":{"@id":"https:\/\/www.africa-press.net\/djibouti\/politique\/premiere-reunion-regionale-sur-le-dossier-de-candidature-commune-aux-pays-arabes-en-situation-particuliere-2"},"author":{"name":"cfeditorfr","@id":"https:\/\/www.africa-press.net\/djibouti\/#\/schema\/person\/2b1cf3cd81a31e3cd26889ca66d677f1"},"headline":"Premi\u00e8re r\u00e9union r\u00e9gionale sur le dossier de candidature commune aux pays arabes en situation particuli\u00e8re","datePublished":"2023-08-23T12:30:18+00:00","dateModified":"2023-08-30T20:50:18+00:00","mainEntityOfPage":{"@id":"https:\/\/www.africa-press.net\/djibouti\/politique\/premiere-reunion-regionale-sur-le-dossier-de-candidature-commune-aux-pays-arabes-en-situation-particuliere-2"},"wordCount":636,"commentCount":0,"image":{"@id":"https:\/\/www.africa-press.net\/djibouti\/politique\/premiere-reunion-regionale-sur-le-dossier-de-candidature-commune-aux-pays-arabes-en-situation-particuliere-2#primaryimage"},"thumbnailUrl":"https:\/\/static.africa-press.net\/djibouti\/sites\/52\/2023\/08\/sm_1692785861.888169.jpg","keywords":["Africa Press","Africa Press-Djibouti","Djibouti"],"articleSection":["Photo","Politique","Top Nouvelles","Toutes les actualit\u00e9s"],"inLanguage":"fr-FR","potentialAction":[{"@type":"CommentAction","name":"Comment","target":["https:\/\/www.africa-press.net\/djibouti\/politique\/premiere-reunion-regionale-sur-le-dossier-de-candidature-commune-aux-pays-arabes-en-situation-particuliere-2#respond"]}]},{"@type":"WebPage","@id":"https:\/\/www.africa-press.net\/djibouti\/politique\/premiere-reunion-regionale-sur-le-dossier-de-candidature-commune-aux-pays-arabes-en-situation-particuliere-2","url":"https:\/\/www.africa-press.net\/djibouti\/politique\/premiere-reunion-regionale-sur-le-dossier-de-candidature-commune-aux-pays-arabes-en-situation-particuliere-2","name":"Premi\u00e8re r\u00e9union r\u00e9gionale sur le dossier de candidature commune aux pays arabes en situation particuli\u00e8re - Djibouti","isPartOf":{"@id":"https:\/\/www.africa-press.net\/djibouti\/#website"},"primaryImageOfPage":{"@id":"https:\/\/www.africa-press.net\/djibouti\/politique\/premiere-reunion-regionale-sur-le-dossier-de-candidature-commune-aux-pays-arabes-en-situation-particuliere-2#primaryimage"},"image":{"@id":"https:\/\/www.africa-press.net\/djibouti\/politique\/premiere-reunion-regionale-sur-le-dossier-de-candidature-commune-aux-pays-arabes-en-situation-particuliere-2#primaryimage"},"thumbnailUrl":"https:\/\/static.africa-press.net\/djibouti\/sites\/52\/2023\/08\/sm_1692785861.888169.jpg","datePublished":"2023-08-23T12:30:18+00:00","dateModified":"2023-08-30T20:50:18+00:00","author":{"@id":"https:\/\/www.africa-press.net\/djibouti\/#\/schema\/person\/2b1cf3cd81a31e3cd26889ca66d677f1"},"description":"Le ministe\u0300re de la Jeunesse et de la Culture a accueilli lundi une importante re\u0301union re\u0301gionale dans le cadre du p ...","breadcrumb":{"@id":"https:\/\/www.africa-press.net\/djibouti\/politique\/premiere-reunion-regionale-sur-le-dossier-de-candidature-commune-aux-pays-arabes-en-situation-particuliere-2#breadcrumb"},"inLanguage":"fr-FR","potentialAction":[{"@type":"ReadAction","target":["https:\/\/www.africa-press.net\/djibouti\/politique\/premiere-reunion-regionale-sur-le-dossier-de-candidature-commune-aux-pays-arabes-en-situation-particuliere-2"]}]},{"@type":"ImageObject","inLanguage":"fr-FR","@id":"https:\/\/www.africa-press.net\/djibouti\/politique\/premiere-reunion-regionale-sur-le-dossier-de-candidature-commune-aux-pays-arabes-en-situation-particuliere-2#primaryimage","url":"https:\/\/static.africa-press.net\/djibouti\/sites\/52\/2023\/08\/sm_1692785861.888169.jpg","contentUrl":"https:\/\/static.africa-press.net\/djibouti\/sites\/52\/2023\/08\/sm_1692785861.888169.jpg","width":720,"height":480,"caption":"Premi\u00e8re r\u00e9union r\u00e9gionale sur le dossier de candidature commune aux pays arabes en situation particuli\u00e8re"},{"@type":"BreadcrumbList","@id":"https:\/\/www.africa-press.net\/djibouti\/politique\/premiere-reunion-regionale-sur-le-dossier-de-candidature-commune-aux-pays-arabes-en-situation-particuliere-2#breadcrumb","itemListElement":[{"@type":"ListItem","position":1,"name":"Accueil","item":"https:\/\/www.africa-press.net\/djibouti\/"},{"@type":"ListItem","position":2,"name":"Premi\u00e8re r\u00e9union r\u00e9gionale sur le dossier de candidature commune aux pays arabes en situation particuli\u00e8re"}]},{"@type":"WebSite","@id":"https:\/\/www.africa-press.net\/djibouti\/#website","url":"https:\/\/www.africa-press.net\/djibouti\/","name":"Djibouti","description":"Just another Africa News Agency Sites site","potentialAction":[{"@type":"SearchAction","target":{"@type":"EntryPoint","urlTemplate":"https:\/\/www.africa-press.net\/djibouti\/?s={search_term_string}"},"query-input":{"@type":"PropertyValueSpecification","valueRequired":true,"valueName":"search_term_string"}}],"inLanguage":"fr-FR"},{"@type":"Person","@id":"https:\/\/www.africa-press.net\/djibouti\/#\/schema\/person\/2b1cf3cd81a31e3cd26889ca66d677f1","name":"cfeditorfr"}]}},"_links":{"self":[{"href":"https:\/\/www.africa-press.net\/djibouti\/wp-json\/wp\/v2\/posts\/17058","targetHints":{"allow":["GET"]}}],"collection":[{"href":"https:\/\/www.africa-press.net\/djibouti\/wp-json\/wp\/v2\/posts"}],"about":[{"href":"https:\/\/www.africa-press.net\/djibouti\/wp-json\/wp\/v2\/types\/post"}],"author":[{"embeddable":true,"href":"https:\/\/www.africa-press.net\/djibouti\/wp-json\/wp\/v2\/users\/82"}],"replies":[{"embeddable":true,"href":"https:\/\/www.africa-press.net\/djibouti\/wp-json\/wp\/v2\/comments?post=17058"}],"version-history":[{"count":0,"href":"https:\/\/www.africa-press.net\/djibouti\/wp-json\/wp\/v2\/posts\/17058\/revisions"}],"wp:featuredmedia":[{"embeddable":true,"href":"https:\/\/www.africa-press.net\/djibouti\/wp-json\/wp\/v2\/media\/17057"}],"wp:attachment":[{"href":"https:\/\/www.africa-press.net\/djibouti\/wp-json\/wp\/v2\/media?parent=17058"}],"wp:term":[{"taxonomy":"category","embeddable":true,"href":"https:\/\/www.africa-press.net\/djibouti\/wp-json\/wp\/v2\/categories?post=17058"},{"taxonomy":"post_tag","embeddable":true,"href":"https:\/\/www.africa-press.net\/djibouti\/wp-json\/wp\/v2\/tags?post=17058"}],"curies":[{"name":"wp","href":"https:\/\/api.w.org\/{rel}","templated":true}]}}