{"id":17068,"date":"2023-08-24T14:56:00","date_gmt":"2023-08-24T14:56:00","guid":{"rendered":"https:\/\/www.africa-press.net\/djibouti\/politique\/initiative-le-figuier-de-barbarie-une-promesse-davenir-pour-le-monde-rural"},"modified":"2023-08-24T14:56:00","modified_gmt":"2023-08-24T14:56:00","slug":"initiative-le-figuier-de-barbarie-une-promesse-davenir-pour-le-monde-rural","status":"publish","type":"post","link":"https:\/\/www.africa-press.net\/djibouti\/economie\/initiative-le-figuier-de-barbarie-une-promesse-davenir-pour-le-monde-rural","title":{"rendered":"INITIATIVE : Le figuier de barbarie : une promesse d\u2019avenir pour le monde rural"},"content":{"rendered":"<p><span style=\"color: #ff6600\"><strong>Africa-Press &#8211; Djibouti. <\/strong><\/span>Adaylou, chef-lieu de la re\u0301gion du grand Weima, a abrite\u0301 le jeudi 17 aou\u0302t 2023 une ce\u0301re\u0301monie de lancement d\u2019un projet phare mais aussi pionnier sur le figuier de barbarie. Porte\u0301 par l\u2019association PARI (Association pour la Promotion de l\u2019agro-sylvo-pastoralisme et de la re\u0301silience inclusive), le projet \u00ab De\u0301veloppement des activite\u0301s rurales e\u0301conomiques, re\u0301silientes et fonde\u0301es sur la pre\u0301servation des ressources naturelles\u00bb be\u0301ne\u0301ficie d\u2019une subvention de l\u2019Union Europe\u0301enne dans le cadre du programme \u00ab Participation de la socie\u0301te\u0301 civile a\u0300 la gouvernance et au de\u0301veloppement local a\u0300 Djibouti \u00bb, mis en \u0153uvre en re\u0301publique de Djibouti en partenariat avec l\u2019Association Internationale des Maires Francophones (AIMF) et l\u2019association nationale des collectivite\u0301s locales de Djibouti (ANCLD)ainsi que le conseil re\u0301gional de Tadjourah (CRT). Le projet vise a\u0300 renforcer l\u2019initiative de l\u2019association PARI de multiplier la plantation du figuier de barbarie dans la valle\u0301e d\u2019Adaylou sur les sites initiaux et de contribuer a\u0300 l\u2019appropriation de cette initiative a\u0300 Weima et dans les diffe\u0301rentes parties de notre pays.<\/p>\n<p>Rappelons que de\u0301ja\u0300, ces derniers jours, tous les regards ont e\u0301te\u0301 tourne\u0301s vers Adaylou en raison de l\u2019organisation par l\u2019ONG EVA de la 11e\u0300me e\u0301dition du Tournoi Interre\u0301gional d\u2019Amitie\u0301, une importante manifestation axe\u0301e sur la jeunesse qui re\u0301unit les jeunes de toutes les parties du territoire autour des activite\u0301s sportives et socioculturelles.L\u2019association PARI a programme\u0301 dans le cadre du volet rencontre inter-associative de cet e\u0301ve\u0301nement, un atelier de lancement de son projet et une se\u0301rie d\u2019activite\u0301 visant a\u0300 promouvoir l\u2019usage et les vertus du figuier de barbarie pour renforcer la re\u0301silience des populations rurales et des e\u0301cosyste\u0300mes face aux effets du changement climatique et ses ale\u0301as. L\u2019atelier de lancement du projet s\u2019est de\u0301roule\u0301 jeudi 17 aou\u0302t 2023 au sein de la maison communautaire du village d\u2019Adai\u0308lou. Co-anime\u0301 par Ismael Houmed Mahamade, pre\u0301sident de l\u2019association PARI, et M. Abdallah Solma Abdallah, inge\u0301nieur en Ecologie et responsable de la commission environnement et climat de l\u2019ONG EVA (partenaire local de PARI), l\u2019atelier de lancement e\u0301tait compose\u0301 d\u2019une premie\u0300re session portant sur la pre\u0301sentation du projet suivie d\u2019une seconde pre\u0301sentation qui, elle, a porte\u0301 sur les bienfaits, les vertus et les divers usages de la plante. Dans la journe\u0301e du 18 aou\u0302t 2023, l\u2019association PARI a propose\u0301 aux participants des activite\u0301s de visite de terrain qui se sont de\u0301roule\u0301es au niveau des sites de multiplication du figuier de barbarie. Cueillette, de\u0301gustation des fruits du figuier, de\u0301monstration des divers usages de la plante, action symbolique de plantation des raquettes, ces activite\u0301s ont e\u0301te\u0301 l\u2019occasion ide\u0301al pour vulgariser le figuier de barbarie aupre\u0300s des participants de\u0301sormais appele\u0301s a\u0300 porter le projet d\u2019introduction du figuier de barbarie dans leurs milieux d\u2019intervention respectifs, bien entendu avec l\u2019appui et l\u2019accompagnement de l\u2019association PARI.<\/p>\n<p>En initiant un tel projet, c\u2019est un grand de\u0301fi que se propose de relever l\u2019association PARI qui ambitionne de mener des actions de plantation de pre\u0300s de 30 000 pieds du figuier dans le cadre du dit projet pour lutter contre les effets de\u0301vastateurs du changement climatique ainsi que la valorisation des terres de\u0301grade\u0301es. Il s\u2019agit concre\u0300tement de renforcer les activite\u0301s de restauration des terres et de reboisement dans des espaces pilotes dans un but pe\u0301dagogique et sensibilisateur et de re\u0301aliser une plantation a\u0300 grande e\u0301chelle du figuier de barbarie (pre\u0300s de 30 000 pieds de la varie\u0301te\u0301 e\u0301pineuse), et 2 hectares de la varie\u0301te\u0301 inerme serontre\u0301alise\u0301s suite au souhait du pre\u0301sident du CRT (conseil re\u0301gional de Tadjourah) sur un site facilement accessible pour servir de pe\u0301rime\u0300tre de de\u0301monstration. Ces plantes sont parfaitement adapte\u0301es aux conditions climatiques locales et qui casent dans plusieurs cate\u0301gories telles que la protection des sols, la re\u0301tention de l\u2019eau, biodiversite\u0301, la recharge en eau du sol, la se\u0301curite\u0301 alimentaire et nutritionnelle ainsi que la cre\u0301ation d\u2019activite\u0301s ge\u0301ne\u0301ratrices de revenus, la valorisation des espaces ruraux, etc.<\/p>\n<p>Le projet est e\u0301galement ambitieux pour le nombre des be\u0301ne\u0301ficiaires qu\u2019il se fixe d\u2019atteindre, puisqu\u2019il vise, dans un de ses objectifs spe\u0301cifiques de cre\u0301er\/renforcer aupre\u0300s de plus de 10000 personnes dans le bassin versant de Weima et ailleurs dans le pays, une prise de conscience sur les changements climatiques et sur les voies et les moyens de de\u0301velopper des capacite\u0301s de re\u0301silience.<\/p>\n<p><strong>Pour plus d&rsquo;informations et d&rsquo;analyses sur la <a href=\"https:\/\/www.africa-press.net\/djibouti\">Djibouti<\/a>, suivez <a href=\"https:\/\/www.africa-press.net\/\">Africa-Press<\/a><\/strong><\/p>\n","protected":false},"excerpt":{"rendered":"<p>Africa-Press &#8211; Djibouti. Adaylou, chef-lieu de la re\u0301gion du grand Weima, a abrite\u0301 le jeudi 17 aou\u0302t 2023 une ce\u0301re\u0301monie de lancement d\u2019un projet phare mais aussi pionnier sur le figuier de barbarie. Porte\u0301 par l\u2019association PARI (Association pour la Promotion de l\u2019agro-sylvo-pastoralisme et de la re\u0301silience inclusive), le projet \u00ab De\u0301veloppement des activite\u0301s rurales [&hellip;]<\/p>\n","protected":false},"author":82,"featured_media":17067,"comment_status":"open","ping_status":"closed","sticky":false,"template":"","format":"standard","meta":{"footnotes":""},"categories":[3,10],"tags":[36,49,50],"class_list":["post-17068","post","type-post","status-publish","format-standard","has-post-thumbnail","hentry","category-economie","category-toutes-les-actualites","tag-africa-press","tag-africa-press-djibouti","tag-djibouti"],"yoast_head":"<!-- This site is optimized with the Yoast SEO Premium plugin v26.1 (Yoast SEO v27.0) - https:\/\/yoast.com\/product\/yoast-seo-premium-wordpress\/ -->\n<title>INITIATIVE : Le figuier de barbarie : une promesse d\u2019avenir pour le monde rural - Djibouti<\/title>\n<meta name=\"robots\" content=\"index, follow, max-snippet:-1, max-image-preview:large, max-video-preview:-1\" \/>\n<link rel=\"canonical\" href=\"https:\/\/www.africa-press.net\/djibouti\/politique\/initiative-le-figuier-de-barbarie-une-promesse-davenir-pour-le-monde-rural\" \/>\n<meta property=\"og:locale\" content=\"fr_FR\" \/>\n<meta property=\"og:type\" content=\"article\" \/>\n<meta property=\"og:title\" content=\"INITIATIVE : Le figuier de barbarie : une promesse d\u2019avenir pour le monde rural\" \/>\n<meta property=\"og:description\" content=\"Africa-Press &#8211; Djibouti. Adaylou, chef-lieu de la re\u0301gion du grand Weima, a abrite\u0301 le jeudi 17 aou\u0302t 2023 une ce\u0301re\u0301monie de lancement d\u2019un projet phare mais aussi pionnier sur le figuier de barbarie. Porte\u0301 par l\u2019association PARI (Association pour la Promotion de l\u2019agro-sylvo-pastoralisme et de la re\u0301silience inclusive), le projet \u00ab De\u0301veloppement des activite\u0301s rurales [&hellip;]\" \/>\n<meta property=\"og:url\" content=\"https:\/\/www.africa-press.net\/djibouti\/politique\/initiative-le-figuier-de-barbarie-une-promesse-davenir-pour-le-monde-rural\" \/>\n<meta property=\"og:site_name\" content=\"Djibouti\" \/>\n<meta property=\"article:published_time\" content=\"2023-08-24T14:56:00+00:00\" \/>\n<meta name=\"author\" content=\"cfeditorfr\" \/>\n<meta name=\"twitter:card\" content=\"summary_large_image\" \/>\n<meta name=\"twitter:label1\" content=\"\u00c9crit par\" \/>\n\t<meta name=\"twitter:data1\" content=\"cfeditorfr\" \/>\n\t<meta name=\"twitter:label2\" content=\"Dur\u00e9e de lecture estim\u00e9e\" \/>\n\t<meta name=\"twitter:data2\" content=\"4 minutes\" \/>\n<script type=\"application\/ld+json\" class=\"yoast-schema-graph\">{\"@context\":\"https:\/\/schema.org\",\"@graph\":[{\"@type\":\"Article\",\"@id\":\"https:\/\/www.africa-press.net\/djibouti\/politique\/initiative-le-figuier-de-barbarie-une-promesse-davenir-pour-le-monde-rural#article\",\"isPartOf\":{\"@id\":\"https:\/\/www.africa-press.net\/djibouti\/politique\/initiative-le-figuier-de-barbarie-une-promesse-davenir-pour-le-monde-rural\"},\"author\":{\"name\":\"cfeditorfr\",\"@id\":\"https:\/\/www.africa-press.net\/djibouti\/#\/schema\/person\/2b1cf3cd81a31e3cd26889ca66d677f1\"},\"headline\":\"INITIATIVE : Le figuier de barbarie : une promesse d\u2019avenir pour le monde rural\",\"datePublished\":\"2023-08-24T14:56:00+00:00\",\"mainEntityOfPage\":{\"@id\":\"https:\/\/www.africa-press.net\/djibouti\/politique\/initiative-le-figuier-de-barbarie-une-promesse-davenir-pour-le-monde-rural\"},\"wordCount\":843,\"commentCount\":0,\"image\":{\"@id\":\"https:\/\/www.africa-press.net\/djibouti\/politique\/initiative-le-figuier-de-barbarie-une-promesse-davenir-pour-le-monde-rural#primaryimage\"},\"thumbnailUrl\":\"https:\/\/static.africa-press.net\/djibouti\/sites\/52\/2023\/08\/MiladFR1692876407.350513.jpg\",\"keywords\":[\"Africa Press\",\"Africa Press-Djibouti\",\"Djibouti\"],\"articleSection\":[\"\u00c9conomie\",\"Toutes les actualit\u00e9s\"],\"inLanguage\":\"fr-FR\",\"potentialAction\":[{\"@type\":\"CommentAction\",\"name\":\"Comment\",\"target\":[\"https:\/\/www.africa-press.net\/djibouti\/politique\/initiative-le-figuier-de-barbarie-une-promesse-davenir-pour-le-monde-rural#respond\"]}]},{\"@type\":\"WebPage\",\"@id\":\"https:\/\/www.africa-press.net\/djibouti\/politique\/initiative-le-figuier-de-barbarie-une-promesse-davenir-pour-le-monde-rural\",\"url\":\"https:\/\/www.africa-press.net\/djibouti\/politique\/initiative-le-figuier-de-barbarie-une-promesse-davenir-pour-le-monde-rural\",\"name\":\"INITIATIVE : Le figuier de barbarie : une promesse d\u2019avenir pour le monde rural - Djibouti\",\"isPartOf\":{\"@id\":\"https:\/\/www.africa-press.net\/djibouti\/#website\"},\"primaryImageOfPage\":{\"@id\":\"https:\/\/www.africa-press.net\/djibouti\/politique\/initiative-le-figuier-de-barbarie-une-promesse-davenir-pour-le-monde-rural#primaryimage\"},\"image\":{\"@id\":\"https:\/\/www.africa-press.net\/djibouti\/politique\/initiative-le-figuier-de-barbarie-une-promesse-davenir-pour-le-monde-rural#primaryimage\"},\"thumbnailUrl\":\"https:\/\/static.africa-press.net\/djibouti\/sites\/52\/2023\/08\/MiladFR1692876407.350513.jpg\",\"datePublished\":\"2023-08-24T14:56:00+00:00\",\"author\":{\"@id\":\"https:\/\/www.africa-press.net\/djibouti\/#\/schema\/person\/2b1cf3cd81a31e3cd26889ca66d677f1\"},\"breadcrumb\":{\"@id\":\"https:\/\/www.africa-press.net\/djibouti\/politique\/initiative-le-figuier-de-barbarie-une-promesse-davenir-pour-le-monde-rural#breadcrumb\"},\"inLanguage\":\"fr-FR\",\"potentialAction\":[{\"@type\":\"ReadAction\",\"target\":[\"https:\/\/www.africa-press.net\/djibouti\/politique\/initiative-le-figuier-de-barbarie-une-promesse-davenir-pour-le-monde-rural\"]}]},{\"@type\":\"ImageObject\",\"inLanguage\":\"fr-FR\",\"@id\":\"https:\/\/www.africa-press.net\/djibouti\/politique\/initiative-le-figuier-de-barbarie-une-promesse-davenir-pour-le-monde-rural#primaryimage\",\"url\":\"https:\/\/static.africa-press.net\/djibouti\/sites\/52\/2023\/08\/MiladFR1692876407.350513.jpg\",\"contentUrl\":\"https:\/\/static.africa-press.net\/djibouti\/sites\/52\/2023\/08\/MiladFR1692876407.350513.jpg\",\"width\":696,\"height\":522,\"caption\":\"INITIATIVE : Le figuier de barbarie : une promesse d\u2019avenir pour le monde rural\"},{\"@type\":\"BreadcrumbList\",\"@id\":\"https:\/\/www.africa-press.net\/djibouti\/politique\/initiative-le-figuier-de-barbarie-une-promesse-davenir-pour-le-monde-rural#breadcrumb\",\"itemListElement\":[{\"@type\":\"ListItem\",\"position\":1,\"name\":\"Accueil\",\"item\":\"https:\/\/www.africa-press.net\/djibouti\/\"},{\"@type\":\"ListItem\",\"position\":2,\"name\":\"INITIATIVE : Le figuier de barbarie : une promesse d\u2019avenir pour le monde rural\"}]},{\"@type\":\"WebSite\",\"@id\":\"https:\/\/www.africa-press.net\/djibouti\/#website\",\"url\":\"https:\/\/www.africa-press.net\/djibouti\/\",\"name\":\"Djibouti\",\"description\":\"Just another Africa News Agency Sites site\",\"potentialAction\":[{\"@type\":\"SearchAction\",\"target\":{\"@type\":\"EntryPoint\",\"urlTemplate\":\"https:\/\/www.africa-press.net\/djibouti\/?s={search_term_string}\"},\"query-input\":{\"@type\":\"PropertyValueSpecification\",\"valueRequired\":true,\"valueName\":\"search_term_string\"}}],\"inLanguage\":\"fr-FR\"},{\"@type\":\"Person\",\"@id\":\"https:\/\/www.africa-press.net\/djibouti\/#\/schema\/person\/2b1cf3cd81a31e3cd26889ca66d677f1\",\"name\":\"cfeditorfr\"}]}<\/script>\n<!-- \/ Yoast SEO Premium plugin. -->","yoast_head_json":{"title":"INITIATIVE : Le figuier de barbarie : une promesse d\u2019avenir pour le monde rural - Djibouti","robots":{"index":"index","follow":"follow","max-snippet":"max-snippet:-1","max-image-preview":"max-image-preview:large","max-video-preview":"max-video-preview:-1"},"canonical":"https:\/\/www.africa-press.net\/djibouti\/politique\/initiative-le-figuier-de-barbarie-une-promesse-davenir-pour-le-monde-rural","og_locale":"fr_FR","og_type":"article","og_title":"INITIATIVE : Le figuier de barbarie : une promesse d\u2019avenir pour le monde rural","og_description":"Africa-Press &#8211; Djibouti. Adaylou, chef-lieu de la re\u0301gion du grand Weima, a abrite\u0301 le jeudi 17 aou\u0302t 2023 une ce\u0301re\u0301monie de lancement d\u2019un projet phare mais aussi pionnier sur le figuier de barbarie. Porte\u0301 par l\u2019association PARI (Association pour la Promotion de l\u2019agro-sylvo-pastoralisme et de la re\u0301silience inclusive), le projet \u00ab De\u0301veloppement des activite\u0301s rurales [&hellip;]","og_url":"https:\/\/www.africa-press.net\/djibouti\/politique\/initiative-le-figuier-de-barbarie-une-promesse-davenir-pour-le-monde-rural","og_site_name":"Djibouti","article_published_time":"2023-08-24T14:56:00+00:00","author":"cfeditorfr","twitter_card":"summary_large_image","twitter_misc":{"\u00c9crit par":"cfeditorfr","Dur\u00e9e de lecture estim\u00e9e":"4 minutes"},"schema":{"@context":"https:\/\/schema.org","@graph":[{"@type":"Article","@id":"https:\/\/www.africa-press.net\/djibouti\/politique\/initiative-le-figuier-de-barbarie-une-promesse-davenir-pour-le-monde-rural#article","isPartOf":{"@id":"https:\/\/www.africa-press.net\/djibouti\/politique\/initiative-le-figuier-de-barbarie-une-promesse-davenir-pour-le-monde-rural"},"author":{"name":"cfeditorfr","@id":"https:\/\/www.africa-press.net\/djibouti\/#\/schema\/person\/2b1cf3cd81a31e3cd26889ca66d677f1"},"headline":"INITIATIVE : Le figuier de barbarie : une promesse d\u2019avenir pour le monde rural","datePublished":"2023-08-24T14:56:00+00:00","mainEntityOfPage":{"@id":"https:\/\/www.africa-press.net\/djibouti\/politique\/initiative-le-figuier-de-barbarie-une-promesse-davenir-pour-le-monde-rural"},"wordCount":843,"commentCount":0,"image":{"@id":"https:\/\/www.africa-press.net\/djibouti\/politique\/initiative-le-figuier-de-barbarie-une-promesse-davenir-pour-le-monde-rural#primaryimage"},"thumbnailUrl":"https:\/\/static.africa-press.net\/djibouti\/sites\/52\/2023\/08\/MiladFR1692876407.350513.jpg","keywords":["Africa Press","Africa Press-Djibouti","Djibouti"],"articleSection":["\u00c9conomie","Toutes les actualit\u00e9s"],"inLanguage":"fr-FR","potentialAction":[{"@type":"CommentAction","name":"Comment","target":["https:\/\/www.africa-press.net\/djibouti\/politique\/initiative-le-figuier-de-barbarie-une-promesse-davenir-pour-le-monde-rural#respond"]}]},{"@type":"WebPage","@id":"https:\/\/www.africa-press.net\/djibouti\/politique\/initiative-le-figuier-de-barbarie-une-promesse-davenir-pour-le-monde-rural","url":"https:\/\/www.africa-press.net\/djibouti\/politique\/initiative-le-figuier-de-barbarie-une-promesse-davenir-pour-le-monde-rural","name":"INITIATIVE : Le figuier de barbarie : une promesse d\u2019avenir pour le monde rural - Djibouti","isPartOf":{"@id":"https:\/\/www.africa-press.net\/djibouti\/#website"},"primaryImageOfPage":{"@id":"https:\/\/www.africa-press.net\/djibouti\/politique\/initiative-le-figuier-de-barbarie-une-promesse-davenir-pour-le-monde-rural#primaryimage"},"image":{"@id":"https:\/\/www.africa-press.net\/djibouti\/politique\/initiative-le-figuier-de-barbarie-une-promesse-davenir-pour-le-monde-rural#primaryimage"},"thumbnailUrl":"https:\/\/static.africa-press.net\/djibouti\/sites\/52\/2023\/08\/MiladFR1692876407.350513.jpg","datePublished":"2023-08-24T14:56:00+00:00","author":{"@id":"https:\/\/www.africa-press.net\/djibouti\/#\/schema\/person\/2b1cf3cd81a31e3cd26889ca66d677f1"},"breadcrumb":{"@id":"https:\/\/www.africa-press.net\/djibouti\/politique\/initiative-le-figuier-de-barbarie-une-promesse-davenir-pour-le-monde-rural#breadcrumb"},"inLanguage":"fr-FR","potentialAction":[{"@type":"ReadAction","target":["https:\/\/www.africa-press.net\/djibouti\/politique\/initiative-le-figuier-de-barbarie-une-promesse-davenir-pour-le-monde-rural"]}]},{"@type":"ImageObject","inLanguage":"fr-FR","@id":"https:\/\/www.africa-press.net\/djibouti\/politique\/initiative-le-figuier-de-barbarie-une-promesse-davenir-pour-le-monde-rural#primaryimage","url":"https:\/\/static.africa-press.net\/djibouti\/sites\/52\/2023\/08\/MiladFR1692876407.350513.jpg","contentUrl":"https:\/\/static.africa-press.net\/djibouti\/sites\/52\/2023\/08\/MiladFR1692876407.350513.jpg","width":696,"height":522,"caption":"INITIATIVE : Le figuier de barbarie : une promesse d\u2019avenir pour le monde rural"},{"@type":"BreadcrumbList","@id":"https:\/\/www.africa-press.net\/djibouti\/politique\/initiative-le-figuier-de-barbarie-une-promesse-davenir-pour-le-monde-rural#breadcrumb","itemListElement":[{"@type":"ListItem","position":1,"name":"Accueil","item":"https:\/\/www.africa-press.net\/djibouti\/"},{"@type":"ListItem","position":2,"name":"INITIATIVE : Le figuier de barbarie : une promesse d\u2019avenir pour le monde rural"}]},{"@type":"WebSite","@id":"https:\/\/www.africa-press.net\/djibouti\/#website","url":"https:\/\/www.africa-press.net\/djibouti\/","name":"Djibouti","description":"Just another Africa News Agency Sites site","potentialAction":[{"@type":"SearchAction","target":{"@type":"EntryPoint","urlTemplate":"https:\/\/www.africa-press.net\/djibouti\/?s={search_term_string}"},"query-input":{"@type":"PropertyValueSpecification","valueRequired":true,"valueName":"search_term_string"}}],"inLanguage":"fr-FR"},{"@type":"Person","@id":"https:\/\/www.africa-press.net\/djibouti\/#\/schema\/person\/2b1cf3cd81a31e3cd26889ca66d677f1","name":"cfeditorfr"}]}},"_links":{"self":[{"href":"https:\/\/www.africa-press.net\/djibouti\/wp-json\/wp\/v2\/posts\/17068","targetHints":{"allow":["GET"]}}],"collection":[{"href":"https:\/\/www.africa-press.net\/djibouti\/wp-json\/wp\/v2\/posts"}],"about":[{"href":"https:\/\/www.africa-press.net\/djibouti\/wp-json\/wp\/v2\/types\/post"}],"author":[{"embeddable":true,"href":"https:\/\/www.africa-press.net\/djibouti\/wp-json\/wp\/v2\/users\/82"}],"replies":[{"embeddable":true,"href":"https:\/\/www.africa-press.net\/djibouti\/wp-json\/wp\/v2\/comments?post=17068"}],"version-history":[{"count":0,"href":"https:\/\/www.africa-press.net\/djibouti\/wp-json\/wp\/v2\/posts\/17068\/revisions"}],"wp:featuredmedia":[{"embeddable":true,"href":"https:\/\/www.africa-press.net\/djibouti\/wp-json\/wp\/v2\/media\/17067"}],"wp:attachment":[{"href":"https:\/\/www.africa-press.net\/djibouti\/wp-json\/wp\/v2\/media?parent=17068"}],"wp:term":[{"taxonomy":"category","embeddable":true,"href":"https:\/\/www.africa-press.net\/djibouti\/wp-json\/wp\/v2\/categories?post=17068"},{"taxonomy":"post_tag","embeddable":true,"href":"https:\/\/www.africa-press.net\/djibouti\/wp-json\/wp\/v2\/tags?post=17068"}],"curies":[{"name":"wp","href":"https:\/\/api.w.org\/{rel}","templated":true}]}}