{"id":17083,"date":"2023-08-26T08:38:00","date_gmt":"2023-08-26T08:38:00","guid":{"rendered":"https:\/\/www.africa-press.net\/djibouti\/politique\/le-premier-ministre-recoit-la-delegation-de-lalesco-en-mission-de-travail-a-djibouti"},"modified":"2023-08-26T08:38:00","modified_gmt":"2023-08-26T08:38:00","slug":"le-premier-ministre-recoit-la-delegation-de-lalesco-en-mission-de-travail-a-djibouti","status":"publish","type":"post","link":"https:\/\/www.africa-press.net\/djibouti\/politique\/le-premier-ministre-recoit-la-delegation-de-lalesco-en-mission-de-travail-a-djibouti","title":{"rendered":"Le Premier ministre re\u00e7oit la d\u00e9l\u00e9gation de l\u2019ALESCO en mission de travail \u00e0 Djibouti"},"content":{"rendered":"<p><span style=\"color: #ff6600\"><strong>Africa-Press &#8211; Djibouti. <\/strong><\/span>Le Premier ministre et chef du gouvernement par inte\u0301rim, Abdoulkader Kamil Mohamed, a rec\u0327u hier une de\u0301le\u0301gation de l\u2019ALESCO introduite par la ministre de la Jeunesse et de la Culture, Dr Hibo Moumin Assoweh.<\/p>\n<p>A\u0300 la te\u0302te de cette forte de\u0301le\u0301gation, deux experts internationaux, a\u0300 savoir Dr Faethi El Jeray et Dr Abdelhadi El Ghamari. Celle-ci est a\u0300 Djibouti pour la premie\u0300re re\u0301union re\u0301gionale dans le cadre du projet d\u2019inscription collective des traditions et coutumes lie\u0301es au mariage traditionnel des pays arabes au registre universel de L\u2019UNESCO d\u2019ici mars 2024. Le premier ministre Abdoulkader Kamil Mohamed a salue\u0301 le choix de Djibouti pour la tenue de cette re\u0301union de l\u2019Organisation arabe pour l\u2019e\u0301ducation, la culture et les sciences travaillant sous l\u2019e\u0301gide de la Ligue Arabe pour essentiellement promouvoir, de\u0301velopper et coordonner les e\u0301tats membres. La de\u0301le\u0301gation de l\u2019ALESCO a donne\u0301 un aperc\u0327u au premier ministre, sur la 1e\u0300re re\u0301union entre les diffe\u0301rentes parties. Outre la re\u0301publique de Djibouti, la re\u0301publique des Comores et la Somalie sont convie\u0301es a\u0300 cette re\u0301union.<\/p>\n<p>Cette entrevue s\u2019est de\u0301roule\u0301e en pre\u0301sence du secre\u0301taire ge\u0301ne\u0301rale de la primature, M. Naguib Abdallah Mohamed Kamil, et du conseiller technique principal aupre\u0300s de la ministre de la Jeunesse et de la Culture, M. Idriss Moussa.<\/p>\n<p><strong>Pour plus d&rsquo;informations et d&rsquo;analyses sur la <a href=\"https:\/\/www.africa-press.net\/djibouti\">Djibouti<\/a>, suivez <a href=\"https:\/\/www.africa-press.net\/\">Africa-Press<\/a><\/strong><\/p>\n","protected":false},"excerpt":{"rendered":"<p>Africa-Press &#8211; Djibouti. Le Premier ministre et chef du gouvernement par inte\u0301rim, Abdoulkader Kamil Mohamed, a rec\u0327u hier une de\u0301le\u0301gation de l\u2019ALESCO introduite par la ministre de la Jeunesse et de la Culture, Dr Hibo Moumin Assoweh. A\u0300 la te\u0302te de cette forte de\u0301le\u0301gation, deux experts internationaux, a\u0300 savoir Dr Faethi El Jeray et Dr [&hellip;]<\/p>\n","protected":false},"author":82,"featured_media":17082,"comment_status":"open","ping_status":"closed","sticky":false,"template":"","format":"standard","meta":{"footnotes":""},"categories":[2,20,10],"tags":[36,49,50],"class_list":["post-17083","post","type-post","status-publish","format-standard","has-post-thumbnail","hentry","category-politique","category-top-nouvelles","category-toutes-les-actualites","tag-africa-press","tag-africa-press-djibouti","tag-djibouti"],"yoast_head":"<!-- This site is optimized with the Yoast SEO Premium plugin v26.1 (Yoast SEO v27.0) - https:\/\/yoast.com\/product\/yoast-seo-premium-wordpress\/ -->\n<title>Le Premier ministre re\u00e7oit la d\u00e9l\u00e9gation de l\u2019ALESCO en mission de travail \u00e0 Djibouti - Djibouti<\/title>\n<meta name=\"robots\" content=\"index, follow, max-snippet:-1, max-image-preview:large, max-video-preview:-1\" \/>\n<link rel=\"canonical\" href=\"https:\/\/www.africa-press.net\/djibouti\/politique\/le-premier-ministre-recoit-la-delegation-de-lalesco-en-mission-de-travail-a-djibouti\" \/>\n<meta property=\"og:locale\" content=\"fr_FR\" \/>\n<meta property=\"og:type\" content=\"article\" \/>\n<meta property=\"og:title\" content=\"Le Premier ministre re\u00e7oit la d\u00e9l\u00e9gation de l\u2019ALESCO en mission de travail \u00e0 Djibouti\" \/>\n<meta property=\"og:description\" content=\"Africa-Press &#8211; Djibouti. Le Premier ministre et chef du gouvernement par inte\u0301rim, Abdoulkader Kamil Mohamed, a rec\u0327u hier une de\u0301le\u0301gation de l\u2019ALESCO introduite par la ministre de la Jeunesse et de la Culture, Dr Hibo Moumin Assoweh. A\u0300 la te\u0302te de cette forte de\u0301le\u0301gation, deux experts internationaux, a\u0300 savoir Dr Faethi El Jeray et Dr [&hellip;]\" \/>\n<meta property=\"og:url\" content=\"https:\/\/www.africa-press.net\/djibouti\/politique\/le-premier-ministre-recoit-la-delegation-de-lalesco-en-mission-de-travail-a-djibouti\" \/>\n<meta property=\"og:site_name\" content=\"Djibouti\" \/>\n<meta property=\"article:published_time\" content=\"2023-08-26T08:38:00+00:00\" \/>\n<meta name=\"author\" content=\"cfeditorfr\" \/>\n<meta name=\"twitter:card\" content=\"summary_large_image\" \/>\n<meta name=\"twitter:label1\" content=\"\u00c9crit par\" \/>\n\t<meta name=\"twitter:data1\" content=\"cfeditorfr\" \/>\n\t<meta name=\"twitter:label2\" content=\"Dur\u00e9e de lecture estim\u00e9e\" \/>\n\t<meta name=\"twitter:data2\" content=\"1 minute\" \/>\n<script type=\"application\/ld+json\" class=\"yoast-schema-graph\">{\"@context\":\"https:\/\/schema.org\",\"@graph\":[{\"@type\":\"Article\",\"@id\":\"https:\/\/www.africa-press.net\/djibouti\/politique\/le-premier-ministre-recoit-la-delegation-de-lalesco-en-mission-de-travail-a-djibouti#article\",\"isPartOf\":{\"@id\":\"https:\/\/www.africa-press.net\/djibouti\/politique\/le-premier-ministre-recoit-la-delegation-de-lalesco-en-mission-de-travail-a-djibouti\"},\"author\":{\"name\":\"cfeditorfr\",\"@id\":\"https:\/\/www.africa-press.net\/djibouti\/#\/schema\/person\/2b1cf3cd81a31e3cd26889ca66d677f1\"},\"headline\":\"Le Premier ministre re\u00e7oit la d\u00e9l\u00e9gation de l\u2019ALESCO en mission de travail \u00e0 Djibouti\",\"datePublished\":\"2023-08-26T08:38:00+00:00\",\"mainEntityOfPage\":{\"@id\":\"https:\/\/www.africa-press.net\/djibouti\/politique\/le-premier-ministre-recoit-la-delegation-de-lalesco-en-mission-de-travail-a-djibouti\"},\"wordCount\":279,\"commentCount\":0,\"image\":{\"@id\":\"https:\/\/www.africa-press.net\/djibouti\/politique\/le-premier-ministre-recoit-la-delegation-de-lalesco-en-mission-de-travail-a-djibouti#primaryimage\"},\"thumbnailUrl\":\"https:\/\/static.africa-press.net\/djibouti\/sites\/52\/2023\/08\/MiladFR1693026513.164189.jpg\",\"keywords\":[\"Africa Press\",\"Africa Press-Djibouti\",\"Djibouti\"],\"articleSection\":[\"Politique\",\"Top Nouvelles\",\"Toutes les actualit\u00e9s\"],\"inLanguage\":\"fr-FR\",\"potentialAction\":[{\"@type\":\"CommentAction\",\"name\":\"Comment\",\"target\":[\"https:\/\/www.africa-press.net\/djibouti\/politique\/le-premier-ministre-recoit-la-delegation-de-lalesco-en-mission-de-travail-a-djibouti#respond\"]}]},{\"@type\":\"WebPage\",\"@id\":\"https:\/\/www.africa-press.net\/djibouti\/politique\/le-premier-ministre-recoit-la-delegation-de-lalesco-en-mission-de-travail-a-djibouti\",\"url\":\"https:\/\/www.africa-press.net\/djibouti\/politique\/le-premier-ministre-recoit-la-delegation-de-lalesco-en-mission-de-travail-a-djibouti\",\"name\":\"Le Premier ministre re\u00e7oit la d\u00e9l\u00e9gation de l\u2019ALESCO en mission de travail \u00e0 Djibouti - Djibouti\",\"isPartOf\":{\"@id\":\"https:\/\/www.africa-press.net\/djibouti\/#website\"},\"primaryImageOfPage\":{\"@id\":\"https:\/\/www.africa-press.net\/djibouti\/politique\/le-premier-ministre-recoit-la-delegation-de-lalesco-en-mission-de-travail-a-djibouti#primaryimage\"},\"image\":{\"@id\":\"https:\/\/www.africa-press.net\/djibouti\/politique\/le-premier-ministre-recoit-la-delegation-de-lalesco-en-mission-de-travail-a-djibouti#primaryimage\"},\"thumbnailUrl\":\"https:\/\/static.africa-press.net\/djibouti\/sites\/52\/2023\/08\/MiladFR1693026513.164189.jpg\",\"datePublished\":\"2023-08-26T08:38:00+00:00\",\"author\":{\"@id\":\"https:\/\/www.africa-press.net\/djibouti\/#\/schema\/person\/2b1cf3cd81a31e3cd26889ca66d677f1\"},\"breadcrumb\":{\"@id\":\"https:\/\/www.africa-press.net\/djibouti\/politique\/le-premier-ministre-recoit-la-delegation-de-lalesco-en-mission-de-travail-a-djibouti#breadcrumb\"},\"inLanguage\":\"fr-FR\",\"potentialAction\":[{\"@type\":\"ReadAction\",\"target\":[\"https:\/\/www.africa-press.net\/djibouti\/politique\/le-premier-ministre-recoit-la-delegation-de-lalesco-en-mission-de-travail-a-djibouti\"]}]},{\"@type\":\"ImageObject\",\"inLanguage\":\"fr-FR\",\"@id\":\"https:\/\/www.africa-press.net\/djibouti\/politique\/le-premier-ministre-recoit-la-delegation-de-lalesco-en-mission-de-travail-a-djibouti#primaryimage\",\"url\":\"https:\/\/static.africa-press.net\/djibouti\/sites\/52\/2023\/08\/MiladFR1693026513.164189.jpg\",\"contentUrl\":\"https:\/\/static.africa-press.net\/djibouti\/sites\/52\/2023\/08\/MiladFR1693026513.164189.jpg\",\"width\":696,\"height\":392,\"caption\":\"Le Premier ministre re\u00e7oit la d\u00e9l\u00e9gation de l\u2019ALESCO en mission de travail \u00e0 Djibouti\"},{\"@type\":\"BreadcrumbList\",\"@id\":\"https:\/\/www.africa-press.net\/djibouti\/politique\/le-premier-ministre-recoit-la-delegation-de-lalesco-en-mission-de-travail-a-djibouti#breadcrumb\",\"itemListElement\":[{\"@type\":\"ListItem\",\"position\":1,\"name\":\"Accueil\",\"item\":\"https:\/\/www.africa-press.net\/djibouti\/\"},{\"@type\":\"ListItem\",\"position\":2,\"name\":\"Le Premier ministre re\u00e7oit la d\u00e9l\u00e9gation de l\u2019ALESCO en mission de travail \u00e0 Djibouti\"}]},{\"@type\":\"WebSite\",\"@id\":\"https:\/\/www.africa-press.net\/djibouti\/#website\",\"url\":\"https:\/\/www.africa-press.net\/djibouti\/\",\"name\":\"Djibouti\",\"description\":\"Just another Africa News Agency Sites site\",\"potentialAction\":[{\"@type\":\"SearchAction\",\"target\":{\"@type\":\"EntryPoint\",\"urlTemplate\":\"https:\/\/www.africa-press.net\/djibouti\/?s={search_term_string}\"},\"query-input\":{\"@type\":\"PropertyValueSpecification\",\"valueRequired\":true,\"valueName\":\"search_term_string\"}}],\"inLanguage\":\"fr-FR\"},{\"@type\":\"Person\",\"@id\":\"https:\/\/www.africa-press.net\/djibouti\/#\/schema\/person\/2b1cf3cd81a31e3cd26889ca66d677f1\",\"name\":\"cfeditorfr\"}]}<\/script>\n<!-- \/ Yoast SEO Premium plugin. -->","yoast_head_json":{"title":"Le Premier ministre re\u00e7oit la d\u00e9l\u00e9gation de l\u2019ALESCO en mission de travail \u00e0 Djibouti - Djibouti","robots":{"index":"index","follow":"follow","max-snippet":"max-snippet:-1","max-image-preview":"max-image-preview:large","max-video-preview":"max-video-preview:-1"},"canonical":"https:\/\/www.africa-press.net\/djibouti\/politique\/le-premier-ministre-recoit-la-delegation-de-lalesco-en-mission-de-travail-a-djibouti","og_locale":"fr_FR","og_type":"article","og_title":"Le Premier ministre re\u00e7oit la d\u00e9l\u00e9gation de l\u2019ALESCO en mission de travail \u00e0 Djibouti","og_description":"Africa-Press &#8211; Djibouti. Le Premier ministre et chef du gouvernement par inte\u0301rim, Abdoulkader Kamil Mohamed, a rec\u0327u hier une de\u0301le\u0301gation de l\u2019ALESCO introduite par la ministre de la Jeunesse et de la Culture, Dr Hibo Moumin Assoweh. A\u0300 la te\u0302te de cette forte de\u0301le\u0301gation, deux experts internationaux, a\u0300 savoir Dr Faethi El Jeray et Dr [&hellip;]","og_url":"https:\/\/www.africa-press.net\/djibouti\/politique\/le-premier-ministre-recoit-la-delegation-de-lalesco-en-mission-de-travail-a-djibouti","og_site_name":"Djibouti","article_published_time":"2023-08-26T08:38:00+00:00","author":"cfeditorfr","twitter_card":"summary_large_image","twitter_misc":{"\u00c9crit par":"cfeditorfr","Dur\u00e9e de lecture estim\u00e9e":"1 minute"},"schema":{"@context":"https:\/\/schema.org","@graph":[{"@type":"Article","@id":"https:\/\/www.africa-press.net\/djibouti\/politique\/le-premier-ministre-recoit-la-delegation-de-lalesco-en-mission-de-travail-a-djibouti#article","isPartOf":{"@id":"https:\/\/www.africa-press.net\/djibouti\/politique\/le-premier-ministre-recoit-la-delegation-de-lalesco-en-mission-de-travail-a-djibouti"},"author":{"name":"cfeditorfr","@id":"https:\/\/www.africa-press.net\/djibouti\/#\/schema\/person\/2b1cf3cd81a31e3cd26889ca66d677f1"},"headline":"Le Premier ministre re\u00e7oit la d\u00e9l\u00e9gation de l\u2019ALESCO en mission de travail \u00e0 Djibouti","datePublished":"2023-08-26T08:38:00+00:00","mainEntityOfPage":{"@id":"https:\/\/www.africa-press.net\/djibouti\/politique\/le-premier-ministre-recoit-la-delegation-de-lalesco-en-mission-de-travail-a-djibouti"},"wordCount":279,"commentCount":0,"image":{"@id":"https:\/\/www.africa-press.net\/djibouti\/politique\/le-premier-ministre-recoit-la-delegation-de-lalesco-en-mission-de-travail-a-djibouti#primaryimage"},"thumbnailUrl":"https:\/\/static.africa-press.net\/djibouti\/sites\/52\/2023\/08\/MiladFR1693026513.164189.jpg","keywords":["Africa Press","Africa Press-Djibouti","Djibouti"],"articleSection":["Politique","Top Nouvelles","Toutes les actualit\u00e9s"],"inLanguage":"fr-FR","potentialAction":[{"@type":"CommentAction","name":"Comment","target":["https:\/\/www.africa-press.net\/djibouti\/politique\/le-premier-ministre-recoit-la-delegation-de-lalesco-en-mission-de-travail-a-djibouti#respond"]}]},{"@type":"WebPage","@id":"https:\/\/www.africa-press.net\/djibouti\/politique\/le-premier-ministre-recoit-la-delegation-de-lalesco-en-mission-de-travail-a-djibouti","url":"https:\/\/www.africa-press.net\/djibouti\/politique\/le-premier-ministre-recoit-la-delegation-de-lalesco-en-mission-de-travail-a-djibouti","name":"Le Premier ministre re\u00e7oit la d\u00e9l\u00e9gation de l\u2019ALESCO en mission de travail \u00e0 Djibouti - Djibouti","isPartOf":{"@id":"https:\/\/www.africa-press.net\/djibouti\/#website"},"primaryImageOfPage":{"@id":"https:\/\/www.africa-press.net\/djibouti\/politique\/le-premier-ministre-recoit-la-delegation-de-lalesco-en-mission-de-travail-a-djibouti#primaryimage"},"image":{"@id":"https:\/\/www.africa-press.net\/djibouti\/politique\/le-premier-ministre-recoit-la-delegation-de-lalesco-en-mission-de-travail-a-djibouti#primaryimage"},"thumbnailUrl":"https:\/\/static.africa-press.net\/djibouti\/sites\/52\/2023\/08\/MiladFR1693026513.164189.jpg","datePublished":"2023-08-26T08:38:00+00:00","author":{"@id":"https:\/\/www.africa-press.net\/djibouti\/#\/schema\/person\/2b1cf3cd81a31e3cd26889ca66d677f1"},"breadcrumb":{"@id":"https:\/\/www.africa-press.net\/djibouti\/politique\/le-premier-ministre-recoit-la-delegation-de-lalesco-en-mission-de-travail-a-djibouti#breadcrumb"},"inLanguage":"fr-FR","potentialAction":[{"@type":"ReadAction","target":["https:\/\/www.africa-press.net\/djibouti\/politique\/le-premier-ministre-recoit-la-delegation-de-lalesco-en-mission-de-travail-a-djibouti"]}]},{"@type":"ImageObject","inLanguage":"fr-FR","@id":"https:\/\/www.africa-press.net\/djibouti\/politique\/le-premier-ministre-recoit-la-delegation-de-lalesco-en-mission-de-travail-a-djibouti#primaryimage","url":"https:\/\/static.africa-press.net\/djibouti\/sites\/52\/2023\/08\/MiladFR1693026513.164189.jpg","contentUrl":"https:\/\/static.africa-press.net\/djibouti\/sites\/52\/2023\/08\/MiladFR1693026513.164189.jpg","width":696,"height":392,"caption":"Le Premier ministre re\u00e7oit la d\u00e9l\u00e9gation de l\u2019ALESCO en mission de travail \u00e0 Djibouti"},{"@type":"BreadcrumbList","@id":"https:\/\/www.africa-press.net\/djibouti\/politique\/le-premier-ministre-recoit-la-delegation-de-lalesco-en-mission-de-travail-a-djibouti#breadcrumb","itemListElement":[{"@type":"ListItem","position":1,"name":"Accueil","item":"https:\/\/www.africa-press.net\/djibouti\/"},{"@type":"ListItem","position":2,"name":"Le Premier ministre re\u00e7oit la d\u00e9l\u00e9gation de l\u2019ALESCO en mission de travail \u00e0 Djibouti"}]},{"@type":"WebSite","@id":"https:\/\/www.africa-press.net\/djibouti\/#website","url":"https:\/\/www.africa-press.net\/djibouti\/","name":"Djibouti","description":"Just another Africa News Agency Sites site","potentialAction":[{"@type":"SearchAction","target":{"@type":"EntryPoint","urlTemplate":"https:\/\/www.africa-press.net\/djibouti\/?s={search_term_string}"},"query-input":{"@type":"PropertyValueSpecification","valueRequired":true,"valueName":"search_term_string"}}],"inLanguage":"fr-FR"},{"@type":"Person","@id":"https:\/\/www.africa-press.net\/djibouti\/#\/schema\/person\/2b1cf3cd81a31e3cd26889ca66d677f1","name":"cfeditorfr"}]}},"_links":{"self":[{"href":"https:\/\/www.africa-press.net\/djibouti\/wp-json\/wp\/v2\/posts\/17083","targetHints":{"allow":["GET"]}}],"collection":[{"href":"https:\/\/www.africa-press.net\/djibouti\/wp-json\/wp\/v2\/posts"}],"about":[{"href":"https:\/\/www.africa-press.net\/djibouti\/wp-json\/wp\/v2\/types\/post"}],"author":[{"embeddable":true,"href":"https:\/\/www.africa-press.net\/djibouti\/wp-json\/wp\/v2\/users\/82"}],"replies":[{"embeddable":true,"href":"https:\/\/www.africa-press.net\/djibouti\/wp-json\/wp\/v2\/comments?post=17083"}],"version-history":[{"count":0,"href":"https:\/\/www.africa-press.net\/djibouti\/wp-json\/wp\/v2\/posts\/17083\/revisions"}],"wp:featuredmedia":[{"embeddable":true,"href":"https:\/\/www.africa-press.net\/djibouti\/wp-json\/wp\/v2\/media\/17082"}],"wp:attachment":[{"href":"https:\/\/www.africa-press.net\/djibouti\/wp-json\/wp\/v2\/media?parent=17083"}],"wp:term":[{"taxonomy":"category","embeddable":true,"href":"https:\/\/www.africa-press.net\/djibouti\/wp-json\/wp\/v2\/categories?post=17083"},{"taxonomy":"post_tag","embeddable":true,"href":"https:\/\/www.africa-press.net\/djibouti\/wp-json\/wp\/v2\/tags?post=17083"}],"curies":[{"name":"wp","href":"https:\/\/api.w.org\/{rel}","templated":true}]}}