{"id":17087,"date":"2023-08-26T08:40:00","date_gmt":"2023-08-26T08:40:00","guid":{"rendered":"https:\/\/www.africa-press.net\/djibouti\/politique\/atelier-regional-de-reflexion-sur-la-gestion-des-depouilles-mortelles-de-migrants-a-djibouti-2"},"modified":"2023-08-26T08:40:00","modified_gmt":"2023-08-26T08:40:00","slug":"atelier-regional-de-reflexion-sur-la-gestion-des-depouilles-mortelles-de-migrants-a-djibouti-2","status":"publish","type":"post","link":"https:\/\/www.africa-press.net\/djibouti\/politique\/atelier-regional-de-reflexion-sur-la-gestion-des-depouilles-mortelles-de-migrants-a-djibouti-2","title":{"rendered":"Atelier r\u00e9gional de r\u00e9flexion sur la gestion des d\u00e9pouilles mortelles de migrants \u00e0 Djibouti"},"content":{"rendered":"<p><span style=\"color: #ff6600\"><strong>Africa-Press &#8211; Djibouti. <\/strong><\/span>Le ministre de la Sante\u0301, Dr Ahmed Robleh Abdillahi, a pre\u0301side\u0301 lundi dernier a\u0300 l\u2019ho\u0302tel Kempinski la ce\u0301re\u0301monie d\u2019ouverture de l\u2019atelier re\u0301gional de re\u0301flexion sur la gestion des de\u0301pouilles mortelles de migrants a\u0300 Djibouti.Cette ce\u0301re\u0301monie a vu la participation du secre\u0301taire ge\u0301ne\u0301ral du ministe\u0300re de l\u2019inte\u0301rieur, M. Sirag Omar Abdoulkader, de la repre\u0301sentante de l\u2019OIM a\u0300 Djibouti, Mme Tanja Pacifico, et de la repre\u0301sentante de l\u2019OMS a\u0300 Djibouti, Dr Reinhilde Van de Weerdt.<\/p>\n<p>Organise\u0301 conjointement par le ministe\u0300re de la sante\u0301, le ministe\u0300re de l\u2019inte\u0301rieur et le bureau de l\u2019organisation international des migrations (OIM) a\u0300 Djibouti,cet atelier avait pour objectif principal d\u2019esquisser les pistes d\u2019action a\u0300 entreprendre qui visent a\u0300 faciliter la mise en place d\u2019un re\u0301seau de parties prenantes qui peuvent travailler en collaboration pour relever les de\u0301fis lie\u0301s aux migrants disparus dans la re\u0301gion.<\/p>\n<p>Dans son discours d\u2019ouverture, le ministre de la sante\u0301, tout en souhaitant aux participants venus des pays de la re\u0301gion la bienvenue a\u0300 Djibouti, terre d\u2019accueil et d\u2019hospitalite\u0301, a indique\u0301 que la re\u0301publique de Djibouti a toujours e\u0301te\u0301 une terre de transit important de nombreux migrants de la re\u0301gion qui, sur la route migratoire, sont expose\u0301s a\u0300 des risques mettant leur vie en danger, notamment les difficulte\u0301s a\u0300 trouver de la nourriture et de l\u2019eau entrai\u0302nant la de\u0301shydratation, les accidents de la voie publique le long des routes migratoires avec les pertes en vies humaines.Il a salue\u0301 le travail remarquable des e\u0301quipes des re\u0301gions l\u2019inte\u0301rieur qui sont en premie\u0300re ligne dans le cadre de la gestion des de\u0301pouilles mortelles des migrants.<\/p>\n<p>En effet, pour le ministre, l\u2019atelier s\u2019inscrit dans la perspective de cette ne\u0301cessaire coordination entre les diffe\u0301rents intervenants et surtout la conjugaison de tous nos efforts et des moyens de l\u2019ensemble des parties prenantes afin de mieux cerner les difficulte\u0301s et les de\u0301fis a\u0300 surmonter pour pouvoir apporter une re\u0301ponse rapide a\u0300 l\u2019identification des migrants de\u0301ce\u0301de\u0301s, par l\u2019e\u0301laboration de recommandations pertinentes et re\u0301alistes permettant la mise en \u0153uvre d\u2019actions concre\u0300tes a\u0300 court, moyen et long termes sur la question relative a\u0300 la gestion des de\u0301pouilles mortelles de migrants a\u0300 Djibouti.<\/p>\n<p><strong>Pour plus d&rsquo;informations et d&rsquo;analyses sur la <a href=\"https:\/\/www.africa-press.net\/djibouti\">Djibouti<\/a>, suivez <a href=\"https:\/\/www.africa-press.net\/\">Africa-Press<\/a><\/strong><\/p>\n","protected":false},"excerpt":{"rendered":"<p>Africa-Press &#8211; Djibouti. Le ministre de la Sante\u0301, Dr Ahmed Robleh Abdillahi, a pre\u0301side\u0301 lundi dernier a\u0300 l\u2019ho\u0302tel Kempinski la ce\u0301re\u0301monie d\u2019ouverture de l\u2019atelier re\u0301gional de re\u0301flexion sur la gestion des de\u0301pouilles mortelles de migrants a\u0300 Djibouti.Cette ce\u0301re\u0301monie a vu la participation du secre\u0301taire ge\u0301ne\u0301ral du ministe\u0300re de l\u2019inte\u0301rieur, M. Sirag Omar Abdoulkader, de la [&hellip;]<\/p>\n","protected":false},"author":82,"featured_media":17086,"comment_status":"open","ping_status":"closed","sticky":false,"template":"","format":"standard","meta":{"footnotes":""},"categories":[2,10],"tags":[36,49,50],"class_list":["post-17087","post","type-post","status-publish","format-standard","has-post-thumbnail","hentry","category-politique","category-toutes-les-actualites","tag-africa-press","tag-africa-press-djibouti","tag-djibouti"],"yoast_head":"<!-- This site is optimized with the Yoast SEO Premium plugin v26.1 (Yoast SEO v27.0) - https:\/\/yoast.com\/product\/yoast-seo-premium-wordpress\/ -->\n<title>Atelier r\u00e9gional de r\u00e9flexion sur la gestion des d\u00e9pouilles mortelles de migrants \u00e0 Djibouti - Djibouti<\/title>\n<meta name=\"robots\" content=\"index, follow, max-snippet:-1, max-image-preview:large, max-video-preview:-1\" \/>\n<link rel=\"canonical\" href=\"https:\/\/www.africa-press.net\/djibouti\/politique\/atelier-regional-de-reflexion-sur-la-gestion-des-depouilles-mortelles-de-migrants-a-djibouti-2\" \/>\n<meta property=\"og:locale\" content=\"fr_FR\" \/>\n<meta property=\"og:type\" content=\"article\" \/>\n<meta property=\"og:title\" content=\"Atelier r\u00e9gional de r\u00e9flexion sur la gestion des d\u00e9pouilles mortelles de migrants \u00e0 Djibouti\" \/>\n<meta property=\"og:description\" content=\"Africa-Press &#8211; Djibouti. Le ministre de la Sante\u0301, Dr Ahmed Robleh Abdillahi, a pre\u0301side\u0301 lundi dernier a\u0300 l\u2019ho\u0302tel Kempinski la ce\u0301re\u0301monie d\u2019ouverture de l\u2019atelier re\u0301gional de re\u0301flexion sur la gestion des de\u0301pouilles mortelles de migrants a\u0300 Djibouti.Cette ce\u0301re\u0301monie a vu la participation du secre\u0301taire ge\u0301ne\u0301ral du ministe\u0300re de l\u2019inte\u0301rieur, M. Sirag Omar Abdoulkader, de la [&hellip;]\" \/>\n<meta property=\"og:url\" content=\"https:\/\/www.africa-press.net\/djibouti\/politique\/atelier-regional-de-reflexion-sur-la-gestion-des-depouilles-mortelles-de-migrants-a-djibouti-2\" \/>\n<meta property=\"og:site_name\" content=\"Djibouti\" \/>\n<meta property=\"article:published_time\" content=\"2023-08-26T08:40:00+00:00\" \/>\n<meta name=\"author\" content=\"cfeditorfr\" \/>\n<meta name=\"twitter:card\" content=\"summary_large_image\" \/>\n<meta name=\"twitter:label1\" content=\"\u00c9crit par\" \/>\n\t<meta name=\"twitter:data1\" content=\"cfeditorfr\" \/>\n\t<meta name=\"twitter:label2\" content=\"Dur\u00e9e de lecture estim\u00e9e\" \/>\n\t<meta name=\"twitter:data2\" content=\"2 minutes\" \/>\n<script type=\"application\/ld+json\" class=\"yoast-schema-graph\">{\"@context\":\"https:\/\/schema.org\",\"@graph\":[{\"@type\":\"Article\",\"@id\":\"https:\/\/www.africa-press.net\/djibouti\/politique\/atelier-regional-de-reflexion-sur-la-gestion-des-depouilles-mortelles-de-migrants-a-djibouti-2#article\",\"isPartOf\":{\"@id\":\"https:\/\/www.africa-press.net\/djibouti\/politique\/atelier-regional-de-reflexion-sur-la-gestion-des-depouilles-mortelles-de-migrants-a-djibouti-2\"},\"author\":{\"name\":\"cfeditorfr\",\"@id\":\"https:\/\/www.africa-press.net\/djibouti\/#\/schema\/person\/2b1cf3cd81a31e3cd26889ca66d677f1\"},\"headline\":\"Atelier r\u00e9gional de r\u00e9flexion sur la gestion des d\u00e9pouilles mortelles de migrants \u00e0 Djibouti\",\"datePublished\":\"2023-08-26T08:40:00+00:00\",\"mainEntityOfPage\":{\"@id\":\"https:\/\/www.africa-press.net\/djibouti\/politique\/atelier-regional-de-reflexion-sur-la-gestion-des-depouilles-mortelles-de-migrants-a-djibouti-2\"},\"wordCount\":451,\"commentCount\":0,\"image\":{\"@id\":\"https:\/\/www.africa-press.net\/djibouti\/politique\/atelier-regional-de-reflexion-sur-la-gestion-des-depouilles-mortelles-de-migrants-a-djibouti-2#primaryimage\"},\"thumbnailUrl\":\"https:\/\/static.africa-press.net\/djibouti\/sites\/52\/2023\/08\/MiladFR1693026604.664486.jpg\",\"keywords\":[\"Africa Press\",\"Africa Press-Djibouti\",\"Djibouti\"],\"articleSection\":[\"Politique\",\"Toutes les actualit\u00e9s\"],\"inLanguage\":\"fr-FR\",\"potentialAction\":[{\"@type\":\"CommentAction\",\"name\":\"Comment\",\"target\":[\"https:\/\/www.africa-press.net\/djibouti\/politique\/atelier-regional-de-reflexion-sur-la-gestion-des-depouilles-mortelles-de-migrants-a-djibouti-2#respond\"]}]},{\"@type\":\"WebPage\",\"@id\":\"https:\/\/www.africa-press.net\/djibouti\/politique\/atelier-regional-de-reflexion-sur-la-gestion-des-depouilles-mortelles-de-migrants-a-djibouti-2\",\"url\":\"https:\/\/www.africa-press.net\/djibouti\/politique\/atelier-regional-de-reflexion-sur-la-gestion-des-depouilles-mortelles-de-migrants-a-djibouti-2\",\"name\":\"Atelier r\u00e9gional de r\u00e9flexion sur la gestion des d\u00e9pouilles mortelles de migrants \u00e0 Djibouti - Djibouti\",\"isPartOf\":{\"@id\":\"https:\/\/www.africa-press.net\/djibouti\/#website\"},\"primaryImageOfPage\":{\"@id\":\"https:\/\/www.africa-press.net\/djibouti\/politique\/atelier-regional-de-reflexion-sur-la-gestion-des-depouilles-mortelles-de-migrants-a-djibouti-2#primaryimage\"},\"image\":{\"@id\":\"https:\/\/www.africa-press.net\/djibouti\/politique\/atelier-regional-de-reflexion-sur-la-gestion-des-depouilles-mortelles-de-migrants-a-djibouti-2#primaryimage\"},\"thumbnailUrl\":\"https:\/\/static.africa-press.net\/djibouti\/sites\/52\/2023\/08\/MiladFR1693026604.664486.jpg\",\"datePublished\":\"2023-08-26T08:40:00+00:00\",\"author\":{\"@id\":\"https:\/\/www.africa-press.net\/djibouti\/#\/schema\/person\/2b1cf3cd81a31e3cd26889ca66d677f1\"},\"breadcrumb\":{\"@id\":\"https:\/\/www.africa-press.net\/djibouti\/politique\/atelier-regional-de-reflexion-sur-la-gestion-des-depouilles-mortelles-de-migrants-a-djibouti-2#breadcrumb\"},\"inLanguage\":\"fr-FR\",\"potentialAction\":[{\"@type\":\"ReadAction\",\"target\":[\"https:\/\/www.africa-press.net\/djibouti\/politique\/atelier-regional-de-reflexion-sur-la-gestion-des-depouilles-mortelles-de-migrants-a-djibouti-2\"]}]},{\"@type\":\"ImageObject\",\"inLanguage\":\"fr-FR\",\"@id\":\"https:\/\/www.africa-press.net\/djibouti\/politique\/atelier-regional-de-reflexion-sur-la-gestion-des-depouilles-mortelles-de-migrants-a-djibouti-2#primaryimage\",\"url\":\"https:\/\/static.africa-press.net\/djibouti\/sites\/52\/2023\/08\/MiladFR1693026604.664486.jpg\",\"contentUrl\":\"https:\/\/static.africa-press.net\/djibouti\/sites\/52\/2023\/08\/MiladFR1693026604.664486.jpg\",\"width\":696,\"height\":392,\"caption\":\"Atelier r\u00e9gional de r\u00e9flexion sur la gestion des d\u00e9pouilles mortelles de migrants \u00e0 Djibouti\"},{\"@type\":\"BreadcrumbList\",\"@id\":\"https:\/\/www.africa-press.net\/djibouti\/politique\/atelier-regional-de-reflexion-sur-la-gestion-des-depouilles-mortelles-de-migrants-a-djibouti-2#breadcrumb\",\"itemListElement\":[{\"@type\":\"ListItem\",\"position\":1,\"name\":\"Accueil\",\"item\":\"https:\/\/www.africa-press.net\/djibouti\/\"},{\"@type\":\"ListItem\",\"position\":2,\"name\":\"Atelier r\u00e9gional de r\u00e9flexion sur la gestion des d\u00e9pouilles mortelles de migrants \u00e0 Djibouti\"}]},{\"@type\":\"WebSite\",\"@id\":\"https:\/\/www.africa-press.net\/djibouti\/#website\",\"url\":\"https:\/\/www.africa-press.net\/djibouti\/\",\"name\":\"Djibouti\",\"description\":\"Just another Africa News Agency Sites site\",\"potentialAction\":[{\"@type\":\"SearchAction\",\"target\":{\"@type\":\"EntryPoint\",\"urlTemplate\":\"https:\/\/www.africa-press.net\/djibouti\/?s={search_term_string}\"},\"query-input\":{\"@type\":\"PropertyValueSpecification\",\"valueRequired\":true,\"valueName\":\"search_term_string\"}}],\"inLanguage\":\"fr-FR\"},{\"@type\":\"Person\",\"@id\":\"https:\/\/www.africa-press.net\/djibouti\/#\/schema\/person\/2b1cf3cd81a31e3cd26889ca66d677f1\",\"name\":\"cfeditorfr\"}]}<\/script>\n<!-- \/ Yoast SEO Premium plugin. -->","yoast_head_json":{"title":"Atelier r\u00e9gional de r\u00e9flexion sur la gestion des d\u00e9pouilles mortelles de migrants \u00e0 Djibouti - Djibouti","robots":{"index":"index","follow":"follow","max-snippet":"max-snippet:-1","max-image-preview":"max-image-preview:large","max-video-preview":"max-video-preview:-1"},"canonical":"https:\/\/www.africa-press.net\/djibouti\/politique\/atelier-regional-de-reflexion-sur-la-gestion-des-depouilles-mortelles-de-migrants-a-djibouti-2","og_locale":"fr_FR","og_type":"article","og_title":"Atelier r\u00e9gional de r\u00e9flexion sur la gestion des d\u00e9pouilles mortelles de migrants \u00e0 Djibouti","og_description":"Africa-Press &#8211; Djibouti. Le ministre de la Sante\u0301, Dr Ahmed Robleh Abdillahi, a pre\u0301side\u0301 lundi dernier a\u0300 l\u2019ho\u0302tel Kempinski la ce\u0301re\u0301monie d\u2019ouverture de l\u2019atelier re\u0301gional de re\u0301flexion sur la gestion des de\u0301pouilles mortelles de migrants a\u0300 Djibouti.Cette ce\u0301re\u0301monie a vu la participation du secre\u0301taire ge\u0301ne\u0301ral du ministe\u0300re de l\u2019inte\u0301rieur, M. Sirag Omar Abdoulkader, de la [&hellip;]","og_url":"https:\/\/www.africa-press.net\/djibouti\/politique\/atelier-regional-de-reflexion-sur-la-gestion-des-depouilles-mortelles-de-migrants-a-djibouti-2","og_site_name":"Djibouti","article_published_time":"2023-08-26T08:40:00+00:00","author":"cfeditorfr","twitter_card":"summary_large_image","twitter_misc":{"\u00c9crit par":"cfeditorfr","Dur\u00e9e de lecture estim\u00e9e":"2 minutes"},"schema":{"@context":"https:\/\/schema.org","@graph":[{"@type":"Article","@id":"https:\/\/www.africa-press.net\/djibouti\/politique\/atelier-regional-de-reflexion-sur-la-gestion-des-depouilles-mortelles-de-migrants-a-djibouti-2#article","isPartOf":{"@id":"https:\/\/www.africa-press.net\/djibouti\/politique\/atelier-regional-de-reflexion-sur-la-gestion-des-depouilles-mortelles-de-migrants-a-djibouti-2"},"author":{"name":"cfeditorfr","@id":"https:\/\/www.africa-press.net\/djibouti\/#\/schema\/person\/2b1cf3cd81a31e3cd26889ca66d677f1"},"headline":"Atelier r\u00e9gional de r\u00e9flexion sur la gestion des d\u00e9pouilles mortelles de migrants \u00e0 Djibouti","datePublished":"2023-08-26T08:40:00+00:00","mainEntityOfPage":{"@id":"https:\/\/www.africa-press.net\/djibouti\/politique\/atelier-regional-de-reflexion-sur-la-gestion-des-depouilles-mortelles-de-migrants-a-djibouti-2"},"wordCount":451,"commentCount":0,"image":{"@id":"https:\/\/www.africa-press.net\/djibouti\/politique\/atelier-regional-de-reflexion-sur-la-gestion-des-depouilles-mortelles-de-migrants-a-djibouti-2#primaryimage"},"thumbnailUrl":"https:\/\/static.africa-press.net\/djibouti\/sites\/52\/2023\/08\/MiladFR1693026604.664486.jpg","keywords":["Africa Press","Africa Press-Djibouti","Djibouti"],"articleSection":["Politique","Toutes les actualit\u00e9s"],"inLanguage":"fr-FR","potentialAction":[{"@type":"CommentAction","name":"Comment","target":["https:\/\/www.africa-press.net\/djibouti\/politique\/atelier-regional-de-reflexion-sur-la-gestion-des-depouilles-mortelles-de-migrants-a-djibouti-2#respond"]}]},{"@type":"WebPage","@id":"https:\/\/www.africa-press.net\/djibouti\/politique\/atelier-regional-de-reflexion-sur-la-gestion-des-depouilles-mortelles-de-migrants-a-djibouti-2","url":"https:\/\/www.africa-press.net\/djibouti\/politique\/atelier-regional-de-reflexion-sur-la-gestion-des-depouilles-mortelles-de-migrants-a-djibouti-2","name":"Atelier r\u00e9gional de r\u00e9flexion sur la gestion des d\u00e9pouilles mortelles de migrants \u00e0 Djibouti - Djibouti","isPartOf":{"@id":"https:\/\/www.africa-press.net\/djibouti\/#website"},"primaryImageOfPage":{"@id":"https:\/\/www.africa-press.net\/djibouti\/politique\/atelier-regional-de-reflexion-sur-la-gestion-des-depouilles-mortelles-de-migrants-a-djibouti-2#primaryimage"},"image":{"@id":"https:\/\/www.africa-press.net\/djibouti\/politique\/atelier-regional-de-reflexion-sur-la-gestion-des-depouilles-mortelles-de-migrants-a-djibouti-2#primaryimage"},"thumbnailUrl":"https:\/\/static.africa-press.net\/djibouti\/sites\/52\/2023\/08\/MiladFR1693026604.664486.jpg","datePublished":"2023-08-26T08:40:00+00:00","author":{"@id":"https:\/\/www.africa-press.net\/djibouti\/#\/schema\/person\/2b1cf3cd81a31e3cd26889ca66d677f1"},"breadcrumb":{"@id":"https:\/\/www.africa-press.net\/djibouti\/politique\/atelier-regional-de-reflexion-sur-la-gestion-des-depouilles-mortelles-de-migrants-a-djibouti-2#breadcrumb"},"inLanguage":"fr-FR","potentialAction":[{"@type":"ReadAction","target":["https:\/\/www.africa-press.net\/djibouti\/politique\/atelier-regional-de-reflexion-sur-la-gestion-des-depouilles-mortelles-de-migrants-a-djibouti-2"]}]},{"@type":"ImageObject","inLanguage":"fr-FR","@id":"https:\/\/www.africa-press.net\/djibouti\/politique\/atelier-regional-de-reflexion-sur-la-gestion-des-depouilles-mortelles-de-migrants-a-djibouti-2#primaryimage","url":"https:\/\/static.africa-press.net\/djibouti\/sites\/52\/2023\/08\/MiladFR1693026604.664486.jpg","contentUrl":"https:\/\/static.africa-press.net\/djibouti\/sites\/52\/2023\/08\/MiladFR1693026604.664486.jpg","width":696,"height":392,"caption":"Atelier r\u00e9gional de r\u00e9flexion sur la gestion des d\u00e9pouilles mortelles de migrants \u00e0 Djibouti"},{"@type":"BreadcrumbList","@id":"https:\/\/www.africa-press.net\/djibouti\/politique\/atelier-regional-de-reflexion-sur-la-gestion-des-depouilles-mortelles-de-migrants-a-djibouti-2#breadcrumb","itemListElement":[{"@type":"ListItem","position":1,"name":"Accueil","item":"https:\/\/www.africa-press.net\/djibouti\/"},{"@type":"ListItem","position":2,"name":"Atelier r\u00e9gional de r\u00e9flexion sur la gestion des d\u00e9pouilles mortelles de migrants \u00e0 Djibouti"}]},{"@type":"WebSite","@id":"https:\/\/www.africa-press.net\/djibouti\/#website","url":"https:\/\/www.africa-press.net\/djibouti\/","name":"Djibouti","description":"Just another Africa News Agency Sites site","potentialAction":[{"@type":"SearchAction","target":{"@type":"EntryPoint","urlTemplate":"https:\/\/www.africa-press.net\/djibouti\/?s={search_term_string}"},"query-input":{"@type":"PropertyValueSpecification","valueRequired":true,"valueName":"search_term_string"}}],"inLanguage":"fr-FR"},{"@type":"Person","@id":"https:\/\/www.africa-press.net\/djibouti\/#\/schema\/person\/2b1cf3cd81a31e3cd26889ca66d677f1","name":"cfeditorfr"}]}},"_links":{"self":[{"href":"https:\/\/www.africa-press.net\/djibouti\/wp-json\/wp\/v2\/posts\/17087","targetHints":{"allow":["GET"]}}],"collection":[{"href":"https:\/\/www.africa-press.net\/djibouti\/wp-json\/wp\/v2\/posts"}],"about":[{"href":"https:\/\/www.africa-press.net\/djibouti\/wp-json\/wp\/v2\/types\/post"}],"author":[{"embeddable":true,"href":"https:\/\/www.africa-press.net\/djibouti\/wp-json\/wp\/v2\/users\/82"}],"replies":[{"embeddable":true,"href":"https:\/\/www.africa-press.net\/djibouti\/wp-json\/wp\/v2\/comments?post=17087"}],"version-history":[{"count":0,"href":"https:\/\/www.africa-press.net\/djibouti\/wp-json\/wp\/v2\/posts\/17087\/revisions"}],"wp:featuredmedia":[{"embeddable":true,"href":"https:\/\/www.africa-press.net\/djibouti\/wp-json\/wp\/v2\/media\/17086"}],"wp:attachment":[{"href":"https:\/\/www.africa-press.net\/djibouti\/wp-json\/wp\/v2\/media?parent=17087"}],"wp:term":[{"taxonomy":"category","embeddable":true,"href":"https:\/\/www.africa-press.net\/djibouti\/wp-json\/wp\/v2\/categories?post=17087"},{"taxonomy":"post_tag","embeddable":true,"href":"https:\/\/www.africa-press.net\/djibouti\/wp-json\/wp\/v2\/tags?post=17087"}],"curies":[{"name":"wp","href":"https:\/\/api.w.org\/{rel}","templated":true}]}}