{"id":17099,"date":"2023-08-27T12:30:00","date_gmt":"2023-08-27T12:30:00","guid":{"rendered":"https:\/\/www.africa-press.net\/djibouti\/politique\/visite-dadieu-de-lambassadeur-houssam-eldine-reda-au-premier-ministre"},"modified":"2023-08-27T12:30:00","modified_gmt":"2023-08-27T12:30:00","slug":"visite-dadieu-de-lambassadeur-houssam-eldine-reda-au-premier-ministre","status":"publish","type":"post","link":"https:\/\/www.africa-press.net\/djibouti\/politique\/visite-dadieu-de-lambassadeur-houssam-eldine-reda-au-premier-ministre","title":{"rendered":"Visite d\u2019adieu de l\u2019ambassadeur Houssam Eldine R\u00e9da au Premier Ministre"},"content":{"rendered":"<p><span style=\"color: #ff6600\"><strong>Africa-Press &#8211; Djibouti. <\/strong><\/span>Le Premier Ministre Abdoulkader Kamil Mohamed, chef du gouvernement par inte\u0301rim, a rec\u0327u jeudi dernier, au Salon d\u2019Honneur de la Primature, l\u2019ambassadeur de la Re\u0301publique Arabe d\u2019E\u0301gypte a\u0300 Djibouti, Houssam Eldine Re\u0301da, pour une visite d\u2019adieu au terme de sa mission dans notre pays. A cette occasion, le premier ministre Abdoulkader Kamil Mohamed, et le diplomate e\u0301gyptien ont fait un tour d\u2019horizon sur les diffe\u0301rents programmes re\u0301alise\u0301s de concert dans le cadre du partenariat fructueux existant entre les deux pays. Le premier ministre a fe\u0301licite\u0301 le diplomate e\u0301gyptien pour le travail remarquable accompli durant sa mission a\u0300 Djibouti. Il n\u2019a pas manque\u0301 aussi de souhaiter a\u0300 l\u2019ambassadeur une bonne continuation dans sa carrie\u0300re professionnelle. Pour sa part, l\u2019ambassadeur d\u2019E\u0301gypte, Houssam Eldine Re\u0301da, a remercie\u0301 le gouvernement et la population djiboutienne pour leur accueil et leur hospitalite\u0301 le\u0301gendaire qui lui a e\u0301te\u0301 re\u0301serve\u0301 durant son mandat en tant qu\u2019ambassadeur e\u0301gyptien sur le sol djiboutien.<\/p>\n<p>E\u0301tait pre\u0301sent a\u0300 cet entretien le chef du cabinet du premier ministre, M. Ali Silay.<\/p>\n<p>Il convient de rappeler que l\u2019ambassadeur de la re\u0301publique arabe d\u2019Egypte aupre\u0300s de la re\u0301publique de Djibouti, Houssam Eldine Re\u0301da, avait remis ses lettres de cre\u0301ances au pre\u0301sident de la Re\u0301publique, Ismai\u0308l Omar Guelleh, le 20 septembre 2021.<\/p>\n<p><strong>Pour plus d&rsquo;informations et d&rsquo;analyses sur la <a href=\"https:\/\/www.africa-press.net\/djibouti\">Djibouti<\/a>, suivez <a href=\"https:\/\/www.africa-press.net\/\">Africa-Press<\/a><\/strong><\/p>\n","protected":false},"excerpt":{"rendered":"<p>Africa-Press &#8211; Djibouti. Le Premier Ministre Abdoulkader Kamil Mohamed, chef du gouvernement par inte\u0301rim, a rec\u0327u jeudi dernier, au Salon d\u2019Honneur de la Primature, l\u2019ambassadeur de la Re\u0301publique Arabe d\u2019E\u0301gypte a\u0300 Djibouti, Houssam Eldine Re\u0301da, pour une visite d\u2019adieu au terme de sa mission dans notre pays. A cette occasion, le premier ministre Abdoulkader Kamil [&hellip;]<\/p>\n","protected":false},"author":82,"featured_media":17098,"comment_status":"open","ping_status":"closed","sticky":false,"template":"","format":"standard","meta":{"footnotes":""},"categories":[2,20,10],"tags":[36,49,50],"class_list":["post-17099","post","type-post","status-publish","format-standard","has-post-thumbnail","hentry","category-politique","category-top-nouvelles","category-toutes-les-actualites","tag-africa-press","tag-africa-press-djibouti","tag-djibouti"],"yoast_head":"<!-- This site is optimized with the Yoast SEO Premium plugin v26.1 (Yoast SEO v27.0) - https:\/\/yoast.com\/product\/yoast-seo-premium-wordpress\/ -->\n<title>Visite d\u2019adieu de l\u2019ambassadeur Houssam Eldine R\u00e9da au Premier Ministre - Djibouti<\/title>\n<meta name=\"robots\" content=\"index, follow, max-snippet:-1, max-image-preview:large, max-video-preview:-1\" \/>\n<link rel=\"canonical\" href=\"https:\/\/www.africa-press.net\/djibouti\/politique\/visite-dadieu-de-lambassadeur-houssam-eldine-reda-au-premier-ministre\" \/>\n<meta property=\"og:locale\" content=\"fr_FR\" \/>\n<meta property=\"og:type\" content=\"article\" \/>\n<meta property=\"og:title\" content=\"Visite d\u2019adieu de l\u2019ambassadeur Houssam Eldine R\u00e9da au Premier Ministre\" \/>\n<meta property=\"og:description\" content=\"Africa-Press &#8211; Djibouti. Le Premier Ministre Abdoulkader Kamil Mohamed, chef du gouvernement par inte\u0301rim, a rec\u0327u jeudi dernier, au Salon d\u2019Honneur de la Primature, l\u2019ambassadeur de la Re\u0301publique Arabe d\u2019E\u0301gypte a\u0300 Djibouti, Houssam Eldine Re\u0301da, pour une visite d\u2019adieu au terme de sa mission dans notre pays. A cette occasion, le premier ministre Abdoulkader Kamil [&hellip;]\" \/>\n<meta property=\"og:url\" content=\"https:\/\/www.africa-press.net\/djibouti\/politique\/visite-dadieu-de-lambassadeur-houssam-eldine-reda-au-premier-ministre\" \/>\n<meta property=\"og:site_name\" content=\"Djibouti\" \/>\n<meta property=\"article:published_time\" content=\"2023-08-27T12:30:00+00:00\" \/>\n<meta name=\"author\" content=\"cfeditorfr\" \/>\n<meta name=\"twitter:card\" content=\"summary_large_image\" \/>\n<meta name=\"twitter:label1\" content=\"\u00c9crit par\" \/>\n\t<meta name=\"twitter:data1\" content=\"cfeditorfr\" \/>\n\t<meta name=\"twitter:label2\" content=\"Dur\u00e9e de lecture estim\u00e9e\" \/>\n\t<meta name=\"twitter:data2\" content=\"1 minute\" \/>\n<script type=\"application\/ld+json\" class=\"yoast-schema-graph\">{\"@context\":\"https:\/\/schema.org\",\"@graph\":[{\"@type\":\"Article\",\"@id\":\"https:\/\/www.africa-press.net\/djibouti\/politique\/visite-dadieu-de-lambassadeur-houssam-eldine-reda-au-premier-ministre#article\",\"isPartOf\":{\"@id\":\"https:\/\/www.africa-press.net\/djibouti\/politique\/visite-dadieu-de-lambassadeur-houssam-eldine-reda-au-premier-ministre\"},\"author\":{\"name\":\"cfeditorfr\",\"@id\":\"https:\/\/www.africa-press.net\/djibouti\/#\/schema\/person\/2b1cf3cd81a31e3cd26889ca66d677f1\"},\"headline\":\"Visite d\u2019adieu de l\u2019ambassadeur Houssam Eldine R\u00e9da au Premier Ministre\",\"datePublished\":\"2023-08-27T12:30:00+00:00\",\"mainEntityOfPage\":{\"@id\":\"https:\/\/www.africa-press.net\/djibouti\/politique\/visite-dadieu-de-lambassadeur-houssam-eldine-reda-au-premier-ministre\"},\"wordCount\":272,\"commentCount\":0,\"image\":{\"@id\":\"https:\/\/www.africa-press.net\/djibouti\/politique\/visite-dadieu-de-lambassadeur-houssam-eldine-reda-au-premier-ministre#primaryimage\"},\"thumbnailUrl\":\"https:\/\/static.africa-press.net\/djibouti\/sites\/52\/2023\/08\/MiladFR1693126824.392674.jpg\",\"keywords\":[\"Africa Press\",\"Africa Press-Djibouti\",\"Djibouti\"],\"articleSection\":[\"Politique\",\"Top Nouvelles\",\"Toutes les actualit\u00e9s\"],\"inLanguage\":\"fr-FR\",\"potentialAction\":[{\"@type\":\"CommentAction\",\"name\":\"Comment\",\"target\":[\"https:\/\/www.africa-press.net\/djibouti\/politique\/visite-dadieu-de-lambassadeur-houssam-eldine-reda-au-premier-ministre#respond\"]}]},{\"@type\":\"WebPage\",\"@id\":\"https:\/\/www.africa-press.net\/djibouti\/politique\/visite-dadieu-de-lambassadeur-houssam-eldine-reda-au-premier-ministre\",\"url\":\"https:\/\/www.africa-press.net\/djibouti\/politique\/visite-dadieu-de-lambassadeur-houssam-eldine-reda-au-premier-ministre\",\"name\":\"Visite d\u2019adieu de l\u2019ambassadeur Houssam Eldine R\u00e9da au Premier Ministre - Djibouti\",\"isPartOf\":{\"@id\":\"https:\/\/www.africa-press.net\/djibouti\/#website\"},\"primaryImageOfPage\":{\"@id\":\"https:\/\/www.africa-press.net\/djibouti\/politique\/visite-dadieu-de-lambassadeur-houssam-eldine-reda-au-premier-ministre#primaryimage\"},\"image\":{\"@id\":\"https:\/\/www.africa-press.net\/djibouti\/politique\/visite-dadieu-de-lambassadeur-houssam-eldine-reda-au-premier-ministre#primaryimage\"},\"thumbnailUrl\":\"https:\/\/static.africa-press.net\/djibouti\/sites\/52\/2023\/08\/MiladFR1693126824.392674.jpg\",\"datePublished\":\"2023-08-27T12:30:00+00:00\",\"author\":{\"@id\":\"https:\/\/www.africa-press.net\/djibouti\/#\/schema\/person\/2b1cf3cd81a31e3cd26889ca66d677f1\"},\"breadcrumb\":{\"@id\":\"https:\/\/www.africa-press.net\/djibouti\/politique\/visite-dadieu-de-lambassadeur-houssam-eldine-reda-au-premier-ministre#breadcrumb\"},\"inLanguage\":\"fr-FR\",\"potentialAction\":[{\"@type\":\"ReadAction\",\"target\":[\"https:\/\/www.africa-press.net\/djibouti\/politique\/visite-dadieu-de-lambassadeur-houssam-eldine-reda-au-premier-ministre\"]}]},{\"@type\":\"ImageObject\",\"inLanguage\":\"fr-FR\",\"@id\":\"https:\/\/www.africa-press.net\/djibouti\/politique\/visite-dadieu-de-lambassadeur-houssam-eldine-reda-au-premier-ministre#primaryimage\",\"url\":\"https:\/\/static.africa-press.net\/djibouti\/sites\/52\/2023\/08\/MiladFR1693126824.392674.jpg\",\"contentUrl\":\"https:\/\/static.africa-press.net\/djibouti\/sites\/52\/2023\/08\/MiladFR1693126824.392674.jpg\",\"width\":696,\"height\":405,\"caption\":\"Visite d\u2019adieu de l\u2019ambassadeur Houssam Eldine R\u00e9da au Premier Ministre\"},{\"@type\":\"BreadcrumbList\",\"@id\":\"https:\/\/www.africa-press.net\/djibouti\/politique\/visite-dadieu-de-lambassadeur-houssam-eldine-reda-au-premier-ministre#breadcrumb\",\"itemListElement\":[{\"@type\":\"ListItem\",\"position\":1,\"name\":\"Accueil\",\"item\":\"https:\/\/www.africa-press.net\/djibouti\/\"},{\"@type\":\"ListItem\",\"position\":2,\"name\":\"Visite d\u2019adieu de l\u2019ambassadeur Houssam Eldine R\u00e9da au Premier Ministre\"}]},{\"@type\":\"WebSite\",\"@id\":\"https:\/\/www.africa-press.net\/djibouti\/#website\",\"url\":\"https:\/\/www.africa-press.net\/djibouti\/\",\"name\":\"Djibouti\",\"description\":\"Just another Africa News Agency Sites site\",\"potentialAction\":[{\"@type\":\"SearchAction\",\"target\":{\"@type\":\"EntryPoint\",\"urlTemplate\":\"https:\/\/www.africa-press.net\/djibouti\/?s={search_term_string}\"},\"query-input\":{\"@type\":\"PropertyValueSpecification\",\"valueRequired\":true,\"valueName\":\"search_term_string\"}}],\"inLanguage\":\"fr-FR\"},{\"@type\":\"Person\",\"@id\":\"https:\/\/www.africa-press.net\/djibouti\/#\/schema\/person\/2b1cf3cd81a31e3cd26889ca66d677f1\",\"name\":\"cfeditorfr\"}]}<\/script>\n<!-- \/ Yoast SEO Premium plugin. -->","yoast_head_json":{"title":"Visite d\u2019adieu de l\u2019ambassadeur Houssam Eldine R\u00e9da au Premier Ministre - Djibouti","robots":{"index":"index","follow":"follow","max-snippet":"max-snippet:-1","max-image-preview":"max-image-preview:large","max-video-preview":"max-video-preview:-1"},"canonical":"https:\/\/www.africa-press.net\/djibouti\/politique\/visite-dadieu-de-lambassadeur-houssam-eldine-reda-au-premier-ministre","og_locale":"fr_FR","og_type":"article","og_title":"Visite d\u2019adieu de l\u2019ambassadeur Houssam Eldine R\u00e9da au Premier Ministre","og_description":"Africa-Press &#8211; Djibouti. Le Premier Ministre Abdoulkader Kamil Mohamed, chef du gouvernement par inte\u0301rim, a rec\u0327u jeudi dernier, au Salon d\u2019Honneur de la Primature, l\u2019ambassadeur de la Re\u0301publique Arabe d\u2019E\u0301gypte a\u0300 Djibouti, Houssam Eldine Re\u0301da, pour une visite d\u2019adieu au terme de sa mission dans notre pays. A cette occasion, le premier ministre Abdoulkader Kamil [&hellip;]","og_url":"https:\/\/www.africa-press.net\/djibouti\/politique\/visite-dadieu-de-lambassadeur-houssam-eldine-reda-au-premier-ministre","og_site_name":"Djibouti","article_published_time":"2023-08-27T12:30:00+00:00","author":"cfeditorfr","twitter_card":"summary_large_image","twitter_misc":{"\u00c9crit par":"cfeditorfr","Dur\u00e9e de lecture estim\u00e9e":"1 minute"},"schema":{"@context":"https:\/\/schema.org","@graph":[{"@type":"Article","@id":"https:\/\/www.africa-press.net\/djibouti\/politique\/visite-dadieu-de-lambassadeur-houssam-eldine-reda-au-premier-ministre#article","isPartOf":{"@id":"https:\/\/www.africa-press.net\/djibouti\/politique\/visite-dadieu-de-lambassadeur-houssam-eldine-reda-au-premier-ministre"},"author":{"name":"cfeditorfr","@id":"https:\/\/www.africa-press.net\/djibouti\/#\/schema\/person\/2b1cf3cd81a31e3cd26889ca66d677f1"},"headline":"Visite d\u2019adieu de l\u2019ambassadeur Houssam Eldine R\u00e9da au Premier Ministre","datePublished":"2023-08-27T12:30:00+00:00","mainEntityOfPage":{"@id":"https:\/\/www.africa-press.net\/djibouti\/politique\/visite-dadieu-de-lambassadeur-houssam-eldine-reda-au-premier-ministre"},"wordCount":272,"commentCount":0,"image":{"@id":"https:\/\/www.africa-press.net\/djibouti\/politique\/visite-dadieu-de-lambassadeur-houssam-eldine-reda-au-premier-ministre#primaryimage"},"thumbnailUrl":"https:\/\/static.africa-press.net\/djibouti\/sites\/52\/2023\/08\/MiladFR1693126824.392674.jpg","keywords":["Africa Press","Africa Press-Djibouti","Djibouti"],"articleSection":["Politique","Top Nouvelles","Toutes les actualit\u00e9s"],"inLanguage":"fr-FR","potentialAction":[{"@type":"CommentAction","name":"Comment","target":["https:\/\/www.africa-press.net\/djibouti\/politique\/visite-dadieu-de-lambassadeur-houssam-eldine-reda-au-premier-ministre#respond"]}]},{"@type":"WebPage","@id":"https:\/\/www.africa-press.net\/djibouti\/politique\/visite-dadieu-de-lambassadeur-houssam-eldine-reda-au-premier-ministre","url":"https:\/\/www.africa-press.net\/djibouti\/politique\/visite-dadieu-de-lambassadeur-houssam-eldine-reda-au-premier-ministre","name":"Visite d\u2019adieu de l\u2019ambassadeur Houssam Eldine R\u00e9da au Premier Ministre - Djibouti","isPartOf":{"@id":"https:\/\/www.africa-press.net\/djibouti\/#website"},"primaryImageOfPage":{"@id":"https:\/\/www.africa-press.net\/djibouti\/politique\/visite-dadieu-de-lambassadeur-houssam-eldine-reda-au-premier-ministre#primaryimage"},"image":{"@id":"https:\/\/www.africa-press.net\/djibouti\/politique\/visite-dadieu-de-lambassadeur-houssam-eldine-reda-au-premier-ministre#primaryimage"},"thumbnailUrl":"https:\/\/static.africa-press.net\/djibouti\/sites\/52\/2023\/08\/MiladFR1693126824.392674.jpg","datePublished":"2023-08-27T12:30:00+00:00","author":{"@id":"https:\/\/www.africa-press.net\/djibouti\/#\/schema\/person\/2b1cf3cd81a31e3cd26889ca66d677f1"},"breadcrumb":{"@id":"https:\/\/www.africa-press.net\/djibouti\/politique\/visite-dadieu-de-lambassadeur-houssam-eldine-reda-au-premier-ministre#breadcrumb"},"inLanguage":"fr-FR","potentialAction":[{"@type":"ReadAction","target":["https:\/\/www.africa-press.net\/djibouti\/politique\/visite-dadieu-de-lambassadeur-houssam-eldine-reda-au-premier-ministre"]}]},{"@type":"ImageObject","inLanguage":"fr-FR","@id":"https:\/\/www.africa-press.net\/djibouti\/politique\/visite-dadieu-de-lambassadeur-houssam-eldine-reda-au-premier-ministre#primaryimage","url":"https:\/\/static.africa-press.net\/djibouti\/sites\/52\/2023\/08\/MiladFR1693126824.392674.jpg","contentUrl":"https:\/\/static.africa-press.net\/djibouti\/sites\/52\/2023\/08\/MiladFR1693126824.392674.jpg","width":696,"height":405,"caption":"Visite d\u2019adieu de l\u2019ambassadeur Houssam Eldine R\u00e9da au Premier Ministre"},{"@type":"BreadcrumbList","@id":"https:\/\/www.africa-press.net\/djibouti\/politique\/visite-dadieu-de-lambassadeur-houssam-eldine-reda-au-premier-ministre#breadcrumb","itemListElement":[{"@type":"ListItem","position":1,"name":"Accueil","item":"https:\/\/www.africa-press.net\/djibouti\/"},{"@type":"ListItem","position":2,"name":"Visite d\u2019adieu de l\u2019ambassadeur Houssam Eldine R\u00e9da au Premier Ministre"}]},{"@type":"WebSite","@id":"https:\/\/www.africa-press.net\/djibouti\/#website","url":"https:\/\/www.africa-press.net\/djibouti\/","name":"Djibouti","description":"Just another Africa News Agency Sites site","potentialAction":[{"@type":"SearchAction","target":{"@type":"EntryPoint","urlTemplate":"https:\/\/www.africa-press.net\/djibouti\/?s={search_term_string}"},"query-input":{"@type":"PropertyValueSpecification","valueRequired":true,"valueName":"search_term_string"}}],"inLanguage":"fr-FR"},{"@type":"Person","@id":"https:\/\/www.africa-press.net\/djibouti\/#\/schema\/person\/2b1cf3cd81a31e3cd26889ca66d677f1","name":"cfeditorfr"}]}},"_links":{"self":[{"href":"https:\/\/www.africa-press.net\/djibouti\/wp-json\/wp\/v2\/posts\/17099","targetHints":{"allow":["GET"]}}],"collection":[{"href":"https:\/\/www.africa-press.net\/djibouti\/wp-json\/wp\/v2\/posts"}],"about":[{"href":"https:\/\/www.africa-press.net\/djibouti\/wp-json\/wp\/v2\/types\/post"}],"author":[{"embeddable":true,"href":"https:\/\/www.africa-press.net\/djibouti\/wp-json\/wp\/v2\/users\/82"}],"replies":[{"embeddable":true,"href":"https:\/\/www.africa-press.net\/djibouti\/wp-json\/wp\/v2\/comments?post=17099"}],"version-history":[{"count":0,"href":"https:\/\/www.africa-press.net\/djibouti\/wp-json\/wp\/v2\/posts\/17099\/revisions"}],"wp:featuredmedia":[{"embeddable":true,"href":"https:\/\/www.africa-press.net\/djibouti\/wp-json\/wp\/v2\/media\/17098"}],"wp:attachment":[{"href":"https:\/\/www.africa-press.net\/djibouti\/wp-json\/wp\/v2\/media?parent=17099"}],"wp:term":[{"taxonomy":"category","embeddable":true,"href":"https:\/\/www.africa-press.net\/djibouti\/wp-json\/wp\/v2\/categories?post=17099"},{"taxonomy":"post_tag","embeddable":true,"href":"https:\/\/www.africa-press.net\/djibouti\/wp-json\/wp\/v2\/tags?post=17099"}],"curies":[{"name":"wp","href":"https:\/\/api.w.org\/{rel}","templated":true}]}}