{"id":17103,"date":"2023-08-27T12:31:00","date_gmt":"2023-08-27T12:31:00","guid":{"rendered":"https:\/\/www.africa-press.net\/djibouti\/politique\/le-president-guelleh-se-prononce-en-faveur-de-lintensification-des-relations-dechanges-et-de-cooperation-entre-lafrique-et-la-chine"},"modified":"2023-08-27T12:31:00","modified_gmt":"2023-08-27T12:31:00","slug":"le-president-guelleh-se-prononce-en-faveur-de-lintensification-des-relations-dechanges-et-de-cooperation-entre-lafrique-et-la-chine","status":"publish","type":"post","link":"https:\/\/www.africa-press.net\/djibouti\/economie\/le-president-guelleh-se-prononce-en-faveur-de-lintensification-des-relations-dechanges-et-de-cooperation-entre-lafrique-et-la-chine","title":{"rendered":"Le Pr\u00e9sident Guelleh se prononce en faveur de l\u2019intensification des relations d\u2019\u00e9changes et de coop\u00e9ration entre l\u2019Afrique et la Chine"},"content":{"rendered":"<p><span style=\"color: #ff6600\"><strong>Africa-Press &#8211; Djibouti. <\/strong><\/span>Dans une importante allocution faite jeudi soir a\u0300 la tribune d\u2019un sommet Chine-Afrique organise\u0301 a\u0300 Johannesburg, a\u0300 l\u2019issue de la re\u0301union des BRICS, le Pre\u0301sident de la Re\u0301publique, Ismai\u0308l Omar Guelleh, et Pre\u0301sident en exercice de l\u2019Autorite\u0301 Intergouvernementale pour le De\u0301veloppement (IGAD), s\u2019est prononce\u0301 en faveur d\u2019une intensification des relations d\u2019e\u0301changes et de coope\u0301ration entre la Chine et les Pays d\u2019Afrique.<\/p>\n<p>Dans cette intervention faite lors de cette re\u0301union a\u0300 huis-clos des Chefs d\u2019Etat et de Gouvernement de Chine et d\u2019Afrique, le Pre\u0301sident djiboutien s\u2019est tout d\u2019abord re\u0301joui de \u00ab l\u2019e\u0301tat de collaboration et d\u2019entraide caracte\u0301risant les deux parties \u00bb et, allie\u0301 ces rapports privile\u0301gie\u0301s a\u0300 des \u00ab relations se\u0301culaires, tisse\u0301es par le fil de l\u2019Histoire entre l\u2019Afrique et la Chine. \u00bb<\/p>\n<p>\u00ab Pendant des sie\u0300cles, la Chine et l\u2019Afrique ont partage\u0301 un lien fonde\u0301 sur l\u2019amitie\u0301, la solidarite\u0301 et le respect mutuel \u00bb a, en ce sens, de\u0301clare\u0301 le Pre\u0301sident Ismai\u0308l Omar Guelleh&#8230;<\/p>\n<p>\u00ab Cette relation, marque\u0301e par les e\u0301changes culturels, les liens commerciaux et la collaboration diplomatique, est reste\u0301e une pierre angulaire des relations historiques de nos nations \u00bb, a, a\u0300 juste titre, estime\u0301 ensuite le Chef de l\u2019Etat pour qui \u00ab une coope\u0301ration encore plus re\u0301ussie entre les deux ordres doit de\u0301sormais passe\u0301e par un niveau d\u2019e\u0301change plus soutenu dans les domaines de l\u2019industrialisation, de la modernisation et de l\u2019inte\u0301gration re\u0301gionale \u00bb. Dans sa plaidoirie relative a\u0300 une re\u0301orientation strate\u0301gique des partenariats Chine-Afrique, le Pre\u0301sident Guelleh, Pre\u0301sident en exercice de l\u2019IGAD, a mis en lumie\u0300re combien \u00ab une coope\u0301ration plus axe\u0301e sur la notion de transfert de compe\u0301tences et de technologies disposerait notre re\u0301gion et la Chine a\u0300 de perspectives de collaboration encore plus fructueuses. \u00bb<\/p>\n<p>Et pour cause, \u00ab l\u2019emplacement ge\u0301ostrate\u0301gique des Pays de l\u2019IGAD et le niveau e\u0301leve\u0301 de leur de\u0301mographie, e\u0301value\u0301 aujourd\u2019hui a\u0300 quelques 300 millions d\u2019Habitants, sont de nature a\u0300 servir de cre\u0301neau propice a\u0300 la re\u0301alisation d\u2019une ve\u0301ritable croissance dans cette partie du monde \u00bb, est d\u2019avis le Pre\u0301sident Guelleh.<\/p>\n<p>\u00ab En combinant nos ressources, nos connaissances et notre expertise, nous pouvons saisir les opportunite\u0301s au sein de nos e\u0301conomies respectives, tout en favorisant la croissance e\u0301conomique, le de\u0301veloppement durable et l\u2019inte\u0301gration re\u0301gionale\u201d, a en substance plaide\u0301 le Chef de l\u2019Etat djiboutien, appelant de ses v\u0153ux \u00ab l\u2019instauration rapide de partenariats entre la Chine et notre re\u0301gion, fonde\u0301s sur l\u2019innovation, la formation professionnelle, l\u2019industrialisation et la croissance du secteur des services. \u00bb<\/p>\n<p>\u00ab L\u2019initiation d\u2019une coope\u0301ration sino-africaine plus porte\u0301e sur le transfert de compe\u0301tences est d\u2019autant plus louable \u00bb que, aux yeux du Pre\u0301sident Guelleh, elle disposerait le Continent et les Pays de l\u2019IGAD a\u0300 \u00ab une transformation radicale dans leur capacite\u0301 a\u0300 nouer avec des sources pe\u0301rennes de croissance et de me\u0301canismes irre\u0301versibles de de\u0301veloppement durable\u00bb.<\/p>\n<p>\u00ab En donnant a\u0300 nos jeunes l\u2019e\u0301ducation et la formation, nous leur permettons de devenir des participants actifs dans la formation du destin de nos nations, au-dela\u0300 du progre\u0300s e\u0301conomique \u00bb, a, dans le me\u0302me registre, souligne\u0301 le Pre\u0301sident Ismail Omar Guelleh, ajoutant la notion de \u00ab collaboration autour du phe\u0301nome\u0300ne de re\u0301chauffement climatique dans la liste des secteurs prioritaires \u00bb a\u0300 rede\u0301finir pour la coope\u0301ration sino-africaine.<\/p>\n<p>\u00ab Notre re\u0301gion est fortement touche\u0301e par les effets de\u0301vastateurs du changement climatique \u00bb, a de\u0301plore\u0301 le Pre\u0301sident Guelleh, convaincu qu\u2019\u00ab en nous associant a\u0300 un allie\u0301 tel que la Chine, en consacrant des ressources pour combattre et atte\u0301nuer les effets du changement climatique et en adoptant des me\u0301thodes agricoles innovantes, nous pouvons non seulement assurer la se\u0301curite\u0301 alimentaire de notre re\u0301gion, mais aussi contribuer a\u0300 nourrir l\u2019ensemble du continent, a\u0300 l\u2019abri des perturbations exte\u0301rieures \u00bb.<\/p>\n<p>Dans cette intervention faite lors de cette re\u0301union a\u0300 huis-clos des Chefs d\u2019Etat et de Gouvernement de Chine et d\u2019Afrique, le Pre\u0301sident djiboutien s\u2019est tout d\u2019abord re\u0301joui de \u00ab l\u2019e\u0301tat de collaboration et d\u2019entraide caracte\u0301risant les deux parties \u00bb et, allie\u0301 ces rapports privile\u0301gie\u0301s a\u0300 des \u00ab relations se\u0301culaires, tisse\u0301es par le fil de l\u2019Histoire entre l\u2019Afrique et la Chine. \u00bb<\/p>\n<p>\u00ab Pendant des sie\u0300cles, la Chine et l\u2019Afrique ont partage\u0301 un lien fonde\u0301 sur l\u2019amitie\u0301, la solidarite\u0301 et le respect mutuel \u00bb a, en ce sens, de\u0301clare\u0301 le Pre\u0301sident Ismai\u0308l Omar Guelleh&#8230;<\/p>\n<p>\u00ab Cette relation, marque\u0301e par les e\u0301changes culturels, les liens commerciaux et la collaboration diplomatique, est reste\u0301e une pierre angulaire des relations historiques de nos nations \u00bb, a, a\u0300 juste titre, estime\u0301 ensuite le Chef de l\u2019Etat pour qui \u00ab une coope\u0301ration encore plus re\u0301ussie entre les deux ordres doit de\u0301sormais passe\u0301e par un niveau d\u2019e\u0301change plus soutenu dans les domaines de l\u2019industrialisation, de la modernisation et de l\u2019inte\u0301gration re\u0301gionale \u00bb. Dans sa plaidoirie relative a\u0300 une re\u0301orientation strate\u0301gique des partenariats Chine-Afrique, le Pre\u0301sident Guelleh, Pre\u0301sident en exercice de l\u2019IGAD, a mis en lumie\u0300re combien \u00ab une coope\u0301ration plus axe\u0301e sur la notion de transfert de compe\u0301tences et de technologies disposerait notre re\u0301gion et la Chine a\u0300 de perspectives de collaboration encore plus fructueuses. \u00bb<\/p>\n<p>Et pour cause, \u00ab l\u2019emplacement ge\u0301ostrate\u0301gique des Pays de l\u2019IGAD et le niveau e\u0301leve\u0301 de leur de\u0301mographie, e\u0301value\u0301 aujourd\u2019hui a\u0300 quelques 300 millions d\u2019Habitants, sont de nature a\u0300 servir de cre\u0301neau propice a\u0300 la re\u0301alisation d\u2019une ve\u0301ritable croissance dans cette partie du monde \u00bb, est d\u2019avis le Pre\u0301sident Guelleh.<\/p>\n<p>\u00ab En combinant nos ressources, nos connaissances et notre expertise, nous pouvons saisir les opportunite\u0301s au sein de nos e\u0301conomies respectives, tout en favorisant la croissance e\u0301conomique, le de\u0301veloppement durable et l\u2019inte\u0301gration re\u0301gionale\u201d, a en substance plaide\u0301 le Chef de l\u2019Etat djiboutien, appelant de ses v\u0153ux \u00ab l\u2019instauration rapide de partenariats entre la Chine et notre re\u0301gion, fonde\u0301s sur l\u2019innovation, la formation professionnelle, l\u2019industrialisation et la croissance du secteur des services. \u00bb<\/p>\n<p>\u00ab L\u2019initiation d\u2019une coope\u0301ration sino-africaine plus porte\u0301e sur le transfert de compe\u0301tences est d\u2019autant plus louable \u00bb que, aux yeux du Pre\u0301sident Guelleh, elle disposerait le Continent et les Pays de l\u2019IGAD a\u0300 \u00ab une transformation radicale dans leur capacite\u0301 a\u0300 nouer avec des sources pe\u0301rennes de croissance et de me\u0301canismes irre\u0301versibles de de\u0301veloppement durable\u00bb.<\/p>\n<p>\u00ab En donnant a\u0300 nos jeunes l\u2019e\u0301ducation et la formation, nous leur permettons de devenir des participants actifs dans la formation du destin de nos nations, au-dela\u0300 du progre\u0300s e\u0301conomique \u00bb, a, dans le me\u0302me registre, souligne\u0301 le Pre\u0301sident Ismail Omar Guelleh, ajoutant la notion de \u00ab collaboration autour du phe\u0301nome\u0300ne de re\u0301chauffement climatique dans la liste des secteurs prioritaires \u00bb a\u0300 rede\u0301finir pour la coope\u0301ration sino-africaine.<\/p>\n<p>\u00ab Notre re\u0301gion est fortement touche\u0301e par les effets de\u0301vastateurs du changement climatique \u00bb, a de\u0301plore\u0301 le Pre\u0301sident Guelleh, convaincu qu\u2019\u00ab en nous associant a\u0300 un allie\u0301 tel que la Chine, en consacrant des ressources pour combattre et atte\u0301nuer les effets du changement climatique et en adoptant des me\u0301thodes agricoles innovantes, nous pouvons non seulement assurer la se\u0301curite\u0301 alimentaire de notre re\u0301gion, mais aussi contribuer a\u0300 nourrir l\u2019ensemble du continent, a\u0300 l\u2019abri des perturbations exte\u0301rieures \u00bb.<\/p>\n<p><strong>Pour plus d&rsquo;informations et d&rsquo;analyses sur la <a href=\"https:\/\/www.africa-press.net\/djibouti\">Djibouti<\/a>, suivez <a href=\"https:\/\/www.africa-press.net\/\">Africa-Press<\/a><\/strong><\/p>\n","protected":false},"excerpt":{"rendered":"<p>Africa-Press &#8211; Djibouti. Dans une importante allocution faite jeudi soir a\u0300 la tribune d\u2019un sommet Chine-Afrique organise\u0301 a\u0300 Johannesburg, a\u0300 l\u2019issue de la re\u0301union des BRICS, le Pre\u0301sident de la Re\u0301publique, Ismai\u0308l Omar Guelleh, et Pre\u0301sident en exercice de l\u2019Autorite\u0301 Intergouvernementale pour le De\u0301veloppement (IGAD), s\u2019est prononce\u0301 en faveur d\u2019une intensification des relations d\u2019e\u0301changes et [&hellip;]<\/p>\n","protected":false},"author":82,"featured_media":17102,"comment_status":"open","ping_status":"closed","sticky":false,"template":"","format":"standard","meta":{"footnotes":""},"categories":[3,20,10],"tags":[36,49,50],"class_list":["post-17103","post","type-post","status-publish","format-standard","has-post-thumbnail","hentry","category-economie","category-top-nouvelles","category-toutes-les-actualites","tag-africa-press","tag-africa-press-djibouti","tag-djibouti"],"yoast_head":"<!-- This site is optimized with the Yoast SEO Premium plugin v26.1 (Yoast SEO v27.0) - https:\/\/yoast.com\/product\/yoast-seo-premium-wordpress\/ -->\n<title>Le Pr\u00e9sident Guelleh se prononce en faveur de l\u2019intensification des relations d\u2019\u00e9changes et de coop\u00e9ration entre l\u2019Afrique et la Chine - Djibouti<\/title>\n<meta name=\"robots\" content=\"index, follow, max-snippet:-1, max-image-preview:large, max-video-preview:-1\" \/>\n<link rel=\"canonical\" href=\"https:\/\/www.africa-press.net\/djibouti\/politique\/le-president-guelleh-se-prononce-en-faveur-de-lintensification-des-relations-dechanges-et-de-cooperation-entre-lafrique-et-la-chine\" \/>\n<meta property=\"og:locale\" content=\"fr_FR\" \/>\n<meta property=\"og:type\" content=\"article\" \/>\n<meta property=\"og:title\" content=\"Le Pr\u00e9sident Guelleh se prononce en faveur de l\u2019intensification des relations d\u2019\u00e9changes et de coop\u00e9ration entre l\u2019Afrique et la Chine\" \/>\n<meta property=\"og:description\" content=\"Africa-Press &#8211; Djibouti. Dans une importante allocution faite jeudi soir a\u0300 la tribune d\u2019un sommet Chine-Afrique organise\u0301 a\u0300 Johannesburg, a\u0300 l\u2019issue de la re\u0301union des BRICS, le Pre\u0301sident de la Re\u0301publique, Ismai\u0308l Omar Guelleh, et Pre\u0301sident en exercice de l\u2019Autorite\u0301 Intergouvernementale pour le De\u0301veloppement (IGAD), s\u2019est prononce\u0301 en faveur d\u2019une intensification des relations d\u2019e\u0301changes et [&hellip;]\" \/>\n<meta property=\"og:url\" content=\"https:\/\/www.africa-press.net\/djibouti\/politique\/le-president-guelleh-se-prononce-en-faveur-de-lintensification-des-relations-dechanges-et-de-cooperation-entre-lafrique-et-la-chine\" \/>\n<meta property=\"og:site_name\" content=\"Djibouti\" \/>\n<meta property=\"article:published_time\" content=\"2023-08-27T12:31:00+00:00\" \/>\n<meta name=\"author\" content=\"cfeditorfr\" \/>\n<meta name=\"twitter:card\" content=\"summary_large_image\" \/>\n<meta name=\"twitter:label1\" content=\"\u00c9crit par\" \/>\n\t<meta name=\"twitter:data1\" content=\"cfeditorfr\" \/>\n\t<meta name=\"twitter:label2\" content=\"Dur\u00e9e de lecture estim\u00e9e\" \/>\n\t<meta name=\"twitter:data2\" content=\"7 minutes\" \/>\n<script type=\"application\/ld+json\" class=\"yoast-schema-graph\">{\"@context\":\"https:\/\/schema.org\",\"@graph\":[{\"@type\":\"Article\",\"@id\":\"https:\/\/www.africa-press.net\/djibouti\/politique\/le-president-guelleh-se-prononce-en-faveur-de-lintensification-des-relations-dechanges-et-de-cooperation-entre-lafrique-et-la-chine#article\",\"isPartOf\":{\"@id\":\"https:\/\/www.africa-press.net\/djibouti\/politique\/le-president-guelleh-se-prononce-en-faveur-de-lintensification-des-relations-dechanges-et-de-cooperation-entre-lafrique-et-la-chine\"},\"author\":{\"name\":\"cfeditorfr\",\"@id\":\"https:\/\/www.africa-press.net\/djibouti\/#\/schema\/person\/2b1cf3cd81a31e3cd26889ca66d677f1\"},\"headline\":\"Le Pr\u00e9sident Guelleh se prononce en faveur de l\u2019intensification des relations d\u2019\u00e9changes et de coop\u00e9ration entre l\u2019Afrique et la Chine\",\"datePublished\":\"2023-08-27T12:31:00+00:00\",\"mainEntityOfPage\":{\"@id\":\"https:\/\/www.africa-press.net\/djibouti\/politique\/le-president-guelleh-se-prononce-en-faveur-de-lintensification-des-relations-dechanges-et-de-cooperation-entre-lafrique-et-la-chine\"},\"wordCount\":1356,\"commentCount\":0,\"image\":{\"@id\":\"https:\/\/www.africa-press.net\/djibouti\/politique\/le-president-guelleh-se-prononce-en-faveur-de-lintensification-des-relations-dechanges-et-de-cooperation-entre-lafrique-et-la-chine#primaryimage\"},\"thumbnailUrl\":\"https:\/\/static.africa-press.net\/djibouti\/sites\/52\/2023\/08\/MiladFR1693126904.988916.jpg\",\"keywords\":[\"Africa Press\",\"Africa Press-Djibouti\",\"Djibouti\"],\"articleSection\":[\"\u00c9conomie\",\"Top Nouvelles\",\"Toutes les actualit\u00e9s\"],\"inLanguage\":\"fr-FR\",\"potentialAction\":[{\"@type\":\"CommentAction\",\"name\":\"Comment\",\"target\":[\"https:\/\/www.africa-press.net\/djibouti\/politique\/le-president-guelleh-se-prononce-en-faveur-de-lintensification-des-relations-dechanges-et-de-cooperation-entre-lafrique-et-la-chine#respond\"]}]},{\"@type\":\"WebPage\",\"@id\":\"https:\/\/www.africa-press.net\/djibouti\/politique\/le-president-guelleh-se-prononce-en-faveur-de-lintensification-des-relations-dechanges-et-de-cooperation-entre-lafrique-et-la-chine\",\"url\":\"https:\/\/www.africa-press.net\/djibouti\/politique\/le-president-guelleh-se-prononce-en-faveur-de-lintensification-des-relations-dechanges-et-de-cooperation-entre-lafrique-et-la-chine\",\"name\":\"Le Pr\u00e9sident Guelleh se prononce en faveur de l\u2019intensification des relations d\u2019\u00e9changes et de coop\u00e9ration entre l\u2019Afrique et la Chine - Djibouti\",\"isPartOf\":{\"@id\":\"https:\/\/www.africa-press.net\/djibouti\/#website\"},\"primaryImageOfPage\":{\"@id\":\"https:\/\/www.africa-press.net\/djibouti\/politique\/le-president-guelleh-se-prononce-en-faveur-de-lintensification-des-relations-dechanges-et-de-cooperation-entre-lafrique-et-la-chine#primaryimage\"},\"image\":{\"@id\":\"https:\/\/www.africa-press.net\/djibouti\/politique\/le-president-guelleh-se-prononce-en-faveur-de-lintensification-des-relations-dechanges-et-de-cooperation-entre-lafrique-et-la-chine#primaryimage\"},\"thumbnailUrl\":\"https:\/\/static.africa-press.net\/djibouti\/sites\/52\/2023\/08\/MiladFR1693126904.988916.jpg\",\"datePublished\":\"2023-08-27T12:31:00+00:00\",\"author\":{\"@id\":\"https:\/\/www.africa-press.net\/djibouti\/#\/schema\/person\/2b1cf3cd81a31e3cd26889ca66d677f1\"},\"breadcrumb\":{\"@id\":\"https:\/\/www.africa-press.net\/djibouti\/politique\/le-president-guelleh-se-prononce-en-faveur-de-lintensification-des-relations-dechanges-et-de-cooperation-entre-lafrique-et-la-chine#breadcrumb\"},\"inLanguage\":\"fr-FR\",\"potentialAction\":[{\"@type\":\"ReadAction\",\"target\":[\"https:\/\/www.africa-press.net\/djibouti\/politique\/le-president-guelleh-se-prononce-en-faveur-de-lintensification-des-relations-dechanges-et-de-cooperation-entre-lafrique-et-la-chine\"]}]},{\"@type\":\"ImageObject\",\"inLanguage\":\"fr-FR\",\"@id\":\"https:\/\/www.africa-press.net\/djibouti\/politique\/le-president-guelleh-se-prononce-en-faveur-de-lintensification-des-relations-dechanges-et-de-cooperation-entre-lafrique-et-la-chine#primaryimage\",\"url\":\"https:\/\/static.africa-press.net\/djibouti\/sites\/52\/2023\/08\/MiladFR1693126904.988916.jpg\",\"contentUrl\":\"https:\/\/static.africa-press.net\/djibouti\/sites\/52\/2023\/08\/MiladFR1693126904.988916.jpg\",\"width\":696,\"height\":367,\"caption\":\"Le Pr\u00e9sident Guelleh se prononce en faveur de l\u2019intensification des relations d\u2019\u00e9changes et de coop\u00e9ration entre l\u2019Afrique et la Chine\"},{\"@type\":\"BreadcrumbList\",\"@id\":\"https:\/\/www.africa-press.net\/djibouti\/politique\/le-president-guelleh-se-prononce-en-faveur-de-lintensification-des-relations-dechanges-et-de-cooperation-entre-lafrique-et-la-chine#breadcrumb\",\"itemListElement\":[{\"@type\":\"ListItem\",\"position\":1,\"name\":\"Accueil\",\"item\":\"https:\/\/www.africa-press.net\/djibouti\/\"},{\"@type\":\"ListItem\",\"position\":2,\"name\":\"Le Pr\u00e9sident Guelleh se prononce en faveur de l\u2019intensification des relations d\u2019\u00e9changes et de coop\u00e9ration entre l\u2019Afrique et la Chine\"}]},{\"@type\":\"WebSite\",\"@id\":\"https:\/\/www.africa-press.net\/djibouti\/#website\",\"url\":\"https:\/\/www.africa-press.net\/djibouti\/\",\"name\":\"Djibouti\",\"description\":\"Just another Africa News Agency Sites site\",\"potentialAction\":[{\"@type\":\"SearchAction\",\"target\":{\"@type\":\"EntryPoint\",\"urlTemplate\":\"https:\/\/www.africa-press.net\/djibouti\/?s={search_term_string}\"},\"query-input\":{\"@type\":\"PropertyValueSpecification\",\"valueRequired\":true,\"valueName\":\"search_term_string\"}}],\"inLanguage\":\"fr-FR\"},{\"@type\":\"Person\",\"@id\":\"https:\/\/www.africa-press.net\/djibouti\/#\/schema\/person\/2b1cf3cd81a31e3cd26889ca66d677f1\",\"name\":\"cfeditorfr\"}]}<\/script>\n<!-- \/ Yoast SEO Premium plugin. -->","yoast_head_json":{"title":"Le Pr\u00e9sident Guelleh se prononce en faveur de l\u2019intensification des relations d\u2019\u00e9changes et de coop\u00e9ration entre l\u2019Afrique et la Chine - Djibouti","robots":{"index":"index","follow":"follow","max-snippet":"max-snippet:-1","max-image-preview":"max-image-preview:large","max-video-preview":"max-video-preview:-1"},"canonical":"https:\/\/www.africa-press.net\/djibouti\/politique\/le-president-guelleh-se-prononce-en-faveur-de-lintensification-des-relations-dechanges-et-de-cooperation-entre-lafrique-et-la-chine","og_locale":"fr_FR","og_type":"article","og_title":"Le Pr\u00e9sident Guelleh se prononce en faveur de l\u2019intensification des relations d\u2019\u00e9changes et de coop\u00e9ration entre l\u2019Afrique et la Chine","og_description":"Africa-Press &#8211; Djibouti. Dans une importante allocution faite jeudi soir a\u0300 la tribune d\u2019un sommet Chine-Afrique organise\u0301 a\u0300 Johannesburg, a\u0300 l\u2019issue de la re\u0301union des BRICS, le Pre\u0301sident de la Re\u0301publique, Ismai\u0308l Omar Guelleh, et Pre\u0301sident en exercice de l\u2019Autorite\u0301 Intergouvernementale pour le De\u0301veloppement (IGAD), s\u2019est prononce\u0301 en faveur d\u2019une intensification des relations d\u2019e\u0301changes et [&hellip;]","og_url":"https:\/\/www.africa-press.net\/djibouti\/politique\/le-president-guelleh-se-prononce-en-faveur-de-lintensification-des-relations-dechanges-et-de-cooperation-entre-lafrique-et-la-chine","og_site_name":"Djibouti","article_published_time":"2023-08-27T12:31:00+00:00","author":"cfeditorfr","twitter_card":"summary_large_image","twitter_misc":{"\u00c9crit par":"cfeditorfr","Dur\u00e9e de lecture estim\u00e9e":"7 minutes"},"schema":{"@context":"https:\/\/schema.org","@graph":[{"@type":"Article","@id":"https:\/\/www.africa-press.net\/djibouti\/politique\/le-president-guelleh-se-prononce-en-faveur-de-lintensification-des-relations-dechanges-et-de-cooperation-entre-lafrique-et-la-chine#article","isPartOf":{"@id":"https:\/\/www.africa-press.net\/djibouti\/politique\/le-president-guelleh-se-prononce-en-faveur-de-lintensification-des-relations-dechanges-et-de-cooperation-entre-lafrique-et-la-chine"},"author":{"name":"cfeditorfr","@id":"https:\/\/www.africa-press.net\/djibouti\/#\/schema\/person\/2b1cf3cd81a31e3cd26889ca66d677f1"},"headline":"Le Pr\u00e9sident Guelleh se prononce en faveur de l\u2019intensification des relations d\u2019\u00e9changes et de coop\u00e9ration entre l\u2019Afrique et la Chine","datePublished":"2023-08-27T12:31:00+00:00","mainEntityOfPage":{"@id":"https:\/\/www.africa-press.net\/djibouti\/politique\/le-president-guelleh-se-prononce-en-faveur-de-lintensification-des-relations-dechanges-et-de-cooperation-entre-lafrique-et-la-chine"},"wordCount":1356,"commentCount":0,"image":{"@id":"https:\/\/www.africa-press.net\/djibouti\/politique\/le-president-guelleh-se-prononce-en-faveur-de-lintensification-des-relations-dechanges-et-de-cooperation-entre-lafrique-et-la-chine#primaryimage"},"thumbnailUrl":"https:\/\/static.africa-press.net\/djibouti\/sites\/52\/2023\/08\/MiladFR1693126904.988916.jpg","keywords":["Africa Press","Africa Press-Djibouti","Djibouti"],"articleSection":["\u00c9conomie","Top Nouvelles","Toutes les actualit\u00e9s"],"inLanguage":"fr-FR","potentialAction":[{"@type":"CommentAction","name":"Comment","target":["https:\/\/www.africa-press.net\/djibouti\/politique\/le-president-guelleh-se-prononce-en-faveur-de-lintensification-des-relations-dechanges-et-de-cooperation-entre-lafrique-et-la-chine#respond"]}]},{"@type":"WebPage","@id":"https:\/\/www.africa-press.net\/djibouti\/politique\/le-president-guelleh-se-prononce-en-faveur-de-lintensification-des-relations-dechanges-et-de-cooperation-entre-lafrique-et-la-chine","url":"https:\/\/www.africa-press.net\/djibouti\/politique\/le-president-guelleh-se-prononce-en-faveur-de-lintensification-des-relations-dechanges-et-de-cooperation-entre-lafrique-et-la-chine","name":"Le Pr\u00e9sident Guelleh se prononce en faveur de l\u2019intensification des relations d\u2019\u00e9changes et de coop\u00e9ration entre l\u2019Afrique et la Chine - Djibouti","isPartOf":{"@id":"https:\/\/www.africa-press.net\/djibouti\/#website"},"primaryImageOfPage":{"@id":"https:\/\/www.africa-press.net\/djibouti\/politique\/le-president-guelleh-se-prononce-en-faveur-de-lintensification-des-relations-dechanges-et-de-cooperation-entre-lafrique-et-la-chine#primaryimage"},"image":{"@id":"https:\/\/www.africa-press.net\/djibouti\/politique\/le-president-guelleh-se-prononce-en-faveur-de-lintensification-des-relations-dechanges-et-de-cooperation-entre-lafrique-et-la-chine#primaryimage"},"thumbnailUrl":"https:\/\/static.africa-press.net\/djibouti\/sites\/52\/2023\/08\/MiladFR1693126904.988916.jpg","datePublished":"2023-08-27T12:31:00+00:00","author":{"@id":"https:\/\/www.africa-press.net\/djibouti\/#\/schema\/person\/2b1cf3cd81a31e3cd26889ca66d677f1"},"breadcrumb":{"@id":"https:\/\/www.africa-press.net\/djibouti\/politique\/le-president-guelleh-se-prononce-en-faveur-de-lintensification-des-relations-dechanges-et-de-cooperation-entre-lafrique-et-la-chine#breadcrumb"},"inLanguage":"fr-FR","potentialAction":[{"@type":"ReadAction","target":["https:\/\/www.africa-press.net\/djibouti\/politique\/le-president-guelleh-se-prononce-en-faveur-de-lintensification-des-relations-dechanges-et-de-cooperation-entre-lafrique-et-la-chine"]}]},{"@type":"ImageObject","inLanguage":"fr-FR","@id":"https:\/\/www.africa-press.net\/djibouti\/politique\/le-president-guelleh-se-prononce-en-faveur-de-lintensification-des-relations-dechanges-et-de-cooperation-entre-lafrique-et-la-chine#primaryimage","url":"https:\/\/static.africa-press.net\/djibouti\/sites\/52\/2023\/08\/MiladFR1693126904.988916.jpg","contentUrl":"https:\/\/static.africa-press.net\/djibouti\/sites\/52\/2023\/08\/MiladFR1693126904.988916.jpg","width":696,"height":367,"caption":"Le Pr\u00e9sident Guelleh se prononce en faveur de l\u2019intensification des relations d\u2019\u00e9changes et de coop\u00e9ration entre l\u2019Afrique et la Chine"},{"@type":"BreadcrumbList","@id":"https:\/\/www.africa-press.net\/djibouti\/politique\/le-president-guelleh-se-prononce-en-faveur-de-lintensification-des-relations-dechanges-et-de-cooperation-entre-lafrique-et-la-chine#breadcrumb","itemListElement":[{"@type":"ListItem","position":1,"name":"Accueil","item":"https:\/\/www.africa-press.net\/djibouti\/"},{"@type":"ListItem","position":2,"name":"Le Pr\u00e9sident Guelleh se prononce en faveur de l\u2019intensification des relations d\u2019\u00e9changes et de coop\u00e9ration entre l\u2019Afrique et la Chine"}]},{"@type":"WebSite","@id":"https:\/\/www.africa-press.net\/djibouti\/#website","url":"https:\/\/www.africa-press.net\/djibouti\/","name":"Djibouti","description":"Just another Africa News Agency Sites site","potentialAction":[{"@type":"SearchAction","target":{"@type":"EntryPoint","urlTemplate":"https:\/\/www.africa-press.net\/djibouti\/?s={search_term_string}"},"query-input":{"@type":"PropertyValueSpecification","valueRequired":true,"valueName":"search_term_string"}}],"inLanguage":"fr-FR"},{"@type":"Person","@id":"https:\/\/www.africa-press.net\/djibouti\/#\/schema\/person\/2b1cf3cd81a31e3cd26889ca66d677f1","name":"cfeditorfr"}]}},"_links":{"self":[{"href":"https:\/\/www.africa-press.net\/djibouti\/wp-json\/wp\/v2\/posts\/17103","targetHints":{"allow":["GET"]}}],"collection":[{"href":"https:\/\/www.africa-press.net\/djibouti\/wp-json\/wp\/v2\/posts"}],"about":[{"href":"https:\/\/www.africa-press.net\/djibouti\/wp-json\/wp\/v2\/types\/post"}],"author":[{"embeddable":true,"href":"https:\/\/www.africa-press.net\/djibouti\/wp-json\/wp\/v2\/users\/82"}],"replies":[{"embeddable":true,"href":"https:\/\/www.africa-press.net\/djibouti\/wp-json\/wp\/v2\/comments?post=17103"}],"version-history":[{"count":0,"href":"https:\/\/www.africa-press.net\/djibouti\/wp-json\/wp\/v2\/posts\/17103\/revisions"}],"wp:featuredmedia":[{"embeddable":true,"href":"https:\/\/www.africa-press.net\/djibouti\/wp-json\/wp\/v2\/media\/17102"}],"wp:attachment":[{"href":"https:\/\/www.africa-press.net\/djibouti\/wp-json\/wp\/v2\/media?parent=17103"}],"wp:term":[{"taxonomy":"category","embeddable":true,"href":"https:\/\/www.africa-press.net\/djibouti\/wp-json\/wp\/v2\/categories?post=17103"},{"taxonomy":"post_tag","embeddable":true,"href":"https:\/\/www.africa-press.net\/djibouti\/wp-json\/wp\/v2\/tags?post=17103"}],"curies":[{"name":"wp","href":"https:\/\/api.w.org\/{rel}","templated":true}]}}