{"id":17123,"date":"2023-08-28T13:25:00","date_gmt":"2023-08-28T13:25:00","guid":{"rendered":"https:\/\/www.africa-press.net\/djibouti\/politique\/zoom-sur-la-region-de-dikhil"},"modified":"2023-08-28T13:25:00","modified_gmt":"2023-08-28T13:25:00","slug":"zoom-sur-la-region-de-dikhil","status":"publish","type":"post","link":"https:\/\/www.africa-press.net\/djibouti\/culture-et-art\/zoom-sur-la-region-de-dikhil","title":{"rendered":"Zoom sur la r\u00e9gion de Dikhil"},"content":{"rendered":"<p><span style=\"color: #ff6600\"><strong>Africa-Press &#8211; Djibouti. <\/strong><\/span><b>La re\u0301gion de Dikhil e\u0301tait la plus peuple\u0301e des 5 re\u0301gions de l\u2019inte\u0301rieur de Djibouti, en 2009, selon le dernier recensement national (De\u0301cret N\u00b0 2010-0038\/PR\/MEFPCP, sur les re\u0301sultats du 2e\u0300me Recensement Ge\u0301ne\u0301ral de la Population et de l\u2019Habitat de 2009). <\/b><\/p>\n<p><b>Elle comptait 88948 habitants, soit 11% de la population totale du pays, avec 51% d\u2019hommes et 49% de femmes, dont 72% vivent en zone rurale. On note que les femmes sont plus nombreuses que les hommes dans les zones rurales nomades. Les femmes et jeunes filles sont reste\u0301e dans les campements nomades pour s\u2019occuper des be\u0301tails alors que les hommes sont partis dans les villes ou villages pour trouver des petits emplois. En 2017, la re\u0301gion de Dikhil est toujours la plus peuple\u0301e des 5 re\u0301gions de l\u2019inte\u0301rieur, mais ne repre\u0301sente plus que 7% de la population totale de Djibouti (EDAMc4-IS2018). La population de la re\u0301gion de Dikhil est encore majoritairement rurale, avec 64% qui vivent en zone rurale contre 36% seulement dans le chef-lieu Dikhil ville et les 3 sous-pre\u0301fectures, As-Eyla,Yoboki et Mouloud.<\/b><\/p>\n<p><b>Ge\u0301ographie de la re\u0301gionde Dikhil<\/b><\/p>\n<p>La ligne de fracture forme\u0301e par le golfe de Tadjourah et le Lac Assal divise la Re\u0301publique de Djibouti en deux zones avec des caracte\u0301ristiques ge\u0301ophysiques et de couverture ve\u0301ge\u0301tale distinctes : le nord domine\u0301 par trois chai\u0302nes de montagnes d\u2019une part, et les re\u0301gions sud et ou est ou\u0300 les chai\u0302nes demontagnes d\u2019altitude moyenne alternent avec des pressions recouvertes d\u2019une couche d\u2019argile (les plaines du Petit et du Grand Bara, du Gobaad et du Hanle\u0301).<\/p>\n<p><b>Principaux plateaux<\/b><\/p>\n<p>La re\u0301gion de Dikhil est certes d\u2019origine volcanique mais elle se trouve forme\u0301e de la haute terre essentiellement constitue\u0301e des chai\u0302nes des plateaux de DAKKA qui s\u2019e\u0301tend du Sud-ouest et d\u2019Est en Ouest avec une altitude croissante de 450 a\u0300 900m.<\/p>\n<p><b>Principales plaines et de\u0301pressions<\/b><\/p>\n<p>\u2022 La plaine de Gobaad qui s\u2019e\u0301tend d\u2019As-Eyla jusqu\u2019au Lac-Abhe\u0301 couvrant une superficie de 486km2;<\/p>\n<p>\u2022 Les grand et petit Bara a\u0300 surface plate et nue de natures ablo-argileuse couvrant une superficie de 835 km2 ;<\/p>\n<p>\u2022 La plaine de Hanle\u0301 prolonge\u0301e a\u0300 l\u2019Ouest parcelle de Galafi couvrant une superficie de 1930km2 ;<\/p>\n<p>\u2022 La plaine de Gagade\u0301 au Nord-Est de Yoboki couvrant une superficie de 1068km2.<\/p>\n<p><b>Climat de la re\u0301gion de Dikhil<\/b><\/p>\n<p>La re\u0301gion de Dikhil a un climat de zone tropicale aride, avec deux saisons distinctes. La saison frai\u0302che (d\u2019octobre a\u0300 avril) avec des vents d\u2019Est, peu humide avec de tempe\u0301ratures douces tournant en moyenne au tour de 26\u00b0c. La saison chaude (de juin a\u0300 aou\u0302t), avec des tempe\u0301ratures relativement chaudes. Mais gra\u0302ce a\u0300 son altitude, la re\u0301gion de Dikhil semble be\u0301ne\u0301ficier d\u2019un faible taux d\u2019humidite\u0301, en te\u0301moigne les tempe\u0301ratures plus agre\u0301ables avec des moyennes de 30\u00b0C en e\u0301te\u0301, et autour de 17\u00b0C pendant la saison frai\u0302che. La dure\u0301e maximale de l\u2019insolation est de 9h, observe\u0301e d\u2019avril a\u0300 mai.<\/p>\n<p><b>Re\u0301gimes pluviome\u0301triques<\/b><\/p>\n<p>A l\u2019instar de toutes les re\u0301gions du territoire national, la re\u0301gion de Dikhil se caracte\u0301rise par une pluviome\u0301trie de\u0301ficitaire. Elle varie entre 150mm et 187mm, avec une moyenne de 130mm. La principale saison de pluie dans la re\u0301gion de Dikhil, appele\u0301e Karan\/Karma, est ge\u0301ne\u0301ralement attendue par les communaute\u0301s locales de juillet a\u0300 octobre de chaque anne\u0301e. Ses pre\u0301cipitations se caracte\u0301risent par des pluies torrentielles double\u0301es tre\u0300s souvent de vents extre\u0302mement violents qui de\u0301truisent les habitats pre\u0301caires, et provoquent des inondations d\u2019une dure\u0301e d\u2019un ou deux jours.<\/p>\n<p><b>Couverture ve\u0301ge\u0301tale<\/b><\/p>\n<p>Les plaines et les de\u0301pressions, couvertes de ve\u0301ge\u0301tation, soutiennent des steppes herbace\u0301es(Lasiurus, Panicum, Cymbopogon). Une couverture ve\u0301ge\u0301tale, ge\u0301ne\u0301ralement tre\u0300s discontinue (couverture maximale de 30% avec une moyenne infe\u0301rieure a\u0300 5%)est associe\u0301e a\u0300 ces formations.<\/p>\n<p>Les espe\u0300ces suivantes pre\u0301dominent : Acacia tortilis, Acacia asak (dans les oueds), Acacia horrida (localement) et quelques fourre\u0301s avec Cadabarot un difolia et Salvadorapersica. Ces arbustes se trouvent en grande partie dans un e\u0301tat de de\u0301gradation avance\u0301e a\u0300 cause de la surexploitation humaine (production de charbon et de bois de chauffage) mais aussi d\u2019un manque de re\u0301ge\u0301ne\u0301ration du\u0302 a\u0300 la pression constante du pa\u0302turage. L\u2019e\u0301levage extensif, ge\u0301ne\u0301ralement conduit sans respect des re\u0300gles de gestion des parcours en raison des de\u0301se\u0301quilibres entre les ressources et le be\u0301tail, re\u0301duit a\u0300 ne\u0301ant les capacite\u0301s de re\u0301ge\u0301ne\u0301rescence des arbustes et autres ve\u0301ge\u0301taux.<\/p>\n<p><b>Pastoralisme et moyens de subsistance ruraux<\/b><\/p>\n<p>La population rurale de la re\u0301gion de Dikhil, environ 64043 personnes,de\u0301pend presque exclusivement de l\u2019e\u0301levage et, dans une certaine mesure, de l\u2019agriculture de subsistance pour leur survie et leurs moyens d\u2019existence. Dans la majeure partie du pays, c\u2019est le seul syste\u0300me de production adapte\u0301 aux conditions climatiques et agro-e\u0301cologiques difficiles qui pre\u0301valent.<\/p>\n<p>Une e\u0301tude e\u0301valuant la fertilite\u0301 des sols et la disponibilite\u0301 de l\u2019eau en Re\u0301publique de Djibouti, avait identifie\u0301 les sols de la re\u0301gion de Dikhil comme tre\u0300s adapte\u0301s a\u0300 l\u2019agriculture irrigue\u0301e et pluviale\u2013 principalement associe\u0301e aux oueds\u2013 capables de re\u0301pondre a\u0300 une grande partie des besoins du pays en produits agricoles.<\/p>\n<p>Les terres cultivables sont concentre\u0301es en particulier dans la plaine de Hanle\u0301, en plus de zones plus petites, dans les lits et berges des oueds qui offrent des possibilite\u0301s de jardinage a\u0300 petite e\u0301chelle pour les communaute\u0301s rurales. Dans la re\u0301gion de Dikhil, la superficie totale des terres cultive\u0301es est d\u2019environ 410 ha avec un total de 525 agriculteurs (environ 0,7 ha\/agriculteur) en 2007.<\/p>\n<p><b>Les bassins versants des trois localite\u0301s rurales de Dikhil<\/b><\/p>\n<p>La re\u0301gion de Dikhil dispose de 4 principaux bassins versants, Chekheytti, Gobaad, Hanle\u0301 et Gagade\u0301, correspondant aux de\u0301pressions ou plaines.<\/p>\n<p>Actuellement, les bassins versants sont de plus en plus touche\u0301s par la de\u0301gradation des terres et les se\u0301cheresses re\u0301currentes. La de\u0301gradation des terres est un phe\u0301nome\u0300ne grave, qui menace directement la se\u0301curite\u0301 alimentaire et hydrique, car elle affecte la productivite\u0301 agricole et la capacite\u0301 de re\u0301tention d\u2019eau des bassins versants. Cette de\u0301gradation est lie\u0301e au surpa\u0302turage qui acce\u0301le\u0300re l\u2019e\u0301rosion du sol et exacerbe\u0301e par le changement climatique, perpe\u0301tuant a\u0300 son tour une vulne\u0301rabilite\u0301 accrue aux risques lie\u0301s au climat.<\/p>\n<p><b>Opportunite\u0301s touristiques de la re\u0301gion de Dikhil<\/b><\/p>\n<p>La re\u0301gion de Dikhil regorge de nombreux sites arche\u0301ologiques de tre\u0300s grandes valeurs et riches d\u2019enseignement. Enfouies dans des se\u0301diments ou grave\u0301es sur des roches, les de\u0301couvertes re\u0301alise\u0301es ne cessent d\u2019apporter des te\u0301moignages passionnants.<\/p>\n<p><strong>Pour plus d&rsquo;informations et d&rsquo;analyses sur la <a href=\"https:\/\/www.africa-press.net\/djibouti\">Djibouti<\/a>, suivez <a href=\"https:\/\/www.africa-press.net\/\">Africa-Press<\/a><\/strong><\/p>\n","protected":false},"excerpt":{"rendered":"<p>Africa-Press &#8211; Djibouti. La re\u0301gion de Dikhil e\u0301tait la plus peuple\u0301e des 5 re\u0301gions de l\u2019inte\u0301rieur de Djibouti, en 2009, selon le dernier recensement national (De\u0301cret N\u00b0 2010-0038\/PR\/MEFPCP, sur les re\u0301sultats du 2e\u0300me Recensement Ge\u0301ne\u0301ral de la Population et de l\u2019Habitat de 2009). Elle comptait 88948 habitants, soit 11% de la population totale du pays, [&hellip;]<\/p>\n","protected":false},"author":82,"featured_media":17122,"comment_status":"open","ping_status":"closed","sticky":false,"template":"","format":"standard","meta":{"footnotes":""},"categories":[5,20,10],"tags":[36,49,50],"class_list":["post-17123","post","type-post","status-publish","format-standard","has-post-thumbnail","hentry","category-culture-et-art","category-top-nouvelles","category-toutes-les-actualites","tag-africa-press","tag-africa-press-djibouti","tag-djibouti"],"yoast_head":"<!-- This site is optimized with the Yoast SEO Premium plugin v26.1 (Yoast SEO v27.0) - https:\/\/yoast.com\/product\/yoast-seo-premium-wordpress\/ -->\n<title>Zoom sur la r\u00e9gion de Dikhil - Djibouti<\/title>\n<meta name=\"robots\" content=\"index, follow, max-snippet:-1, max-image-preview:large, max-video-preview:-1\" \/>\n<link rel=\"canonical\" href=\"https:\/\/www.africa-press.net\/djibouti\/politique\/zoom-sur-la-region-de-dikhil\" \/>\n<meta property=\"og:locale\" content=\"fr_FR\" \/>\n<meta property=\"og:type\" content=\"article\" \/>\n<meta property=\"og:title\" content=\"Zoom sur la r\u00e9gion de Dikhil\" \/>\n<meta property=\"og:description\" content=\"Africa-Press &#8211; Djibouti. La re\u0301gion de Dikhil e\u0301tait la plus peuple\u0301e des 5 re\u0301gions de l\u2019inte\u0301rieur de Djibouti, en 2009, selon le dernier recensement national (De\u0301cret N\u00b0 2010-0038\/PR\/MEFPCP, sur les re\u0301sultats du 2e\u0300me Recensement Ge\u0301ne\u0301ral de la Population et de l\u2019Habitat de 2009). Elle comptait 88948 habitants, soit 11% de la population totale du pays, [&hellip;]\" \/>\n<meta property=\"og:url\" content=\"https:\/\/www.africa-press.net\/djibouti\/politique\/zoom-sur-la-region-de-dikhil\" \/>\n<meta property=\"og:site_name\" content=\"Djibouti\" \/>\n<meta property=\"article:published_time\" content=\"2023-08-28T13:25:00+00:00\" \/>\n<meta name=\"author\" content=\"cfeditorfr\" \/>\n<meta name=\"twitter:card\" content=\"summary_large_image\" \/>\n<meta name=\"twitter:label1\" content=\"\u00c9crit par\" \/>\n\t<meta name=\"twitter:data1\" content=\"cfeditorfr\" \/>\n\t<meta name=\"twitter:label2\" content=\"Dur\u00e9e de lecture estim\u00e9e\" \/>\n\t<meta name=\"twitter:data2\" content=\"6 minutes\" \/>\n<script type=\"application\/ld+json\" class=\"yoast-schema-graph\">{\"@context\":\"https:\/\/schema.org\",\"@graph\":[{\"@type\":\"Article\",\"@id\":\"https:\/\/www.africa-press.net\/djibouti\/politique\/zoom-sur-la-region-de-dikhil#article\",\"isPartOf\":{\"@id\":\"https:\/\/www.africa-press.net\/djibouti\/politique\/zoom-sur-la-region-de-dikhil\"},\"author\":{\"name\":\"cfeditorfr\",\"@id\":\"https:\/\/www.africa-press.net\/djibouti\/#\/schema\/person\/2b1cf3cd81a31e3cd26889ca66d677f1\"},\"headline\":\"Zoom sur la r\u00e9gion de Dikhil\",\"datePublished\":\"2023-08-28T13:25:00+00:00\",\"mainEntityOfPage\":{\"@id\":\"https:\/\/www.africa-press.net\/djibouti\/politique\/zoom-sur-la-region-de-dikhil\"},\"wordCount\":1222,\"commentCount\":0,\"image\":{\"@id\":\"https:\/\/www.africa-press.net\/djibouti\/politique\/zoom-sur-la-region-de-dikhil#primaryimage\"},\"thumbnailUrl\":\"https:\/\/static.africa-press.net\/djibouti\/sites\/52\/2023\/08\/MiladFR1693216520.550974.jpg\",\"keywords\":[\"Africa Press\",\"Africa Press-Djibouti\",\"Djibouti\"],\"articleSection\":[\"Culture et Art\",\"Top Nouvelles\",\"Toutes les actualit\u00e9s\"],\"inLanguage\":\"fr-FR\",\"potentialAction\":[{\"@type\":\"CommentAction\",\"name\":\"Comment\",\"target\":[\"https:\/\/www.africa-press.net\/djibouti\/politique\/zoom-sur-la-region-de-dikhil#respond\"]}]},{\"@type\":\"WebPage\",\"@id\":\"https:\/\/www.africa-press.net\/djibouti\/politique\/zoom-sur-la-region-de-dikhil\",\"url\":\"https:\/\/www.africa-press.net\/djibouti\/politique\/zoom-sur-la-region-de-dikhil\",\"name\":\"Zoom sur la r\u00e9gion de Dikhil - Djibouti\",\"isPartOf\":{\"@id\":\"https:\/\/www.africa-press.net\/djibouti\/#website\"},\"primaryImageOfPage\":{\"@id\":\"https:\/\/www.africa-press.net\/djibouti\/politique\/zoom-sur-la-region-de-dikhil#primaryimage\"},\"image\":{\"@id\":\"https:\/\/www.africa-press.net\/djibouti\/politique\/zoom-sur-la-region-de-dikhil#primaryimage\"},\"thumbnailUrl\":\"https:\/\/static.africa-press.net\/djibouti\/sites\/52\/2023\/08\/MiladFR1693216520.550974.jpg\",\"datePublished\":\"2023-08-28T13:25:00+00:00\",\"author\":{\"@id\":\"https:\/\/www.africa-press.net\/djibouti\/#\/schema\/person\/2b1cf3cd81a31e3cd26889ca66d677f1\"},\"breadcrumb\":{\"@id\":\"https:\/\/www.africa-press.net\/djibouti\/politique\/zoom-sur-la-region-de-dikhil#breadcrumb\"},\"inLanguage\":\"fr-FR\",\"potentialAction\":[{\"@type\":\"ReadAction\",\"target\":[\"https:\/\/www.africa-press.net\/djibouti\/politique\/zoom-sur-la-region-de-dikhil\"]}]},{\"@type\":\"ImageObject\",\"inLanguage\":\"fr-FR\",\"@id\":\"https:\/\/www.africa-press.net\/djibouti\/politique\/zoom-sur-la-region-de-dikhil#primaryimage\",\"url\":\"https:\/\/static.africa-press.net\/djibouti\/sites\/52\/2023\/08\/MiladFR1693216520.550974.jpg\",\"contentUrl\":\"https:\/\/static.africa-press.net\/djibouti\/sites\/52\/2023\/08\/MiladFR1693216520.550974.jpg\",\"width\":696,\"height\":538,\"caption\":\"Zoom sur la r\u00e9gion de Dikhil\"},{\"@type\":\"BreadcrumbList\",\"@id\":\"https:\/\/www.africa-press.net\/djibouti\/politique\/zoom-sur-la-region-de-dikhil#breadcrumb\",\"itemListElement\":[{\"@type\":\"ListItem\",\"position\":1,\"name\":\"Accueil\",\"item\":\"https:\/\/www.africa-press.net\/djibouti\/\"},{\"@type\":\"ListItem\",\"position\":2,\"name\":\"Zoom sur la r\u00e9gion de Dikhil\"}]},{\"@type\":\"WebSite\",\"@id\":\"https:\/\/www.africa-press.net\/djibouti\/#website\",\"url\":\"https:\/\/www.africa-press.net\/djibouti\/\",\"name\":\"Djibouti\",\"description\":\"Just another Africa News Agency Sites site\",\"potentialAction\":[{\"@type\":\"SearchAction\",\"target\":{\"@type\":\"EntryPoint\",\"urlTemplate\":\"https:\/\/www.africa-press.net\/djibouti\/?s={search_term_string}\"},\"query-input\":{\"@type\":\"PropertyValueSpecification\",\"valueRequired\":true,\"valueName\":\"search_term_string\"}}],\"inLanguage\":\"fr-FR\"},{\"@type\":\"Person\",\"@id\":\"https:\/\/www.africa-press.net\/djibouti\/#\/schema\/person\/2b1cf3cd81a31e3cd26889ca66d677f1\",\"name\":\"cfeditorfr\"}]}<\/script>\n<!-- \/ Yoast SEO Premium plugin. -->","yoast_head_json":{"title":"Zoom sur la r\u00e9gion de Dikhil - Djibouti","robots":{"index":"index","follow":"follow","max-snippet":"max-snippet:-1","max-image-preview":"max-image-preview:large","max-video-preview":"max-video-preview:-1"},"canonical":"https:\/\/www.africa-press.net\/djibouti\/politique\/zoom-sur-la-region-de-dikhil","og_locale":"fr_FR","og_type":"article","og_title":"Zoom sur la r\u00e9gion de Dikhil","og_description":"Africa-Press &#8211; Djibouti. La re\u0301gion de Dikhil e\u0301tait la plus peuple\u0301e des 5 re\u0301gions de l\u2019inte\u0301rieur de Djibouti, en 2009, selon le dernier recensement national (De\u0301cret N\u00b0 2010-0038\/PR\/MEFPCP, sur les re\u0301sultats du 2e\u0300me Recensement Ge\u0301ne\u0301ral de la Population et de l\u2019Habitat de 2009). Elle comptait 88948 habitants, soit 11% de la population totale du pays, [&hellip;]","og_url":"https:\/\/www.africa-press.net\/djibouti\/politique\/zoom-sur-la-region-de-dikhil","og_site_name":"Djibouti","article_published_time":"2023-08-28T13:25:00+00:00","author":"cfeditorfr","twitter_card":"summary_large_image","twitter_misc":{"\u00c9crit par":"cfeditorfr","Dur\u00e9e de lecture estim\u00e9e":"6 minutes"},"schema":{"@context":"https:\/\/schema.org","@graph":[{"@type":"Article","@id":"https:\/\/www.africa-press.net\/djibouti\/politique\/zoom-sur-la-region-de-dikhil#article","isPartOf":{"@id":"https:\/\/www.africa-press.net\/djibouti\/politique\/zoom-sur-la-region-de-dikhil"},"author":{"name":"cfeditorfr","@id":"https:\/\/www.africa-press.net\/djibouti\/#\/schema\/person\/2b1cf3cd81a31e3cd26889ca66d677f1"},"headline":"Zoom sur la r\u00e9gion de Dikhil","datePublished":"2023-08-28T13:25:00+00:00","mainEntityOfPage":{"@id":"https:\/\/www.africa-press.net\/djibouti\/politique\/zoom-sur-la-region-de-dikhil"},"wordCount":1222,"commentCount":0,"image":{"@id":"https:\/\/www.africa-press.net\/djibouti\/politique\/zoom-sur-la-region-de-dikhil#primaryimage"},"thumbnailUrl":"https:\/\/static.africa-press.net\/djibouti\/sites\/52\/2023\/08\/MiladFR1693216520.550974.jpg","keywords":["Africa Press","Africa Press-Djibouti","Djibouti"],"articleSection":["Culture et Art","Top Nouvelles","Toutes les actualit\u00e9s"],"inLanguage":"fr-FR","potentialAction":[{"@type":"CommentAction","name":"Comment","target":["https:\/\/www.africa-press.net\/djibouti\/politique\/zoom-sur-la-region-de-dikhil#respond"]}]},{"@type":"WebPage","@id":"https:\/\/www.africa-press.net\/djibouti\/politique\/zoom-sur-la-region-de-dikhil","url":"https:\/\/www.africa-press.net\/djibouti\/politique\/zoom-sur-la-region-de-dikhil","name":"Zoom sur la r\u00e9gion de Dikhil - Djibouti","isPartOf":{"@id":"https:\/\/www.africa-press.net\/djibouti\/#website"},"primaryImageOfPage":{"@id":"https:\/\/www.africa-press.net\/djibouti\/politique\/zoom-sur-la-region-de-dikhil#primaryimage"},"image":{"@id":"https:\/\/www.africa-press.net\/djibouti\/politique\/zoom-sur-la-region-de-dikhil#primaryimage"},"thumbnailUrl":"https:\/\/static.africa-press.net\/djibouti\/sites\/52\/2023\/08\/MiladFR1693216520.550974.jpg","datePublished":"2023-08-28T13:25:00+00:00","author":{"@id":"https:\/\/www.africa-press.net\/djibouti\/#\/schema\/person\/2b1cf3cd81a31e3cd26889ca66d677f1"},"breadcrumb":{"@id":"https:\/\/www.africa-press.net\/djibouti\/politique\/zoom-sur-la-region-de-dikhil#breadcrumb"},"inLanguage":"fr-FR","potentialAction":[{"@type":"ReadAction","target":["https:\/\/www.africa-press.net\/djibouti\/politique\/zoom-sur-la-region-de-dikhil"]}]},{"@type":"ImageObject","inLanguage":"fr-FR","@id":"https:\/\/www.africa-press.net\/djibouti\/politique\/zoom-sur-la-region-de-dikhil#primaryimage","url":"https:\/\/static.africa-press.net\/djibouti\/sites\/52\/2023\/08\/MiladFR1693216520.550974.jpg","contentUrl":"https:\/\/static.africa-press.net\/djibouti\/sites\/52\/2023\/08\/MiladFR1693216520.550974.jpg","width":696,"height":538,"caption":"Zoom sur la r\u00e9gion de Dikhil"},{"@type":"BreadcrumbList","@id":"https:\/\/www.africa-press.net\/djibouti\/politique\/zoom-sur-la-region-de-dikhil#breadcrumb","itemListElement":[{"@type":"ListItem","position":1,"name":"Accueil","item":"https:\/\/www.africa-press.net\/djibouti\/"},{"@type":"ListItem","position":2,"name":"Zoom sur la r\u00e9gion de Dikhil"}]},{"@type":"WebSite","@id":"https:\/\/www.africa-press.net\/djibouti\/#website","url":"https:\/\/www.africa-press.net\/djibouti\/","name":"Djibouti","description":"Just another Africa News Agency Sites site","potentialAction":[{"@type":"SearchAction","target":{"@type":"EntryPoint","urlTemplate":"https:\/\/www.africa-press.net\/djibouti\/?s={search_term_string}"},"query-input":{"@type":"PropertyValueSpecification","valueRequired":true,"valueName":"search_term_string"}}],"inLanguage":"fr-FR"},{"@type":"Person","@id":"https:\/\/www.africa-press.net\/djibouti\/#\/schema\/person\/2b1cf3cd81a31e3cd26889ca66d677f1","name":"cfeditorfr"}]}},"_links":{"self":[{"href":"https:\/\/www.africa-press.net\/djibouti\/wp-json\/wp\/v2\/posts\/17123","targetHints":{"allow":["GET"]}}],"collection":[{"href":"https:\/\/www.africa-press.net\/djibouti\/wp-json\/wp\/v2\/posts"}],"about":[{"href":"https:\/\/www.africa-press.net\/djibouti\/wp-json\/wp\/v2\/types\/post"}],"author":[{"embeddable":true,"href":"https:\/\/www.africa-press.net\/djibouti\/wp-json\/wp\/v2\/users\/82"}],"replies":[{"embeddable":true,"href":"https:\/\/www.africa-press.net\/djibouti\/wp-json\/wp\/v2\/comments?post=17123"}],"version-history":[{"count":0,"href":"https:\/\/www.africa-press.net\/djibouti\/wp-json\/wp\/v2\/posts\/17123\/revisions"}],"wp:featuredmedia":[{"embeddable":true,"href":"https:\/\/www.africa-press.net\/djibouti\/wp-json\/wp\/v2\/media\/17122"}],"wp:attachment":[{"href":"https:\/\/www.africa-press.net\/djibouti\/wp-json\/wp\/v2\/media?parent=17123"}],"wp:term":[{"taxonomy":"category","embeddable":true,"href":"https:\/\/www.africa-press.net\/djibouti\/wp-json\/wp\/v2\/categories?post=17123"},{"taxonomy":"post_tag","embeddable":true,"href":"https:\/\/www.africa-press.net\/djibouti\/wp-json\/wp\/v2\/tags?post=17123"}],"curies":[{"name":"wp","href":"https:\/\/api.w.org\/{rel}","templated":true}]}}