{"id":17129,"date":"2023-08-29T18:20:00","date_gmt":"2023-08-29T18:20:00","guid":{"rendered":"https:\/\/www.africa-press.net\/djibouti\/politique\/billet-retour-de-vacances-retour-a-la-routine"},"modified":"2023-08-29T18:20:00","modified_gmt":"2023-08-29T18:20:00","slug":"billet-retour-de-vacances-retour-a-la-routine","status":"publish","type":"post","link":"https:\/\/www.africa-press.net\/djibouti\/culture-et-art\/billet-retour-de-vacances-retour-a-la-routine","title":{"rendered":"Billet : Retour de vacances, retour \u00e0 la routine"},"content":{"rendered":"<p><span style=\"color: #ff6600\"><strong>Africa-Press &#8211; Djibouti. <\/strong><\/span>Les vacances, nos c\u0153urs y pensent encore avant qu\u2019un nuage de nostalgie vienne ternir le soleil et vous absout de cet attachement. Le retour des vacances est le passage structure\u0301 des instances de plaisir de notre vie quotidienne, la continuite\u0301 d\u2019un souvenir temporel entre le passe\u0301 et le pre\u0301sent de la vie familiale. Cependant, comment les vacanciers Djiboutiens ont- ils ve\u0301cu la fin de leurs vacances pour un retour au quotidien ? Comment vivent-ils cette pe\u0301riode de transition ?<\/p>\n<p>A Djibouti, nombreux sont ceux qui planifient de\u0301ja\u0300 leurs prochaines vacances d\u2019e\u0301te\u0301 pour ne pas de\u0301primer, et ceux qui se re\u0301adaptent de\u0301ja\u0300 d\u2019un bon \u0153il les contrarie\u0301te\u0301s du travail. Certes, les vacances sont bel et bien finies et leur \u00ab dolce Vita \u00bb n\u2019est plus qu\u2019un lointain souvenir. Toutefois, la Somalie et l\u2019Ethiopie demeurent encore les destinations les plus prise\u0301es des touristes Djiboutiens.<\/p>\n<p>Pour M. Ali F. pe\u0300re de famille de cinq enfants : \u00ab Nous e\u0301tions en vacances a\u0300 Addis-Abeba, la plus belle et la plus grande ville de l\u2019Ethiopie avec ses dix districts qui fascine par sa singularite\u0301 ancienne et mythique. Crois-moi, nous avons pris de beaux souvenirs, c\u2032e\u0301tait bien \u00bb nous confie\u2013t-il nostalgique, alors que sa femme, secre\u0301taire de profession pense a\u0300 la reprise du travail : \u00ab Apre\u0300s de si belles vacances, il faut privile\u0301gier le retour au travail, savoir surmonter l\u2019angoisse de la reprise de travail, vu que travailler assure notre inde\u0301pendance financie\u0300re et morale en boostant nos capacite\u0301s et notre confiance en nous \u00bb.<\/p>\n<p>Quant a\u0300 son fils Mohamed (13 ans) : \u00ab Zut, les vacances c\u2019est fini ! Ce n\u2019est pas juste. Adieu les grasses matine\u0301es en Ethiopie, la te\u0301le\u0301 jusqu\u2019a\u0300 minuit, les de\u0301calages horaires et les plages de sable fin. Place a\u0300 la hantise des devoirs a\u0300 la maison, des interros surprises du prof qui vous examine et vous inspecte de trop \u00bb.<\/p>\n<p>Dans ce petit coin paradisiaque du nord de l\u2019Ethiopie appele\u0301 Harar, ont se\u0301journe\u0301 la grande famille de M. Hassan Merito, fonctionnaire aux impo\u0302ts. Chaque an, Ils rendent visite et passent du bon temps chez ses parents a\u0300 Harar et nous dit : \u00ab Mes parents retraite\u0301s de la fonction publique vivent a\u0300 Harar depuis 5 ans pour sa fiscalite\u0301 un peu plus le\u0301ge\u0300re et le loyer plus bas, depuis qu\u2019ils sont la\u0300-bas, ils n\u2019ont jamais e\u0301te\u0301 aussi sereines et vivent en pleine re\u0302ve. La ville de Harar e\u0301tait au Moyen Age l\u2019une des villes les plus importantes pour la religion islamique. Son histoire est marque\u0301e par le fait d\u2019avoir e\u0301te\u0301 un point cle\u0301 dans les routes commerciales. Dans son enceinte fortifie\u0301e se trouvent plus de 100 mosque\u0301es. Son atmosphe\u0300re calme et libe\u0301rale fait la diffe\u0301rence. Moi et ma famille, nous partons chaque e\u0301te\u0301. Elle est l\u2019une des attractions touristiques les plus caracte\u0301ristiques de l\u2019Ethiopie \u00bb.<\/p>\n<p>Or, Mme Mariam A et ses deux fils avaient pris le chemin de l\u2019Egypte, et ce fut des moments rares et impressionnants que cette veuve de 43 ans a pu offrir a\u0300 sa petite famille, et nous dit : \u00abNous sommes reste\u0301s que trois semaines et que pour 1500 euros mais ce qui nous avait surtout plu durant notre se\u0301jour en Egypte, c\u2019est le soleil et le moindre cou\u0302t de la vie, la balade sur le dos de chameau est l\u2019expe\u0301rience qui restera probablement grave\u0301e dans la me\u0301moire de mes enfants \u00bb.<\/p>\n<p>En ce qui concerne les de\u0301placements dans les re\u0301gions les plus exquises du pays, Arta, Ali Sabieh, Tadjourah , Ils e\u0301taient nombreux a\u0300 se rendre vers ces destinations assez proches de leur domicile, d\u2019une distance de 100 a\u0300 300 km pour re\u0301duire leur de\u0301pense, faire face a\u0300 l\u2019inflation de vacances et se faire plaisir quant au lieu d\u2019he\u0301bergement.<\/p>\n<p>Rares sont les vacanciers, avec leur Smartphone adapte\u0301, n\u2019ont pas re\u0301alise\u0301 de photographies de vacances. Souvent sur la photo, c\u2019est la famille re\u0301unie autour des enfants qui occupe le devant de l\u2032image, un moment d\u2019immortalisation qui renforce l\u2032unite\u0301 de la famille et offre une image nostalgique d\u2019un passe\u0301 vacancier inse\u0301re\u0301 dans le pre\u0301sent de la vie ordinaire.<\/p>\n<p>Quant aux souvenirs d\u2019achats, plus d\u2019un djiboutien sur deux rame\u0300ne toujours a\u0300 la maison des souvenirs de vacances. Rares sont ceux qui repartent les mains vides.<\/p>\n<p>Une bonne fac\u0327on de prolonger de fac\u0327on symbolique la pe\u0301riode des conge\u0301s.<\/p>\n<p>De retour a\u0300 Djibouti, chaque famille retrouve son petit nid douillet, et flotte sur leur visage un doux parfum de joie. Demain une autre aventure les attend, l\u2019achat de fournitures scolaires.<\/p>\n<p><b>Saleh Ibrahim Rayaleh<\/b><\/p>\n<p><strong>Pour plus d&rsquo;informations et d&rsquo;analyses sur la <a href=\"https:\/\/www.africa-press.net\/djibouti\">Djibouti<\/a>, suivez <a href=\"https:\/\/www.africa-press.net\/\">Africa-Press<\/a><\/strong><\/p>\n","protected":false},"excerpt":{"rendered":"<p>Africa-Press &#8211; Djibouti. Les vacances, nos c\u0153urs y pensent encore avant qu\u2019un nuage de nostalgie vienne ternir le soleil et vous absout de cet attachement. Le retour des vacances est le passage structure\u0301 des instances de plaisir de notre vie quotidienne, la continuite\u0301 d\u2019un souvenir temporel entre le passe\u0301 et le pre\u0301sent de la vie [&hellip;]<\/p>\n","protected":false},"author":82,"featured_media":17128,"comment_status":"open","ping_status":"closed","sticky":false,"template":"","format":"standard","meta":{"footnotes":""},"categories":[5,10],"tags":[36,49,50],"class_list":["post-17129","post","type-post","status-publish","format-standard","has-post-thumbnail","hentry","category-culture-et-art","category-toutes-les-actualites","tag-africa-press","tag-africa-press-djibouti","tag-djibouti"],"yoast_head":"<!-- This site is optimized with the Yoast SEO Premium plugin v26.1 (Yoast SEO v27.0) - https:\/\/yoast.com\/product\/yoast-seo-premium-wordpress\/ -->\n<title>Billet : Retour de vacances, retour \u00e0 la routine - Djibouti<\/title>\n<meta name=\"robots\" content=\"index, follow, max-snippet:-1, max-image-preview:large, max-video-preview:-1\" \/>\n<link rel=\"canonical\" href=\"https:\/\/www.africa-press.net\/djibouti\/politique\/billet-retour-de-vacances-retour-a-la-routine\" \/>\n<meta property=\"og:locale\" content=\"fr_FR\" \/>\n<meta property=\"og:type\" content=\"article\" \/>\n<meta property=\"og:title\" content=\"Billet : Retour de vacances, retour \u00e0 la routine\" \/>\n<meta property=\"og:description\" content=\"Africa-Press &#8211; Djibouti. Les vacances, nos c\u0153urs y pensent encore avant qu\u2019un nuage de nostalgie vienne ternir le soleil et vous absout de cet attachement. Le retour des vacances est le passage structure\u0301 des instances de plaisir de notre vie quotidienne, la continuite\u0301 d\u2019un souvenir temporel entre le passe\u0301 et le pre\u0301sent de la vie [&hellip;]\" \/>\n<meta property=\"og:url\" content=\"https:\/\/www.africa-press.net\/djibouti\/politique\/billet-retour-de-vacances-retour-a-la-routine\" \/>\n<meta property=\"og:site_name\" content=\"Djibouti\" \/>\n<meta property=\"article:published_time\" content=\"2023-08-29T18:20:00+00:00\" \/>\n<meta name=\"author\" content=\"cfeditorfr\" \/>\n<meta name=\"twitter:card\" content=\"summary_large_image\" \/>\n<meta name=\"twitter:label1\" content=\"\u00c9crit par\" \/>\n\t<meta name=\"twitter:data1\" content=\"cfeditorfr\" \/>\n\t<meta name=\"twitter:label2\" content=\"Dur\u00e9e de lecture estim\u00e9e\" \/>\n\t<meta name=\"twitter:data2\" content=\"4 minutes\" \/>\n<script type=\"application\/ld+json\" class=\"yoast-schema-graph\">{\"@context\":\"https:\/\/schema.org\",\"@graph\":[{\"@type\":\"Article\",\"@id\":\"https:\/\/www.africa-press.net\/djibouti\/politique\/billet-retour-de-vacances-retour-a-la-routine#article\",\"isPartOf\":{\"@id\":\"https:\/\/www.africa-press.net\/djibouti\/politique\/billet-retour-de-vacances-retour-a-la-routine\"},\"author\":{\"name\":\"cfeditorfr\",\"@id\":\"https:\/\/www.africa-press.net\/djibouti\/#\/schema\/person\/2b1cf3cd81a31e3cd26889ca66d677f1\"},\"headline\":\"Billet : Retour de vacances, retour \u00e0 la routine\",\"datePublished\":\"2023-08-29T18:20:00+00:00\",\"mainEntityOfPage\":{\"@id\":\"https:\/\/www.africa-press.net\/djibouti\/politique\/billet-retour-de-vacances-retour-a-la-routine\"},\"wordCount\":838,\"commentCount\":0,\"image\":{\"@id\":\"https:\/\/www.africa-press.net\/djibouti\/politique\/billet-retour-de-vacances-retour-a-la-routine#primaryimage\"},\"thumbnailUrl\":\"https:\/\/static.africa-press.net\/djibouti\/sites\/52\/2023\/08\/MiladFR1693320646.398118.jpg\",\"keywords\":[\"Africa Press\",\"Africa Press-Djibouti\",\"Djibouti\"],\"articleSection\":[\"Culture et Art\",\"Toutes les actualit\u00e9s\"],\"inLanguage\":\"fr-FR\",\"potentialAction\":[{\"@type\":\"CommentAction\",\"name\":\"Comment\",\"target\":[\"https:\/\/www.africa-press.net\/djibouti\/politique\/billet-retour-de-vacances-retour-a-la-routine#respond\"]}]},{\"@type\":\"WebPage\",\"@id\":\"https:\/\/www.africa-press.net\/djibouti\/politique\/billet-retour-de-vacances-retour-a-la-routine\",\"url\":\"https:\/\/www.africa-press.net\/djibouti\/politique\/billet-retour-de-vacances-retour-a-la-routine\",\"name\":\"Billet : Retour de vacances, retour \u00e0 la routine - Djibouti\",\"isPartOf\":{\"@id\":\"https:\/\/www.africa-press.net\/djibouti\/#website\"},\"primaryImageOfPage\":{\"@id\":\"https:\/\/www.africa-press.net\/djibouti\/politique\/billet-retour-de-vacances-retour-a-la-routine#primaryimage\"},\"image\":{\"@id\":\"https:\/\/www.africa-press.net\/djibouti\/politique\/billet-retour-de-vacances-retour-a-la-routine#primaryimage\"},\"thumbnailUrl\":\"https:\/\/static.africa-press.net\/djibouti\/sites\/52\/2023\/08\/MiladFR1693320646.398118.jpg\",\"datePublished\":\"2023-08-29T18:20:00+00:00\",\"author\":{\"@id\":\"https:\/\/www.africa-press.net\/djibouti\/#\/schema\/person\/2b1cf3cd81a31e3cd26889ca66d677f1\"},\"breadcrumb\":{\"@id\":\"https:\/\/www.africa-press.net\/djibouti\/politique\/billet-retour-de-vacances-retour-a-la-routine#breadcrumb\"},\"inLanguage\":\"fr-FR\",\"potentialAction\":[{\"@type\":\"ReadAction\",\"target\":[\"https:\/\/www.africa-press.net\/djibouti\/politique\/billet-retour-de-vacances-retour-a-la-routine\"]}]},{\"@type\":\"ImageObject\",\"inLanguage\":\"fr-FR\",\"@id\":\"https:\/\/www.africa-press.net\/djibouti\/politique\/billet-retour-de-vacances-retour-a-la-routine#primaryimage\",\"url\":\"https:\/\/static.africa-press.net\/djibouti\/sites\/52\/2023\/08\/MiladFR1693320646.398118.jpg\",\"contentUrl\":\"https:\/\/static.africa-press.net\/djibouti\/sites\/52\/2023\/08\/MiladFR1693320646.398118.jpg\",\"width\":696,\"height\":392,\"caption\":\"Billet : Retour de vacances, retour \u00e0 la routine\"},{\"@type\":\"BreadcrumbList\",\"@id\":\"https:\/\/www.africa-press.net\/djibouti\/politique\/billet-retour-de-vacances-retour-a-la-routine#breadcrumb\",\"itemListElement\":[{\"@type\":\"ListItem\",\"position\":1,\"name\":\"Accueil\",\"item\":\"https:\/\/www.africa-press.net\/djibouti\/\"},{\"@type\":\"ListItem\",\"position\":2,\"name\":\"Billet : Retour de vacances, retour \u00e0 la routine\"}]},{\"@type\":\"WebSite\",\"@id\":\"https:\/\/www.africa-press.net\/djibouti\/#website\",\"url\":\"https:\/\/www.africa-press.net\/djibouti\/\",\"name\":\"Djibouti\",\"description\":\"Just another Africa News Agency Sites site\",\"potentialAction\":[{\"@type\":\"SearchAction\",\"target\":{\"@type\":\"EntryPoint\",\"urlTemplate\":\"https:\/\/www.africa-press.net\/djibouti\/?s={search_term_string}\"},\"query-input\":{\"@type\":\"PropertyValueSpecification\",\"valueRequired\":true,\"valueName\":\"search_term_string\"}}],\"inLanguage\":\"fr-FR\"},{\"@type\":\"Person\",\"@id\":\"https:\/\/www.africa-press.net\/djibouti\/#\/schema\/person\/2b1cf3cd81a31e3cd26889ca66d677f1\",\"name\":\"cfeditorfr\"}]}<\/script>\n<!-- \/ Yoast SEO Premium plugin. -->","yoast_head_json":{"title":"Billet : Retour de vacances, retour \u00e0 la routine - Djibouti","robots":{"index":"index","follow":"follow","max-snippet":"max-snippet:-1","max-image-preview":"max-image-preview:large","max-video-preview":"max-video-preview:-1"},"canonical":"https:\/\/www.africa-press.net\/djibouti\/politique\/billet-retour-de-vacances-retour-a-la-routine","og_locale":"fr_FR","og_type":"article","og_title":"Billet : Retour de vacances, retour \u00e0 la routine","og_description":"Africa-Press &#8211; Djibouti. Les vacances, nos c\u0153urs y pensent encore avant qu\u2019un nuage de nostalgie vienne ternir le soleil et vous absout de cet attachement. Le retour des vacances est le passage structure\u0301 des instances de plaisir de notre vie quotidienne, la continuite\u0301 d\u2019un souvenir temporel entre le passe\u0301 et le pre\u0301sent de la vie [&hellip;]","og_url":"https:\/\/www.africa-press.net\/djibouti\/politique\/billet-retour-de-vacances-retour-a-la-routine","og_site_name":"Djibouti","article_published_time":"2023-08-29T18:20:00+00:00","author":"cfeditorfr","twitter_card":"summary_large_image","twitter_misc":{"\u00c9crit par":"cfeditorfr","Dur\u00e9e de lecture estim\u00e9e":"4 minutes"},"schema":{"@context":"https:\/\/schema.org","@graph":[{"@type":"Article","@id":"https:\/\/www.africa-press.net\/djibouti\/politique\/billet-retour-de-vacances-retour-a-la-routine#article","isPartOf":{"@id":"https:\/\/www.africa-press.net\/djibouti\/politique\/billet-retour-de-vacances-retour-a-la-routine"},"author":{"name":"cfeditorfr","@id":"https:\/\/www.africa-press.net\/djibouti\/#\/schema\/person\/2b1cf3cd81a31e3cd26889ca66d677f1"},"headline":"Billet : Retour de vacances, retour \u00e0 la routine","datePublished":"2023-08-29T18:20:00+00:00","mainEntityOfPage":{"@id":"https:\/\/www.africa-press.net\/djibouti\/politique\/billet-retour-de-vacances-retour-a-la-routine"},"wordCount":838,"commentCount":0,"image":{"@id":"https:\/\/www.africa-press.net\/djibouti\/politique\/billet-retour-de-vacances-retour-a-la-routine#primaryimage"},"thumbnailUrl":"https:\/\/static.africa-press.net\/djibouti\/sites\/52\/2023\/08\/MiladFR1693320646.398118.jpg","keywords":["Africa Press","Africa Press-Djibouti","Djibouti"],"articleSection":["Culture et Art","Toutes les actualit\u00e9s"],"inLanguage":"fr-FR","potentialAction":[{"@type":"CommentAction","name":"Comment","target":["https:\/\/www.africa-press.net\/djibouti\/politique\/billet-retour-de-vacances-retour-a-la-routine#respond"]}]},{"@type":"WebPage","@id":"https:\/\/www.africa-press.net\/djibouti\/politique\/billet-retour-de-vacances-retour-a-la-routine","url":"https:\/\/www.africa-press.net\/djibouti\/politique\/billet-retour-de-vacances-retour-a-la-routine","name":"Billet : Retour de vacances, retour \u00e0 la routine - Djibouti","isPartOf":{"@id":"https:\/\/www.africa-press.net\/djibouti\/#website"},"primaryImageOfPage":{"@id":"https:\/\/www.africa-press.net\/djibouti\/politique\/billet-retour-de-vacances-retour-a-la-routine#primaryimage"},"image":{"@id":"https:\/\/www.africa-press.net\/djibouti\/politique\/billet-retour-de-vacances-retour-a-la-routine#primaryimage"},"thumbnailUrl":"https:\/\/static.africa-press.net\/djibouti\/sites\/52\/2023\/08\/MiladFR1693320646.398118.jpg","datePublished":"2023-08-29T18:20:00+00:00","author":{"@id":"https:\/\/www.africa-press.net\/djibouti\/#\/schema\/person\/2b1cf3cd81a31e3cd26889ca66d677f1"},"breadcrumb":{"@id":"https:\/\/www.africa-press.net\/djibouti\/politique\/billet-retour-de-vacances-retour-a-la-routine#breadcrumb"},"inLanguage":"fr-FR","potentialAction":[{"@type":"ReadAction","target":["https:\/\/www.africa-press.net\/djibouti\/politique\/billet-retour-de-vacances-retour-a-la-routine"]}]},{"@type":"ImageObject","inLanguage":"fr-FR","@id":"https:\/\/www.africa-press.net\/djibouti\/politique\/billet-retour-de-vacances-retour-a-la-routine#primaryimage","url":"https:\/\/static.africa-press.net\/djibouti\/sites\/52\/2023\/08\/MiladFR1693320646.398118.jpg","contentUrl":"https:\/\/static.africa-press.net\/djibouti\/sites\/52\/2023\/08\/MiladFR1693320646.398118.jpg","width":696,"height":392,"caption":"Billet : Retour de vacances, retour \u00e0 la routine"},{"@type":"BreadcrumbList","@id":"https:\/\/www.africa-press.net\/djibouti\/politique\/billet-retour-de-vacances-retour-a-la-routine#breadcrumb","itemListElement":[{"@type":"ListItem","position":1,"name":"Accueil","item":"https:\/\/www.africa-press.net\/djibouti\/"},{"@type":"ListItem","position":2,"name":"Billet : Retour de vacances, retour \u00e0 la routine"}]},{"@type":"WebSite","@id":"https:\/\/www.africa-press.net\/djibouti\/#website","url":"https:\/\/www.africa-press.net\/djibouti\/","name":"Djibouti","description":"Just another Africa News Agency Sites site","potentialAction":[{"@type":"SearchAction","target":{"@type":"EntryPoint","urlTemplate":"https:\/\/www.africa-press.net\/djibouti\/?s={search_term_string}"},"query-input":{"@type":"PropertyValueSpecification","valueRequired":true,"valueName":"search_term_string"}}],"inLanguage":"fr-FR"},{"@type":"Person","@id":"https:\/\/www.africa-press.net\/djibouti\/#\/schema\/person\/2b1cf3cd81a31e3cd26889ca66d677f1","name":"cfeditorfr"}]}},"_links":{"self":[{"href":"https:\/\/www.africa-press.net\/djibouti\/wp-json\/wp\/v2\/posts\/17129","targetHints":{"allow":["GET"]}}],"collection":[{"href":"https:\/\/www.africa-press.net\/djibouti\/wp-json\/wp\/v2\/posts"}],"about":[{"href":"https:\/\/www.africa-press.net\/djibouti\/wp-json\/wp\/v2\/types\/post"}],"author":[{"embeddable":true,"href":"https:\/\/www.africa-press.net\/djibouti\/wp-json\/wp\/v2\/users\/82"}],"replies":[{"embeddable":true,"href":"https:\/\/www.africa-press.net\/djibouti\/wp-json\/wp\/v2\/comments?post=17129"}],"version-history":[{"count":0,"href":"https:\/\/www.africa-press.net\/djibouti\/wp-json\/wp\/v2\/posts\/17129\/revisions"}],"wp:featuredmedia":[{"embeddable":true,"href":"https:\/\/www.africa-press.net\/djibouti\/wp-json\/wp\/v2\/media\/17128"}],"wp:attachment":[{"href":"https:\/\/www.africa-press.net\/djibouti\/wp-json\/wp\/v2\/media?parent=17129"}],"wp:term":[{"taxonomy":"category","embeddable":true,"href":"https:\/\/www.africa-press.net\/djibouti\/wp-json\/wp\/v2\/categories?post=17129"},{"taxonomy":"post_tag","embeddable":true,"href":"https:\/\/www.africa-press.net\/djibouti\/wp-json\/wp\/v2\/tags?post=17129"}],"curies":[{"name":"wp","href":"https:\/\/api.w.org\/{rel}","templated":true}]}}