{"id":17137,"date":"2023-08-30T20:15:00","date_gmt":"2023-08-30T20:15:00","guid":{"rendered":"https:\/\/www.africa-press.net\/djibouti\/politique\/le-ministre-de-lenergie-recoit-la-directrice-de-linitiative-africaine-sur-les-energies-renouvelables"},"modified":"2023-08-30T20:15:00","modified_gmt":"2023-08-30T20:15:00","slug":"le-ministre-de-lenergie-recoit-la-directrice-de-linitiative-africaine-sur-les-energies-renouvelables","status":"publish","type":"post","link":"https:\/\/www.africa-press.net\/djibouti\/economie\/le-ministre-de-lenergie-recoit-la-directrice-de-linitiative-africaine-sur-les-energies-renouvelables","title":{"rendered":"Le ministre de l\u2019Energie re\u00e7oit la Directrice de l\u2019Initiative Africaine sur les \u00c9nergies Renouvelables"},"content":{"rendered":"<p><span style=\"color: #ff6600\"><strong>Africa-Press &#8211; Djibouti. <\/strong><\/span>Le Ministre de l\u2019Energie charge\u0301 des Ressources Naturelles, Yonis Ali Guedi, a rec\u0327u, dans la matine\u0301e du lundi 28 aou\u0302t 2023, la Directrice de l\u2019Initiative Africaine sur les E\u0301nergies Renouvelables (AREI), Dr Chantal Colle,en mission de travail a\u0300 Djibouti dans le cadre de l\u2019organisation de la 5e\u0300me Re\u0301union des ministres des pays membres de cette organisation.<\/p>\n<p>L\u2019entrevue s\u2019est de\u0301roule\u0301e au Cabinet du ministre en pre\u0301sence du Secre\u0301taire Ge\u0301ne\u0301ral du Ministe\u0300re, M. Mohamed Kileh Waiss, du Directeur des E\u0301tudes, de la Planification, de la Statistique, des Techniques et des Me\u0301thodes, point focal pays de l\u2019AREI a\u0300 Djibouti, M. Ali Barreh Adaweh et de la collaboratrice de la Directrice, Mme Lala.<\/p>\n<p>Au centre des discussions entre le Ministre Yonis Ali Guedi et son ho\u0302te de marque, les voies et les moyens susceptibles de renforcer le partenariat entre les pays membres de l\u2019AREI, en vue de l\u2019acce\u0301le\u0301ration du de\u0301ploiement a\u0300 grande e\u0301chelle des e\u0301nergies renouvelables sur le continent africain. Les e\u0301changes entre les deux hauts responsables ont e\u0301te\u0301 ensuite e\u0301largies a\u0300 d\u2019autres sujets, notamment la pre\u0301paration de la re\u0301union du Conseil d\u2019Administration de l\u2019AREI, qui se tiendra a\u0300 New York, aux E\u0301tats-Unis, en septembre prochain, en marge des travaux de l\u2019Assemble\u0301e Ge\u0301ne\u0301rale des Nations-Unies.<\/p>\n<p>Pour rappel, il convient de noter que la Re\u0301publique de Djibouti accueille pour la premie\u0300re fois de telles assises de l\u2019African Renewable Energy Initiative sur son sol. Outre l\u2019atelier technique de la premie\u0300re journe\u0301e axe\u0301 sur l\u2019analyse des diverses the\u0301matiques inhe\u0301rentes au de\u0301veloppement des e\u0301nergies vertes, la seconde journe\u0301e est, quant a\u0300 elle, consacre\u0301e, a\u0300 la re\u0301union des ministres des pays membres de cette organisation destine\u0301e a\u0300 la formulation des recommandations qui seront soumis au Conseil d\u2019administration pour adoption.<\/p>\n<p><strong>Pour plus d&rsquo;informations et d&rsquo;analyses sur la <a href=\"https:\/\/www.africa-press.net\/djibouti\">Djibouti<\/a>, suivez <a href=\"https:\/\/www.africa-press.net\/\">Africa-Press<\/a><\/strong><\/p>\n","protected":false},"excerpt":{"rendered":"<p>Africa-Press &#8211; Djibouti. Le Ministre de l\u2019Energie charge\u0301 des Ressources Naturelles, Yonis Ali Guedi, a rec\u0327u, dans la matine\u0301e du lundi 28 aou\u0302t 2023, la Directrice de l\u2019Initiative Africaine sur les E\u0301nergies Renouvelables (AREI), Dr Chantal Colle,en mission de travail a\u0300 Djibouti dans le cadre de l\u2019organisation de la 5e\u0300me Re\u0301union des ministres des pays [&hellip;]<\/p>\n","protected":false},"author":82,"featured_media":17136,"comment_status":"open","ping_status":"closed","sticky":false,"template":"","format":"standard","meta":{"footnotes":""},"categories":[3,20,10],"tags":[36,49,50],"class_list":["post-17137","post","type-post","status-publish","format-standard","has-post-thumbnail","hentry","category-economie","category-top-nouvelles","category-toutes-les-actualites","tag-africa-press","tag-africa-press-djibouti","tag-djibouti"],"yoast_head":"<!-- This site is optimized with the Yoast SEO Premium plugin v26.1 (Yoast SEO v27.0) - https:\/\/yoast.com\/product\/yoast-seo-premium-wordpress\/ -->\n<title>Le ministre de l\u2019Energie re\u00e7oit la Directrice de l\u2019Initiative Africaine sur les \u00c9nergies Renouvelables - Djibouti<\/title>\n<meta name=\"robots\" content=\"index, follow, max-snippet:-1, max-image-preview:large, max-video-preview:-1\" \/>\n<link rel=\"canonical\" href=\"https:\/\/www.africa-press.net\/djibouti\/politique\/le-ministre-de-lenergie-recoit-la-directrice-de-linitiative-africaine-sur-les-energies-renouvelables\" \/>\n<meta property=\"og:locale\" content=\"fr_FR\" \/>\n<meta property=\"og:type\" content=\"article\" \/>\n<meta property=\"og:title\" content=\"Le ministre de l\u2019Energie re\u00e7oit la Directrice de l\u2019Initiative Africaine sur les \u00c9nergies Renouvelables\" \/>\n<meta property=\"og:description\" content=\"Africa-Press &#8211; Djibouti. Le Ministre de l\u2019Energie charge\u0301 des Ressources Naturelles, Yonis Ali Guedi, a rec\u0327u, dans la matine\u0301e du lundi 28 aou\u0302t 2023, la Directrice de l\u2019Initiative Africaine sur les E\u0301nergies Renouvelables (AREI), Dr Chantal Colle,en mission de travail a\u0300 Djibouti dans le cadre de l\u2019organisation de la 5e\u0300me Re\u0301union des ministres des pays [&hellip;]\" \/>\n<meta property=\"og:url\" content=\"https:\/\/www.africa-press.net\/djibouti\/politique\/le-ministre-de-lenergie-recoit-la-directrice-de-linitiative-africaine-sur-les-energies-renouvelables\" \/>\n<meta property=\"og:site_name\" content=\"Djibouti\" \/>\n<meta property=\"article:published_time\" content=\"2023-08-30T20:15:00+00:00\" \/>\n<meta name=\"author\" content=\"cfeditorfr\" \/>\n<meta name=\"twitter:card\" content=\"summary_large_image\" \/>\n<meta name=\"twitter:label1\" content=\"\u00c9crit par\" \/>\n\t<meta name=\"twitter:data1\" content=\"cfeditorfr\" \/>\n\t<meta name=\"twitter:label2\" content=\"Dur\u00e9e de lecture estim\u00e9e\" \/>\n\t<meta name=\"twitter:data2\" content=\"2 minutes\" \/>\n<script type=\"application\/ld+json\" class=\"yoast-schema-graph\">{\"@context\":\"https:\/\/schema.org\",\"@graph\":[{\"@type\":\"Article\",\"@id\":\"https:\/\/www.africa-press.net\/djibouti\/politique\/le-ministre-de-lenergie-recoit-la-directrice-de-linitiative-africaine-sur-les-energies-renouvelables#article\",\"isPartOf\":{\"@id\":\"https:\/\/www.africa-press.net\/djibouti\/politique\/le-ministre-de-lenergie-recoit-la-directrice-de-linitiative-africaine-sur-les-energies-renouvelables\"},\"author\":{\"name\":\"cfeditorfr\",\"@id\":\"https:\/\/www.africa-press.net\/djibouti\/#\/schema\/person\/2b1cf3cd81a31e3cd26889ca66d677f1\"},\"headline\":\"Le ministre de l\u2019Energie re\u00e7oit la Directrice de l\u2019Initiative Africaine sur les \u00c9nergies Renouvelables\",\"datePublished\":\"2023-08-30T20:15:00+00:00\",\"mainEntityOfPage\":{\"@id\":\"https:\/\/www.africa-press.net\/djibouti\/politique\/le-ministre-de-lenergie-recoit-la-directrice-de-linitiative-africaine-sur-les-energies-renouvelables\"},\"wordCount\":369,\"commentCount\":0,\"image\":{\"@id\":\"https:\/\/www.africa-press.net\/djibouti\/politique\/le-ministre-de-lenergie-recoit-la-directrice-de-linitiative-africaine-sur-les-energies-renouvelables#primaryimage\"},\"thumbnailUrl\":\"https:\/\/static.africa-press.net\/djibouti\/sites\/52\/2023\/08\/MiladFR1693413911.260155.jpg\",\"keywords\":[\"Africa Press\",\"Africa Press-Djibouti\",\"Djibouti\"],\"articleSection\":[\"\u00c9conomie\",\"Top Nouvelles\",\"Toutes les actualit\u00e9s\"],\"inLanguage\":\"fr-FR\",\"potentialAction\":[{\"@type\":\"CommentAction\",\"name\":\"Comment\",\"target\":[\"https:\/\/www.africa-press.net\/djibouti\/politique\/le-ministre-de-lenergie-recoit-la-directrice-de-linitiative-africaine-sur-les-energies-renouvelables#respond\"]}]},{\"@type\":\"WebPage\",\"@id\":\"https:\/\/www.africa-press.net\/djibouti\/politique\/le-ministre-de-lenergie-recoit-la-directrice-de-linitiative-africaine-sur-les-energies-renouvelables\",\"url\":\"https:\/\/www.africa-press.net\/djibouti\/politique\/le-ministre-de-lenergie-recoit-la-directrice-de-linitiative-africaine-sur-les-energies-renouvelables\",\"name\":\"Le ministre de l\u2019Energie re\u00e7oit la Directrice de l\u2019Initiative Africaine sur les \u00c9nergies Renouvelables - Djibouti\",\"isPartOf\":{\"@id\":\"https:\/\/www.africa-press.net\/djibouti\/#website\"},\"primaryImageOfPage\":{\"@id\":\"https:\/\/www.africa-press.net\/djibouti\/politique\/le-ministre-de-lenergie-recoit-la-directrice-de-linitiative-africaine-sur-les-energies-renouvelables#primaryimage\"},\"image\":{\"@id\":\"https:\/\/www.africa-press.net\/djibouti\/politique\/le-ministre-de-lenergie-recoit-la-directrice-de-linitiative-africaine-sur-les-energies-renouvelables#primaryimage\"},\"thumbnailUrl\":\"https:\/\/static.africa-press.net\/djibouti\/sites\/52\/2023\/08\/MiladFR1693413911.260155.jpg\",\"datePublished\":\"2023-08-30T20:15:00+00:00\",\"author\":{\"@id\":\"https:\/\/www.africa-press.net\/djibouti\/#\/schema\/person\/2b1cf3cd81a31e3cd26889ca66d677f1\"},\"breadcrumb\":{\"@id\":\"https:\/\/www.africa-press.net\/djibouti\/politique\/le-ministre-de-lenergie-recoit-la-directrice-de-linitiative-africaine-sur-les-energies-renouvelables#breadcrumb\"},\"inLanguage\":\"fr-FR\",\"potentialAction\":[{\"@type\":\"ReadAction\",\"target\":[\"https:\/\/www.africa-press.net\/djibouti\/politique\/le-ministre-de-lenergie-recoit-la-directrice-de-linitiative-africaine-sur-les-energies-renouvelables\"]}]},{\"@type\":\"ImageObject\",\"inLanguage\":\"fr-FR\",\"@id\":\"https:\/\/www.africa-press.net\/djibouti\/politique\/le-ministre-de-lenergie-recoit-la-directrice-de-linitiative-africaine-sur-les-energies-renouvelables#primaryimage\",\"url\":\"https:\/\/static.africa-press.net\/djibouti\/sites\/52\/2023\/08\/MiladFR1693413911.260155.jpg\",\"contentUrl\":\"https:\/\/static.africa-press.net\/djibouti\/sites\/52\/2023\/08\/MiladFR1693413911.260155.jpg\",\"width\":696,\"height\":928,\"caption\":\"Le ministre de l\u2019Energie re\u00e7oit la Directrice de l\u2019Initiative Africaine sur les \u00c9nergies Renouvelables\"},{\"@type\":\"BreadcrumbList\",\"@id\":\"https:\/\/www.africa-press.net\/djibouti\/politique\/le-ministre-de-lenergie-recoit-la-directrice-de-linitiative-africaine-sur-les-energies-renouvelables#breadcrumb\",\"itemListElement\":[{\"@type\":\"ListItem\",\"position\":1,\"name\":\"Accueil\",\"item\":\"https:\/\/www.africa-press.net\/djibouti\/\"},{\"@type\":\"ListItem\",\"position\":2,\"name\":\"Le ministre de l\u2019Energie re\u00e7oit la Directrice de l\u2019Initiative Africaine sur les \u00c9nergies Renouvelables\"}]},{\"@type\":\"WebSite\",\"@id\":\"https:\/\/www.africa-press.net\/djibouti\/#website\",\"url\":\"https:\/\/www.africa-press.net\/djibouti\/\",\"name\":\"Djibouti\",\"description\":\"Just another Africa News Agency Sites site\",\"potentialAction\":[{\"@type\":\"SearchAction\",\"target\":{\"@type\":\"EntryPoint\",\"urlTemplate\":\"https:\/\/www.africa-press.net\/djibouti\/?s={search_term_string}\"},\"query-input\":{\"@type\":\"PropertyValueSpecification\",\"valueRequired\":true,\"valueName\":\"search_term_string\"}}],\"inLanguage\":\"fr-FR\"},{\"@type\":\"Person\",\"@id\":\"https:\/\/www.africa-press.net\/djibouti\/#\/schema\/person\/2b1cf3cd81a31e3cd26889ca66d677f1\",\"name\":\"cfeditorfr\"}]}<\/script>\n<!-- \/ Yoast SEO Premium plugin. -->","yoast_head_json":{"title":"Le ministre de l\u2019Energie re\u00e7oit la Directrice de l\u2019Initiative Africaine sur les \u00c9nergies Renouvelables - Djibouti","robots":{"index":"index","follow":"follow","max-snippet":"max-snippet:-1","max-image-preview":"max-image-preview:large","max-video-preview":"max-video-preview:-1"},"canonical":"https:\/\/www.africa-press.net\/djibouti\/politique\/le-ministre-de-lenergie-recoit-la-directrice-de-linitiative-africaine-sur-les-energies-renouvelables","og_locale":"fr_FR","og_type":"article","og_title":"Le ministre de l\u2019Energie re\u00e7oit la Directrice de l\u2019Initiative Africaine sur les \u00c9nergies Renouvelables","og_description":"Africa-Press &#8211; Djibouti. Le Ministre de l\u2019Energie charge\u0301 des Ressources Naturelles, Yonis Ali Guedi, a rec\u0327u, dans la matine\u0301e du lundi 28 aou\u0302t 2023, la Directrice de l\u2019Initiative Africaine sur les E\u0301nergies Renouvelables (AREI), Dr Chantal Colle,en mission de travail a\u0300 Djibouti dans le cadre de l\u2019organisation de la 5e\u0300me Re\u0301union des ministres des pays [&hellip;]","og_url":"https:\/\/www.africa-press.net\/djibouti\/politique\/le-ministre-de-lenergie-recoit-la-directrice-de-linitiative-africaine-sur-les-energies-renouvelables","og_site_name":"Djibouti","article_published_time":"2023-08-30T20:15:00+00:00","author":"cfeditorfr","twitter_card":"summary_large_image","twitter_misc":{"\u00c9crit par":"cfeditorfr","Dur\u00e9e de lecture estim\u00e9e":"2 minutes"},"schema":{"@context":"https:\/\/schema.org","@graph":[{"@type":"Article","@id":"https:\/\/www.africa-press.net\/djibouti\/politique\/le-ministre-de-lenergie-recoit-la-directrice-de-linitiative-africaine-sur-les-energies-renouvelables#article","isPartOf":{"@id":"https:\/\/www.africa-press.net\/djibouti\/politique\/le-ministre-de-lenergie-recoit-la-directrice-de-linitiative-africaine-sur-les-energies-renouvelables"},"author":{"name":"cfeditorfr","@id":"https:\/\/www.africa-press.net\/djibouti\/#\/schema\/person\/2b1cf3cd81a31e3cd26889ca66d677f1"},"headline":"Le ministre de l\u2019Energie re\u00e7oit la Directrice de l\u2019Initiative Africaine sur les \u00c9nergies Renouvelables","datePublished":"2023-08-30T20:15:00+00:00","mainEntityOfPage":{"@id":"https:\/\/www.africa-press.net\/djibouti\/politique\/le-ministre-de-lenergie-recoit-la-directrice-de-linitiative-africaine-sur-les-energies-renouvelables"},"wordCount":369,"commentCount":0,"image":{"@id":"https:\/\/www.africa-press.net\/djibouti\/politique\/le-ministre-de-lenergie-recoit-la-directrice-de-linitiative-africaine-sur-les-energies-renouvelables#primaryimage"},"thumbnailUrl":"https:\/\/static.africa-press.net\/djibouti\/sites\/52\/2023\/08\/MiladFR1693413911.260155.jpg","keywords":["Africa Press","Africa Press-Djibouti","Djibouti"],"articleSection":["\u00c9conomie","Top Nouvelles","Toutes les actualit\u00e9s"],"inLanguage":"fr-FR","potentialAction":[{"@type":"CommentAction","name":"Comment","target":["https:\/\/www.africa-press.net\/djibouti\/politique\/le-ministre-de-lenergie-recoit-la-directrice-de-linitiative-africaine-sur-les-energies-renouvelables#respond"]}]},{"@type":"WebPage","@id":"https:\/\/www.africa-press.net\/djibouti\/politique\/le-ministre-de-lenergie-recoit-la-directrice-de-linitiative-africaine-sur-les-energies-renouvelables","url":"https:\/\/www.africa-press.net\/djibouti\/politique\/le-ministre-de-lenergie-recoit-la-directrice-de-linitiative-africaine-sur-les-energies-renouvelables","name":"Le ministre de l\u2019Energie re\u00e7oit la Directrice de l\u2019Initiative Africaine sur les \u00c9nergies Renouvelables - Djibouti","isPartOf":{"@id":"https:\/\/www.africa-press.net\/djibouti\/#website"},"primaryImageOfPage":{"@id":"https:\/\/www.africa-press.net\/djibouti\/politique\/le-ministre-de-lenergie-recoit-la-directrice-de-linitiative-africaine-sur-les-energies-renouvelables#primaryimage"},"image":{"@id":"https:\/\/www.africa-press.net\/djibouti\/politique\/le-ministre-de-lenergie-recoit-la-directrice-de-linitiative-africaine-sur-les-energies-renouvelables#primaryimage"},"thumbnailUrl":"https:\/\/static.africa-press.net\/djibouti\/sites\/52\/2023\/08\/MiladFR1693413911.260155.jpg","datePublished":"2023-08-30T20:15:00+00:00","author":{"@id":"https:\/\/www.africa-press.net\/djibouti\/#\/schema\/person\/2b1cf3cd81a31e3cd26889ca66d677f1"},"breadcrumb":{"@id":"https:\/\/www.africa-press.net\/djibouti\/politique\/le-ministre-de-lenergie-recoit-la-directrice-de-linitiative-africaine-sur-les-energies-renouvelables#breadcrumb"},"inLanguage":"fr-FR","potentialAction":[{"@type":"ReadAction","target":["https:\/\/www.africa-press.net\/djibouti\/politique\/le-ministre-de-lenergie-recoit-la-directrice-de-linitiative-africaine-sur-les-energies-renouvelables"]}]},{"@type":"ImageObject","inLanguage":"fr-FR","@id":"https:\/\/www.africa-press.net\/djibouti\/politique\/le-ministre-de-lenergie-recoit-la-directrice-de-linitiative-africaine-sur-les-energies-renouvelables#primaryimage","url":"https:\/\/static.africa-press.net\/djibouti\/sites\/52\/2023\/08\/MiladFR1693413911.260155.jpg","contentUrl":"https:\/\/static.africa-press.net\/djibouti\/sites\/52\/2023\/08\/MiladFR1693413911.260155.jpg","width":696,"height":928,"caption":"Le ministre de l\u2019Energie re\u00e7oit la Directrice de l\u2019Initiative Africaine sur les \u00c9nergies Renouvelables"},{"@type":"BreadcrumbList","@id":"https:\/\/www.africa-press.net\/djibouti\/politique\/le-ministre-de-lenergie-recoit-la-directrice-de-linitiative-africaine-sur-les-energies-renouvelables#breadcrumb","itemListElement":[{"@type":"ListItem","position":1,"name":"Accueil","item":"https:\/\/www.africa-press.net\/djibouti\/"},{"@type":"ListItem","position":2,"name":"Le ministre de l\u2019Energie re\u00e7oit la Directrice de l\u2019Initiative Africaine sur les \u00c9nergies Renouvelables"}]},{"@type":"WebSite","@id":"https:\/\/www.africa-press.net\/djibouti\/#website","url":"https:\/\/www.africa-press.net\/djibouti\/","name":"Djibouti","description":"Just another Africa News Agency Sites site","potentialAction":[{"@type":"SearchAction","target":{"@type":"EntryPoint","urlTemplate":"https:\/\/www.africa-press.net\/djibouti\/?s={search_term_string}"},"query-input":{"@type":"PropertyValueSpecification","valueRequired":true,"valueName":"search_term_string"}}],"inLanguage":"fr-FR"},{"@type":"Person","@id":"https:\/\/www.africa-press.net\/djibouti\/#\/schema\/person\/2b1cf3cd81a31e3cd26889ca66d677f1","name":"cfeditorfr"}]}},"_links":{"self":[{"href":"https:\/\/www.africa-press.net\/djibouti\/wp-json\/wp\/v2\/posts\/17137","targetHints":{"allow":["GET"]}}],"collection":[{"href":"https:\/\/www.africa-press.net\/djibouti\/wp-json\/wp\/v2\/posts"}],"about":[{"href":"https:\/\/www.africa-press.net\/djibouti\/wp-json\/wp\/v2\/types\/post"}],"author":[{"embeddable":true,"href":"https:\/\/www.africa-press.net\/djibouti\/wp-json\/wp\/v2\/users\/82"}],"replies":[{"embeddable":true,"href":"https:\/\/www.africa-press.net\/djibouti\/wp-json\/wp\/v2\/comments?post=17137"}],"version-history":[{"count":0,"href":"https:\/\/www.africa-press.net\/djibouti\/wp-json\/wp\/v2\/posts\/17137\/revisions"}],"wp:featuredmedia":[{"embeddable":true,"href":"https:\/\/www.africa-press.net\/djibouti\/wp-json\/wp\/v2\/media\/17136"}],"wp:attachment":[{"href":"https:\/\/www.africa-press.net\/djibouti\/wp-json\/wp\/v2\/media?parent=17137"}],"wp:term":[{"taxonomy":"category","embeddable":true,"href":"https:\/\/www.africa-press.net\/djibouti\/wp-json\/wp\/v2\/categories?post=17137"},{"taxonomy":"post_tag","embeddable":true,"href":"https:\/\/www.africa-press.net\/djibouti\/wp-json\/wp\/v2\/tags?post=17137"}],"curies":[{"name":"wp","href":"https:\/\/api.w.org\/{rel}","templated":true}]}}