{"id":17139,"date":"2023-08-30T20:15:00","date_gmt":"2023-08-30T20:15:00","guid":{"rendered":"https:\/\/www.africa-press.net\/djibouti\/politique\/reunion-des-pays-membres-de-linitiative-africaine-sur-les-energies-renouvelables"},"modified":"2023-08-30T20:15:00","modified_gmt":"2023-08-30T20:15:00","slug":"reunion-des-pays-membres-de-linitiative-africaine-sur-les-energies-renouvelables","status":"publish","type":"post","link":"https:\/\/www.africa-press.net\/djibouti\/economie\/reunion-des-pays-membres-de-linitiative-africaine-sur-les-energies-renouvelables","title":{"rendered":"R\u00e9union des pays membres de l\u2019Initiative Africaine sur les Energies Renouvelables"},"content":{"rendered":"<p><span style=\"color: #ff6600\"><strong>Africa-Press &#8211; Djibouti. <\/strong><\/span>La Re\u0301publique de Djibouti abrite pour la premie\u0300re fois, a\u0300 compter de ce lundi 28 aou\u0302t 2023 et durant 2 jours, au Djibouti Palace Kempinski, les travaux de la 5e\u0300me re\u0301union ministe\u0301rielle des pays membre de l\u2019Initiative Africaine sur les Energies renouvelables (AREI). En effet, cette rencontre de haut niveau a de\u0301bute\u0301 lundi par la tenue d\u2019un atelier technique, en pre\u0301lude a\u0300 l\u2019ouverture officiellede la rencontre ministe\u0301rielle pre\u0301vue pour la journe\u0301e de mardi par le Ministre de l\u2019Energie, charge\u0301 des Ressources Naturelles, Yonis Ali Guedi. Cet atelier fut l\u2019occasion pour tous les participants, notamment les points focaux-pays de l\u2019AREI, de se concerter et d\u2019e\u0301changer sur les deux the\u0301matiques a\u0300 l\u2019ordre du jour de cette premie\u0300re journe\u0301e a\u0300 savoir : \u2018\u2018La Politique et la Re\u0301gulation des e\u0301nergies renouvelables en Afrique\u2019\u2019et\u2018\u2018les voies et moyens de l\u2019accroissement de l\u2019investissement prive\u0301 dans les projets d\u2019e\u0301nergie renouvelables en Afrique\u2019\u2019. Il convient de souligner que l\u2019Afrique est le continent qui pre\u0301sente le plus grand de\u0301ficit d\u2019investissement dans les infrastructures au monde.<\/p>\n<p>Le secteur de l\u2019e\u0301nergie repre\u0301sente environ 30% des investissements dans ces infrastructures,qui se traduit par conse\u0301quent a\u0300 un faible taux d\u2019acce\u0300s aux services e\u0301nerge\u0301tiques modernes.<\/p>\n<p>En outre, l\u2019absence de programmes bien de\u0301finis et de projets financie\u0300rement viables est un proble\u0300me majeur et le secteur prive\u0301 n\u2019est pas e\u0301quipe\u0301 pour e\u0301valuer, de\u0301velopper, et pre\u0301parer des projets en termes de risques, de cou\u0302ts et de dure\u0301e. A cet e\u0301gard, l\u2019exploitation du fort potentiel en e\u0301nergies renouvelables du continent constitue donc l\u2019un des moyens de soutenir la diversification e\u0301conomique et la transition vers un nouveau mode\u0300le de de\u0301veloppement plus sobre en carbone. Et l\u2019atelier de l\u2019AREI de ce jour s\u2019inscrit dans ce cadre.<\/p>\n<p><strong>Pour plus d&rsquo;informations et d&rsquo;analyses sur la <a href=\"https:\/\/www.africa-press.net\/djibouti\">Djibouti<\/a>, suivez <a href=\"https:\/\/www.africa-press.net\/\">Africa-Press<\/a><\/strong><\/p>\n","protected":false},"excerpt":{"rendered":"<p>Africa-Press &#8211; Djibouti. La Re\u0301publique de Djibouti abrite pour la premie\u0300re fois, a\u0300 compter de ce lundi 28 aou\u0302t 2023 et durant 2 jours, au Djibouti Palace Kempinski, les travaux de la 5e\u0300me re\u0301union ministe\u0301rielle des pays membre de l\u2019Initiative Africaine sur les Energies renouvelables (AREI). En effet, cette rencontre de haut niveau a de\u0301bute\u0301 [&hellip;]<\/p>\n","protected":false},"author":82,"featured_media":17138,"comment_status":"open","ping_status":"closed","sticky":false,"template":"","format":"standard","meta":{"footnotes":""},"categories":[3,10],"tags":[36,49,50],"class_list":["post-17139","post","type-post","status-publish","format-standard","has-post-thumbnail","hentry","category-economie","category-toutes-les-actualites","tag-africa-press","tag-africa-press-djibouti","tag-djibouti"],"yoast_head":"<!-- This site is optimized with the Yoast SEO Premium plugin v26.1 (Yoast SEO v27.0) - https:\/\/yoast.com\/product\/yoast-seo-premium-wordpress\/ -->\n<title>R\u00e9union des pays membres de l\u2019Initiative Africaine sur les Energies Renouvelables - Djibouti<\/title>\n<meta name=\"robots\" content=\"index, follow, max-snippet:-1, max-image-preview:large, max-video-preview:-1\" \/>\n<link rel=\"canonical\" href=\"https:\/\/www.africa-press.net\/djibouti\/politique\/reunion-des-pays-membres-de-linitiative-africaine-sur-les-energies-renouvelables\" \/>\n<meta property=\"og:locale\" content=\"fr_FR\" \/>\n<meta property=\"og:type\" content=\"article\" \/>\n<meta property=\"og:title\" content=\"R\u00e9union des pays membres de l\u2019Initiative Africaine sur les Energies Renouvelables\" \/>\n<meta property=\"og:description\" content=\"Africa-Press &#8211; Djibouti. La Re\u0301publique de Djibouti abrite pour la premie\u0300re fois, a\u0300 compter de ce lundi 28 aou\u0302t 2023 et durant 2 jours, au Djibouti Palace Kempinski, les travaux de la 5e\u0300me re\u0301union ministe\u0301rielle des pays membre de l\u2019Initiative Africaine sur les Energies renouvelables (AREI). En effet, cette rencontre de haut niveau a de\u0301bute\u0301 [&hellip;]\" \/>\n<meta property=\"og:url\" content=\"https:\/\/www.africa-press.net\/djibouti\/politique\/reunion-des-pays-membres-de-linitiative-africaine-sur-les-energies-renouvelables\" \/>\n<meta property=\"og:site_name\" content=\"Djibouti\" \/>\n<meta property=\"article:published_time\" content=\"2023-08-30T20:15:00+00:00\" \/>\n<meta name=\"author\" content=\"cfeditorfr\" \/>\n<meta name=\"twitter:card\" content=\"summary_large_image\" \/>\n<meta name=\"twitter:label1\" content=\"\u00c9crit par\" \/>\n\t<meta name=\"twitter:data1\" content=\"cfeditorfr\" \/>\n\t<meta name=\"twitter:label2\" content=\"Dur\u00e9e de lecture estim\u00e9e\" \/>\n\t<meta name=\"twitter:data2\" content=\"2 minutes\" \/>\n<script type=\"application\/ld+json\" class=\"yoast-schema-graph\">{\"@context\":\"https:\/\/schema.org\",\"@graph\":[{\"@type\":\"Article\",\"@id\":\"https:\/\/www.africa-press.net\/djibouti\/politique\/reunion-des-pays-membres-de-linitiative-africaine-sur-les-energies-renouvelables#article\",\"isPartOf\":{\"@id\":\"https:\/\/www.africa-press.net\/djibouti\/politique\/reunion-des-pays-membres-de-linitiative-africaine-sur-les-energies-renouvelables\"},\"author\":{\"name\":\"cfeditorfr\",\"@id\":\"https:\/\/www.africa-press.net\/djibouti\/#\/schema\/person\/2b1cf3cd81a31e3cd26889ca66d677f1\"},\"headline\":\"R\u00e9union des pays membres de l\u2019Initiative Africaine sur les Energies Renouvelables\",\"datePublished\":\"2023-08-30T20:15:00+00:00\",\"mainEntityOfPage\":{\"@id\":\"https:\/\/www.africa-press.net\/djibouti\/politique\/reunion-des-pays-membres-de-linitiative-africaine-sur-les-energies-renouvelables\"},\"wordCount\":363,\"commentCount\":0,\"image\":{\"@id\":\"https:\/\/www.africa-press.net\/djibouti\/politique\/reunion-des-pays-membres-de-linitiative-africaine-sur-les-energies-renouvelables#primaryimage\"},\"thumbnailUrl\":\"https:\/\/static.africa-press.net\/djibouti\/sites\/52\/2023\/08\/MiladFR1693413951.794517.jpg\",\"keywords\":[\"Africa Press\",\"Africa Press-Djibouti\",\"Djibouti\"],\"articleSection\":[\"\u00c9conomie\",\"Toutes les actualit\u00e9s\"],\"inLanguage\":\"fr-FR\",\"potentialAction\":[{\"@type\":\"CommentAction\",\"name\":\"Comment\",\"target\":[\"https:\/\/www.africa-press.net\/djibouti\/politique\/reunion-des-pays-membres-de-linitiative-africaine-sur-les-energies-renouvelables#respond\"]}]},{\"@type\":\"WebPage\",\"@id\":\"https:\/\/www.africa-press.net\/djibouti\/politique\/reunion-des-pays-membres-de-linitiative-africaine-sur-les-energies-renouvelables\",\"url\":\"https:\/\/www.africa-press.net\/djibouti\/politique\/reunion-des-pays-membres-de-linitiative-africaine-sur-les-energies-renouvelables\",\"name\":\"R\u00e9union des pays membres de l\u2019Initiative Africaine sur les Energies Renouvelables - Djibouti\",\"isPartOf\":{\"@id\":\"https:\/\/www.africa-press.net\/djibouti\/#website\"},\"primaryImageOfPage\":{\"@id\":\"https:\/\/www.africa-press.net\/djibouti\/politique\/reunion-des-pays-membres-de-linitiative-africaine-sur-les-energies-renouvelables#primaryimage\"},\"image\":{\"@id\":\"https:\/\/www.africa-press.net\/djibouti\/politique\/reunion-des-pays-membres-de-linitiative-africaine-sur-les-energies-renouvelables#primaryimage\"},\"thumbnailUrl\":\"https:\/\/static.africa-press.net\/djibouti\/sites\/52\/2023\/08\/MiladFR1693413951.794517.jpg\",\"datePublished\":\"2023-08-30T20:15:00+00:00\",\"author\":{\"@id\":\"https:\/\/www.africa-press.net\/djibouti\/#\/schema\/person\/2b1cf3cd81a31e3cd26889ca66d677f1\"},\"breadcrumb\":{\"@id\":\"https:\/\/www.africa-press.net\/djibouti\/politique\/reunion-des-pays-membres-de-linitiative-africaine-sur-les-energies-renouvelables#breadcrumb\"},\"inLanguage\":\"fr-FR\",\"potentialAction\":[{\"@type\":\"ReadAction\",\"target\":[\"https:\/\/www.africa-press.net\/djibouti\/politique\/reunion-des-pays-membres-de-linitiative-africaine-sur-les-energies-renouvelables\"]}]},{\"@type\":\"ImageObject\",\"inLanguage\":\"fr-FR\",\"@id\":\"https:\/\/www.africa-press.net\/djibouti\/politique\/reunion-des-pays-membres-de-linitiative-africaine-sur-les-energies-renouvelables#primaryimage\",\"url\":\"https:\/\/static.africa-press.net\/djibouti\/sites\/52\/2023\/08\/MiladFR1693413951.794517.jpg\",\"contentUrl\":\"https:\/\/static.africa-press.net\/djibouti\/sites\/52\/2023\/08\/MiladFR1693413951.794517.jpg\",\"width\":696,\"height\":522,\"caption\":\"R\u00e9union des pays membres de l\u2019Initiative Africaine sur les Energies Renouvelables\"},{\"@type\":\"BreadcrumbList\",\"@id\":\"https:\/\/www.africa-press.net\/djibouti\/politique\/reunion-des-pays-membres-de-linitiative-africaine-sur-les-energies-renouvelables#breadcrumb\",\"itemListElement\":[{\"@type\":\"ListItem\",\"position\":1,\"name\":\"Accueil\",\"item\":\"https:\/\/www.africa-press.net\/djibouti\/\"},{\"@type\":\"ListItem\",\"position\":2,\"name\":\"R\u00e9union des pays membres de l\u2019Initiative Africaine sur les Energies Renouvelables\"}]},{\"@type\":\"WebSite\",\"@id\":\"https:\/\/www.africa-press.net\/djibouti\/#website\",\"url\":\"https:\/\/www.africa-press.net\/djibouti\/\",\"name\":\"Djibouti\",\"description\":\"Just another Africa News Agency Sites site\",\"potentialAction\":[{\"@type\":\"SearchAction\",\"target\":{\"@type\":\"EntryPoint\",\"urlTemplate\":\"https:\/\/www.africa-press.net\/djibouti\/?s={search_term_string}\"},\"query-input\":{\"@type\":\"PropertyValueSpecification\",\"valueRequired\":true,\"valueName\":\"search_term_string\"}}],\"inLanguage\":\"fr-FR\"},{\"@type\":\"Person\",\"@id\":\"https:\/\/www.africa-press.net\/djibouti\/#\/schema\/person\/2b1cf3cd81a31e3cd26889ca66d677f1\",\"name\":\"cfeditorfr\"}]}<\/script>\n<!-- \/ Yoast SEO Premium plugin. -->","yoast_head_json":{"title":"R\u00e9union des pays membres de l\u2019Initiative Africaine sur les Energies Renouvelables - Djibouti","robots":{"index":"index","follow":"follow","max-snippet":"max-snippet:-1","max-image-preview":"max-image-preview:large","max-video-preview":"max-video-preview:-1"},"canonical":"https:\/\/www.africa-press.net\/djibouti\/politique\/reunion-des-pays-membres-de-linitiative-africaine-sur-les-energies-renouvelables","og_locale":"fr_FR","og_type":"article","og_title":"R\u00e9union des pays membres de l\u2019Initiative Africaine sur les Energies Renouvelables","og_description":"Africa-Press &#8211; Djibouti. La Re\u0301publique de Djibouti abrite pour la premie\u0300re fois, a\u0300 compter de ce lundi 28 aou\u0302t 2023 et durant 2 jours, au Djibouti Palace Kempinski, les travaux de la 5e\u0300me re\u0301union ministe\u0301rielle des pays membre de l\u2019Initiative Africaine sur les Energies renouvelables (AREI). En effet, cette rencontre de haut niveau a de\u0301bute\u0301 [&hellip;]","og_url":"https:\/\/www.africa-press.net\/djibouti\/politique\/reunion-des-pays-membres-de-linitiative-africaine-sur-les-energies-renouvelables","og_site_name":"Djibouti","article_published_time":"2023-08-30T20:15:00+00:00","author":"cfeditorfr","twitter_card":"summary_large_image","twitter_misc":{"\u00c9crit par":"cfeditorfr","Dur\u00e9e de lecture estim\u00e9e":"2 minutes"},"schema":{"@context":"https:\/\/schema.org","@graph":[{"@type":"Article","@id":"https:\/\/www.africa-press.net\/djibouti\/politique\/reunion-des-pays-membres-de-linitiative-africaine-sur-les-energies-renouvelables#article","isPartOf":{"@id":"https:\/\/www.africa-press.net\/djibouti\/politique\/reunion-des-pays-membres-de-linitiative-africaine-sur-les-energies-renouvelables"},"author":{"name":"cfeditorfr","@id":"https:\/\/www.africa-press.net\/djibouti\/#\/schema\/person\/2b1cf3cd81a31e3cd26889ca66d677f1"},"headline":"R\u00e9union des pays membres de l\u2019Initiative Africaine sur les Energies Renouvelables","datePublished":"2023-08-30T20:15:00+00:00","mainEntityOfPage":{"@id":"https:\/\/www.africa-press.net\/djibouti\/politique\/reunion-des-pays-membres-de-linitiative-africaine-sur-les-energies-renouvelables"},"wordCount":363,"commentCount":0,"image":{"@id":"https:\/\/www.africa-press.net\/djibouti\/politique\/reunion-des-pays-membres-de-linitiative-africaine-sur-les-energies-renouvelables#primaryimage"},"thumbnailUrl":"https:\/\/static.africa-press.net\/djibouti\/sites\/52\/2023\/08\/MiladFR1693413951.794517.jpg","keywords":["Africa Press","Africa Press-Djibouti","Djibouti"],"articleSection":["\u00c9conomie","Toutes les actualit\u00e9s"],"inLanguage":"fr-FR","potentialAction":[{"@type":"CommentAction","name":"Comment","target":["https:\/\/www.africa-press.net\/djibouti\/politique\/reunion-des-pays-membres-de-linitiative-africaine-sur-les-energies-renouvelables#respond"]}]},{"@type":"WebPage","@id":"https:\/\/www.africa-press.net\/djibouti\/politique\/reunion-des-pays-membres-de-linitiative-africaine-sur-les-energies-renouvelables","url":"https:\/\/www.africa-press.net\/djibouti\/politique\/reunion-des-pays-membres-de-linitiative-africaine-sur-les-energies-renouvelables","name":"R\u00e9union des pays membres de l\u2019Initiative Africaine sur les Energies Renouvelables - Djibouti","isPartOf":{"@id":"https:\/\/www.africa-press.net\/djibouti\/#website"},"primaryImageOfPage":{"@id":"https:\/\/www.africa-press.net\/djibouti\/politique\/reunion-des-pays-membres-de-linitiative-africaine-sur-les-energies-renouvelables#primaryimage"},"image":{"@id":"https:\/\/www.africa-press.net\/djibouti\/politique\/reunion-des-pays-membres-de-linitiative-africaine-sur-les-energies-renouvelables#primaryimage"},"thumbnailUrl":"https:\/\/static.africa-press.net\/djibouti\/sites\/52\/2023\/08\/MiladFR1693413951.794517.jpg","datePublished":"2023-08-30T20:15:00+00:00","author":{"@id":"https:\/\/www.africa-press.net\/djibouti\/#\/schema\/person\/2b1cf3cd81a31e3cd26889ca66d677f1"},"breadcrumb":{"@id":"https:\/\/www.africa-press.net\/djibouti\/politique\/reunion-des-pays-membres-de-linitiative-africaine-sur-les-energies-renouvelables#breadcrumb"},"inLanguage":"fr-FR","potentialAction":[{"@type":"ReadAction","target":["https:\/\/www.africa-press.net\/djibouti\/politique\/reunion-des-pays-membres-de-linitiative-africaine-sur-les-energies-renouvelables"]}]},{"@type":"ImageObject","inLanguage":"fr-FR","@id":"https:\/\/www.africa-press.net\/djibouti\/politique\/reunion-des-pays-membres-de-linitiative-africaine-sur-les-energies-renouvelables#primaryimage","url":"https:\/\/static.africa-press.net\/djibouti\/sites\/52\/2023\/08\/MiladFR1693413951.794517.jpg","contentUrl":"https:\/\/static.africa-press.net\/djibouti\/sites\/52\/2023\/08\/MiladFR1693413951.794517.jpg","width":696,"height":522,"caption":"R\u00e9union des pays membres de l\u2019Initiative Africaine sur les Energies Renouvelables"},{"@type":"BreadcrumbList","@id":"https:\/\/www.africa-press.net\/djibouti\/politique\/reunion-des-pays-membres-de-linitiative-africaine-sur-les-energies-renouvelables#breadcrumb","itemListElement":[{"@type":"ListItem","position":1,"name":"Accueil","item":"https:\/\/www.africa-press.net\/djibouti\/"},{"@type":"ListItem","position":2,"name":"R\u00e9union des pays membres de l\u2019Initiative Africaine sur les Energies Renouvelables"}]},{"@type":"WebSite","@id":"https:\/\/www.africa-press.net\/djibouti\/#website","url":"https:\/\/www.africa-press.net\/djibouti\/","name":"Djibouti","description":"Just another Africa News Agency Sites site","potentialAction":[{"@type":"SearchAction","target":{"@type":"EntryPoint","urlTemplate":"https:\/\/www.africa-press.net\/djibouti\/?s={search_term_string}"},"query-input":{"@type":"PropertyValueSpecification","valueRequired":true,"valueName":"search_term_string"}}],"inLanguage":"fr-FR"},{"@type":"Person","@id":"https:\/\/www.africa-press.net\/djibouti\/#\/schema\/person\/2b1cf3cd81a31e3cd26889ca66d677f1","name":"cfeditorfr"}]}},"_links":{"self":[{"href":"https:\/\/www.africa-press.net\/djibouti\/wp-json\/wp\/v2\/posts\/17139","targetHints":{"allow":["GET"]}}],"collection":[{"href":"https:\/\/www.africa-press.net\/djibouti\/wp-json\/wp\/v2\/posts"}],"about":[{"href":"https:\/\/www.africa-press.net\/djibouti\/wp-json\/wp\/v2\/types\/post"}],"author":[{"embeddable":true,"href":"https:\/\/www.africa-press.net\/djibouti\/wp-json\/wp\/v2\/users\/82"}],"replies":[{"embeddable":true,"href":"https:\/\/www.africa-press.net\/djibouti\/wp-json\/wp\/v2\/comments?post=17139"}],"version-history":[{"count":0,"href":"https:\/\/www.africa-press.net\/djibouti\/wp-json\/wp\/v2\/posts\/17139\/revisions"}],"wp:featuredmedia":[{"embeddable":true,"href":"https:\/\/www.africa-press.net\/djibouti\/wp-json\/wp\/v2\/media\/17138"}],"wp:attachment":[{"href":"https:\/\/www.africa-press.net\/djibouti\/wp-json\/wp\/v2\/media?parent=17139"}],"wp:term":[{"taxonomy":"category","embeddable":true,"href":"https:\/\/www.africa-press.net\/djibouti\/wp-json\/wp\/v2\/categories?post=17139"},{"taxonomy":"post_tag","embeddable":true,"href":"https:\/\/www.africa-press.net\/djibouti\/wp-json\/wp\/v2\/tags?post=17139"}],"curies":[{"name":"wp","href":"https:\/\/api.w.org\/{rel}","templated":true}]}}