{"id":17148,"date":"2023-08-30T19:43:45","date_gmt":"2023-08-30T19:43:45","guid":{"rendered":"https:\/\/www.africa-press.net\/djibouti\/politique\/les-surfaces-incendiees-naugmentent-plus-depuis-le-debut-du-siecle"},"modified":"2023-08-30T21:02:53","modified_gmt":"2023-08-30T21:02:53","slug":"les-surfaces-incendiees-naugmentent-plus-depuis-le-debut-du-siecle","status":"publish","type":"post","link":"https:\/\/www.africa-press.net\/djibouti\/toutes-les-actualites\/les-surfaces-incendiees-naugmentent-plus-depuis-le-debut-du-siecle","title":{"rendered":"Les surfaces incendi\u00e9es n\u2019augmentent plus depuis le d\u00e9but du si\u00e8cle"},"content":{"rendered":"<p><span style=\"color: #ff6600\"><strong>Africa-Press &#8211; Djibouti. <\/strong><\/span>Le 28 aou\u0302t 2023, plus de 15 millions d\u2019hectares de la fore\u0302t canadienne e\u0301taient partis en fume\u0301e, surtout a\u0300 l\u2019ouest du pays, mais le Que\u0301bec n\u2019est pas e\u0301pargne\u0301. On peut suivre la situation au jour le jour sur le site de Radio Canada. C\u2019est le double du pre\u0301ce\u0301dent record datant de 1989 et l\u2019e\u0301quivalent de la superficie de la Gre\u0300ce, alors que les incendies ne sont toujours pas contro\u0302le\u0301s. Les e\u0301missions de CO2 provenant de ces feux exce\u0300dent largement le milliard de tonnes, ce qui va rendre l\u2019anne\u0301e 2023 exceptionnelle. La moyenne mondiale des e\u0301missions des incendies est en effet estime\u0301e a\u0300 1,8 milliard de tonnes de CO2 par an entre 2000 et 2019. La cause est bien identifie\u0301e : depuis de\u0301but mai, le Canada subit des conditions de chaleur et de se\u0301cheresse qui rendent les arbres et leurs litie\u0300res hautement inflammables, d\u2019autant que la fore\u0302t canadienne est principalement compose\u0301e d\u2019e\u0301pice\u0301as, re\u0301sineux tre\u0300s sensibles au feu.<\/p>\n<p>Le World Weather Attribution, le groupement scientifique qui e\u0301tudie les relations entre les e\u0301ve\u0300nements extre\u0302mes et le changement climatique, a rendu son verdict le 22 aou\u0302t. Sans l\u2019augmentation des tempe\u0301ratures induite par la combustion des e\u0301nergies fossiles, un tel e\u0301ve\u0300nement aurait sept fois moins de chances d\u2019arriver. L\u2019intensite\u0301 de la se\u0301cheresse telle que ve\u0301cue cette anne\u0301e est 20% plus importante qu\u2019avant l\u2019e\u0300re industrielle, du fait d\u2019une hausse des tempe\u0301ratures qui est a\u0300 ce jour de 1,1\u00b0C. Le lien de cause a\u0300 effet tient au fait que la plupart des de\u0301parts de feu sont naturels, puisqu\u2019ils de\u0301marrent principalement a\u0300 partir des e\u0301clairs d\u2019orages.<\/p>\n<p>Ainsi, dans une e\u0301tude d\u2019avril 2022 publie\u0301e dans Environmental Research Letters, une e\u0301quipe internationale a montre\u0301 qu\u2019au Canada, l\u2019asse\u0300chement des ve\u0301ge\u0301taux augmentait l\u2019efficacite\u0301 de la foudre a\u0300 de\u0301marrer un feu. \u00ab\u00a0Avec un sce\u0301nario d\u2019e\u0301missions e\u0301leve\u0301es de gaz a\u0300 effet de serre, nous pre\u0301disons que les changements dans la ve\u0301ge\u0301tation et les conditions me\u0301te\u0301o favorables aux incendies augmenteront de 14% la faculte\u0301 de la foudre a\u0300 provoquer un feu en Alaska et de 31% dans les territoires du nord-ouest canadien pour chaque degre\u0301 supple\u0301mentaire de tempe\u0301rature d\u2019ici la fin du sie\u0300cle, pre\u0301viennent les auteurs. L\u2019augmentation de l\u2019efficacite\u0301 des e\u0301clairs a\u0300 provoquer un feu, associe\u0301 a\u0300 une pre\u0301vision de doublement des coups de foudre d\u2019ici la fin du sie\u0300cle provoquera une augmentation de 39 a\u0300 65% des incendies provoque\u0301s par les e\u0301clairs pour chaque degre\u0301 supple\u0301mentaire.\u00a0\u00bb Il n\u2019existe pas d\u2019e\u0301tude similaire pour la Russie, mais il est vraisemblable que les re\u0301sultats seraient semblables.<\/p>\n<p><b>Les surfaces incendie\u0301es diminuent sous les tropiques, augmentent dans les zones bore\u0301ales<\/b><\/p>\n<p>Les probabilite\u0301s que de tels e\u0301ve\u0300nements constate\u0301s cette anne\u0301e se reproduisent vont de\u0301ja\u0300 s\u2019accroi\u0302tre dans une atmosphe\u0300re a\u0300 1,5\u00b0C, limite que l\u2019accord de Paris ne voudrait pas voir de\u0301passe\u0301e (mais qui devrait l\u2019e\u0302tre d\u2019ici huit ans), alors que l\u2019humanite\u0301 est actuellement sur une pente a\u0300 2,7\u00b0C, si l\u2019on s\u2019en tient aux engagements actuels des Etats a\u0300 re\u0301duire leur gaz a\u0300 effet de serre. Pour le Canada, mais aussi pour la Russie qui, elle aussi, fait face a\u0300 des incendies de plus en plus incontro\u0302lables, l\u2019enjeu est donc de taille. L\u2019immense superficie forestie\u0300re de ces deux pays, le peu d\u2019e\u0301tendues d\u2019eau ou\u0300 des canadairs pourraient se ravitailler, la faible occupation humaine et l\u2019e\u0301loignement des forces de se\u0301curite\u0301 civile rendent difficiles la lutte contre le feu.<\/p>\n<p>Ces incendies de fore\u0302ts bore\u0301ales signent des diffe\u0301rences fondamentales dans la re\u0301partition des incendies a\u0300 la surface de la plane\u0300te, que l\u2019on connait de mieux en mieux gra\u0302ce a\u0300 la pre\u0301cision des satellites actuels. Ainsi, Sentinel 1 et 2 du programme europe\u0301en Copernicus croisent les observations optiques de l\u2019un avec celles dans l\u2019infrarouge de l\u2019autre, ce qui permet un suivi mondial du couvert ve\u0301ge\u0301tal tous les quatre a\u0300 cinq jours avec une re\u0301solution de 10 me\u0300tres, quand le pre\u0301de\u0301cesseur ame\u0301ricain Modis offrait, lui, un passage quotidien mais avec une pre\u0301cision de 500 me\u0300tres. \u00ab\u00a0Nous pouvons aujourd\u2019hui connai\u0302tre l\u2019e\u0301tendue du couvert ve\u0301ge\u0301tal et surtout sa biomasse, c\u2019est-a\u0300-dire le type de ve\u0301ge\u0301tation (arbres, herbe) et donc la quantite\u0301 de carbone pre\u0301sente et de\u0301tecter les incendies les plus minimes\u00a0\u00bb, pre\u0301cise Philippe Ciais, directeur associe\u0301 du Laboratoire des sciences du climat et de l\u2019environnement (LSCE, Institut Pierre-Simon-Laplace).<\/p>\n<p><b>La combustion des fore\u0302ts bore\u0301ales e\u0301met plus de CO2<\/b><\/p>\n<p>C\u2019est ainsi que les satellites ont re\u0301ve\u0301le\u0301 un de\u0301clin global des surfaces terrestres parcourues par les incendies, ainsi que le de\u0301crit l\u2019article paru dans Science Advances en septembre 2021, cosigne\u0301 par le chercheur chinois Bo Zheng et Philippe Ciais. Mais cette baisse cache un ve\u0301ritable de\u0301placement des feux. \u00ab\u00a0Nous avons globalement moins d\u2019incendies de savane en Afrique, qui repre\u0301sente 70% des surfaces incendie\u0301es mais moins de la moitie\u0301 des e\u0301missions de CO2 du fait qu\u2019il s\u2019agit de grandes herbes a\u0300 faible contenu en carbone, et nous avons aussi enregistre\u0301 lors de ces deux dernie\u0300res de\u0301cennies un recul de la de\u0301forestation en Amazonie, malgre\u0301 un rebond des feux dans cette re\u0301gion depuis 2019\u00a0\u00bb, de\u0301taille Philippe Ciais. Pour l\u2019Afrique, l\u2019explication est simple : l\u2019extension de l\u2019agriculture et la pe\u0301ne\u0301tration des routes constituent autant d\u2019obstacles pour les parcours du feu dans des zones naturelles de moins en moins inhabite\u0301es. En Ame\u0301rique latine, l\u2019instauration d\u2019une re\u0301glementation plus se\u0301ve\u0300re de l\u2019usage des terres a freine\u0301 l\u2019utilisation des bru\u0302lis pour \u00ab\u00a0nettoyer\u00a0\u00bb les sols.<\/p>\n<p>Au cours de la me\u0302me pe\u0301riode, les climatologues ont donc a\u0300 l\u2019inverse constate\u0301 l\u2019augmentation des sinistres dans les fore\u0302ts bore\u0301ales. En utilisant une me\u0301thode de de\u0301tection satellitaire par infrarouge du monoxyde de carbone (CO), dont on peut de\u0301duire pre\u0301cise\u0301ment la quantite\u0301 de CO2 produite, les chercheurs ont pu e\u0301tablir un redoutable phe\u0301nome\u0300ne. \u00ab\u00a0La fore\u0302t bore\u0301ale est compose\u0301e d\u2019essences qui stockent du carbone sur le long terme, au contraire de la savane ou\u0300 l\u2019herbe se renouvelle tous les ans, pre\u0301cise Philippe Ciais. Aussi, si les surfaces incendie\u0301es restent stables, le contenu en CO2 e\u0301mis augmente dans des zones ou\u0300 le carbone est stocke\u0301 depuis bien plus longtemps.\u00a0\u00bb L\u2019anne\u0301e 2021 a e\u0301te\u0301 ainsi particulie\u0300rement exceptionnelle, avec des incendies au Canada et en Russie. Alors que les feux de fore\u0302ts de l\u2019he\u0301misphe\u0300re Nord comptent en moyenne depuis le de\u0301but du sie\u0300cle pour 10% des e\u0301missions mondiales lie\u0301es aux incendies, cette part est passe\u0301e a\u0300 23% en 2021, selon une e\u0301tude parue dans Science en mars 2023, toujours sous la signature de Bo Zheng et Philippe Ciais.<\/p>\n<p><b>En France aussi, les incendies s&rsquo;e\u0301tendent vers le nord<\/b><\/p>\n<p>Situe\u0301 dans la zone tempe\u0301re\u0301e mais a\u0300 cheval entre les climats oce\u0301anique, me\u0301diterrane\u0301en et continental, la France illustre parfaitement ce de\u0301placement de l\u2019occurrence des feux de ve\u0301ge\u0301tation. La fore\u0302t franc\u0327aise est divise\u0301e en trois principales re\u0301gions au regard de leur passe\u0301 face aux incendies. La fore\u0302t me\u0301diterrane\u0301enne est celle qui est le plus souvent parcourue par les feux tous les ans. Les fore\u0302ts du Sud-Ouest connaissent des e\u0301ve\u0300nements tre\u0300s espace\u0301s mais tre\u0300s importants. Enfin, la fore\u0302t tempe\u0301re\u0301e au nord de l\u2019Hexagone est peu concerne\u0301e. Cela change et l\u2019anne\u0301e 2022 en a e\u0301te\u0301 une de\u0301monstration parfaite. Cette anne\u0301e-la\u0300, les e\u0301missions provenant des incendies de Landiras et La Teste dans la fore\u0302t de pins cultive\u0301s de Gironde, ainsi que celles provenant de sinistres en Bretagne, Pays de la Loire, Centre et Jura ont e\u0301te\u0301 supe\u0301rieures a\u0300 celles du pourtour me\u0301diterrane\u0301en. Ce travail mene\u0301 par Lilian Vallet du Centre d\u2019e\u0301cologie fonctionnelle et e\u0301volutive (CEFE\/CNRS), publie\u0301 dans Biogeoscience en mars 2023, re\u0301ve\u0300le des chiffres e\u0301tonnants. L\u2019an dernier, 28 600 hectares de fore\u0302t landaise sont partis en fume\u0301e, contre 494 hectares constate\u0301s en moyenne entre 2006 et 2021. De me\u0302me, 3300 hectares de fore\u0302ts tempe\u0301re\u0301es ont bru\u0302le\u0301, soit 15 fois plus que les 216 hectares en moyenne sur la me\u0302me pe\u0301riode. La fore\u0302t me\u0301diterrane\u0301enne a, elle, perdu 10 000 hectares en 2022, soit une anne\u0301e semblable a\u0300 2009, 2016 et 2021 et infe\u0301rieure a\u0300 2017.<\/p>\n<p>Mais le bilan est autrement plus contraste\u0301 quand on e\u0301tudie les e\u0301missions de CO2. Elles ont atteint 1,74 million de tonnes pour la fore\u0302t landaise, 570 000 tonnes pour les fore\u0302ts tempe\u0301re\u0301es contre 250 000 tonnes pour le pourtour me\u0301diterrane\u0301en. A cela, la me\u0302me explication qui vaut pour la fore\u0302t bore\u0301ale et la savane : le contenu en carbone de la ve\u0301ge\u0301tation. Les maquis et garrigues de la zone me\u0301diterrane\u0301enne stockent beaucoup moins de CO2 que les pins maritimes du massif landais ou les he\u0302tres et che\u0302nes du nord de la Loire. Ces constats expliquent en partie pourquoi le puits de carbone de l\u2019Hexagone s\u2019affaiblit, passant de 57 millions de tonnes capte\u0301es par la photosynthe\u0300se des plantes au de\u0301but de la de\u0301cennie 2010 a\u0300 31,2 millions de tonnes en 2021, selon l\u2019inventaire des e\u0301missions franc\u0327aises de gaz a\u0300 effet de serre 2022 publie\u0301 en juin dernier.<\/p>\n<p>Les chercheurs pre\u0301viennent donc : le risque incendie s\u2019e\u0301tend dans l\u2019Hexagone vers des re\u0301gions autrefois e\u0301pargne\u0301es. Ces fore\u0302ts ont une biomasse beaucoup plus importante, et donc un stock de carbone plus e\u0301leve\u0301, ce qui aura des conse\u0301quences sur le bilan en gaz a\u0300 effet de serre de la France. \u00ab\u00a0Ces fore\u0302ts de grands arbres mettront en effet beaucoup plus de temps que les buissons des maquis et garrigues pour retrouver le stock de carbone perdu\u00a0\u00bb, pre\u0301vient Philippe Ciais.<\/p>\n<p><strong>Pour plus d&rsquo;informations et d&rsquo;analyses sur la <a href=\"https:\/\/www.africa-press.net\/djibouti\">Djibouti<\/a>, suivez <a href=\"https:\/\/www.africa-press.net\/\">Africa-Press<\/a><\/strong><\/p>\n","protected":false},"excerpt":{"rendered":"<p>Africa-Press &#8211; Djibouti. Le 28 aou\u0302t 2023, plus de 15 millions d\u2019hectares de la fore\u0302t canadienne e\u0301taient partis en fume\u0301e, surtout a\u0300 l\u2019ouest du pays, mais le Que\u0301bec n\u2019est pas e\u0301pargne\u0301. On peut suivre la situation au jour le jour sur le site de Radio Canada. C\u2019est le double du pre\u0301ce\u0301dent record datant de 1989 [&hellip;]<\/p>\n","protected":false},"author":82,"featured_media":17147,"comment_status":"open","ping_status":"closed","sticky":false,"template":"","format":"standard","meta":{"footnotes":""},"categories":[22,10],"tags":[36,49,50],"class_list":["post-17148","post","type-post","status-publish","format-standard","has-post-thumbnail","hentry","category-divers","category-toutes-les-actualites","tag-africa-press","tag-africa-press-djibouti","tag-djibouti"],"yoast_head":"<!-- This site is optimized with the Yoast SEO Premium plugin v26.1 (Yoast SEO v27.0) - https:\/\/yoast.com\/product\/yoast-seo-premium-wordpress\/ -->\n<title>Les surfaces incendi\u00e9es n\u2019augmentent plus depuis le d\u00e9but du si\u00e8cle - Djibouti<\/title>\n<meta name=\"description\" content=\"Le 28 aou\u0302t 2023, plus de 15 millions d\u2019hectares de la fore\u0302t canadienne e\u0301taient partis en fume\u0301e, surtout a\u0300 l\u2019ouest d ...\" \/>\n<meta name=\"robots\" content=\"index, follow, max-snippet:-1, max-image-preview:large, max-video-preview:-1\" \/>\n<link rel=\"canonical\" href=\"https:\/\/www.africa-press.net\/djibouti\/toutes-les-actualites\/les-surfaces-incendiees-naugmentent-plus-depuis-le-debut-du-siecle\" \/>\n<meta property=\"og:locale\" content=\"fr_FR\" \/>\n<meta property=\"og:type\" content=\"article\" \/>\n<meta property=\"og:title\" content=\"Les surfaces incendi\u00e9es n\u2019augmentent plus depuis le d\u00e9but du si\u00e8cle\" \/>\n<meta property=\"og:description\" content=\"Le 28 aou\u0302t 2023, plus de 15 millions d\u2019hectares de la fore\u0302t canadienne e\u0301taient partis en fume\u0301e, surtout a\u0300 l\u2019ouest d ...\" \/>\n<meta property=\"og:url\" content=\"https:\/\/www.africa-press.net\/djibouti\/toutes-les-actualites\/les-surfaces-incendiees-naugmentent-plus-depuis-le-debut-du-siecle\" \/>\n<meta property=\"og:site_name\" content=\"Djibouti\" \/>\n<meta property=\"article:published_time\" content=\"2023-08-30T19:43:45+00:00\" \/>\n<meta property=\"article:modified_time\" content=\"2023-08-30T21:02:53+00:00\" \/>\n<meta property=\"og:image\" content=\"https:\/\/static.africa-press.net\/djibouti\/sites\/52\/2023\/08\/sm_1693416685.892215.jpg\" \/>\n\t<meta property=\"og:image:width\" content=\"1200\" \/>\n\t<meta property=\"og:image:height\" content=\"899\" \/>\n\t<meta property=\"og:image:type\" content=\"image\/jpeg\" \/>\n<meta name=\"author\" content=\"cfeditorfr\" \/>\n<meta name=\"twitter:card\" content=\"summary_large_image\" \/>\n<meta name=\"twitter:label1\" content=\"\u00c9crit par\" \/>\n\t<meta name=\"twitter:data1\" content=\"cfeditorfr\" \/>\n\t<meta name=\"twitter:label2\" content=\"Dur\u00e9e de lecture estim\u00e9e\" \/>\n\t<meta name=\"twitter:data2\" content=\"9 minutes\" \/>\n<script type=\"application\/ld+json\" class=\"yoast-schema-graph\">{\"@context\":\"https:\/\/schema.org\",\"@graph\":[{\"@type\":\"Article\",\"@id\":\"https:\/\/www.africa-press.net\/djibouti\/toutes-les-actualites\/les-surfaces-incendiees-naugmentent-plus-depuis-le-debut-du-siecle#article\",\"isPartOf\":{\"@id\":\"https:\/\/www.africa-press.net\/djibouti\/toutes-les-actualites\/les-surfaces-incendiees-naugmentent-plus-depuis-le-debut-du-siecle\"},\"author\":{\"name\":\"cfeditorfr\",\"@id\":\"https:\/\/www.africa-press.net\/djibouti\/#\/schema\/person\/2b1cf3cd81a31e3cd26889ca66d677f1\"},\"headline\":\"Les surfaces incendi\u00e9es n\u2019augmentent plus depuis le d\u00e9but du si\u00e8cle\",\"datePublished\":\"2023-08-30T19:43:45+00:00\",\"dateModified\":\"2023-08-30T21:02:53+00:00\",\"mainEntityOfPage\":{\"@id\":\"https:\/\/www.africa-press.net\/djibouti\/toutes-les-actualites\/les-surfaces-incendiees-naugmentent-plus-depuis-le-debut-du-siecle\"},\"wordCount\":1813,\"commentCount\":0,\"image\":{\"@id\":\"https:\/\/www.africa-press.net\/djibouti\/toutes-les-actualites\/les-surfaces-incendiees-naugmentent-plus-depuis-le-debut-du-siecle#primaryimage\"},\"thumbnailUrl\":\"https:\/\/static.africa-press.net\/djibouti\/sites\/52\/2023\/08\/sm_1693416685.892215.jpg\",\"keywords\":[\"Africa Press\",\"Africa Press-Djibouti\",\"Djibouti\"],\"articleSection\":[\"Divers\",\"Toutes les actualit\u00e9s\"],\"inLanguage\":\"fr-FR\",\"potentialAction\":[{\"@type\":\"CommentAction\",\"name\":\"Comment\",\"target\":[\"https:\/\/www.africa-press.net\/djibouti\/toutes-les-actualites\/les-surfaces-incendiees-naugmentent-plus-depuis-le-debut-du-siecle#respond\"]}]},{\"@type\":\"WebPage\",\"@id\":\"https:\/\/www.africa-press.net\/djibouti\/toutes-les-actualites\/les-surfaces-incendiees-naugmentent-plus-depuis-le-debut-du-siecle\",\"url\":\"https:\/\/www.africa-press.net\/djibouti\/toutes-les-actualites\/les-surfaces-incendiees-naugmentent-plus-depuis-le-debut-du-siecle\",\"name\":\"Les surfaces incendi\u00e9es n\u2019augmentent plus depuis le d\u00e9but du si\u00e8cle - Djibouti\",\"isPartOf\":{\"@id\":\"https:\/\/www.africa-press.net\/djibouti\/#website\"},\"primaryImageOfPage\":{\"@id\":\"https:\/\/www.africa-press.net\/djibouti\/toutes-les-actualites\/les-surfaces-incendiees-naugmentent-plus-depuis-le-debut-du-siecle#primaryimage\"},\"image\":{\"@id\":\"https:\/\/www.africa-press.net\/djibouti\/toutes-les-actualites\/les-surfaces-incendiees-naugmentent-plus-depuis-le-debut-du-siecle#primaryimage\"},\"thumbnailUrl\":\"https:\/\/static.africa-press.net\/djibouti\/sites\/52\/2023\/08\/sm_1693416685.892215.jpg\",\"datePublished\":\"2023-08-30T19:43:45+00:00\",\"dateModified\":\"2023-08-30T21:02:53+00:00\",\"author\":{\"@id\":\"https:\/\/www.africa-press.net\/djibouti\/#\/schema\/person\/2b1cf3cd81a31e3cd26889ca66d677f1\"},\"description\":\"Le 28 aou\u0302t 2023, plus de 15 millions d\u2019hectares de la fore\u0302t canadienne e\u0301taient partis en fume\u0301e, surtout a\u0300 l\u2019ouest d ...\",\"breadcrumb\":{\"@id\":\"https:\/\/www.africa-press.net\/djibouti\/toutes-les-actualites\/les-surfaces-incendiees-naugmentent-plus-depuis-le-debut-du-siecle#breadcrumb\"},\"inLanguage\":\"fr-FR\",\"potentialAction\":[{\"@type\":\"ReadAction\",\"target\":[\"https:\/\/www.africa-press.net\/djibouti\/toutes-les-actualites\/les-surfaces-incendiees-naugmentent-plus-depuis-le-debut-du-siecle\"]}]},{\"@type\":\"ImageObject\",\"inLanguage\":\"fr-FR\",\"@id\":\"https:\/\/www.africa-press.net\/djibouti\/toutes-les-actualites\/les-surfaces-incendiees-naugmentent-plus-depuis-le-debut-du-siecle#primaryimage\",\"url\":\"https:\/\/static.africa-press.net\/djibouti\/sites\/52\/2023\/08\/sm_1693416685.892215.jpg\",\"contentUrl\":\"https:\/\/static.africa-press.net\/djibouti\/sites\/52\/2023\/08\/sm_1693416685.892215.jpg\",\"width\":1200,\"height\":899,\"caption\":\"Les surfaces incendi\u00e9es n\u2019augmentent plus depuis le d\u00e9but du si\u00e8cle\"},{\"@type\":\"BreadcrumbList\",\"@id\":\"https:\/\/www.africa-press.net\/djibouti\/toutes-les-actualites\/les-surfaces-incendiees-naugmentent-plus-depuis-le-debut-du-siecle#breadcrumb\",\"itemListElement\":[{\"@type\":\"ListItem\",\"position\":1,\"name\":\"Accueil\",\"item\":\"https:\/\/www.africa-press.net\/djibouti\/\"},{\"@type\":\"ListItem\",\"position\":2,\"name\":\"Les surfaces incendi\u00e9es n\u2019augmentent plus depuis le d\u00e9but du si\u00e8cle\"}]},{\"@type\":\"WebSite\",\"@id\":\"https:\/\/www.africa-press.net\/djibouti\/#website\",\"url\":\"https:\/\/www.africa-press.net\/djibouti\/\",\"name\":\"Djibouti\",\"description\":\"Just another Africa News Agency Sites site\",\"potentialAction\":[{\"@type\":\"SearchAction\",\"target\":{\"@type\":\"EntryPoint\",\"urlTemplate\":\"https:\/\/www.africa-press.net\/djibouti\/?s={search_term_string}\"},\"query-input\":{\"@type\":\"PropertyValueSpecification\",\"valueRequired\":true,\"valueName\":\"search_term_string\"}}],\"inLanguage\":\"fr-FR\"},{\"@type\":\"Person\",\"@id\":\"https:\/\/www.africa-press.net\/djibouti\/#\/schema\/person\/2b1cf3cd81a31e3cd26889ca66d677f1\",\"name\":\"cfeditorfr\"}]}<\/script>\n<!-- \/ Yoast SEO Premium plugin. -->","yoast_head_json":{"title":"Les surfaces incendi\u00e9es n\u2019augmentent plus depuis le d\u00e9but du si\u00e8cle - Djibouti","description":"Le 28 aou\u0302t 2023, plus de 15 millions d\u2019hectares de la fore\u0302t canadienne e\u0301taient partis en fume\u0301e, surtout a\u0300 l\u2019ouest d ...","robots":{"index":"index","follow":"follow","max-snippet":"max-snippet:-1","max-image-preview":"max-image-preview:large","max-video-preview":"max-video-preview:-1"},"canonical":"https:\/\/www.africa-press.net\/djibouti\/toutes-les-actualites\/les-surfaces-incendiees-naugmentent-plus-depuis-le-debut-du-siecle","og_locale":"fr_FR","og_type":"article","og_title":"Les surfaces incendi\u00e9es n\u2019augmentent plus depuis le d\u00e9but du si\u00e8cle","og_description":"Le 28 aou\u0302t 2023, plus de 15 millions d\u2019hectares de la fore\u0302t canadienne e\u0301taient partis en fume\u0301e, surtout a\u0300 l\u2019ouest d ...","og_url":"https:\/\/www.africa-press.net\/djibouti\/toutes-les-actualites\/les-surfaces-incendiees-naugmentent-plus-depuis-le-debut-du-siecle","og_site_name":"Djibouti","article_published_time":"2023-08-30T19:43:45+00:00","article_modified_time":"2023-08-30T21:02:53+00:00","og_image":[{"width":1200,"height":899,"url":"https:\/\/static.africa-press.net\/djibouti\/sites\/52\/2023\/08\/sm_1693416685.892215.jpg","type":"image\/jpeg"}],"author":"cfeditorfr","twitter_card":"summary_large_image","twitter_misc":{"\u00c9crit par":"cfeditorfr","Dur\u00e9e de lecture estim\u00e9e":"9 minutes"},"schema":{"@context":"https:\/\/schema.org","@graph":[{"@type":"Article","@id":"https:\/\/www.africa-press.net\/djibouti\/toutes-les-actualites\/les-surfaces-incendiees-naugmentent-plus-depuis-le-debut-du-siecle#article","isPartOf":{"@id":"https:\/\/www.africa-press.net\/djibouti\/toutes-les-actualites\/les-surfaces-incendiees-naugmentent-plus-depuis-le-debut-du-siecle"},"author":{"name":"cfeditorfr","@id":"https:\/\/www.africa-press.net\/djibouti\/#\/schema\/person\/2b1cf3cd81a31e3cd26889ca66d677f1"},"headline":"Les surfaces incendi\u00e9es n\u2019augmentent plus depuis le d\u00e9but du si\u00e8cle","datePublished":"2023-08-30T19:43:45+00:00","dateModified":"2023-08-30T21:02:53+00:00","mainEntityOfPage":{"@id":"https:\/\/www.africa-press.net\/djibouti\/toutes-les-actualites\/les-surfaces-incendiees-naugmentent-plus-depuis-le-debut-du-siecle"},"wordCount":1813,"commentCount":0,"image":{"@id":"https:\/\/www.africa-press.net\/djibouti\/toutes-les-actualites\/les-surfaces-incendiees-naugmentent-plus-depuis-le-debut-du-siecle#primaryimage"},"thumbnailUrl":"https:\/\/static.africa-press.net\/djibouti\/sites\/52\/2023\/08\/sm_1693416685.892215.jpg","keywords":["Africa Press","Africa Press-Djibouti","Djibouti"],"articleSection":["Divers","Toutes les actualit\u00e9s"],"inLanguage":"fr-FR","potentialAction":[{"@type":"CommentAction","name":"Comment","target":["https:\/\/www.africa-press.net\/djibouti\/toutes-les-actualites\/les-surfaces-incendiees-naugmentent-plus-depuis-le-debut-du-siecle#respond"]}]},{"@type":"WebPage","@id":"https:\/\/www.africa-press.net\/djibouti\/toutes-les-actualites\/les-surfaces-incendiees-naugmentent-plus-depuis-le-debut-du-siecle","url":"https:\/\/www.africa-press.net\/djibouti\/toutes-les-actualites\/les-surfaces-incendiees-naugmentent-plus-depuis-le-debut-du-siecle","name":"Les surfaces incendi\u00e9es n\u2019augmentent plus depuis le d\u00e9but du si\u00e8cle - Djibouti","isPartOf":{"@id":"https:\/\/www.africa-press.net\/djibouti\/#website"},"primaryImageOfPage":{"@id":"https:\/\/www.africa-press.net\/djibouti\/toutes-les-actualites\/les-surfaces-incendiees-naugmentent-plus-depuis-le-debut-du-siecle#primaryimage"},"image":{"@id":"https:\/\/www.africa-press.net\/djibouti\/toutes-les-actualites\/les-surfaces-incendiees-naugmentent-plus-depuis-le-debut-du-siecle#primaryimage"},"thumbnailUrl":"https:\/\/static.africa-press.net\/djibouti\/sites\/52\/2023\/08\/sm_1693416685.892215.jpg","datePublished":"2023-08-30T19:43:45+00:00","dateModified":"2023-08-30T21:02:53+00:00","author":{"@id":"https:\/\/www.africa-press.net\/djibouti\/#\/schema\/person\/2b1cf3cd81a31e3cd26889ca66d677f1"},"description":"Le 28 aou\u0302t 2023, plus de 15 millions d\u2019hectares de la fore\u0302t canadienne e\u0301taient partis en fume\u0301e, surtout a\u0300 l\u2019ouest d ...","breadcrumb":{"@id":"https:\/\/www.africa-press.net\/djibouti\/toutes-les-actualites\/les-surfaces-incendiees-naugmentent-plus-depuis-le-debut-du-siecle#breadcrumb"},"inLanguage":"fr-FR","potentialAction":[{"@type":"ReadAction","target":["https:\/\/www.africa-press.net\/djibouti\/toutes-les-actualites\/les-surfaces-incendiees-naugmentent-plus-depuis-le-debut-du-siecle"]}]},{"@type":"ImageObject","inLanguage":"fr-FR","@id":"https:\/\/www.africa-press.net\/djibouti\/toutes-les-actualites\/les-surfaces-incendiees-naugmentent-plus-depuis-le-debut-du-siecle#primaryimage","url":"https:\/\/static.africa-press.net\/djibouti\/sites\/52\/2023\/08\/sm_1693416685.892215.jpg","contentUrl":"https:\/\/static.africa-press.net\/djibouti\/sites\/52\/2023\/08\/sm_1693416685.892215.jpg","width":1200,"height":899,"caption":"Les surfaces incendi\u00e9es n\u2019augmentent plus depuis le d\u00e9but du si\u00e8cle"},{"@type":"BreadcrumbList","@id":"https:\/\/www.africa-press.net\/djibouti\/toutes-les-actualites\/les-surfaces-incendiees-naugmentent-plus-depuis-le-debut-du-siecle#breadcrumb","itemListElement":[{"@type":"ListItem","position":1,"name":"Accueil","item":"https:\/\/www.africa-press.net\/djibouti\/"},{"@type":"ListItem","position":2,"name":"Les surfaces incendi\u00e9es n\u2019augmentent plus depuis le d\u00e9but du si\u00e8cle"}]},{"@type":"WebSite","@id":"https:\/\/www.africa-press.net\/djibouti\/#website","url":"https:\/\/www.africa-press.net\/djibouti\/","name":"Djibouti","description":"Just another Africa News Agency Sites site","potentialAction":[{"@type":"SearchAction","target":{"@type":"EntryPoint","urlTemplate":"https:\/\/www.africa-press.net\/djibouti\/?s={search_term_string}"},"query-input":{"@type":"PropertyValueSpecification","valueRequired":true,"valueName":"search_term_string"}}],"inLanguage":"fr-FR"},{"@type":"Person","@id":"https:\/\/www.africa-press.net\/djibouti\/#\/schema\/person\/2b1cf3cd81a31e3cd26889ca66d677f1","name":"cfeditorfr"}]}},"_links":{"self":[{"href":"https:\/\/www.africa-press.net\/djibouti\/wp-json\/wp\/v2\/posts\/17148","targetHints":{"allow":["GET"]}}],"collection":[{"href":"https:\/\/www.africa-press.net\/djibouti\/wp-json\/wp\/v2\/posts"}],"about":[{"href":"https:\/\/www.africa-press.net\/djibouti\/wp-json\/wp\/v2\/types\/post"}],"author":[{"embeddable":true,"href":"https:\/\/www.africa-press.net\/djibouti\/wp-json\/wp\/v2\/users\/82"}],"replies":[{"embeddable":true,"href":"https:\/\/www.africa-press.net\/djibouti\/wp-json\/wp\/v2\/comments?post=17148"}],"version-history":[{"count":0,"href":"https:\/\/www.africa-press.net\/djibouti\/wp-json\/wp\/v2\/posts\/17148\/revisions"}],"wp:featuredmedia":[{"embeddable":true,"href":"https:\/\/www.africa-press.net\/djibouti\/wp-json\/wp\/v2\/media\/17147"}],"wp:attachment":[{"href":"https:\/\/www.africa-press.net\/djibouti\/wp-json\/wp\/v2\/media?parent=17148"}],"wp:term":[{"taxonomy":"category","embeddable":true,"href":"https:\/\/www.africa-press.net\/djibouti\/wp-json\/wp\/v2\/categories?post=17148"},{"taxonomy":"post_tag","embeddable":true,"href":"https:\/\/www.africa-press.net\/djibouti\/wp-json\/wp\/v2\/tags?post=17148"}],"curies":[{"name":"wp","href":"https:\/\/api.w.org\/{rel}","templated":true}]}}