{"id":17177,"date":"2023-08-30T20:58:03","date_gmt":"2023-08-30T20:58:03","guid":{"rendered":"https:\/\/www.africa-press.net\/djibouti\/politique\/rentree-politique-le-president-guelleh-decline-les-grandes-lignes-des-priorites-quil-fixe-a-son-gouvernement"},"modified":"2023-08-30T21:32:40","modified_gmt":"2023-08-30T21:32:40","slug":"rentree-politique-le-president-guelleh-decline-les-grandes-lignes-des-priorites-quil-fixe-a-son-gouvernement","status":"publish","type":"post","link":"https:\/\/www.africa-press.net\/djibouti\/politique\/rentree-politique-le-president-guelleh-decline-les-grandes-lignes-des-priorites-quil-fixe-a-son-gouvernement","title":{"rendered":"Rentr\u00e9e politique le Pr\u00e9sident Guelleh d\u00e9cline les grandes lignes des priorit\u00e9s qu\u2019il fixe \u00e0 son gouvernement"},"content":{"rendered":"<p><span style=\"color: #ff6600\"><strong>Africa-Press &#8211; Djibouti. <\/strong><\/span>Dans une de\u0301claration faite mardi dans le cadre du 11e Conseil de Ministres, marquant la rentre\u0301e politique de cette anne\u0301e, le pre\u0301sident de la Re\u0301publique, Ismai\u0308l Omar Guelleh, a e\u0301labore\u0301 un e\u0301tat de lieux ge\u0301ne\u0301ral de la situation de notre pays et a de\u0301cline\u0301 les grandes lignes des priorite\u0301s qu\u2019il fixe de\u0301sormais a\u0300 son gouvernement.<\/p>\n<p>Dans cette intervention, le Pre\u0301sident Guelleh, qui a d\u2019emble\u0301e rappele\u0301 le rang pre\u0301ponde\u0301rant consenti au domaine social dans l\u2019action qu\u2019il conduit a\u0300 la te\u0302te du pays, s\u2019est re\u0301joui des nombreuses re\u0301alisations enregistre\u0301es dans ce secteur. \u00ab La Strate\u0301gique Nationale de Protection Sociale (2018-2022) a e\u0301te\u0301 notre socle pour amortir les chocs et renforcer la re\u0301silience de nos concitoyens. Nous avons e\u0301galement mis en place une feuille de route visant a\u0300 e\u0301radiquer les bidonvilles et a\u0300 assurer un logement abordable pour tous \u00bb, a de\u0301clare\u0301 le chef de l\u2019Etat. \u00ab Le gouvernement s\u2019efforce d\u2019augmenter l\u2019offre de logements et de parcelles viabilise\u0301es pour chaque cate\u0301gorie de la population \u00bb, a, dans cet e\u0301lan, indique\u0301 le Pre\u0301sident Guelleh, citant, au titre d\u2019objectif nouveau de\u0301fini a\u0300 notre politique sociale, la mise en place d\u2019un Sche\u0301ma Directeur d\u2019Education et de Formation pour les 15 anne\u0301es a\u0300 venir, source \u00ab d\u2019avenir prometteur, en harmonie avec notre Plan National de De\u0301veloppement et axe\u0301 sur l\u2018e\u0301panouissement de notre capital humain\u00bb.<\/p>\n<p>Dans cette allocution, le pre\u0301sident de la Re\u0301publique s\u2019est livre\u0301 e\u0301galement a\u0300 un e\u0301tat des lieux ge\u0301ne\u0301ral de la situation de la sante\u0301, un autre domaine prioritaire de l\u2019action gouvernementale. \u00ab En matie\u0300re de sante\u0301, notre engagement inde\u0301fectible a\u0300 travers l\u2019e\u0301largissement de la couverture sante\u0301 universelle et le de\u0301veloppement durable a conduit a\u0300 une se\u0301rie de mesures avise\u0301es \u00bb, s\u2019est, a\u0300 ce sujet, fe\u0301licite\u0301 le Pre\u0301sident Ismai\u0308l Omar Guelleh.<\/p>\n<p>\u00ab L\u2019adoption d\u2019une Strate\u0301gie en Me\u0301dicaments et Produits pharmaceutiques pour les cinq anne\u0301es a\u0300 venir (2023-2027), le renforcement des chaines d\u2019approvisionnement et la cre\u0301ation d\u2019un Centre Hospitalier Universitaire \u00bb, constituent les porte-e\u0301tendards nouveaux appele\u0301s a\u0300 assurer l\u2019accroissement de nos dispositions de sante\u0301, a affirme\u0301 le Pre\u0301sident Guelleh.<\/p>\n<p>Le chef de l\u2019Etat a mis par ailleurs a\u0300 profit cette allocution pour e\u0301laborer l\u2019inventaire ge\u0301ne\u0301ral des mesures engage\u0301es dans les domaines relatifs a\u0300 la gestion des finances publiques et a\u0300 la re\u0301forme des entreprises de l\u2019Etat.<\/p>\n<p>En ce qui concerne la gestion des Finances Publiques, \u00abl\u2019e\u0301valuation conjointe externe et inde\u0301pendante a souligne\u0301 l\u2019existence de fondamentaux solides et l\u2019allocation de ressources \u00bb, a-t-il re\u0301ve\u0301le\u0301. La conformite\u0301 de notre pays aux normes internationales les plus vue en matie\u0300re de gestion de finance publique est allie\u0301e a\u0300 la politique, largement ente\u0301rine\u0301e, \u00ab de mettre en \u0153uvre, dans les meilleurs de\u0301lais, le plan d\u2019action re\u0301sultant de cette e\u0301valuation \u00bb, a mis en lumie\u0300re le chef de l\u2019Etat. Quant a\u0300 la re\u0301forme des entreprises publiques, diligente\u0301e de\u0301sormais a\u0300 tous les niveaux de l\u2019Administration nationale, elle a, de l\u2019avis du chef de l\u2019Etat, et a\u0300 juste titre, vocation e\u0301tablie a\u0300 connecter notre pays a\u0300 toutes les vertus de transparence et de modernite\u0301, propres aux \u00ab e\u0301tablissements publics efficients pour orienter davantage de ressources vers l\u2019investissement public \u00bb.<\/p>\n<p>Dans son allocution, le Pre\u0301sident Guelleh, a adjoint e\u0301galement le de\u0301veloppement des investissements prive\u0301s dans la liste des priorite\u0301s strate\u0301giques rede\u0301finies a\u0300 notre de\u0301veloppement.<\/p>\n<p>Il a de ce fait de\u0301cline\u0301 l\u2019architecture ge\u0301ne\u0301rale et les modalite\u0301s pratiques appele\u0301es a\u0300 servir de support a\u0300 l\u2019affirmation de cet objectif. \u00ab L\u2019investissement prive\u0301 a fortement acce\u0301le\u0301re\u0301 depuis le de\u0301but de l\u2019anne\u0301e 2023 \u00bb, s\u2019est re\u0301joui le chef de l\u2019Etat, pour qui la re\u0301alisation d\u2019une plus grande implication des investissements prive\u0301s dans notre de\u0301veloppement reste subordonne\u0301e a\u0300 la capacite\u0301 de notre pays a\u0300 \u00ab davantage maintenir le soutien et l\u2019accompagnement aux initiatives prive\u0301es&#8230; et renforcer le partenariat public-prive\u0301 dans les secteurs cle\u0301s tels que la logistique et l\u2019e\u0301nergie \u00bb.<\/p>\n<p>\u00ab Outre les mesures d\u2019accompagnement, il convient d\u2019acce\u0301le\u0301rer la re\u0301forme du code des investissements actuellement en cours \u00bb, a note\u0301 aussi le pre\u0301sident de la Re\u0301publique, convaincu que cette \u00ab Strate\u0301gie Nationale d\u2019Inclusion Financie\u0300re permettra de renforcer l\u2019interme\u0301diation et de de\u0301multiplier l\u2019investissement prive\u0301 ne\u0301cessaire a\u0300 la vitalite\u0301 de notre e\u0301conomie \u00bb.<\/p>\n<p>Les nouvelles technologies de l\u2019information et de la communication (TIC) inte\u0300grent aussi les matrices phares affecte\u0301es a\u0300 la poursuite des efforts de\u0301volus a\u0300 notre de\u0301veloppement. \u00ab Notre pays s\u2019est re\u0301solument tourne\u0301 vers l\u2019innovation et les technologies pour stimuler notre e\u0301conomie digitale et perfectionner notre Administration et notre Gouvernance \u00bb, a a\u0300 cet effet de\u0301clare\u0301 le Pre\u0301sident Guelleh, souhaitant poursuivre les progre\u0300s enregistre\u0301s dans ce domaine a\u0300 travers \u00ab la mise en \u0153uvre du code du nume\u0301rique adopte\u0301 avant les vacances estivales et un renforcement du volet sensibilisation \u00bb, tant il est vrai que Internet et les Re\u0301seaux sociaux affluent avec des \u00ab caracte\u0300res parfois choquants \u00bb.<\/p>\n<p>Dans l\u2019inventaire ge\u0301ne\u0301ral des strate\u0301gies rede\u0301finies a\u0300 notre de\u0301veloppement, le Pre\u0301sident Guelleh a cite\u0301 e\u0301galement la ne\u0301cessite\u0301 pour notre pays de tirer profit des mutations ge\u0301opolitiques en cours dans la re\u0301gion et le monde, en me\u0302me temps que de se pre\u0301munir contre les conse\u0301quences ne\u0301gatives de ces changements.<\/p>\n<p>\u00ab De\u0301termine\u0301e a\u0300 jouer un ro\u0302le important dans la politique re\u0301gionale et internationale, notre Diplomatie doit instaurer un partenariat solide avec ces pays en permettant de promouvoir nos inte\u0301re\u0302ts dans les domaines e\u0301conomiques et financiers \u00bb, a soutenu le Pre\u0301sident Guelleh, re\u0301ite\u0301rant sa mobilisation pleine et entie\u0300re a\u0300 redoubler d\u2019efforts en vue \u00abd\u2019offrir a\u0300 nos concitoyens la paix et la se\u0301re\u0301nite\u0301 dont ils ont besoin pour vivre et prospe\u0301rer\u00bb.(Fin de citation)<\/p>\n\r\n                <style type=\"text\/css\">\r\n                    \r\n                    #td_uid_1_69ef135daec6f  .td-doubleSlider-2 .td-item1 {\r\n                        background: url(https:\/\/static.africa-press.net\/djibouti\/sites\/52\/2023\/08\/sm_1693418527.479787-80x60.jpg) 0 0 no-repeat;\r\n                    }\r\n                    #td_uid_1_69ef135daec6f  .td-doubleSlider-2 .td-item2 {\r\n                        background: url(https:\/\/static.africa-press.net\/djibouti\/sites\/52\/2023\/08\/sm_1693418537.912451-80x60.jpg) 0 0 no-repeat;\r\n                    }\r\n                <\/style>\r\n\r\n                <div id=\"td_uid_1_69ef135daec6f\" class=\"td-gallery td-slide-on-2-columns\">\r\n                    <div class=\"post_td_gallery\">\r\n                        <div class=\"td-gallery-slide-top\">\r\n                           <div class=\"td-gallery-title\"><\/div>\r\n\r\n                            <div class=\"td-gallery-controls-wrapper\">\r\n                                <div class=\"td-gallery-slide-count\"><span class=\"td-gallery-slide-item-focus\">1<\/span> de 2<\/div>\r\n                                <div class=\"td-gallery-slide-prev-next-but\">\r\n                                    <i class = \"td-icon-left doubleSliderPrevButton\"><\/i>\r\n                                    <i class = \"td-icon-right doubleSliderNextButton\"><\/i>\r\n                                <\/div>\r\n                            <\/div>\r\n                        <\/div>\r\n\r\n                        <div class = \"td-doubleSlider-1 \">\r\n                            <div class = \"td-slider\">\r\n                                \r\n                    <div class = \"td-slide-item td-item1\">\r\n                        <figure class=\"td-slide-galery-figure td-slide-popup-gallery\">\r\n                            <a class=\"slide-gallery-image-link\" href=\"https:\/\/static.africa-press.net\/djibouti\/sites\/52\/2023\/08\/sm_1693418527.479787.jpg\" title=\"sm_1693418527.479787\"  data-caption=\"\"  data-description=\"\">\r\n                                <img decoding=\"async\" src=\"https:\/\/static.africa-press.net\/djibouti\/sites\/52\/2023\/08\/sm_1693418527.479787.jpg\" srcset=\"https:\/\/static.africa-press.net\/djibouti\/sites\/52\/2023\/08\/sm_1693418527.479787.jpg 1024w, https:\/\/static.africa-press.net\/djibouti\/sites\/52\/2023\/08\/sm_1693418527.479787-300x146.jpg 300w, https:\/\/static.africa-press.net\/djibouti\/sites\/52\/2023\/08\/sm_1693418527.479787-768x374.jpg 768w\" sizes=\"(max-width: 1024px) 100vw, 1024px\" alt=\"\">\r\n                            <\/a>\r\n                            \r\n                        <\/figure>\r\n                    <\/div>\r\n                    <div class = \"td-slide-item td-item2\">\r\n                        <figure class=\"td-slide-galery-figure td-slide-popup-gallery\">\r\n                            <a class=\"slide-gallery-image-link\" href=\"https:\/\/static.africa-press.net\/djibouti\/sites\/52\/2023\/08\/sm_1693418537.912451.jpg\" title=\"sm_1693418537.912451\"  data-caption=\"\"  data-description=\"\">\r\n                                <img decoding=\"async\" src=\"https:\/\/static.africa-press.net\/djibouti\/sites\/52\/2023\/08\/sm_1693418537.912451.jpg\" srcset=\"https:\/\/static.africa-press.net\/djibouti\/sites\/52\/2023\/08\/sm_1693418537.912451.jpg 1024w, https:\/\/static.africa-press.net\/djibouti\/sites\/52\/2023\/08\/sm_1693418537.912451-300x200.jpg 300w, https:\/\/static.africa-press.net\/djibouti\/sites\/52\/2023\/08\/sm_1693418537.912451-768x512.jpg 768w\" sizes=\"(max-width: 1024px) 100vw, 1024px\" alt=\"\">\r\n                            <\/a>\r\n                            \r\n                        <\/figure>\r\n                    <\/div>\r\n                            <\/div>\r\n                        <\/div>\r\n\r\n                        <div class = \"td-doubleSlider-2\">\r\n                            <div class = \"td-slider\">\r\n                                \r\n                    <div class = \"td-button td-item1\">\r\n                        <div class = \"td-border\"><\/div>\r\n                    <\/div>\r\n                    <div class = \"td-button td-item2\">\r\n                        <div class = \"td-border\"><\/div>\r\n                    <\/div>\r\n                            <\/div>\r\n                        <\/div>\r\n\r\n                    <\/div>\r\n\r\n                <\/div>\r\n                \n<p><strong>Pour plus d&rsquo;informations et d&rsquo;analyses sur la <a href=\"https:\/\/www.africa-press.net\/djibouti\">Djibouti<\/a>, suivez <a href=\"https:\/\/www.africa-press.net\/\">Africa-Press<\/a><\/strong><\/p>\n","protected":false},"excerpt":{"rendered":"<p>Africa-Press &#8211; Djibouti. Dans une de\u0301claration faite mardi dans le cadre du 11e Conseil de Ministres, marquant la rentre\u0301e politique de cette anne\u0301e, le pre\u0301sident de la Re\u0301publique, Ismai\u0308l Omar Guelleh, a e\u0301labore\u0301 un e\u0301tat de lieux ge\u0301ne\u0301ral de la situation de notre pays et a de\u0301cline\u0301 les grandes lignes des priorite\u0301s qu\u2019il fixe de\u0301sormais [&hellip;]<\/p>\n","protected":false},"author":82,"featured_media":17176,"comment_status":"open","ping_status":"closed","sticky":false,"template":"","format":"standard","meta":{"footnotes":""},"categories":[8,2,20,10],"tags":[36,49,50],"class_list":["post-17177","post","type-post","status-publish","format-standard","has-post-thumbnail","hentry","category-photo","category-politique","category-top-nouvelles","category-toutes-les-actualites","tag-africa-press","tag-africa-press-djibouti","tag-djibouti"],"yoast_head":"<!-- This site is optimized with the Yoast SEO Premium plugin v26.1 (Yoast SEO v27.0) - https:\/\/yoast.com\/product\/yoast-seo-premium-wordpress\/ -->\n<title>Rentr\u00e9e politique le Pr\u00e9sident Guelleh d\u00e9cline les grandes lignes des priorit\u00e9s qu\u2019il fixe \u00e0 son gouvernement - Djibouti<\/title>\n<meta name=\"description\" content=\"Dans une de\u0301claration faite mardi dans le cadre du 11e Conseil de Ministres, marquant la rentre\u0301e politique de cette ann ...\" \/>\n<meta name=\"robots\" content=\"index, follow, max-snippet:-1, max-image-preview:large, max-video-preview:-1\" \/>\n<link rel=\"canonical\" href=\"https:\/\/www.africa-press.net\/djibouti\/politique\/rentree-politique-le-president-guelleh-decline-les-grandes-lignes-des-priorites-quil-fixe-a-son-gouvernement\" \/>\n<meta property=\"og:locale\" content=\"fr_FR\" \/>\n<meta property=\"og:type\" content=\"article\" \/>\n<meta property=\"og:title\" content=\"Rentr\u00e9e politique le Pr\u00e9sident Guelleh d\u00e9cline les grandes lignes des priorit\u00e9s qu\u2019il fixe \u00e0 son gouvernement\" \/>\n<meta property=\"og:description\" content=\"Dans une de\u0301claration faite mardi dans le cadre du 11e Conseil de Ministres, marquant la rentre\u0301e politique de cette ann ...\" \/>\n<meta property=\"og:url\" content=\"https:\/\/www.africa-press.net\/djibouti\/politique\/rentree-politique-le-president-guelleh-decline-les-grandes-lignes-des-priorites-quil-fixe-a-son-gouvernement\" \/>\n<meta property=\"og:site_name\" content=\"Djibouti\" \/>\n<meta property=\"article:published_time\" content=\"2023-08-30T20:58:03+00:00\" \/>\n<meta property=\"article:modified_time\" content=\"2023-08-30T21:32:40+00:00\" \/>\n<meta property=\"og:image\" content=\"https:\/\/static.africa-press.net\/djibouti\/sites\/52\/2023\/08\/sm_1693418548.09999.jpg\" \/>\n\t<meta property=\"og:image:width\" content=\"720\" \/>\n\t<meta property=\"og:image:height\" content=\"399\" \/>\n\t<meta property=\"og:image:type\" content=\"image\/jpeg\" \/>\n<meta name=\"author\" content=\"cfeditorfr\" \/>\n<meta name=\"twitter:card\" content=\"summary_large_image\" \/>\n<meta name=\"twitter:label1\" content=\"\u00c9crit par\" \/>\n\t<meta name=\"twitter:data1\" content=\"cfeditorfr\" \/>\n\t<meta name=\"twitter:label2\" content=\"Dur\u00e9e de lecture estim\u00e9e\" \/>\n\t<meta name=\"twitter:data2\" content=\"6 minutes\" \/>\n<script type=\"application\/ld+json\" class=\"yoast-schema-graph\">{\"@context\":\"https:\/\/schema.org\",\"@graph\":[{\"@type\":\"Article\",\"@id\":\"https:\/\/www.africa-press.net\/djibouti\/politique\/rentree-politique-le-president-guelleh-decline-les-grandes-lignes-des-priorites-quil-fixe-a-son-gouvernement#article\",\"isPartOf\":{\"@id\":\"https:\/\/www.africa-press.net\/djibouti\/politique\/rentree-politique-le-president-guelleh-decline-les-grandes-lignes-des-priorites-quil-fixe-a-son-gouvernement\"},\"author\":{\"name\":\"cfeditorfr\",\"@id\":\"https:\/\/www.africa-press.net\/djibouti\/#\/schema\/person\/2b1cf3cd81a31e3cd26889ca66d677f1\"},\"headline\":\"Rentr\u00e9e politique le Pr\u00e9sident Guelleh d\u00e9cline les grandes lignes des priorit\u00e9s qu\u2019il fixe \u00e0 son gouvernement\",\"datePublished\":\"2023-08-30T20:58:03+00:00\",\"dateModified\":\"2023-08-30T21:32:40+00:00\",\"mainEntityOfPage\":{\"@id\":\"https:\/\/www.africa-press.net\/djibouti\/politique\/rentree-politique-le-president-guelleh-decline-les-grandes-lignes-des-priorites-quil-fixe-a-son-gouvernement\"},\"wordCount\":1121,\"commentCount\":0,\"image\":{\"@id\":\"https:\/\/www.africa-press.net\/djibouti\/politique\/rentree-politique-le-president-guelleh-decline-les-grandes-lignes-des-priorites-quil-fixe-a-son-gouvernement#primaryimage\"},\"thumbnailUrl\":\"https:\/\/static.africa-press.net\/djibouti\/sites\/52\/2023\/08\/sm_1693418548.09999.jpg\",\"keywords\":[\"Africa Press\",\"Africa Press-Djibouti\",\"Djibouti\"],\"articleSection\":[\"Photo\",\"Politique\",\"Top Nouvelles\",\"Toutes les actualit\u00e9s\"],\"inLanguage\":\"fr-FR\",\"potentialAction\":[{\"@type\":\"CommentAction\",\"name\":\"Comment\",\"target\":[\"https:\/\/www.africa-press.net\/djibouti\/politique\/rentree-politique-le-president-guelleh-decline-les-grandes-lignes-des-priorites-quil-fixe-a-son-gouvernement#respond\"]}]},{\"@type\":\"WebPage\",\"@id\":\"https:\/\/www.africa-press.net\/djibouti\/politique\/rentree-politique-le-president-guelleh-decline-les-grandes-lignes-des-priorites-quil-fixe-a-son-gouvernement\",\"url\":\"https:\/\/www.africa-press.net\/djibouti\/politique\/rentree-politique-le-president-guelleh-decline-les-grandes-lignes-des-priorites-quil-fixe-a-son-gouvernement\",\"name\":\"Rentr\u00e9e politique le Pr\u00e9sident Guelleh d\u00e9cline les grandes lignes des priorit\u00e9s qu\u2019il fixe \u00e0 son gouvernement - Djibouti\",\"isPartOf\":{\"@id\":\"https:\/\/www.africa-press.net\/djibouti\/#website\"},\"primaryImageOfPage\":{\"@id\":\"https:\/\/www.africa-press.net\/djibouti\/politique\/rentree-politique-le-president-guelleh-decline-les-grandes-lignes-des-priorites-quil-fixe-a-son-gouvernement#primaryimage\"},\"image\":{\"@id\":\"https:\/\/www.africa-press.net\/djibouti\/politique\/rentree-politique-le-president-guelleh-decline-les-grandes-lignes-des-priorites-quil-fixe-a-son-gouvernement#primaryimage\"},\"thumbnailUrl\":\"https:\/\/static.africa-press.net\/djibouti\/sites\/52\/2023\/08\/sm_1693418548.09999.jpg\",\"datePublished\":\"2023-08-30T20:58:03+00:00\",\"dateModified\":\"2023-08-30T21:32:40+00:00\",\"author\":{\"@id\":\"https:\/\/www.africa-press.net\/djibouti\/#\/schema\/person\/2b1cf3cd81a31e3cd26889ca66d677f1\"},\"description\":\"Dans une de\u0301claration faite mardi dans le cadre du 11e Conseil de Ministres, marquant la rentre\u0301e politique de cette ann ...\",\"breadcrumb\":{\"@id\":\"https:\/\/www.africa-press.net\/djibouti\/politique\/rentree-politique-le-president-guelleh-decline-les-grandes-lignes-des-priorites-quil-fixe-a-son-gouvernement#breadcrumb\"},\"inLanguage\":\"fr-FR\",\"potentialAction\":[{\"@type\":\"ReadAction\",\"target\":[\"https:\/\/www.africa-press.net\/djibouti\/politique\/rentree-politique-le-president-guelleh-decline-les-grandes-lignes-des-priorites-quil-fixe-a-son-gouvernement\"]}]},{\"@type\":\"ImageObject\",\"inLanguage\":\"fr-FR\",\"@id\":\"https:\/\/www.africa-press.net\/djibouti\/politique\/rentree-politique-le-president-guelleh-decline-les-grandes-lignes-des-priorites-quil-fixe-a-son-gouvernement#primaryimage\",\"url\":\"https:\/\/static.africa-press.net\/djibouti\/sites\/52\/2023\/08\/sm_1693418548.09999.jpg\",\"contentUrl\":\"https:\/\/static.africa-press.net\/djibouti\/sites\/52\/2023\/08\/sm_1693418548.09999.jpg\",\"width\":720,\"height\":399,\"caption\":\"Rentr\u00e9e politique le Pr\u00e9sident Guelleh d\u00e9cline les grandes lignes des priorit\u00e9s qu\u2019il fixe \u00e0 son gouvernement\"},{\"@type\":\"BreadcrumbList\",\"@id\":\"https:\/\/www.africa-press.net\/djibouti\/politique\/rentree-politique-le-president-guelleh-decline-les-grandes-lignes-des-priorites-quil-fixe-a-son-gouvernement#breadcrumb\",\"itemListElement\":[{\"@type\":\"ListItem\",\"position\":1,\"name\":\"Accueil\",\"item\":\"https:\/\/www.africa-press.net\/djibouti\/\"},{\"@type\":\"ListItem\",\"position\":2,\"name\":\"Rentr\u00e9e politique le Pr\u00e9sident Guelleh d\u00e9cline les grandes lignes des priorit\u00e9s qu\u2019il fixe \u00e0 son gouvernement\"}]},{\"@type\":\"WebSite\",\"@id\":\"https:\/\/www.africa-press.net\/djibouti\/#website\",\"url\":\"https:\/\/www.africa-press.net\/djibouti\/\",\"name\":\"Djibouti\",\"description\":\"Just another Africa News Agency Sites site\",\"potentialAction\":[{\"@type\":\"SearchAction\",\"target\":{\"@type\":\"EntryPoint\",\"urlTemplate\":\"https:\/\/www.africa-press.net\/djibouti\/?s={search_term_string}\"},\"query-input\":{\"@type\":\"PropertyValueSpecification\",\"valueRequired\":true,\"valueName\":\"search_term_string\"}}],\"inLanguage\":\"fr-FR\"},{\"@type\":\"Person\",\"@id\":\"https:\/\/www.africa-press.net\/djibouti\/#\/schema\/person\/2b1cf3cd81a31e3cd26889ca66d677f1\",\"name\":\"cfeditorfr\"}]}<\/script>\n<!-- \/ Yoast SEO Premium plugin. -->","yoast_head_json":{"title":"Rentr\u00e9e politique le Pr\u00e9sident Guelleh d\u00e9cline les grandes lignes des priorit\u00e9s qu\u2019il fixe \u00e0 son gouvernement - Djibouti","description":"Dans une de\u0301claration faite mardi dans le cadre du 11e Conseil de Ministres, marquant la rentre\u0301e politique de cette ann ...","robots":{"index":"index","follow":"follow","max-snippet":"max-snippet:-1","max-image-preview":"max-image-preview:large","max-video-preview":"max-video-preview:-1"},"canonical":"https:\/\/www.africa-press.net\/djibouti\/politique\/rentree-politique-le-president-guelleh-decline-les-grandes-lignes-des-priorites-quil-fixe-a-son-gouvernement","og_locale":"fr_FR","og_type":"article","og_title":"Rentr\u00e9e politique le Pr\u00e9sident Guelleh d\u00e9cline les grandes lignes des priorit\u00e9s qu\u2019il fixe \u00e0 son gouvernement","og_description":"Dans une de\u0301claration faite mardi dans le cadre du 11e Conseil de Ministres, marquant la rentre\u0301e politique de cette ann ...","og_url":"https:\/\/www.africa-press.net\/djibouti\/politique\/rentree-politique-le-president-guelleh-decline-les-grandes-lignes-des-priorites-quil-fixe-a-son-gouvernement","og_site_name":"Djibouti","article_published_time":"2023-08-30T20:58:03+00:00","article_modified_time":"2023-08-30T21:32:40+00:00","og_image":[{"width":720,"height":399,"url":"https:\/\/static.africa-press.net\/djibouti\/sites\/52\/2023\/08\/sm_1693418548.09999.jpg","type":"image\/jpeg"}],"author":"cfeditorfr","twitter_card":"summary_large_image","twitter_misc":{"\u00c9crit par":"cfeditorfr","Dur\u00e9e de lecture estim\u00e9e":"6 minutes"},"schema":{"@context":"https:\/\/schema.org","@graph":[{"@type":"Article","@id":"https:\/\/www.africa-press.net\/djibouti\/politique\/rentree-politique-le-president-guelleh-decline-les-grandes-lignes-des-priorites-quil-fixe-a-son-gouvernement#article","isPartOf":{"@id":"https:\/\/www.africa-press.net\/djibouti\/politique\/rentree-politique-le-president-guelleh-decline-les-grandes-lignes-des-priorites-quil-fixe-a-son-gouvernement"},"author":{"name":"cfeditorfr","@id":"https:\/\/www.africa-press.net\/djibouti\/#\/schema\/person\/2b1cf3cd81a31e3cd26889ca66d677f1"},"headline":"Rentr\u00e9e politique le Pr\u00e9sident Guelleh d\u00e9cline les grandes lignes des priorit\u00e9s qu\u2019il fixe \u00e0 son gouvernement","datePublished":"2023-08-30T20:58:03+00:00","dateModified":"2023-08-30T21:32:40+00:00","mainEntityOfPage":{"@id":"https:\/\/www.africa-press.net\/djibouti\/politique\/rentree-politique-le-president-guelleh-decline-les-grandes-lignes-des-priorites-quil-fixe-a-son-gouvernement"},"wordCount":1121,"commentCount":0,"image":{"@id":"https:\/\/www.africa-press.net\/djibouti\/politique\/rentree-politique-le-president-guelleh-decline-les-grandes-lignes-des-priorites-quil-fixe-a-son-gouvernement#primaryimage"},"thumbnailUrl":"https:\/\/static.africa-press.net\/djibouti\/sites\/52\/2023\/08\/sm_1693418548.09999.jpg","keywords":["Africa Press","Africa Press-Djibouti","Djibouti"],"articleSection":["Photo","Politique","Top Nouvelles","Toutes les actualit\u00e9s"],"inLanguage":"fr-FR","potentialAction":[{"@type":"CommentAction","name":"Comment","target":["https:\/\/www.africa-press.net\/djibouti\/politique\/rentree-politique-le-president-guelleh-decline-les-grandes-lignes-des-priorites-quil-fixe-a-son-gouvernement#respond"]}]},{"@type":"WebPage","@id":"https:\/\/www.africa-press.net\/djibouti\/politique\/rentree-politique-le-president-guelleh-decline-les-grandes-lignes-des-priorites-quil-fixe-a-son-gouvernement","url":"https:\/\/www.africa-press.net\/djibouti\/politique\/rentree-politique-le-president-guelleh-decline-les-grandes-lignes-des-priorites-quil-fixe-a-son-gouvernement","name":"Rentr\u00e9e politique le Pr\u00e9sident Guelleh d\u00e9cline les grandes lignes des priorit\u00e9s qu\u2019il fixe \u00e0 son gouvernement - Djibouti","isPartOf":{"@id":"https:\/\/www.africa-press.net\/djibouti\/#website"},"primaryImageOfPage":{"@id":"https:\/\/www.africa-press.net\/djibouti\/politique\/rentree-politique-le-president-guelleh-decline-les-grandes-lignes-des-priorites-quil-fixe-a-son-gouvernement#primaryimage"},"image":{"@id":"https:\/\/www.africa-press.net\/djibouti\/politique\/rentree-politique-le-president-guelleh-decline-les-grandes-lignes-des-priorites-quil-fixe-a-son-gouvernement#primaryimage"},"thumbnailUrl":"https:\/\/static.africa-press.net\/djibouti\/sites\/52\/2023\/08\/sm_1693418548.09999.jpg","datePublished":"2023-08-30T20:58:03+00:00","dateModified":"2023-08-30T21:32:40+00:00","author":{"@id":"https:\/\/www.africa-press.net\/djibouti\/#\/schema\/person\/2b1cf3cd81a31e3cd26889ca66d677f1"},"description":"Dans une de\u0301claration faite mardi dans le cadre du 11e Conseil de Ministres, marquant la rentre\u0301e politique de cette ann ...","breadcrumb":{"@id":"https:\/\/www.africa-press.net\/djibouti\/politique\/rentree-politique-le-president-guelleh-decline-les-grandes-lignes-des-priorites-quil-fixe-a-son-gouvernement#breadcrumb"},"inLanguage":"fr-FR","potentialAction":[{"@type":"ReadAction","target":["https:\/\/www.africa-press.net\/djibouti\/politique\/rentree-politique-le-president-guelleh-decline-les-grandes-lignes-des-priorites-quil-fixe-a-son-gouvernement"]}]},{"@type":"ImageObject","inLanguage":"fr-FR","@id":"https:\/\/www.africa-press.net\/djibouti\/politique\/rentree-politique-le-president-guelleh-decline-les-grandes-lignes-des-priorites-quil-fixe-a-son-gouvernement#primaryimage","url":"https:\/\/static.africa-press.net\/djibouti\/sites\/52\/2023\/08\/sm_1693418548.09999.jpg","contentUrl":"https:\/\/static.africa-press.net\/djibouti\/sites\/52\/2023\/08\/sm_1693418548.09999.jpg","width":720,"height":399,"caption":"Rentr\u00e9e politique le Pr\u00e9sident Guelleh d\u00e9cline les grandes lignes des priorit\u00e9s qu\u2019il fixe \u00e0 son gouvernement"},{"@type":"BreadcrumbList","@id":"https:\/\/www.africa-press.net\/djibouti\/politique\/rentree-politique-le-president-guelleh-decline-les-grandes-lignes-des-priorites-quil-fixe-a-son-gouvernement#breadcrumb","itemListElement":[{"@type":"ListItem","position":1,"name":"Accueil","item":"https:\/\/www.africa-press.net\/djibouti\/"},{"@type":"ListItem","position":2,"name":"Rentr\u00e9e politique le Pr\u00e9sident Guelleh d\u00e9cline les grandes lignes des priorit\u00e9s qu\u2019il fixe \u00e0 son gouvernement"}]},{"@type":"WebSite","@id":"https:\/\/www.africa-press.net\/djibouti\/#website","url":"https:\/\/www.africa-press.net\/djibouti\/","name":"Djibouti","description":"Just another Africa News Agency Sites site","potentialAction":[{"@type":"SearchAction","target":{"@type":"EntryPoint","urlTemplate":"https:\/\/www.africa-press.net\/djibouti\/?s={search_term_string}"},"query-input":{"@type":"PropertyValueSpecification","valueRequired":true,"valueName":"search_term_string"}}],"inLanguage":"fr-FR"},{"@type":"Person","@id":"https:\/\/www.africa-press.net\/djibouti\/#\/schema\/person\/2b1cf3cd81a31e3cd26889ca66d677f1","name":"cfeditorfr"}]}},"_links":{"self":[{"href":"https:\/\/www.africa-press.net\/djibouti\/wp-json\/wp\/v2\/posts\/17177","targetHints":{"allow":["GET"]}}],"collection":[{"href":"https:\/\/www.africa-press.net\/djibouti\/wp-json\/wp\/v2\/posts"}],"about":[{"href":"https:\/\/www.africa-press.net\/djibouti\/wp-json\/wp\/v2\/types\/post"}],"author":[{"embeddable":true,"href":"https:\/\/www.africa-press.net\/djibouti\/wp-json\/wp\/v2\/users\/82"}],"replies":[{"embeddable":true,"href":"https:\/\/www.africa-press.net\/djibouti\/wp-json\/wp\/v2\/comments?post=17177"}],"version-history":[{"count":0,"href":"https:\/\/www.africa-press.net\/djibouti\/wp-json\/wp\/v2\/posts\/17177\/revisions"}],"wp:featuredmedia":[{"embeddable":true,"href":"https:\/\/www.africa-press.net\/djibouti\/wp-json\/wp\/v2\/media\/17176"}],"wp:attachment":[{"href":"https:\/\/www.africa-press.net\/djibouti\/wp-json\/wp\/v2\/media?parent=17177"}],"wp:term":[{"taxonomy":"category","embeddable":true,"href":"https:\/\/www.africa-press.net\/djibouti\/wp-json\/wp\/v2\/categories?post=17177"},{"taxonomy":"post_tag","embeddable":true,"href":"https:\/\/www.africa-press.net\/djibouti\/wp-json\/wp\/v2\/tags?post=17177"}],"curies":[{"name":"wp","href":"https:\/\/api.w.org\/{rel}","templated":true}]}}