{"id":17197,"date":"2023-08-31T15:21:36","date_gmt":"2023-08-31T15:21:36","guid":{"rendered":"https:\/\/www.africa-press.net\/djibouti\/politique\/djibouti-sapprete-a-inaugurer-un-parc-eolien-dune-capacite-de-60-megawatts"},"modified":"2023-08-31T16:37:37","modified_gmt":"2023-08-31T16:37:37","slug":"djibouti-sapprete-a-inaugurer-un-parc-eolien-dune-capacite-de-60-megawatts","status":"publish","type":"post","link":"https:\/\/www.africa-press.net\/djibouti\/economie\/djibouti-sapprete-a-inaugurer-un-parc-eolien-dune-capacite-de-60-megawatts","title":{"rendered":"Djibouti s\u2019appr\u00eate \u00e0 inaugurer un parc \u00e9olien d\u2019une capacit\u00e9 de 60 m\u00e9gawatts"},"content":{"rendered":"<p><span style=\"color: #ff6600\"><strong>Africa-Press &#8211; Djibouti. <\/strong><\/span>Djibouti s\u2019appre\u0302te a\u0300 inaugurer prochainement un parc e\u0301olien ba\u0302tie sur un site d\u2019une altitude de 230 m dans la baie de Ghoubet, pre\u0300s du lac Assal, dans la re\u0301gion d&rsquo;Arta.<\/p>\n<p>\u201cJe tiens a\u0300 vous informer que ce parc e\u0301olien sera inaugure\u0301 le 10 septembre prochain par le pre\u0301sident de la Re\u0301publique, M. Ismail Omar Guelleh\u201d, a confie\u0301 a\u0300 l\u2019ADI le ministre de l\u2019Energie charge\u0301 des Ressources naturelles de Djibouti, Yonis Ali Guedi.<\/p>\n<p>Le parc e\u0301olien de Ghoubet a une capacite\u0301 de 60 me\u0301gawatts. Il abrite 17 e\u0301oliennes re\u0301parties sur une superficie de 395 hectares. Son e\u0301nergie sera injecte\u0301e dans le re\u0301seau e\u0301lectrique national, dans le cadre d\u2019un contrat de vente et d\u2019achat d\u2019e\u0301lectricite\u0301 signe\u0301 avec la compagnie publique Electricite\u0301 de Djibouti (EDD) sur 25 ans.<\/p>\n<p>Le parc augmentera la capacite\u0301 de production d\u2019e\u0301nergie du pays de 50%. D\u2019apre\u0300s les donne\u0301es du ministe\u0300re de l\u2019Energie, le site be\u0301ne\u0301ficie d\u2019un fort potentiel e\u0301olien avec vitesse moyenne annuelle du vent d\u2019environ 12-14m\/s. Il fournira un productible d\u2019environ 237 000 MWh par an.<\/p>\n<p>Djibouti, pays d\u2019une superficie de 23 000 km2, ambitionne d\u2019avoir une e\u0301nergie 100 % d\u2019e\u0301nergie renouvelable d\u2019ici 2035.<\/p>\n<p>Le parc e\u0301olien de Ghoubet, d\u2019un cou\u0302t global officiel d\u2019environ 100 millions de dollars, a e\u0301te\u0301 re\u0301alise\u0301 dans le cadre d\u2019un partenariat public-prive\u0301 (PPP). Le projet a e\u0301te\u0301 de\u0301veloppe\u0301 par Red Sea Power, consortium regroupant les diffe\u0301rents actionnaires de Ghoubet, notamment Africa Finance Corporation (AFC), Climate Fund Managers (CFM), la Socie\u0301te\u0301 ne\u0301erlandaise de financement du de\u0301veloppement (FMO) et Great Horn Investment Holdings (GHIH).<\/p>\n<p>Djibouti s\u2019appre\u0302te a\u0300 inaugurer prochainement un parc e\u0301olien ba\u0302tie sur un site d\u2019une altitude de 230 m dans la baie de Ghoubet, pre\u0300s du lac Assal, dans la re\u0301gion d&rsquo;Arta.<\/p>\n<p>\u201cJe tiens a\u0300 vous informer que ce parc e\u0301olien sera inaugure\u0301 le 10 septembre prochain par le pre\u0301sident de la Re\u0301publique, M. Ismail Omar Guelleh\u201d, a confie\u0301 a\u0300 l\u2019ADI le ministre de l\u2019Energie charge\u0301 des Ressources naturelles de Djibouti, Yonis Ali Guedi.<\/p>\n<p>Le parc e\u0301olien de Ghoubet a une capacite\u0301 de 60 me\u0301gawatts. Il abrite 17 e\u0301oliennes re\u0301parties sur une superficie de 395 hectares. Son e\u0301nergie sera injecte\u0301e dans le re\u0301seau e\u0301lectrique national, dans le cadre d\u2019un contrat de vente et d\u2019achat d\u2019e\u0301lectricite\u0301 signe\u0301 avec la compagnie publique Electricite\u0301 de Djibouti (EDD) sur 25 ans.<\/p>\n<p>Le parc augmentera la capacite\u0301 de production d\u2019e\u0301nergie du pays de 50%. D\u2019apre\u0300s les donne\u0301es du ministe\u0300re de l\u2019Energie, le site be\u0301ne\u0301ficie d\u2019un fort potentiel e\u0301olien avec vitesse moyenne annuelle du vent d\u2019environ 12-14m\/s. Il fournira un productible d\u2019environ 237 000 MWh par an.<\/p>\n<p>Djibouti, pays d\u2019une superficie de 23 000 km2, ambitionne d\u2019avoir une e\u0301nergie 100 % d\u2019e\u0301nergie renouvelable d\u2019ici 2035.<\/p>\n<p>Le parc e\u0301olien de Ghoubet, d\u2019un cou\u0302t global officiel d\u2019environ 100 millions de dollars, a e\u0301te\u0301 re\u0301alise\u0301 dans le cadre d\u2019un partenariat public-prive\u0301 (PPP). Le projet a e\u0301te\u0301 de\u0301veloppe\u0301 par Red Sea Power, consortium regroupant les diffe\u0301rents actionnaires de Ghoubet, notamment Africa Finance Corporation (AFC), Climate Fund Managers (CFM), la Socie\u0301te\u0301 ne\u0301erlandaise de financement du de\u0301veloppement (FMO) et Great Horn Investment Holdings (GHIH).<\/p>\n<p><strong>Pour plus d&rsquo;informations et d&rsquo;analyses sur la <a href=\"https:\/\/www.africa-press.net\/djibouti\">Djibouti<\/a>, suivez <a href=\"https:\/\/www.africa-press.net\/\">Africa-Press<\/a><\/strong><\/p>\n","protected":false},"excerpt":{"rendered":"<p>Africa-Press &#8211; Djibouti. Djibouti s\u2019appre\u0302te a\u0300 inaugurer prochainement un parc e\u0301olien ba\u0302tie sur un site d\u2019une altitude de 230 m dans la baie de Ghoubet, pre\u0300s du lac Assal, dans la re\u0301gion d&rsquo;Arta. \u201cJe tiens a\u0300 vous informer que ce parc e\u0301olien sera inaugure\u0301 le 10 septembre prochain par le pre\u0301sident de la Re\u0301publique, M. [&hellip;]<\/p>\n","protected":false},"author":82,"featured_media":17196,"comment_status":"open","ping_status":"closed","sticky":false,"template":"","format":"standard","meta":{"footnotes":""},"categories":[3,20,10],"tags":[36,49,50],"class_list":["post-17197","post","type-post","status-publish","format-standard","has-post-thumbnail","hentry","category-economie","category-top-nouvelles","category-toutes-les-actualites","tag-africa-press","tag-africa-press-djibouti","tag-djibouti"],"yoast_head":"<!-- This site is optimized with the Yoast SEO Premium plugin v26.1 (Yoast SEO v27.0) - https:\/\/yoast.com\/product\/yoast-seo-premium-wordpress\/ -->\n<title>Djibouti s\u2019appr\u00eate \u00e0 inaugurer un parc \u00e9olien d\u2019une capacit\u00e9 de 60 m\u00e9gawatts - Djibouti<\/title>\n<meta name=\"description\" content=\"Djibouti s\u2019appre\u0302te a\u0300 inaugurer prochainement un parc e\u0301olien ba\u0302tie sur un site d\u2019une altitude de 230 m dans la baie d ...\" \/>\n<meta name=\"robots\" content=\"index, follow, max-snippet:-1, max-image-preview:large, max-video-preview:-1\" \/>\n<link rel=\"canonical\" href=\"https:\/\/www.africa-press.net\/djibouti\/economie\/djibouti-sapprete-a-inaugurer-un-parc-eolien-dune-capacite-de-60-megawatts\" \/>\n<meta property=\"og:locale\" content=\"fr_FR\" \/>\n<meta property=\"og:type\" content=\"article\" \/>\n<meta property=\"og:title\" content=\"Djibouti s\u2019appr\u00eate \u00e0 inaugurer un parc \u00e9olien d\u2019une capacit\u00e9 de 60 m\u00e9gawatts\" \/>\n<meta property=\"og:description\" content=\"Djibouti s\u2019appre\u0302te a\u0300 inaugurer prochainement un parc e\u0301olien ba\u0302tie sur un site d\u2019une altitude de 230 m dans la baie d ...\" \/>\n<meta property=\"og:url\" content=\"https:\/\/www.africa-press.net\/djibouti\/economie\/djibouti-sapprete-a-inaugurer-un-parc-eolien-dune-capacite-de-60-megawatts\" \/>\n<meta property=\"og:site_name\" content=\"Djibouti\" \/>\n<meta property=\"article:published_time\" content=\"2023-08-31T15:21:36+00:00\" \/>\n<meta property=\"article:modified_time\" content=\"2023-08-31T16:37:37+00:00\" \/>\n<meta property=\"og:image\" content=\"https:\/\/static.africa-press.net\/djibouti\/sites\/52\/2023\/08\/sm_1693487147.874274.jpg\" \/>\n\t<meta property=\"og:image:width\" content=\"1080\" \/>\n\t<meta property=\"og:image:height\" content=\"720\" \/>\n\t<meta property=\"og:image:type\" content=\"image\/jpeg\" \/>\n<meta name=\"author\" content=\"cfeditorfr\" \/>\n<meta name=\"twitter:card\" content=\"summary_large_image\" \/>\n<meta name=\"twitter:label1\" content=\"\u00c9crit par\" \/>\n\t<meta name=\"twitter:data1\" content=\"cfeditorfr\" \/>\n\t<meta name=\"twitter:label2\" content=\"Dur\u00e9e de lecture estim\u00e9e\" \/>\n\t<meta name=\"twitter:data2\" content=\"3 minutes\" \/>\n<script type=\"application\/ld+json\" class=\"yoast-schema-graph\">{\"@context\":\"https:\/\/schema.org\",\"@graph\":[{\"@type\":\"Article\",\"@id\":\"https:\/\/www.africa-press.net\/djibouti\/economie\/djibouti-sapprete-a-inaugurer-un-parc-eolien-dune-capacite-de-60-megawatts#article\",\"isPartOf\":{\"@id\":\"https:\/\/www.africa-press.net\/djibouti\/economie\/djibouti-sapprete-a-inaugurer-un-parc-eolien-dune-capacite-de-60-megawatts\"},\"author\":{\"name\":\"cfeditorfr\",\"@id\":\"https:\/\/www.africa-press.net\/djibouti\/#\/schema\/person\/2b1cf3cd81a31e3cd26889ca66d677f1\"},\"headline\":\"Djibouti s\u2019appr\u00eate \u00e0 inaugurer un parc \u00e9olien d\u2019une capacit\u00e9 de 60 m\u00e9gawatts\",\"datePublished\":\"2023-08-31T15:21:36+00:00\",\"dateModified\":\"2023-08-31T16:37:37+00:00\",\"mainEntityOfPage\":{\"@id\":\"https:\/\/www.africa-press.net\/djibouti\/economie\/djibouti-sapprete-a-inaugurer-un-parc-eolien-dune-capacite-de-60-megawatts\"},\"wordCount\":617,\"commentCount\":0,\"image\":{\"@id\":\"https:\/\/www.africa-press.net\/djibouti\/economie\/djibouti-sapprete-a-inaugurer-un-parc-eolien-dune-capacite-de-60-megawatts#primaryimage\"},\"thumbnailUrl\":\"https:\/\/static.africa-press.net\/djibouti\/sites\/52\/2023\/08\/sm_1693487147.874274.jpg\",\"keywords\":[\"Africa Press\",\"Africa Press-Djibouti\",\"Djibouti\"],\"articleSection\":[\"\u00c9conomie\",\"Top Nouvelles\",\"Toutes les actualit\u00e9s\"],\"inLanguage\":\"fr-FR\",\"potentialAction\":[{\"@type\":\"CommentAction\",\"name\":\"Comment\",\"target\":[\"https:\/\/www.africa-press.net\/djibouti\/economie\/djibouti-sapprete-a-inaugurer-un-parc-eolien-dune-capacite-de-60-megawatts#respond\"]}]},{\"@type\":\"WebPage\",\"@id\":\"https:\/\/www.africa-press.net\/djibouti\/economie\/djibouti-sapprete-a-inaugurer-un-parc-eolien-dune-capacite-de-60-megawatts\",\"url\":\"https:\/\/www.africa-press.net\/djibouti\/economie\/djibouti-sapprete-a-inaugurer-un-parc-eolien-dune-capacite-de-60-megawatts\",\"name\":\"Djibouti s\u2019appr\u00eate \u00e0 inaugurer un parc \u00e9olien d\u2019une capacit\u00e9 de 60 m\u00e9gawatts - Djibouti\",\"isPartOf\":{\"@id\":\"https:\/\/www.africa-press.net\/djibouti\/#website\"},\"primaryImageOfPage\":{\"@id\":\"https:\/\/www.africa-press.net\/djibouti\/economie\/djibouti-sapprete-a-inaugurer-un-parc-eolien-dune-capacite-de-60-megawatts#primaryimage\"},\"image\":{\"@id\":\"https:\/\/www.africa-press.net\/djibouti\/economie\/djibouti-sapprete-a-inaugurer-un-parc-eolien-dune-capacite-de-60-megawatts#primaryimage\"},\"thumbnailUrl\":\"https:\/\/static.africa-press.net\/djibouti\/sites\/52\/2023\/08\/sm_1693487147.874274.jpg\",\"datePublished\":\"2023-08-31T15:21:36+00:00\",\"dateModified\":\"2023-08-31T16:37:37+00:00\",\"author\":{\"@id\":\"https:\/\/www.africa-press.net\/djibouti\/#\/schema\/person\/2b1cf3cd81a31e3cd26889ca66d677f1\"},\"description\":\"Djibouti s\u2019appre\u0302te a\u0300 inaugurer prochainement un parc e\u0301olien ba\u0302tie sur un site d\u2019une altitude de 230 m dans la baie d ...\",\"breadcrumb\":{\"@id\":\"https:\/\/www.africa-press.net\/djibouti\/economie\/djibouti-sapprete-a-inaugurer-un-parc-eolien-dune-capacite-de-60-megawatts#breadcrumb\"},\"inLanguage\":\"fr-FR\",\"potentialAction\":[{\"@type\":\"ReadAction\",\"target\":[\"https:\/\/www.africa-press.net\/djibouti\/economie\/djibouti-sapprete-a-inaugurer-un-parc-eolien-dune-capacite-de-60-megawatts\"]}]},{\"@type\":\"ImageObject\",\"inLanguage\":\"fr-FR\",\"@id\":\"https:\/\/www.africa-press.net\/djibouti\/economie\/djibouti-sapprete-a-inaugurer-un-parc-eolien-dune-capacite-de-60-megawatts#primaryimage\",\"url\":\"https:\/\/static.africa-press.net\/djibouti\/sites\/52\/2023\/08\/sm_1693487147.874274.jpg\",\"contentUrl\":\"https:\/\/static.africa-press.net\/djibouti\/sites\/52\/2023\/08\/sm_1693487147.874274.jpg\",\"width\":1080,\"height\":720,\"caption\":\"Djibouti s\u2019appr\u00eate \u00e0 inaugurer un parc \u00e9olien d\u2019une capacit\u00e9 de 60 m\u00e9gawatts\"},{\"@type\":\"BreadcrumbList\",\"@id\":\"https:\/\/www.africa-press.net\/djibouti\/economie\/djibouti-sapprete-a-inaugurer-un-parc-eolien-dune-capacite-de-60-megawatts#breadcrumb\",\"itemListElement\":[{\"@type\":\"ListItem\",\"position\":1,\"name\":\"Accueil\",\"item\":\"https:\/\/www.africa-press.net\/djibouti\/\"},{\"@type\":\"ListItem\",\"position\":2,\"name\":\"Djibouti s\u2019appr\u00eate \u00e0 inaugurer un parc \u00e9olien d\u2019une capacit\u00e9 de 60 m\u00e9gawatts\"}]},{\"@type\":\"WebSite\",\"@id\":\"https:\/\/www.africa-press.net\/djibouti\/#website\",\"url\":\"https:\/\/www.africa-press.net\/djibouti\/\",\"name\":\"Djibouti\",\"description\":\"Just another Africa News Agency Sites site\",\"potentialAction\":[{\"@type\":\"SearchAction\",\"target\":{\"@type\":\"EntryPoint\",\"urlTemplate\":\"https:\/\/www.africa-press.net\/djibouti\/?s={search_term_string}\"},\"query-input\":{\"@type\":\"PropertyValueSpecification\",\"valueRequired\":true,\"valueName\":\"search_term_string\"}}],\"inLanguage\":\"fr-FR\"},{\"@type\":\"Person\",\"@id\":\"https:\/\/www.africa-press.net\/djibouti\/#\/schema\/person\/2b1cf3cd81a31e3cd26889ca66d677f1\",\"name\":\"cfeditorfr\"}]}<\/script>\n<!-- \/ Yoast SEO Premium plugin. -->","yoast_head_json":{"title":"Djibouti s\u2019appr\u00eate \u00e0 inaugurer un parc \u00e9olien d\u2019une capacit\u00e9 de 60 m\u00e9gawatts - Djibouti","description":"Djibouti s\u2019appre\u0302te a\u0300 inaugurer prochainement un parc e\u0301olien ba\u0302tie sur un site d\u2019une altitude de 230 m dans la baie d ...","robots":{"index":"index","follow":"follow","max-snippet":"max-snippet:-1","max-image-preview":"max-image-preview:large","max-video-preview":"max-video-preview:-1"},"canonical":"https:\/\/www.africa-press.net\/djibouti\/economie\/djibouti-sapprete-a-inaugurer-un-parc-eolien-dune-capacite-de-60-megawatts","og_locale":"fr_FR","og_type":"article","og_title":"Djibouti s\u2019appr\u00eate \u00e0 inaugurer un parc \u00e9olien d\u2019une capacit\u00e9 de 60 m\u00e9gawatts","og_description":"Djibouti s\u2019appre\u0302te a\u0300 inaugurer prochainement un parc e\u0301olien ba\u0302tie sur un site d\u2019une altitude de 230 m dans la baie d ...","og_url":"https:\/\/www.africa-press.net\/djibouti\/economie\/djibouti-sapprete-a-inaugurer-un-parc-eolien-dune-capacite-de-60-megawatts","og_site_name":"Djibouti","article_published_time":"2023-08-31T15:21:36+00:00","article_modified_time":"2023-08-31T16:37:37+00:00","og_image":[{"width":1080,"height":720,"url":"https:\/\/static.africa-press.net\/djibouti\/sites\/52\/2023\/08\/sm_1693487147.874274.jpg","type":"image\/jpeg"}],"author":"cfeditorfr","twitter_card":"summary_large_image","twitter_misc":{"\u00c9crit par":"cfeditorfr","Dur\u00e9e de lecture estim\u00e9e":"3 minutes"},"schema":{"@context":"https:\/\/schema.org","@graph":[{"@type":"Article","@id":"https:\/\/www.africa-press.net\/djibouti\/economie\/djibouti-sapprete-a-inaugurer-un-parc-eolien-dune-capacite-de-60-megawatts#article","isPartOf":{"@id":"https:\/\/www.africa-press.net\/djibouti\/economie\/djibouti-sapprete-a-inaugurer-un-parc-eolien-dune-capacite-de-60-megawatts"},"author":{"name":"cfeditorfr","@id":"https:\/\/www.africa-press.net\/djibouti\/#\/schema\/person\/2b1cf3cd81a31e3cd26889ca66d677f1"},"headline":"Djibouti s\u2019appr\u00eate \u00e0 inaugurer un parc \u00e9olien d\u2019une capacit\u00e9 de 60 m\u00e9gawatts","datePublished":"2023-08-31T15:21:36+00:00","dateModified":"2023-08-31T16:37:37+00:00","mainEntityOfPage":{"@id":"https:\/\/www.africa-press.net\/djibouti\/economie\/djibouti-sapprete-a-inaugurer-un-parc-eolien-dune-capacite-de-60-megawatts"},"wordCount":617,"commentCount":0,"image":{"@id":"https:\/\/www.africa-press.net\/djibouti\/economie\/djibouti-sapprete-a-inaugurer-un-parc-eolien-dune-capacite-de-60-megawatts#primaryimage"},"thumbnailUrl":"https:\/\/static.africa-press.net\/djibouti\/sites\/52\/2023\/08\/sm_1693487147.874274.jpg","keywords":["Africa Press","Africa Press-Djibouti","Djibouti"],"articleSection":["\u00c9conomie","Top Nouvelles","Toutes les actualit\u00e9s"],"inLanguage":"fr-FR","potentialAction":[{"@type":"CommentAction","name":"Comment","target":["https:\/\/www.africa-press.net\/djibouti\/economie\/djibouti-sapprete-a-inaugurer-un-parc-eolien-dune-capacite-de-60-megawatts#respond"]}]},{"@type":"WebPage","@id":"https:\/\/www.africa-press.net\/djibouti\/economie\/djibouti-sapprete-a-inaugurer-un-parc-eolien-dune-capacite-de-60-megawatts","url":"https:\/\/www.africa-press.net\/djibouti\/economie\/djibouti-sapprete-a-inaugurer-un-parc-eolien-dune-capacite-de-60-megawatts","name":"Djibouti s\u2019appr\u00eate \u00e0 inaugurer un parc \u00e9olien d\u2019une capacit\u00e9 de 60 m\u00e9gawatts - Djibouti","isPartOf":{"@id":"https:\/\/www.africa-press.net\/djibouti\/#website"},"primaryImageOfPage":{"@id":"https:\/\/www.africa-press.net\/djibouti\/economie\/djibouti-sapprete-a-inaugurer-un-parc-eolien-dune-capacite-de-60-megawatts#primaryimage"},"image":{"@id":"https:\/\/www.africa-press.net\/djibouti\/economie\/djibouti-sapprete-a-inaugurer-un-parc-eolien-dune-capacite-de-60-megawatts#primaryimage"},"thumbnailUrl":"https:\/\/static.africa-press.net\/djibouti\/sites\/52\/2023\/08\/sm_1693487147.874274.jpg","datePublished":"2023-08-31T15:21:36+00:00","dateModified":"2023-08-31T16:37:37+00:00","author":{"@id":"https:\/\/www.africa-press.net\/djibouti\/#\/schema\/person\/2b1cf3cd81a31e3cd26889ca66d677f1"},"description":"Djibouti s\u2019appre\u0302te a\u0300 inaugurer prochainement un parc e\u0301olien ba\u0302tie sur un site d\u2019une altitude de 230 m dans la baie d ...","breadcrumb":{"@id":"https:\/\/www.africa-press.net\/djibouti\/economie\/djibouti-sapprete-a-inaugurer-un-parc-eolien-dune-capacite-de-60-megawatts#breadcrumb"},"inLanguage":"fr-FR","potentialAction":[{"@type":"ReadAction","target":["https:\/\/www.africa-press.net\/djibouti\/economie\/djibouti-sapprete-a-inaugurer-un-parc-eolien-dune-capacite-de-60-megawatts"]}]},{"@type":"ImageObject","inLanguage":"fr-FR","@id":"https:\/\/www.africa-press.net\/djibouti\/economie\/djibouti-sapprete-a-inaugurer-un-parc-eolien-dune-capacite-de-60-megawatts#primaryimage","url":"https:\/\/static.africa-press.net\/djibouti\/sites\/52\/2023\/08\/sm_1693487147.874274.jpg","contentUrl":"https:\/\/static.africa-press.net\/djibouti\/sites\/52\/2023\/08\/sm_1693487147.874274.jpg","width":1080,"height":720,"caption":"Djibouti s\u2019appr\u00eate \u00e0 inaugurer un parc \u00e9olien d\u2019une capacit\u00e9 de 60 m\u00e9gawatts"},{"@type":"BreadcrumbList","@id":"https:\/\/www.africa-press.net\/djibouti\/economie\/djibouti-sapprete-a-inaugurer-un-parc-eolien-dune-capacite-de-60-megawatts#breadcrumb","itemListElement":[{"@type":"ListItem","position":1,"name":"Accueil","item":"https:\/\/www.africa-press.net\/djibouti\/"},{"@type":"ListItem","position":2,"name":"Djibouti s\u2019appr\u00eate \u00e0 inaugurer un parc \u00e9olien d\u2019une capacit\u00e9 de 60 m\u00e9gawatts"}]},{"@type":"WebSite","@id":"https:\/\/www.africa-press.net\/djibouti\/#website","url":"https:\/\/www.africa-press.net\/djibouti\/","name":"Djibouti","description":"Just another Africa News Agency Sites site","potentialAction":[{"@type":"SearchAction","target":{"@type":"EntryPoint","urlTemplate":"https:\/\/www.africa-press.net\/djibouti\/?s={search_term_string}"},"query-input":{"@type":"PropertyValueSpecification","valueRequired":true,"valueName":"search_term_string"}}],"inLanguage":"fr-FR"},{"@type":"Person","@id":"https:\/\/www.africa-press.net\/djibouti\/#\/schema\/person\/2b1cf3cd81a31e3cd26889ca66d677f1","name":"cfeditorfr"}]}},"_links":{"self":[{"href":"https:\/\/www.africa-press.net\/djibouti\/wp-json\/wp\/v2\/posts\/17197","targetHints":{"allow":["GET"]}}],"collection":[{"href":"https:\/\/www.africa-press.net\/djibouti\/wp-json\/wp\/v2\/posts"}],"about":[{"href":"https:\/\/www.africa-press.net\/djibouti\/wp-json\/wp\/v2\/types\/post"}],"author":[{"embeddable":true,"href":"https:\/\/www.africa-press.net\/djibouti\/wp-json\/wp\/v2\/users\/82"}],"replies":[{"embeddable":true,"href":"https:\/\/www.africa-press.net\/djibouti\/wp-json\/wp\/v2\/comments?post=17197"}],"version-history":[{"count":0,"href":"https:\/\/www.africa-press.net\/djibouti\/wp-json\/wp\/v2\/posts\/17197\/revisions"}],"wp:featuredmedia":[{"embeddable":true,"href":"https:\/\/www.africa-press.net\/djibouti\/wp-json\/wp\/v2\/media\/17196"}],"wp:attachment":[{"href":"https:\/\/www.africa-press.net\/djibouti\/wp-json\/wp\/v2\/media?parent=17197"}],"wp:term":[{"taxonomy":"category","embeddable":true,"href":"https:\/\/www.africa-press.net\/djibouti\/wp-json\/wp\/v2\/categories?post=17197"},{"taxonomy":"post_tag","embeddable":true,"href":"https:\/\/www.africa-press.net\/djibouti\/wp-json\/wp\/v2\/tags?post=17197"}],"curies":[{"name":"wp","href":"https:\/\/api.w.org\/{rel}","templated":true}]}}