{"id":17202,"date":"2023-08-31T15:25:20","date_gmt":"2023-08-31T15:25:20","guid":{"rendered":"https:\/\/www.africa-press.net\/djibouti\/politique\/le-ministre-de-lenergie-yonis-ali-guedi-recu-a-kigali-par-le-directeur-general-de-lalliance-solaire-internationale-isa"},"modified":"2023-08-31T16:39:16","modified_gmt":"2023-08-31T16:39:16","slug":"le-ministre-de-lenergie-yonis-ali-guedi-recu-a-kigali-par-le-directeur-general-de-lalliance-solaire-internationale-isa","status":"publish","type":"post","link":"https:\/\/www.africa-press.net\/djibouti\/economie\/le-ministre-de-lenergie-yonis-ali-guedi-recu-a-kigali-par-le-directeur-general-de-lalliance-solaire-internationale-isa","title":{"rendered":"Le ministre de l&rsquo;Energie Yonis Ali Guedi re\u00e7u \u00e0 Kigali par le directeur g\u00e9n\u00e9ral de l\u2019Alliance Solaire Internationale (ISA)"},"content":{"rendered":"<p><span style=\"color: #ff6600\"><strong>Africa-Press &#8211; Djibouti. <\/strong><\/span>En visite de travail a\u0300 Kigali, au Rwanda, pour prendre part a\u0300 la 5e\u0300me Re\u0301union Re\u0301gionale de l\u2019Alliance Solaire Internationale pour la Re\u0301gion Afrique, le ministre de l\u2019Energie, charge\u0301 des Ressources Naturelles, M. Yonis Ali Guedi a e\u0301te\u0301 rec\u0327u hier en audience par le directeur ge\u0301ne\u0301ral de l\u2019Alliance Solaire Internationale (ISA), Dr Ajay Mathur.<\/p>\n<p>L\u2019entretien s\u2019est de\u0301roule\u0301 en pre\u0301sence du conseiller technique du ministre, M. Mahdi Waberi Hassan, du directeur de l\u2019Energie, M. Gouled Mohamed Djama.<\/p>\n<p>Cette rencontre a e\u0301te\u0301 l&rsquo;occasion pour les deux parties d&rsquo;e\u0301changer sur le renforcement de la coope\u0301ration bilate\u0301rale entre la Re\u0301publique de Djibouti et l\u2019Alliance Solaire Internationale, notamment dans le domaine du de\u0301veloppement de l\u2019e\u0301nergie solaire.<\/p>\n<p>Au centre des discussions e\u0301galement, l\u2019e\u0301lectrification des villages recule\u0301s de notre pays par l\u2019installation des mini-centrales solaires, la mise a\u0300 disposition des populations rurales en pe\u0301riode d\u2019e\u0301te\u0301 des conteneurs frigorifiques fonctionnant gra\u0302ce aux techniques solaires, le renforcement des capacite\u0301s et des compe\u0301tences des inge\u0301nieurs djiboutiens par la formation aux technologies solaires ou encore l\u2019installation a\u0300 Djibouti d\u2019un centre de ressources et d\u2019applications de la technologie solaire (STAR-C), destine\u0301 a\u0300 de\u0301livrer les certifications relatives aux e\u0301quipements solaires.<\/p>\n<p>En prenant la parole a\u0300 cette occasion, le ministre de l\u2019Energie, charge\u0301 des Ressources Naturelles, M. Yonis Ali Guedi, a d\u2019emble\u0301e tenu a\u0300 remercier le Directeur Ge\u0301ne\u0301ral de l\u2019ISA pour l\u2019appui apporte\u0301 par cette Alliance pour le de\u0301veloppement de l\u2019e\u0301nergie solaire a\u0300 Djibouti.<\/p>\n<p>Il a rappele\u0301 dans la foule\u0301e que notre pays fut l\u2019un des premiers fondateurs de l\u2019ISA sous la houlette du Chef de l\u2019Etat, M. Ismail Omar Guelleh.<\/p>\n<p>Le ministre a par ailleurs soumis au DG de l\u2019ISA toutes les attentes de notre pays vis-a\u0300-vis de l\u2019Alliance Solaire Internationale.<\/p>\n<p>Il a, en outre, informe\u0301 son interlocuteur de la volonte\u0301 de Djibouti de soumettre prochainement sa candidature au poste de Vice-pre\u0301sident de l\u2019ISA pour la re\u0301gion Afrique lors des prochaines e\u0301lections de gouvernance de l\u2019ISA.<\/p>\n<p>M. Yonis Ali Guedi a enfin propose\u0301 que la prochaine re\u0301union re\u0301gionale de l\u2019ISA pour la Re\u0301gion Afrique se tienne a\u0300 Djibouti.<\/p>\n<p>Pour sa part, le directeur ge\u0301ne\u0301ral de l\u2019Alliance Solaire Internationale, Dr Ajay Mathur, qui a d\u2019abord tenu a\u0300 remercier le ministre pour avoir re\u0301pondu favorablement a\u0300 son invitation pour participer aux travaux de la 5e\u0300me Re\u0301union Re\u0301gionale de l\u2019ISA pour la Re\u0301gion Afrique, s&rsquo;est dit honore\u0301 de voir la Re\u0301publique de Djibouti apporter sa contribution aux activite\u0301s de l\u2019ISA.<\/p>\n<p>Dr Ajay Mathur a insiste\u0301 sur la ne\u0301cessite\u0301 de faciliter le de\u0301ploiement des conteneurs frigorifiques destine\u0301s aux populations rurales tout en informant le Ministre de la mise en place prochainement a\u0300 Djibouti du Centre STAR-C qui fournira les certifications pour l\u2019utilisation des e\u0301quipements solaires.<\/p>\n<p>Selon lui, l\u2019ISA travaillera de concert avec Djibouti et l\u2019appuiera dans la concre\u0301tisation de ses propres projets.<\/p>\n<p>Il a re\u0301affirme\u0301 la volonte\u0301 de son organisation d\u2019apporter une assistance technique a\u0300 la formation des inge\u0301nieurs djiboutiens aux techniques et technologies solaires ainsi qu&rsquo;a\u0300 la re\u0301alisation des infrastructures solaires.<\/p>\n<p>Les discussions entre les deux parties ont ensuite e\u0301te\u0301 e\u0301tendues a\u0300 d\u2019autres sujets ayant trait a\u0300 la promotion et au de\u0301veloppement de l\u2019e\u0301nergie solaire a\u0300 Djibouti, notamment le lancement dans les mois qui viennent du projet de construction de la centrale e\u0301lectrique solaire du Grand Bara de 25 me\u0301gawatts par le Groupe e\u0301nerge\u0301tique e\u0301mirati AMEA POWER ainsi que le de\u0301marrage prochain des activite\u0301s de l\u2019Usine de production des panneaux solaires \u00ab Made in Djibouti \u00bb qui se consacrera a\u0300 la fabrication des e\u0301quipements solaires photovoltai\u0308ques adapte\u0301s aux tempe\u0301ratures e\u0301leve\u0301es de notre pays et de celles des pays de l\u2019Afrique de l\u2019Est.<\/p>\n<p>Il convient de noter enfin que cette rencontre bilate\u0301rale entre M. Yonis Ali Guedi et Dr Ajay Mathur s\u2019inscrit dans le cadre de la volonte\u0301 du ministre djiboutien de l&rsquo;Energie de faire be\u0301ne\u0301ficier a\u0300 notre pays, disposant d\u2019un potentiel solaire e\u0301norme, les diffe\u0301rents programmes e\u0301labore\u0301s par cette Alliance qui vise a\u0300 mobiliser plus de 1000 milliards d\u2019investissements dans le monde dans le solaire photovoltai\u0308que d\u2019ici a\u0300 2030 pour permettre l\u2019installation d\u2019une capacite\u0301 de plus 1000 gigawatts d\u2019e\u0301nergie solaire supple\u0301mentaire.<\/p>\n<p>En visite de travail a\u0300 Kigali, au Rwanda, pour prendre part a\u0300 la 5e\u0300me Re\u0301union Re\u0301gionale de l\u2019Alliance Solaire Internationale pour la Re\u0301gion Afrique, le ministre de l\u2019Energie, charge\u0301 des Ressources Naturelles, M. Yonis Ali Guedi a e\u0301te\u0301 rec\u0327u hier en audience par le directeur ge\u0301ne\u0301ral de l\u2019Alliance Solaire Internationale (ISA), Dr Ajay Mathur.<\/p>\n<p>L\u2019entretien s\u2019est de\u0301roule\u0301 en pre\u0301sence du conseiller technique du ministre, M. Mahdi Waberi Hassan, du directeur de l\u2019Energie, M. Gouled Mohamed Djama.<\/p>\n<p>Cette rencontre a e\u0301te\u0301 l&rsquo;occasion pour les deux parties d&rsquo;e\u0301changer sur le renforcement de la coope\u0301ration bilate\u0301rale entre la Re\u0301publique de Djibouti et l\u2019Alliance Solaire Internationale, notamment dans le domaine du de\u0301veloppement de l\u2019e\u0301nergie solaire.<\/p>\n<p>Au centre des discussions e\u0301galement, l\u2019e\u0301lectrification des villages recule\u0301s de notre pays par l\u2019installation des mini-centrales solaires, la mise a\u0300 disposition des populations rurales en pe\u0301riode d\u2019e\u0301te\u0301 des conteneurs frigorifiques fonctionnant gra\u0302ce aux techniques solaires, le renforcement des capacite\u0301s et des compe\u0301tences des inge\u0301nieurs djiboutiens par la formation aux technologies solaires ou encore l\u2019installation a\u0300 Djibouti d\u2019un centre de ressources et d\u2019applications de la technologie solaire (STAR-C), destine\u0301 a\u0300 de\u0301livrer les certifications relatives aux e\u0301quipements solaires.<\/p>\n<p>En prenant la parole a\u0300 cette occasion, le ministre de l\u2019Energie, charge\u0301 des Ressources Naturelles, M. Yonis Ali Guedi, a d\u2019emble\u0301e tenu a\u0300 remercier le Directeur Ge\u0301ne\u0301ral de l\u2019ISA pour l\u2019appui apporte\u0301 par cette Alliance pour le de\u0301veloppement de l\u2019e\u0301nergie solaire a\u0300 Djibouti.<\/p>\n<p>Il a rappele\u0301 dans la foule\u0301e que notre pays fut l\u2019un des premiers fondateurs de l\u2019ISA sous la houlette du Chef de l\u2019Etat, M. Ismail Omar Guelleh.<\/p>\n<p>Le ministre a par ailleurs soumis au DG de l\u2019ISA toutes les attentes de notre pays vis-a\u0300-vis de l\u2019Alliance Solaire Internationale.<\/p>\n<p>Il a, en outre, informe\u0301 son interlocuteur de la volonte\u0301 de Djibouti de soumettre prochainement sa candidature au poste de Vice-pre\u0301sident de l\u2019ISA pour la re\u0301gion Afrique lors des prochaines e\u0301lections de gouvernance de l\u2019ISA.<\/p>\n<p>M. Yonis Ali Guedi a enfin propose\u0301 que la prochaine re\u0301union re\u0301gionale de l\u2019ISA pour la Re\u0301gion Afrique se tienne a\u0300 Djibouti.<\/p>\n<p>Pour sa part, le directeur ge\u0301ne\u0301ral de l\u2019Alliance Solaire Internationale, Dr Ajay Mathur, qui a d\u2019abord tenu a\u0300 remercier le ministre pour avoir re\u0301pondu favorablement a\u0300 son invitation pour participer aux travaux de la 5e\u0300me Re\u0301union Re\u0301gionale de l\u2019ISA pour la Re\u0301gion Afrique, s&rsquo;est dit honore\u0301 de voir la Re\u0301publique de Djibouti apporter sa contribution aux activite\u0301s de l\u2019ISA.<\/p>\n<p>Dr Ajay Mathur a insiste\u0301 sur la ne\u0301cessite\u0301 de faciliter le de\u0301ploiement des conteneurs frigorifiques destine\u0301s aux populations rurales tout en informant le Ministre de la mise en place prochainement a\u0300 Djibouti du Centre STAR-C qui fournira les certifications pour l\u2019utilisation des e\u0301quipements solaires.<\/p>\n<p>Selon lui, l\u2019ISA travaillera de concert avec Djibouti et l\u2019appuiera dans la concre\u0301tisation de ses propres projets.<\/p>\n<p>Il a re\u0301affirme\u0301 la volonte\u0301 de son organisation d\u2019apporter une assistance technique a\u0300 la formation des inge\u0301nieurs djiboutiens aux techniques et technologies solaires ainsi qu&rsquo;a\u0300 la re\u0301alisation des infrastructures solaires.<\/p>\n<p>Les discussions entre les deux parties ont ensuite e\u0301te\u0301 e\u0301tendues a\u0300 d\u2019autres sujets ayant trait a\u0300 la promotion et au de\u0301veloppement de l\u2019e\u0301nergie solaire a\u0300 Djibouti, notamment le lancement dans les mois qui viennent du projet de construction de la centrale e\u0301lectrique solaire du Grand Bara de 25 me\u0301gawatts par le Groupe e\u0301nerge\u0301tique e\u0301mirati AMEA POWER ainsi que le de\u0301marrage prochain des activite\u0301s de l\u2019Usine de production des panneaux solaires \u00ab Made in Djibouti \u00bb qui se consacrera a\u0300 la fabrication des e\u0301quipements solaires photovoltai\u0308ques adapte\u0301s aux tempe\u0301ratures e\u0301leve\u0301es de notre pays et de celles des pays de l\u2019Afrique de l\u2019Est.<\/p>\n<p>Il convient de noter enfin que cette rencontre bilate\u0301rale entre M. Yonis Ali Guedi et Dr Ajay Mathur s\u2019inscrit dans le cadre de la volonte\u0301 du ministre djiboutien de l&rsquo;Energie de faire be\u0301ne\u0301ficier a\u0300 notre pays, disposant d\u2019un potentiel solaire e\u0301norme, les diffe\u0301rents programmes e\u0301labore\u0301s par cette Alliance qui vise a\u0300 mobiliser plus de 1000 milliards d\u2019investissements dans le monde dans le solaire photovoltai\u0308que d\u2019ici a\u0300 2030 pour permettre l\u2019installation d\u2019une capacite\u0301 de plus 1000 gigawatts d\u2019e\u0301nergie solaire supple\u0301mentaire.<\/p>\n<p><strong>Pour plus d&rsquo;informations et d&rsquo;analyses sur la <a href=\"https:\/\/www.africa-press.net\/djibouti\">Djibouti<\/a>, suivez <a href=\"https:\/\/www.africa-press.net\/\">Africa-Press<\/a><\/strong><\/p>\n","protected":false},"excerpt":{"rendered":"<p>Africa-Press &#8211; Djibouti. En visite de travail a\u0300 Kigali, au Rwanda, pour prendre part a\u0300 la 5e\u0300me Re\u0301union Re\u0301gionale de l\u2019Alliance Solaire Internationale pour la Re\u0301gion Afrique, le ministre de l\u2019Energie, charge\u0301 des Ressources Naturelles, M. Yonis Ali Guedi a e\u0301te\u0301 rec\u0327u hier en audience par le directeur ge\u0301ne\u0301ral de l\u2019Alliance Solaire Internationale (ISA), Dr [&hellip;]<\/p>\n","protected":false},"author":82,"featured_media":17201,"comment_status":"open","ping_status":"closed","sticky":false,"template":"","format":"standard","meta":{"footnotes":""},"categories":[3,10],"tags":[36,49,50],"class_list":["post-17202","post","type-post","status-publish","format-standard","has-post-thumbnail","hentry","category-economie","category-toutes-les-actualites","tag-africa-press","tag-africa-press-djibouti","tag-djibouti"],"yoast_head":"<!-- This site is optimized with the Yoast SEO Premium plugin v26.1 (Yoast SEO v27.0) - https:\/\/yoast.com\/product\/yoast-seo-premium-wordpress\/ -->\n<title>Le ministre de l&#039;Energie Yonis Ali Guedi re\u00e7u \u00e0 Kigali par le directeur g\u00e9n\u00e9ral de l\u2019Alliance Solaire Internationale (ISA) - Djibouti<\/title>\n<meta name=\"description\" content=\"En visite de travail a\u0300 Kigali, au Rwanda, pour prendre part a\u0300 la 5e\u0300me Re\u0301union Re\u0301gionale de l\u2019Alliance Solaire Inter ...\" \/>\n<meta name=\"robots\" content=\"index, follow, max-snippet:-1, max-image-preview:large, max-video-preview:-1\" \/>\n<link rel=\"canonical\" href=\"https:\/\/www.africa-press.net\/djibouti\/economie\/le-ministre-de-lenergie-yonis-ali-guedi-recu-a-kigali-par-le-directeur-general-de-lalliance-solaire-internationale-isa\" \/>\n<meta property=\"og:locale\" content=\"fr_FR\" \/>\n<meta property=\"og:type\" content=\"article\" \/>\n<meta property=\"og:title\" content=\"Le ministre de l&#039;Energie Yonis Ali Guedi re\u00e7u \u00e0 Kigali par le directeur g\u00e9n\u00e9ral de l\u2019Alliance Solaire Internationale (ISA)\" \/>\n<meta property=\"og:description\" content=\"En visite de travail a\u0300 Kigali, au Rwanda, pour prendre part a\u0300 la 5e\u0300me Re\u0301union Re\u0301gionale de l\u2019Alliance Solaire Inter ...\" \/>\n<meta property=\"og:url\" content=\"https:\/\/www.africa-press.net\/djibouti\/economie\/le-ministre-de-lenergie-yonis-ali-guedi-recu-a-kigali-par-le-directeur-general-de-lalliance-solaire-internationale-isa\" \/>\n<meta property=\"og:site_name\" content=\"Djibouti\" \/>\n<meta property=\"article:published_time\" content=\"2023-08-31T15:25:20+00:00\" \/>\n<meta property=\"article:modified_time\" content=\"2023-08-31T16:39:16+00:00\" \/>\n<meta property=\"og:image\" content=\"https:\/\/static.africa-press.net\/djibouti\/sites\/52\/2023\/08\/sm_1693487247.526746.jpg\" \/>\n\t<meta property=\"og:image:width\" content=\"1024\" \/>\n\t<meta property=\"og:image:height\" content=\"768\" \/>\n\t<meta property=\"og:image:type\" content=\"image\/jpeg\" \/>\n<meta name=\"author\" content=\"cfeditorfr\" \/>\n<meta name=\"twitter:card\" content=\"summary_large_image\" \/>\n<meta name=\"twitter:label1\" content=\"\u00c9crit par\" \/>\n\t<meta name=\"twitter:data1\" content=\"cfeditorfr\" \/>\n\t<meta name=\"twitter:label2\" content=\"Dur\u00e9e de lecture estim\u00e9e\" \/>\n\t<meta name=\"twitter:data2\" content=\"7 minutes\" \/>\n<script type=\"application\/ld+json\" class=\"yoast-schema-graph\">{\"@context\":\"https:\/\/schema.org\",\"@graph\":[{\"@type\":\"Article\",\"@id\":\"https:\/\/www.africa-press.net\/djibouti\/economie\/le-ministre-de-lenergie-yonis-ali-guedi-recu-a-kigali-par-le-directeur-general-de-lalliance-solaire-internationale-isa#article\",\"isPartOf\":{\"@id\":\"https:\/\/www.africa-press.net\/djibouti\/economie\/le-ministre-de-lenergie-yonis-ali-guedi-recu-a-kigali-par-le-directeur-general-de-lalliance-solaire-internationale-isa\"},\"author\":{\"name\":\"cfeditorfr\",\"@id\":\"https:\/\/www.africa-press.net\/djibouti\/#\/schema\/person\/2b1cf3cd81a31e3cd26889ca66d677f1\"},\"headline\":\"Le ministre de l&rsquo;Energie Yonis Ali Guedi re\u00e7u \u00e0 Kigali par le directeur g\u00e9n\u00e9ral de l\u2019Alliance Solaire Internationale (ISA)\",\"datePublished\":\"2023-08-31T15:25:20+00:00\",\"dateModified\":\"2023-08-31T16:39:16+00:00\",\"mainEntityOfPage\":{\"@id\":\"https:\/\/www.africa-press.net\/djibouti\/economie\/le-ministre-de-lenergie-yonis-ali-guedi-recu-a-kigali-par-le-directeur-general-de-lalliance-solaire-internationale-isa\"},\"wordCount\":1630,\"commentCount\":0,\"image\":{\"@id\":\"https:\/\/www.africa-press.net\/djibouti\/economie\/le-ministre-de-lenergie-yonis-ali-guedi-recu-a-kigali-par-le-directeur-general-de-lalliance-solaire-internationale-isa#primaryimage\"},\"thumbnailUrl\":\"https:\/\/static.africa-press.net\/djibouti\/sites\/52\/2023\/08\/sm_1693487247.526746.jpg\",\"keywords\":[\"Africa Press\",\"Africa Press-Djibouti\",\"Djibouti\"],\"articleSection\":[\"\u00c9conomie\",\"Toutes les actualit\u00e9s\"],\"inLanguage\":\"fr-FR\",\"potentialAction\":[{\"@type\":\"CommentAction\",\"name\":\"Comment\",\"target\":[\"https:\/\/www.africa-press.net\/djibouti\/economie\/le-ministre-de-lenergie-yonis-ali-guedi-recu-a-kigali-par-le-directeur-general-de-lalliance-solaire-internationale-isa#respond\"]}]},{\"@type\":\"WebPage\",\"@id\":\"https:\/\/www.africa-press.net\/djibouti\/economie\/le-ministre-de-lenergie-yonis-ali-guedi-recu-a-kigali-par-le-directeur-general-de-lalliance-solaire-internationale-isa\",\"url\":\"https:\/\/www.africa-press.net\/djibouti\/economie\/le-ministre-de-lenergie-yonis-ali-guedi-recu-a-kigali-par-le-directeur-general-de-lalliance-solaire-internationale-isa\",\"name\":\"Le ministre de l'Energie Yonis Ali Guedi re\u00e7u \u00e0 Kigali par le directeur g\u00e9n\u00e9ral de l\u2019Alliance Solaire Internationale (ISA) - Djibouti\",\"isPartOf\":{\"@id\":\"https:\/\/www.africa-press.net\/djibouti\/#website\"},\"primaryImageOfPage\":{\"@id\":\"https:\/\/www.africa-press.net\/djibouti\/economie\/le-ministre-de-lenergie-yonis-ali-guedi-recu-a-kigali-par-le-directeur-general-de-lalliance-solaire-internationale-isa#primaryimage\"},\"image\":{\"@id\":\"https:\/\/www.africa-press.net\/djibouti\/economie\/le-ministre-de-lenergie-yonis-ali-guedi-recu-a-kigali-par-le-directeur-general-de-lalliance-solaire-internationale-isa#primaryimage\"},\"thumbnailUrl\":\"https:\/\/static.africa-press.net\/djibouti\/sites\/52\/2023\/08\/sm_1693487247.526746.jpg\",\"datePublished\":\"2023-08-31T15:25:20+00:00\",\"dateModified\":\"2023-08-31T16:39:16+00:00\",\"author\":{\"@id\":\"https:\/\/www.africa-press.net\/djibouti\/#\/schema\/person\/2b1cf3cd81a31e3cd26889ca66d677f1\"},\"description\":\"En visite de travail a\u0300 Kigali, au Rwanda, pour prendre part a\u0300 la 5e\u0300me Re\u0301union Re\u0301gionale de l\u2019Alliance Solaire Inter ...\",\"breadcrumb\":{\"@id\":\"https:\/\/www.africa-press.net\/djibouti\/economie\/le-ministre-de-lenergie-yonis-ali-guedi-recu-a-kigali-par-le-directeur-general-de-lalliance-solaire-internationale-isa#breadcrumb\"},\"inLanguage\":\"fr-FR\",\"potentialAction\":[{\"@type\":\"ReadAction\",\"target\":[\"https:\/\/www.africa-press.net\/djibouti\/economie\/le-ministre-de-lenergie-yonis-ali-guedi-recu-a-kigali-par-le-directeur-general-de-lalliance-solaire-internationale-isa\"]}]},{\"@type\":\"ImageObject\",\"inLanguage\":\"fr-FR\",\"@id\":\"https:\/\/www.africa-press.net\/djibouti\/economie\/le-ministre-de-lenergie-yonis-ali-guedi-recu-a-kigali-par-le-directeur-general-de-lalliance-solaire-internationale-isa#primaryimage\",\"url\":\"https:\/\/static.africa-press.net\/djibouti\/sites\/52\/2023\/08\/sm_1693487247.526746.jpg\",\"contentUrl\":\"https:\/\/static.africa-press.net\/djibouti\/sites\/52\/2023\/08\/sm_1693487247.526746.jpg\",\"width\":1024,\"height\":768,\"caption\":\"Le ministre de l'Energie Yonis Ali Guedi re\u00e7u \u00e0 Kigali par le directeur g\u00e9n\u00e9ral de l\u2019Alliance Solaire Internationale (ISA)\"},{\"@type\":\"BreadcrumbList\",\"@id\":\"https:\/\/www.africa-press.net\/djibouti\/economie\/le-ministre-de-lenergie-yonis-ali-guedi-recu-a-kigali-par-le-directeur-general-de-lalliance-solaire-internationale-isa#breadcrumb\",\"itemListElement\":[{\"@type\":\"ListItem\",\"position\":1,\"name\":\"Accueil\",\"item\":\"https:\/\/www.africa-press.net\/djibouti\/\"},{\"@type\":\"ListItem\",\"position\":2,\"name\":\"Le ministre de l&#8217;Energie Yonis Ali Guedi re\u00e7u \u00e0 Kigali par le directeur g\u00e9n\u00e9ral de l\u2019Alliance Solaire Internationale (ISA)\"}]},{\"@type\":\"WebSite\",\"@id\":\"https:\/\/www.africa-press.net\/djibouti\/#website\",\"url\":\"https:\/\/www.africa-press.net\/djibouti\/\",\"name\":\"Djibouti\",\"description\":\"Just another Africa News Agency Sites site\",\"potentialAction\":[{\"@type\":\"SearchAction\",\"target\":{\"@type\":\"EntryPoint\",\"urlTemplate\":\"https:\/\/www.africa-press.net\/djibouti\/?s={search_term_string}\"},\"query-input\":{\"@type\":\"PropertyValueSpecification\",\"valueRequired\":true,\"valueName\":\"search_term_string\"}}],\"inLanguage\":\"fr-FR\"},{\"@type\":\"Person\",\"@id\":\"https:\/\/www.africa-press.net\/djibouti\/#\/schema\/person\/2b1cf3cd81a31e3cd26889ca66d677f1\",\"name\":\"cfeditorfr\"}]}<\/script>\n<!-- \/ Yoast SEO Premium plugin. -->","yoast_head_json":{"title":"Le ministre de l'Energie Yonis Ali Guedi re\u00e7u \u00e0 Kigali par le directeur g\u00e9n\u00e9ral de l\u2019Alliance Solaire Internationale (ISA) - Djibouti","description":"En visite de travail a\u0300 Kigali, au Rwanda, pour prendre part a\u0300 la 5e\u0300me Re\u0301union Re\u0301gionale de l\u2019Alliance Solaire Inter ...","robots":{"index":"index","follow":"follow","max-snippet":"max-snippet:-1","max-image-preview":"max-image-preview:large","max-video-preview":"max-video-preview:-1"},"canonical":"https:\/\/www.africa-press.net\/djibouti\/economie\/le-ministre-de-lenergie-yonis-ali-guedi-recu-a-kigali-par-le-directeur-general-de-lalliance-solaire-internationale-isa","og_locale":"fr_FR","og_type":"article","og_title":"Le ministre de l'Energie Yonis Ali Guedi re\u00e7u \u00e0 Kigali par le directeur g\u00e9n\u00e9ral de l\u2019Alliance Solaire Internationale (ISA)","og_description":"En visite de travail a\u0300 Kigali, au Rwanda, pour prendre part a\u0300 la 5e\u0300me Re\u0301union Re\u0301gionale de l\u2019Alliance Solaire Inter ...","og_url":"https:\/\/www.africa-press.net\/djibouti\/economie\/le-ministre-de-lenergie-yonis-ali-guedi-recu-a-kigali-par-le-directeur-general-de-lalliance-solaire-internationale-isa","og_site_name":"Djibouti","article_published_time":"2023-08-31T15:25:20+00:00","article_modified_time":"2023-08-31T16:39:16+00:00","og_image":[{"width":1024,"height":768,"url":"https:\/\/static.africa-press.net\/djibouti\/sites\/52\/2023\/08\/sm_1693487247.526746.jpg","type":"image\/jpeg"}],"author":"cfeditorfr","twitter_card":"summary_large_image","twitter_misc":{"\u00c9crit par":"cfeditorfr","Dur\u00e9e de lecture estim\u00e9e":"7 minutes"},"schema":{"@context":"https:\/\/schema.org","@graph":[{"@type":"Article","@id":"https:\/\/www.africa-press.net\/djibouti\/economie\/le-ministre-de-lenergie-yonis-ali-guedi-recu-a-kigali-par-le-directeur-general-de-lalliance-solaire-internationale-isa#article","isPartOf":{"@id":"https:\/\/www.africa-press.net\/djibouti\/economie\/le-ministre-de-lenergie-yonis-ali-guedi-recu-a-kigali-par-le-directeur-general-de-lalliance-solaire-internationale-isa"},"author":{"name":"cfeditorfr","@id":"https:\/\/www.africa-press.net\/djibouti\/#\/schema\/person\/2b1cf3cd81a31e3cd26889ca66d677f1"},"headline":"Le ministre de l&rsquo;Energie Yonis Ali Guedi re\u00e7u \u00e0 Kigali par le directeur g\u00e9n\u00e9ral de l\u2019Alliance Solaire Internationale (ISA)","datePublished":"2023-08-31T15:25:20+00:00","dateModified":"2023-08-31T16:39:16+00:00","mainEntityOfPage":{"@id":"https:\/\/www.africa-press.net\/djibouti\/economie\/le-ministre-de-lenergie-yonis-ali-guedi-recu-a-kigali-par-le-directeur-general-de-lalliance-solaire-internationale-isa"},"wordCount":1630,"commentCount":0,"image":{"@id":"https:\/\/www.africa-press.net\/djibouti\/economie\/le-ministre-de-lenergie-yonis-ali-guedi-recu-a-kigali-par-le-directeur-general-de-lalliance-solaire-internationale-isa#primaryimage"},"thumbnailUrl":"https:\/\/static.africa-press.net\/djibouti\/sites\/52\/2023\/08\/sm_1693487247.526746.jpg","keywords":["Africa Press","Africa Press-Djibouti","Djibouti"],"articleSection":["\u00c9conomie","Toutes les actualit\u00e9s"],"inLanguage":"fr-FR","potentialAction":[{"@type":"CommentAction","name":"Comment","target":["https:\/\/www.africa-press.net\/djibouti\/economie\/le-ministre-de-lenergie-yonis-ali-guedi-recu-a-kigali-par-le-directeur-general-de-lalliance-solaire-internationale-isa#respond"]}]},{"@type":"WebPage","@id":"https:\/\/www.africa-press.net\/djibouti\/economie\/le-ministre-de-lenergie-yonis-ali-guedi-recu-a-kigali-par-le-directeur-general-de-lalliance-solaire-internationale-isa","url":"https:\/\/www.africa-press.net\/djibouti\/economie\/le-ministre-de-lenergie-yonis-ali-guedi-recu-a-kigali-par-le-directeur-general-de-lalliance-solaire-internationale-isa","name":"Le ministre de l'Energie Yonis Ali Guedi re\u00e7u \u00e0 Kigali par le directeur g\u00e9n\u00e9ral de l\u2019Alliance Solaire Internationale (ISA) - Djibouti","isPartOf":{"@id":"https:\/\/www.africa-press.net\/djibouti\/#website"},"primaryImageOfPage":{"@id":"https:\/\/www.africa-press.net\/djibouti\/economie\/le-ministre-de-lenergie-yonis-ali-guedi-recu-a-kigali-par-le-directeur-general-de-lalliance-solaire-internationale-isa#primaryimage"},"image":{"@id":"https:\/\/www.africa-press.net\/djibouti\/economie\/le-ministre-de-lenergie-yonis-ali-guedi-recu-a-kigali-par-le-directeur-general-de-lalliance-solaire-internationale-isa#primaryimage"},"thumbnailUrl":"https:\/\/static.africa-press.net\/djibouti\/sites\/52\/2023\/08\/sm_1693487247.526746.jpg","datePublished":"2023-08-31T15:25:20+00:00","dateModified":"2023-08-31T16:39:16+00:00","author":{"@id":"https:\/\/www.africa-press.net\/djibouti\/#\/schema\/person\/2b1cf3cd81a31e3cd26889ca66d677f1"},"description":"En visite de travail a\u0300 Kigali, au Rwanda, pour prendre part a\u0300 la 5e\u0300me Re\u0301union Re\u0301gionale de l\u2019Alliance Solaire Inter ...","breadcrumb":{"@id":"https:\/\/www.africa-press.net\/djibouti\/economie\/le-ministre-de-lenergie-yonis-ali-guedi-recu-a-kigali-par-le-directeur-general-de-lalliance-solaire-internationale-isa#breadcrumb"},"inLanguage":"fr-FR","potentialAction":[{"@type":"ReadAction","target":["https:\/\/www.africa-press.net\/djibouti\/economie\/le-ministre-de-lenergie-yonis-ali-guedi-recu-a-kigali-par-le-directeur-general-de-lalliance-solaire-internationale-isa"]}]},{"@type":"ImageObject","inLanguage":"fr-FR","@id":"https:\/\/www.africa-press.net\/djibouti\/economie\/le-ministre-de-lenergie-yonis-ali-guedi-recu-a-kigali-par-le-directeur-general-de-lalliance-solaire-internationale-isa#primaryimage","url":"https:\/\/static.africa-press.net\/djibouti\/sites\/52\/2023\/08\/sm_1693487247.526746.jpg","contentUrl":"https:\/\/static.africa-press.net\/djibouti\/sites\/52\/2023\/08\/sm_1693487247.526746.jpg","width":1024,"height":768,"caption":"Le ministre de l'Energie Yonis Ali Guedi re\u00e7u \u00e0 Kigali par le directeur g\u00e9n\u00e9ral de l\u2019Alliance Solaire Internationale (ISA)"},{"@type":"BreadcrumbList","@id":"https:\/\/www.africa-press.net\/djibouti\/economie\/le-ministre-de-lenergie-yonis-ali-guedi-recu-a-kigali-par-le-directeur-general-de-lalliance-solaire-internationale-isa#breadcrumb","itemListElement":[{"@type":"ListItem","position":1,"name":"Accueil","item":"https:\/\/www.africa-press.net\/djibouti\/"},{"@type":"ListItem","position":2,"name":"Le ministre de l&#8217;Energie Yonis Ali Guedi re\u00e7u \u00e0 Kigali par le directeur g\u00e9n\u00e9ral de l\u2019Alliance Solaire Internationale (ISA)"}]},{"@type":"WebSite","@id":"https:\/\/www.africa-press.net\/djibouti\/#website","url":"https:\/\/www.africa-press.net\/djibouti\/","name":"Djibouti","description":"Just another Africa News Agency Sites site","potentialAction":[{"@type":"SearchAction","target":{"@type":"EntryPoint","urlTemplate":"https:\/\/www.africa-press.net\/djibouti\/?s={search_term_string}"},"query-input":{"@type":"PropertyValueSpecification","valueRequired":true,"valueName":"search_term_string"}}],"inLanguage":"fr-FR"},{"@type":"Person","@id":"https:\/\/www.africa-press.net\/djibouti\/#\/schema\/person\/2b1cf3cd81a31e3cd26889ca66d677f1","name":"cfeditorfr"}]}},"_links":{"self":[{"href":"https:\/\/www.africa-press.net\/djibouti\/wp-json\/wp\/v2\/posts\/17202","targetHints":{"allow":["GET"]}}],"collection":[{"href":"https:\/\/www.africa-press.net\/djibouti\/wp-json\/wp\/v2\/posts"}],"about":[{"href":"https:\/\/www.africa-press.net\/djibouti\/wp-json\/wp\/v2\/types\/post"}],"author":[{"embeddable":true,"href":"https:\/\/www.africa-press.net\/djibouti\/wp-json\/wp\/v2\/users\/82"}],"replies":[{"embeddable":true,"href":"https:\/\/www.africa-press.net\/djibouti\/wp-json\/wp\/v2\/comments?post=17202"}],"version-history":[{"count":0,"href":"https:\/\/www.africa-press.net\/djibouti\/wp-json\/wp\/v2\/posts\/17202\/revisions"}],"wp:featuredmedia":[{"embeddable":true,"href":"https:\/\/www.africa-press.net\/djibouti\/wp-json\/wp\/v2\/media\/17201"}],"wp:attachment":[{"href":"https:\/\/www.africa-press.net\/djibouti\/wp-json\/wp\/v2\/media?parent=17202"}],"wp:term":[{"taxonomy":"category","embeddable":true,"href":"https:\/\/www.africa-press.net\/djibouti\/wp-json\/wp\/v2\/categories?post=17202"},{"taxonomy":"post_tag","embeddable":true,"href":"https:\/\/www.africa-press.net\/djibouti\/wp-json\/wp\/v2\/tags?post=17202"}],"curies":[{"name":"wp","href":"https:\/\/api.w.org\/{rel}","templated":true}]}}