{"id":17208,"date":"2023-08-31T15:42:44","date_gmt":"2023-08-31T15:42:44","guid":{"rendered":"https:\/\/www.africa-press.net\/djibouti\/politique\/retour-au-pays-de-lequipe-feminine-des-fad-a-lissue-de-sa-participation-a-la-caf-womens-champions-league-en-ouganda"},"modified":"2023-08-31T17:46:19","modified_gmt":"2023-08-31T17:46:19","slug":"retour-au-pays-de-lequipe-feminine-des-fad-a-lissue-de-sa-participation-a-la-caf-womens-champions-league-en-ouganda","status":"publish","type":"post","link":"https:\/\/www.africa-press.net\/djibouti\/sports\/retour-au-pays-de-lequipe-feminine-des-fad-a-lissue-de-sa-participation-a-la-caf-womens-champions-league-en-ouganda","title":{"rendered":"Retour au pays de l\u2019\u00e9quipe f\u00e9minine des FAD \u00e0 l\u2019issue de sa participation \u00e0 la CAF Women\u2019s Champions League en Ouganda"},"content":{"rendered":"<p><span style=\"color: #ff6600\"><strong>Africa-Press &#8211; Djibouti. <\/strong><\/span>L\u2019e\u0301quipe fe\u0301minine de l\u2019Arme\u0301e Djiboutienne est rentre\u0301e au pays le 26 aou\u0302t 2023 apre\u0300s avoir participe\u0301 avec de\u0301termination et engagement a\u0300 la prestigieuse CAF Women\u2019s Champions League 2023 qui s\u2019est tenue en Ouganda. Malgre\u0301 les efforts physiques et techniques de\u0301ploye\u0301s tout au long de la compe\u0301tition, les militaires djiboutiennes n\u2019ont pas obtenu la victoire finale.<\/p>\n<p>L\u2019Arme\u0301e Djiboutienne a fe\u0301licite\u0301 chaleureusement ses athle\u0300tes pour leur performance exceptionnelle sur la sce\u0300ne re\u0301gionale, notamment par l\u2019accueil chaleureux qui leur a e\u0301te\u0301 re\u0301serve\u0301 a\u0300 l\u2019ae\u0301roport.<\/p>\n<p>Le chef d\u2019e\u0301tat-major ge\u0301ne\u0301ral des Arme\u0301es, le ge\u0301ne\u0301ral de corps d\u2019arme\u0301es, Zakaria Cheick Ibrahim, a de\u0301clare\u0301: \u201cBien que le re\u0301sultat final n\u2019ait pas e\u0301te\u0301 a\u0300 la hauteur de nos attentes, nous sommes incroyablement fiers de l\u2019effort et de la de\u0301termination dont nos joueuses ont fait preuve tout au long du tournoi.<\/p>\n<p>Leur participation a\u0300 la CAF Women\u2019s Champions League te\u0301moigne de la capacite\u0301 de l\u2019Arme\u0301e Djiboutienne a\u0300 soutenir et a\u0300 encourager le de\u0301veloppement des femmes dans tous les domaines, y compris le sport \u201c.<\/p>\n\r\n                <style type=\"text\/css\">\r\n                    \r\n                    #td_uid_1_69ef2603a6a0b  .td-doubleSlider-2 .td-item1 {\r\n                        background: url(https:\/\/static.africa-press.net\/djibouti\/sites\/52\/2023\/08\/sm_1693491297.552862-80x60.jpg) 0 0 no-repeat;\r\n                    }\r\n                    #td_uid_1_69ef2603a6a0b  .td-doubleSlider-2 .td-item2 {\r\n                        background: url(https:\/\/static.africa-press.net\/djibouti\/sites\/52\/2023\/08\/sm_1693491321.762838-80x60.jpg) 0 0 no-repeat;\r\n                    }\r\n                <\/style>\r\n\r\n                <div id=\"td_uid_1_69ef2603a6a0b\" class=\"td-gallery td-slide-on-2-columns\">\r\n                    <div class=\"post_td_gallery\">\r\n                        <div class=\"td-gallery-slide-top\">\r\n                           <div class=\"td-gallery-title\"><\/div>\r\n\r\n                            <div class=\"td-gallery-controls-wrapper\">\r\n                                <div class=\"td-gallery-slide-count\"><span class=\"td-gallery-slide-item-focus\">1<\/span> de 2<\/div>\r\n                                <div class=\"td-gallery-slide-prev-next-but\">\r\n                                    <i class = \"td-icon-left doubleSliderPrevButton\"><\/i>\r\n                                    <i class = \"td-icon-right doubleSliderNextButton\"><\/i>\r\n                                <\/div>\r\n                            <\/div>\r\n                        <\/div>\r\n\r\n                        <div class = \"td-doubleSlider-1 \">\r\n                            <div class = \"td-slider\">\r\n                                \r\n                    <div class = \"td-slide-item td-item1\">\r\n                        <figure class=\"td-slide-galery-figure td-slide-popup-gallery\">\r\n                            <a class=\"slide-gallery-image-link\" href=\"https:\/\/static.africa-press.net\/djibouti\/sites\/52\/2023\/08\/sm_1693491297.552862.jpg\" title=\"sm_1693491297.552862\"  data-caption=\"\"  data-description=\"\">\r\n                                <img decoding=\"async\" src=\"https:\/\/static.africa-press.net\/djibouti\/sites\/52\/2023\/08\/sm_1693491297.552862.jpg\" srcset=\"https:\/\/static.africa-press.net\/djibouti\/sites\/52\/2023\/08\/sm_1693491297.552862.jpg 1024w, https:\/\/static.africa-press.net\/djibouti\/sites\/52\/2023\/08\/sm_1693491297.552862-300x200.jpg 300w, https:\/\/static.africa-press.net\/djibouti\/sites\/52\/2023\/08\/sm_1693491297.552862-768x512.jpg 768w\" sizes=\"(max-width: 1024px) 100vw, 1024px\" alt=\"\">\r\n                            <\/a>\r\n                            \r\n                        <\/figure>\r\n                    <\/div>\r\n                    <div class = \"td-slide-item td-item2\">\r\n                        <figure class=\"td-slide-galery-figure td-slide-popup-gallery\">\r\n                            <a class=\"slide-gallery-image-link\" href=\"https:\/\/static.africa-press.net\/djibouti\/sites\/52\/2023\/08\/sm_1693491321.762838.jpg\" title=\"sm_1693491321.762838\"  data-caption=\"\"  data-description=\"\">\r\n                                <img decoding=\"async\" src=\"https:\/\/static.africa-press.net\/djibouti\/sites\/52\/2023\/08\/sm_1693491321.762838.jpg\" srcset=\"https:\/\/static.africa-press.net\/djibouti\/sites\/52\/2023\/08\/sm_1693491321.762838.jpg 1024w, https:\/\/static.africa-press.net\/djibouti\/sites\/52\/2023\/08\/sm_1693491321.762838-300x200.jpg 300w, https:\/\/static.africa-press.net\/djibouti\/sites\/52\/2023\/08\/sm_1693491321.762838-768x512.jpg 768w\" sizes=\"(max-width: 1024px) 100vw, 1024px\" alt=\"\">\r\n                            <\/a>\r\n                            \r\n                        <\/figure>\r\n                    <\/div>\r\n                            <\/div>\r\n                        <\/div>\r\n\r\n                        <div class = \"td-doubleSlider-2\">\r\n                            <div class = \"td-slider\">\r\n                                \r\n                    <div class = \"td-button td-item1\">\r\n                        <div class = \"td-border\"><\/div>\r\n                    <\/div>\r\n                    <div class = \"td-button td-item2\">\r\n                        <div class = \"td-border\"><\/div>\r\n                    <\/div>\r\n                            <\/div>\r\n                        <\/div>\r\n\r\n                    <\/div>\r\n\r\n                <\/div>\r\n                \n<p><strong>Pour plus d&rsquo;informations et d&rsquo;analyses sur la <a href=\"https:\/\/www.africa-press.net\/djibouti\">Djibouti<\/a>, suivez <a href=\"https:\/\/www.africa-press.net\/\">Africa-Press<\/a><\/strong><\/p>\n","protected":false},"excerpt":{"rendered":"<p>Africa-Press &#8211; Djibouti. L\u2019e\u0301quipe fe\u0301minine de l\u2019Arme\u0301e Djiboutienne est rentre\u0301e au pays le 26 aou\u0302t 2023 apre\u0300s avoir participe\u0301 avec de\u0301termination et engagement a\u0300 la prestigieuse CAF Women\u2019s Champions League 2023 qui s\u2019est tenue en Ouganda. Malgre\u0301 les efforts physiques et techniques de\u0301ploye\u0301s tout au long de la compe\u0301tition, les militaires djiboutiennes n\u2019ont pas obtenu [&hellip;]<\/p>\n","protected":false},"author":82,"featured_media":17207,"comment_status":"open","ping_status":"closed","sticky":false,"template":"","format":"standard","meta":{"footnotes":""},"categories":[6,10],"tags":[36,49,50],"class_list":["post-17208","post","type-post","status-publish","format-standard","has-post-thumbnail","hentry","category-sports","category-toutes-les-actualites","tag-africa-press","tag-africa-press-djibouti","tag-djibouti"],"yoast_head":"<!-- This site is optimized with the Yoast SEO Premium plugin v26.1 (Yoast SEO v27.0) - https:\/\/yoast.com\/product\/yoast-seo-premium-wordpress\/ -->\n<title>Retour au pays de l\u2019\u00e9quipe f\u00e9minine des FAD \u00e0 l\u2019issue de sa participation \u00e0 la CAF Women\u2019s Champions League en Ouganda - Djibouti<\/title>\n<meta name=\"description\" content=\"L\u2019e\u0301quipe fe\u0301minine de l\u2019Arme\u0301e Djiboutienne est rentre\u0301e au pays le 26 aou\u0302t 2023 apre\u0300s avoir participe\u0301 avec de\u0301termi ...\" \/>\n<meta name=\"robots\" content=\"index, follow, max-snippet:-1, max-image-preview:large, max-video-preview:-1\" \/>\n<link rel=\"canonical\" href=\"https:\/\/www.africa-press.net\/djibouti\/sports\/retour-au-pays-de-lequipe-feminine-des-fad-a-lissue-de-sa-participation-a-la-caf-womens-champions-league-en-ouganda\" \/>\n<meta property=\"og:locale\" content=\"fr_FR\" \/>\n<meta property=\"og:type\" content=\"article\" \/>\n<meta property=\"og:title\" content=\"Retour au pays de l\u2019\u00e9quipe f\u00e9minine des FAD \u00e0 l\u2019issue de sa participation \u00e0 la CAF Women\u2019s Champions League en Ouganda\" \/>\n<meta property=\"og:description\" content=\"L\u2019e\u0301quipe fe\u0301minine de l\u2019Arme\u0301e Djiboutienne est rentre\u0301e au pays le 26 aou\u0302t 2023 apre\u0300s avoir participe\u0301 avec de\u0301termi ...\" \/>\n<meta property=\"og:url\" content=\"https:\/\/www.africa-press.net\/djibouti\/sports\/retour-au-pays-de-lequipe-feminine-des-fad-a-lissue-de-sa-participation-a-la-caf-womens-champions-league-en-ouganda\" \/>\n<meta property=\"og:site_name\" content=\"Djibouti\" \/>\n<meta property=\"article:published_time\" content=\"2023-08-31T15:42:44+00:00\" \/>\n<meta property=\"article:modified_time\" content=\"2023-08-31T17:46:19+00:00\" \/>\n<meta property=\"og:image\" content=\"https:\/\/static.africa-press.net\/djibouti\/sites\/52\/2023\/08\/sm_1693491339.180617.jpg\" \/>\n\t<meta property=\"og:image:width\" content=\"768\" \/>\n\t<meta property=\"og:image:height\" content=\"512\" \/>\n\t<meta property=\"og:image:type\" content=\"image\/jpeg\" \/>\n<meta name=\"author\" content=\"cfeditorfr\" \/>\n<meta name=\"twitter:card\" content=\"summary_large_image\" \/>\n<meta name=\"twitter:label1\" content=\"\u00c9crit par\" \/>\n\t<meta name=\"twitter:data1\" content=\"cfeditorfr\" \/>\n\t<meta name=\"twitter:label2\" content=\"Dur\u00e9e de lecture estim\u00e9e\" \/>\n\t<meta name=\"twitter:data2\" content=\"1 minute\" \/>\n<script type=\"application\/ld+json\" class=\"yoast-schema-graph\">{\"@context\":\"https:\/\/schema.org\",\"@graph\":[{\"@type\":\"Article\",\"@id\":\"https:\/\/www.africa-press.net\/djibouti\/sports\/retour-au-pays-de-lequipe-feminine-des-fad-a-lissue-de-sa-participation-a-la-caf-womens-champions-league-en-ouganda#article\",\"isPartOf\":{\"@id\":\"https:\/\/www.africa-press.net\/djibouti\/sports\/retour-au-pays-de-lequipe-feminine-des-fad-a-lissue-de-sa-participation-a-la-caf-womens-champions-league-en-ouganda\"},\"author\":{\"name\":\"cfeditorfr\",\"@id\":\"https:\/\/www.africa-press.net\/djibouti\/#\/schema\/person\/2b1cf3cd81a31e3cd26889ca66d677f1\"},\"headline\":\"Retour au pays de l\u2019\u00e9quipe f\u00e9minine des FAD \u00e0 l\u2019issue de sa participation \u00e0 la CAF Women\u2019s Champions League en Ouganda\",\"datePublished\":\"2023-08-31T15:42:44+00:00\",\"dateModified\":\"2023-08-31T17:46:19+00:00\",\"mainEntityOfPage\":{\"@id\":\"https:\/\/www.africa-press.net\/djibouti\/sports\/retour-au-pays-de-lequipe-feminine-des-fad-a-lissue-de-sa-participation-a-la-caf-womens-champions-league-en-ouganda\"},\"wordCount\":255,\"commentCount\":0,\"image\":{\"@id\":\"https:\/\/www.africa-press.net\/djibouti\/sports\/retour-au-pays-de-lequipe-feminine-des-fad-a-lissue-de-sa-participation-a-la-caf-womens-champions-league-en-ouganda#primaryimage\"},\"thumbnailUrl\":\"https:\/\/static.africa-press.net\/djibouti\/sites\/52\/2023\/08\/sm_1693491339.180617.jpg\",\"keywords\":[\"Africa Press\",\"Africa Press-Djibouti\",\"Djibouti\"],\"articleSection\":[\"Sports\",\"Toutes les actualit\u00e9s\"],\"inLanguage\":\"fr-FR\",\"potentialAction\":[{\"@type\":\"CommentAction\",\"name\":\"Comment\",\"target\":[\"https:\/\/www.africa-press.net\/djibouti\/sports\/retour-au-pays-de-lequipe-feminine-des-fad-a-lissue-de-sa-participation-a-la-caf-womens-champions-league-en-ouganda#respond\"]}]},{\"@type\":\"WebPage\",\"@id\":\"https:\/\/www.africa-press.net\/djibouti\/sports\/retour-au-pays-de-lequipe-feminine-des-fad-a-lissue-de-sa-participation-a-la-caf-womens-champions-league-en-ouganda\",\"url\":\"https:\/\/www.africa-press.net\/djibouti\/sports\/retour-au-pays-de-lequipe-feminine-des-fad-a-lissue-de-sa-participation-a-la-caf-womens-champions-league-en-ouganda\",\"name\":\"Retour au pays de l\u2019\u00e9quipe f\u00e9minine des FAD \u00e0 l\u2019issue de sa participation \u00e0 la CAF Women\u2019s Champions League en Ouganda - Djibouti\",\"isPartOf\":{\"@id\":\"https:\/\/www.africa-press.net\/djibouti\/#website\"},\"primaryImageOfPage\":{\"@id\":\"https:\/\/www.africa-press.net\/djibouti\/sports\/retour-au-pays-de-lequipe-feminine-des-fad-a-lissue-de-sa-participation-a-la-caf-womens-champions-league-en-ouganda#primaryimage\"},\"image\":{\"@id\":\"https:\/\/www.africa-press.net\/djibouti\/sports\/retour-au-pays-de-lequipe-feminine-des-fad-a-lissue-de-sa-participation-a-la-caf-womens-champions-league-en-ouganda#primaryimage\"},\"thumbnailUrl\":\"https:\/\/static.africa-press.net\/djibouti\/sites\/52\/2023\/08\/sm_1693491339.180617.jpg\",\"datePublished\":\"2023-08-31T15:42:44+00:00\",\"dateModified\":\"2023-08-31T17:46:19+00:00\",\"author\":{\"@id\":\"https:\/\/www.africa-press.net\/djibouti\/#\/schema\/person\/2b1cf3cd81a31e3cd26889ca66d677f1\"},\"description\":\"L\u2019e\u0301quipe fe\u0301minine de l\u2019Arme\u0301e Djiboutienne est rentre\u0301e au pays le 26 aou\u0302t 2023 apre\u0300s avoir participe\u0301 avec de\u0301termi ...\",\"breadcrumb\":{\"@id\":\"https:\/\/www.africa-press.net\/djibouti\/sports\/retour-au-pays-de-lequipe-feminine-des-fad-a-lissue-de-sa-participation-a-la-caf-womens-champions-league-en-ouganda#breadcrumb\"},\"inLanguage\":\"fr-FR\",\"potentialAction\":[{\"@type\":\"ReadAction\",\"target\":[\"https:\/\/www.africa-press.net\/djibouti\/sports\/retour-au-pays-de-lequipe-feminine-des-fad-a-lissue-de-sa-participation-a-la-caf-womens-champions-league-en-ouganda\"]}]},{\"@type\":\"ImageObject\",\"inLanguage\":\"fr-FR\",\"@id\":\"https:\/\/www.africa-press.net\/djibouti\/sports\/retour-au-pays-de-lequipe-feminine-des-fad-a-lissue-de-sa-participation-a-la-caf-womens-champions-league-en-ouganda#primaryimage\",\"url\":\"https:\/\/static.africa-press.net\/djibouti\/sites\/52\/2023\/08\/sm_1693491339.180617.jpg\",\"contentUrl\":\"https:\/\/static.africa-press.net\/djibouti\/sites\/52\/2023\/08\/sm_1693491339.180617.jpg\",\"width\":768,\"height\":512,\"caption\":\"Retour au pays de l\u2019\u00e9quipe f\u00e9minine des FAD \u00e0 l\u2019issue de sa participation \u00e0 la CAF Women\u2019s Champions League en Ouganda\"},{\"@type\":\"BreadcrumbList\",\"@id\":\"https:\/\/www.africa-press.net\/djibouti\/sports\/retour-au-pays-de-lequipe-feminine-des-fad-a-lissue-de-sa-participation-a-la-caf-womens-champions-league-en-ouganda#breadcrumb\",\"itemListElement\":[{\"@type\":\"ListItem\",\"position\":1,\"name\":\"Accueil\",\"item\":\"https:\/\/www.africa-press.net\/djibouti\/\"},{\"@type\":\"ListItem\",\"position\":2,\"name\":\"Retour au pays de l\u2019\u00e9quipe f\u00e9minine des FAD \u00e0 l\u2019issue de sa participation \u00e0 la CAF Women\u2019s Champions League en Ouganda\"}]},{\"@type\":\"WebSite\",\"@id\":\"https:\/\/www.africa-press.net\/djibouti\/#website\",\"url\":\"https:\/\/www.africa-press.net\/djibouti\/\",\"name\":\"Djibouti\",\"description\":\"Just another Africa News Agency Sites site\",\"potentialAction\":[{\"@type\":\"SearchAction\",\"target\":{\"@type\":\"EntryPoint\",\"urlTemplate\":\"https:\/\/www.africa-press.net\/djibouti\/?s={search_term_string}\"},\"query-input\":{\"@type\":\"PropertyValueSpecification\",\"valueRequired\":true,\"valueName\":\"search_term_string\"}}],\"inLanguage\":\"fr-FR\"},{\"@type\":\"Person\",\"@id\":\"https:\/\/www.africa-press.net\/djibouti\/#\/schema\/person\/2b1cf3cd81a31e3cd26889ca66d677f1\",\"name\":\"cfeditorfr\"}]}<\/script>\n<!-- \/ Yoast SEO Premium plugin. -->","yoast_head_json":{"title":"Retour au pays de l\u2019\u00e9quipe f\u00e9minine des FAD \u00e0 l\u2019issue de sa participation \u00e0 la CAF Women\u2019s Champions League en Ouganda - Djibouti","description":"L\u2019e\u0301quipe fe\u0301minine de l\u2019Arme\u0301e Djiboutienne est rentre\u0301e au pays le 26 aou\u0302t 2023 apre\u0300s avoir participe\u0301 avec de\u0301termi ...","robots":{"index":"index","follow":"follow","max-snippet":"max-snippet:-1","max-image-preview":"max-image-preview:large","max-video-preview":"max-video-preview:-1"},"canonical":"https:\/\/www.africa-press.net\/djibouti\/sports\/retour-au-pays-de-lequipe-feminine-des-fad-a-lissue-de-sa-participation-a-la-caf-womens-champions-league-en-ouganda","og_locale":"fr_FR","og_type":"article","og_title":"Retour au pays de l\u2019\u00e9quipe f\u00e9minine des FAD \u00e0 l\u2019issue de sa participation \u00e0 la CAF Women\u2019s Champions League en Ouganda","og_description":"L\u2019e\u0301quipe fe\u0301minine de l\u2019Arme\u0301e Djiboutienne est rentre\u0301e au pays le 26 aou\u0302t 2023 apre\u0300s avoir participe\u0301 avec de\u0301termi ...","og_url":"https:\/\/www.africa-press.net\/djibouti\/sports\/retour-au-pays-de-lequipe-feminine-des-fad-a-lissue-de-sa-participation-a-la-caf-womens-champions-league-en-ouganda","og_site_name":"Djibouti","article_published_time":"2023-08-31T15:42:44+00:00","article_modified_time":"2023-08-31T17:46:19+00:00","og_image":[{"width":768,"height":512,"url":"https:\/\/static.africa-press.net\/djibouti\/sites\/52\/2023\/08\/sm_1693491339.180617.jpg","type":"image\/jpeg"}],"author":"cfeditorfr","twitter_card":"summary_large_image","twitter_misc":{"\u00c9crit par":"cfeditorfr","Dur\u00e9e de lecture estim\u00e9e":"1 minute"},"schema":{"@context":"https:\/\/schema.org","@graph":[{"@type":"Article","@id":"https:\/\/www.africa-press.net\/djibouti\/sports\/retour-au-pays-de-lequipe-feminine-des-fad-a-lissue-de-sa-participation-a-la-caf-womens-champions-league-en-ouganda#article","isPartOf":{"@id":"https:\/\/www.africa-press.net\/djibouti\/sports\/retour-au-pays-de-lequipe-feminine-des-fad-a-lissue-de-sa-participation-a-la-caf-womens-champions-league-en-ouganda"},"author":{"name":"cfeditorfr","@id":"https:\/\/www.africa-press.net\/djibouti\/#\/schema\/person\/2b1cf3cd81a31e3cd26889ca66d677f1"},"headline":"Retour au pays de l\u2019\u00e9quipe f\u00e9minine des FAD \u00e0 l\u2019issue de sa participation \u00e0 la CAF Women\u2019s Champions League en Ouganda","datePublished":"2023-08-31T15:42:44+00:00","dateModified":"2023-08-31T17:46:19+00:00","mainEntityOfPage":{"@id":"https:\/\/www.africa-press.net\/djibouti\/sports\/retour-au-pays-de-lequipe-feminine-des-fad-a-lissue-de-sa-participation-a-la-caf-womens-champions-league-en-ouganda"},"wordCount":255,"commentCount":0,"image":{"@id":"https:\/\/www.africa-press.net\/djibouti\/sports\/retour-au-pays-de-lequipe-feminine-des-fad-a-lissue-de-sa-participation-a-la-caf-womens-champions-league-en-ouganda#primaryimage"},"thumbnailUrl":"https:\/\/static.africa-press.net\/djibouti\/sites\/52\/2023\/08\/sm_1693491339.180617.jpg","keywords":["Africa Press","Africa Press-Djibouti","Djibouti"],"articleSection":["Sports","Toutes les actualit\u00e9s"],"inLanguage":"fr-FR","potentialAction":[{"@type":"CommentAction","name":"Comment","target":["https:\/\/www.africa-press.net\/djibouti\/sports\/retour-au-pays-de-lequipe-feminine-des-fad-a-lissue-de-sa-participation-a-la-caf-womens-champions-league-en-ouganda#respond"]}]},{"@type":"WebPage","@id":"https:\/\/www.africa-press.net\/djibouti\/sports\/retour-au-pays-de-lequipe-feminine-des-fad-a-lissue-de-sa-participation-a-la-caf-womens-champions-league-en-ouganda","url":"https:\/\/www.africa-press.net\/djibouti\/sports\/retour-au-pays-de-lequipe-feminine-des-fad-a-lissue-de-sa-participation-a-la-caf-womens-champions-league-en-ouganda","name":"Retour au pays de l\u2019\u00e9quipe f\u00e9minine des FAD \u00e0 l\u2019issue de sa participation \u00e0 la CAF Women\u2019s Champions League en Ouganda - Djibouti","isPartOf":{"@id":"https:\/\/www.africa-press.net\/djibouti\/#website"},"primaryImageOfPage":{"@id":"https:\/\/www.africa-press.net\/djibouti\/sports\/retour-au-pays-de-lequipe-feminine-des-fad-a-lissue-de-sa-participation-a-la-caf-womens-champions-league-en-ouganda#primaryimage"},"image":{"@id":"https:\/\/www.africa-press.net\/djibouti\/sports\/retour-au-pays-de-lequipe-feminine-des-fad-a-lissue-de-sa-participation-a-la-caf-womens-champions-league-en-ouganda#primaryimage"},"thumbnailUrl":"https:\/\/static.africa-press.net\/djibouti\/sites\/52\/2023\/08\/sm_1693491339.180617.jpg","datePublished":"2023-08-31T15:42:44+00:00","dateModified":"2023-08-31T17:46:19+00:00","author":{"@id":"https:\/\/www.africa-press.net\/djibouti\/#\/schema\/person\/2b1cf3cd81a31e3cd26889ca66d677f1"},"description":"L\u2019e\u0301quipe fe\u0301minine de l\u2019Arme\u0301e Djiboutienne est rentre\u0301e au pays le 26 aou\u0302t 2023 apre\u0300s avoir participe\u0301 avec de\u0301termi ...","breadcrumb":{"@id":"https:\/\/www.africa-press.net\/djibouti\/sports\/retour-au-pays-de-lequipe-feminine-des-fad-a-lissue-de-sa-participation-a-la-caf-womens-champions-league-en-ouganda#breadcrumb"},"inLanguage":"fr-FR","potentialAction":[{"@type":"ReadAction","target":["https:\/\/www.africa-press.net\/djibouti\/sports\/retour-au-pays-de-lequipe-feminine-des-fad-a-lissue-de-sa-participation-a-la-caf-womens-champions-league-en-ouganda"]}]},{"@type":"ImageObject","inLanguage":"fr-FR","@id":"https:\/\/www.africa-press.net\/djibouti\/sports\/retour-au-pays-de-lequipe-feminine-des-fad-a-lissue-de-sa-participation-a-la-caf-womens-champions-league-en-ouganda#primaryimage","url":"https:\/\/static.africa-press.net\/djibouti\/sites\/52\/2023\/08\/sm_1693491339.180617.jpg","contentUrl":"https:\/\/static.africa-press.net\/djibouti\/sites\/52\/2023\/08\/sm_1693491339.180617.jpg","width":768,"height":512,"caption":"Retour au pays de l\u2019\u00e9quipe f\u00e9minine des FAD \u00e0 l\u2019issue de sa participation \u00e0 la CAF Women\u2019s Champions League en Ouganda"},{"@type":"BreadcrumbList","@id":"https:\/\/www.africa-press.net\/djibouti\/sports\/retour-au-pays-de-lequipe-feminine-des-fad-a-lissue-de-sa-participation-a-la-caf-womens-champions-league-en-ouganda#breadcrumb","itemListElement":[{"@type":"ListItem","position":1,"name":"Accueil","item":"https:\/\/www.africa-press.net\/djibouti\/"},{"@type":"ListItem","position":2,"name":"Retour au pays de l\u2019\u00e9quipe f\u00e9minine des FAD \u00e0 l\u2019issue de sa participation \u00e0 la CAF Women\u2019s Champions League en Ouganda"}]},{"@type":"WebSite","@id":"https:\/\/www.africa-press.net\/djibouti\/#website","url":"https:\/\/www.africa-press.net\/djibouti\/","name":"Djibouti","description":"Just another Africa News Agency Sites site","potentialAction":[{"@type":"SearchAction","target":{"@type":"EntryPoint","urlTemplate":"https:\/\/www.africa-press.net\/djibouti\/?s={search_term_string}"},"query-input":{"@type":"PropertyValueSpecification","valueRequired":true,"valueName":"search_term_string"}}],"inLanguage":"fr-FR"},{"@type":"Person","@id":"https:\/\/www.africa-press.net\/djibouti\/#\/schema\/person\/2b1cf3cd81a31e3cd26889ca66d677f1","name":"cfeditorfr"}]}},"_links":{"self":[{"href":"https:\/\/www.africa-press.net\/djibouti\/wp-json\/wp\/v2\/posts\/17208","targetHints":{"allow":["GET"]}}],"collection":[{"href":"https:\/\/www.africa-press.net\/djibouti\/wp-json\/wp\/v2\/posts"}],"about":[{"href":"https:\/\/www.africa-press.net\/djibouti\/wp-json\/wp\/v2\/types\/post"}],"author":[{"embeddable":true,"href":"https:\/\/www.africa-press.net\/djibouti\/wp-json\/wp\/v2\/users\/82"}],"replies":[{"embeddable":true,"href":"https:\/\/www.africa-press.net\/djibouti\/wp-json\/wp\/v2\/comments?post=17208"}],"version-history":[{"count":0,"href":"https:\/\/www.africa-press.net\/djibouti\/wp-json\/wp\/v2\/posts\/17208\/revisions"}],"wp:featuredmedia":[{"embeddable":true,"href":"https:\/\/www.africa-press.net\/djibouti\/wp-json\/wp\/v2\/media\/17207"}],"wp:attachment":[{"href":"https:\/\/www.africa-press.net\/djibouti\/wp-json\/wp\/v2\/media?parent=17208"}],"wp:term":[{"taxonomy":"category","embeddable":true,"href":"https:\/\/www.africa-press.net\/djibouti\/wp-json\/wp\/v2\/categories?post=17208"},{"taxonomy":"post_tag","embeddable":true,"href":"https:\/\/www.africa-press.net\/djibouti\/wp-json\/wp\/v2\/tags?post=17208"}],"curies":[{"name":"wp","href":"https:\/\/api.w.org\/{rel}","templated":true}]}}