{"id":17211,"date":"2023-08-31T15:43:25","date_gmt":"2023-08-31T15:43:25","guid":{"rendered":"https:\/\/www.africa-press.net\/djibouti\/politique\/ouverture-a-djibouti-de-la-5eme-reunion-ministerielle-de-linitiative-africaine-sur-les-energies-renouvelables"},"modified":"2023-08-31T17:46:52","modified_gmt":"2023-08-31T17:46:52","slug":"ouverture-a-djibouti-de-la-5eme-reunion-ministerielle-de-linitiative-africaine-sur-les-energies-renouvelables","status":"publish","type":"post","link":"https:\/\/www.africa-press.net\/djibouti\/economie\/ouverture-a-djibouti-de-la-5eme-reunion-ministerielle-de-linitiative-africaine-sur-les-energies-renouvelables","title":{"rendered":"Ouverture \u00e0 Djibouti de la 5\u00e8me R\u00e9union minist\u00e9rielle de l\u2019Initiative Africaine sur les Energies Renouvelables"},"content":{"rendered":"<p><span style=\"color: #ff6600\"><strong>Africa-Press &#8211; Djibouti. <\/strong><\/span>Sous l\u2019e\u0301gide du Ministre de l\u2019Energie, charge\u0301 des Ressources Naturelles, Yonis Ali Guedi, s\u2019est ouverte, hier a\u0300 l\u2019ho\u0302tel Djibouti Palace Kempinski, la 5e\u0300me Re\u0301union ministe\u0301rielle de l\u2019Initiative Africaine sur les Energies Renouvelables (AREI).<\/p>\n<p>Celle-ci, la premie\u0300re du genre en Re\u0301publique de Djibouti, a re\u0301uni des participants de haut niveau, dont des officiels gouvernementaux, des experts, des investisseurs et des acteurs majeurs du secteur e\u0301nerge\u0301tique, venus de tous les pays membres de cette organisation qui se consacre a\u0300 la promotion et au de\u0301veloppement des e\u0301nergies renouvelables sur le continent. D\u2019autres participants ont e\u0301galement pris part a\u0300 cette re\u0301union par visioconfe\u0301rence.<\/p>\n<p>Dans son allocution faite lors de l\u2019ouverture solennelle de la re\u0301union, le Ministre de l\u2019Energie, charge\u0301 des Ressources Naturelles, Yonis Ali Guedi, apre\u0300s avoir souhaite\u0301 une chaleureuse et cordiale bienvenue aux e\u0301minents participants, a ensuite adresse\u0301 ses chaleureux remerciements pour le choix porte\u0301 sur notre pays pour abriter pour la premie\u0300re fois les travaux de la Re\u0301union des ministres de l\u2019Initiative Africaine sur les Energies Renouvelables (AREI). Le Ministre Yonis Ali Guedi a, en outre, tenu a\u0300 rappeler que la Re\u0301publique de Djibouti, sous le leadership de son Excellence, le Pre\u0301sident de la Re\u0301publique M. Ismail Omar Guelleh, a toujours soutenu toutes les Initiatives e\u0301manant de l\u2019Afrique en ge\u0301ne\u0301ral et cette Initiative sur les E\u0301nergies Renouvelables, en particulier, car les objectifs poursuivis par celle-ci sont en parfaite ade\u0301quation avec les objectifs e\u0301nerge\u0301tiques nationaux.<\/p>\n<p>Le haut responsable politique djiboutien a acheve\u0301 son intervention en appelant de ses v\u0153ux, l\u2019impe\u0301rieuse ne\u0301cessite\u0301 pour les pays membres de cette organisation de faire valoir leurs diffe\u0301rentes potentialite\u0301s, de cre\u0301er les conditions d\u2019un de\u0301ploiement acce\u0301le\u0301re\u0301 des e\u0301nergies renouvelables, de conjuguer ensemble leurs efforts et surtout de travailler en synergie d\u2019action.<\/p>\n<p>Rappelons enfin que cette 5e\u0300me re\u0301union ministe\u0301rielle s\u2019inscrit dans la perspective de la pre\u0301paration de la prochaine assise du Conseil d\u2019Administration de l\u2019AREI pre\u0301vue a\u0300 New York, au mois de Septembre prochain, en marge du Sommet des Nation Unies.<\/p>\n<p>&nbsp;<\/p>\n<p><strong>Pour plus d&rsquo;informations et d&rsquo;analyses sur la <a href=\"https:\/\/www.africa-press.net\/djibouti\">Djibouti<\/a>, suivez <a href=\"https:\/\/www.africa-press.net\/\">Africa-Press<\/a><\/strong><\/p>\n","protected":false},"excerpt":{"rendered":"<p>Africa-Press &#8211; Djibouti. Sous l\u2019e\u0301gide du Ministre de l\u2019Energie, charge\u0301 des Ressources Naturelles, Yonis Ali Guedi, s\u2019est ouverte, hier a\u0300 l\u2019ho\u0302tel Djibouti Palace Kempinski, la 5e\u0300me Re\u0301union ministe\u0301rielle de l\u2019Initiative Africaine sur les Energies Renouvelables (AREI). Celle-ci, la premie\u0300re du genre en Re\u0301publique de Djibouti, a re\u0301uni des participants de haut niveau, dont des officiels [&hellip;]<\/p>\n","protected":false},"author":82,"featured_media":17209,"comment_status":"open","ping_status":"closed","sticky":false,"template":"","format":"standard","meta":{"footnotes":""},"categories":[3,10],"tags":[36,49,50],"class_list":["post-17211","post","type-post","status-publish","format-standard","has-post-thumbnail","hentry","category-economie","category-toutes-les-actualites","tag-africa-press","tag-africa-press-djibouti","tag-djibouti"],"yoast_head":"<!-- This site is optimized with the Yoast SEO Premium plugin v26.1 (Yoast SEO v27.0) - https:\/\/yoast.com\/product\/yoast-seo-premium-wordpress\/ -->\n<title>Ouverture \u00e0 Djibouti de la 5\u00e8me R\u00e9union minist\u00e9rielle de l\u2019Initiative Africaine sur les Energies Renouvelables - Djibouti<\/title>\n<meta name=\"description\" content=\"Sous l\u2019e\u0301gide du Ministre de l\u2019Energie, charge\u0301 des Ressources Naturelles, Yonis Ali Guedi, s\u2019est ouverte, hier a\u0300 l\u2019ho\u0302 ...\" \/>\n<meta name=\"robots\" content=\"index, follow, max-snippet:-1, max-image-preview:large, max-video-preview:-1\" \/>\n<link rel=\"canonical\" href=\"https:\/\/www.africa-press.net\/djibouti\/economie\/ouverture-a-djibouti-de-la-5eme-reunion-ministerielle-de-linitiative-africaine-sur-les-energies-renouvelables\" \/>\n<meta property=\"og:locale\" content=\"fr_FR\" \/>\n<meta property=\"og:type\" content=\"article\" \/>\n<meta property=\"og:title\" content=\"Ouverture \u00e0 Djibouti de la 5\u00e8me R\u00e9union minist\u00e9rielle de l\u2019Initiative Africaine sur les Energies Renouvelables\" \/>\n<meta property=\"og:description\" content=\"Sous l\u2019e\u0301gide du Ministre de l\u2019Energie, charge\u0301 des Ressources Naturelles, Yonis Ali Guedi, s\u2019est ouverte, hier a\u0300 l\u2019ho\u0302 ...\" \/>\n<meta property=\"og:url\" content=\"https:\/\/www.africa-press.net\/djibouti\/economie\/ouverture-a-djibouti-de-la-5eme-reunion-ministerielle-de-linitiative-africaine-sur-les-energies-renouvelables\" \/>\n<meta property=\"og:site_name\" content=\"Djibouti\" \/>\n<meta property=\"article:published_time\" content=\"2023-08-31T15:43:25+00:00\" \/>\n<meta property=\"article:modified_time\" content=\"2023-08-31T17:46:52+00:00\" \/>\n<meta property=\"og:image\" content=\"https:\/\/static.africa-press.net\/djibouti\/sites\/52\/2023\/08\/sm_1693491365.337543.jpg\" \/>\n\t<meta property=\"og:image:width\" content=\"720\" \/>\n\t<meta property=\"og:image:height\" content=\"444\" \/>\n\t<meta property=\"og:image:type\" content=\"image\/jpeg\" \/>\n<meta name=\"author\" content=\"cfeditorfr\" \/>\n<meta name=\"twitter:card\" content=\"summary_large_image\" \/>\n<meta name=\"twitter:label1\" content=\"\u00c9crit par\" \/>\n\t<meta name=\"twitter:data1\" content=\"cfeditorfr\" \/>\n\t<meta name=\"twitter:label2\" content=\"Dur\u00e9e de lecture estim\u00e9e\" \/>\n\t<meta name=\"twitter:data2\" content=\"2 minutes\" \/>\n<script type=\"application\/ld+json\" class=\"yoast-schema-graph\">{\"@context\":\"https:\/\/schema.org\",\"@graph\":[{\"@type\":\"Article\",\"@id\":\"https:\/\/www.africa-press.net\/djibouti\/economie\/ouverture-a-djibouti-de-la-5eme-reunion-ministerielle-de-linitiative-africaine-sur-les-energies-renouvelables#article\",\"isPartOf\":{\"@id\":\"https:\/\/www.africa-press.net\/djibouti\/economie\/ouverture-a-djibouti-de-la-5eme-reunion-ministerielle-de-linitiative-africaine-sur-les-energies-renouvelables\"},\"author\":{\"name\":\"cfeditorfr\",\"@id\":\"https:\/\/www.africa-press.net\/djibouti\/#\/schema\/person\/2b1cf3cd81a31e3cd26889ca66d677f1\"},\"headline\":\"Ouverture \u00e0 Djibouti de la 5\u00e8me R\u00e9union minist\u00e9rielle de l\u2019Initiative Africaine sur les Energies Renouvelables\",\"datePublished\":\"2023-08-31T15:43:25+00:00\",\"dateModified\":\"2023-08-31T17:46:52+00:00\",\"mainEntityOfPage\":{\"@id\":\"https:\/\/www.africa-press.net\/djibouti\/economie\/ouverture-a-djibouti-de-la-5eme-reunion-ministerielle-de-linitiative-africaine-sur-les-energies-renouvelables\"},\"wordCount\":416,\"commentCount\":0,\"image\":{\"@id\":\"https:\/\/www.africa-press.net\/djibouti\/economie\/ouverture-a-djibouti-de-la-5eme-reunion-ministerielle-de-linitiative-africaine-sur-les-energies-renouvelables#primaryimage\"},\"thumbnailUrl\":\"https:\/\/static.africa-press.net\/djibouti\/sites\/52\/2023\/08\/sm_1693491365.337543.jpg\",\"keywords\":[\"Africa Press\",\"Africa Press-Djibouti\",\"Djibouti\"],\"articleSection\":[\"\u00c9conomie\",\"Toutes les actualit\u00e9s\"],\"inLanguage\":\"fr-FR\",\"potentialAction\":[{\"@type\":\"CommentAction\",\"name\":\"Comment\",\"target\":[\"https:\/\/www.africa-press.net\/djibouti\/economie\/ouverture-a-djibouti-de-la-5eme-reunion-ministerielle-de-linitiative-africaine-sur-les-energies-renouvelables#respond\"]}]},{\"@type\":\"WebPage\",\"@id\":\"https:\/\/www.africa-press.net\/djibouti\/economie\/ouverture-a-djibouti-de-la-5eme-reunion-ministerielle-de-linitiative-africaine-sur-les-energies-renouvelables\",\"url\":\"https:\/\/www.africa-press.net\/djibouti\/economie\/ouverture-a-djibouti-de-la-5eme-reunion-ministerielle-de-linitiative-africaine-sur-les-energies-renouvelables\",\"name\":\"Ouverture \u00e0 Djibouti de la 5\u00e8me R\u00e9union minist\u00e9rielle de l\u2019Initiative Africaine sur les Energies Renouvelables - Djibouti\",\"isPartOf\":{\"@id\":\"https:\/\/www.africa-press.net\/djibouti\/#website\"},\"primaryImageOfPage\":{\"@id\":\"https:\/\/www.africa-press.net\/djibouti\/economie\/ouverture-a-djibouti-de-la-5eme-reunion-ministerielle-de-linitiative-africaine-sur-les-energies-renouvelables#primaryimage\"},\"image\":{\"@id\":\"https:\/\/www.africa-press.net\/djibouti\/economie\/ouverture-a-djibouti-de-la-5eme-reunion-ministerielle-de-linitiative-africaine-sur-les-energies-renouvelables#primaryimage\"},\"thumbnailUrl\":\"https:\/\/static.africa-press.net\/djibouti\/sites\/52\/2023\/08\/sm_1693491365.337543.jpg\",\"datePublished\":\"2023-08-31T15:43:25+00:00\",\"dateModified\":\"2023-08-31T17:46:52+00:00\",\"author\":{\"@id\":\"https:\/\/www.africa-press.net\/djibouti\/#\/schema\/person\/2b1cf3cd81a31e3cd26889ca66d677f1\"},\"description\":\"Sous l\u2019e\u0301gide du Ministre de l\u2019Energie, charge\u0301 des Ressources Naturelles, Yonis Ali Guedi, s\u2019est ouverte, hier a\u0300 l\u2019ho\u0302 ...\",\"breadcrumb\":{\"@id\":\"https:\/\/www.africa-press.net\/djibouti\/economie\/ouverture-a-djibouti-de-la-5eme-reunion-ministerielle-de-linitiative-africaine-sur-les-energies-renouvelables#breadcrumb\"},\"inLanguage\":\"fr-FR\",\"potentialAction\":[{\"@type\":\"ReadAction\",\"target\":[\"https:\/\/www.africa-press.net\/djibouti\/economie\/ouverture-a-djibouti-de-la-5eme-reunion-ministerielle-de-linitiative-africaine-sur-les-energies-renouvelables\"]}]},{\"@type\":\"ImageObject\",\"inLanguage\":\"fr-FR\",\"@id\":\"https:\/\/www.africa-press.net\/djibouti\/economie\/ouverture-a-djibouti-de-la-5eme-reunion-ministerielle-de-linitiative-africaine-sur-les-energies-renouvelables#primaryimage\",\"url\":\"https:\/\/static.africa-press.net\/djibouti\/sites\/52\/2023\/08\/sm_1693491365.337543.jpg\",\"contentUrl\":\"https:\/\/static.africa-press.net\/djibouti\/sites\/52\/2023\/08\/sm_1693491365.337543.jpg\",\"width\":720,\"height\":444,\"caption\":\"Ouverture \u00e0 Djibouti de la 5\u00e8me R\u00e9union minist\u00e9rielle de l\u2019Initiative Africaine sur les Energies Renouvelables\"},{\"@type\":\"BreadcrumbList\",\"@id\":\"https:\/\/www.africa-press.net\/djibouti\/economie\/ouverture-a-djibouti-de-la-5eme-reunion-ministerielle-de-linitiative-africaine-sur-les-energies-renouvelables#breadcrumb\",\"itemListElement\":[{\"@type\":\"ListItem\",\"position\":1,\"name\":\"Accueil\",\"item\":\"https:\/\/www.africa-press.net\/djibouti\/\"},{\"@type\":\"ListItem\",\"position\":2,\"name\":\"Ouverture \u00e0 Djibouti de la 5\u00e8me R\u00e9union minist\u00e9rielle de l\u2019Initiative Africaine sur les Energies Renouvelables\"}]},{\"@type\":\"WebSite\",\"@id\":\"https:\/\/www.africa-press.net\/djibouti\/#website\",\"url\":\"https:\/\/www.africa-press.net\/djibouti\/\",\"name\":\"Djibouti\",\"description\":\"Just another Africa News Agency Sites site\",\"potentialAction\":[{\"@type\":\"SearchAction\",\"target\":{\"@type\":\"EntryPoint\",\"urlTemplate\":\"https:\/\/www.africa-press.net\/djibouti\/?s={search_term_string}\"},\"query-input\":{\"@type\":\"PropertyValueSpecification\",\"valueRequired\":true,\"valueName\":\"search_term_string\"}}],\"inLanguage\":\"fr-FR\"},{\"@type\":\"Person\",\"@id\":\"https:\/\/www.africa-press.net\/djibouti\/#\/schema\/person\/2b1cf3cd81a31e3cd26889ca66d677f1\",\"name\":\"cfeditorfr\"}]}<\/script>\n<!-- \/ Yoast SEO Premium plugin. -->","yoast_head_json":{"title":"Ouverture \u00e0 Djibouti de la 5\u00e8me R\u00e9union minist\u00e9rielle de l\u2019Initiative Africaine sur les Energies Renouvelables - Djibouti","description":"Sous l\u2019e\u0301gide du Ministre de l\u2019Energie, charge\u0301 des Ressources Naturelles, Yonis Ali Guedi, s\u2019est ouverte, hier a\u0300 l\u2019ho\u0302 ...","robots":{"index":"index","follow":"follow","max-snippet":"max-snippet:-1","max-image-preview":"max-image-preview:large","max-video-preview":"max-video-preview:-1"},"canonical":"https:\/\/www.africa-press.net\/djibouti\/economie\/ouverture-a-djibouti-de-la-5eme-reunion-ministerielle-de-linitiative-africaine-sur-les-energies-renouvelables","og_locale":"fr_FR","og_type":"article","og_title":"Ouverture \u00e0 Djibouti de la 5\u00e8me R\u00e9union minist\u00e9rielle de l\u2019Initiative Africaine sur les Energies Renouvelables","og_description":"Sous l\u2019e\u0301gide du Ministre de l\u2019Energie, charge\u0301 des Ressources Naturelles, Yonis Ali Guedi, s\u2019est ouverte, hier a\u0300 l\u2019ho\u0302 ...","og_url":"https:\/\/www.africa-press.net\/djibouti\/economie\/ouverture-a-djibouti-de-la-5eme-reunion-ministerielle-de-linitiative-africaine-sur-les-energies-renouvelables","og_site_name":"Djibouti","article_published_time":"2023-08-31T15:43:25+00:00","article_modified_time":"2023-08-31T17:46:52+00:00","og_image":[{"width":720,"height":444,"url":"https:\/\/static.africa-press.net\/djibouti\/sites\/52\/2023\/08\/sm_1693491365.337543.jpg","type":"image\/jpeg"}],"author":"cfeditorfr","twitter_card":"summary_large_image","twitter_misc":{"\u00c9crit par":"cfeditorfr","Dur\u00e9e de lecture estim\u00e9e":"2 minutes"},"schema":{"@context":"https:\/\/schema.org","@graph":[{"@type":"Article","@id":"https:\/\/www.africa-press.net\/djibouti\/economie\/ouverture-a-djibouti-de-la-5eme-reunion-ministerielle-de-linitiative-africaine-sur-les-energies-renouvelables#article","isPartOf":{"@id":"https:\/\/www.africa-press.net\/djibouti\/economie\/ouverture-a-djibouti-de-la-5eme-reunion-ministerielle-de-linitiative-africaine-sur-les-energies-renouvelables"},"author":{"name":"cfeditorfr","@id":"https:\/\/www.africa-press.net\/djibouti\/#\/schema\/person\/2b1cf3cd81a31e3cd26889ca66d677f1"},"headline":"Ouverture \u00e0 Djibouti de la 5\u00e8me R\u00e9union minist\u00e9rielle de l\u2019Initiative Africaine sur les Energies Renouvelables","datePublished":"2023-08-31T15:43:25+00:00","dateModified":"2023-08-31T17:46:52+00:00","mainEntityOfPage":{"@id":"https:\/\/www.africa-press.net\/djibouti\/economie\/ouverture-a-djibouti-de-la-5eme-reunion-ministerielle-de-linitiative-africaine-sur-les-energies-renouvelables"},"wordCount":416,"commentCount":0,"image":{"@id":"https:\/\/www.africa-press.net\/djibouti\/economie\/ouverture-a-djibouti-de-la-5eme-reunion-ministerielle-de-linitiative-africaine-sur-les-energies-renouvelables#primaryimage"},"thumbnailUrl":"https:\/\/static.africa-press.net\/djibouti\/sites\/52\/2023\/08\/sm_1693491365.337543.jpg","keywords":["Africa Press","Africa Press-Djibouti","Djibouti"],"articleSection":["\u00c9conomie","Toutes les actualit\u00e9s"],"inLanguage":"fr-FR","potentialAction":[{"@type":"CommentAction","name":"Comment","target":["https:\/\/www.africa-press.net\/djibouti\/economie\/ouverture-a-djibouti-de-la-5eme-reunion-ministerielle-de-linitiative-africaine-sur-les-energies-renouvelables#respond"]}]},{"@type":"WebPage","@id":"https:\/\/www.africa-press.net\/djibouti\/economie\/ouverture-a-djibouti-de-la-5eme-reunion-ministerielle-de-linitiative-africaine-sur-les-energies-renouvelables","url":"https:\/\/www.africa-press.net\/djibouti\/economie\/ouverture-a-djibouti-de-la-5eme-reunion-ministerielle-de-linitiative-africaine-sur-les-energies-renouvelables","name":"Ouverture \u00e0 Djibouti de la 5\u00e8me R\u00e9union minist\u00e9rielle de l\u2019Initiative Africaine sur les Energies Renouvelables - Djibouti","isPartOf":{"@id":"https:\/\/www.africa-press.net\/djibouti\/#website"},"primaryImageOfPage":{"@id":"https:\/\/www.africa-press.net\/djibouti\/economie\/ouverture-a-djibouti-de-la-5eme-reunion-ministerielle-de-linitiative-africaine-sur-les-energies-renouvelables#primaryimage"},"image":{"@id":"https:\/\/www.africa-press.net\/djibouti\/economie\/ouverture-a-djibouti-de-la-5eme-reunion-ministerielle-de-linitiative-africaine-sur-les-energies-renouvelables#primaryimage"},"thumbnailUrl":"https:\/\/static.africa-press.net\/djibouti\/sites\/52\/2023\/08\/sm_1693491365.337543.jpg","datePublished":"2023-08-31T15:43:25+00:00","dateModified":"2023-08-31T17:46:52+00:00","author":{"@id":"https:\/\/www.africa-press.net\/djibouti\/#\/schema\/person\/2b1cf3cd81a31e3cd26889ca66d677f1"},"description":"Sous l\u2019e\u0301gide du Ministre de l\u2019Energie, charge\u0301 des Ressources Naturelles, Yonis Ali Guedi, s\u2019est ouverte, hier a\u0300 l\u2019ho\u0302 ...","breadcrumb":{"@id":"https:\/\/www.africa-press.net\/djibouti\/economie\/ouverture-a-djibouti-de-la-5eme-reunion-ministerielle-de-linitiative-africaine-sur-les-energies-renouvelables#breadcrumb"},"inLanguage":"fr-FR","potentialAction":[{"@type":"ReadAction","target":["https:\/\/www.africa-press.net\/djibouti\/economie\/ouverture-a-djibouti-de-la-5eme-reunion-ministerielle-de-linitiative-africaine-sur-les-energies-renouvelables"]}]},{"@type":"ImageObject","inLanguage":"fr-FR","@id":"https:\/\/www.africa-press.net\/djibouti\/economie\/ouverture-a-djibouti-de-la-5eme-reunion-ministerielle-de-linitiative-africaine-sur-les-energies-renouvelables#primaryimage","url":"https:\/\/static.africa-press.net\/djibouti\/sites\/52\/2023\/08\/sm_1693491365.337543.jpg","contentUrl":"https:\/\/static.africa-press.net\/djibouti\/sites\/52\/2023\/08\/sm_1693491365.337543.jpg","width":720,"height":444,"caption":"Ouverture \u00e0 Djibouti de la 5\u00e8me R\u00e9union minist\u00e9rielle de l\u2019Initiative Africaine sur les Energies Renouvelables"},{"@type":"BreadcrumbList","@id":"https:\/\/www.africa-press.net\/djibouti\/economie\/ouverture-a-djibouti-de-la-5eme-reunion-ministerielle-de-linitiative-africaine-sur-les-energies-renouvelables#breadcrumb","itemListElement":[{"@type":"ListItem","position":1,"name":"Accueil","item":"https:\/\/www.africa-press.net\/djibouti\/"},{"@type":"ListItem","position":2,"name":"Ouverture \u00e0 Djibouti de la 5\u00e8me R\u00e9union minist\u00e9rielle de l\u2019Initiative Africaine sur les Energies Renouvelables"}]},{"@type":"WebSite","@id":"https:\/\/www.africa-press.net\/djibouti\/#website","url":"https:\/\/www.africa-press.net\/djibouti\/","name":"Djibouti","description":"Just another Africa News Agency Sites site","potentialAction":[{"@type":"SearchAction","target":{"@type":"EntryPoint","urlTemplate":"https:\/\/www.africa-press.net\/djibouti\/?s={search_term_string}"},"query-input":{"@type":"PropertyValueSpecification","valueRequired":true,"valueName":"search_term_string"}}],"inLanguage":"fr-FR"},{"@type":"Person","@id":"https:\/\/www.africa-press.net\/djibouti\/#\/schema\/person\/2b1cf3cd81a31e3cd26889ca66d677f1","name":"cfeditorfr"}]}},"_links":{"self":[{"href":"https:\/\/www.africa-press.net\/djibouti\/wp-json\/wp\/v2\/posts\/17211","targetHints":{"allow":["GET"]}}],"collection":[{"href":"https:\/\/www.africa-press.net\/djibouti\/wp-json\/wp\/v2\/posts"}],"about":[{"href":"https:\/\/www.africa-press.net\/djibouti\/wp-json\/wp\/v2\/types\/post"}],"author":[{"embeddable":true,"href":"https:\/\/www.africa-press.net\/djibouti\/wp-json\/wp\/v2\/users\/82"}],"replies":[{"embeddable":true,"href":"https:\/\/www.africa-press.net\/djibouti\/wp-json\/wp\/v2\/comments?post=17211"}],"version-history":[{"count":0,"href":"https:\/\/www.africa-press.net\/djibouti\/wp-json\/wp\/v2\/posts\/17211\/revisions"}],"wp:featuredmedia":[{"embeddable":true,"href":"https:\/\/www.africa-press.net\/djibouti\/wp-json\/wp\/v2\/media\/17209"}],"wp:attachment":[{"href":"https:\/\/www.africa-press.net\/djibouti\/wp-json\/wp\/v2\/media?parent=17211"}],"wp:term":[{"taxonomy":"category","embeddable":true,"href":"https:\/\/www.africa-press.net\/djibouti\/wp-json\/wp\/v2\/categories?post=17211"},{"taxonomy":"post_tag","embeddable":true,"href":"https:\/\/www.africa-press.net\/djibouti\/wp-json\/wp\/v2\/tags?post=17211"}],"curies":[{"name":"wp","href":"https:\/\/api.w.org\/{rel}","templated":true}]}}