{"id":17217,"date":"2023-08-31T15:44:16","date_gmt":"2023-08-31T15:44:16","guid":{"rendered":"https:\/\/www.africa-press.net\/djibouti\/politique\/compte-rendu-de-la-11eme-seance-du-conseil-des-ministre"},"modified":"2023-08-31T17:47:40","modified_gmt":"2023-08-31T17:47:40","slug":"compte-rendu-de-la-11eme-seance-du-conseil-des-ministre","status":"publish","type":"post","link":"https:\/\/www.africa-press.net\/djibouti\/politique\/compte-rendu-de-la-11eme-seance-du-conseil-des-ministre","title":{"rendered":"COMPTE-RENDU DE LA 11\u00e8me SEANCE  DU CONSEIL DES MINISTRE"},"content":{"rendered":"<p><span style=\"color: #ff6600\"><strong>Africa-Press &#8211; Djibouti. <\/strong><\/span>Sous la Pre\u0301sidence de Son Excellence, Monsieur ISMAI\u0308L OMAR GUELLEH, Pre\u0301sident de la Re\u0301publique, Chef du Gouvernement a eu lieu ce Mardi 29 Aou\u0302t 2023, la 11e\u0300me Se\u0301ance du Conseil des Ministres.<\/p>\n<p>En de\u0301but de se\u0301ance, le Pre\u0301sident de la Re\u0301publique a de\u0301cline\u0301 les grandes lignes des priorite\u0301s fixe\u0301es aux membres du gouvernement. Au cours de cette allocution, le Chef de l\u2019Etat a relate\u0301 les mutations ge\u0301opolitiques en cours et leurs implications au niveau re\u0301gional et international.<\/p>\n<p>Dans le contexte national, le Pre\u0301sident de la Re\u0301publique est revenu sur les re\u0301alisations enregistre\u0301es dans les diffe\u0301rents secteurs durant l\u2019anne\u0301e 2023 concernant les secteurs sociaux, la logistique, l\u2019e\u0301nergie, les logements sociaux ainsi que le rayonnement de notre pays comme le te\u0301moigne les me\u0301dailles re\u0301cemment remporte\u0301es lors des dernie\u0300res compe\u0301titions internationales.<\/p>\n<p>Le Chef de l\u2019Etat a e\u0301galement trace\u0301 les perspectives a\u0300 venir et a demande\u0301 aux membres du gouvernement de poursuivre les re\u0301formes actuellement en cours,entre autres pour l\u2019ame\u0301lioration du capital humain, dans le domaine de la se\u0301curite\u0301 routie\u0300re avec la re\u0301vision du Code de la Route, et l\u2019acce\u0301le\u0301ration de la re\u0301forme du Code de l\u2019investissement.<\/p>\n<p>Ont e\u0301te\u0301 examine\u0301s et approuve\u0301s les textes suivants :<\/p>\n<p><b>MINISTE\u0300RE DE L\u2019INTE\u0301RIEUR<\/b><br \/>\n<b>1e\u0300re QUESTION : Projet de De\u0301cret portant modification du De\u0301cret n\u00b02010-0230\/PR\/MID relatif aux nouvelles dispositions re\u0301glementaires du code de la route.<\/b><\/p>\n<p>Le projet de de\u0301cret porte mise en place du nouveau syste\u0300me de nume\u0301rotation des ve\u0301hicules particuliers. Conforme\u0301ment a\u0300 la re\u0301glementation du De\u0301cret n\u00b02010-0230\/PR\/MID relatif aux nouvelles dispositions re\u0301glementaires du Code de la Route, le nume\u0301ro d\u2019immatriculation initial des ve\u0301hicules particuliers de la se\u0301rie normale e\u0301tait compose\u0301 d\u2019un nombre de trois chiffres suivis de la lettre D symbolisant la Re\u0301publique de Djibouti, et ensuite d\u2019un nombre a\u0300 deux chiffres. Le syste\u0300me de nume\u0301rotation actuellement utilise\u0301e devrait atteindre ses limites prochainement compte tenu de la se\u0301rie D 99 de\u0301ja\u0300 entame\u0301e. A ce titre et en l\u2019attente de la re\u0301vision du nouveau Code de la Route, la nume\u0301rotation actuelle sera comple\u0301ter pour la continuite\u0301 de service en matie\u0300re de re\u0301ception et d\u2019immatriculation des ve\u0301hicules des particuliers. Plus pre\u0301cise\u0301ment, la modification apporte\u0301e porte essentiellement sur l\u2019augmentation a\u0300 trois au lieu de deux chiffres de la se\u0301rie d\u2019immatriculation des ve\u0301hicules des particuliers apre\u0300s le symbole \u00ab D \u00bb.<\/p>\n<p><b>MINISTE\u0300RE DU BUDGET<\/b><br \/>\n<b>2e\u0300me QUESTION : Projet d\u2019Arre\u0302te\u0301 portant attribution de deux parcelles de terrain sise a\u0300 Nagad et Jaban\u2019as au profit de la CAC International Bank<\/b>.<\/p>\n<p>Le projet d\u2019Arre\u0302te\u0301 a pour objet l\u2019attribution de deux parcelles de terrain sises respectivement l\u2019une a\u0300 Nagad d\u2019une superficie de 492 000 m2 (49,2 ha) et l\u2019autre a\u0300 PK13 Jaban\u2019as d\u2019une superficie de 46 ha au profit de la CAC International Bank. Lesdites parcelles sont destine\u0301es a\u0300 l\u2019implantation de projets immobiliers.<\/p>\n<p><b>3e\u0300me QUESTION : Projet d\u2019Arre\u0302te\u0301 portant attribution d\u2019une parcelle de terrain sise a\u0300 Nagad au profit de l\u2019East Africa Bank<\/b>.<\/p>\n<p>Le projet d\u2019Arre\u0302te\u0301 a pour objet l\u2019attribution d\u2019une parcelle de terrain sise situe\u0301e a\u0300 Nagad et d\u2019une superficie de 260 000 m2 (26 ha) au profit de l\u2019East Africa Bank. Ladite parcelle est destine\u0301e a\u0300 l\u2019implantation des projets immobiliers. L\u2019adoption de ces parcelles permettra aux institutions du secteur prive\u0301 a\u0300 participer a\u0300 la production de logements abordables et a\u0300 re\u0301aliser les objectifs de\u0301finis en concertation avec l\u2019Etat.<\/p>\n<p><b>COMPTES-RENDUS DES MISSIONS<\/b><br \/>\n<b>Le Ministre de l\u2019Agriculture, de l\u2019Eau, de la Pe\u0302che, de l\u2019Elevage et des Ressources Halieutiques<\/b> a fait un compte rendu sur participation a\u0300 la re\u0301union des<\/p>\n<p>Ministres des Etats Membres de l\u2019IGAD dans le cadre de la strate\u0301gie re\u0301gionale de l\u2019IGAD en matie\u0300re de se\u0301curite\u0301 alimentaire 2023-2028 qui s\u2019est tenu le 20 juin 2023 a\u0300 Addis-Abeba.<\/p>\n<p><b>Communications<\/b><br \/>\n<b>Le Ministre des Affaires e\u0301trange\u0300res et de la Coope\u0301ration Internationale<\/b> a fait un rapport sur la participation de Son Excellence M. ISMAI\u0308L OMAR GUELLEH au 15e\u0300me Sommet de BRICS qui s\u2019est tenu du 22 au 24 Aou\u0302t 2023, a\u0300 Johannesburg.<\/p>\n<p><b>Le Ministre de l\u2019Education Nationale et de la Formation Professionnelle<\/b> a fait une communication sur la pre\u0301paration de la rentre\u0301e scolaire 2023-2024. La rentre\u0301e des classes aura lieu le Dimanche 03 Septembre 2023 pour l\u2019enseignement fondamental et le Mardi 05 Septembre 2023 pour l\u2019enseignement secondaire ge\u0301ne\u0301ral, technique et professionnel. Tous les pre\u0301paratifs de cette rentre\u0301e sont mis en place par les diffe\u0301rents acteurs e\u0301ducatifs.Les e\u0301tablissements scolaires sont pre\u0302ts pour une rentre\u0301e sereine.<\/p>\n<p><b>Le Ministre de l\u2019Environnement et du De\u0301veloppement Durable<\/b> a fait un rapport de mission sur sa participation a\u0300 la 20e\u0300me session du Conseil des Ministres du PERSGA qui s\u2019est de\u0301roule\u0301 du 1er au 03 Aou\u0302t 2023, en Egypte.<\/p>\n<p><b>Le Ministre De\u0301le\u0301gue\u0301 charge\u0301 de la De\u0301centralisation<\/b> a fait un rapport sur sa visite de travail qu\u2019il a effectue\u0301 au Rwanda du 10 au 12 Juillet 2023.<\/p>\n<p><strong>Pour plus d&rsquo;informations et d&rsquo;analyses sur la <a href=\"https:\/\/www.africa-press.net\/djibouti\">Djibouti<\/a>, suivez <a href=\"https:\/\/www.africa-press.net\/\">Africa-Press<\/a><\/strong><\/p>\n","protected":false},"excerpt":{"rendered":"<p>Africa-Press &#8211; Djibouti. Sous la Pre\u0301sidence de Son Excellence, Monsieur ISMAI\u0308L OMAR GUELLEH, Pre\u0301sident de la Re\u0301publique, Chef du Gouvernement a eu lieu ce Mardi 29 Aou\u0302t 2023, la 11e\u0300me Se\u0301ance du Conseil des Ministres. En de\u0301but de se\u0301ance, le Pre\u0301sident de la Re\u0301publique a de\u0301cline\u0301 les grandes lignes des priorite\u0301s fixe\u0301es aux membres du [&hellip;]<\/p>\n","protected":false},"author":82,"featured_media":17215,"comment_status":"open","ping_status":"closed","sticky":false,"template":"","format":"standard","meta":{"footnotes":""},"categories":[2,10],"tags":[36,49,50],"class_list":["post-17217","post","type-post","status-publish","format-standard","has-post-thumbnail","hentry","category-politique","category-toutes-les-actualites","tag-africa-press","tag-africa-press-djibouti","tag-djibouti"],"yoast_head":"<!-- This site is optimized with the Yoast SEO Premium plugin v26.1 (Yoast SEO v27.0) - https:\/\/yoast.com\/product\/yoast-seo-premium-wordpress\/ -->\n<title>COMPTE-RENDU DE LA 11\u00e8me SEANCE DU CONSEIL DES MINISTRE - Djibouti<\/title>\n<meta name=\"description\" content=\"Sous la Pre\u0301sidence de Son Excellence, Monsieur ISMAI\u0308L OMAR GUELLEH, Pre\u0301sident de la Re\u0301publique, Chef du Gouvernement ...\" \/>\n<meta name=\"robots\" content=\"index, follow, max-snippet:-1, max-image-preview:large, max-video-preview:-1\" \/>\n<link rel=\"canonical\" href=\"https:\/\/www.africa-press.net\/djibouti\/politique\/compte-rendu-de-la-11eme-seance-du-conseil-des-ministre\" \/>\n<meta property=\"og:locale\" content=\"fr_FR\" \/>\n<meta property=\"og:type\" content=\"article\" \/>\n<meta property=\"og:title\" content=\"COMPTE-RENDU DE LA 11\u00e8me SEANCE DU CONSEIL DES MINISTRE\" \/>\n<meta property=\"og:description\" content=\"Sous la Pre\u0301sidence de Son Excellence, Monsieur ISMAI\u0308L OMAR GUELLEH, Pre\u0301sident de la Re\u0301publique, Chef du Gouvernement ...\" \/>\n<meta property=\"og:url\" content=\"https:\/\/www.africa-press.net\/djibouti\/politique\/compte-rendu-de-la-11eme-seance-du-conseil-des-ministre\" \/>\n<meta property=\"og:site_name\" content=\"Djibouti\" \/>\n<meta property=\"article:published_time\" content=\"2023-08-31T15:44:16+00:00\" \/>\n<meta property=\"article:modified_time\" content=\"2023-08-31T17:47:40+00:00\" \/>\n<meta property=\"og:image\" content=\"https:\/\/static.africa-press.net\/djibouti\/sites\/52\/2023\/08\/sm_1693491423.729516.jpg\" \/>\n\t<meta property=\"og:image:width\" content=\"720\" \/>\n\t<meta property=\"og:image:height\" content=\"354\" \/>\n\t<meta property=\"og:image:type\" content=\"image\/jpeg\" \/>\n<meta name=\"author\" content=\"cfeditorfr\" \/>\n<meta name=\"twitter:card\" content=\"summary_large_image\" \/>\n<meta name=\"twitter:label1\" content=\"\u00c9crit par\" \/>\n\t<meta name=\"twitter:data1\" content=\"cfeditorfr\" \/>\n\t<meta name=\"twitter:label2\" content=\"Dur\u00e9e de lecture estim\u00e9e\" \/>\n\t<meta name=\"twitter:data2\" content=\"4 minutes\" \/>\n<script type=\"application\/ld+json\" class=\"yoast-schema-graph\">{\"@context\":\"https:\/\/schema.org\",\"@graph\":[{\"@type\":\"Article\",\"@id\":\"https:\/\/www.africa-press.net\/djibouti\/politique\/compte-rendu-de-la-11eme-seance-du-conseil-des-ministre#article\",\"isPartOf\":{\"@id\":\"https:\/\/www.africa-press.net\/djibouti\/politique\/compte-rendu-de-la-11eme-seance-du-conseil-des-ministre\"},\"author\":{\"name\":\"cfeditorfr\",\"@id\":\"https:\/\/www.africa-press.net\/djibouti\/#\/schema\/person\/2b1cf3cd81a31e3cd26889ca66d677f1\"},\"headline\":\"COMPTE-RENDU DE LA 11\u00e8me SEANCE DU CONSEIL DES MINISTRE\",\"datePublished\":\"2023-08-31T15:44:16+00:00\",\"dateModified\":\"2023-08-31T17:47:40+00:00\",\"mainEntityOfPage\":{\"@id\":\"https:\/\/www.africa-press.net\/djibouti\/politique\/compte-rendu-de-la-11eme-seance-du-conseil-des-ministre\"},\"wordCount\":942,\"commentCount\":0,\"image\":{\"@id\":\"https:\/\/www.africa-press.net\/djibouti\/politique\/compte-rendu-de-la-11eme-seance-du-conseil-des-ministre#primaryimage\"},\"thumbnailUrl\":\"https:\/\/static.africa-press.net\/djibouti\/sites\/52\/2023\/08\/sm_1693491423.729516.jpg\",\"keywords\":[\"Africa Press\",\"Africa Press-Djibouti\",\"Djibouti\"],\"articleSection\":[\"Politique\",\"Toutes les actualit\u00e9s\"],\"inLanguage\":\"fr-FR\",\"potentialAction\":[{\"@type\":\"CommentAction\",\"name\":\"Comment\",\"target\":[\"https:\/\/www.africa-press.net\/djibouti\/politique\/compte-rendu-de-la-11eme-seance-du-conseil-des-ministre#respond\"]}]},{\"@type\":\"WebPage\",\"@id\":\"https:\/\/www.africa-press.net\/djibouti\/politique\/compte-rendu-de-la-11eme-seance-du-conseil-des-ministre\",\"url\":\"https:\/\/www.africa-press.net\/djibouti\/politique\/compte-rendu-de-la-11eme-seance-du-conseil-des-ministre\",\"name\":\"COMPTE-RENDU DE LA 11\u00e8me SEANCE DU CONSEIL DES MINISTRE - Djibouti\",\"isPartOf\":{\"@id\":\"https:\/\/www.africa-press.net\/djibouti\/#website\"},\"primaryImageOfPage\":{\"@id\":\"https:\/\/www.africa-press.net\/djibouti\/politique\/compte-rendu-de-la-11eme-seance-du-conseil-des-ministre#primaryimage\"},\"image\":{\"@id\":\"https:\/\/www.africa-press.net\/djibouti\/politique\/compte-rendu-de-la-11eme-seance-du-conseil-des-ministre#primaryimage\"},\"thumbnailUrl\":\"https:\/\/static.africa-press.net\/djibouti\/sites\/52\/2023\/08\/sm_1693491423.729516.jpg\",\"datePublished\":\"2023-08-31T15:44:16+00:00\",\"dateModified\":\"2023-08-31T17:47:40+00:00\",\"author\":{\"@id\":\"https:\/\/www.africa-press.net\/djibouti\/#\/schema\/person\/2b1cf3cd81a31e3cd26889ca66d677f1\"},\"description\":\"Sous la Pre\u0301sidence de Son Excellence, Monsieur ISMAI\u0308L OMAR GUELLEH, Pre\u0301sident de la Re\u0301publique, Chef du Gouvernement ...\",\"breadcrumb\":{\"@id\":\"https:\/\/www.africa-press.net\/djibouti\/politique\/compte-rendu-de-la-11eme-seance-du-conseil-des-ministre#breadcrumb\"},\"inLanguage\":\"fr-FR\",\"potentialAction\":[{\"@type\":\"ReadAction\",\"target\":[\"https:\/\/www.africa-press.net\/djibouti\/politique\/compte-rendu-de-la-11eme-seance-du-conseil-des-ministre\"]}]},{\"@type\":\"ImageObject\",\"inLanguage\":\"fr-FR\",\"@id\":\"https:\/\/www.africa-press.net\/djibouti\/politique\/compte-rendu-de-la-11eme-seance-du-conseil-des-ministre#primaryimage\",\"url\":\"https:\/\/static.africa-press.net\/djibouti\/sites\/52\/2023\/08\/sm_1693491423.729516.jpg\",\"contentUrl\":\"https:\/\/static.africa-press.net\/djibouti\/sites\/52\/2023\/08\/sm_1693491423.729516.jpg\",\"width\":720,\"height\":354,\"caption\":\"COMPTE-RENDU DE LA 11\u00e8me SEANCE DU CONSEIL DES MINISTRE\"},{\"@type\":\"BreadcrumbList\",\"@id\":\"https:\/\/www.africa-press.net\/djibouti\/politique\/compte-rendu-de-la-11eme-seance-du-conseil-des-ministre#breadcrumb\",\"itemListElement\":[{\"@type\":\"ListItem\",\"position\":1,\"name\":\"Accueil\",\"item\":\"https:\/\/www.africa-press.net\/djibouti\/\"},{\"@type\":\"ListItem\",\"position\":2,\"name\":\"COMPTE-RENDU DE LA 11\u00e8me SEANCE DU CONSEIL DES MINISTRE\"}]},{\"@type\":\"WebSite\",\"@id\":\"https:\/\/www.africa-press.net\/djibouti\/#website\",\"url\":\"https:\/\/www.africa-press.net\/djibouti\/\",\"name\":\"Djibouti\",\"description\":\"Just another Africa News Agency Sites site\",\"potentialAction\":[{\"@type\":\"SearchAction\",\"target\":{\"@type\":\"EntryPoint\",\"urlTemplate\":\"https:\/\/www.africa-press.net\/djibouti\/?s={search_term_string}\"},\"query-input\":{\"@type\":\"PropertyValueSpecification\",\"valueRequired\":true,\"valueName\":\"search_term_string\"}}],\"inLanguage\":\"fr-FR\"},{\"@type\":\"Person\",\"@id\":\"https:\/\/www.africa-press.net\/djibouti\/#\/schema\/person\/2b1cf3cd81a31e3cd26889ca66d677f1\",\"name\":\"cfeditorfr\"}]}<\/script>\n<!-- \/ Yoast SEO Premium plugin. -->","yoast_head_json":{"title":"COMPTE-RENDU DE LA 11\u00e8me SEANCE DU CONSEIL DES MINISTRE - Djibouti","description":"Sous la Pre\u0301sidence de Son Excellence, Monsieur ISMAI\u0308L OMAR GUELLEH, Pre\u0301sident de la Re\u0301publique, Chef du Gouvernement ...","robots":{"index":"index","follow":"follow","max-snippet":"max-snippet:-1","max-image-preview":"max-image-preview:large","max-video-preview":"max-video-preview:-1"},"canonical":"https:\/\/www.africa-press.net\/djibouti\/politique\/compte-rendu-de-la-11eme-seance-du-conseil-des-ministre","og_locale":"fr_FR","og_type":"article","og_title":"COMPTE-RENDU DE LA 11\u00e8me SEANCE DU CONSEIL DES MINISTRE","og_description":"Sous la Pre\u0301sidence de Son Excellence, Monsieur ISMAI\u0308L OMAR GUELLEH, Pre\u0301sident de la Re\u0301publique, Chef du Gouvernement ...","og_url":"https:\/\/www.africa-press.net\/djibouti\/politique\/compte-rendu-de-la-11eme-seance-du-conseil-des-ministre","og_site_name":"Djibouti","article_published_time":"2023-08-31T15:44:16+00:00","article_modified_time":"2023-08-31T17:47:40+00:00","og_image":[{"width":720,"height":354,"url":"https:\/\/static.africa-press.net\/djibouti\/sites\/52\/2023\/08\/sm_1693491423.729516.jpg","type":"image\/jpeg"}],"author":"cfeditorfr","twitter_card":"summary_large_image","twitter_misc":{"\u00c9crit par":"cfeditorfr","Dur\u00e9e de lecture estim\u00e9e":"4 minutes"},"schema":{"@context":"https:\/\/schema.org","@graph":[{"@type":"Article","@id":"https:\/\/www.africa-press.net\/djibouti\/politique\/compte-rendu-de-la-11eme-seance-du-conseil-des-ministre#article","isPartOf":{"@id":"https:\/\/www.africa-press.net\/djibouti\/politique\/compte-rendu-de-la-11eme-seance-du-conseil-des-ministre"},"author":{"name":"cfeditorfr","@id":"https:\/\/www.africa-press.net\/djibouti\/#\/schema\/person\/2b1cf3cd81a31e3cd26889ca66d677f1"},"headline":"COMPTE-RENDU DE LA 11\u00e8me SEANCE DU CONSEIL DES MINISTRE","datePublished":"2023-08-31T15:44:16+00:00","dateModified":"2023-08-31T17:47:40+00:00","mainEntityOfPage":{"@id":"https:\/\/www.africa-press.net\/djibouti\/politique\/compte-rendu-de-la-11eme-seance-du-conseil-des-ministre"},"wordCount":942,"commentCount":0,"image":{"@id":"https:\/\/www.africa-press.net\/djibouti\/politique\/compte-rendu-de-la-11eme-seance-du-conseil-des-ministre#primaryimage"},"thumbnailUrl":"https:\/\/static.africa-press.net\/djibouti\/sites\/52\/2023\/08\/sm_1693491423.729516.jpg","keywords":["Africa Press","Africa Press-Djibouti","Djibouti"],"articleSection":["Politique","Toutes les actualit\u00e9s"],"inLanguage":"fr-FR","potentialAction":[{"@type":"CommentAction","name":"Comment","target":["https:\/\/www.africa-press.net\/djibouti\/politique\/compte-rendu-de-la-11eme-seance-du-conseil-des-ministre#respond"]}]},{"@type":"WebPage","@id":"https:\/\/www.africa-press.net\/djibouti\/politique\/compte-rendu-de-la-11eme-seance-du-conseil-des-ministre","url":"https:\/\/www.africa-press.net\/djibouti\/politique\/compte-rendu-de-la-11eme-seance-du-conseil-des-ministre","name":"COMPTE-RENDU DE LA 11\u00e8me SEANCE DU CONSEIL DES MINISTRE - Djibouti","isPartOf":{"@id":"https:\/\/www.africa-press.net\/djibouti\/#website"},"primaryImageOfPage":{"@id":"https:\/\/www.africa-press.net\/djibouti\/politique\/compte-rendu-de-la-11eme-seance-du-conseil-des-ministre#primaryimage"},"image":{"@id":"https:\/\/www.africa-press.net\/djibouti\/politique\/compte-rendu-de-la-11eme-seance-du-conseil-des-ministre#primaryimage"},"thumbnailUrl":"https:\/\/static.africa-press.net\/djibouti\/sites\/52\/2023\/08\/sm_1693491423.729516.jpg","datePublished":"2023-08-31T15:44:16+00:00","dateModified":"2023-08-31T17:47:40+00:00","author":{"@id":"https:\/\/www.africa-press.net\/djibouti\/#\/schema\/person\/2b1cf3cd81a31e3cd26889ca66d677f1"},"description":"Sous la Pre\u0301sidence de Son Excellence, Monsieur ISMAI\u0308L OMAR GUELLEH, Pre\u0301sident de la Re\u0301publique, Chef du Gouvernement ...","breadcrumb":{"@id":"https:\/\/www.africa-press.net\/djibouti\/politique\/compte-rendu-de-la-11eme-seance-du-conseil-des-ministre#breadcrumb"},"inLanguage":"fr-FR","potentialAction":[{"@type":"ReadAction","target":["https:\/\/www.africa-press.net\/djibouti\/politique\/compte-rendu-de-la-11eme-seance-du-conseil-des-ministre"]}]},{"@type":"ImageObject","inLanguage":"fr-FR","@id":"https:\/\/www.africa-press.net\/djibouti\/politique\/compte-rendu-de-la-11eme-seance-du-conseil-des-ministre#primaryimage","url":"https:\/\/static.africa-press.net\/djibouti\/sites\/52\/2023\/08\/sm_1693491423.729516.jpg","contentUrl":"https:\/\/static.africa-press.net\/djibouti\/sites\/52\/2023\/08\/sm_1693491423.729516.jpg","width":720,"height":354,"caption":"COMPTE-RENDU DE LA 11\u00e8me SEANCE DU CONSEIL DES MINISTRE"},{"@type":"BreadcrumbList","@id":"https:\/\/www.africa-press.net\/djibouti\/politique\/compte-rendu-de-la-11eme-seance-du-conseil-des-ministre#breadcrumb","itemListElement":[{"@type":"ListItem","position":1,"name":"Accueil","item":"https:\/\/www.africa-press.net\/djibouti\/"},{"@type":"ListItem","position":2,"name":"COMPTE-RENDU DE LA 11\u00e8me SEANCE DU CONSEIL DES MINISTRE"}]},{"@type":"WebSite","@id":"https:\/\/www.africa-press.net\/djibouti\/#website","url":"https:\/\/www.africa-press.net\/djibouti\/","name":"Djibouti","description":"Just another Africa News Agency Sites site","potentialAction":[{"@type":"SearchAction","target":{"@type":"EntryPoint","urlTemplate":"https:\/\/www.africa-press.net\/djibouti\/?s={search_term_string}"},"query-input":{"@type":"PropertyValueSpecification","valueRequired":true,"valueName":"search_term_string"}}],"inLanguage":"fr-FR"},{"@type":"Person","@id":"https:\/\/www.africa-press.net\/djibouti\/#\/schema\/person\/2b1cf3cd81a31e3cd26889ca66d677f1","name":"cfeditorfr"}]}},"_links":{"self":[{"href":"https:\/\/www.africa-press.net\/djibouti\/wp-json\/wp\/v2\/posts\/17217","targetHints":{"allow":["GET"]}}],"collection":[{"href":"https:\/\/www.africa-press.net\/djibouti\/wp-json\/wp\/v2\/posts"}],"about":[{"href":"https:\/\/www.africa-press.net\/djibouti\/wp-json\/wp\/v2\/types\/post"}],"author":[{"embeddable":true,"href":"https:\/\/www.africa-press.net\/djibouti\/wp-json\/wp\/v2\/users\/82"}],"replies":[{"embeddable":true,"href":"https:\/\/www.africa-press.net\/djibouti\/wp-json\/wp\/v2\/comments?post=17217"}],"version-history":[{"count":0,"href":"https:\/\/www.africa-press.net\/djibouti\/wp-json\/wp\/v2\/posts\/17217\/revisions"}],"wp:featuredmedia":[{"embeddable":true,"href":"https:\/\/www.africa-press.net\/djibouti\/wp-json\/wp\/v2\/media\/17215"}],"wp:attachment":[{"href":"https:\/\/www.africa-press.net\/djibouti\/wp-json\/wp\/v2\/media?parent=17217"}],"wp:term":[{"taxonomy":"category","embeddable":true,"href":"https:\/\/www.africa-press.net\/djibouti\/wp-json\/wp\/v2\/categories?post=17217"},{"taxonomy":"post_tag","embeddable":true,"href":"https:\/\/www.africa-press.net\/djibouti\/wp-json\/wp\/v2\/tags?post=17217"}],"curies":[{"name":"wp","href":"https:\/\/api.w.org\/{rel}","templated":true}]}}