{"id":17227,"date":"2023-08-31T15:45:15","date_gmt":"2023-08-31T15:45:15","guid":{"rendered":"https:\/\/www.africa-press.net\/djibouti\/politique\/prise-de-contact-du-prefet-de-la-ville-a-la-mairie-de-djibouti"},"modified":"2023-08-31T17:49:17","modified_gmt":"2023-08-31T17:49:17","slug":"prise-de-contact-du-prefet-de-la-ville-a-la-mairie-de-djibouti","status":"publish","type":"post","link":"https:\/\/www.africa-press.net\/djibouti\/photo\/prise-de-contact-du-prefet-de-la-ville-a-la-mairie-de-djibouti","title":{"rendered":"Prise de contact du Pr\u00e9fet de la Ville \u00e0 la Mairie de Djibouti"},"content":{"rendered":"<p><span style=\"color: #ff6600\"><strong>Africa-Press &#8211; Djibouti. <\/strong><\/span>Dans le cadre du renforcement des liens entre les autorite\u0301s locales et l\u2019administration gouvernementale, le Pre\u0301fet de la Ville de Djibouti M. Abdi Sikieh Kayad a effectue\u0301 mardi une premie\u0300re visite de prise de contact a\u0300 la Mairie de Djibouti. L\u2019initiative marque une e\u0301tape importante dans le renforcement des relations entre la municipalite\u0301 et de l\u2019administration pre\u0301fectorale de Djibouti.<\/p>\n<p>Cette visite a permis e\u0301galement, entre les deux parties de discuter des questions techniques et d\u2019inte\u0301re\u0302t commun pour promouvoir le de\u0301veloppement urbain et l\u2019ame\u0301lioration de la qualite\u0301 de vie des citoyens.D\u2019emble\u0301e, le Pre\u0301fet de Djibouti M. Abdi Sikieh, a e\u0301te\u0301 accueilli par M. Sai\u0308d Daoud Mohamed, Maire de la Ville de Djibouti, et son e\u0301quipe de la municipale.<\/p>\n<p>La re\u0301union s\u2019est tenue dans un esprit de coope\u0301ration et de partenariat, mettant en amont, l\u2019importance de la coordination entre les pouvoirs locaux et les autorite\u0301s pre\u0301fectorales pour re\u0301pondre aux besoins de la population. Au cours de la visite, plusieurs sujets ont e\u0301te\u0301 aborde\u0301s, notamment : celui du de\u0301veloppement urbain ainsi que des nombreux projets importantes en cours pour la ville.<\/p>\n<p>Ils ont mis l\u2019accent sur la ne\u0301cessite\u0301 d\u2019une planification efficace pour garantir une croissance harmonieuse et durable tel que la se\u0301curite\u0301 routie\u0300re et le respect de la loi.Le Pre\u0301fet a exprime\u0301 son engagement a\u0300 collaborer e\u0301troitement avec la Mairie pour assurer la se\u0301curite\u0301 et le maintien de l\u2019ordre dans la ville ainsi que des strate\u0301gies pour renforcer la coordination entre les forces de l\u2019ordre et les autorite\u0301s locales.<\/p>\n<p>Au cours de son immersion a\u0300 la mairie de djibouti, le pre\u0301fet a effectue\u0301, la visite les diffe\u0301rents bureaux de tous les services de la mairie, tels que notamment le tribunal coutumier, l\u2019e\u0301tat civil, la direction technique et la communication. Cette prompte visite du Pre\u0301fet de la Ville a\u0300 la Mairie de Djibouti a marque\u0301 un jalon important dans le renforcement des relations interinstitutionnelles, comme dans la poursuite d\u2019objectifs communs ainsi que la mise en place d\u2019un calendrier de travail entre la mairie de djibouti et la pre\u0301fecture de djibouti.<\/p>\n<p>La visite du pre\u0301fet s\u2019est termine\u0301 par la signature du livre d\u2019or de la mairie symbolisant l\u2019engagement mutuel et be\u0301ne\u0301fique pour la population de Djibouti. Cette visite marquera sans doute le de\u0301but d\u2019une coope\u0301ration mutuel et la continuite\u0301 d\u2019entreprendre ensemble des projets futurs pour le bien de la ville.<\/p>\n\r\n                <style type=\"text\/css\">\r\n                    \r\n                    #td_uid_1_69ef3b8d72316  .td-doubleSlider-2 .td-item1 {\r\n                        background: url(https:\/\/static.africa-press.net\/djibouti\/sites\/52\/2023\/08\/sm_1693491493.278095-80x60.jpg) 0 0 no-repeat;\r\n                    }\r\n                    #td_uid_1_69ef3b8d72316  .td-doubleSlider-2 .td-item2 {\r\n                        background: url(https:\/\/static.africa-press.net\/djibouti\/sites\/52\/2023\/08\/sm_1693491509.980823-80x60.jpg) 0 0 no-repeat;\r\n                    }\r\n                <\/style>\r\n\r\n                <div id=\"td_uid_1_69ef3b8d72316\" class=\"td-gallery td-slide-on-2-columns\">\r\n                    <div class=\"post_td_gallery\">\r\n                        <div class=\"td-gallery-slide-top\">\r\n                           <div class=\"td-gallery-title\"><\/div>\r\n\r\n                            <div class=\"td-gallery-controls-wrapper\">\r\n                                <div class=\"td-gallery-slide-count\"><span class=\"td-gallery-slide-item-focus\">1<\/span> de 2<\/div>\r\n                                <div class=\"td-gallery-slide-prev-next-but\">\r\n                                    <i class = \"td-icon-left doubleSliderPrevButton\"><\/i>\r\n                                    <i class = \"td-icon-right doubleSliderNextButton\"><\/i>\r\n                                <\/div>\r\n                            <\/div>\r\n                        <\/div>\r\n\r\n                        <div class = \"td-doubleSlider-1 \">\r\n                            <div class = \"td-slider\">\r\n                                \r\n                    <div class = \"td-slide-item td-item1\">\r\n                        <figure class=\"td-slide-galery-figure td-slide-popup-gallery\">\r\n                            <a class=\"slide-gallery-image-link\" href=\"https:\/\/static.africa-press.net\/djibouti\/sites\/52\/2023\/08\/sm_1693491493.278095.jpg\" title=\"sm_1693491493.278095\"  data-caption=\"\"  data-description=\"\">\r\n                                <img decoding=\"async\" src=\"https:\/\/static.africa-press.net\/djibouti\/sites\/52\/2023\/08\/sm_1693491493.278095.jpg\" srcset=\"https:\/\/static.africa-press.net\/djibouti\/sites\/52\/2023\/08\/sm_1693491493.278095.jpg 1024w, https:\/\/static.africa-press.net\/djibouti\/sites\/52\/2023\/08\/sm_1693491493.278095-300x248.jpg 300w, https:\/\/static.africa-press.net\/djibouti\/sites\/52\/2023\/08\/sm_1693491493.278095-768x634.jpg 768w\" sizes=\"(max-width: 1024px) 100vw, 1024px\" alt=\"\">\r\n                            <\/a>\r\n                            \r\n                        <\/figure>\r\n                    <\/div>\r\n                    <div class = \"td-slide-item td-item2\">\r\n                        <figure class=\"td-slide-galery-figure td-slide-popup-gallery\">\r\n                            <a class=\"slide-gallery-image-link\" href=\"https:\/\/static.africa-press.net\/djibouti\/sites\/52\/2023\/08\/sm_1693491509.980823.jpg\" title=\"sm_1693491509.980823\"  data-caption=\"\"  data-description=\"\">\r\n                                <img decoding=\"async\" src=\"https:\/\/static.africa-press.net\/djibouti\/sites\/52\/2023\/08\/sm_1693491509.980823.jpg\" srcset=\"https:\/\/static.africa-press.net\/djibouti\/sites\/52\/2023\/08\/sm_1693491509.980823.jpg 653w, https:\/\/static.africa-press.net\/djibouti\/sites\/52\/2023\/08\/sm_1693491509.980823-191x300.jpg 191w\" sizes=\"(max-width: 653px) 100vw, 653px\" alt=\"\">\r\n                            <\/a>\r\n                            \r\n                        <\/figure>\r\n                    <\/div>\r\n                            <\/div>\r\n                        <\/div>\r\n\r\n                        <div class = \"td-doubleSlider-2\">\r\n                            <div class = \"td-slider\">\r\n                                \r\n                    <div class = \"td-button td-item1\">\r\n                        <div class = \"td-border\"><\/div>\r\n                    <\/div>\r\n                    <div class = \"td-button td-item2\">\r\n                        <div class = \"td-border\"><\/div>\r\n                    <\/div>\r\n                            <\/div>\r\n                        <\/div>\r\n\r\n                    <\/div>\r\n\r\n                <\/div>\r\n                \n<p><strong>Pour plus d&rsquo;informations et d&rsquo;analyses sur la <a href=\"https:\/\/www.africa-press.net\/djibouti\">Djibouti<\/a>, suivez <a href=\"https:\/\/www.africa-press.net\/\">Africa-Press<\/a><\/strong><\/p>\n","protected":false},"excerpt":{"rendered":"<p>Africa-Press &#8211; Djibouti. Dans le cadre du renforcement des liens entre les autorite\u0301s locales et l\u2019administration gouvernementale, le Pre\u0301fet de la Ville de Djibouti M. Abdi Sikieh Kayad a effectue\u0301 mardi une premie\u0300re visite de prise de contact a\u0300 la Mairie de Djibouti. L\u2019initiative marque une e\u0301tape importante dans le renforcement des relations entre la [&hellip;]<\/p>\n","protected":false},"author":82,"featured_media":17226,"comment_status":"open","ping_status":"closed","sticky":false,"template":"","format":"standard","meta":{"footnotes":""},"categories":[21,8,10],"tags":[36,49,50],"class_list":["post-17227","post","type-post","status-publish","format-standard","has-post-thumbnail","hentry","category-communaute","category-photo","category-toutes-les-actualites","tag-africa-press","tag-africa-press-djibouti","tag-djibouti"],"yoast_head":"<!-- This site is optimized with the Yoast SEO Premium plugin v26.1 (Yoast SEO v27.0) - https:\/\/yoast.com\/product\/yoast-seo-premium-wordpress\/ -->\n<title>Prise de contact du Pr\u00e9fet de la Ville \u00e0 la Mairie de Djibouti - Djibouti<\/title>\n<meta name=\"description\" content=\"Dans le cadre du renforcement des liens entre les autorite\u0301s locales et l\u2019administration gouvernementale, le Pre\u0301fet de ...\" \/>\n<meta name=\"robots\" content=\"index, follow, max-snippet:-1, max-image-preview:large, max-video-preview:-1\" \/>\n<link rel=\"canonical\" href=\"https:\/\/www.africa-press.net\/djibouti\/photo\/prise-de-contact-du-prefet-de-la-ville-a-la-mairie-de-djibouti\" \/>\n<meta property=\"og:locale\" content=\"fr_FR\" \/>\n<meta property=\"og:type\" content=\"article\" \/>\n<meta property=\"og:title\" content=\"Prise de contact du Pr\u00e9fet de la Ville \u00e0 la Mairie de Djibouti\" \/>\n<meta property=\"og:description\" content=\"Dans le cadre du renforcement des liens entre les autorite\u0301s locales et l\u2019administration gouvernementale, le Pre\u0301fet de ...\" \/>\n<meta property=\"og:url\" content=\"https:\/\/www.africa-press.net\/djibouti\/photo\/prise-de-contact-du-prefet-de-la-ville-a-la-mairie-de-djibouti\" \/>\n<meta property=\"og:site_name\" content=\"Djibouti\" \/>\n<meta property=\"article:published_time\" content=\"2023-08-31T15:45:15+00:00\" \/>\n<meta property=\"article:modified_time\" content=\"2023-08-31T17:49:17+00:00\" \/>\n<meta property=\"og:image\" content=\"https:\/\/static.africa-press.net\/djibouti\/sites\/52\/2023\/08\/sm_1693491524.29833.jpg\" \/>\n\t<meta property=\"og:image:width\" content=\"1280\" \/>\n\t<meta property=\"og:image:height\" content=\"720\" \/>\n\t<meta property=\"og:image:type\" content=\"image\/jpeg\" \/>\n<meta name=\"author\" content=\"cfeditorfr\" \/>\n<meta name=\"twitter:card\" content=\"summary_large_image\" \/>\n<meta name=\"twitter:label1\" content=\"\u00c9crit par\" \/>\n\t<meta name=\"twitter:data1\" content=\"cfeditorfr\" \/>\n\t<meta name=\"twitter:label2\" content=\"Dur\u00e9e de lecture estim\u00e9e\" \/>\n\t<meta name=\"twitter:data2\" content=\"3 minutes\" \/>\n<script type=\"application\/ld+json\" class=\"yoast-schema-graph\">{\"@context\":\"https:\/\/schema.org\",\"@graph\":[{\"@type\":\"Article\",\"@id\":\"https:\/\/www.africa-press.net\/djibouti\/photo\/prise-de-contact-du-prefet-de-la-ville-a-la-mairie-de-djibouti#article\",\"isPartOf\":{\"@id\":\"https:\/\/www.africa-press.net\/djibouti\/photo\/prise-de-contact-du-prefet-de-la-ville-a-la-mairie-de-djibouti\"},\"author\":{\"name\":\"cfeditorfr\",\"@id\":\"https:\/\/www.africa-press.net\/djibouti\/#\/schema\/person\/2b1cf3cd81a31e3cd26889ca66d677f1\"},\"headline\":\"Prise de contact du Pr\u00e9fet de la Ville \u00e0 la Mairie de Djibouti\",\"datePublished\":\"2023-08-31T15:45:15+00:00\",\"dateModified\":\"2023-08-31T17:49:17+00:00\",\"mainEntityOfPage\":{\"@id\":\"https:\/\/www.africa-press.net\/djibouti\/photo\/prise-de-contact-du-prefet-de-la-ville-a-la-mairie-de-djibouti\"},\"wordCount\":485,\"commentCount\":0,\"image\":{\"@id\":\"https:\/\/www.africa-press.net\/djibouti\/photo\/prise-de-contact-du-prefet-de-la-ville-a-la-mairie-de-djibouti#primaryimage\"},\"thumbnailUrl\":\"https:\/\/static.africa-press.net\/djibouti\/sites\/52\/2023\/08\/sm_1693491524.29833.jpg\",\"keywords\":[\"Africa Press\",\"Africa Press-Djibouti\",\"Djibouti\"],\"articleSection\":[\"Communaut\u00e9\",\"Photo\",\"Toutes les actualit\u00e9s\"],\"inLanguage\":\"fr-FR\",\"potentialAction\":[{\"@type\":\"CommentAction\",\"name\":\"Comment\",\"target\":[\"https:\/\/www.africa-press.net\/djibouti\/photo\/prise-de-contact-du-prefet-de-la-ville-a-la-mairie-de-djibouti#respond\"]}]},{\"@type\":\"WebPage\",\"@id\":\"https:\/\/www.africa-press.net\/djibouti\/photo\/prise-de-contact-du-prefet-de-la-ville-a-la-mairie-de-djibouti\",\"url\":\"https:\/\/www.africa-press.net\/djibouti\/photo\/prise-de-contact-du-prefet-de-la-ville-a-la-mairie-de-djibouti\",\"name\":\"Prise de contact du Pr\u00e9fet de la Ville \u00e0 la Mairie de Djibouti - Djibouti\",\"isPartOf\":{\"@id\":\"https:\/\/www.africa-press.net\/djibouti\/#website\"},\"primaryImageOfPage\":{\"@id\":\"https:\/\/www.africa-press.net\/djibouti\/photo\/prise-de-contact-du-prefet-de-la-ville-a-la-mairie-de-djibouti#primaryimage\"},\"image\":{\"@id\":\"https:\/\/www.africa-press.net\/djibouti\/photo\/prise-de-contact-du-prefet-de-la-ville-a-la-mairie-de-djibouti#primaryimage\"},\"thumbnailUrl\":\"https:\/\/static.africa-press.net\/djibouti\/sites\/52\/2023\/08\/sm_1693491524.29833.jpg\",\"datePublished\":\"2023-08-31T15:45:15+00:00\",\"dateModified\":\"2023-08-31T17:49:17+00:00\",\"author\":{\"@id\":\"https:\/\/www.africa-press.net\/djibouti\/#\/schema\/person\/2b1cf3cd81a31e3cd26889ca66d677f1\"},\"description\":\"Dans le cadre du renforcement des liens entre les autorite\u0301s locales et l\u2019administration gouvernementale, le Pre\u0301fet de ...\",\"breadcrumb\":{\"@id\":\"https:\/\/www.africa-press.net\/djibouti\/photo\/prise-de-contact-du-prefet-de-la-ville-a-la-mairie-de-djibouti#breadcrumb\"},\"inLanguage\":\"fr-FR\",\"potentialAction\":[{\"@type\":\"ReadAction\",\"target\":[\"https:\/\/www.africa-press.net\/djibouti\/photo\/prise-de-contact-du-prefet-de-la-ville-a-la-mairie-de-djibouti\"]}]},{\"@type\":\"ImageObject\",\"inLanguage\":\"fr-FR\",\"@id\":\"https:\/\/www.africa-press.net\/djibouti\/photo\/prise-de-contact-du-prefet-de-la-ville-a-la-mairie-de-djibouti#primaryimage\",\"url\":\"https:\/\/static.africa-press.net\/djibouti\/sites\/52\/2023\/08\/sm_1693491524.29833.jpg\",\"contentUrl\":\"https:\/\/static.africa-press.net\/djibouti\/sites\/52\/2023\/08\/sm_1693491524.29833.jpg\",\"width\":1280,\"height\":720,\"caption\":\"Prise de contact du Pr\u00e9fet de la Ville \u00e0 la Mairie de Djibouti\"},{\"@type\":\"BreadcrumbList\",\"@id\":\"https:\/\/www.africa-press.net\/djibouti\/photo\/prise-de-contact-du-prefet-de-la-ville-a-la-mairie-de-djibouti#breadcrumb\",\"itemListElement\":[{\"@type\":\"ListItem\",\"position\":1,\"name\":\"Accueil\",\"item\":\"https:\/\/www.africa-press.net\/djibouti\/\"},{\"@type\":\"ListItem\",\"position\":2,\"name\":\"Prise de contact du Pr\u00e9fet de la Ville \u00e0 la Mairie de Djibouti\"}]},{\"@type\":\"WebSite\",\"@id\":\"https:\/\/www.africa-press.net\/djibouti\/#website\",\"url\":\"https:\/\/www.africa-press.net\/djibouti\/\",\"name\":\"Djibouti\",\"description\":\"Just another Africa News Agency Sites site\",\"potentialAction\":[{\"@type\":\"SearchAction\",\"target\":{\"@type\":\"EntryPoint\",\"urlTemplate\":\"https:\/\/www.africa-press.net\/djibouti\/?s={search_term_string}\"},\"query-input\":{\"@type\":\"PropertyValueSpecification\",\"valueRequired\":true,\"valueName\":\"search_term_string\"}}],\"inLanguage\":\"fr-FR\"},{\"@type\":\"Person\",\"@id\":\"https:\/\/www.africa-press.net\/djibouti\/#\/schema\/person\/2b1cf3cd81a31e3cd26889ca66d677f1\",\"name\":\"cfeditorfr\"}]}<\/script>\n<!-- \/ Yoast SEO Premium plugin. -->","yoast_head_json":{"title":"Prise de contact du Pr\u00e9fet de la Ville \u00e0 la Mairie de Djibouti - Djibouti","description":"Dans le cadre du renforcement des liens entre les autorite\u0301s locales et l\u2019administration gouvernementale, le Pre\u0301fet de ...","robots":{"index":"index","follow":"follow","max-snippet":"max-snippet:-1","max-image-preview":"max-image-preview:large","max-video-preview":"max-video-preview:-1"},"canonical":"https:\/\/www.africa-press.net\/djibouti\/photo\/prise-de-contact-du-prefet-de-la-ville-a-la-mairie-de-djibouti","og_locale":"fr_FR","og_type":"article","og_title":"Prise de contact du Pr\u00e9fet de la Ville \u00e0 la Mairie de Djibouti","og_description":"Dans le cadre du renforcement des liens entre les autorite\u0301s locales et l\u2019administration gouvernementale, le Pre\u0301fet de ...","og_url":"https:\/\/www.africa-press.net\/djibouti\/photo\/prise-de-contact-du-prefet-de-la-ville-a-la-mairie-de-djibouti","og_site_name":"Djibouti","article_published_time":"2023-08-31T15:45:15+00:00","article_modified_time":"2023-08-31T17:49:17+00:00","og_image":[{"width":1280,"height":720,"url":"https:\/\/static.africa-press.net\/djibouti\/sites\/52\/2023\/08\/sm_1693491524.29833.jpg","type":"image\/jpeg"}],"author":"cfeditorfr","twitter_card":"summary_large_image","twitter_misc":{"\u00c9crit par":"cfeditorfr","Dur\u00e9e de lecture estim\u00e9e":"3 minutes"},"schema":{"@context":"https:\/\/schema.org","@graph":[{"@type":"Article","@id":"https:\/\/www.africa-press.net\/djibouti\/photo\/prise-de-contact-du-prefet-de-la-ville-a-la-mairie-de-djibouti#article","isPartOf":{"@id":"https:\/\/www.africa-press.net\/djibouti\/photo\/prise-de-contact-du-prefet-de-la-ville-a-la-mairie-de-djibouti"},"author":{"name":"cfeditorfr","@id":"https:\/\/www.africa-press.net\/djibouti\/#\/schema\/person\/2b1cf3cd81a31e3cd26889ca66d677f1"},"headline":"Prise de contact du Pr\u00e9fet de la Ville \u00e0 la Mairie de Djibouti","datePublished":"2023-08-31T15:45:15+00:00","dateModified":"2023-08-31T17:49:17+00:00","mainEntityOfPage":{"@id":"https:\/\/www.africa-press.net\/djibouti\/photo\/prise-de-contact-du-prefet-de-la-ville-a-la-mairie-de-djibouti"},"wordCount":485,"commentCount":0,"image":{"@id":"https:\/\/www.africa-press.net\/djibouti\/photo\/prise-de-contact-du-prefet-de-la-ville-a-la-mairie-de-djibouti#primaryimage"},"thumbnailUrl":"https:\/\/static.africa-press.net\/djibouti\/sites\/52\/2023\/08\/sm_1693491524.29833.jpg","keywords":["Africa Press","Africa Press-Djibouti","Djibouti"],"articleSection":["Communaut\u00e9","Photo","Toutes les actualit\u00e9s"],"inLanguage":"fr-FR","potentialAction":[{"@type":"CommentAction","name":"Comment","target":["https:\/\/www.africa-press.net\/djibouti\/photo\/prise-de-contact-du-prefet-de-la-ville-a-la-mairie-de-djibouti#respond"]}]},{"@type":"WebPage","@id":"https:\/\/www.africa-press.net\/djibouti\/photo\/prise-de-contact-du-prefet-de-la-ville-a-la-mairie-de-djibouti","url":"https:\/\/www.africa-press.net\/djibouti\/photo\/prise-de-contact-du-prefet-de-la-ville-a-la-mairie-de-djibouti","name":"Prise de contact du Pr\u00e9fet de la Ville \u00e0 la Mairie de Djibouti - Djibouti","isPartOf":{"@id":"https:\/\/www.africa-press.net\/djibouti\/#website"},"primaryImageOfPage":{"@id":"https:\/\/www.africa-press.net\/djibouti\/photo\/prise-de-contact-du-prefet-de-la-ville-a-la-mairie-de-djibouti#primaryimage"},"image":{"@id":"https:\/\/www.africa-press.net\/djibouti\/photo\/prise-de-contact-du-prefet-de-la-ville-a-la-mairie-de-djibouti#primaryimage"},"thumbnailUrl":"https:\/\/static.africa-press.net\/djibouti\/sites\/52\/2023\/08\/sm_1693491524.29833.jpg","datePublished":"2023-08-31T15:45:15+00:00","dateModified":"2023-08-31T17:49:17+00:00","author":{"@id":"https:\/\/www.africa-press.net\/djibouti\/#\/schema\/person\/2b1cf3cd81a31e3cd26889ca66d677f1"},"description":"Dans le cadre du renforcement des liens entre les autorite\u0301s locales et l\u2019administration gouvernementale, le Pre\u0301fet de ...","breadcrumb":{"@id":"https:\/\/www.africa-press.net\/djibouti\/photo\/prise-de-contact-du-prefet-de-la-ville-a-la-mairie-de-djibouti#breadcrumb"},"inLanguage":"fr-FR","potentialAction":[{"@type":"ReadAction","target":["https:\/\/www.africa-press.net\/djibouti\/photo\/prise-de-contact-du-prefet-de-la-ville-a-la-mairie-de-djibouti"]}]},{"@type":"ImageObject","inLanguage":"fr-FR","@id":"https:\/\/www.africa-press.net\/djibouti\/photo\/prise-de-contact-du-prefet-de-la-ville-a-la-mairie-de-djibouti#primaryimage","url":"https:\/\/static.africa-press.net\/djibouti\/sites\/52\/2023\/08\/sm_1693491524.29833.jpg","contentUrl":"https:\/\/static.africa-press.net\/djibouti\/sites\/52\/2023\/08\/sm_1693491524.29833.jpg","width":1280,"height":720,"caption":"Prise de contact du Pr\u00e9fet de la Ville \u00e0 la Mairie de Djibouti"},{"@type":"BreadcrumbList","@id":"https:\/\/www.africa-press.net\/djibouti\/photo\/prise-de-contact-du-prefet-de-la-ville-a-la-mairie-de-djibouti#breadcrumb","itemListElement":[{"@type":"ListItem","position":1,"name":"Accueil","item":"https:\/\/www.africa-press.net\/djibouti\/"},{"@type":"ListItem","position":2,"name":"Prise de contact du Pr\u00e9fet de la Ville \u00e0 la Mairie de Djibouti"}]},{"@type":"WebSite","@id":"https:\/\/www.africa-press.net\/djibouti\/#website","url":"https:\/\/www.africa-press.net\/djibouti\/","name":"Djibouti","description":"Just another Africa News Agency Sites site","potentialAction":[{"@type":"SearchAction","target":{"@type":"EntryPoint","urlTemplate":"https:\/\/www.africa-press.net\/djibouti\/?s={search_term_string}"},"query-input":{"@type":"PropertyValueSpecification","valueRequired":true,"valueName":"search_term_string"}}],"inLanguage":"fr-FR"},{"@type":"Person","@id":"https:\/\/www.africa-press.net\/djibouti\/#\/schema\/person\/2b1cf3cd81a31e3cd26889ca66d677f1","name":"cfeditorfr"}]}},"_links":{"self":[{"href":"https:\/\/www.africa-press.net\/djibouti\/wp-json\/wp\/v2\/posts\/17227","targetHints":{"allow":["GET"]}}],"collection":[{"href":"https:\/\/www.africa-press.net\/djibouti\/wp-json\/wp\/v2\/posts"}],"about":[{"href":"https:\/\/www.africa-press.net\/djibouti\/wp-json\/wp\/v2\/types\/post"}],"author":[{"embeddable":true,"href":"https:\/\/www.africa-press.net\/djibouti\/wp-json\/wp\/v2\/users\/82"}],"replies":[{"embeddable":true,"href":"https:\/\/www.africa-press.net\/djibouti\/wp-json\/wp\/v2\/comments?post=17227"}],"version-history":[{"count":0,"href":"https:\/\/www.africa-press.net\/djibouti\/wp-json\/wp\/v2\/posts\/17227\/revisions"}],"wp:featuredmedia":[{"embeddable":true,"href":"https:\/\/www.africa-press.net\/djibouti\/wp-json\/wp\/v2\/media\/17226"}],"wp:attachment":[{"href":"https:\/\/www.africa-press.net\/djibouti\/wp-json\/wp\/v2\/media?parent=17227"}],"wp:term":[{"taxonomy":"category","embeddable":true,"href":"https:\/\/www.africa-press.net\/djibouti\/wp-json\/wp\/v2\/categories?post=17227"},{"taxonomy":"post_tag","embeddable":true,"href":"https:\/\/www.africa-press.net\/djibouti\/wp-json\/wp\/v2\/tags?post=17227"}],"curies":[{"name":"wp","href":"https:\/\/api.w.org\/{rel}","templated":true}]}}