{"id":17230,"date":"2023-08-31T15:45:40","date_gmt":"2023-08-31T15:45:40","guid":{"rendered":"https:\/\/www.africa-press.net\/djibouti\/politique\/le-premier-parc-eolien-de-lhistoire-de-notre-pays-constitue-lune-des-infrastructures-denvergure-en-matiere-de-production-denergies-renouvelables"},"modified":"2023-08-31T17:49:35","modified_gmt":"2023-08-31T17:49:35","slug":"le-premier-parc-eolien-de-lhistoire-de-notre-pays-constitue-lune-des-infrastructures-denvergure-en-matiere-de-production-denergies-renouvelables","status":"publish","type":"post","link":"https:\/\/www.africa-press.net\/djibouti\/economie\/le-premier-parc-eolien-de-lhistoire-de-notre-pays-constitue-lune-des-infrastructures-denvergure-en-matiere-de-production-denergies-renouvelables","title":{"rendered":"\u00ab\u00a0Le premier parc \u00e9olien de l\u2019Histoire de notre pays constitue l\u2019une des infrastructures d\u2019envergure en mati\u00e8re de production d\u2019\u00e9nergies renouvelables\u00a0\u00bb"},"content":{"rendered":"<p><span style=\"color: #ff6600\"><strong>Africa-Press &#8211; Djibouti. <\/strong><\/span><b>Il faut d\u2019abord savoir que dans les socie\u0301te\u0301s contemporaines, sans e\u0301nergie aucun de\u0301veloppement n\u2019est envisageable ni me\u0302me possible. L\u2019e\u0301nergie constitue pour tout pays un levier puissant, un vecteur essentiel, un catalyseur et un acce\u0301le\u0301rateur du de\u0301veloppement socioe\u0301conomique durable et inclusif. Pour notre pays, l\u2019e\u0301nergie est au c\u0153ur de la qualite\u0301 de vie de notre population. De ce fait, notre politique e\u0301nerge\u0301tique nationale place le citoyen au centre des actions. Son objectif principal est de satisfaire pleinement les besoins e\u0301nerge\u0301tiques de notre population en lui fournissant une e\u0301nergie propre, abondante, disponible, accessible et a\u0300 moindre cou\u0302t. Pour cela, nous avons opte\u0301 dans un premier temps pour le mix e\u0301nerge\u0301tique, puis progressivement nous amorcerons notre transition e\u0301nerge\u0301tique gra\u0302ce a\u0300 la monte\u0301e en puissance des e\u0301nergies renouvelables. A terme, nous voulons atteindre l\u2019objectif d\u2019e\u0301nergie 100% verte a\u0300 l\u2019horizon 2035<\/b><br \/>\n<b>Entretien exclusif avec le ministre de l\u2019Energie charge\u0301 des ressources naturelles, Yonis Ali Gued<\/b>i.<\/p>\n<p><b>Yonis Ali Guedi, ministre de l\u2019e\u0301nergie charge\u0301 des ressources naturelles<\/b><br \/>\n<b>La Nation : Monsieur le Ministre, pour commencer, quels sont, en ge\u0301ne\u0301ral, les objectifs de la politique e\u0301nerge\u0301tique nationale que vous mettez en \u0153uvre et que visez-vous en perspective ?<\/b><br \/>\n<b>Yonis Ali Guedi<\/b> : Il faut d\u2019abord savoir que dans les socie\u0301te\u0301s contemporaines, sans e\u0301nergie aucun de\u0301veloppement n\u2019est envisageable ni me\u0302me possible. L\u2019e\u0301nergie constitue pour tout pays un levier puissant, un vecteur essentiel, un catalyseur et un acce\u0301le\u0301rateur du de\u0301veloppement socioe\u0301conomique durable et inclusif.Pour notre pays, l\u2019e\u0301nergie est au c\u0153ur de la qualite\u0301 de vie de notre population.<\/p>\n<p>De ce fait, notre politique e\u0301nerge\u0301tique nationale place le citoyen au centre des actions. Elle permet le recours aux hydrocarbures avec une utilisation rationnelle de ces e\u0301nergies fossiles tout en diversifiant nos sources d\u2019e\u0301nergies. Elle met en valeur, de fac\u0327on optimale, les ressources e\u0301nerge\u0301tiques disponibles au niveau national afin de tirer pleinement profit du potentiel en e\u0301nergies renouvelables dont dispose notre pays, qu\u2019elles soient solaires, e\u0301oliennes et ge\u0301othermiques.<\/p>\n<p>Tout en favorisant une consommation e\u0301nerge\u0301tique responsable(efficacite\u0301 et mai\u0302trise de l\u2019e\u0301nergie) et en privile\u0301giant une e\u0301conomie faible en carbone, cette politique nous permet d\u2019acce\u0301der et de stimuler toute la chai\u0302ne de l\u2019innovation technologique en matie\u0300re de production des e\u0301nergies renouvelables et ceci en be\u0301ne\u0301ficiant du transfert des compe\u0301tences inhe\u0301rent.<\/p>\n<p>L\u2019objectif principal de notre politique e\u0301nerge\u0301tique nationale est donc de satisfaire pleinement les besoins e\u0301nerge\u0301tiques de notre population en lui fournissant une e\u0301nergie propre, abondante, disponible, accessible et a\u0300 moindre cou\u0302t.Pour cela, nous avons opte\u0301 dans un premier temps pour le mix e\u0301nerge\u0301tique, puis progressivement nous amorcerons notre transition e\u0301nerge\u0301tique gra\u0302ce a\u0300 la monte\u0301e en puissance des e\u0301nergies renouvelables.A terme, nous voulons atteindre l\u2019objectif d\u2019e\u0301nergie 100% verte a\u0300 l\u2019horizon 2035.<\/p>\n<p>Nous voulons non seulement faire face a\u0300 la demande e\u0301lectrique en forte croissance dans notre pays en garantissant l\u2019acce\u0300s de tous a\u0300 des services e\u0301nerge\u0301tiques de qualite\u0301. Aussi, il s\u2019agit pour nous, d\u2019augmenter de fac\u0327on substantielle la part des e\u0301nergies renouvelables et assurer notre se\u0301curite\u0301 e\u0301nerge\u0301tique. Nous voulons enfin parvenir a\u0300 notre inde\u0301pendance e\u0301nerge\u0301tique et, par ricochet,re\u0301ussir le pari de la transition e\u0301nerge\u0301tique car nous y sommes re\u0301solument engage\u0301s.Notre ambition est d\u2019accroi\u0302tre notre puissance e\u0301lectrique et d\u2019atteindre un taux d\u2019e\u0301lectrification de 100% a\u0300 l\u2019horizon 2035.<\/p>\n<p><b>(( L\u2019objectif principal de notre politique e\u0301nerge\u0301tique nationale est de satisfaire pleinement les besoins e\u0301nerge\u0301tiques de notre population en lui fournissant une e\u0301nergie propre, abondante, disponible, accessible et a\u0300 moindre cou\u0302t. ))<\/b><br \/>\n<b>Justement, a\u0300 propos d\u2019e\u0301nergies renouvelables, ou\u0300 en e\u0302tes-vous ?<\/b><\/p>\n<p>Je note avec beaucoup de satisfaction de multiples re\u0301alisations.Nombreuses ont e\u0301te\u0301 nos activite\u0301s, diverses et varie\u0301es.Pour ne citer que les plus colos sales, j\u2019e\u0301voquerai d\u2019abord la concre\u0301tisation du premier parc e\u0301olien de l\u2019Histoire de notre pays qui sera inaugure\u0301 incessamment, Incha Allah, sous le haut patronage du Pre\u0301sident de la Re\u0301publique, Son Excellence Monsieur Ismai\u0308l Omar Guelleh.<\/p>\n<p>Ce parc e\u0301olien de Goubet, compose\u0301 de 17 e\u0301oliennes et d\u2019une capacite\u0301 de 60 Me\u0301gawatts, a e\u0301te\u0301 re\u0301alise\u0301 avec l\u2019appui technique et financier de nos partenaires, RedSea Power, Africa Finance Corporation, Siemens Gamesa, FMO (Socie\u0301te\u0301 ne\u0301erlandaise de financement du de\u0301veloppement), Climate Fund Manager, l\u2019EAIF de Ninety One et GHIH (Great Horn Investment Holding).<\/p>\n<p>Ce premier parc e\u0301olien de notre pays constitue l\u2019une des infrastructures d\u2019envergure en matie\u0300re de production d\u2019e\u0301nergies renouvelables qui s\u2019inscrit dans le droit fil de la Vision 2035 trace\u0301e par le pre\u0301sident de la Re\u0301publique, SEM Ismai\u0308l Omar Guelleh.<\/p>\n<p>Ce qui est louable avec un tel projet, c\u2019est qu\u2019il s\u2019accompagne d\u2019un volet social avec la re\u0301alisation d\u2019une usine de dessalement de l\u2019eau de mer, gra\u0302ce a\u0300 une technique d\u2019e\u0301nergie solaire photovoltai\u0308que afin que les populations des villages environnants puissent be\u0301ne\u0301ficier de l\u2019acce\u0300s a\u0300 l\u2019eau potable.<\/p>\n<p>Autre projet d\u2019envergure, la construction de la centrale solaire du Grand Bara. A noter que la pose de la premie\u0300re pierre de ce projet de construction de la centrale e\u0301lectrique solaire du Grand Bara, d\u2019une capacite\u0301 de 25 Me\u0301gawatts, aura lieu biento\u0302t, sous peu, et les travaux dureront 16 a\u0300 18 mois.<\/p>\n<p>Ce projet est appele\u0301 a\u0300 couvrir a\u0300 hauteur d\u2019un quart les besoins e\u0301nerge\u0301tiques nationaux. Il a e\u0301te\u0301 rendu possible dans le cadre d\u2019un partenariat strate\u0301gique gagnant-gagnant avec le Groupe Emirati AMEA POWER, spe\u0301cialise\u0301 dans la construction, la maintenance et l\u2019exploitation des infrastructures e\u0301nerge\u0301tiques.<\/p>\n<p>Ce projet s\u2019inscrit aussi dans le droit fil de la Vision Djibouti 2035 du Pre\u0301sident de Re\u0301publique, Son Excellence Monsieur Ismai\u0308l Omar Guelleh, qui vise a\u0300 doter, a\u0300 terme, la Re\u0301publique de Djibouti, d\u2019une ve\u0301ritable inde\u0301pendance et souverainete\u0301 e\u0301nerge\u0301tiques.<\/p>\n<p>En outre, nos actions dans le domaine e\u0301nerge\u0301tique e\u0301tant inclusives, nous n\u2019avons oublie\u0301 personne. C\u2019est dans cette optique d\u2019inclusivite\u0301 e\u0301nerge\u0301tique que, dans le cadre du projet d\u2019Electrification Rurale, nous avons acce\u0301le\u0301re\u0301 l\u2019acce\u0300s a\u0300 l\u2019e\u0301lectricite\u0301 pour tous les habitants des villages et des localite\u0301s e\u0301loigne\u0301es de notre pays&#8230; Et j\u2019en passe !<\/p>\n<p><b>((L\u2019e\u0301nergie constitue pour tout pays un levier puissant, un vecteur essentiel, un catalyseur et un acce\u0301le\u0301rateur du de\u0301veloppement socioe\u0301conomique durable et inclusif.))<\/b><br \/>\n<b>Avez-vous tisse\u0301 des partenariats strate\u0301giques, notamment dans le domaine e\u0301nerge\u0301tique, avec d\u2019autres pays ? Et de quel type de partenariat s\u2019agit-il ?<\/b><\/p>\n<p>Oui, effectivementnous avons tisse\u0301 des relations de partenariats fortes avec beaucoup de pays amis et avec de nombreux grands groupes internationaux. Ces partenariats portent sur des domaines divers et varie\u0301s comme le secteur minier, le secteur e\u0301nerge\u0301tique en ge\u0301ne\u0301ral \u2014 notamment en ce qui concerne la promotion et le de\u0301veloppement des e\u0301nergies renouvelables (e\u0301olien, solaire, etc.) \u2013, le secteur des hydrocarbures et le secteur gazier.Notre partenariat dans les domaines e\u0301nerge\u0301tique et minier se structure sous la forme d\u2019un Partenariat Public Prive\u0301 (PPP). Il s\u2019agit d\u2019un partenariat gagnant-gagnant. Il pre\u0301voit un mode de financement des investissements qui n\u2019accroit pas l\u2019endettement de notre pays. De plus, le PPP pre\u0301sente un meilleur rapport qualite\u0301-prix et, surtout, les infrastructures sont livre\u0301es dans le strict respect des de\u0301lais pre\u0301alablement fixe\u0301s. C\u2019est donc un formidable outil juridique, technique et financier qui nous permet d\u2019assurer le financement par des investisseurs prive\u0301s des infrastructures e\u0301nerge\u0301tiques d\u2019envergure ou\u0300 l\u2019Etat ne dispose pas des fonds ne\u0301cessaires du fait des contraintes budge\u0301taires.<\/p>\n<p><b>((Notre ambition est d\u2019accroi\u0302tre notre puissance e\u0301lectrique et d\u2019atteindre un taux d\u2019e\u0301lectrification de 100% a\u0300 l\u2019horizon 2035.))<\/b><br \/>\n<b>Un dernier mot, Monsieur le Ministre ?<\/b><\/p>\n<p>Pre\u0301parer de\u0300s a\u0300 pre\u0301sent notre avenir e\u0301nerge\u0301tique par la monte\u0301e en puissance de la production des e\u0301nergies renouvelables est notre mission. Il faut savoir aussi que notre futur e\u0301nerge\u0301tique se trouve dans notre sous-sol.Gra\u0302ce a\u0300 la vision du Pre\u0301sident de la Re\u0301publique, SEM Ismai\u0308l Omar Guelleh, en matie\u0300re e\u0301nerge\u0301tique, le de\u0301veloppement et l\u2019exploitation de notre potentiel en matie\u0300re des e\u0301nergies renouvelables sont des re\u0301alite\u0301s. Ce qui paraissait utopique avant ne l\u2019est plus maintenant. Nous allons donc capitaliser sur le potentiel e\u0301nerge\u0301tique et minier dont regorge notre pays pour en faire du secteur de l\u2019e\u0301nergie et des mines des ve\u0301ritables leviers du de\u0301veloppement socio-e\u0301conomique de notre pays. Pour cela, nous espe\u0301rons attirer plus d\u2019investisseurs prive\u0301s, nationaux et internationaux, afin de de\u0301velopper d\u2019autres sources d\u2019e\u0301nergies renouvelables qu\u2019elles soient solaires, e\u0301oliennes, ou encore de la biomasse.<\/p>\n<p>Notre but e\u0301tant d\u2019assurer l\u2019acce\u0300s universel a\u0300 l\u2019e\u0301lectricite\u0301 a\u0300 l\u2019horizon 2035, nous ne me\u0301nagerons donc aucun effort. Nous continuerons a\u0300 travailler d\u2019arrache-pied avec beaucoup de de\u0301termination et d\u2019abne\u0301gation afin de transformer la vision strate\u0301gique du Pre\u0301sident de la Re\u0301publique dans le domaine e\u0301nerge\u0301tique et minier en actions concre\u0300tes.<\/p>\n<p>Sous le haut patronage du Chef de l\u2019Etat, SEM Ismai\u0308l Omar Guelleh, plus que jamais nous sommes de\u0301termine\u0301s a\u0300 poursuivre ces \u0153uvres pour combler les besoins e\u0301nerge\u0301tiques de notre population, car nous sommes constamment anime\u0301s par une volonte\u0301 ferme de servir toute djiboutienne et tout djiboutien par l\u2019acce\u0300s a\u0300 une e\u0301nergie abondante et a\u0300 moindre cou\u0302t. Pour terminer mon propos, je peux vous dire que l\u2019avenir e\u0301nerge\u0301tique de notre pays est assure\u0301 et c\u2019est un avenir e\u0301nerge\u0301tique radieux.<\/p>\n<p><strong>Pour plus d&rsquo;informations et d&rsquo;analyses sur la <a href=\"https:\/\/www.africa-press.net\/djibouti\">Djibouti<\/a>, suivez <a href=\"https:\/\/www.africa-press.net\/\">Africa-Press<\/a><\/strong><\/p>\n","protected":false},"excerpt":{"rendered":"<p>Africa-Press &#8211; Djibouti. Il faut d\u2019abord savoir que dans les socie\u0301te\u0301s contemporaines, sans e\u0301nergie aucun de\u0301veloppement n\u2019est envisageable ni me\u0302me possible. L\u2019e\u0301nergie constitue pour tout pays un levier puissant, un vecteur essentiel, un catalyseur et un acce\u0301le\u0301rateur du de\u0301veloppement socioe\u0301conomique durable et inclusif. Pour notre pays, l\u2019e\u0301nergie est au c\u0153ur de la qualite\u0301 de vie [&hellip;]<\/p>\n","protected":false},"author":82,"featured_media":17228,"comment_status":"open","ping_status":"closed","sticky":false,"template":"","format":"standard","meta":{"footnotes":""},"categories":[7,3,20,10],"tags":[36,49,50],"class_list":["post-17230","post","type-post","status-publish","format-standard","has-post-thumbnail","hentry","category-dossiers","category-economie","category-top-nouvelles","category-toutes-les-actualites","tag-africa-press","tag-africa-press-djibouti","tag-djibouti"],"yoast_head":"<!-- This site is optimized with the Yoast SEO Premium plugin v26.1 (Yoast SEO v27.0) - https:\/\/yoast.com\/product\/yoast-seo-premium-wordpress\/ -->\n<title>\u00ab\u00a0Le premier parc \u00e9olien de l\u2019Histoire de notre pays constitue l\u2019une des infrastructures d\u2019envergure en mati\u00e8re de production d\u2019\u00e9nergies renouvelables\u00a0\u00bb - Djibouti<\/title>\n<meta name=\"description\" content=\"Il faut d\u2019abord savoir que dans les socie\u0301te\u0301s contemporaines, sans e\u0301nergie aucun de\u0301veloppement n\u2019est envisageable ...\" \/>\n<meta name=\"robots\" content=\"index, follow, max-snippet:-1, max-image-preview:large, max-video-preview:-1\" \/>\n<link rel=\"canonical\" href=\"https:\/\/www.africa-press.net\/djibouti\/economie\/le-premier-parc-eolien-de-lhistoire-de-notre-pays-constitue-lune-des-infrastructures-denvergure-en-matiere-de-production-denergies-renouvelables\" \/>\n<meta property=\"og:locale\" content=\"fr_FR\" \/>\n<meta property=\"og:type\" content=\"article\" \/>\n<meta property=\"og:title\" content=\"\u00ab\u00a0Le premier parc \u00e9olien de l\u2019Histoire de notre pays constitue l\u2019une des infrastructures d\u2019envergure en mati\u00e8re de production d\u2019\u00e9nergies renouvelables\u00a0\u00bb\" \/>\n<meta property=\"og:description\" content=\"Il faut d\u2019abord savoir que dans les socie\u0301te\u0301s contemporaines, sans e\u0301nergie aucun de\u0301veloppement n\u2019est envisageable ...\" \/>\n<meta property=\"og:url\" content=\"https:\/\/www.africa-press.net\/djibouti\/economie\/le-premier-parc-eolien-de-lhistoire-de-notre-pays-constitue-lune-des-infrastructures-denvergure-en-matiere-de-production-denergies-renouvelables\" \/>\n<meta property=\"og:site_name\" content=\"Djibouti\" \/>\n<meta property=\"article:published_time\" content=\"2023-08-31T15:45:40+00:00\" \/>\n<meta property=\"article:modified_time\" content=\"2023-08-31T17:49:35+00:00\" \/>\n<meta property=\"og:image\" content=\"https:\/\/static.africa-press.net\/djibouti\/sites\/52\/2023\/08\/sm_1693491548.240769.jpg\" \/>\n\t<meta property=\"og:image:width\" content=\"1280\" \/>\n\t<meta property=\"og:image:height\" content=\"720\" \/>\n\t<meta property=\"og:image:type\" content=\"image\/jpeg\" \/>\n<meta name=\"author\" content=\"cfeditorfr\" \/>\n<meta name=\"twitter:card\" content=\"summary_large_image\" \/>\n<meta name=\"twitter:label1\" content=\"\u00c9crit par\" \/>\n\t<meta name=\"twitter:data1\" content=\"cfeditorfr\" \/>\n\t<meta name=\"twitter:label2\" content=\"Dur\u00e9e de lecture estim\u00e9e\" \/>\n\t<meta name=\"twitter:data2\" content=\"8 minutes\" \/>\n<script type=\"application\/ld+json\" class=\"yoast-schema-graph\">{\"@context\":\"https:\/\/schema.org\",\"@graph\":[{\"@type\":\"Article\",\"@id\":\"https:\/\/www.africa-press.net\/djibouti\/economie\/le-premier-parc-eolien-de-lhistoire-de-notre-pays-constitue-lune-des-infrastructures-denvergure-en-matiere-de-production-denergies-renouvelables#article\",\"isPartOf\":{\"@id\":\"https:\/\/www.africa-press.net\/djibouti\/economie\/le-premier-parc-eolien-de-lhistoire-de-notre-pays-constitue-lune-des-infrastructures-denvergure-en-matiere-de-production-denergies-renouvelables\"},\"author\":{\"name\":\"cfeditorfr\",\"@id\":\"https:\/\/www.africa-press.net\/djibouti\/#\/schema\/person\/2b1cf3cd81a31e3cd26889ca66d677f1\"},\"headline\":\"\u00ab\u00a0Le premier parc \u00e9olien de l\u2019Histoire de notre pays constitue l\u2019une des infrastructures d\u2019envergure en mati\u00e8re de production d\u2019\u00e9nergies renouvelables\u00a0\u00bb\",\"datePublished\":\"2023-08-31T15:45:40+00:00\",\"dateModified\":\"2023-08-31T17:49:35+00:00\",\"mainEntityOfPage\":{\"@id\":\"https:\/\/www.africa-press.net\/djibouti\/economie\/le-premier-parc-eolien-de-lhistoire-de-notre-pays-constitue-lune-des-infrastructures-denvergure-en-matiere-de-production-denergies-renouvelables\"},\"wordCount\":1810,\"commentCount\":0,\"image\":{\"@id\":\"https:\/\/www.africa-press.net\/djibouti\/economie\/le-premier-parc-eolien-de-lhistoire-de-notre-pays-constitue-lune-des-infrastructures-denvergure-en-matiere-de-production-denergies-renouvelables#primaryimage\"},\"thumbnailUrl\":\"https:\/\/static.africa-press.net\/djibouti\/sites\/52\/2023\/08\/sm_1693491548.240769.jpg\",\"keywords\":[\"Africa Press\",\"Africa Press-Djibouti\",\"Djibouti\"],\"articleSection\":[\"Dossiers\",\"\u00c9conomie\",\"Top Nouvelles\",\"Toutes les actualit\u00e9s\"],\"inLanguage\":\"fr-FR\",\"potentialAction\":[{\"@type\":\"CommentAction\",\"name\":\"Comment\",\"target\":[\"https:\/\/www.africa-press.net\/djibouti\/economie\/le-premier-parc-eolien-de-lhistoire-de-notre-pays-constitue-lune-des-infrastructures-denvergure-en-matiere-de-production-denergies-renouvelables#respond\"]}]},{\"@type\":\"WebPage\",\"@id\":\"https:\/\/www.africa-press.net\/djibouti\/economie\/le-premier-parc-eolien-de-lhistoire-de-notre-pays-constitue-lune-des-infrastructures-denvergure-en-matiere-de-production-denergies-renouvelables\",\"url\":\"https:\/\/www.africa-press.net\/djibouti\/economie\/le-premier-parc-eolien-de-lhistoire-de-notre-pays-constitue-lune-des-infrastructures-denvergure-en-matiere-de-production-denergies-renouvelables\",\"name\":\"\u00ab\u00a0Le premier parc \u00e9olien de l\u2019Histoire de notre pays constitue l\u2019une des infrastructures d\u2019envergure en mati\u00e8re de production d\u2019\u00e9nergies renouvelables\u00a0\u00bb - Djibouti\",\"isPartOf\":{\"@id\":\"https:\/\/www.africa-press.net\/djibouti\/#website\"},\"primaryImageOfPage\":{\"@id\":\"https:\/\/www.africa-press.net\/djibouti\/economie\/le-premier-parc-eolien-de-lhistoire-de-notre-pays-constitue-lune-des-infrastructures-denvergure-en-matiere-de-production-denergies-renouvelables#primaryimage\"},\"image\":{\"@id\":\"https:\/\/www.africa-press.net\/djibouti\/economie\/le-premier-parc-eolien-de-lhistoire-de-notre-pays-constitue-lune-des-infrastructures-denvergure-en-matiere-de-production-denergies-renouvelables#primaryimage\"},\"thumbnailUrl\":\"https:\/\/static.africa-press.net\/djibouti\/sites\/52\/2023\/08\/sm_1693491548.240769.jpg\",\"datePublished\":\"2023-08-31T15:45:40+00:00\",\"dateModified\":\"2023-08-31T17:49:35+00:00\",\"author\":{\"@id\":\"https:\/\/www.africa-press.net\/djibouti\/#\/schema\/person\/2b1cf3cd81a31e3cd26889ca66d677f1\"},\"description\":\"Il faut d\u2019abord savoir que dans les socie\u0301te\u0301s contemporaines, sans e\u0301nergie aucun de\u0301veloppement n\u2019est envisageable ...\",\"breadcrumb\":{\"@id\":\"https:\/\/www.africa-press.net\/djibouti\/economie\/le-premier-parc-eolien-de-lhistoire-de-notre-pays-constitue-lune-des-infrastructures-denvergure-en-matiere-de-production-denergies-renouvelables#breadcrumb\"},\"inLanguage\":\"fr-FR\",\"potentialAction\":[{\"@type\":\"ReadAction\",\"target\":[\"https:\/\/www.africa-press.net\/djibouti\/economie\/le-premier-parc-eolien-de-lhistoire-de-notre-pays-constitue-lune-des-infrastructures-denvergure-en-matiere-de-production-denergies-renouvelables\"]}]},{\"@type\":\"ImageObject\",\"inLanguage\":\"fr-FR\",\"@id\":\"https:\/\/www.africa-press.net\/djibouti\/economie\/le-premier-parc-eolien-de-lhistoire-de-notre-pays-constitue-lune-des-infrastructures-denvergure-en-matiere-de-production-denergies-renouvelables#primaryimage\",\"url\":\"https:\/\/static.africa-press.net\/djibouti\/sites\/52\/2023\/08\/sm_1693491548.240769.jpg\",\"contentUrl\":\"https:\/\/static.africa-press.net\/djibouti\/sites\/52\/2023\/08\/sm_1693491548.240769.jpg\",\"width\":1280,\"height\":720,\"caption\":\"\u00ab\u00a0Le premier parc \u00e9olien de l\u2019Histoire de notre pays constitue l\u2019une des infrastructures d\u2019envergure en mati\u00e8re de production d\u2019\u00e9nergies renouvelables\u00a0\u00bb\"},{\"@type\":\"BreadcrumbList\",\"@id\":\"https:\/\/www.africa-press.net\/djibouti\/economie\/le-premier-parc-eolien-de-lhistoire-de-notre-pays-constitue-lune-des-infrastructures-denvergure-en-matiere-de-production-denergies-renouvelables#breadcrumb\",\"itemListElement\":[{\"@type\":\"ListItem\",\"position\":1,\"name\":\"Accueil\",\"item\":\"https:\/\/www.africa-press.net\/djibouti\/\"},{\"@type\":\"ListItem\",\"position\":2,\"name\":\"\u00ab\u00a0Le premier parc \u00e9olien de l\u2019Histoire de notre pays constitue l\u2019une des infrastructures d\u2019envergure en mati\u00e8re de production d\u2019\u00e9nergies renouvelables\u00a0\u00bb\"}]},{\"@type\":\"WebSite\",\"@id\":\"https:\/\/www.africa-press.net\/djibouti\/#website\",\"url\":\"https:\/\/www.africa-press.net\/djibouti\/\",\"name\":\"Djibouti\",\"description\":\"Just another Africa News Agency Sites site\",\"potentialAction\":[{\"@type\":\"SearchAction\",\"target\":{\"@type\":\"EntryPoint\",\"urlTemplate\":\"https:\/\/www.africa-press.net\/djibouti\/?s={search_term_string}\"},\"query-input\":{\"@type\":\"PropertyValueSpecification\",\"valueRequired\":true,\"valueName\":\"search_term_string\"}}],\"inLanguage\":\"fr-FR\"},{\"@type\":\"Person\",\"@id\":\"https:\/\/www.africa-press.net\/djibouti\/#\/schema\/person\/2b1cf3cd81a31e3cd26889ca66d677f1\",\"name\":\"cfeditorfr\"}]}<\/script>\n<!-- \/ Yoast SEO Premium plugin. -->","yoast_head_json":{"title":"\u00ab\u00a0Le premier parc \u00e9olien de l\u2019Histoire de notre pays constitue l\u2019une des infrastructures d\u2019envergure en mati\u00e8re de production d\u2019\u00e9nergies renouvelables\u00a0\u00bb - Djibouti","description":"Il faut d\u2019abord savoir que dans les socie\u0301te\u0301s contemporaines, sans e\u0301nergie aucun de\u0301veloppement n\u2019est envisageable ...","robots":{"index":"index","follow":"follow","max-snippet":"max-snippet:-1","max-image-preview":"max-image-preview:large","max-video-preview":"max-video-preview:-1"},"canonical":"https:\/\/www.africa-press.net\/djibouti\/economie\/le-premier-parc-eolien-de-lhistoire-de-notre-pays-constitue-lune-des-infrastructures-denvergure-en-matiere-de-production-denergies-renouvelables","og_locale":"fr_FR","og_type":"article","og_title":"\u00ab\u00a0Le premier parc \u00e9olien de l\u2019Histoire de notre pays constitue l\u2019une des infrastructures d\u2019envergure en mati\u00e8re de production d\u2019\u00e9nergies renouvelables\u00a0\u00bb","og_description":"Il faut d\u2019abord savoir que dans les socie\u0301te\u0301s contemporaines, sans e\u0301nergie aucun de\u0301veloppement n\u2019est envisageable ...","og_url":"https:\/\/www.africa-press.net\/djibouti\/economie\/le-premier-parc-eolien-de-lhistoire-de-notre-pays-constitue-lune-des-infrastructures-denvergure-en-matiere-de-production-denergies-renouvelables","og_site_name":"Djibouti","article_published_time":"2023-08-31T15:45:40+00:00","article_modified_time":"2023-08-31T17:49:35+00:00","og_image":[{"width":1280,"height":720,"url":"https:\/\/static.africa-press.net\/djibouti\/sites\/52\/2023\/08\/sm_1693491548.240769.jpg","type":"image\/jpeg"}],"author":"cfeditorfr","twitter_card":"summary_large_image","twitter_misc":{"\u00c9crit par":"cfeditorfr","Dur\u00e9e de lecture estim\u00e9e":"8 minutes"},"schema":{"@context":"https:\/\/schema.org","@graph":[{"@type":"Article","@id":"https:\/\/www.africa-press.net\/djibouti\/economie\/le-premier-parc-eolien-de-lhistoire-de-notre-pays-constitue-lune-des-infrastructures-denvergure-en-matiere-de-production-denergies-renouvelables#article","isPartOf":{"@id":"https:\/\/www.africa-press.net\/djibouti\/economie\/le-premier-parc-eolien-de-lhistoire-de-notre-pays-constitue-lune-des-infrastructures-denvergure-en-matiere-de-production-denergies-renouvelables"},"author":{"name":"cfeditorfr","@id":"https:\/\/www.africa-press.net\/djibouti\/#\/schema\/person\/2b1cf3cd81a31e3cd26889ca66d677f1"},"headline":"\u00ab\u00a0Le premier parc \u00e9olien de l\u2019Histoire de notre pays constitue l\u2019une des infrastructures d\u2019envergure en mati\u00e8re de production d\u2019\u00e9nergies renouvelables\u00a0\u00bb","datePublished":"2023-08-31T15:45:40+00:00","dateModified":"2023-08-31T17:49:35+00:00","mainEntityOfPage":{"@id":"https:\/\/www.africa-press.net\/djibouti\/economie\/le-premier-parc-eolien-de-lhistoire-de-notre-pays-constitue-lune-des-infrastructures-denvergure-en-matiere-de-production-denergies-renouvelables"},"wordCount":1810,"commentCount":0,"image":{"@id":"https:\/\/www.africa-press.net\/djibouti\/economie\/le-premier-parc-eolien-de-lhistoire-de-notre-pays-constitue-lune-des-infrastructures-denvergure-en-matiere-de-production-denergies-renouvelables#primaryimage"},"thumbnailUrl":"https:\/\/static.africa-press.net\/djibouti\/sites\/52\/2023\/08\/sm_1693491548.240769.jpg","keywords":["Africa Press","Africa Press-Djibouti","Djibouti"],"articleSection":["Dossiers","\u00c9conomie","Top Nouvelles","Toutes les actualit\u00e9s"],"inLanguage":"fr-FR","potentialAction":[{"@type":"CommentAction","name":"Comment","target":["https:\/\/www.africa-press.net\/djibouti\/economie\/le-premier-parc-eolien-de-lhistoire-de-notre-pays-constitue-lune-des-infrastructures-denvergure-en-matiere-de-production-denergies-renouvelables#respond"]}]},{"@type":"WebPage","@id":"https:\/\/www.africa-press.net\/djibouti\/economie\/le-premier-parc-eolien-de-lhistoire-de-notre-pays-constitue-lune-des-infrastructures-denvergure-en-matiere-de-production-denergies-renouvelables","url":"https:\/\/www.africa-press.net\/djibouti\/economie\/le-premier-parc-eolien-de-lhistoire-de-notre-pays-constitue-lune-des-infrastructures-denvergure-en-matiere-de-production-denergies-renouvelables","name":"\u00ab\u00a0Le premier parc \u00e9olien de l\u2019Histoire de notre pays constitue l\u2019une des infrastructures d\u2019envergure en mati\u00e8re de production d\u2019\u00e9nergies renouvelables\u00a0\u00bb - Djibouti","isPartOf":{"@id":"https:\/\/www.africa-press.net\/djibouti\/#website"},"primaryImageOfPage":{"@id":"https:\/\/www.africa-press.net\/djibouti\/economie\/le-premier-parc-eolien-de-lhistoire-de-notre-pays-constitue-lune-des-infrastructures-denvergure-en-matiere-de-production-denergies-renouvelables#primaryimage"},"image":{"@id":"https:\/\/www.africa-press.net\/djibouti\/economie\/le-premier-parc-eolien-de-lhistoire-de-notre-pays-constitue-lune-des-infrastructures-denvergure-en-matiere-de-production-denergies-renouvelables#primaryimage"},"thumbnailUrl":"https:\/\/static.africa-press.net\/djibouti\/sites\/52\/2023\/08\/sm_1693491548.240769.jpg","datePublished":"2023-08-31T15:45:40+00:00","dateModified":"2023-08-31T17:49:35+00:00","author":{"@id":"https:\/\/www.africa-press.net\/djibouti\/#\/schema\/person\/2b1cf3cd81a31e3cd26889ca66d677f1"},"description":"Il faut d\u2019abord savoir que dans les socie\u0301te\u0301s contemporaines, sans e\u0301nergie aucun de\u0301veloppement n\u2019est envisageable ...","breadcrumb":{"@id":"https:\/\/www.africa-press.net\/djibouti\/economie\/le-premier-parc-eolien-de-lhistoire-de-notre-pays-constitue-lune-des-infrastructures-denvergure-en-matiere-de-production-denergies-renouvelables#breadcrumb"},"inLanguage":"fr-FR","potentialAction":[{"@type":"ReadAction","target":["https:\/\/www.africa-press.net\/djibouti\/economie\/le-premier-parc-eolien-de-lhistoire-de-notre-pays-constitue-lune-des-infrastructures-denvergure-en-matiere-de-production-denergies-renouvelables"]}]},{"@type":"ImageObject","inLanguage":"fr-FR","@id":"https:\/\/www.africa-press.net\/djibouti\/economie\/le-premier-parc-eolien-de-lhistoire-de-notre-pays-constitue-lune-des-infrastructures-denvergure-en-matiere-de-production-denergies-renouvelables#primaryimage","url":"https:\/\/static.africa-press.net\/djibouti\/sites\/52\/2023\/08\/sm_1693491548.240769.jpg","contentUrl":"https:\/\/static.africa-press.net\/djibouti\/sites\/52\/2023\/08\/sm_1693491548.240769.jpg","width":1280,"height":720,"caption":"\u00ab\u00a0Le premier parc \u00e9olien de l\u2019Histoire de notre pays constitue l\u2019une des infrastructures d\u2019envergure en mati\u00e8re de production d\u2019\u00e9nergies renouvelables\u00a0\u00bb"},{"@type":"BreadcrumbList","@id":"https:\/\/www.africa-press.net\/djibouti\/economie\/le-premier-parc-eolien-de-lhistoire-de-notre-pays-constitue-lune-des-infrastructures-denvergure-en-matiere-de-production-denergies-renouvelables#breadcrumb","itemListElement":[{"@type":"ListItem","position":1,"name":"Accueil","item":"https:\/\/www.africa-press.net\/djibouti\/"},{"@type":"ListItem","position":2,"name":"\u00ab\u00a0Le premier parc \u00e9olien de l\u2019Histoire de notre pays constitue l\u2019une des infrastructures d\u2019envergure en mati\u00e8re de production d\u2019\u00e9nergies renouvelables\u00a0\u00bb"}]},{"@type":"WebSite","@id":"https:\/\/www.africa-press.net\/djibouti\/#website","url":"https:\/\/www.africa-press.net\/djibouti\/","name":"Djibouti","description":"Just another Africa News Agency Sites site","potentialAction":[{"@type":"SearchAction","target":{"@type":"EntryPoint","urlTemplate":"https:\/\/www.africa-press.net\/djibouti\/?s={search_term_string}"},"query-input":{"@type":"PropertyValueSpecification","valueRequired":true,"valueName":"search_term_string"}}],"inLanguage":"fr-FR"},{"@type":"Person","@id":"https:\/\/www.africa-press.net\/djibouti\/#\/schema\/person\/2b1cf3cd81a31e3cd26889ca66d677f1","name":"cfeditorfr"}]}},"_links":{"self":[{"href":"https:\/\/www.africa-press.net\/djibouti\/wp-json\/wp\/v2\/posts\/17230","targetHints":{"allow":["GET"]}}],"collection":[{"href":"https:\/\/www.africa-press.net\/djibouti\/wp-json\/wp\/v2\/posts"}],"about":[{"href":"https:\/\/www.africa-press.net\/djibouti\/wp-json\/wp\/v2\/types\/post"}],"author":[{"embeddable":true,"href":"https:\/\/www.africa-press.net\/djibouti\/wp-json\/wp\/v2\/users\/82"}],"replies":[{"embeddable":true,"href":"https:\/\/www.africa-press.net\/djibouti\/wp-json\/wp\/v2\/comments?post=17230"}],"version-history":[{"count":0,"href":"https:\/\/www.africa-press.net\/djibouti\/wp-json\/wp\/v2\/posts\/17230\/revisions"}],"wp:featuredmedia":[{"embeddable":true,"href":"https:\/\/www.africa-press.net\/djibouti\/wp-json\/wp\/v2\/media\/17228"}],"wp:attachment":[{"href":"https:\/\/www.africa-press.net\/djibouti\/wp-json\/wp\/v2\/media?parent=17230"}],"wp:term":[{"taxonomy":"category","embeddable":true,"href":"https:\/\/www.africa-press.net\/djibouti\/wp-json\/wp\/v2\/categories?post=17230"},{"taxonomy":"post_tag","embeddable":true,"href":"https:\/\/www.africa-press.net\/djibouti\/wp-json\/wp\/v2\/tags?post=17230"}],"curies":[{"name":"wp","href":"https:\/\/api.w.org\/{rel}","templated":true}]}}