{"id":17238,"date":"2023-09-01T08:39:56","date_gmt":"2023-09-01T08:39:56","guid":{"rendered":"https:\/\/www.africa-press.net\/djibouti\/politique\/ces-coups-detats-qui-ont-secoue-le-continent-depuis-trois-ans"},"modified":"2023-09-01T09:43:14","modified_gmt":"2023-09-01T09:43:14","slug":"ces-coups-detats-qui-ont-secoue-le-continent-depuis-trois-ans","status":"publish","type":"post","link":"https:\/\/www.africa-press.net\/djibouti\/dossiers\/ces-coups-detats-qui-ont-secoue-le-continent-depuis-trois-ans","title":{"rendered":"ces coups d&rsquo;\u00c9tats qui ont secou\u00e9 le continent depuis trois ans"},"content":{"rendered":"<p><span style=\"color: #ff6600\"><strong>Africa-Press &#8211; Djibouti. <\/strong><\/span>Alors qu&rsquo;un groupe de militaires a annonce\u0301 ce 30 aou\u0302t 2023 l&rsquo;annulation des re\u0301sultats de l&rsquo;e\u0301lection pre\u0301sidentielle au Gabon et la dissolution des institutions, le coup de force en cours a\u0300 Libreville est le dernier en date d&rsquo;une se\u0301rie de coups d&rsquo;E\u0301tats qui ont secoue\u0301 le continent africain ces derniers mois.<\/p>\n<p><b>Le coup d&rsquo;E\u0301tat de 2020, puis de 2021 au Mali<\/b><\/p>\n<p>Le 18 aou\u0302t 2020, le pre\u0301sident Ibrahim Boubacar Kei\u0308ta est renverse\u0301 par une junte militaire mene\u0301e par le colonel Assimi Goi\u0308ta. Dans la foule\u0301e, le Conseil national de salut du peuple (CNSP) est forme\u0301 et la junte promet des e\u0301lections dans les trois ans. L&rsquo;ancien ministre de la De\u0301fense Bah N&rsquo;Daw est nomme\u0301 pre\u0301sident de transition et Assimi Goi\u0308ta vice-pre\u0301sident.<\/p>\n<p>Le 24 mai 2021, un coup d&rsquo;E\u0301tat dans le coup d&rsquo;E\u0301tat a lieu. L&rsquo;arme\u0301e malienne arre\u0302te et de\u0301tient le pre\u0301sident de transition Bah N&rsquo;Daw, son Premier ministre Moctar Ouane et le ministre de la De\u0301fense Souleymane Doucoure\u0301. Le 26 mai, Bah N&rsquo;Daw et Moctar Ouane de\u0301missionnent, Assimi Goi\u0308ta devient pre\u0301sident de la Transition.<\/p>\n<p><img loading=\"lazy\" decoding=\"async\" width=\"2480\" height=\"1653\" class=\"alignnone wp-image-17232 size-full\" src=\"https:\/\/static.africa-press.net\/djibouti\/sites\/52\/2023\/09\/sm_1693548543.874647.jpg\" srcset=\"https:\/\/static.africa-press.net\/djibouti\/sites\/52\/2023\/09\/sm_1693548543.874647.jpg 2480w, https:\/\/static.africa-press.net\/djibouti\/sites\/52\/2023\/09\/sm_1693548543.874647-300x200.jpg 300w, https:\/\/static.africa-press.net\/djibouti\/sites\/52\/2023\/09\/sm_1693548543.874647-1024x683.jpg 1024w, https:\/\/static.africa-press.net\/djibouti\/sites\/52\/2023\/09\/sm_1693548543.874647-768x512.jpg 768w, https:\/\/static.africa-press.net\/djibouti\/sites\/52\/2023\/09\/sm_1693548543.874647-1536x1024.jpg 1536w, https:\/\/static.africa-press.net\/djibouti\/sites\/52\/2023\/09\/sm_1693548543.874647-2048x1365.jpg 2048w\" sizes=\"auto, (max-width: 2480px) 100vw, 2480px\" \/><\/p>\n<p>Lors des \u00ab Assisses nationales pour la refondation \u00bb, en de\u0301cembre 2021, Assimi Goi\u0308ta annonce vouloir prolonger la transition de six mois a\u0300 cinq ans. Apre\u0300s d\u2019a\u0302pres ne\u0301gociations avec la Ce\u0301de\u0301ao, qui impose de lourdes sanctions e\u0301conomiques au pays, les autorite\u0301s maliennes de transition programment finalement une e\u0301lection pre\u0301sidentielle devant marquer le retour a\u0300 l\u2019ordre constitutionnel pour fe\u0301vrier 2024.<\/p>\n<p>Par ailleurs, le 31 janvier 2022, la junte au pouvoir demande a\u0300 l&rsquo;ambassadeur de France a\u0300 Bamako de quitter le Mali. Le 18 fe\u0301vrier, les autorite\u0301s demandent a\u0300 la France de retirer les forces Barkhane et Takuba (force me\u0302lant plusieurs pays europe\u0301ens) du Mali. En juin 2023, Bamako demande le de\u0301part de la Minusma, la mission onusienne dans le pays, dont le personnel quittera le pays d\u2019ici la fin de l\u2019anne\u0301e.<\/p>\n<p>Depuis de\u0301cembre 2021, plus d\u2019un millier de supple\u0301tifs russes du groupe russe Wagner accompagnent les forces maliennes sur le terrain. De nombreux te\u0301moignages font e\u0301tat d\u2019exactions contre la population civile. Bamako de\u0301ment toujours la pre\u0301sence du Groupe Wagner au Mali, ne reconnaissant que le recours a\u0300 des \u00ab instructeurs russes \u00bb dans le cadre d\u2019une \u00ab coope\u0301ration d\u2019E\u0301tat a\u0300 E\u0301tat \u00bb, en de\u0301pit des multiples confirmations e\u0301manant des autorite\u0301s russes elles-me\u0302mes.<\/p>\n<p><b>Le coup d&rsquo;E\u0301tat de 2021 en Guine\u0301e<\/b><\/p>\n<p>Au matin du 5 septembre 2021, des tirs a\u0300 l&rsquo;arme lourde sont entendus dans la capitale Conakry. Une unite\u0301 des forces spe\u0301ciale de l&rsquo;arme\u0301e guine\u0301enne, le Groupement des forces spe\u0301ciales, s&rsquo;introduit dans le palais pre\u0301sidentiel a\u0300 Conakry, capturent le pre\u0301sident Alpha Conde\u0301 et le de\u0301mettent de ses fonctions. Le pre\u0301sident guine\u0301en, en poste depuis 2010, venait de se faire re\u0301e\u0301lire en 2020 pour un troisie\u0300me mandat apre\u0300s avoir fait modifier la Constitution pour pouvoir se pre\u0301senter. Il est alors de\u0301tenu en re\u0301sidence surveille\u0301e et bien traite\u0301, mais refuse de de\u0301missionner.<\/p>\n<p><img loading=\"lazy\" decoding=\"async\" width=\"512\" height=\"341\" class=\"alignnone wp-image-17233 size-full\" src=\"https:\/\/static.africa-press.net\/djibouti\/sites\/52\/2023\/09\/sm_1693548582.523003.jpg\" srcset=\"https:\/\/static.africa-press.net\/djibouti\/sites\/52\/2023\/09\/sm_1693548582.523003.jpg 512w, https:\/\/static.africa-press.net\/djibouti\/sites\/52\/2023\/09\/sm_1693548582.523003-300x200.jpg 300w\" sizes=\"auto, (max-width: 512px) 100vw, 512px\" \/><\/p>\n<p>Le 1er octobre 2021, le chef de la junte, le colonel Mamadi Doumbouya, est investi pre\u0301sident de la Transition. En mai 2022, une premie\u0300re transition de trois ans et trois jours est annonce\u0301e, ramene\u0301e ensuite a\u0300 trois ans et e\u0301courte\u0301e a\u0300 deux ans a\u0300 partir de janvier 2023.<\/p>\n<p>La charte de transition affirme par ailleurs que Mamadi Doumbouya et les autres membres de la junte sont ine\u0301ligibles pour les futures e\u0301lections. Le colonel Doumbouya a assure\u0301 qu\u2019il \u00ab ne passera pas un jour de plus a\u0300 l\u2019issue des vingt-quatre mois de la transition. Il a donne\u0301 sa parole au peuple de Guine\u0301e \u00bb, selon des propos rapporte\u0301s le 9 fe\u0301vrier 2023 par le porte-parole du gouvernement, Ousmane Gaoual Diallo, apre\u0300s un conseil des ministres.<\/p>\n<p><b>Les coups d&rsquo;E\u0301tat de 2022 au Burkina Faso<\/b><\/p>\n<p>En 2022, le Burkina Faso subit deux coups d&rsquo;E\u0301tats en moins d&rsquo;un an. Le premier commence par une mutinerie de soldats dans la nuit du 23 au 24 janvier 2022, a\u0300 Ouagadougou et dans plusieurs villes du pays. Le pre\u0301sident Roch Marc Christian Kabore\u0301, qui avait e\u0301te\u0301 e\u0301lu de\u0301mocratiquement pour un deuxie\u0300me mandat en novembre 2020, est renverse\u0301 par les militaires qui reprochent au gouvernement son incapacite\u0301 a\u0300 lutter contre la menace jihadiste.<\/p>\n<p>Le 31 janvier, le leader des putschistes, le lieutenant-colonel Paul-Henri Sandaogo Damiba, est nomme\u0301 pre\u0301sident de la Transition du pays pour trois ans. Sa prise de pouvoir sera de courte dure\u0301e.<\/p>\n<p>Le 30 septembre, des e\u0301changes de tirs nourris sont entendus dans le quartier Ouaga 2000 de la capitale. Des e\u0301le\u0301ments de l&rsquo;arme\u0301e, mene\u0301s par le Capitaine Ibrahim Traore\u0301 et me\u0301contents de l&rsquo;incapacite\u0301 du nouveau gouvernement de transition a\u0300 mettre hors d&rsquo;e\u0301tat de nuire les insurge\u0301s jihadistes, de\u0301mettent de ses fonctions de pre\u0301sident de la transition, le lieutenant-colonel Damiba qui de\u0301missionne officiellement le 2 octobre. Le capitaine Ibrahim Traore\u0301 est investi pre\u0301sident de transition le 21 octobre.<\/p>\n<p><img loading=\"lazy\" decoding=\"async\" width=\"2480\" height=\"1798\" class=\"alignnone wp-image-17234 size-full\" src=\"https:\/\/static.africa-press.net\/djibouti\/sites\/52\/2023\/09\/sm_1693548604.341009.jpg\" srcset=\"https:\/\/static.africa-press.net\/djibouti\/sites\/52\/2023\/09\/sm_1693548604.341009.jpg 2480w, https:\/\/static.africa-press.net\/djibouti\/sites\/52\/2023\/09\/sm_1693548604.341009-300x218.jpg 300w, https:\/\/static.africa-press.net\/djibouti\/sites\/52\/2023\/09\/sm_1693548604.341009-1024x742.jpg 1024w, https:\/\/static.africa-press.net\/djibouti\/sites\/52\/2023\/09\/sm_1693548604.341009-768x557.jpg 768w, https:\/\/static.africa-press.net\/djibouti\/sites\/52\/2023\/09\/sm_1693548604.341009-1536x1114.jpg 1536w, https:\/\/static.africa-press.net\/djibouti\/sites\/52\/2023\/09\/sm_1693548604.341009-2048x1485.jpg 2048w, https:\/\/static.africa-press.net\/djibouti\/sites\/52\/2023\/09\/sm_1693548604.341009-324x235.jpg 324w\" sizes=\"auto, (max-width: 2480px) 100vw, 2480px\" \/><br \/>\n<b>Le coup d&rsquo;E\u0301tat de juillet 2023 au Niger<\/b><\/p>\n<p>Le 26 juillet 2023, des militaires de la garde pre\u0301sidentielle retiennent le pre\u0301sident nige\u0301rien Mohamed Bazoum, e\u0301lu de\u0301mocratiquement en 2021. Le soir me\u0302me, un groupe de soldats annonce la formation d&rsquo;une junte militaire qui prend le nom de Conseil national pour la sauvegarde de la patrie (CNSP).<\/p>\n<p>Le ge\u0301ne\u0301ral Abdourahamane Tiani apparai\u0302t ensuite lors d&rsquo;une allocution sur Te\u0301le\u0301 Sahel, en tant que pre\u0301sident du CNSP. \u00ab L\u2019action du CNSP est motive\u0301e par la seule volonte\u0301 de pre\u0301server notre che\u0300re patrie face, d\u2019une part, a\u0300 la de\u0301gradation continue de la situation se\u0301curitaire dans notre pays \u2013 et cela sans que les autorite\u0301s de\u0301chues ne nous laissent entrevoir une ve\u0301ritable solution de sortie de crise \u2013, d\u2019autre part, la mauvaise gouvernance e\u0301conomique et sociale \u00bb, lance-t-il.<\/p>\n<p>Il de\u0301cre\u0300te quelques semaines plus tard une pe\u0301riode de transition de trois ans pour tourner la page de la 7e re\u0301publique du Niger.<\/p>\n<p><img loading=\"lazy\" decoding=\"async\" width=\"1570\" height=\"834\" class=\"alignnone wp-image-17235 size-full\" src=\"https:\/\/static.africa-press.net\/djibouti\/sites\/52\/2023\/09\/sm_1693548650.040404.jpg\" srcset=\"https:\/\/static.africa-press.net\/djibouti\/sites\/52\/2023\/09\/sm_1693548650.040404.jpg 1570w, https:\/\/static.africa-press.net\/djibouti\/sites\/52\/2023\/09\/sm_1693548650.040404-300x159.jpg 300w, https:\/\/static.africa-press.net\/djibouti\/sites\/52\/2023\/09\/sm_1693548650.040404-1024x544.jpg 1024w, https:\/\/static.africa-press.net\/djibouti\/sites\/52\/2023\/09\/sm_1693548650.040404-768x408.jpg 768w, https:\/\/static.africa-press.net\/djibouti\/sites\/52\/2023\/09\/sm_1693548650.040404-1536x816.jpg 1536w\" sizes=\"auto, (max-width: 1570px) 100vw, 1570px\" \/><\/p>\n<p>La situation de\u0301clenche une crise re\u0301gionale, car la Ce\u0301de\u0301ao, qui a condamne\u0301 le coup d&rsquo;E\u0301tat, exige la libe\u0301ration du pre\u0301sident Bazoum et menace d&rsquo;intervenir militairement. Quatre jours apre\u0300s le coup d&rsquo;E\u0301tat, des manifestations e\u0301clatent a\u0300 Niamey. Des milliers de personnes se rassemblent notamment devant l&rsquo;ambassade de France. Paris de\u0301cide de lancer une ope\u0301ration pour e\u0301vacuer les ressortissants franc\u0327ais qui le souhaitent.<\/p>\n<p>Le 26 aou\u0302t, un mois jour pour jour apre\u0300s le de\u0301but du coup d&rsquo;E\u0301tat, la junte ordonne a\u0300 l&rsquo;ambassadeur de France a\u0300 Niamey de quitter le pays dans les 48h ce que la France a refuse\u0301.<\/p>\n<p><b>Le coup de force des militaires au Gabon du 30 aou\u0302t 2023<\/b><\/p>\n<p>C&rsquo;est le dernier coup de force en date qui a secoue\u0301 le continent. Ce mercredi 30 aou\u0302t, quelques minutes apre\u0300s la diffusion des re\u0301sultats officiels des e\u0301lections ge\u0301ne\u0301rales indiquant la victoire d&rsquo;Ali Bongo avec 64,27% des suffrages exprime\u0301s, un groupe de militaires a annonce\u0301 a\u0300 la te\u0301le\u0301vision l&rsquo;annulation du scrutin et la dissolution des institutions.<\/p>\n<p><img loading=\"lazy\" decoding=\"async\" width=\"1200\" height=\"679\" class=\"alignnone wp-image-17236 size-full\" src=\"https:\/\/static.africa-press.net\/djibouti\/sites\/52\/2023\/09\/sm_1693548674.025819.jpg\" srcset=\"https:\/\/static.africa-press.net\/djibouti\/sites\/52\/2023\/09\/sm_1693548674.025819.jpg 1200w, https:\/\/static.africa-press.net\/djibouti\/sites\/52\/2023\/09\/sm_1693548674.025819-300x170.jpg 300w, https:\/\/static.africa-press.net\/djibouti\/sites\/52\/2023\/09\/sm_1693548674.025819-1024x579.jpg 1024w, https:\/\/static.africa-press.net\/djibouti\/sites\/52\/2023\/09\/sm_1693548674.025819-768x435.jpg 768w\" sizes=\"auto, (max-width: 1200px) 100vw, 1200px\" \/><\/p>\n<p>\u00ab Nous avons de\u0301cide\u0301 de de\u0301fendre la paix en mettant fin au re\u0301gime en place \u00bb, a annonce\u0301 l&rsquo;un des militaires pre\u0301sent. \u00ab A\u0300 cet effet, les e\u0301lections ge\u0301ne\u0301rales du 26 aou\u0302t 2023 ainsi que les re\u0301sultats tronque\u0301s sont annule\u0301s [&#8230;]. Toutes les institutions de la re\u0301publique sont dissoutes, le gouvernement, le Se\u0301nat, l&rsquo;Assemble\u0301e nationale, la Cour constitutionnelle [&#8230;]. Nous appelons la population [&#8230;] au calme et a\u0300 la se\u0301re\u0301nite\u0301. Nous re\u0301affirmons notre attachement au respect des engagements du Gabon vis-a\u0300-vis de la communaute\u0301 nationale et internationale \u00bb, ont-ils poursuivi, proclamant aussi la fermeture des frontie\u0300res du pays \u00ab jusqu&rsquo;a\u0300 nouvel ordre \u00bb.<\/p>\n<p>Le pre\u0301sident du Gabon Ali Bongo Ondimba est \u00ab en re\u0301sidence surveille\u0301e \u00bb entoure\u0301 de sa famille et de ses me\u0301decins et l&rsquo;un de ses fils a e\u0301te\u0301 arre\u0302te\u0301.<\/p>\n<p><b>Au Soudan, quand le coup d&rsquo;E\u0301tat aboutit a\u0300 une guerre civile<\/b><\/p>\n<p>Le 11 avril 2019, Omar el-Be\u0301chir est renverse\u0301 apre\u0300s des semaines de manifestation de masse dans les rues de Khartoum. L&rsquo;arme\u0301e choisit de s&#8217;emparer du pouvoir en promettant la mise en place d&rsquo;un gouvernement civil. Le ge\u0301ne\u0301ral Abdel Fattah al-Burhan est nomme\u0301 a\u0300 la te\u0302te de la junte de\u0300s le lendemain. Le 17 aou\u0302t un accord portant sur la cre\u0301ation d&rsquo;un Conseil de souverainete\u0301 est signe\u0301, le 20 aou\u0302t suivant, l&rsquo;e\u0301conomiste Abdallah Hamdok est nomme\u0301 Premier ministre.<\/p>\n<p>Hamdok ne restera cependant pas longtemps en poste. Face a\u0300 leur nombreux de\u0301saccords avec le gouvernement civil, la junte me\u0300ne un coup d&rsquo;E\u0301tat contre le gouvernement de transition dirige\u0301 par l&rsquo;e\u0301conomiste. Au moins cinq hauts responsables du gouvernement soudanais ont e\u0301te\u0301 arre\u0302te\u0301s, dont le Premier ministre civil. La junte nomme un nouveau gouvernement de civils le 6 avril 2023 sans toutefois nommer un Premier ministre. Elle garde entre ses mains les clefs du pouvoir et refuse de se mettre autour de la table du dialogue avec les civils. Elle accuse les parties politiques de responsabilite\u0301 dans cette situation e\u0301tant donne\u0301 leurs divisions. Mais tre\u0300s vite, les positions irre\u0301conciliables du ge\u0301ne\u0301ral al-Burhan et du ge\u0301ne\u0301ral Hemedti, qui ont mene\u0301 ensemble le coup d&rsquo;E\u0301tat, apparaissent au grand jour et aboutissent a\u0300 la guerre civile qui secoue le pays depuis le 15 avril 2023.<\/p>\n<p><strong>Pour plus d&rsquo;informations et d&rsquo;analyses sur la <a href=\"https:\/\/www.africa-press.net\/djibouti\">Djibouti<\/a>, suivez <a href=\"https:\/\/www.africa-press.net\/\">Africa-Press<\/a><\/strong><\/p>\n","protected":false},"excerpt":{"rendered":"<p>Africa-Press &#8211; Djibouti. Alors qu&rsquo;un groupe de militaires a annonce\u0301 ce 30 aou\u0302t 2023 l&rsquo;annulation des re\u0301sultats de l&rsquo;e\u0301lection pre\u0301sidentielle au Gabon et la dissolution des institutions, le coup de force en cours a\u0300 Libreville est le dernier en date d&rsquo;une se\u0301rie de coups d&rsquo;E\u0301tats qui ont secoue\u0301 le continent africain ces derniers mois. Le [&hellip;]<\/p>\n","protected":false},"author":82,"featured_media":17237,"comment_status":"open","ping_status":"closed","sticky":false,"template":"","format":"standard","meta":{"footnotes":""},"categories":[7,10],"tags":[36,49,50],"class_list":["post-17238","post","type-post","status-publish","format-standard","has-post-thumbnail","hentry","category-dossiers","category-toutes-les-actualites","tag-africa-press","tag-africa-press-djibouti","tag-djibouti"],"yoast_head":"<!-- This site is optimized with the Yoast SEO Premium plugin v26.1 (Yoast SEO v27.0) - https:\/\/yoast.com\/product\/yoast-seo-premium-wordpress\/ -->\n<title>ces coups d&#039;\u00c9tats qui ont secou\u00e9 le continent depuis trois ans - Djibouti<\/title>\n<meta name=\"description\" content=\"Alors qu&#039;un groupe de militaires a annonce\u0301 ce 30 aou\u0302t 2023 l&#039;annulation des re\u0301sultats de l&#039;e\u0301lection pre\u0301sidentielle ...\" \/>\n<meta name=\"robots\" content=\"index, follow, max-snippet:-1, max-image-preview:large, max-video-preview:-1\" \/>\n<link rel=\"canonical\" href=\"https:\/\/www.africa-press.net\/djibouti\/dossiers\/ces-coups-detats-qui-ont-secoue-le-continent-depuis-trois-ans\" \/>\n<meta property=\"og:locale\" content=\"fr_FR\" \/>\n<meta property=\"og:type\" content=\"article\" \/>\n<meta property=\"og:title\" content=\"ces coups d&#039;\u00c9tats qui ont secou\u00e9 le continent depuis trois ans\" \/>\n<meta property=\"og:description\" content=\"Alors qu&#039;un groupe de militaires a annonce\u0301 ce 30 aou\u0302t 2023 l&#039;annulation des re\u0301sultats de l&#039;e\u0301lection pre\u0301sidentielle ...\" \/>\n<meta property=\"og:url\" content=\"https:\/\/www.africa-press.net\/djibouti\/dossiers\/ces-coups-detats-qui-ont-secoue-le-continent-depuis-trois-ans\" \/>\n<meta property=\"og:site_name\" content=\"Djibouti\" \/>\n<meta property=\"article:published_time\" content=\"2023-09-01T08:39:56+00:00\" \/>\n<meta property=\"article:modified_time\" content=\"2023-09-01T09:43:14+00:00\" \/>\n<meta property=\"og:image\" content=\"https:\/\/static.africa-press.net\/djibouti\/sites\/52\/2023\/09\/sm_1693548701.840581.jpg\" \/>\n\t<meta property=\"og:image:width\" content=\"980\" \/>\n\t<meta property=\"og:image:height\" content=\"551\" \/>\n\t<meta property=\"og:image:type\" content=\"image\/jpeg\" \/>\n<meta name=\"author\" content=\"cfeditorfr\" \/>\n<meta name=\"twitter:card\" content=\"summary_large_image\" \/>\n<meta name=\"twitter:label1\" content=\"\u00c9crit par\" \/>\n\t<meta name=\"twitter:data1\" content=\"cfeditorfr\" \/>\n\t<meta name=\"twitter:label2\" content=\"Dur\u00e9e de lecture estim\u00e9e\" \/>\n\t<meta name=\"twitter:data2\" content=\"8 minutes\" \/>\n<script type=\"application\/ld+json\" class=\"yoast-schema-graph\">{\"@context\":\"https:\/\/schema.org\",\"@graph\":[{\"@type\":\"Article\",\"@id\":\"https:\/\/www.africa-press.net\/djibouti\/dossiers\/ces-coups-detats-qui-ont-secoue-le-continent-depuis-trois-ans#article\",\"isPartOf\":{\"@id\":\"https:\/\/www.africa-press.net\/djibouti\/dossiers\/ces-coups-detats-qui-ont-secoue-le-continent-depuis-trois-ans\"},\"author\":{\"name\":\"cfeditorfr\",\"@id\":\"https:\/\/www.africa-press.net\/djibouti\/#\/schema\/person\/2b1cf3cd81a31e3cd26889ca66d677f1\"},\"headline\":\"ces coups d&rsquo;\u00c9tats qui ont secou\u00e9 le continent depuis trois ans\",\"datePublished\":\"2023-09-01T08:39:56+00:00\",\"dateModified\":\"2023-09-01T09:43:14+00:00\",\"mainEntityOfPage\":{\"@id\":\"https:\/\/www.africa-press.net\/djibouti\/dossiers\/ces-coups-detats-qui-ont-secoue-le-continent-depuis-trois-ans\"},\"wordCount\":1691,\"commentCount\":0,\"image\":{\"@id\":\"https:\/\/www.africa-press.net\/djibouti\/dossiers\/ces-coups-detats-qui-ont-secoue-le-continent-depuis-trois-ans#primaryimage\"},\"thumbnailUrl\":\"https:\/\/static.africa-press.net\/djibouti\/sites\/52\/2023\/09\/sm_1693548701.840581.jpg\",\"keywords\":[\"Africa Press\",\"Africa Press-Djibouti\",\"Djibouti\"],\"articleSection\":[\"Dossiers\",\"Toutes les actualit\u00e9s\"],\"inLanguage\":\"fr-FR\",\"potentialAction\":[{\"@type\":\"CommentAction\",\"name\":\"Comment\",\"target\":[\"https:\/\/www.africa-press.net\/djibouti\/dossiers\/ces-coups-detats-qui-ont-secoue-le-continent-depuis-trois-ans#respond\"]}]},{\"@type\":\"WebPage\",\"@id\":\"https:\/\/www.africa-press.net\/djibouti\/dossiers\/ces-coups-detats-qui-ont-secoue-le-continent-depuis-trois-ans\",\"url\":\"https:\/\/www.africa-press.net\/djibouti\/dossiers\/ces-coups-detats-qui-ont-secoue-le-continent-depuis-trois-ans\",\"name\":\"ces coups d'\u00c9tats qui ont secou\u00e9 le continent depuis trois ans - Djibouti\",\"isPartOf\":{\"@id\":\"https:\/\/www.africa-press.net\/djibouti\/#website\"},\"primaryImageOfPage\":{\"@id\":\"https:\/\/www.africa-press.net\/djibouti\/dossiers\/ces-coups-detats-qui-ont-secoue-le-continent-depuis-trois-ans#primaryimage\"},\"image\":{\"@id\":\"https:\/\/www.africa-press.net\/djibouti\/dossiers\/ces-coups-detats-qui-ont-secoue-le-continent-depuis-trois-ans#primaryimage\"},\"thumbnailUrl\":\"https:\/\/static.africa-press.net\/djibouti\/sites\/52\/2023\/09\/sm_1693548701.840581.jpg\",\"datePublished\":\"2023-09-01T08:39:56+00:00\",\"dateModified\":\"2023-09-01T09:43:14+00:00\",\"author\":{\"@id\":\"https:\/\/www.africa-press.net\/djibouti\/#\/schema\/person\/2b1cf3cd81a31e3cd26889ca66d677f1\"},\"description\":\"Alors qu'un groupe de militaires a annonce\u0301 ce 30 aou\u0302t 2023 l'annulation des re\u0301sultats de l'e\u0301lection pre\u0301sidentielle ...\",\"breadcrumb\":{\"@id\":\"https:\/\/www.africa-press.net\/djibouti\/dossiers\/ces-coups-detats-qui-ont-secoue-le-continent-depuis-trois-ans#breadcrumb\"},\"inLanguage\":\"fr-FR\",\"potentialAction\":[{\"@type\":\"ReadAction\",\"target\":[\"https:\/\/www.africa-press.net\/djibouti\/dossiers\/ces-coups-detats-qui-ont-secoue-le-continent-depuis-trois-ans\"]}]},{\"@type\":\"ImageObject\",\"inLanguage\":\"fr-FR\",\"@id\":\"https:\/\/www.africa-press.net\/djibouti\/dossiers\/ces-coups-detats-qui-ont-secoue-le-continent-depuis-trois-ans#primaryimage\",\"url\":\"https:\/\/static.africa-press.net\/djibouti\/sites\/52\/2023\/09\/sm_1693548701.840581.jpg\",\"contentUrl\":\"https:\/\/static.africa-press.net\/djibouti\/sites\/52\/2023\/09\/sm_1693548701.840581.jpg\",\"width\":980,\"height\":551,\"caption\":\"ces coups d'\u00c9tats qui ont secou\u00e9 le continent depuis trois ans\"},{\"@type\":\"BreadcrumbList\",\"@id\":\"https:\/\/www.africa-press.net\/djibouti\/dossiers\/ces-coups-detats-qui-ont-secoue-le-continent-depuis-trois-ans#breadcrumb\",\"itemListElement\":[{\"@type\":\"ListItem\",\"position\":1,\"name\":\"Accueil\",\"item\":\"https:\/\/www.africa-press.net\/djibouti\/\"},{\"@type\":\"ListItem\",\"position\":2,\"name\":\"ces coups d&#8217;\u00c9tats qui ont secou\u00e9 le continent depuis trois ans\"}]},{\"@type\":\"WebSite\",\"@id\":\"https:\/\/www.africa-press.net\/djibouti\/#website\",\"url\":\"https:\/\/www.africa-press.net\/djibouti\/\",\"name\":\"Djibouti\",\"description\":\"Just another Africa News Agency Sites site\",\"potentialAction\":[{\"@type\":\"SearchAction\",\"target\":{\"@type\":\"EntryPoint\",\"urlTemplate\":\"https:\/\/www.africa-press.net\/djibouti\/?s={search_term_string}\"},\"query-input\":{\"@type\":\"PropertyValueSpecification\",\"valueRequired\":true,\"valueName\":\"search_term_string\"}}],\"inLanguage\":\"fr-FR\"},{\"@type\":\"Person\",\"@id\":\"https:\/\/www.africa-press.net\/djibouti\/#\/schema\/person\/2b1cf3cd81a31e3cd26889ca66d677f1\",\"name\":\"cfeditorfr\"}]}<\/script>\n<!-- \/ Yoast SEO Premium plugin. -->","yoast_head_json":{"title":"ces coups d'\u00c9tats qui ont secou\u00e9 le continent depuis trois ans - Djibouti","description":"Alors qu'un groupe de militaires a annonce\u0301 ce 30 aou\u0302t 2023 l'annulation des re\u0301sultats de l'e\u0301lection pre\u0301sidentielle ...","robots":{"index":"index","follow":"follow","max-snippet":"max-snippet:-1","max-image-preview":"max-image-preview:large","max-video-preview":"max-video-preview:-1"},"canonical":"https:\/\/www.africa-press.net\/djibouti\/dossiers\/ces-coups-detats-qui-ont-secoue-le-continent-depuis-trois-ans","og_locale":"fr_FR","og_type":"article","og_title":"ces coups d'\u00c9tats qui ont secou\u00e9 le continent depuis trois ans","og_description":"Alors qu'un groupe de militaires a annonce\u0301 ce 30 aou\u0302t 2023 l'annulation des re\u0301sultats de l'e\u0301lection pre\u0301sidentielle ...","og_url":"https:\/\/www.africa-press.net\/djibouti\/dossiers\/ces-coups-detats-qui-ont-secoue-le-continent-depuis-trois-ans","og_site_name":"Djibouti","article_published_time":"2023-09-01T08:39:56+00:00","article_modified_time":"2023-09-01T09:43:14+00:00","og_image":[{"width":980,"height":551,"url":"https:\/\/static.africa-press.net\/djibouti\/sites\/52\/2023\/09\/sm_1693548701.840581.jpg","type":"image\/jpeg"}],"author":"cfeditorfr","twitter_card":"summary_large_image","twitter_misc":{"\u00c9crit par":"cfeditorfr","Dur\u00e9e de lecture estim\u00e9e":"8 minutes"},"schema":{"@context":"https:\/\/schema.org","@graph":[{"@type":"Article","@id":"https:\/\/www.africa-press.net\/djibouti\/dossiers\/ces-coups-detats-qui-ont-secoue-le-continent-depuis-trois-ans#article","isPartOf":{"@id":"https:\/\/www.africa-press.net\/djibouti\/dossiers\/ces-coups-detats-qui-ont-secoue-le-continent-depuis-trois-ans"},"author":{"name":"cfeditorfr","@id":"https:\/\/www.africa-press.net\/djibouti\/#\/schema\/person\/2b1cf3cd81a31e3cd26889ca66d677f1"},"headline":"ces coups d&rsquo;\u00c9tats qui ont secou\u00e9 le continent depuis trois ans","datePublished":"2023-09-01T08:39:56+00:00","dateModified":"2023-09-01T09:43:14+00:00","mainEntityOfPage":{"@id":"https:\/\/www.africa-press.net\/djibouti\/dossiers\/ces-coups-detats-qui-ont-secoue-le-continent-depuis-trois-ans"},"wordCount":1691,"commentCount":0,"image":{"@id":"https:\/\/www.africa-press.net\/djibouti\/dossiers\/ces-coups-detats-qui-ont-secoue-le-continent-depuis-trois-ans#primaryimage"},"thumbnailUrl":"https:\/\/static.africa-press.net\/djibouti\/sites\/52\/2023\/09\/sm_1693548701.840581.jpg","keywords":["Africa Press","Africa Press-Djibouti","Djibouti"],"articleSection":["Dossiers","Toutes les actualit\u00e9s"],"inLanguage":"fr-FR","potentialAction":[{"@type":"CommentAction","name":"Comment","target":["https:\/\/www.africa-press.net\/djibouti\/dossiers\/ces-coups-detats-qui-ont-secoue-le-continent-depuis-trois-ans#respond"]}]},{"@type":"WebPage","@id":"https:\/\/www.africa-press.net\/djibouti\/dossiers\/ces-coups-detats-qui-ont-secoue-le-continent-depuis-trois-ans","url":"https:\/\/www.africa-press.net\/djibouti\/dossiers\/ces-coups-detats-qui-ont-secoue-le-continent-depuis-trois-ans","name":"ces coups d'\u00c9tats qui ont secou\u00e9 le continent depuis trois ans - Djibouti","isPartOf":{"@id":"https:\/\/www.africa-press.net\/djibouti\/#website"},"primaryImageOfPage":{"@id":"https:\/\/www.africa-press.net\/djibouti\/dossiers\/ces-coups-detats-qui-ont-secoue-le-continent-depuis-trois-ans#primaryimage"},"image":{"@id":"https:\/\/www.africa-press.net\/djibouti\/dossiers\/ces-coups-detats-qui-ont-secoue-le-continent-depuis-trois-ans#primaryimage"},"thumbnailUrl":"https:\/\/static.africa-press.net\/djibouti\/sites\/52\/2023\/09\/sm_1693548701.840581.jpg","datePublished":"2023-09-01T08:39:56+00:00","dateModified":"2023-09-01T09:43:14+00:00","author":{"@id":"https:\/\/www.africa-press.net\/djibouti\/#\/schema\/person\/2b1cf3cd81a31e3cd26889ca66d677f1"},"description":"Alors qu'un groupe de militaires a annonce\u0301 ce 30 aou\u0302t 2023 l'annulation des re\u0301sultats de l'e\u0301lection pre\u0301sidentielle ...","breadcrumb":{"@id":"https:\/\/www.africa-press.net\/djibouti\/dossiers\/ces-coups-detats-qui-ont-secoue-le-continent-depuis-trois-ans#breadcrumb"},"inLanguage":"fr-FR","potentialAction":[{"@type":"ReadAction","target":["https:\/\/www.africa-press.net\/djibouti\/dossiers\/ces-coups-detats-qui-ont-secoue-le-continent-depuis-trois-ans"]}]},{"@type":"ImageObject","inLanguage":"fr-FR","@id":"https:\/\/www.africa-press.net\/djibouti\/dossiers\/ces-coups-detats-qui-ont-secoue-le-continent-depuis-trois-ans#primaryimage","url":"https:\/\/static.africa-press.net\/djibouti\/sites\/52\/2023\/09\/sm_1693548701.840581.jpg","contentUrl":"https:\/\/static.africa-press.net\/djibouti\/sites\/52\/2023\/09\/sm_1693548701.840581.jpg","width":980,"height":551,"caption":"ces coups d'\u00c9tats qui ont secou\u00e9 le continent depuis trois ans"},{"@type":"BreadcrumbList","@id":"https:\/\/www.africa-press.net\/djibouti\/dossiers\/ces-coups-detats-qui-ont-secoue-le-continent-depuis-trois-ans#breadcrumb","itemListElement":[{"@type":"ListItem","position":1,"name":"Accueil","item":"https:\/\/www.africa-press.net\/djibouti\/"},{"@type":"ListItem","position":2,"name":"ces coups d&#8217;\u00c9tats qui ont secou\u00e9 le continent depuis trois ans"}]},{"@type":"WebSite","@id":"https:\/\/www.africa-press.net\/djibouti\/#website","url":"https:\/\/www.africa-press.net\/djibouti\/","name":"Djibouti","description":"Just another Africa News Agency Sites site","potentialAction":[{"@type":"SearchAction","target":{"@type":"EntryPoint","urlTemplate":"https:\/\/www.africa-press.net\/djibouti\/?s={search_term_string}"},"query-input":{"@type":"PropertyValueSpecification","valueRequired":true,"valueName":"search_term_string"}}],"inLanguage":"fr-FR"},{"@type":"Person","@id":"https:\/\/www.africa-press.net\/djibouti\/#\/schema\/person\/2b1cf3cd81a31e3cd26889ca66d677f1","name":"cfeditorfr"}]}},"_links":{"self":[{"href":"https:\/\/www.africa-press.net\/djibouti\/wp-json\/wp\/v2\/posts\/17238","targetHints":{"allow":["GET"]}}],"collection":[{"href":"https:\/\/www.africa-press.net\/djibouti\/wp-json\/wp\/v2\/posts"}],"about":[{"href":"https:\/\/www.africa-press.net\/djibouti\/wp-json\/wp\/v2\/types\/post"}],"author":[{"embeddable":true,"href":"https:\/\/www.africa-press.net\/djibouti\/wp-json\/wp\/v2\/users\/82"}],"replies":[{"embeddable":true,"href":"https:\/\/www.africa-press.net\/djibouti\/wp-json\/wp\/v2\/comments?post=17238"}],"version-history":[{"count":0,"href":"https:\/\/www.africa-press.net\/djibouti\/wp-json\/wp\/v2\/posts\/17238\/revisions"}],"wp:featuredmedia":[{"embeddable":true,"href":"https:\/\/www.africa-press.net\/djibouti\/wp-json\/wp\/v2\/media\/17237"}],"wp:attachment":[{"href":"https:\/\/www.africa-press.net\/djibouti\/wp-json\/wp\/v2\/media?parent=17238"}],"wp:term":[{"taxonomy":"category","embeddable":true,"href":"https:\/\/www.africa-press.net\/djibouti\/wp-json\/wp\/v2\/categories?post=17238"},{"taxonomy":"post_tag","embeddable":true,"href":"https:\/\/www.africa-press.net\/djibouti\/wp-json\/wp\/v2\/tags?post=17238"}],"curies":[{"name":"wp","href":"https:\/\/api.w.org\/{rel}","templated":true}]}}