{"id":17248,"date":"2023-09-01T09:00:17","date_gmt":"2023-09-01T09:00:17","guid":{"rendered":"https:\/\/www.africa-press.net\/djibouti\/politique\/lafrique-moteur-de-la-lutte-contre-le-changement-climatique-par-svenja-schulze"},"modified":"2023-09-01T10:23:21","modified_gmt":"2023-09-01T10:23:21","slug":"lafrique-moteur-de-la-lutte-contre-le-changement-climatique-par-svenja-schulze","status":"publish","type":"post","link":"https:\/\/www.africa-press.net\/djibouti\/economie\/lafrique-moteur-de-la-lutte-contre-le-changement-climatique-par-svenja-schulze","title":{"rendered":"L\u2019Afrique, moteur de la lutte contre le changement climatique, par Svenja Schulze"},"content":{"rendered":"<p><b>Svenja Schulze<\/b><\/p>\n<p><span style=\"color: #ff6600\"><strong>Africa-Press &#8211; Djibouti. <\/strong><\/span>Le premier Sommet africain sur le climat s\u2019ouvre le 4 septembre a\u0300 Nairobi. Pour la ministre allemande de la Coope\u0301ration e\u0301conomique et du De\u0301veloppement, qui formule des propositions concre\u0300tes au nom de son pays, cet e\u0301ve\u0301nement de\u0301montrera que l\u2019Afrique peut jouer un ro\u0302le majeur dans la re\u0301solution de cette crise plane\u0301taire.<\/p>\n<p>Les pays africains font partie inte\u0301grante de la solution a\u0300 la crise climatique mondiale. Le premier Sommet africain sur le climat, qui s\u2019ouvre a\u0300 Nairobi ce 4 septembre, montre a\u0300 la communaute\u0301 internationale la voie a\u0300 suivre pour que notre plane\u0300te ait un avenir.<\/p>\n<p>Les 10% des personnes les plus fortune\u0301es du monde sont a\u0300 l\u2019origine de pre\u0300s de la moitie\u0301 des e\u0301missions de gaz a\u0300 effet de serre. Dans les pays de\u0301veloppe\u0301s, en particulier, la lutte contre le re\u0301chauffement climatique ne progresse que tre\u0300s laborieusement. Il semble donc le\u0301gitime de se demander, a\u0300 l\u2019instar des militants de la cause climatique, tels qu\u2019Elizabeth Wathuti, si les populations des pays industrialise\u0301s ont re\u0301ellement pris conscience de la gravite\u0301 de la situation. Pour un grand nombre d\u2019Africains, cette question ne se pose pas : ils sont directement frappe\u0301s, a\u0300 commencer par les plus pauvres d\u2019entre eux.<\/p>\n<p><b>Transition juste<\/b><\/p>\n<p>L\u2019ensemble des E\u0301tats africains est a\u0300 l\u2019origine de seulement 6% du total des e\u0301missions de CO2. Pourtant, sur le continent, les conse\u0301quences du changement climatique sont particulie\u0300rement dramatiques. C\u2019est pourquoi il est devenu crucial d\u2019aider les pays africains a\u0300 s\u2019adapter a\u0300 ce bouleversement. A\u0300 l\u2019occasion du premier Sommet africain sur le climat, a\u0300 Nairobi, les enjeux seront tre\u0300s e\u0301leve\u0301s : il sera question du ro\u0302le moteur que l\u2019Afrique doit jouer pour faire basculer le monde vers la neutralite\u0301 climatique.<\/p>\n<p>Le de\u0301fi : subvenir aux besoins e\u0301nerge\u0301tiques de populations en pleine croissance de\u0301mographique<\/p>\n<p>Le programme ambitieux de ce Sommet montre que la plupart des pays africains sont confronte\u0301s a\u0300 un gigantesque de\u0301fi : subvenir aux besoins e\u0301nerge\u0301tiques de leurs populations en pleine expansion de\u0301mographique. Simultane\u0301ment, il leur faut proce\u0301der a\u0300 la de\u0301carbonation de leur e\u0301conomie et s\u2019adapter aux conse\u0301quences du changement climatique.<\/p>\n<p>La transition vers la neutralite\u0301 climatique repre\u0301sente toutefois un potentiel conside\u0301rable pour un grand nombre d\u2019E\u0301tats africains. En cre\u0301ant des activite\u0301s e\u0301conomiques durables et des e\u0301nergies renouvelables, ils peuvent e\u0301galement cre\u0301er de vrais emplois, stimuler leur e\u0301conomie et donner a\u0300 cette dernie\u0300re une orientation e\u0301cologique et sociale. Ainsi, ils peuvent progresser vers une transition mondiale juste. Comme l\u2019indique Joseph Ng\u2019ang\u2019a, directeur ge\u0301ne\u0301ral du Sommet africain sur le climat : \u00ab L\u2019Afrique dispose des ressources, et le monde dispose des moyens financiers et des technologies. \u00bb<\/p>\n<p>Pour William Ruto, pre\u0301sident du Kenya et ho\u0302te de ce sommet, l\u2019Afrique peut contribuer a\u0300 la re\u0301solution de la crise climatique gra\u0302ce a\u0300 ses e\u0301nergies renouvelables, a\u0300 ses mine\u0301raux et minerais, et a\u0300 son potentiel agricole. L\u2019Allemagne, l\u2019Europe, la communaute\u0301 internationale devraient soutenir cet effort. Ceci suppose que les pays industrialise\u0301s tiennent la promesse qu\u2019ils ont faite aux pays du Sud : que 100 milliards de dollars soient consacre\u0301s chaque anne\u0301e au financement international de la lutte contre le re\u0301chauffement climatique.<\/p>\n<p><b>Convertir les dettes en actions en faveur du climat<\/b><\/p>\n<p>En 2022, 6,3 milliards d\u2019euros de fonds budge\u0301taires allemands ont e\u0301te\u0301 alloue\u0301s a\u0300 ce financement. L\u2019Allemagne est sur la bonne voie et paie sa part. Mais tout ne se re\u0301sume pas a\u0300 de l\u2019arithme\u0301tique. L\u2019architecture financie\u0300re internationale doit e\u0302tre transforme\u0301e, et c\u2019est a\u0300 juste titre que le Sommet africain sur le climat a place\u0301 ce the\u0300me en te\u0302te de son ordre du jour.<\/p>\n<p>Pour cette raison, je souhaite contribuer aux de\u0301bats de ce sommet en avanc\u0327ant trois propositions concre\u0300tes :<\/p>\n<p>1) \u00ab A better and bigger bank \u00bb : faire de la Banque mondiale (BM) une ve\u0301ritable banque de transformation<\/p>\n<p>Je pre\u0301conise une profonde re\u0301forme de la Banque mondiale, afin que davantage de capitaux soient affecte\u0301s a\u0300 des investissements d\u2019importance strate\u0301gique mondiale, tels que la crise climatique. A\u0300 cet effet, la BM doit re\u0301orienter son mode\u0300le commercial, fonde\u0301 sur les pays, et le faire tendre vers une meilleure protection du climat, de la sante\u0301 publique et d\u2019autres biens publics, au-dela\u0300 des frontie\u0300res. Tout le monde en be\u0301ne\u0301ficiera ! Cela signifie e\u0301galement de ne pas opposer la protection du climat, d\u2019un co\u0302te\u0301, a\u0300 la lutte contre la pauvrete\u0301, de l\u2019autre. Au contraire, en tant que banque de transformation, la BM doit contribuer a\u0300 ame\u0301liorer l\u2019e\u0301quite\u0301 sociale entre les entreprises et entre les e\u0301conomies nationales, et a\u0300 les rendre toutes plus e\u0301cologiques. Par exemple, en cre\u0301ant des emplois dans des secteurs climatiquement neutres, gra\u0302ce a\u0300 ses investissements.<\/p>\n<p>2) Conversions des dettes : reconnai\u0302tre la valeur du climat<\/p>\n<p>La question du climat soule\u0300ve, aussi, celle de l\u2019endettement puisqu\u2019il se re\u0301ve\u0300le encore trop souvent exact, he\u0301las, que les dettes \u00ab de\u0301truisent \u00bb le climat. Nombre de pays africains se retrouvent face a\u0300 ce dilemme : comment investir dans la protection du climat et dans la gestion e\u0301cologique de l\u2019e\u0301conomie quand on est endette\u0301.<\/p>\n<p>Voici pourquoi je milite en faveur des \u00ab e\u0301changes dette contre actions en faveur du climat \u00bb (debt-for-climate swaps) ou des \u00ab e\u0301changes dette-nature \u00bb (debt-for-nature swaps). L\u2019ide\u0301e consiste a\u0300 ce qu\u2019un pays endette\u0301, mais pas encore surendette\u0301, puisse convertir une partie de sa dette en investissements d\u2019un montant e\u0301quivalent destine\u0301s a\u0300 la transformation sociale et e\u0301cologique. Ce syste\u0300me be\u0301ne\u0301ficie a\u0300 la fois au pays endette\u0301 et a\u0300 la communaute\u0301 internationale.<\/p>\n<p>3) Financer la protection du climat gra\u0302ce a\u0300 des impo\u0302ts mondialement justes<\/p>\n<p>Les impo\u0302ts sont le moyen le plus simple et le plus efficace de redistribuer les richesses dans l\u2019inte\u0301re\u0302t de tous. Le cou\u0302t de la protection du climat fait partie de ce type de de\u0301penses. Pour cette raison, chacun devrait y apporter une contribution approprie\u0301e. Ceci suppose de taxer davantage les riches et, aussi, de veiller a\u0300 ce que les multinationales paient leurs impo\u0302ts dans les pays ou\u0300 elles exercent leurs activite\u0301s.<\/p>\n<p><b>Multinationales non taxe\u0301es<\/b><\/p>\n<p>Or, dans un grand nombre d\u2019E\u0301tats, notamment du Sud, les multinationales ne paient gue\u0300re d\u2019impo\u0302ts alors qu\u2019elles be\u0301ne\u0301ficient des infrastructures publiques, des ressources et de la main d\u2019\u0153uvre ne\u0301cessaires a\u0300 leurs activite\u0301s. Pour cette raison, je plaide en faveur de l\u2019organisation de ne\u0301gociations fiscales internationales, auxquelles participeraient les pays du Sud, sur pied d\u2019e\u0301galite\u0301 avec le Nord. J\u2019entends souvent les repre\u0301sentants de la socie\u0301te\u0301 civile dire que \u00ab lorsqu\u2019on n\u2019est pas a\u0300 table, on est au menu \u00bb. Si les re\u0301gimes fiscaux e\u0301taient harmonise\u0301s et e\u0301quitables, nombreux seraient les pays africains capables d\u2019accroi\u0302tre eux aussi leurs recettes fiscales et, de ce fait, d\u2019abonder des fonds de\u0301volus a\u0300 la protection du climat.<\/p>\n<p><b>Source d\u2019inspiration pour la COP28<\/b><\/p>\n<p>Dans ces re\u0301flexions portant sur le financement de la lutte contre le re\u0301chauffement climatique, je vois un simple de\u0301but. Lors du Sommet africain sur le climat, a\u0300 Nairobi, les repre\u0301sentants allemands auront pour mission essentielle d\u2019e\u0302tre a\u0300 l\u2019e\u0301coute et de retenir ce qui aura e\u0301te\u0301 dit, comme incitation et source d\u2019inspiration pour notre propre travail et pour celui des organisations internationales. A\u0300 la COP28, qui aura lieu en de\u0301cembre a\u0300 Dubai\u0308, le point de vue de l\u2019Afrique comptera vraiment.<\/p>\n<p><b>Source: JeuneAfrique<\/b><\/p>\n<p><strong>Pour plus d&rsquo;informations et d&rsquo;analyses sur la <a href=\"https:\/\/www.africa-press.net\/djibouti\">Djibouti<\/a>, suivez <a href=\"https:\/\/www.africa-press.net\/\">Africa-Press<\/a><\/strong><\/p>\n","protected":false},"excerpt":{"rendered":"<p>Svenja Schulze Africa-Press &#8211; Djibouti. Le premier Sommet africain sur le climat s\u2019ouvre le 4 septembre a\u0300 Nairobi. Pour la ministre allemande de la Coope\u0301ration e\u0301conomique et du De\u0301veloppement, qui formule des propositions concre\u0300tes au nom de son pays, cet e\u0301ve\u0301nement de\u0301montrera que l\u2019Afrique peut jouer un ro\u0302le majeur dans la re\u0301solution de cette crise [&hellip;]<\/p>\n","protected":false},"author":82,"featured_media":17247,"comment_status":"open","ping_status":"closed","sticky":false,"template":"","format":"standard","meta":{"footnotes":""},"categories":[3,10],"tags":[36,49,50],"class_list":["post-17248","post","type-post","status-publish","format-standard","has-post-thumbnail","hentry","category-economie","category-toutes-les-actualites","tag-africa-press","tag-africa-press-djibouti","tag-djibouti"],"yoast_head":"<!-- This site is optimized with the Yoast SEO Premium plugin v26.1 (Yoast SEO v27.0) - https:\/\/yoast.com\/product\/yoast-seo-premium-wordpress\/ -->\n<title>L\u2019Afrique, moteur de la lutte contre le changement climatique, par Svenja Schulze - Djibouti<\/title>\n<meta name=\"description\" content=\"Le premier Sommet africain sur le climat s\u2019ouvre le 4 septembre a\u0300 Nairobi. Pour la ministre allemande de la Coope\u0301ratio ...\" \/>\n<meta name=\"robots\" content=\"index, follow, max-snippet:-1, max-image-preview:large, max-video-preview:-1\" \/>\n<link rel=\"canonical\" href=\"https:\/\/www.africa-press.net\/djibouti\/economie\/lafrique-moteur-de-la-lutte-contre-le-changement-climatique-par-svenja-schulze\" \/>\n<meta property=\"og:locale\" content=\"fr_FR\" \/>\n<meta property=\"og:type\" content=\"article\" \/>\n<meta property=\"og:title\" content=\"L\u2019Afrique, moteur de la lutte contre le changement climatique, par Svenja Schulze\" \/>\n<meta property=\"og:description\" content=\"Le premier Sommet africain sur le climat s\u2019ouvre le 4 septembre a\u0300 Nairobi. Pour la ministre allemande de la Coope\u0301ratio ...\" \/>\n<meta property=\"og:url\" content=\"https:\/\/www.africa-press.net\/djibouti\/economie\/lafrique-moteur-de-la-lutte-contre-le-changement-climatique-par-svenja-schulze\" \/>\n<meta property=\"og:site_name\" content=\"Djibouti\" \/>\n<meta property=\"article:published_time\" content=\"2023-09-01T09:00:17+00:00\" \/>\n<meta property=\"article:modified_time\" content=\"2023-09-01T10:23:21+00:00\" \/>\n<meta property=\"og:image\" content=\"https:\/\/static.africa-press.net\/djibouti\/sites\/52\/2023\/09\/sm_1693551074.155512.jpg\" \/>\n\t<meta property=\"og:image:width\" content=\"1256\" \/>\n\t<meta property=\"og:image:height\" content=\"628\" \/>\n\t<meta property=\"og:image:type\" content=\"image\/jpeg\" \/>\n<meta name=\"author\" content=\"cfeditorfr\" \/>\n<meta name=\"twitter:card\" content=\"summary_large_image\" \/>\n<meta name=\"twitter:label1\" content=\"\u00c9crit par\" \/>\n\t<meta name=\"twitter:data1\" content=\"cfeditorfr\" \/>\n\t<meta name=\"twitter:label2\" content=\"Dur\u00e9e de lecture estim\u00e9e\" \/>\n\t<meta name=\"twitter:data2\" content=\"6 minutes\" \/>\n<script type=\"application\/ld+json\" class=\"yoast-schema-graph\">{\"@context\":\"https:\/\/schema.org\",\"@graph\":[{\"@type\":\"Article\",\"@id\":\"https:\/\/www.africa-press.net\/djibouti\/economie\/lafrique-moteur-de-la-lutte-contre-le-changement-climatique-par-svenja-schulze#article\",\"isPartOf\":{\"@id\":\"https:\/\/www.africa-press.net\/djibouti\/economie\/lafrique-moteur-de-la-lutte-contre-le-changement-climatique-par-svenja-schulze\"},\"author\":{\"name\":\"cfeditorfr\",\"@id\":\"https:\/\/www.africa-press.net\/djibouti\/#\/schema\/person\/2b1cf3cd81a31e3cd26889ca66d677f1\"},\"headline\":\"L\u2019Afrique, moteur de la lutte contre le changement climatique, par Svenja Schulze\",\"datePublished\":\"2023-09-01T09:00:17+00:00\",\"dateModified\":\"2023-09-01T10:23:21+00:00\",\"mainEntityOfPage\":{\"@id\":\"https:\/\/www.africa-press.net\/djibouti\/economie\/lafrique-moteur-de-la-lutte-contre-le-changement-climatique-par-svenja-schulze\"},\"wordCount\":1374,\"commentCount\":0,\"image\":{\"@id\":\"https:\/\/www.africa-press.net\/djibouti\/economie\/lafrique-moteur-de-la-lutte-contre-le-changement-climatique-par-svenja-schulze#primaryimage\"},\"thumbnailUrl\":\"https:\/\/static.africa-press.net\/djibouti\/sites\/52\/2023\/09\/sm_1693551074.155512.jpg\",\"keywords\":[\"Africa Press\",\"Africa Press-Djibouti\",\"Djibouti\"],\"articleSection\":[\"\u00c9conomie\",\"Toutes les actualit\u00e9s\"],\"inLanguage\":\"fr-FR\",\"potentialAction\":[{\"@type\":\"CommentAction\",\"name\":\"Comment\",\"target\":[\"https:\/\/www.africa-press.net\/djibouti\/economie\/lafrique-moteur-de-la-lutte-contre-le-changement-climatique-par-svenja-schulze#respond\"]}]},{\"@type\":\"WebPage\",\"@id\":\"https:\/\/www.africa-press.net\/djibouti\/economie\/lafrique-moteur-de-la-lutte-contre-le-changement-climatique-par-svenja-schulze\",\"url\":\"https:\/\/www.africa-press.net\/djibouti\/economie\/lafrique-moteur-de-la-lutte-contre-le-changement-climatique-par-svenja-schulze\",\"name\":\"L\u2019Afrique, moteur de la lutte contre le changement climatique, par Svenja Schulze - Djibouti\",\"isPartOf\":{\"@id\":\"https:\/\/www.africa-press.net\/djibouti\/#website\"},\"primaryImageOfPage\":{\"@id\":\"https:\/\/www.africa-press.net\/djibouti\/economie\/lafrique-moteur-de-la-lutte-contre-le-changement-climatique-par-svenja-schulze#primaryimage\"},\"image\":{\"@id\":\"https:\/\/www.africa-press.net\/djibouti\/economie\/lafrique-moteur-de-la-lutte-contre-le-changement-climatique-par-svenja-schulze#primaryimage\"},\"thumbnailUrl\":\"https:\/\/static.africa-press.net\/djibouti\/sites\/52\/2023\/09\/sm_1693551074.155512.jpg\",\"datePublished\":\"2023-09-01T09:00:17+00:00\",\"dateModified\":\"2023-09-01T10:23:21+00:00\",\"author\":{\"@id\":\"https:\/\/www.africa-press.net\/djibouti\/#\/schema\/person\/2b1cf3cd81a31e3cd26889ca66d677f1\"},\"description\":\"Le premier Sommet africain sur le climat s\u2019ouvre le 4 septembre a\u0300 Nairobi. Pour la ministre allemande de la Coope\u0301ratio ...\",\"breadcrumb\":{\"@id\":\"https:\/\/www.africa-press.net\/djibouti\/economie\/lafrique-moteur-de-la-lutte-contre-le-changement-climatique-par-svenja-schulze#breadcrumb\"},\"inLanguage\":\"fr-FR\",\"potentialAction\":[{\"@type\":\"ReadAction\",\"target\":[\"https:\/\/www.africa-press.net\/djibouti\/economie\/lafrique-moteur-de-la-lutte-contre-le-changement-climatique-par-svenja-schulze\"]}]},{\"@type\":\"ImageObject\",\"inLanguage\":\"fr-FR\",\"@id\":\"https:\/\/www.africa-press.net\/djibouti\/economie\/lafrique-moteur-de-la-lutte-contre-le-changement-climatique-par-svenja-schulze#primaryimage\",\"url\":\"https:\/\/static.africa-press.net\/djibouti\/sites\/52\/2023\/09\/sm_1693551074.155512.jpg\",\"contentUrl\":\"https:\/\/static.africa-press.net\/djibouti\/sites\/52\/2023\/09\/sm_1693551074.155512.jpg\",\"width\":1256,\"height\":628,\"caption\":\"L\u2019Afrique, moteur de la lutte contre le changement climatique, par Svenja Schulze\"},{\"@type\":\"BreadcrumbList\",\"@id\":\"https:\/\/www.africa-press.net\/djibouti\/economie\/lafrique-moteur-de-la-lutte-contre-le-changement-climatique-par-svenja-schulze#breadcrumb\",\"itemListElement\":[{\"@type\":\"ListItem\",\"position\":1,\"name\":\"Accueil\",\"item\":\"https:\/\/www.africa-press.net\/djibouti\/\"},{\"@type\":\"ListItem\",\"position\":2,\"name\":\"L\u2019Afrique, moteur de la lutte contre le changement climatique, par Svenja Schulze\"}]},{\"@type\":\"WebSite\",\"@id\":\"https:\/\/www.africa-press.net\/djibouti\/#website\",\"url\":\"https:\/\/www.africa-press.net\/djibouti\/\",\"name\":\"Djibouti\",\"description\":\"Just another Africa News Agency Sites site\",\"potentialAction\":[{\"@type\":\"SearchAction\",\"target\":{\"@type\":\"EntryPoint\",\"urlTemplate\":\"https:\/\/www.africa-press.net\/djibouti\/?s={search_term_string}\"},\"query-input\":{\"@type\":\"PropertyValueSpecification\",\"valueRequired\":true,\"valueName\":\"search_term_string\"}}],\"inLanguage\":\"fr-FR\"},{\"@type\":\"Person\",\"@id\":\"https:\/\/www.africa-press.net\/djibouti\/#\/schema\/person\/2b1cf3cd81a31e3cd26889ca66d677f1\",\"name\":\"cfeditorfr\"}]}<\/script>\n<!-- \/ Yoast SEO Premium plugin. -->","yoast_head_json":{"title":"L\u2019Afrique, moteur de la lutte contre le changement climatique, par Svenja Schulze - Djibouti","description":"Le premier Sommet africain sur le climat s\u2019ouvre le 4 septembre a\u0300 Nairobi. Pour la ministre allemande de la Coope\u0301ratio ...","robots":{"index":"index","follow":"follow","max-snippet":"max-snippet:-1","max-image-preview":"max-image-preview:large","max-video-preview":"max-video-preview:-1"},"canonical":"https:\/\/www.africa-press.net\/djibouti\/economie\/lafrique-moteur-de-la-lutte-contre-le-changement-climatique-par-svenja-schulze","og_locale":"fr_FR","og_type":"article","og_title":"L\u2019Afrique, moteur de la lutte contre le changement climatique, par Svenja Schulze","og_description":"Le premier Sommet africain sur le climat s\u2019ouvre le 4 septembre a\u0300 Nairobi. Pour la ministre allemande de la Coope\u0301ratio ...","og_url":"https:\/\/www.africa-press.net\/djibouti\/economie\/lafrique-moteur-de-la-lutte-contre-le-changement-climatique-par-svenja-schulze","og_site_name":"Djibouti","article_published_time":"2023-09-01T09:00:17+00:00","article_modified_time":"2023-09-01T10:23:21+00:00","og_image":[{"width":1256,"height":628,"url":"https:\/\/static.africa-press.net\/djibouti\/sites\/52\/2023\/09\/sm_1693551074.155512.jpg","type":"image\/jpeg"}],"author":"cfeditorfr","twitter_card":"summary_large_image","twitter_misc":{"\u00c9crit par":"cfeditorfr","Dur\u00e9e de lecture estim\u00e9e":"6 minutes"},"schema":{"@context":"https:\/\/schema.org","@graph":[{"@type":"Article","@id":"https:\/\/www.africa-press.net\/djibouti\/economie\/lafrique-moteur-de-la-lutte-contre-le-changement-climatique-par-svenja-schulze#article","isPartOf":{"@id":"https:\/\/www.africa-press.net\/djibouti\/economie\/lafrique-moteur-de-la-lutte-contre-le-changement-climatique-par-svenja-schulze"},"author":{"name":"cfeditorfr","@id":"https:\/\/www.africa-press.net\/djibouti\/#\/schema\/person\/2b1cf3cd81a31e3cd26889ca66d677f1"},"headline":"L\u2019Afrique, moteur de la lutte contre le changement climatique, par Svenja Schulze","datePublished":"2023-09-01T09:00:17+00:00","dateModified":"2023-09-01T10:23:21+00:00","mainEntityOfPage":{"@id":"https:\/\/www.africa-press.net\/djibouti\/economie\/lafrique-moteur-de-la-lutte-contre-le-changement-climatique-par-svenja-schulze"},"wordCount":1374,"commentCount":0,"image":{"@id":"https:\/\/www.africa-press.net\/djibouti\/economie\/lafrique-moteur-de-la-lutte-contre-le-changement-climatique-par-svenja-schulze#primaryimage"},"thumbnailUrl":"https:\/\/static.africa-press.net\/djibouti\/sites\/52\/2023\/09\/sm_1693551074.155512.jpg","keywords":["Africa Press","Africa Press-Djibouti","Djibouti"],"articleSection":["\u00c9conomie","Toutes les actualit\u00e9s"],"inLanguage":"fr-FR","potentialAction":[{"@type":"CommentAction","name":"Comment","target":["https:\/\/www.africa-press.net\/djibouti\/economie\/lafrique-moteur-de-la-lutte-contre-le-changement-climatique-par-svenja-schulze#respond"]}]},{"@type":"WebPage","@id":"https:\/\/www.africa-press.net\/djibouti\/economie\/lafrique-moteur-de-la-lutte-contre-le-changement-climatique-par-svenja-schulze","url":"https:\/\/www.africa-press.net\/djibouti\/economie\/lafrique-moteur-de-la-lutte-contre-le-changement-climatique-par-svenja-schulze","name":"L\u2019Afrique, moteur de la lutte contre le changement climatique, par Svenja Schulze - Djibouti","isPartOf":{"@id":"https:\/\/www.africa-press.net\/djibouti\/#website"},"primaryImageOfPage":{"@id":"https:\/\/www.africa-press.net\/djibouti\/economie\/lafrique-moteur-de-la-lutte-contre-le-changement-climatique-par-svenja-schulze#primaryimage"},"image":{"@id":"https:\/\/www.africa-press.net\/djibouti\/economie\/lafrique-moteur-de-la-lutte-contre-le-changement-climatique-par-svenja-schulze#primaryimage"},"thumbnailUrl":"https:\/\/static.africa-press.net\/djibouti\/sites\/52\/2023\/09\/sm_1693551074.155512.jpg","datePublished":"2023-09-01T09:00:17+00:00","dateModified":"2023-09-01T10:23:21+00:00","author":{"@id":"https:\/\/www.africa-press.net\/djibouti\/#\/schema\/person\/2b1cf3cd81a31e3cd26889ca66d677f1"},"description":"Le premier Sommet africain sur le climat s\u2019ouvre le 4 septembre a\u0300 Nairobi. Pour la ministre allemande de la Coope\u0301ratio ...","breadcrumb":{"@id":"https:\/\/www.africa-press.net\/djibouti\/economie\/lafrique-moteur-de-la-lutte-contre-le-changement-climatique-par-svenja-schulze#breadcrumb"},"inLanguage":"fr-FR","potentialAction":[{"@type":"ReadAction","target":["https:\/\/www.africa-press.net\/djibouti\/economie\/lafrique-moteur-de-la-lutte-contre-le-changement-climatique-par-svenja-schulze"]}]},{"@type":"ImageObject","inLanguage":"fr-FR","@id":"https:\/\/www.africa-press.net\/djibouti\/economie\/lafrique-moteur-de-la-lutte-contre-le-changement-climatique-par-svenja-schulze#primaryimage","url":"https:\/\/static.africa-press.net\/djibouti\/sites\/52\/2023\/09\/sm_1693551074.155512.jpg","contentUrl":"https:\/\/static.africa-press.net\/djibouti\/sites\/52\/2023\/09\/sm_1693551074.155512.jpg","width":1256,"height":628,"caption":"L\u2019Afrique, moteur de la lutte contre le changement climatique, par Svenja Schulze"},{"@type":"BreadcrumbList","@id":"https:\/\/www.africa-press.net\/djibouti\/economie\/lafrique-moteur-de-la-lutte-contre-le-changement-climatique-par-svenja-schulze#breadcrumb","itemListElement":[{"@type":"ListItem","position":1,"name":"Accueil","item":"https:\/\/www.africa-press.net\/djibouti\/"},{"@type":"ListItem","position":2,"name":"L\u2019Afrique, moteur de la lutte contre le changement climatique, par Svenja Schulze"}]},{"@type":"WebSite","@id":"https:\/\/www.africa-press.net\/djibouti\/#website","url":"https:\/\/www.africa-press.net\/djibouti\/","name":"Djibouti","description":"Just another Africa News Agency Sites site","potentialAction":[{"@type":"SearchAction","target":{"@type":"EntryPoint","urlTemplate":"https:\/\/www.africa-press.net\/djibouti\/?s={search_term_string}"},"query-input":{"@type":"PropertyValueSpecification","valueRequired":true,"valueName":"search_term_string"}}],"inLanguage":"fr-FR"},{"@type":"Person","@id":"https:\/\/www.africa-press.net\/djibouti\/#\/schema\/person\/2b1cf3cd81a31e3cd26889ca66d677f1","name":"cfeditorfr"}]}},"_links":{"self":[{"href":"https:\/\/www.africa-press.net\/djibouti\/wp-json\/wp\/v2\/posts\/17248","targetHints":{"allow":["GET"]}}],"collection":[{"href":"https:\/\/www.africa-press.net\/djibouti\/wp-json\/wp\/v2\/posts"}],"about":[{"href":"https:\/\/www.africa-press.net\/djibouti\/wp-json\/wp\/v2\/types\/post"}],"author":[{"embeddable":true,"href":"https:\/\/www.africa-press.net\/djibouti\/wp-json\/wp\/v2\/users\/82"}],"replies":[{"embeddable":true,"href":"https:\/\/www.africa-press.net\/djibouti\/wp-json\/wp\/v2\/comments?post=17248"}],"version-history":[{"count":0,"href":"https:\/\/www.africa-press.net\/djibouti\/wp-json\/wp\/v2\/posts\/17248\/revisions"}],"wp:featuredmedia":[{"embeddable":true,"href":"https:\/\/www.africa-press.net\/djibouti\/wp-json\/wp\/v2\/media\/17247"}],"wp:attachment":[{"href":"https:\/\/www.africa-press.net\/djibouti\/wp-json\/wp\/v2\/media?parent=17248"}],"wp:term":[{"taxonomy":"category","embeddable":true,"href":"https:\/\/www.africa-press.net\/djibouti\/wp-json\/wp\/v2\/categories?post=17248"},{"taxonomy":"post_tag","embeddable":true,"href":"https:\/\/www.africa-press.net\/djibouti\/wp-json\/wp\/v2\/tags?post=17248"}],"curies":[{"name":"wp","href":"https:\/\/api.w.org\/{rel}","templated":true}]}}