{"id":17254,"date":"2023-09-01T16:46:05","date_gmt":"2023-09-01T16:46:05","guid":{"rendered":"https:\/\/www.africa-press.net\/djibouti\/politique\/can-2024-rwanda-senegal-le-match-dans-le-match"},"modified":"2023-09-01T17:07:03","modified_gmt":"2023-09-01T17:07:03","slug":"can-2024-rwanda-senegal-le-match-dans-le-match","status":"publish","type":"post","link":"https:\/\/www.africa-press.net\/djibouti\/sports\/can-2024-rwanda-senegal-le-match-dans-le-match","title":{"rendered":"CAN 2024 : Rwanda-S\u00e9n\u00e9gal, le match dans le match"},"content":{"rendered":"<p><b>Alexis Billebault<\/b><\/p>\n<p><span style=\"color: #ff6600\"><strong>Africa-Press &#8211; Djibouti. <\/strong><\/span>La rencontre entre les deux pays pre\u0301vue le 9 septembre ne pre\u0301sente aucun enjeu sportif, le Se\u0301ne\u0301gal e\u0301tant qualifie\u0301 et le Rwanda e\u0301limine\u0301. Mais elle a de\u0301clenche\u0301 de vives tensions entre les fe\u0301de\u0301rations.<\/p>\n<p>Un communique\u0301 de la Fe\u0301de\u0301ration se\u0301ne\u0301galaise de football (FSF), publie\u0301 le 29 aou\u0302t dans la soire\u0301e, a mis fin a\u0300 plusieurs jours de crispations avec son homologue rwandaise (Ferwafa). \u00ab La FSF informe qu\u2019apre\u0300s des e\u0301changes avec les autorite\u0301s de la CAF [Confe\u0301de\u0301ration africaine de football] et dans un souci d\u2019apaisement, son e\u0301quipe nationale se de\u0301placera finalement au stade de Huye, au Rwanda. \u00bb<\/p>\n<p>Les supporters rwandais ne verront toutefois pas les stars de la se\u0301lection se\u0301ne\u0301galaise Sadio Mane\u0301, Kalidou Koulibaly, Idrissa Gueye ou encore Ismai\u0308la Sarr, ni me\u0302me Aliou Cisse\u0301, le se\u0301lectionneur des Lions de la Teranga, qui resteront a\u0300 Dakar pour pre\u0301parer le match amical face a\u0300 l\u2019Alge\u0301rie, pre\u0301vu trois jours plus tard, le 12 septembre, au stade Abdoulaye Wade de Diamniadio.<\/p>\n<p>Pour le match a\u0300 Huye ce dernier sera remplace\u0301 par le duo constitue\u0301 de Pape Thiaw et Malick Daf, respectivement en charge des se\u0301lections A\u2019 et des moins de 20 ans. Les deux techniciens dirigeront sans doute une e\u0301quipe n\u2019ayant pas grand-chose a\u0300 voir avec celle qui fut sacre\u0301e championne d\u2019Afrique en 2022 au Cameroun. \u00ab On s\u2019en fiche. L\u2019essentiel, c\u2019est qu\u2019on joue chez nous \u00bb, a re\u0301agi Adolphe Kalisa, le secre\u0301taire ge\u0301ne\u0301ral de la Ferwafa.<\/p>\n<p><b>Un accord de principe&#8230;<\/b><\/p>\n<p>Pour mieux comprendre l\u2019origine du conflit entre les deux fe\u0301de\u0301rations, il faut remonter au 30 mai 2022, quand la FSF avait re\u0301pondu a\u0300 un courrier de Henri Muhire, alors secre\u0301taire ge\u0301ne\u0301ral de la Ferwafa. Celui-ci e\u0301voquait la possibilite\u0301 que le match Rwanda-Se\u0301ne\u0301gal, comptant pour la 2e journe\u0301e des qualifications pour la CAN, se joue sur le territoire se\u0301ne\u0301galais : en effet, aucun stade rwandais n\u2019e\u0301tait alors homologue\u0301 par la CAF.<\/p>\n<p>La Ferwafa demandait e\u0301galement que le match retour (pre\u0301vu au mois de septembre 2023) puisse se disputer au stade Huye, sous re\u0301serve que l\u2019enceinte rec\u0327oive entretemps l\u2019autorisation de la CAF. Dans sa re\u0301ponse, Victor Cisse\u0301, le secre\u0301taire ge\u0301ne\u0301ral de la FSF, acceptait que le Rwanda joue le 7 juin au stade Abdoulaye-Wade de Diamniadio (victoire des Lions de la Teranga 1-0) et avait donne\u0301 son accord de principe pour que le Se\u0301ne\u0301gal se de\u0301place au Rwanda au retour. Informe\u0301e, la CAF n\u2019avait e\u0301mis aucune re\u0301serve, comme peut le confirmer Jeune Afrique qui a eu acce\u0300s aux diffe\u0301rents courriers.<\/p>\n<p><b>&#8230;mais pas d\u2019engagement<\/b><\/p>\n<p>Mais le 22 aou\u0302t dernier, la FSF a e\u0301crit a\u0300 la CAF pour lui signifier que la se\u0301lection se\u0301ne\u0301galaise n\u2019avait pas l\u2019intention de se rendre au Rwanda \u2013 bien que le stade de Huye ait e\u0301te\u0301 homologue\u0301. Dans ce courrier, les dirigeants se\u0301ne\u0301galais avancent plusieurs arguments : d\u2019abord, celui qu\u2019 \u00ab un accord de principe ne vaut pas engagement contractuel \u00bb. Puis que \u00ab la situation a change\u0301 \u00bb depuis les courriers de mai 2022, puisque l\u2019e\u0301quipe du Se\u0301ne\u0301gal est qualifie\u0301e et le Rwanda e\u0301limine\u0301.<\/p>\n<p>La FSF explique qu\u2019elle n\u2019a aucun inte\u0301re\u0302t sportif et financier a\u0300 accueillir le Rwanda en septembre, et que son accord de principe pour jouer a\u0300 Huye sous conditions e\u0301tait motive\u0301 par un esprit de solidarite\u0301 vis-a\u0300-vis d\u2019une fe\u0301de\u0301ration s\u0153ur afin que celle-ci pre\u0301serve ses chances de qualification, ce qui n\u2019est plus le cas aujourd\u2019hui.<\/p>\n<p>La FSF estime e\u0301galement que la CAF a modifie\u0301 le calendrier des e\u0301liminatoires de la CAN et permis aux fe\u0301de\u0301rations qui le souhaitaient d\u2019ajouter un match international lors de cette tre\u0302ve internationale FIFA qui s\u2019e\u0301tirera du 4 au 12 septembre. C\u2019est ce qu\u2019a fait le Se\u0301ne\u0301gal, qui accueillera l\u2019Alge\u0301rie le 12 septembre, a\u0300 Diamniadio. L\u2019instance se\u0301ne\u0301galaise dit s\u2019e\u0301tonner de \u00ab l\u2019intransigeance de la Ferwafa, malgre\u0301 les tentatives de conciliation entre les deux pre\u0301sidents \u00bb [le Se\u0301ne\u0301galais Augustin Senghor, par ailleurs vice-pre\u0301sident de la CAF, et le Rwandais Alphonse Munyantwali].<\/p>\n<p><b>\u00ab Volte-face \u00bb de la FSF<\/b><\/p>\n<p>La position rwandaise e\u0301tait e\u0301videmment diame\u0301tralement oppose\u0301e. La Ferwafa, dans une lettre adresse\u0301e par son nouveau secre\u0301taire ge\u0301ne\u0301ral Adolphe Kalisa a\u0300 la CAF le 26 aou\u0302t, s\u2019e\u0301tonnait de \u00ab la volte-face spectaculaire de la FSF \u00bb par rapport a\u0300 \u00ab l\u2019engagement pris entre les deux associations le 30 mai 2022 conditionne\u0301 a\u0300 l\u2019homologation du stade de Huye, devenue entretemps effective \u00bb.<\/p>\n<p>La Ferwafa rappelle e\u0301galement que lors de son de\u0301placement au Se\u0301ne\u0301gal en juin 2022, elle avait pris a\u0300 sa charge les billets d\u2019avion, l\u2019he\u0301bergement et les frais de transport de sa de\u0301le\u0301gation et ceux des diffe\u0301rents officiels de la CAF. Celle-ci devait trancher le diffe\u0301rend entre les deux instances avant la fin de la semaine. Le communique\u0301 publie\u0301 le 29 aou\u0302t dans la soire\u0301e lui a finalement e\u0301pargne\u0301 une surcharge de travail.<\/p>\n<p><b>Source: JeuneAfrique<\/b><\/p>\n<p><strong>Pour plus d&rsquo;informations et d&rsquo;analyses sur la <a href=\"https:\/\/www.africa-press.net\/djibouti\">Djibouti<\/a>, suivez <a href=\"https:\/\/www.africa-press.net\/\">Africa-Press<\/a><\/strong><\/p>\n","protected":false},"excerpt":{"rendered":"<p>Alexis Billebault Africa-Press &#8211; Djibouti. La rencontre entre les deux pays pre\u0301vue le 9 septembre ne pre\u0301sente aucun enjeu sportif, le Se\u0301ne\u0301gal e\u0301tant qualifie\u0301 et le Rwanda e\u0301limine\u0301. Mais elle a de\u0301clenche\u0301 de vives tensions entre les fe\u0301de\u0301rations. Un communique\u0301 de la Fe\u0301de\u0301ration se\u0301ne\u0301galaise de football (FSF), publie\u0301 le 29 aou\u0302t dans la soire\u0301e, a [&hellip;]<\/p>\n","protected":false},"author":82,"featured_media":17253,"comment_status":"open","ping_status":"closed","sticky":false,"template":"","format":"standard","meta":{"footnotes":""},"categories":[6,10],"tags":[36,49,50],"class_list":["post-17254","post","type-post","status-publish","format-standard","has-post-thumbnail","hentry","category-sports","category-toutes-les-actualites","tag-africa-press","tag-africa-press-djibouti","tag-djibouti"],"yoast_head":"<!-- This site is optimized with the Yoast SEO Premium plugin v26.1 (Yoast SEO v27.0) - https:\/\/yoast.com\/product\/yoast-seo-premium-wordpress\/ -->\n<title>CAN 2024 : Rwanda-S\u00e9n\u00e9gal, le match dans le match - Djibouti<\/title>\n<meta name=\"description\" content=\"La rencontre entre les deux pays pre\u0301vue le 9 septembre ne pre\u0301sente aucun enjeu sportif, le Se\u0301ne\u0301gal e\u0301tant qualifie\u0301 ...\" \/>\n<meta name=\"robots\" content=\"index, follow, max-snippet:-1, max-image-preview:large, max-video-preview:-1\" \/>\n<link rel=\"canonical\" href=\"https:\/\/www.africa-press.net\/djibouti\/sports\/can-2024-rwanda-senegal-le-match-dans-le-match\" \/>\n<meta property=\"og:locale\" content=\"fr_FR\" \/>\n<meta property=\"og:type\" content=\"article\" \/>\n<meta property=\"og:title\" content=\"CAN 2024 : Rwanda-S\u00e9n\u00e9gal, le match dans le match\" \/>\n<meta property=\"og:description\" content=\"La rencontre entre les deux pays pre\u0301vue le 9 septembre ne pre\u0301sente aucun enjeu sportif, le Se\u0301ne\u0301gal e\u0301tant qualifie\u0301 ...\" \/>\n<meta property=\"og:url\" content=\"https:\/\/www.africa-press.net\/djibouti\/sports\/can-2024-rwanda-senegal-le-match-dans-le-match\" \/>\n<meta property=\"og:site_name\" content=\"Djibouti\" \/>\n<meta property=\"article:published_time\" content=\"2023-09-01T16:46:05+00:00\" \/>\n<meta property=\"article:modified_time\" content=\"2023-09-01T17:07:03+00:00\" \/>\n<meta property=\"og:image\" content=\"https:\/\/static.africa-press.net\/djibouti\/sites\/52\/2023\/09\/sm_1693575136.27239.jpg\" \/>\n\t<meta property=\"og:image:width\" content=\"1256\" \/>\n\t<meta property=\"og:image:height\" content=\"628\" \/>\n\t<meta property=\"og:image:type\" content=\"image\/jpeg\" \/>\n<meta name=\"author\" content=\"cfeditorfr\" \/>\n<meta name=\"twitter:card\" content=\"summary_large_image\" \/>\n<meta name=\"twitter:label1\" content=\"\u00c9crit par\" \/>\n\t<meta name=\"twitter:data1\" content=\"cfeditorfr\" \/>\n\t<meta name=\"twitter:label2\" content=\"Dur\u00e9e de lecture estim\u00e9e\" \/>\n\t<meta name=\"twitter:data2\" content=\"5 minutes\" \/>\n<script type=\"application\/ld+json\" class=\"yoast-schema-graph\">{\"@context\":\"https:\/\/schema.org\",\"@graph\":[{\"@type\":\"Article\",\"@id\":\"https:\/\/www.africa-press.net\/djibouti\/sports\/can-2024-rwanda-senegal-le-match-dans-le-match#article\",\"isPartOf\":{\"@id\":\"https:\/\/www.africa-press.net\/djibouti\/sports\/can-2024-rwanda-senegal-le-match-dans-le-match\"},\"author\":{\"name\":\"cfeditorfr\",\"@id\":\"https:\/\/www.africa-press.net\/djibouti\/#\/schema\/person\/2b1cf3cd81a31e3cd26889ca66d677f1\"},\"headline\":\"CAN 2024 : Rwanda-S\u00e9n\u00e9gal, le match dans le match\",\"datePublished\":\"2023-09-01T16:46:05+00:00\",\"dateModified\":\"2023-09-01T17:07:03+00:00\",\"mainEntityOfPage\":{\"@id\":\"https:\/\/www.africa-press.net\/djibouti\/sports\/can-2024-rwanda-senegal-le-match-dans-le-match\"},\"wordCount\":928,\"commentCount\":0,\"image\":{\"@id\":\"https:\/\/www.africa-press.net\/djibouti\/sports\/can-2024-rwanda-senegal-le-match-dans-le-match#primaryimage\"},\"thumbnailUrl\":\"https:\/\/static.africa-press.net\/djibouti\/sites\/52\/2023\/09\/sm_1693575136.27239.jpg\",\"keywords\":[\"Africa Press\",\"Africa Press-Djibouti\",\"Djibouti\"],\"articleSection\":[\"Sports\",\"Toutes les actualit\u00e9s\"],\"inLanguage\":\"fr-FR\",\"potentialAction\":[{\"@type\":\"CommentAction\",\"name\":\"Comment\",\"target\":[\"https:\/\/www.africa-press.net\/djibouti\/sports\/can-2024-rwanda-senegal-le-match-dans-le-match#respond\"]}]},{\"@type\":\"WebPage\",\"@id\":\"https:\/\/www.africa-press.net\/djibouti\/sports\/can-2024-rwanda-senegal-le-match-dans-le-match\",\"url\":\"https:\/\/www.africa-press.net\/djibouti\/sports\/can-2024-rwanda-senegal-le-match-dans-le-match\",\"name\":\"CAN 2024 : Rwanda-S\u00e9n\u00e9gal, le match dans le match - Djibouti\",\"isPartOf\":{\"@id\":\"https:\/\/www.africa-press.net\/djibouti\/#website\"},\"primaryImageOfPage\":{\"@id\":\"https:\/\/www.africa-press.net\/djibouti\/sports\/can-2024-rwanda-senegal-le-match-dans-le-match#primaryimage\"},\"image\":{\"@id\":\"https:\/\/www.africa-press.net\/djibouti\/sports\/can-2024-rwanda-senegal-le-match-dans-le-match#primaryimage\"},\"thumbnailUrl\":\"https:\/\/static.africa-press.net\/djibouti\/sites\/52\/2023\/09\/sm_1693575136.27239.jpg\",\"datePublished\":\"2023-09-01T16:46:05+00:00\",\"dateModified\":\"2023-09-01T17:07:03+00:00\",\"author\":{\"@id\":\"https:\/\/www.africa-press.net\/djibouti\/#\/schema\/person\/2b1cf3cd81a31e3cd26889ca66d677f1\"},\"description\":\"La rencontre entre les deux pays pre\u0301vue le 9 septembre ne pre\u0301sente aucun enjeu sportif, le Se\u0301ne\u0301gal e\u0301tant qualifie\u0301 ...\",\"breadcrumb\":{\"@id\":\"https:\/\/www.africa-press.net\/djibouti\/sports\/can-2024-rwanda-senegal-le-match-dans-le-match#breadcrumb\"},\"inLanguage\":\"fr-FR\",\"potentialAction\":[{\"@type\":\"ReadAction\",\"target\":[\"https:\/\/www.africa-press.net\/djibouti\/sports\/can-2024-rwanda-senegal-le-match-dans-le-match\"]}]},{\"@type\":\"ImageObject\",\"inLanguage\":\"fr-FR\",\"@id\":\"https:\/\/www.africa-press.net\/djibouti\/sports\/can-2024-rwanda-senegal-le-match-dans-le-match#primaryimage\",\"url\":\"https:\/\/static.africa-press.net\/djibouti\/sites\/52\/2023\/09\/sm_1693575136.27239.jpg\",\"contentUrl\":\"https:\/\/static.africa-press.net\/djibouti\/sites\/52\/2023\/09\/sm_1693575136.27239.jpg\",\"width\":1256,\"height\":628,\"caption\":\"CAN 2024 : Rwanda-S\u00e9n\u00e9gal, le match dans le match\"},{\"@type\":\"BreadcrumbList\",\"@id\":\"https:\/\/www.africa-press.net\/djibouti\/sports\/can-2024-rwanda-senegal-le-match-dans-le-match#breadcrumb\",\"itemListElement\":[{\"@type\":\"ListItem\",\"position\":1,\"name\":\"Accueil\",\"item\":\"https:\/\/www.africa-press.net\/djibouti\/\"},{\"@type\":\"ListItem\",\"position\":2,\"name\":\"CAN 2024 : Rwanda-S\u00e9n\u00e9gal, le match dans le match\"}]},{\"@type\":\"WebSite\",\"@id\":\"https:\/\/www.africa-press.net\/djibouti\/#website\",\"url\":\"https:\/\/www.africa-press.net\/djibouti\/\",\"name\":\"Djibouti\",\"description\":\"Just another Africa News Agency Sites site\",\"potentialAction\":[{\"@type\":\"SearchAction\",\"target\":{\"@type\":\"EntryPoint\",\"urlTemplate\":\"https:\/\/www.africa-press.net\/djibouti\/?s={search_term_string}\"},\"query-input\":{\"@type\":\"PropertyValueSpecification\",\"valueRequired\":true,\"valueName\":\"search_term_string\"}}],\"inLanguage\":\"fr-FR\"},{\"@type\":\"Person\",\"@id\":\"https:\/\/www.africa-press.net\/djibouti\/#\/schema\/person\/2b1cf3cd81a31e3cd26889ca66d677f1\",\"name\":\"cfeditorfr\"}]}<\/script>\n<!-- \/ Yoast SEO Premium plugin. -->","yoast_head_json":{"title":"CAN 2024 : Rwanda-S\u00e9n\u00e9gal, le match dans le match - Djibouti","description":"La rencontre entre les deux pays pre\u0301vue le 9 septembre ne pre\u0301sente aucun enjeu sportif, le Se\u0301ne\u0301gal e\u0301tant qualifie\u0301 ...","robots":{"index":"index","follow":"follow","max-snippet":"max-snippet:-1","max-image-preview":"max-image-preview:large","max-video-preview":"max-video-preview:-1"},"canonical":"https:\/\/www.africa-press.net\/djibouti\/sports\/can-2024-rwanda-senegal-le-match-dans-le-match","og_locale":"fr_FR","og_type":"article","og_title":"CAN 2024 : Rwanda-S\u00e9n\u00e9gal, le match dans le match","og_description":"La rencontre entre les deux pays pre\u0301vue le 9 septembre ne pre\u0301sente aucun enjeu sportif, le Se\u0301ne\u0301gal e\u0301tant qualifie\u0301 ...","og_url":"https:\/\/www.africa-press.net\/djibouti\/sports\/can-2024-rwanda-senegal-le-match-dans-le-match","og_site_name":"Djibouti","article_published_time":"2023-09-01T16:46:05+00:00","article_modified_time":"2023-09-01T17:07:03+00:00","og_image":[{"width":1256,"height":628,"url":"https:\/\/static.africa-press.net\/djibouti\/sites\/52\/2023\/09\/sm_1693575136.27239.jpg","type":"image\/jpeg"}],"author":"cfeditorfr","twitter_card":"summary_large_image","twitter_misc":{"\u00c9crit par":"cfeditorfr","Dur\u00e9e de lecture estim\u00e9e":"5 minutes"},"schema":{"@context":"https:\/\/schema.org","@graph":[{"@type":"Article","@id":"https:\/\/www.africa-press.net\/djibouti\/sports\/can-2024-rwanda-senegal-le-match-dans-le-match#article","isPartOf":{"@id":"https:\/\/www.africa-press.net\/djibouti\/sports\/can-2024-rwanda-senegal-le-match-dans-le-match"},"author":{"name":"cfeditorfr","@id":"https:\/\/www.africa-press.net\/djibouti\/#\/schema\/person\/2b1cf3cd81a31e3cd26889ca66d677f1"},"headline":"CAN 2024 : Rwanda-S\u00e9n\u00e9gal, le match dans le match","datePublished":"2023-09-01T16:46:05+00:00","dateModified":"2023-09-01T17:07:03+00:00","mainEntityOfPage":{"@id":"https:\/\/www.africa-press.net\/djibouti\/sports\/can-2024-rwanda-senegal-le-match-dans-le-match"},"wordCount":928,"commentCount":0,"image":{"@id":"https:\/\/www.africa-press.net\/djibouti\/sports\/can-2024-rwanda-senegal-le-match-dans-le-match#primaryimage"},"thumbnailUrl":"https:\/\/static.africa-press.net\/djibouti\/sites\/52\/2023\/09\/sm_1693575136.27239.jpg","keywords":["Africa Press","Africa Press-Djibouti","Djibouti"],"articleSection":["Sports","Toutes les actualit\u00e9s"],"inLanguage":"fr-FR","potentialAction":[{"@type":"CommentAction","name":"Comment","target":["https:\/\/www.africa-press.net\/djibouti\/sports\/can-2024-rwanda-senegal-le-match-dans-le-match#respond"]}]},{"@type":"WebPage","@id":"https:\/\/www.africa-press.net\/djibouti\/sports\/can-2024-rwanda-senegal-le-match-dans-le-match","url":"https:\/\/www.africa-press.net\/djibouti\/sports\/can-2024-rwanda-senegal-le-match-dans-le-match","name":"CAN 2024 : Rwanda-S\u00e9n\u00e9gal, le match dans le match - Djibouti","isPartOf":{"@id":"https:\/\/www.africa-press.net\/djibouti\/#website"},"primaryImageOfPage":{"@id":"https:\/\/www.africa-press.net\/djibouti\/sports\/can-2024-rwanda-senegal-le-match-dans-le-match#primaryimage"},"image":{"@id":"https:\/\/www.africa-press.net\/djibouti\/sports\/can-2024-rwanda-senegal-le-match-dans-le-match#primaryimage"},"thumbnailUrl":"https:\/\/static.africa-press.net\/djibouti\/sites\/52\/2023\/09\/sm_1693575136.27239.jpg","datePublished":"2023-09-01T16:46:05+00:00","dateModified":"2023-09-01T17:07:03+00:00","author":{"@id":"https:\/\/www.africa-press.net\/djibouti\/#\/schema\/person\/2b1cf3cd81a31e3cd26889ca66d677f1"},"description":"La rencontre entre les deux pays pre\u0301vue le 9 septembre ne pre\u0301sente aucun enjeu sportif, le Se\u0301ne\u0301gal e\u0301tant qualifie\u0301 ...","breadcrumb":{"@id":"https:\/\/www.africa-press.net\/djibouti\/sports\/can-2024-rwanda-senegal-le-match-dans-le-match#breadcrumb"},"inLanguage":"fr-FR","potentialAction":[{"@type":"ReadAction","target":["https:\/\/www.africa-press.net\/djibouti\/sports\/can-2024-rwanda-senegal-le-match-dans-le-match"]}]},{"@type":"ImageObject","inLanguage":"fr-FR","@id":"https:\/\/www.africa-press.net\/djibouti\/sports\/can-2024-rwanda-senegal-le-match-dans-le-match#primaryimage","url":"https:\/\/static.africa-press.net\/djibouti\/sites\/52\/2023\/09\/sm_1693575136.27239.jpg","contentUrl":"https:\/\/static.africa-press.net\/djibouti\/sites\/52\/2023\/09\/sm_1693575136.27239.jpg","width":1256,"height":628,"caption":"CAN 2024 : Rwanda-S\u00e9n\u00e9gal, le match dans le match"},{"@type":"BreadcrumbList","@id":"https:\/\/www.africa-press.net\/djibouti\/sports\/can-2024-rwanda-senegal-le-match-dans-le-match#breadcrumb","itemListElement":[{"@type":"ListItem","position":1,"name":"Accueil","item":"https:\/\/www.africa-press.net\/djibouti\/"},{"@type":"ListItem","position":2,"name":"CAN 2024 : Rwanda-S\u00e9n\u00e9gal, le match dans le match"}]},{"@type":"WebSite","@id":"https:\/\/www.africa-press.net\/djibouti\/#website","url":"https:\/\/www.africa-press.net\/djibouti\/","name":"Djibouti","description":"Just another Africa News Agency Sites site","potentialAction":[{"@type":"SearchAction","target":{"@type":"EntryPoint","urlTemplate":"https:\/\/www.africa-press.net\/djibouti\/?s={search_term_string}"},"query-input":{"@type":"PropertyValueSpecification","valueRequired":true,"valueName":"search_term_string"}}],"inLanguage":"fr-FR"},{"@type":"Person","@id":"https:\/\/www.africa-press.net\/djibouti\/#\/schema\/person\/2b1cf3cd81a31e3cd26889ca66d677f1","name":"cfeditorfr"}]}},"_links":{"self":[{"href":"https:\/\/www.africa-press.net\/djibouti\/wp-json\/wp\/v2\/posts\/17254","targetHints":{"allow":["GET"]}}],"collection":[{"href":"https:\/\/www.africa-press.net\/djibouti\/wp-json\/wp\/v2\/posts"}],"about":[{"href":"https:\/\/www.africa-press.net\/djibouti\/wp-json\/wp\/v2\/types\/post"}],"author":[{"embeddable":true,"href":"https:\/\/www.africa-press.net\/djibouti\/wp-json\/wp\/v2\/users\/82"}],"replies":[{"embeddable":true,"href":"https:\/\/www.africa-press.net\/djibouti\/wp-json\/wp\/v2\/comments?post=17254"}],"version-history":[{"count":0,"href":"https:\/\/www.africa-press.net\/djibouti\/wp-json\/wp\/v2\/posts\/17254\/revisions"}],"wp:featuredmedia":[{"embeddable":true,"href":"https:\/\/www.africa-press.net\/djibouti\/wp-json\/wp\/v2\/media\/17253"}],"wp:attachment":[{"href":"https:\/\/www.africa-press.net\/djibouti\/wp-json\/wp\/v2\/media?parent=17254"}],"wp:term":[{"taxonomy":"category","embeddable":true,"href":"https:\/\/www.africa-press.net\/djibouti\/wp-json\/wp\/v2\/categories?post=17254"},{"taxonomy":"post_tag","embeddable":true,"href":"https:\/\/www.africa-press.net\/djibouti\/wp-json\/wp\/v2\/tags?post=17254"}],"curies":[{"name":"wp","href":"https:\/\/api.w.org\/{rel}","templated":true}]}}