{"id":17257,"date":"2023-09-01T16:51:03","date_gmt":"2023-09-01T16:51:03","guid":{"rendered":"https:\/\/www.africa-press.net\/djibouti\/politique\/quand-les-maux-du-ventre-menent-a-la-maladie-de-parkinson"},"modified":"2023-09-01T17:24:52","modified_gmt":"2023-09-01T17:24:52","slug":"quand-les-maux-du-ventre-menent-a-la-maladie-de-parkinson","status":"publish","type":"post","link":"https:\/\/www.africa-press.net\/djibouti\/toutes-les-actualites\/quand-les-maux-du-ventre-menent-a-la-maladie-de-parkinson","title":{"rendered":"Quand les maux du ventre m\u00e8nent \u00e0 la maladie de Parkinson"},"content":{"rendered":"<p><span style=\"color: #ff6600\"><strong>Africa-Press &#8211; Djibouti. <\/strong><\/span>Depuis 2010, le doute planait : les proble\u0300mes gastro-intestinaux peuvent-ils e\u0302tre des signes pre\u0301curseurs de la maladie de Parkinson ? L&rsquo;hypothe\u0300se avait e\u0301te\u0301 formule\u0301e en 2010 par l&rsquo;anatomopathologiste allemand Heiko Braak. Elle vient aujourd&rsquo;hui d&rsquo;e\u0302tre ve\u0301rifie\u0301e gra\u0302ce aux travaux d&rsquo;une e\u0301quipe belgo-ame\u0301ricaine publie\u0301s dans la revue Gut.<\/p>\n<p><b>Quatre sympto\u0302mes associe\u0301s a\u0300 un risque plus grand de de\u0301velopper Parkinson<\/b><\/p>\n<p>Afin de tester cette hypothe\u0300se, les chercheurs se sont servis d&rsquo;une base ame\u0301ricaine de donne\u0301es me\u0301dicales pour comparer pre\u0300s de 25.000 personnes diagnostique\u0301es avec la maladie de Parkinson avec 40.000 autres souffrant d&rsquo;autres atteintes neurologiques comme Alzheimer ou des maladies neuro-vasculaires type ane\u0301vrisme. Tous les patients ont e\u0301te\u0301 segmente\u0301s par a\u0302ge, sexe et ethnicite\u0301 pour comparer la fre\u0301quence de proble\u0300mes intestinaux qui auraient e\u0301te\u0301 ante\u0301rieurs d&rsquo;au moins six ans au diagnostic de Parkinson.<\/p>\n<p>Leurs re\u0301sultats indiquent bien la pertinence de l&rsquo;intuition d&rsquo;Heiko Braak : ils ont identifie\u0301 quatre sympto\u0302mes intestinaux qui sont associe\u0301s avec un risque plus grand de de\u0301velopper la maladie de Parkinson des anne\u0301es plus tard.<\/p>\n<p><b> Lien entre estomac et cerveau : pas de cause formelle e\u0301tablie<\/b><\/p>\n<p>Spe\u0301cifiquement, il s&rsquo;agit de la gastropare\u0301sie, une affection ou\u0300 les nerfs de l&rsquo;estomac sont le\u0301se\u0301s, ralentissant la progression des aliments dans l&rsquo;estomac et entrai\u0302nant des sympto\u0302mes de nause\u0301es, de douleurs abdominales ou de perte d&rsquo;appe\u0301tit. Mais e\u0301galement de la dysphagie, une difficulte\u0301 a\u0300 de\u0301glutir, de la constipation et du syndrome de l&rsquo;intestin irritable. Toutes ces affections s&rsquo;ave\u0300rent associe\u0301es avec un risque jusqu&rsquo;a\u0300 deux fois plus accru de de\u0301velopper la maladie de Parkinson.<\/p>\n<p>Cette e\u0301tude, se basant uniquement sur des observations, n&rsquo;a pas e\u0301tabli de cause formelle a\u0300 ce lien entre estomac et cerveau. Toutefois, les chercheurs estiment au vu de leurs re\u0301sultats qu&rsquo;il serait ne\u0301cessaire de mener des investigations approfondies. Ils plaident e\u0301galement pour une meilleure surveillance des patients souffrants d&rsquo;un de ces quatre troubles intestinaux afin de pouvoir de\u0301tecter plus pre\u0301cocement les patients a\u0300 risque de de\u0301velopper la maladie de Parkinson et ainsi ralentir la progression de prote\u0301ines de\u0301fectueuses telle l&rsquo;alpha-synucle\u0301ine.<\/p>\n<p><strong>Pour plus d&rsquo;informations et d&rsquo;analyses sur la <a href=\"https:\/\/www.africa-press.net\/djibouti\">Djibouti<\/a>, suivez <a href=\"https:\/\/www.africa-press.net\/\">Africa-Press<\/a><\/strong><\/p>\n","protected":false},"excerpt":{"rendered":"<p>Africa-Press &#8211; Djibouti. Depuis 2010, le doute planait : les proble\u0300mes gastro-intestinaux peuvent-ils e\u0302tre des signes pre\u0301curseurs de la maladie de Parkinson ? L&rsquo;hypothe\u0300se avait e\u0301te\u0301 formule\u0301e en 2010 par l&rsquo;anatomopathologiste allemand Heiko Braak. Elle vient aujourd&rsquo;hui d&rsquo;e\u0302tre ve\u0301rifie\u0301e gra\u0302ce aux travaux d&rsquo;une e\u0301quipe belgo-ame\u0301ricaine publie\u0301s dans la revue Gut. Quatre sympto\u0302mes associe\u0301s a\u0300 un [&hellip;]<\/p>\n","protected":false},"author":82,"featured_media":17256,"comment_status":"open","ping_status":"closed","sticky":false,"template":"","format":"standard","meta":{"footnotes":""},"categories":[22,10],"tags":[36,49,50],"class_list":["post-17257","post","type-post","status-publish","format-standard","has-post-thumbnail","hentry","category-divers","category-toutes-les-actualites","tag-africa-press","tag-africa-press-djibouti","tag-djibouti"],"yoast_head":"<!-- This site is optimized with the Yoast SEO Premium plugin v26.1 (Yoast SEO v27.0) - https:\/\/yoast.com\/product\/yoast-seo-premium-wordpress\/ -->\n<title>Quand les maux du ventre m\u00e8nent \u00e0 la maladie de Parkinson - Djibouti<\/title>\n<meta name=\"description\" content=\"Depuis 2010, le doute planait : les proble\u0300mes gastro-intestinaux peuvent-ils e\u0302tre des signes pre\u0301curseurs de la maladi ...\" \/>\n<meta name=\"robots\" content=\"index, follow, max-snippet:-1, max-image-preview:large, max-video-preview:-1\" \/>\n<link rel=\"canonical\" href=\"https:\/\/www.africa-press.net\/djibouti\/toutes-les-actualites\/quand-les-maux-du-ventre-menent-a-la-maladie-de-parkinson\" \/>\n<meta property=\"og:locale\" content=\"fr_FR\" \/>\n<meta property=\"og:type\" content=\"article\" \/>\n<meta property=\"og:title\" content=\"Quand les maux du ventre m\u00e8nent \u00e0 la maladie de Parkinson\" \/>\n<meta property=\"og:description\" content=\"Depuis 2010, le doute planait : les proble\u0300mes gastro-intestinaux peuvent-ils e\u0302tre des signes pre\u0301curseurs de la maladi ...\" \/>\n<meta property=\"og:url\" content=\"https:\/\/www.africa-press.net\/djibouti\/toutes-les-actualites\/quand-les-maux-du-ventre-menent-a-la-maladie-de-parkinson\" \/>\n<meta property=\"og:site_name\" content=\"Djibouti\" \/>\n<meta property=\"article:published_time\" content=\"2023-09-01T16:51:03+00:00\" \/>\n<meta property=\"article:modified_time\" content=\"2023-09-01T17:24:52+00:00\" \/>\n<meta property=\"og:image\" content=\"https:\/\/static.africa-press.net\/djibouti\/sites\/52\/2023\/09\/sm_1693575978.157077.jpg\" \/>\n\t<meta property=\"og:image:width\" content=\"1200\" \/>\n\t<meta property=\"og:image:height\" content=\"899\" \/>\n\t<meta property=\"og:image:type\" content=\"image\/jpeg\" \/>\n<meta name=\"author\" content=\"cfeditorfr\" \/>\n<meta name=\"twitter:card\" content=\"summary_large_image\" \/>\n<meta name=\"twitter:label1\" content=\"\u00c9crit par\" \/>\n\t<meta name=\"twitter:data1\" content=\"cfeditorfr\" \/>\n\t<meta name=\"twitter:label2\" content=\"Dur\u00e9e de lecture estim\u00e9e\" \/>\n\t<meta name=\"twitter:data2\" content=\"2 minutes\" \/>\n<script type=\"application\/ld+json\" class=\"yoast-schema-graph\">{\"@context\":\"https:\/\/schema.org\",\"@graph\":[{\"@type\":\"Article\",\"@id\":\"https:\/\/www.africa-press.net\/djibouti\/toutes-les-actualites\/quand-les-maux-du-ventre-menent-a-la-maladie-de-parkinson#article\",\"isPartOf\":{\"@id\":\"https:\/\/www.africa-press.net\/djibouti\/toutes-les-actualites\/quand-les-maux-du-ventre-menent-a-la-maladie-de-parkinson\"},\"author\":{\"name\":\"cfeditorfr\",\"@id\":\"https:\/\/www.africa-press.net\/djibouti\/#\/schema\/person\/2b1cf3cd81a31e3cd26889ca66d677f1\"},\"headline\":\"Quand les maux du ventre m\u00e8nent \u00e0 la maladie de Parkinson\",\"datePublished\":\"2023-09-01T16:51:03+00:00\",\"dateModified\":\"2023-09-01T17:24:52+00:00\",\"mainEntityOfPage\":{\"@id\":\"https:\/\/www.africa-press.net\/djibouti\/toutes-les-actualites\/quand-les-maux-du-ventre-menent-a-la-maladie-de-parkinson\"},\"wordCount\":428,\"commentCount\":0,\"image\":{\"@id\":\"https:\/\/www.africa-press.net\/djibouti\/toutes-les-actualites\/quand-les-maux-du-ventre-menent-a-la-maladie-de-parkinson#primaryimage\"},\"thumbnailUrl\":\"https:\/\/static.africa-press.net\/djibouti\/sites\/52\/2023\/09\/sm_1693575978.157077.jpg\",\"keywords\":[\"Africa Press\",\"Africa Press-Djibouti\",\"Djibouti\"],\"articleSection\":[\"Divers\",\"Toutes les actualit\u00e9s\"],\"inLanguage\":\"fr-FR\",\"potentialAction\":[{\"@type\":\"CommentAction\",\"name\":\"Comment\",\"target\":[\"https:\/\/www.africa-press.net\/djibouti\/toutes-les-actualites\/quand-les-maux-du-ventre-menent-a-la-maladie-de-parkinson#respond\"]}]},{\"@type\":\"WebPage\",\"@id\":\"https:\/\/www.africa-press.net\/djibouti\/toutes-les-actualites\/quand-les-maux-du-ventre-menent-a-la-maladie-de-parkinson\",\"url\":\"https:\/\/www.africa-press.net\/djibouti\/toutes-les-actualites\/quand-les-maux-du-ventre-menent-a-la-maladie-de-parkinson\",\"name\":\"Quand les maux du ventre m\u00e8nent \u00e0 la maladie de Parkinson - Djibouti\",\"isPartOf\":{\"@id\":\"https:\/\/www.africa-press.net\/djibouti\/#website\"},\"primaryImageOfPage\":{\"@id\":\"https:\/\/www.africa-press.net\/djibouti\/toutes-les-actualites\/quand-les-maux-du-ventre-menent-a-la-maladie-de-parkinson#primaryimage\"},\"image\":{\"@id\":\"https:\/\/www.africa-press.net\/djibouti\/toutes-les-actualites\/quand-les-maux-du-ventre-menent-a-la-maladie-de-parkinson#primaryimage\"},\"thumbnailUrl\":\"https:\/\/static.africa-press.net\/djibouti\/sites\/52\/2023\/09\/sm_1693575978.157077.jpg\",\"datePublished\":\"2023-09-01T16:51:03+00:00\",\"dateModified\":\"2023-09-01T17:24:52+00:00\",\"author\":{\"@id\":\"https:\/\/www.africa-press.net\/djibouti\/#\/schema\/person\/2b1cf3cd81a31e3cd26889ca66d677f1\"},\"description\":\"Depuis 2010, le doute planait : les proble\u0300mes gastro-intestinaux peuvent-ils e\u0302tre des signes pre\u0301curseurs de la maladi ...\",\"breadcrumb\":{\"@id\":\"https:\/\/www.africa-press.net\/djibouti\/toutes-les-actualites\/quand-les-maux-du-ventre-menent-a-la-maladie-de-parkinson#breadcrumb\"},\"inLanguage\":\"fr-FR\",\"potentialAction\":[{\"@type\":\"ReadAction\",\"target\":[\"https:\/\/www.africa-press.net\/djibouti\/toutes-les-actualites\/quand-les-maux-du-ventre-menent-a-la-maladie-de-parkinson\"]}]},{\"@type\":\"ImageObject\",\"inLanguage\":\"fr-FR\",\"@id\":\"https:\/\/www.africa-press.net\/djibouti\/toutes-les-actualites\/quand-les-maux-du-ventre-menent-a-la-maladie-de-parkinson#primaryimage\",\"url\":\"https:\/\/static.africa-press.net\/djibouti\/sites\/52\/2023\/09\/sm_1693575978.157077.jpg\",\"contentUrl\":\"https:\/\/static.africa-press.net\/djibouti\/sites\/52\/2023\/09\/sm_1693575978.157077.jpg\",\"width\":1200,\"height\":899,\"caption\":\"Quand les maux du ventre m\u00e8nent \u00e0 la maladie de Parkinson\"},{\"@type\":\"BreadcrumbList\",\"@id\":\"https:\/\/www.africa-press.net\/djibouti\/toutes-les-actualites\/quand-les-maux-du-ventre-menent-a-la-maladie-de-parkinson#breadcrumb\",\"itemListElement\":[{\"@type\":\"ListItem\",\"position\":1,\"name\":\"Accueil\",\"item\":\"https:\/\/www.africa-press.net\/djibouti\/\"},{\"@type\":\"ListItem\",\"position\":2,\"name\":\"Quand les maux du ventre m\u00e8nent \u00e0 la maladie de Parkinson\"}]},{\"@type\":\"WebSite\",\"@id\":\"https:\/\/www.africa-press.net\/djibouti\/#website\",\"url\":\"https:\/\/www.africa-press.net\/djibouti\/\",\"name\":\"Djibouti\",\"description\":\"Just another Africa News Agency Sites site\",\"potentialAction\":[{\"@type\":\"SearchAction\",\"target\":{\"@type\":\"EntryPoint\",\"urlTemplate\":\"https:\/\/www.africa-press.net\/djibouti\/?s={search_term_string}\"},\"query-input\":{\"@type\":\"PropertyValueSpecification\",\"valueRequired\":true,\"valueName\":\"search_term_string\"}}],\"inLanguage\":\"fr-FR\"},{\"@type\":\"Person\",\"@id\":\"https:\/\/www.africa-press.net\/djibouti\/#\/schema\/person\/2b1cf3cd81a31e3cd26889ca66d677f1\",\"name\":\"cfeditorfr\"}]}<\/script>\n<!-- \/ Yoast SEO Premium plugin. -->","yoast_head_json":{"title":"Quand les maux du ventre m\u00e8nent \u00e0 la maladie de Parkinson - Djibouti","description":"Depuis 2010, le doute planait : les proble\u0300mes gastro-intestinaux peuvent-ils e\u0302tre des signes pre\u0301curseurs de la maladi ...","robots":{"index":"index","follow":"follow","max-snippet":"max-snippet:-1","max-image-preview":"max-image-preview:large","max-video-preview":"max-video-preview:-1"},"canonical":"https:\/\/www.africa-press.net\/djibouti\/toutes-les-actualites\/quand-les-maux-du-ventre-menent-a-la-maladie-de-parkinson","og_locale":"fr_FR","og_type":"article","og_title":"Quand les maux du ventre m\u00e8nent \u00e0 la maladie de Parkinson","og_description":"Depuis 2010, le doute planait : les proble\u0300mes gastro-intestinaux peuvent-ils e\u0302tre des signes pre\u0301curseurs de la maladi ...","og_url":"https:\/\/www.africa-press.net\/djibouti\/toutes-les-actualites\/quand-les-maux-du-ventre-menent-a-la-maladie-de-parkinson","og_site_name":"Djibouti","article_published_time":"2023-09-01T16:51:03+00:00","article_modified_time":"2023-09-01T17:24:52+00:00","og_image":[{"width":1200,"height":899,"url":"https:\/\/static.africa-press.net\/djibouti\/sites\/52\/2023\/09\/sm_1693575978.157077.jpg","type":"image\/jpeg"}],"author":"cfeditorfr","twitter_card":"summary_large_image","twitter_misc":{"\u00c9crit par":"cfeditorfr","Dur\u00e9e de lecture estim\u00e9e":"2 minutes"},"schema":{"@context":"https:\/\/schema.org","@graph":[{"@type":"Article","@id":"https:\/\/www.africa-press.net\/djibouti\/toutes-les-actualites\/quand-les-maux-du-ventre-menent-a-la-maladie-de-parkinson#article","isPartOf":{"@id":"https:\/\/www.africa-press.net\/djibouti\/toutes-les-actualites\/quand-les-maux-du-ventre-menent-a-la-maladie-de-parkinson"},"author":{"name":"cfeditorfr","@id":"https:\/\/www.africa-press.net\/djibouti\/#\/schema\/person\/2b1cf3cd81a31e3cd26889ca66d677f1"},"headline":"Quand les maux du ventre m\u00e8nent \u00e0 la maladie de Parkinson","datePublished":"2023-09-01T16:51:03+00:00","dateModified":"2023-09-01T17:24:52+00:00","mainEntityOfPage":{"@id":"https:\/\/www.africa-press.net\/djibouti\/toutes-les-actualites\/quand-les-maux-du-ventre-menent-a-la-maladie-de-parkinson"},"wordCount":428,"commentCount":0,"image":{"@id":"https:\/\/www.africa-press.net\/djibouti\/toutes-les-actualites\/quand-les-maux-du-ventre-menent-a-la-maladie-de-parkinson#primaryimage"},"thumbnailUrl":"https:\/\/static.africa-press.net\/djibouti\/sites\/52\/2023\/09\/sm_1693575978.157077.jpg","keywords":["Africa Press","Africa Press-Djibouti","Djibouti"],"articleSection":["Divers","Toutes les actualit\u00e9s"],"inLanguage":"fr-FR","potentialAction":[{"@type":"CommentAction","name":"Comment","target":["https:\/\/www.africa-press.net\/djibouti\/toutes-les-actualites\/quand-les-maux-du-ventre-menent-a-la-maladie-de-parkinson#respond"]}]},{"@type":"WebPage","@id":"https:\/\/www.africa-press.net\/djibouti\/toutes-les-actualites\/quand-les-maux-du-ventre-menent-a-la-maladie-de-parkinson","url":"https:\/\/www.africa-press.net\/djibouti\/toutes-les-actualites\/quand-les-maux-du-ventre-menent-a-la-maladie-de-parkinson","name":"Quand les maux du ventre m\u00e8nent \u00e0 la maladie de Parkinson - Djibouti","isPartOf":{"@id":"https:\/\/www.africa-press.net\/djibouti\/#website"},"primaryImageOfPage":{"@id":"https:\/\/www.africa-press.net\/djibouti\/toutes-les-actualites\/quand-les-maux-du-ventre-menent-a-la-maladie-de-parkinson#primaryimage"},"image":{"@id":"https:\/\/www.africa-press.net\/djibouti\/toutes-les-actualites\/quand-les-maux-du-ventre-menent-a-la-maladie-de-parkinson#primaryimage"},"thumbnailUrl":"https:\/\/static.africa-press.net\/djibouti\/sites\/52\/2023\/09\/sm_1693575978.157077.jpg","datePublished":"2023-09-01T16:51:03+00:00","dateModified":"2023-09-01T17:24:52+00:00","author":{"@id":"https:\/\/www.africa-press.net\/djibouti\/#\/schema\/person\/2b1cf3cd81a31e3cd26889ca66d677f1"},"description":"Depuis 2010, le doute planait : les proble\u0300mes gastro-intestinaux peuvent-ils e\u0302tre des signes pre\u0301curseurs de la maladi ...","breadcrumb":{"@id":"https:\/\/www.africa-press.net\/djibouti\/toutes-les-actualites\/quand-les-maux-du-ventre-menent-a-la-maladie-de-parkinson#breadcrumb"},"inLanguage":"fr-FR","potentialAction":[{"@type":"ReadAction","target":["https:\/\/www.africa-press.net\/djibouti\/toutes-les-actualites\/quand-les-maux-du-ventre-menent-a-la-maladie-de-parkinson"]}]},{"@type":"ImageObject","inLanguage":"fr-FR","@id":"https:\/\/www.africa-press.net\/djibouti\/toutes-les-actualites\/quand-les-maux-du-ventre-menent-a-la-maladie-de-parkinson#primaryimage","url":"https:\/\/static.africa-press.net\/djibouti\/sites\/52\/2023\/09\/sm_1693575978.157077.jpg","contentUrl":"https:\/\/static.africa-press.net\/djibouti\/sites\/52\/2023\/09\/sm_1693575978.157077.jpg","width":1200,"height":899,"caption":"Quand les maux du ventre m\u00e8nent \u00e0 la maladie de Parkinson"},{"@type":"BreadcrumbList","@id":"https:\/\/www.africa-press.net\/djibouti\/toutes-les-actualites\/quand-les-maux-du-ventre-menent-a-la-maladie-de-parkinson#breadcrumb","itemListElement":[{"@type":"ListItem","position":1,"name":"Accueil","item":"https:\/\/www.africa-press.net\/djibouti\/"},{"@type":"ListItem","position":2,"name":"Quand les maux du ventre m\u00e8nent \u00e0 la maladie de Parkinson"}]},{"@type":"WebSite","@id":"https:\/\/www.africa-press.net\/djibouti\/#website","url":"https:\/\/www.africa-press.net\/djibouti\/","name":"Djibouti","description":"Just another Africa News Agency Sites site","potentialAction":[{"@type":"SearchAction","target":{"@type":"EntryPoint","urlTemplate":"https:\/\/www.africa-press.net\/djibouti\/?s={search_term_string}"},"query-input":{"@type":"PropertyValueSpecification","valueRequired":true,"valueName":"search_term_string"}}],"inLanguage":"fr-FR"},{"@type":"Person","@id":"https:\/\/www.africa-press.net\/djibouti\/#\/schema\/person\/2b1cf3cd81a31e3cd26889ca66d677f1","name":"cfeditorfr"}]}},"_links":{"self":[{"href":"https:\/\/www.africa-press.net\/djibouti\/wp-json\/wp\/v2\/posts\/17257","targetHints":{"allow":["GET"]}}],"collection":[{"href":"https:\/\/www.africa-press.net\/djibouti\/wp-json\/wp\/v2\/posts"}],"about":[{"href":"https:\/\/www.africa-press.net\/djibouti\/wp-json\/wp\/v2\/types\/post"}],"author":[{"embeddable":true,"href":"https:\/\/www.africa-press.net\/djibouti\/wp-json\/wp\/v2\/users\/82"}],"replies":[{"embeddable":true,"href":"https:\/\/www.africa-press.net\/djibouti\/wp-json\/wp\/v2\/comments?post=17257"}],"version-history":[{"count":0,"href":"https:\/\/www.africa-press.net\/djibouti\/wp-json\/wp\/v2\/posts\/17257\/revisions"}],"wp:featuredmedia":[{"embeddable":true,"href":"https:\/\/www.africa-press.net\/djibouti\/wp-json\/wp\/v2\/media\/17256"}],"wp:attachment":[{"href":"https:\/\/www.africa-press.net\/djibouti\/wp-json\/wp\/v2\/media?parent=17257"}],"wp:term":[{"taxonomy":"category","embeddable":true,"href":"https:\/\/www.africa-press.net\/djibouti\/wp-json\/wp\/v2\/categories?post=17257"},{"taxonomy":"post_tag","embeddable":true,"href":"https:\/\/www.africa-press.net\/djibouti\/wp-json\/wp\/v2\/tags?post=17257"}],"curies":[{"name":"wp","href":"https:\/\/api.w.org\/{rel}","templated":true}]}}