{"id":17290,"date":"2023-09-02T13:42:49","date_gmt":"2023-09-02T13:42:49","guid":{"rendered":"https:\/\/www.africa-press.net\/djibouti\/politique\/ouverture-a-kigali-au-rwanda-des-travaux-de-la-5eme-reunion-regionale-de-lalliance-solaire-internationale-isa-pour-la-region-afrique"},"modified":"2023-09-02T14:26:46","modified_gmt":"2023-09-02T14:26:46","slug":"ouverture-a-kigali-au-rwanda-des-travaux-de-la-5eme-reunion-regionale-de-lalliance-solaire-internationale-isa-pour-la-region-afrique","status":"publish","type":"post","link":"https:\/\/www.africa-press.net\/djibouti\/politique\/ouverture-a-kigali-au-rwanda-des-travaux-de-la-5eme-reunion-regionale-de-lalliance-solaire-internationale-isa-pour-la-region-afrique","title":{"rendered":"Ouverture \u00e0 Kigali, au Rwanda des travaux de la 5\u00e8me r\u00e9union r\u00e9gionale de l\u2019Alliance Solaire Internationale (ISA) pour la R\u00e9gion Afrique"},"content":{"rendered":"<p><span style=\"color: #ff6600\"><strong>Africa-Press &#8211; Djibouti. <\/strong><\/span>Le ministre de l\u2019Energie, charge\u0301 des Ressources Naturelles, M. Yonis Ali Guedi, a participe\u0301 a\u0300 la 5e\u0300me re\u0301union re\u0301gionale de l\u2019Alliance Solaire Internationale pour la Re\u0301gion Afrique dont les travaux ont de\u0301bute\u0301 hier a\u0300 Kigali, au Rwanda.<\/p>\n<p>A la te\u0302te d\u2019une de\u0301le\u0301gation compose\u0301e de son conseiller technique, M. Mahdi Waberi Hassan, et du directeur de l\u2019e\u0301nergie, M. Gouled Mohamed Djama, le ministre de l&rsquo;Energie repre\u0301sente la Re\u0301publique de Djibouti a\u0300 cette re\u0301union du Groupe Afrique de l\u2019ISA qui s\u2019est tenue du 30 aou\u0302t au 1er septembre 2023.<\/p>\n<p>Organise\u0301e chaque anne\u0301e avant l\u2019ouverture de l\u2019Assemble\u0301e Ge\u0301ne\u0301rale de l\u2019ISA (pre\u0301vue cette anne\u0301e, a\u0300 New Delhi, dans la capitale indienne, du 30 octobre au 1er novembre 2023), cette assise, rendez-vous important des acteurs cle\u0301s du secteur de l\u2019e\u0301nergie solaire africain, a re\u0301uni des centaines de participants venus de tout le continent africain, plus particulie\u0300rement les ministres de l\u2019Energie de plus de 38 pays africains membres de l\u2019ISA.<\/p>\n<p>Plus d\u2019une douzaine de points e\u0301taient inscrits a\u0300 l\u2019ordre du jour de cette 5e\u0300me e\u0301dition de la re\u0301union re\u0301gional de l\u2019ISA pour la re\u0301gion Afrique.<\/p>\n<p>Les e\u0301changes entre les diffe\u0301rentes de\u0301le\u0301gations africaines ont porte\u0301 sur la meilleure fac\u0327on de mener la re\u0301flexion sur les proble\u0301matiques, les difficulte\u0301s et les contraintes rencontre\u0301es, sur la proposition des solutions concre\u0300tes, durables et pe\u0301rennes aux proble\u0301matiques e\u0301voque\u0301es.<\/p>\n<p>Lors de son intervention, le ministre de l\u2019Energie, charge\u0301 des Ressources Naturelles, M. Yonis Ali Guedi, a mis l\u2019accent sur l\u2019impe\u0301rieuse ne\u0301cessite\u0301 de dynamiser les activite\u0301s de l\u2019Alliance Solaire Internationale en vue de concre\u0301tiser des nombreux projets e\u0301nerge\u0301tiques solaires au profit des pays africains en ge\u0301ne\u0301ral et de notre pays en particulier.<\/p>\n<p>Le ministre a ensuite demande\u0301 l\u2019appui technique de l\u2019ISA afin de permettre a\u0300 notre pays de produire des panneaux solaires photovoltai\u0308ques adapte\u0301s a\u0300 nos conditions climatiques avec des tempe\u0301ratures e\u0301leve\u0301es.<\/p>\n<p>M. Yonis Ali Guedi a sugge\u0301re\u0301 aux responsables de l\u2019Alliance Solaire Internationale, de faciliter les investissements dans le solaire en collaboration avec les partenaires au de\u0301veloppement (Banque Mondiale, Banque Africaine de De\u0301veloppement, etc.).<\/p>\n<p>En attendant la cre\u0301ation du centre STAR-C a\u0300 Djibouti, il a demande\u0301 l\u2019utilisation des centres de\u0301ja\u0300 existants afin de former et de renforcer les compe\u0301tences des inge\u0301nieurs Djiboutiens aux techniques et technologies solaires.<\/p>\n<p>Il a clo\u0302t son intervention en fe\u0301licitant le Directeur Ge\u0301ne\u0301ral de l\u2019ISA pour les re\u0301sultats atteints depuis sa nomination a\u0300 la te\u0302te de l\u2019ISA a\u0300 nos jours.<\/p>\n<p>A l\u2019issue des longues discussions franches et constructives, les pays africains membres de l\u2019ISA ont formule\u0301 des recommandations pertinentes sur tous les points inscrits a\u0300 l\u2019ordre du jour de cette 5e\u0300me re\u0301union re\u0301gionale de l\u2019ISA pour la Re\u0301gion Afrique.<\/p>\n<p>Il convient enfin de noter que l\u2019Alliance Solaire Internationale, co-pre\u0301side\u0301e par l\u2019Inde et la France, est une organisation qui regroupe plus de 121 pays pour la plupart parmi les plus ensoleille\u0301s du monde se situant entre les tropiques du Cancer et du Capricorne.<\/p>\n<p>Son objectif est d&rsquo;encourager les pays membres a\u0300 une meilleure exploitation de l&rsquo;e\u0301nergie solaire pour re\u0301duire leur de\u0301pendance aux combustibles fossiles.<\/p>\n<p>Depuis sa cre\u0301ation en 2015, en marge de la COP 21, Confe\u0301rence de Paris sur le Climat, elle joue un ro\u0302le fondamental dans l\u2019acce\u0301le\u0301ration du de\u0301ploiement de l\u2019e\u0301nergie solaire dans les pays de la zone intertropicale notamment en Afrique.<\/p>\n<p>En pre\u0301sence de repre\u0301sentants de chaque pays membre, l\u2019ISA de\u0301libe\u0300re sur des questions de fond et e\u0301value e\u0301galement la mise en \u0153uvre des programmes et des activite\u0301s mene\u0301es au cours de l\u2019anne\u0301e e\u0301coule\u0301e.<\/p>\n<p>Le ministre de l\u2019Energie, charge\u0301 des Ressources Naturelles, M. Yonis Ali Guedi, a participe\u0301 a\u0300 la 5e\u0300me re\u0301union re\u0301gionale de l\u2019Alliance Solaire Internationale pour la Re\u0301gion Afrique dont les travaux ont de\u0301bute\u0301 hier a\u0300 Kigali, au Rwanda.<\/p>\n<p>A la te\u0302te d\u2019une de\u0301le\u0301gation compose\u0301e de son conseiller technique, M. Mahdi Waberi Hassan, et du directeur de l\u2019e\u0301nergie, M. Gouled Mohamed Djama, le ministre de l&rsquo;Energie repre\u0301sente la Re\u0301publique de Djibouti a\u0300 cette re\u0301union du Groupe Afrique de l\u2019ISA qui s\u2019est tenue du 30 aou\u0302t au 1er septembre 2023.<\/p>\n<p>Organise\u0301e chaque anne\u0301e avant l\u2019ouverture de l\u2019Assemble\u0301e Ge\u0301ne\u0301rale de l\u2019ISA (pre\u0301vue cette anne\u0301e, a\u0300 New Delhi, dans la capitale indienne, du 30 octobre au 1er novembre 2023), cette assise, rendez-vous important des acteurs cle\u0301s du secteur de l\u2019e\u0301nergie solaire africain, a re\u0301uni des centaines de participants venus de tout le continent africain, plus particulie\u0300rement les ministres de l\u2019Energie de plus de 38 pays africains membres de l\u2019ISA.<\/p>\n<p>Plus d\u2019une douzaine de points e\u0301taient inscrits a\u0300 l\u2019ordre du jour de cette 5e\u0300me e\u0301dition de la re\u0301union re\u0301gional de l\u2019ISA pour la re\u0301gion Afrique.<\/p>\n<p>Les e\u0301changes entre les diffe\u0301rentes de\u0301le\u0301gations africaines ont porte\u0301 sur la meilleure fac\u0327on de mener la re\u0301flexion sur les proble\u0301matiques, les difficulte\u0301s et les contraintes rencontre\u0301es, sur la proposition des solutions concre\u0300tes, durables et pe\u0301rennes aux proble\u0301matiques e\u0301voque\u0301es.<\/p>\n<p>Lors de son intervention, le ministre de l\u2019Energie, charge\u0301 des Ressources Naturelles, M. Yonis Ali Guedi, a mis l\u2019accent sur l\u2019impe\u0301rieuse ne\u0301cessite\u0301 de dynamiser les activite\u0301s de l\u2019Alliance Solaire Internationale en vue de concre\u0301tiser des nombreux projets e\u0301nerge\u0301tiques solaires au profit des pays africains en ge\u0301ne\u0301ral et de notre pays en particulier.<\/p>\n<p>Le ministre a ensuite demande\u0301 l\u2019appui technique de l\u2019ISA afin de permettre a\u0300 notre pays de produire des panneaux solaires photovoltai\u0308ques adapte\u0301s a\u0300 nos conditions climatiques avec des tempe\u0301ratures e\u0301leve\u0301es.<\/p>\n<p>M. Yonis Ali Guedi a sugge\u0301re\u0301 aux responsables de l\u2019Alliance Solaire Internationale, de faciliter les investissements dans le solaire en collaboration avec les partenaires au de\u0301veloppement (Banque Mondiale, Banque Africaine de De\u0301veloppement, etc.).<\/p>\n<p>En attendant la cre\u0301ation du centre STAR-C a\u0300 Djibouti, il a demande\u0301 l\u2019utilisation des centres de\u0301ja\u0300 existants afin de former et de renforcer les compe\u0301tences des inge\u0301nieurs Djiboutiens aux techniques et technologies solaires.<\/p>\n<p>Il a clo\u0302t son intervention en fe\u0301licitant le Directeur Ge\u0301ne\u0301ral de l\u2019ISA pour les re\u0301sultats atteints depuis sa nomination a\u0300 la te\u0302te de l\u2019ISA a\u0300 nos jours.<\/p>\n<p>A l\u2019issue des longues discussions franches et constructives, les pays africains membres de l\u2019ISA ont formule\u0301 des recommandations pertinentes sur tous les points inscrits a\u0300 l\u2019ordre du jour de cette 5e\u0300me re\u0301union re\u0301gionale de l\u2019ISA pour la Re\u0301gion Afrique.<\/p>\n<p>Il convient enfin de noter que l\u2019Alliance Solaire Internationale, co-pre\u0301side\u0301e par l\u2019Inde et la France, est une organisation qui regroupe plus de 121 pays pour la plupart parmi les plus ensoleille\u0301s du monde se situant entre les tropiques du Cancer et du Capricorne.<\/p>\n<p>Son objectif est d&rsquo;encourager les pays membres a\u0300 une meilleure exploitation de l&rsquo;e\u0301nergie solaire pour re\u0301duire leur de\u0301pendance aux combustibles fossiles.<\/p>\n<p>Depuis sa cre\u0301ation en 2015, en marge de la COP 21, Confe\u0301rence de Paris sur le Climat, elle joue un ro\u0302le fondamental dans l\u2019acce\u0301le\u0301ration du de\u0301ploiement de l\u2019e\u0301nergie solaire dans les pays de la zone intertropicale notamment en Afrique.<\/p>\n<p>En pre\u0301sence de repre\u0301sentants de chaque pays membre, l\u2019ISA de\u0301libe\u0300re sur des questions de fond et e\u0301value e\u0301galement la mise en \u0153uvre des programmes et des activite\u0301s mene\u0301es au cours de l\u2019anne\u0301e e\u0301coule\u0301e.<\/p>\n<p><strong>Pour plus d&rsquo;informations et d&rsquo;analyses sur la <a href=\"https:\/\/www.africa-press.net\/djibouti\">Djibouti<\/a>, suivez <a href=\"https:\/\/www.africa-press.net\/\">Africa-Press<\/a><\/strong><\/p>\n","protected":false},"excerpt":{"rendered":"<p>Africa-Press &#8211; Djibouti. Le ministre de l\u2019Energie, charge\u0301 des Ressources Naturelles, M. Yonis Ali Guedi, a participe\u0301 a\u0300 la 5e\u0300me re\u0301union re\u0301gionale de l\u2019Alliance Solaire Internationale pour la Re\u0301gion Afrique dont les travaux ont de\u0301bute\u0301 hier a\u0300 Kigali, au Rwanda. A la te\u0302te d\u2019une de\u0301le\u0301gation compose\u0301e de son conseiller technique, M. Mahdi Waberi Hassan, et [&hellip;]<\/p>\n","protected":false},"author":82,"featured_media":17289,"comment_status":"open","ping_status":"closed","sticky":false,"template":"","format":"standard","meta":{"footnotes":""},"categories":[2,20,10],"tags":[36,49,50],"class_list":["post-17290","post","type-post","status-publish","format-standard","has-post-thumbnail","hentry","category-politique","category-top-nouvelles","category-toutes-les-actualites","tag-africa-press","tag-africa-press-djibouti","tag-djibouti"],"yoast_head":"<!-- This site is optimized with the Yoast SEO Premium plugin v26.1 (Yoast SEO v27.0) - https:\/\/yoast.com\/product\/yoast-seo-premium-wordpress\/ -->\n<title>Ouverture \u00e0 Kigali, au Rwanda des travaux de la 5\u00e8me r\u00e9union r\u00e9gionale de l\u2019Alliance Solaire Internationale (ISA) pour la R\u00e9gion Afrique - Djibouti<\/title>\n<meta name=\"description\" content=\"Le ministre de l\u2019Energie, charge\u0301 des Ressources Naturelles, M. Yonis Ali Guedi, a participe\u0301 a\u0300 la 5e\u0300me re\u0301union re\u0301gi ...\" \/>\n<meta name=\"robots\" content=\"index, follow, max-snippet:-1, max-image-preview:large, max-video-preview:-1\" \/>\n<link rel=\"canonical\" href=\"https:\/\/www.africa-press.net\/djibouti\/politique\/ouverture-a-kigali-au-rwanda-des-travaux-de-la-5eme-reunion-regionale-de-lalliance-solaire-internationale-isa-pour-la-region-afrique\" \/>\n<meta property=\"og:locale\" content=\"fr_FR\" \/>\n<meta property=\"og:type\" content=\"article\" \/>\n<meta property=\"og:title\" content=\"Ouverture \u00e0 Kigali, au Rwanda des travaux de la 5\u00e8me r\u00e9union r\u00e9gionale de l\u2019Alliance Solaire Internationale (ISA) pour la R\u00e9gion Afrique\" \/>\n<meta property=\"og:description\" content=\"Le ministre de l\u2019Energie, charge\u0301 des Ressources Naturelles, M. Yonis Ali Guedi, a participe\u0301 a\u0300 la 5e\u0300me re\u0301union re\u0301gi ...\" \/>\n<meta property=\"og:url\" content=\"https:\/\/www.africa-press.net\/djibouti\/politique\/ouverture-a-kigali-au-rwanda-des-travaux-de-la-5eme-reunion-regionale-de-lalliance-solaire-internationale-isa-pour-la-region-afrique\" \/>\n<meta property=\"og:site_name\" content=\"Djibouti\" \/>\n<meta property=\"article:published_time\" content=\"2023-09-02T13:42:49+00:00\" \/>\n<meta property=\"article:modified_time\" content=\"2023-09-02T14:26:46+00:00\" \/>\n<meta property=\"og:image\" content=\"https:\/\/static.africa-press.net\/djibouti\/sites\/52\/2023\/09\/sm_1693651979.235012.jpg\" \/>\n\t<meta property=\"og:image:width\" content=\"742\" \/>\n\t<meta property=\"og:image:height\" content=\"495\" \/>\n\t<meta property=\"og:image:type\" content=\"image\/jpeg\" \/>\n<meta name=\"author\" content=\"cfeditorfr\" \/>\n<meta name=\"twitter:card\" content=\"summary_large_image\" \/>\n<meta name=\"twitter:label1\" content=\"\u00c9crit par\" \/>\n\t<meta name=\"twitter:data1\" content=\"cfeditorfr\" \/>\n\t<meta name=\"twitter:label2\" content=\"Dur\u00e9e de lecture estim\u00e9e\" \/>\n\t<meta name=\"twitter:data2\" content=\"6 minutes\" \/>\n<script type=\"application\/ld+json\" class=\"yoast-schema-graph\">{\"@context\":\"https:\/\/schema.org\",\"@graph\":[{\"@type\":\"Article\",\"@id\":\"https:\/\/www.africa-press.net\/djibouti\/politique\/ouverture-a-kigali-au-rwanda-des-travaux-de-la-5eme-reunion-regionale-de-lalliance-solaire-internationale-isa-pour-la-region-afrique#article\",\"isPartOf\":{\"@id\":\"https:\/\/www.africa-press.net\/djibouti\/politique\/ouverture-a-kigali-au-rwanda-des-travaux-de-la-5eme-reunion-regionale-de-lalliance-solaire-internationale-isa-pour-la-region-afrique\"},\"author\":{\"name\":\"cfeditorfr\",\"@id\":\"https:\/\/www.africa-press.net\/djibouti\/#\/schema\/person\/2b1cf3cd81a31e3cd26889ca66d677f1\"},\"headline\":\"Ouverture \u00e0 Kigali, au Rwanda des travaux de la 5\u00e8me r\u00e9union r\u00e9gionale de l\u2019Alliance Solaire Internationale (ISA) pour la R\u00e9gion Afrique\",\"datePublished\":\"2023-09-02T13:42:49+00:00\",\"dateModified\":\"2023-09-02T14:26:46+00:00\",\"mainEntityOfPage\":{\"@id\":\"https:\/\/www.africa-press.net\/djibouti\/politique\/ouverture-a-kigali-au-rwanda-des-travaux-de-la-5eme-reunion-regionale-de-lalliance-solaire-internationale-isa-pour-la-region-afrique\"},\"wordCount\":1431,\"commentCount\":0,\"image\":{\"@id\":\"https:\/\/www.africa-press.net\/djibouti\/politique\/ouverture-a-kigali-au-rwanda-des-travaux-de-la-5eme-reunion-regionale-de-lalliance-solaire-internationale-isa-pour-la-region-afrique#primaryimage\"},\"thumbnailUrl\":\"https:\/\/static.africa-press.net\/djibouti\/sites\/52\/2023\/09\/sm_1693651979.235012.jpg\",\"keywords\":[\"Africa Press\",\"Africa Press-Djibouti\",\"Djibouti\"],\"articleSection\":[\"Politique\",\"Top Nouvelles\",\"Toutes les actualit\u00e9s\"],\"inLanguage\":\"fr-FR\",\"potentialAction\":[{\"@type\":\"CommentAction\",\"name\":\"Comment\",\"target\":[\"https:\/\/www.africa-press.net\/djibouti\/politique\/ouverture-a-kigali-au-rwanda-des-travaux-de-la-5eme-reunion-regionale-de-lalliance-solaire-internationale-isa-pour-la-region-afrique#respond\"]}]},{\"@type\":\"WebPage\",\"@id\":\"https:\/\/www.africa-press.net\/djibouti\/politique\/ouverture-a-kigali-au-rwanda-des-travaux-de-la-5eme-reunion-regionale-de-lalliance-solaire-internationale-isa-pour-la-region-afrique\",\"url\":\"https:\/\/www.africa-press.net\/djibouti\/politique\/ouverture-a-kigali-au-rwanda-des-travaux-de-la-5eme-reunion-regionale-de-lalliance-solaire-internationale-isa-pour-la-region-afrique\",\"name\":\"Ouverture \u00e0 Kigali, au Rwanda des travaux de la 5\u00e8me r\u00e9union r\u00e9gionale de l\u2019Alliance Solaire Internationale (ISA) pour la R\u00e9gion Afrique - Djibouti\",\"isPartOf\":{\"@id\":\"https:\/\/www.africa-press.net\/djibouti\/#website\"},\"primaryImageOfPage\":{\"@id\":\"https:\/\/www.africa-press.net\/djibouti\/politique\/ouverture-a-kigali-au-rwanda-des-travaux-de-la-5eme-reunion-regionale-de-lalliance-solaire-internationale-isa-pour-la-region-afrique#primaryimage\"},\"image\":{\"@id\":\"https:\/\/www.africa-press.net\/djibouti\/politique\/ouverture-a-kigali-au-rwanda-des-travaux-de-la-5eme-reunion-regionale-de-lalliance-solaire-internationale-isa-pour-la-region-afrique#primaryimage\"},\"thumbnailUrl\":\"https:\/\/static.africa-press.net\/djibouti\/sites\/52\/2023\/09\/sm_1693651979.235012.jpg\",\"datePublished\":\"2023-09-02T13:42:49+00:00\",\"dateModified\":\"2023-09-02T14:26:46+00:00\",\"author\":{\"@id\":\"https:\/\/www.africa-press.net\/djibouti\/#\/schema\/person\/2b1cf3cd81a31e3cd26889ca66d677f1\"},\"description\":\"Le ministre de l\u2019Energie, charge\u0301 des Ressources Naturelles, M. Yonis Ali Guedi, a participe\u0301 a\u0300 la 5e\u0300me re\u0301union re\u0301gi ...\",\"breadcrumb\":{\"@id\":\"https:\/\/www.africa-press.net\/djibouti\/politique\/ouverture-a-kigali-au-rwanda-des-travaux-de-la-5eme-reunion-regionale-de-lalliance-solaire-internationale-isa-pour-la-region-afrique#breadcrumb\"},\"inLanguage\":\"fr-FR\",\"potentialAction\":[{\"@type\":\"ReadAction\",\"target\":[\"https:\/\/www.africa-press.net\/djibouti\/politique\/ouverture-a-kigali-au-rwanda-des-travaux-de-la-5eme-reunion-regionale-de-lalliance-solaire-internationale-isa-pour-la-region-afrique\"]}]},{\"@type\":\"ImageObject\",\"inLanguage\":\"fr-FR\",\"@id\":\"https:\/\/www.africa-press.net\/djibouti\/politique\/ouverture-a-kigali-au-rwanda-des-travaux-de-la-5eme-reunion-regionale-de-lalliance-solaire-internationale-isa-pour-la-region-afrique#primaryimage\",\"url\":\"https:\/\/static.africa-press.net\/djibouti\/sites\/52\/2023\/09\/sm_1693651979.235012.jpg\",\"contentUrl\":\"https:\/\/static.africa-press.net\/djibouti\/sites\/52\/2023\/09\/sm_1693651979.235012.jpg\",\"width\":742,\"height\":495,\"caption\":\"Ouverture \u00e0 Kigali, au Rwanda des travaux de la 5\u00e8me r\u00e9union r\u00e9gionale de l\u2019Alliance Solaire Internationale (ISA) pour la R\u00e9gion Afrique\"},{\"@type\":\"BreadcrumbList\",\"@id\":\"https:\/\/www.africa-press.net\/djibouti\/politique\/ouverture-a-kigali-au-rwanda-des-travaux-de-la-5eme-reunion-regionale-de-lalliance-solaire-internationale-isa-pour-la-region-afrique#breadcrumb\",\"itemListElement\":[{\"@type\":\"ListItem\",\"position\":1,\"name\":\"Accueil\",\"item\":\"https:\/\/www.africa-press.net\/djibouti\/\"},{\"@type\":\"ListItem\",\"position\":2,\"name\":\"Ouverture \u00e0 Kigali, au Rwanda des travaux de la 5\u00e8me r\u00e9union r\u00e9gionale de l\u2019Alliance Solaire Internationale (ISA) pour la R\u00e9gion Afrique\"}]},{\"@type\":\"WebSite\",\"@id\":\"https:\/\/www.africa-press.net\/djibouti\/#website\",\"url\":\"https:\/\/www.africa-press.net\/djibouti\/\",\"name\":\"Djibouti\",\"description\":\"Just another Africa News Agency Sites site\",\"potentialAction\":[{\"@type\":\"SearchAction\",\"target\":{\"@type\":\"EntryPoint\",\"urlTemplate\":\"https:\/\/www.africa-press.net\/djibouti\/?s={search_term_string}\"},\"query-input\":{\"@type\":\"PropertyValueSpecification\",\"valueRequired\":true,\"valueName\":\"search_term_string\"}}],\"inLanguage\":\"fr-FR\"},{\"@type\":\"Person\",\"@id\":\"https:\/\/www.africa-press.net\/djibouti\/#\/schema\/person\/2b1cf3cd81a31e3cd26889ca66d677f1\",\"name\":\"cfeditorfr\"}]}<\/script>\n<!-- \/ Yoast SEO Premium plugin. -->","yoast_head_json":{"title":"Ouverture \u00e0 Kigali, au Rwanda des travaux de la 5\u00e8me r\u00e9union r\u00e9gionale de l\u2019Alliance Solaire Internationale (ISA) pour la R\u00e9gion Afrique - Djibouti","description":"Le ministre de l\u2019Energie, charge\u0301 des Ressources Naturelles, M. Yonis Ali Guedi, a participe\u0301 a\u0300 la 5e\u0300me re\u0301union re\u0301gi ...","robots":{"index":"index","follow":"follow","max-snippet":"max-snippet:-1","max-image-preview":"max-image-preview:large","max-video-preview":"max-video-preview:-1"},"canonical":"https:\/\/www.africa-press.net\/djibouti\/politique\/ouverture-a-kigali-au-rwanda-des-travaux-de-la-5eme-reunion-regionale-de-lalliance-solaire-internationale-isa-pour-la-region-afrique","og_locale":"fr_FR","og_type":"article","og_title":"Ouverture \u00e0 Kigali, au Rwanda des travaux de la 5\u00e8me r\u00e9union r\u00e9gionale de l\u2019Alliance Solaire Internationale (ISA) pour la R\u00e9gion Afrique","og_description":"Le ministre de l\u2019Energie, charge\u0301 des Ressources Naturelles, M. Yonis Ali Guedi, a participe\u0301 a\u0300 la 5e\u0300me re\u0301union re\u0301gi ...","og_url":"https:\/\/www.africa-press.net\/djibouti\/politique\/ouverture-a-kigali-au-rwanda-des-travaux-de-la-5eme-reunion-regionale-de-lalliance-solaire-internationale-isa-pour-la-region-afrique","og_site_name":"Djibouti","article_published_time":"2023-09-02T13:42:49+00:00","article_modified_time":"2023-09-02T14:26:46+00:00","og_image":[{"width":742,"height":495,"url":"https:\/\/static.africa-press.net\/djibouti\/sites\/52\/2023\/09\/sm_1693651979.235012.jpg","type":"image\/jpeg"}],"author":"cfeditorfr","twitter_card":"summary_large_image","twitter_misc":{"\u00c9crit par":"cfeditorfr","Dur\u00e9e de lecture estim\u00e9e":"6 minutes"},"schema":{"@context":"https:\/\/schema.org","@graph":[{"@type":"Article","@id":"https:\/\/www.africa-press.net\/djibouti\/politique\/ouverture-a-kigali-au-rwanda-des-travaux-de-la-5eme-reunion-regionale-de-lalliance-solaire-internationale-isa-pour-la-region-afrique#article","isPartOf":{"@id":"https:\/\/www.africa-press.net\/djibouti\/politique\/ouverture-a-kigali-au-rwanda-des-travaux-de-la-5eme-reunion-regionale-de-lalliance-solaire-internationale-isa-pour-la-region-afrique"},"author":{"name":"cfeditorfr","@id":"https:\/\/www.africa-press.net\/djibouti\/#\/schema\/person\/2b1cf3cd81a31e3cd26889ca66d677f1"},"headline":"Ouverture \u00e0 Kigali, au Rwanda des travaux de la 5\u00e8me r\u00e9union r\u00e9gionale de l\u2019Alliance Solaire Internationale (ISA) pour la R\u00e9gion Afrique","datePublished":"2023-09-02T13:42:49+00:00","dateModified":"2023-09-02T14:26:46+00:00","mainEntityOfPage":{"@id":"https:\/\/www.africa-press.net\/djibouti\/politique\/ouverture-a-kigali-au-rwanda-des-travaux-de-la-5eme-reunion-regionale-de-lalliance-solaire-internationale-isa-pour-la-region-afrique"},"wordCount":1431,"commentCount":0,"image":{"@id":"https:\/\/www.africa-press.net\/djibouti\/politique\/ouverture-a-kigali-au-rwanda-des-travaux-de-la-5eme-reunion-regionale-de-lalliance-solaire-internationale-isa-pour-la-region-afrique#primaryimage"},"thumbnailUrl":"https:\/\/static.africa-press.net\/djibouti\/sites\/52\/2023\/09\/sm_1693651979.235012.jpg","keywords":["Africa Press","Africa Press-Djibouti","Djibouti"],"articleSection":["Politique","Top Nouvelles","Toutes les actualit\u00e9s"],"inLanguage":"fr-FR","potentialAction":[{"@type":"CommentAction","name":"Comment","target":["https:\/\/www.africa-press.net\/djibouti\/politique\/ouverture-a-kigali-au-rwanda-des-travaux-de-la-5eme-reunion-regionale-de-lalliance-solaire-internationale-isa-pour-la-region-afrique#respond"]}]},{"@type":"WebPage","@id":"https:\/\/www.africa-press.net\/djibouti\/politique\/ouverture-a-kigali-au-rwanda-des-travaux-de-la-5eme-reunion-regionale-de-lalliance-solaire-internationale-isa-pour-la-region-afrique","url":"https:\/\/www.africa-press.net\/djibouti\/politique\/ouverture-a-kigali-au-rwanda-des-travaux-de-la-5eme-reunion-regionale-de-lalliance-solaire-internationale-isa-pour-la-region-afrique","name":"Ouverture \u00e0 Kigali, au Rwanda des travaux de la 5\u00e8me r\u00e9union r\u00e9gionale de l\u2019Alliance Solaire Internationale (ISA) pour la R\u00e9gion Afrique - Djibouti","isPartOf":{"@id":"https:\/\/www.africa-press.net\/djibouti\/#website"},"primaryImageOfPage":{"@id":"https:\/\/www.africa-press.net\/djibouti\/politique\/ouverture-a-kigali-au-rwanda-des-travaux-de-la-5eme-reunion-regionale-de-lalliance-solaire-internationale-isa-pour-la-region-afrique#primaryimage"},"image":{"@id":"https:\/\/www.africa-press.net\/djibouti\/politique\/ouverture-a-kigali-au-rwanda-des-travaux-de-la-5eme-reunion-regionale-de-lalliance-solaire-internationale-isa-pour-la-region-afrique#primaryimage"},"thumbnailUrl":"https:\/\/static.africa-press.net\/djibouti\/sites\/52\/2023\/09\/sm_1693651979.235012.jpg","datePublished":"2023-09-02T13:42:49+00:00","dateModified":"2023-09-02T14:26:46+00:00","author":{"@id":"https:\/\/www.africa-press.net\/djibouti\/#\/schema\/person\/2b1cf3cd81a31e3cd26889ca66d677f1"},"description":"Le ministre de l\u2019Energie, charge\u0301 des Ressources Naturelles, M. Yonis Ali Guedi, a participe\u0301 a\u0300 la 5e\u0300me re\u0301union re\u0301gi ...","breadcrumb":{"@id":"https:\/\/www.africa-press.net\/djibouti\/politique\/ouverture-a-kigali-au-rwanda-des-travaux-de-la-5eme-reunion-regionale-de-lalliance-solaire-internationale-isa-pour-la-region-afrique#breadcrumb"},"inLanguage":"fr-FR","potentialAction":[{"@type":"ReadAction","target":["https:\/\/www.africa-press.net\/djibouti\/politique\/ouverture-a-kigali-au-rwanda-des-travaux-de-la-5eme-reunion-regionale-de-lalliance-solaire-internationale-isa-pour-la-region-afrique"]}]},{"@type":"ImageObject","inLanguage":"fr-FR","@id":"https:\/\/www.africa-press.net\/djibouti\/politique\/ouverture-a-kigali-au-rwanda-des-travaux-de-la-5eme-reunion-regionale-de-lalliance-solaire-internationale-isa-pour-la-region-afrique#primaryimage","url":"https:\/\/static.africa-press.net\/djibouti\/sites\/52\/2023\/09\/sm_1693651979.235012.jpg","contentUrl":"https:\/\/static.africa-press.net\/djibouti\/sites\/52\/2023\/09\/sm_1693651979.235012.jpg","width":742,"height":495,"caption":"Ouverture \u00e0 Kigali, au Rwanda des travaux de la 5\u00e8me r\u00e9union r\u00e9gionale de l\u2019Alliance Solaire Internationale (ISA) pour la R\u00e9gion Afrique"},{"@type":"BreadcrumbList","@id":"https:\/\/www.africa-press.net\/djibouti\/politique\/ouverture-a-kigali-au-rwanda-des-travaux-de-la-5eme-reunion-regionale-de-lalliance-solaire-internationale-isa-pour-la-region-afrique#breadcrumb","itemListElement":[{"@type":"ListItem","position":1,"name":"Accueil","item":"https:\/\/www.africa-press.net\/djibouti\/"},{"@type":"ListItem","position":2,"name":"Ouverture \u00e0 Kigali, au Rwanda des travaux de la 5\u00e8me r\u00e9union r\u00e9gionale de l\u2019Alliance Solaire Internationale (ISA) pour la R\u00e9gion Afrique"}]},{"@type":"WebSite","@id":"https:\/\/www.africa-press.net\/djibouti\/#website","url":"https:\/\/www.africa-press.net\/djibouti\/","name":"Djibouti","description":"Just another Africa News Agency Sites site","potentialAction":[{"@type":"SearchAction","target":{"@type":"EntryPoint","urlTemplate":"https:\/\/www.africa-press.net\/djibouti\/?s={search_term_string}"},"query-input":{"@type":"PropertyValueSpecification","valueRequired":true,"valueName":"search_term_string"}}],"inLanguage":"fr-FR"},{"@type":"Person","@id":"https:\/\/www.africa-press.net\/djibouti\/#\/schema\/person\/2b1cf3cd81a31e3cd26889ca66d677f1","name":"cfeditorfr"}]}},"_links":{"self":[{"href":"https:\/\/www.africa-press.net\/djibouti\/wp-json\/wp\/v2\/posts\/17290","targetHints":{"allow":["GET"]}}],"collection":[{"href":"https:\/\/www.africa-press.net\/djibouti\/wp-json\/wp\/v2\/posts"}],"about":[{"href":"https:\/\/www.africa-press.net\/djibouti\/wp-json\/wp\/v2\/types\/post"}],"author":[{"embeddable":true,"href":"https:\/\/www.africa-press.net\/djibouti\/wp-json\/wp\/v2\/users\/82"}],"replies":[{"embeddable":true,"href":"https:\/\/www.africa-press.net\/djibouti\/wp-json\/wp\/v2\/comments?post=17290"}],"version-history":[{"count":0,"href":"https:\/\/www.africa-press.net\/djibouti\/wp-json\/wp\/v2\/posts\/17290\/revisions"}],"wp:featuredmedia":[{"embeddable":true,"href":"https:\/\/www.africa-press.net\/djibouti\/wp-json\/wp\/v2\/media\/17289"}],"wp:attachment":[{"href":"https:\/\/www.africa-press.net\/djibouti\/wp-json\/wp\/v2\/media?parent=17290"}],"wp:term":[{"taxonomy":"category","embeddable":true,"href":"https:\/\/www.africa-press.net\/djibouti\/wp-json\/wp\/v2\/categories?post=17290"},{"taxonomy":"post_tag","embeddable":true,"href":"https:\/\/www.africa-press.net\/djibouti\/wp-json\/wp\/v2\/tags?post=17290"}],"curies":[{"name":"wp","href":"https:\/\/api.w.org\/{rel}","templated":true}]}}