{"id":17294,"date":"2023-09-02T14:02:36","date_gmt":"2023-09-02T14:02:36","guid":{"rendered":"https:\/\/www.africa-press.net\/djibouti\/politique\/le-secretaire-general-de-lonu-denonce-la-vague-des-coups-detat-en-afrique"},"modified":"2023-09-02T15:18:05","modified_gmt":"2023-09-02T15:18:05","slug":"le-secretaire-general-de-lonu-denonce-la-vague-des-coups-detat-en-afrique","status":"publish","type":"post","link":"https:\/\/www.africa-press.net\/djibouti\/politique\/le-secretaire-general-de-lonu-denonce-la-vague-des-coups-detat-en-afrique","title":{"rendered":"Le secr\u00e9taire g\u00e9n\u00e9ral de l\u2019ONU d\u00e9nonce la vague des coups d\u2019Etat en Afrique"},"content":{"rendered":"<p><span style=\"color: #ff6600\"><strong>Africa-Press &#8211; Djibouti. <\/strong><\/span>Burkina Faso, Mali, Guine\u0301e, Niger et Gabon. L\u2019Afrique a enregistre\u0301 beaucoup de coups d\u2019Etat depuis 2020. Un retour en force des militaires qui passe mal pour le secre\u0301taire ge\u0301ne\u0301ral des Nations unies.<\/p>\n<p>Pour Antonio Guterres, ces putschs ne sauraient e\u0302tre l\u2019alternative aux maux qui gangre\u0300nent le continent.<\/p>\n<p>\u201cDe nombreux pays sont confronte\u0301s a\u0300 des proble\u0300mes de gouvernance profonde\u0301ment ancre\u0301s, mais les gouvernements militaires ne sont pas la solution. Ils aggravent les proble\u0300mes. Ils ne peuvent pas re\u0301soudre la crise. Ils ne peuvent que l\u2019aggraver. J\u2019exhorte tous les pays a\u0300 agir rapidement pour mettre en place des institutions de\u0301mocratiques cre\u0301dibles et l\u2019E\u0301tat de droit\u201d, a de\u0301clare\u0301 le secre\u0301taire ge\u0301ne\u0301ral de l\u2019ONU ce 1er septembre.<\/p>\n<p>Antonio Guterres avait \u201cfermement\u201d condamne\u0301 le putsch \u201ccomme moyen de re\u0301soudre la crise post-e\u0301lectorale\u201d, au Gabon.<\/p>\n<p>Le nouvel homme fort du Gabon, le ge\u0301ne\u0301ral Brice Oligui Nguema, sera intronise\u0301 lundi 4 septembre prochain comme pre\u0301sident d\u2019un pouvoir de \u201ctransition\u201d a\u0300 la dure\u0301e encore inde\u0301termine\u0301e mais l\u2019opposition exhorte les putschistes a\u0300 reconnai\u0302tre pluto\u0302t la \u201cvictoire\u201d de son candidat a\u0300 la pre\u0301sidentielle.<\/p>\n<p><strong>Pour plus d&rsquo;informations et d&rsquo;analyses sur la <a href=\"https:\/\/www.africa-press.net\/djibouti\">Djibouti<\/a>, suivez <a href=\"https:\/\/www.africa-press.net\/\">Africa-Press<\/a><\/strong><\/p>\n","protected":false},"excerpt":{"rendered":"<p>Africa-Press &#8211; Djibouti. Burkina Faso, Mali, Guine\u0301e, Niger et Gabon. L\u2019Afrique a enregistre\u0301 beaucoup de coups d\u2019Etat depuis 2020. Un retour en force des militaires qui passe mal pour le secre\u0301taire ge\u0301ne\u0301ral des Nations unies. Pour Antonio Guterres, ces putschs ne sauraient e\u0302tre l\u2019alternative aux maux qui gangre\u0300nent le continent. \u201cDe nombreux pays sont confronte\u0301s [&hellip;]<\/p>\n","protected":false},"author":82,"featured_media":17293,"comment_status":"open","ping_status":"closed","sticky":false,"template":"","format":"standard","meta":{"footnotes":""},"categories":[2,10],"tags":[36,49,50],"class_list":["post-17294","post","type-post","status-publish","format-standard","has-post-thumbnail","hentry","category-politique","category-toutes-les-actualites","tag-africa-press","tag-africa-press-djibouti","tag-djibouti"],"yoast_head":"<!-- This site is optimized with the Yoast SEO Premium plugin v26.1 (Yoast SEO v27.0) - https:\/\/yoast.com\/product\/yoast-seo-premium-wordpress\/ -->\n<title>Le secr\u00e9taire g\u00e9n\u00e9ral de l\u2019ONU d\u00e9nonce la vague des coups d\u2019Etat en Afrique - Djibouti<\/title>\n<meta name=\"description\" content=\"Burkina Faso, Mali, Guine\u0301e, Niger et Gabon. L\u2019Afrique a enregistre\u0301 beaucoup de coups d\u2019Etat depuis 2020. Un retour en ...\" \/>\n<meta name=\"robots\" content=\"index, follow, max-snippet:-1, max-image-preview:large, max-video-preview:-1\" \/>\n<link rel=\"canonical\" href=\"https:\/\/www.africa-press.net\/djibouti\/politique\/le-secretaire-general-de-lonu-denonce-la-vague-des-coups-detat-en-afrique\" \/>\n<meta property=\"og:locale\" content=\"fr_FR\" \/>\n<meta property=\"og:type\" content=\"article\" \/>\n<meta property=\"og:title\" content=\"Le secr\u00e9taire g\u00e9n\u00e9ral de l\u2019ONU d\u00e9nonce la vague des coups d\u2019Etat en Afrique\" \/>\n<meta property=\"og:description\" content=\"Burkina Faso, Mali, Guine\u0301e, Niger et Gabon. L\u2019Afrique a enregistre\u0301 beaucoup de coups d\u2019Etat depuis 2020. Un retour en ...\" \/>\n<meta property=\"og:url\" content=\"https:\/\/www.africa-press.net\/djibouti\/politique\/le-secretaire-general-de-lonu-denonce-la-vague-des-coups-detat-en-afrique\" \/>\n<meta property=\"og:site_name\" content=\"Djibouti\" \/>\n<meta property=\"article:published_time\" content=\"2023-09-02T14:02:36+00:00\" \/>\n<meta property=\"article:modified_time\" content=\"2023-09-02T15:18:05+00:00\" \/>\n<meta property=\"og:image\" content=\"https:\/\/static.africa-press.net\/djibouti\/sites\/52\/2023\/09\/sm_1693655225.749636.jpg\" \/>\n\t<meta property=\"og:image:width\" content=\"1024\" \/>\n\t<meta property=\"og:image:height\" content=\"716\" \/>\n\t<meta property=\"og:image:type\" content=\"image\/jpeg\" \/>\n<meta name=\"author\" content=\"cfeditorfr\" \/>\n<meta name=\"twitter:card\" content=\"summary_large_image\" \/>\n<meta name=\"twitter:label1\" content=\"\u00c9crit par\" \/>\n\t<meta name=\"twitter:data1\" content=\"cfeditorfr\" \/>\n\t<meta name=\"twitter:label2\" content=\"Dur\u00e9e de lecture estim\u00e9e\" \/>\n\t<meta name=\"twitter:data2\" content=\"1 minute\" \/>\n<script type=\"application\/ld+json\" class=\"yoast-schema-graph\">{\"@context\":\"https:\/\/schema.org\",\"@graph\":[{\"@type\":\"Article\",\"@id\":\"https:\/\/www.africa-press.net\/djibouti\/politique\/le-secretaire-general-de-lonu-denonce-la-vague-des-coups-detat-en-afrique#article\",\"isPartOf\":{\"@id\":\"https:\/\/www.africa-press.net\/djibouti\/politique\/le-secretaire-general-de-lonu-denonce-la-vague-des-coups-detat-en-afrique\"},\"author\":{\"name\":\"cfeditorfr\",\"@id\":\"https:\/\/www.africa-press.net\/djibouti\/#\/schema\/person\/2b1cf3cd81a31e3cd26889ca66d677f1\"},\"headline\":\"Le secr\u00e9taire g\u00e9n\u00e9ral de l\u2019ONU d\u00e9nonce la vague des coups d\u2019Etat en Afrique\",\"datePublished\":\"2023-09-02T14:02:36+00:00\",\"dateModified\":\"2023-09-02T15:18:05+00:00\",\"mainEntityOfPage\":{\"@id\":\"https:\/\/www.africa-press.net\/djibouti\/politique\/le-secretaire-general-de-lonu-denonce-la-vague-des-coups-detat-en-afrique\"},\"wordCount\":244,\"commentCount\":0,\"image\":{\"@id\":\"https:\/\/www.africa-press.net\/djibouti\/politique\/le-secretaire-general-de-lonu-denonce-la-vague-des-coups-detat-en-afrique#primaryimage\"},\"thumbnailUrl\":\"https:\/\/static.africa-press.net\/djibouti\/sites\/52\/2023\/09\/sm_1693655225.749636.jpg\",\"keywords\":[\"Africa Press\",\"Africa Press-Djibouti\",\"Djibouti\"],\"articleSection\":[\"Politique\",\"Toutes les actualit\u00e9s\"],\"inLanguage\":\"fr-FR\",\"potentialAction\":[{\"@type\":\"CommentAction\",\"name\":\"Comment\",\"target\":[\"https:\/\/www.africa-press.net\/djibouti\/politique\/le-secretaire-general-de-lonu-denonce-la-vague-des-coups-detat-en-afrique#respond\"]}]},{\"@type\":\"WebPage\",\"@id\":\"https:\/\/www.africa-press.net\/djibouti\/politique\/le-secretaire-general-de-lonu-denonce-la-vague-des-coups-detat-en-afrique\",\"url\":\"https:\/\/www.africa-press.net\/djibouti\/politique\/le-secretaire-general-de-lonu-denonce-la-vague-des-coups-detat-en-afrique\",\"name\":\"Le secr\u00e9taire g\u00e9n\u00e9ral de l\u2019ONU d\u00e9nonce la vague des coups d\u2019Etat en Afrique - Djibouti\",\"isPartOf\":{\"@id\":\"https:\/\/www.africa-press.net\/djibouti\/#website\"},\"primaryImageOfPage\":{\"@id\":\"https:\/\/www.africa-press.net\/djibouti\/politique\/le-secretaire-general-de-lonu-denonce-la-vague-des-coups-detat-en-afrique#primaryimage\"},\"image\":{\"@id\":\"https:\/\/www.africa-press.net\/djibouti\/politique\/le-secretaire-general-de-lonu-denonce-la-vague-des-coups-detat-en-afrique#primaryimage\"},\"thumbnailUrl\":\"https:\/\/static.africa-press.net\/djibouti\/sites\/52\/2023\/09\/sm_1693655225.749636.jpg\",\"datePublished\":\"2023-09-02T14:02:36+00:00\",\"dateModified\":\"2023-09-02T15:18:05+00:00\",\"author\":{\"@id\":\"https:\/\/www.africa-press.net\/djibouti\/#\/schema\/person\/2b1cf3cd81a31e3cd26889ca66d677f1\"},\"description\":\"Burkina Faso, Mali, Guine\u0301e, Niger et Gabon. L\u2019Afrique a enregistre\u0301 beaucoup de coups d\u2019Etat depuis 2020. Un retour en ...\",\"breadcrumb\":{\"@id\":\"https:\/\/www.africa-press.net\/djibouti\/politique\/le-secretaire-general-de-lonu-denonce-la-vague-des-coups-detat-en-afrique#breadcrumb\"},\"inLanguage\":\"fr-FR\",\"potentialAction\":[{\"@type\":\"ReadAction\",\"target\":[\"https:\/\/www.africa-press.net\/djibouti\/politique\/le-secretaire-general-de-lonu-denonce-la-vague-des-coups-detat-en-afrique\"]}]},{\"@type\":\"ImageObject\",\"inLanguage\":\"fr-FR\",\"@id\":\"https:\/\/www.africa-press.net\/djibouti\/politique\/le-secretaire-general-de-lonu-denonce-la-vague-des-coups-detat-en-afrique#primaryimage\",\"url\":\"https:\/\/static.africa-press.net\/djibouti\/sites\/52\/2023\/09\/sm_1693655225.749636.jpg\",\"contentUrl\":\"https:\/\/static.africa-press.net\/djibouti\/sites\/52\/2023\/09\/sm_1693655225.749636.jpg\",\"width\":1024,\"height\":716,\"caption\":\"Le secr\u00e9taire g\u00e9n\u00e9ral de l\u2019ONU d\u00e9nonce la vague des coups d\u2019Etat en Afrique\"},{\"@type\":\"BreadcrumbList\",\"@id\":\"https:\/\/www.africa-press.net\/djibouti\/politique\/le-secretaire-general-de-lonu-denonce-la-vague-des-coups-detat-en-afrique#breadcrumb\",\"itemListElement\":[{\"@type\":\"ListItem\",\"position\":1,\"name\":\"Accueil\",\"item\":\"https:\/\/www.africa-press.net\/djibouti\/\"},{\"@type\":\"ListItem\",\"position\":2,\"name\":\"Le secr\u00e9taire g\u00e9n\u00e9ral de l\u2019ONU d\u00e9nonce la vague des coups d\u2019Etat en Afrique\"}]},{\"@type\":\"WebSite\",\"@id\":\"https:\/\/www.africa-press.net\/djibouti\/#website\",\"url\":\"https:\/\/www.africa-press.net\/djibouti\/\",\"name\":\"Djibouti\",\"description\":\"Just another Africa News Agency Sites site\",\"potentialAction\":[{\"@type\":\"SearchAction\",\"target\":{\"@type\":\"EntryPoint\",\"urlTemplate\":\"https:\/\/www.africa-press.net\/djibouti\/?s={search_term_string}\"},\"query-input\":{\"@type\":\"PropertyValueSpecification\",\"valueRequired\":true,\"valueName\":\"search_term_string\"}}],\"inLanguage\":\"fr-FR\"},{\"@type\":\"Person\",\"@id\":\"https:\/\/www.africa-press.net\/djibouti\/#\/schema\/person\/2b1cf3cd81a31e3cd26889ca66d677f1\",\"name\":\"cfeditorfr\"}]}<\/script>\n<!-- \/ Yoast SEO Premium plugin. -->","yoast_head_json":{"title":"Le secr\u00e9taire g\u00e9n\u00e9ral de l\u2019ONU d\u00e9nonce la vague des coups d\u2019Etat en Afrique - Djibouti","description":"Burkina Faso, Mali, Guine\u0301e, Niger et Gabon. L\u2019Afrique a enregistre\u0301 beaucoup de coups d\u2019Etat depuis 2020. Un retour en ...","robots":{"index":"index","follow":"follow","max-snippet":"max-snippet:-1","max-image-preview":"max-image-preview:large","max-video-preview":"max-video-preview:-1"},"canonical":"https:\/\/www.africa-press.net\/djibouti\/politique\/le-secretaire-general-de-lonu-denonce-la-vague-des-coups-detat-en-afrique","og_locale":"fr_FR","og_type":"article","og_title":"Le secr\u00e9taire g\u00e9n\u00e9ral de l\u2019ONU d\u00e9nonce la vague des coups d\u2019Etat en Afrique","og_description":"Burkina Faso, Mali, Guine\u0301e, Niger et Gabon. L\u2019Afrique a enregistre\u0301 beaucoup de coups d\u2019Etat depuis 2020. Un retour en ...","og_url":"https:\/\/www.africa-press.net\/djibouti\/politique\/le-secretaire-general-de-lonu-denonce-la-vague-des-coups-detat-en-afrique","og_site_name":"Djibouti","article_published_time":"2023-09-02T14:02:36+00:00","article_modified_time":"2023-09-02T15:18:05+00:00","og_image":[{"width":1024,"height":716,"url":"https:\/\/static.africa-press.net\/djibouti\/sites\/52\/2023\/09\/sm_1693655225.749636.jpg","type":"image\/jpeg"}],"author":"cfeditorfr","twitter_card":"summary_large_image","twitter_misc":{"\u00c9crit par":"cfeditorfr","Dur\u00e9e de lecture estim\u00e9e":"1 minute"},"schema":{"@context":"https:\/\/schema.org","@graph":[{"@type":"Article","@id":"https:\/\/www.africa-press.net\/djibouti\/politique\/le-secretaire-general-de-lonu-denonce-la-vague-des-coups-detat-en-afrique#article","isPartOf":{"@id":"https:\/\/www.africa-press.net\/djibouti\/politique\/le-secretaire-general-de-lonu-denonce-la-vague-des-coups-detat-en-afrique"},"author":{"name":"cfeditorfr","@id":"https:\/\/www.africa-press.net\/djibouti\/#\/schema\/person\/2b1cf3cd81a31e3cd26889ca66d677f1"},"headline":"Le secr\u00e9taire g\u00e9n\u00e9ral de l\u2019ONU d\u00e9nonce la vague des coups d\u2019Etat en Afrique","datePublished":"2023-09-02T14:02:36+00:00","dateModified":"2023-09-02T15:18:05+00:00","mainEntityOfPage":{"@id":"https:\/\/www.africa-press.net\/djibouti\/politique\/le-secretaire-general-de-lonu-denonce-la-vague-des-coups-detat-en-afrique"},"wordCount":244,"commentCount":0,"image":{"@id":"https:\/\/www.africa-press.net\/djibouti\/politique\/le-secretaire-general-de-lonu-denonce-la-vague-des-coups-detat-en-afrique#primaryimage"},"thumbnailUrl":"https:\/\/static.africa-press.net\/djibouti\/sites\/52\/2023\/09\/sm_1693655225.749636.jpg","keywords":["Africa Press","Africa Press-Djibouti","Djibouti"],"articleSection":["Politique","Toutes les actualit\u00e9s"],"inLanguage":"fr-FR","potentialAction":[{"@type":"CommentAction","name":"Comment","target":["https:\/\/www.africa-press.net\/djibouti\/politique\/le-secretaire-general-de-lonu-denonce-la-vague-des-coups-detat-en-afrique#respond"]}]},{"@type":"WebPage","@id":"https:\/\/www.africa-press.net\/djibouti\/politique\/le-secretaire-general-de-lonu-denonce-la-vague-des-coups-detat-en-afrique","url":"https:\/\/www.africa-press.net\/djibouti\/politique\/le-secretaire-general-de-lonu-denonce-la-vague-des-coups-detat-en-afrique","name":"Le secr\u00e9taire g\u00e9n\u00e9ral de l\u2019ONU d\u00e9nonce la vague des coups d\u2019Etat en Afrique - Djibouti","isPartOf":{"@id":"https:\/\/www.africa-press.net\/djibouti\/#website"},"primaryImageOfPage":{"@id":"https:\/\/www.africa-press.net\/djibouti\/politique\/le-secretaire-general-de-lonu-denonce-la-vague-des-coups-detat-en-afrique#primaryimage"},"image":{"@id":"https:\/\/www.africa-press.net\/djibouti\/politique\/le-secretaire-general-de-lonu-denonce-la-vague-des-coups-detat-en-afrique#primaryimage"},"thumbnailUrl":"https:\/\/static.africa-press.net\/djibouti\/sites\/52\/2023\/09\/sm_1693655225.749636.jpg","datePublished":"2023-09-02T14:02:36+00:00","dateModified":"2023-09-02T15:18:05+00:00","author":{"@id":"https:\/\/www.africa-press.net\/djibouti\/#\/schema\/person\/2b1cf3cd81a31e3cd26889ca66d677f1"},"description":"Burkina Faso, Mali, Guine\u0301e, Niger et Gabon. L\u2019Afrique a enregistre\u0301 beaucoup de coups d\u2019Etat depuis 2020. Un retour en ...","breadcrumb":{"@id":"https:\/\/www.africa-press.net\/djibouti\/politique\/le-secretaire-general-de-lonu-denonce-la-vague-des-coups-detat-en-afrique#breadcrumb"},"inLanguage":"fr-FR","potentialAction":[{"@type":"ReadAction","target":["https:\/\/www.africa-press.net\/djibouti\/politique\/le-secretaire-general-de-lonu-denonce-la-vague-des-coups-detat-en-afrique"]}]},{"@type":"ImageObject","inLanguage":"fr-FR","@id":"https:\/\/www.africa-press.net\/djibouti\/politique\/le-secretaire-general-de-lonu-denonce-la-vague-des-coups-detat-en-afrique#primaryimage","url":"https:\/\/static.africa-press.net\/djibouti\/sites\/52\/2023\/09\/sm_1693655225.749636.jpg","contentUrl":"https:\/\/static.africa-press.net\/djibouti\/sites\/52\/2023\/09\/sm_1693655225.749636.jpg","width":1024,"height":716,"caption":"Le secr\u00e9taire g\u00e9n\u00e9ral de l\u2019ONU d\u00e9nonce la vague des coups d\u2019Etat en Afrique"},{"@type":"BreadcrumbList","@id":"https:\/\/www.africa-press.net\/djibouti\/politique\/le-secretaire-general-de-lonu-denonce-la-vague-des-coups-detat-en-afrique#breadcrumb","itemListElement":[{"@type":"ListItem","position":1,"name":"Accueil","item":"https:\/\/www.africa-press.net\/djibouti\/"},{"@type":"ListItem","position":2,"name":"Le secr\u00e9taire g\u00e9n\u00e9ral de l\u2019ONU d\u00e9nonce la vague des coups d\u2019Etat en Afrique"}]},{"@type":"WebSite","@id":"https:\/\/www.africa-press.net\/djibouti\/#website","url":"https:\/\/www.africa-press.net\/djibouti\/","name":"Djibouti","description":"Just another Africa News Agency Sites site","potentialAction":[{"@type":"SearchAction","target":{"@type":"EntryPoint","urlTemplate":"https:\/\/www.africa-press.net\/djibouti\/?s={search_term_string}"},"query-input":{"@type":"PropertyValueSpecification","valueRequired":true,"valueName":"search_term_string"}}],"inLanguage":"fr-FR"},{"@type":"Person","@id":"https:\/\/www.africa-press.net\/djibouti\/#\/schema\/person\/2b1cf3cd81a31e3cd26889ca66d677f1","name":"cfeditorfr"}]}},"_links":{"self":[{"href":"https:\/\/www.africa-press.net\/djibouti\/wp-json\/wp\/v2\/posts\/17294","targetHints":{"allow":["GET"]}}],"collection":[{"href":"https:\/\/www.africa-press.net\/djibouti\/wp-json\/wp\/v2\/posts"}],"about":[{"href":"https:\/\/www.africa-press.net\/djibouti\/wp-json\/wp\/v2\/types\/post"}],"author":[{"embeddable":true,"href":"https:\/\/www.africa-press.net\/djibouti\/wp-json\/wp\/v2\/users\/82"}],"replies":[{"embeddable":true,"href":"https:\/\/www.africa-press.net\/djibouti\/wp-json\/wp\/v2\/comments?post=17294"}],"version-history":[{"count":0,"href":"https:\/\/www.africa-press.net\/djibouti\/wp-json\/wp\/v2\/posts\/17294\/revisions"}],"wp:featuredmedia":[{"embeddable":true,"href":"https:\/\/www.africa-press.net\/djibouti\/wp-json\/wp\/v2\/media\/17293"}],"wp:attachment":[{"href":"https:\/\/www.africa-press.net\/djibouti\/wp-json\/wp\/v2\/media?parent=17294"}],"wp:term":[{"taxonomy":"category","embeddable":true,"href":"https:\/\/www.africa-press.net\/djibouti\/wp-json\/wp\/v2\/categories?post=17294"},{"taxonomy":"post_tag","embeddable":true,"href":"https:\/\/www.africa-press.net\/djibouti\/wp-json\/wp\/v2\/tags?post=17294"}],"curies":[{"name":"wp","href":"https:\/\/api.w.org\/{rel}","templated":true}]}}