{"id":17303,"date":"2023-09-03T06:36:02","date_gmt":"2023-09-03T06:36:02","guid":{"rendered":"https:\/\/www.africa-press.net\/djibouti\/politique\/ce-pays-renoue-avec-lafrique-pour-lagriculture-avec-des-annees-lumiere-davance-sur-leurope"},"modified":"2023-09-03T06:58:11","modified_gmt":"2023-09-03T06:58:11","slug":"ce-pays-renoue-avec-lafrique-pour-lagriculture-avec-des-annees-lumiere-davance-sur-leurope","status":"publish","type":"post","link":"https:\/\/www.africa-press.net\/djibouti\/economie\/ce-pays-renoue-avec-lafrique-pour-lagriculture-avec-des-annees-lumiere-davance-sur-leurope","title":{"rendered":"Ce pays renoue avec l\u2019Afrique pour l\u2019agriculture avec \u00ab\u00a0des ann\u00e9es-lumi\u00e8re\u00a0\u00bb d\u2019avance sur l\u2019Europe"},"content":{"rendered":"<p><span style=\"color: #ff6600\"><strong>Africa-Press &#8211; Djibouti. <\/strong><\/span>Le Bre\u0301sil est pre\u0302t a\u0300 partager son expe\u0301rience riche dans le domaine agricole avec l\u2019Afrique et dispose d\u2019avantages face a\u0300 l\u2019Europe, indiquent des spe\u0301cialistes bre\u0301siliens aupre\u0300s de Sputnik. Dans ce partenariat qui en train d\u2019e\u0302tre relance\u0301, le Bre\u0301sil devrait pluto\u0302t donner la priorite\u0301 aux besoins des pays africains.<\/p>\n<p>Cherchant a\u0300 renouer ses liens avec le continent africain dans le secteur agricole, le Bre\u0301sil dispose d\u2019une large expe\u0301rience dans ce domaine pour re\u0301pondre aux besoins de celui-ci, ont estime\u0301 plusieurs analystes bre\u0301siliens interroge\u0301s par Sputnik.<\/p>\n<p>Cette tendance a e\u0301te\u0301 manifeste\u0301e fin aou\u0302t a\u0300 Sao Tome\u0301-et-Principe, lorsque le Pre\u0301sident bre\u0301silien Lula da Silva a de\u0301clare\u0301 que l\u2019Afrique avait \u00ab\u00a0tout pour devenir une puissance agricole avec la capacite\u0301 de nourrir sa population et le monde\u00a0\u00bb. Il a d\u2019ailleurs fait part de la disposition de son pays a\u0300 continuer le partenariat avec le continent.<\/p>\n<p>Les relations bilate\u0301rales avec les pays africains ne devraient fonctionner qu\u2019en fonction des exigences de chacun, c\u2019est-a\u0300-dire de ce qu\u2019ils veulent et de leurs besoins, a indique\u0301 le directeur du cabinet de conseil Fauna et professeur du Centre d&rsquo;e\u0301tudes agroalimentaires de la Fondation Getulio Vargas (FGV Agro) Eduardo Assad. Il faut les aider en termes de renforcement de la production d\u2019aliments locaux, selon lui.<\/p>\n<p>\u00ab\u00a0Leur re\u0301gime alimentaire est un peu diffe\u0301rent du no\u0302tre [&#8230;.]. Il faudrait donc reprendre la\u0300, par exemple, l&rsquo;ide\u0301e d&rsquo;un panier alimentaire de base et commencer a\u0300 travailler sur la production de haricots ou de manioc, de\u0301taille Eduardo Assad. Nous disposons d&rsquo;une tre\u0300s bonne technologie dans la production de ces aliments, que nous pouvons utiliser la\u0300-bas\u00a0\u00bb.<\/p>\n<p>L\u2019Europe est largement devance\u0301e<\/p>\n<p>Ces projets prennent e\u0301galement des contours ge\u0301opolitiques, alors que les nations europe\u0301ennes ont adopte\u0301 le \u00ab\u00a0protectionnisme vert\u00a0\u00bb, la cible de critiques constantes de la part du chef de l&rsquo;exe\u0301cutif bre\u0301silien.<\/p>\n<p>\u00ab\u00a0Si vous regardez ce que les pays europe\u0301ens ont fait en Afrique, ils ne devraient me\u0302me pas parler de protectionnisme vert et de production durable. Ce qui a e\u0301te\u0301 fait lors de la colonisation belge, franc\u0327aise et anglaise en Afrique e\u0301tait une sorte de blockbuster\u00a0\u00bb, critique-t-il.<\/p>\n<p>\u00ab\u00a0Maintenant, de toute fac\u0327on, ce n&rsquo;est pas effrayant, parce que nous avons quelques anne\u0301es-lumie\u0300re d&rsquo;avance sur eux [les Europe\u0301ens] en termes d&rsquo;e\u0301chelle. L\u2019ABC agriculture [plan d&rsquo;adaptation au changement climatique et a\u0300 faibles e\u0301missions de carbone] fonctionne depuis dix ans. Les conditions africaines pour y faire une agriculture comme ABC en Afrique sont e\u0301normes et nous donnent un avantage\u00a0\u00bb, souligne-t-il.<\/p>\n<p>Partages d\u2019expe\u0301rience et de technologies<\/p>\n<p>En effet, le Bre\u0301sil est \u00ab\u00a0un pays avec une grande expe\u0301rience et un de\u0301veloppement technologique important en ce qui concerne le secteur agricole\u00a0\u00bb, poursuit de son co\u0302te\u0301 Guilherme Ziebell, professeur de relations internationales a\u0300 l&rsquo;Universite\u0301 fe\u0301de\u0301rale du Rio Grande do Sul (UFRGS):<\/p>\n<p>\u00ab\u00a0L\u2019Entreprise bre\u0301silienne de recherche agricole (Embrapa) est, dans ce contexte, un acteur central, car elle est responsable d&rsquo;une grande partie des innovations et des de\u0301veloppements du secteur, qui ont historiquement permis l&rsquo;ame\u0301lioration croissante de la production agricole bre\u0301silienne, en augmentant a\u0300 la fois sa qualite\u0301 et sa productivite\u0301\u00a0\u00bb.<\/p>\n<p>En ce sens, les partenariats entre le Bre\u0301sil et les pays africains s\u2019annoncent gagnant-gagnant. Pour le Bre\u0301sil, cela contribuerait a\u0300 l\u2019enrichissement de son expe\u0301rience dans le domaine, en particulier pour la culture des re\u0301gions arides. En outre, cela boosterait la coope\u0301ration dans le de\u0301veloppement de produits spe\u0301cifiques, comme le coton, le cacao et autres, et d&rsquo;actions communes (par exemple dans les travaux de pre\u0301servation des sols, a explique\u0301 le professeur.<\/p>\n<p>Les deux chercheurs conviennent e\u0301galement que les relations bilate\u0301rales entre le Bre\u0301sil et l\u2019Afrique sont en train de se reconstruire apre\u0300s leur rupture ope\u0301re\u0301e de manie\u0300re \u00ab\u00a0volontaire et consciente\u00a0\u00bb principalement a\u0300 partir de 2018 [anne\u0301e d\u2019e\u0301lection de l\u2019ancien Pre\u0301sident Bolsonaro, ndlr], a note\u0301 Guilherme Ziebell.<\/p>\n<p>\u00ab\u00a0Le Bre\u0301sil a perdu de l&rsquo;espace et du prestige sur le continent, et une partie importante de la coope\u0301ration avec les pays africains a e\u0301te\u0301 interrompue. Dans le contexte actuel, depuis le de\u0301but du gouvernement Lula, il y a un mouvement vers le re\u0301tablissement de ces liens, lequel, cependant, aura su\u0302rement un long chemin a\u0300 parcourir\u00a0\u00bb, conclut le professeur de l&rsquo;UFRGS.<\/p>\n<p><strong>Pour plus d&rsquo;informations et d&rsquo;analyses sur la <a href=\"https:\/\/www.africa-press.net\/djibouti\">Djibouti<\/a>, suivez <a href=\"https:\/\/www.africa-press.net\/\">Africa-Press<\/a><\/strong><\/p>\n","protected":false},"excerpt":{"rendered":"<p>Africa-Press &#8211; Djibouti. Le Bre\u0301sil est pre\u0302t a\u0300 partager son expe\u0301rience riche dans le domaine agricole avec l\u2019Afrique et dispose d\u2019avantages face a\u0300 l\u2019Europe, indiquent des spe\u0301cialistes bre\u0301siliens aupre\u0300s de Sputnik. Dans ce partenariat qui en train d\u2019e\u0302tre relance\u0301, le Bre\u0301sil devrait pluto\u0302t donner la priorite\u0301 aux besoins des pays africains. Cherchant a\u0300 renouer ses [&hellip;]<\/p>\n","protected":false},"author":82,"featured_media":17302,"comment_status":"open","ping_status":"closed","sticky":false,"template":"","format":"standard","meta":{"footnotes":""},"categories":[3,10],"tags":[36,49,50],"class_list":["post-17303","post","type-post","status-publish","format-standard","has-post-thumbnail","hentry","category-economie","category-toutes-les-actualites","tag-africa-press","tag-africa-press-djibouti","tag-djibouti"],"yoast_head":"<!-- This site is optimized with the Yoast SEO Premium plugin v26.1 (Yoast SEO v27.0) - https:\/\/yoast.com\/product\/yoast-seo-premium-wordpress\/ -->\n<title>Ce pays renoue avec l\u2019Afrique pour l\u2019agriculture avec &quot;des ann\u00e9es-lumi\u00e8re&quot; d\u2019avance sur l\u2019Europe - Djibouti<\/title>\n<meta name=\"description\" content=\"Le Bre\u0301sil est pre\u0302t a\u0300 partager son expe\u0301rience riche dans le domaine agricole avec l\u2019Afrique et dispose d\u2019avantages fa ...\" \/>\n<meta name=\"robots\" content=\"index, follow, max-snippet:-1, max-image-preview:large, max-video-preview:-1\" \/>\n<link rel=\"canonical\" href=\"https:\/\/www.africa-press.net\/djibouti\/economie\/ce-pays-renoue-avec-lafrique-pour-lagriculture-avec-des-annees-lumiere-davance-sur-leurope\" \/>\n<meta property=\"og:locale\" content=\"fr_FR\" \/>\n<meta property=\"og:type\" content=\"article\" \/>\n<meta property=\"og:title\" content=\"Ce pays renoue avec l\u2019Afrique pour l\u2019agriculture avec &quot;des ann\u00e9es-lumi\u00e8re&quot; d\u2019avance sur l\u2019Europe\" \/>\n<meta property=\"og:description\" content=\"Le Bre\u0301sil est pre\u0302t a\u0300 partager son expe\u0301rience riche dans le domaine agricole avec l\u2019Afrique et dispose d\u2019avantages fa ...\" \/>\n<meta property=\"og:url\" content=\"https:\/\/www.africa-press.net\/djibouti\/economie\/ce-pays-renoue-avec-lafrique-pour-lagriculture-avec-des-annees-lumiere-davance-sur-leurope\" \/>\n<meta property=\"og:site_name\" content=\"Djibouti\" \/>\n<meta property=\"article:published_time\" content=\"2023-09-03T06:36:02+00:00\" \/>\n<meta property=\"article:modified_time\" content=\"2023-09-03T06:58:11+00:00\" \/>\n<meta property=\"og:image\" content=\"https:\/\/static.africa-press.net\/djibouti\/sites\/52\/2023\/09\/sm_1693711338.052278.jpg\" \/>\n\t<meta property=\"og:image:width\" content=\"1350\" \/>\n\t<meta property=\"og:image:height\" content=\"900\" \/>\n\t<meta property=\"og:image:type\" content=\"image\/jpeg\" \/>\n<meta name=\"author\" content=\"cfeditorfr\" \/>\n<meta name=\"twitter:card\" content=\"summary_large_image\" \/>\n<meta name=\"twitter:label1\" content=\"\u00c9crit par\" \/>\n\t<meta name=\"twitter:data1\" content=\"cfeditorfr\" \/>\n\t<meta name=\"twitter:label2\" content=\"Dur\u00e9e de lecture estim\u00e9e\" \/>\n\t<meta name=\"twitter:data2\" content=\"4 minutes\" \/>\n<script type=\"application\/ld+json\" class=\"yoast-schema-graph\">{\"@context\":\"https:\/\/schema.org\",\"@graph\":[{\"@type\":\"Article\",\"@id\":\"https:\/\/www.africa-press.net\/djibouti\/economie\/ce-pays-renoue-avec-lafrique-pour-lagriculture-avec-des-annees-lumiere-davance-sur-leurope#article\",\"isPartOf\":{\"@id\":\"https:\/\/www.africa-press.net\/djibouti\/economie\/ce-pays-renoue-avec-lafrique-pour-lagriculture-avec-des-annees-lumiere-davance-sur-leurope\"},\"author\":{\"name\":\"cfeditorfr\",\"@id\":\"https:\/\/www.africa-press.net\/djibouti\/#\/schema\/person\/2b1cf3cd81a31e3cd26889ca66d677f1\"},\"headline\":\"Ce pays renoue avec l\u2019Afrique pour l\u2019agriculture avec \u00ab\u00a0des ann\u00e9es-lumi\u00e8re\u00a0\u00bb d\u2019avance sur l\u2019Europe\",\"datePublished\":\"2023-09-03T06:36:02+00:00\",\"dateModified\":\"2023-09-03T06:58:11+00:00\",\"mainEntityOfPage\":{\"@id\":\"https:\/\/www.africa-press.net\/djibouti\/economie\/ce-pays-renoue-avec-lafrique-pour-lagriculture-avec-des-annees-lumiere-davance-sur-leurope\"},\"wordCount\":820,\"commentCount\":0,\"image\":{\"@id\":\"https:\/\/www.africa-press.net\/djibouti\/economie\/ce-pays-renoue-avec-lafrique-pour-lagriculture-avec-des-annees-lumiere-davance-sur-leurope#primaryimage\"},\"thumbnailUrl\":\"https:\/\/static.africa-press.net\/djibouti\/sites\/52\/2023\/09\/sm_1693711338.052278.jpg\",\"keywords\":[\"Africa Press\",\"Africa Press-Djibouti\",\"Djibouti\"],\"articleSection\":[\"\u00c9conomie\",\"Toutes les actualit\u00e9s\"],\"inLanguage\":\"fr-FR\",\"potentialAction\":[{\"@type\":\"CommentAction\",\"name\":\"Comment\",\"target\":[\"https:\/\/www.africa-press.net\/djibouti\/economie\/ce-pays-renoue-avec-lafrique-pour-lagriculture-avec-des-annees-lumiere-davance-sur-leurope#respond\"]}]},{\"@type\":\"WebPage\",\"@id\":\"https:\/\/www.africa-press.net\/djibouti\/economie\/ce-pays-renoue-avec-lafrique-pour-lagriculture-avec-des-annees-lumiere-davance-sur-leurope\",\"url\":\"https:\/\/www.africa-press.net\/djibouti\/economie\/ce-pays-renoue-avec-lafrique-pour-lagriculture-avec-des-annees-lumiere-davance-sur-leurope\",\"name\":\"Ce pays renoue avec l\u2019Afrique pour l\u2019agriculture avec \\\"des ann\u00e9es-lumi\u00e8re\\\" d\u2019avance sur l\u2019Europe - Djibouti\",\"isPartOf\":{\"@id\":\"https:\/\/www.africa-press.net\/djibouti\/#website\"},\"primaryImageOfPage\":{\"@id\":\"https:\/\/www.africa-press.net\/djibouti\/economie\/ce-pays-renoue-avec-lafrique-pour-lagriculture-avec-des-annees-lumiere-davance-sur-leurope#primaryimage\"},\"image\":{\"@id\":\"https:\/\/www.africa-press.net\/djibouti\/economie\/ce-pays-renoue-avec-lafrique-pour-lagriculture-avec-des-annees-lumiere-davance-sur-leurope#primaryimage\"},\"thumbnailUrl\":\"https:\/\/static.africa-press.net\/djibouti\/sites\/52\/2023\/09\/sm_1693711338.052278.jpg\",\"datePublished\":\"2023-09-03T06:36:02+00:00\",\"dateModified\":\"2023-09-03T06:58:11+00:00\",\"author\":{\"@id\":\"https:\/\/www.africa-press.net\/djibouti\/#\/schema\/person\/2b1cf3cd81a31e3cd26889ca66d677f1\"},\"description\":\"Le Bre\u0301sil est pre\u0302t a\u0300 partager son expe\u0301rience riche dans le domaine agricole avec l\u2019Afrique et dispose d\u2019avantages fa ...\",\"breadcrumb\":{\"@id\":\"https:\/\/www.africa-press.net\/djibouti\/economie\/ce-pays-renoue-avec-lafrique-pour-lagriculture-avec-des-annees-lumiere-davance-sur-leurope#breadcrumb\"},\"inLanguage\":\"fr-FR\",\"potentialAction\":[{\"@type\":\"ReadAction\",\"target\":[\"https:\/\/www.africa-press.net\/djibouti\/economie\/ce-pays-renoue-avec-lafrique-pour-lagriculture-avec-des-annees-lumiere-davance-sur-leurope\"]}]},{\"@type\":\"ImageObject\",\"inLanguage\":\"fr-FR\",\"@id\":\"https:\/\/www.africa-press.net\/djibouti\/economie\/ce-pays-renoue-avec-lafrique-pour-lagriculture-avec-des-annees-lumiere-davance-sur-leurope#primaryimage\",\"url\":\"https:\/\/static.africa-press.net\/djibouti\/sites\/52\/2023\/09\/sm_1693711338.052278.jpg\",\"contentUrl\":\"https:\/\/static.africa-press.net\/djibouti\/sites\/52\/2023\/09\/sm_1693711338.052278.jpg\",\"width\":1350,\"height\":900,\"caption\":\"Ce pays renoue avec l\u2019Afrique pour l\u2019agriculture avec \\\"des ann\u00e9es-lumi\u00e8re\\\" d\u2019avance sur l\u2019Europe\"},{\"@type\":\"BreadcrumbList\",\"@id\":\"https:\/\/www.africa-press.net\/djibouti\/economie\/ce-pays-renoue-avec-lafrique-pour-lagriculture-avec-des-annees-lumiere-davance-sur-leurope#breadcrumb\",\"itemListElement\":[{\"@type\":\"ListItem\",\"position\":1,\"name\":\"Accueil\",\"item\":\"https:\/\/www.africa-press.net\/djibouti\/\"},{\"@type\":\"ListItem\",\"position\":2,\"name\":\"Ce pays renoue avec l\u2019Afrique pour l\u2019agriculture avec &#8220;des ann\u00e9es-lumi\u00e8re&#8221; d\u2019avance sur l\u2019Europe\"}]},{\"@type\":\"WebSite\",\"@id\":\"https:\/\/www.africa-press.net\/djibouti\/#website\",\"url\":\"https:\/\/www.africa-press.net\/djibouti\/\",\"name\":\"Djibouti\",\"description\":\"Just another Africa News Agency Sites site\",\"potentialAction\":[{\"@type\":\"SearchAction\",\"target\":{\"@type\":\"EntryPoint\",\"urlTemplate\":\"https:\/\/www.africa-press.net\/djibouti\/?s={search_term_string}\"},\"query-input\":{\"@type\":\"PropertyValueSpecification\",\"valueRequired\":true,\"valueName\":\"search_term_string\"}}],\"inLanguage\":\"fr-FR\"},{\"@type\":\"Person\",\"@id\":\"https:\/\/www.africa-press.net\/djibouti\/#\/schema\/person\/2b1cf3cd81a31e3cd26889ca66d677f1\",\"name\":\"cfeditorfr\"}]}<\/script>\n<!-- \/ Yoast SEO Premium plugin. -->","yoast_head_json":{"title":"Ce pays renoue avec l\u2019Afrique pour l\u2019agriculture avec \"des ann\u00e9es-lumi\u00e8re\" d\u2019avance sur l\u2019Europe - Djibouti","description":"Le Bre\u0301sil est pre\u0302t a\u0300 partager son expe\u0301rience riche dans le domaine agricole avec l\u2019Afrique et dispose d\u2019avantages fa ...","robots":{"index":"index","follow":"follow","max-snippet":"max-snippet:-1","max-image-preview":"max-image-preview:large","max-video-preview":"max-video-preview:-1"},"canonical":"https:\/\/www.africa-press.net\/djibouti\/economie\/ce-pays-renoue-avec-lafrique-pour-lagriculture-avec-des-annees-lumiere-davance-sur-leurope","og_locale":"fr_FR","og_type":"article","og_title":"Ce pays renoue avec l\u2019Afrique pour l\u2019agriculture avec \"des ann\u00e9es-lumi\u00e8re\" d\u2019avance sur l\u2019Europe","og_description":"Le Bre\u0301sil est pre\u0302t a\u0300 partager son expe\u0301rience riche dans le domaine agricole avec l\u2019Afrique et dispose d\u2019avantages fa ...","og_url":"https:\/\/www.africa-press.net\/djibouti\/economie\/ce-pays-renoue-avec-lafrique-pour-lagriculture-avec-des-annees-lumiere-davance-sur-leurope","og_site_name":"Djibouti","article_published_time":"2023-09-03T06:36:02+00:00","article_modified_time":"2023-09-03T06:58:11+00:00","og_image":[{"width":1350,"height":900,"url":"https:\/\/static.africa-press.net\/djibouti\/sites\/52\/2023\/09\/sm_1693711338.052278.jpg","type":"image\/jpeg"}],"author":"cfeditorfr","twitter_card":"summary_large_image","twitter_misc":{"\u00c9crit par":"cfeditorfr","Dur\u00e9e de lecture estim\u00e9e":"4 minutes"},"schema":{"@context":"https:\/\/schema.org","@graph":[{"@type":"Article","@id":"https:\/\/www.africa-press.net\/djibouti\/economie\/ce-pays-renoue-avec-lafrique-pour-lagriculture-avec-des-annees-lumiere-davance-sur-leurope#article","isPartOf":{"@id":"https:\/\/www.africa-press.net\/djibouti\/economie\/ce-pays-renoue-avec-lafrique-pour-lagriculture-avec-des-annees-lumiere-davance-sur-leurope"},"author":{"name":"cfeditorfr","@id":"https:\/\/www.africa-press.net\/djibouti\/#\/schema\/person\/2b1cf3cd81a31e3cd26889ca66d677f1"},"headline":"Ce pays renoue avec l\u2019Afrique pour l\u2019agriculture avec \u00ab\u00a0des ann\u00e9es-lumi\u00e8re\u00a0\u00bb d\u2019avance sur l\u2019Europe","datePublished":"2023-09-03T06:36:02+00:00","dateModified":"2023-09-03T06:58:11+00:00","mainEntityOfPage":{"@id":"https:\/\/www.africa-press.net\/djibouti\/economie\/ce-pays-renoue-avec-lafrique-pour-lagriculture-avec-des-annees-lumiere-davance-sur-leurope"},"wordCount":820,"commentCount":0,"image":{"@id":"https:\/\/www.africa-press.net\/djibouti\/economie\/ce-pays-renoue-avec-lafrique-pour-lagriculture-avec-des-annees-lumiere-davance-sur-leurope#primaryimage"},"thumbnailUrl":"https:\/\/static.africa-press.net\/djibouti\/sites\/52\/2023\/09\/sm_1693711338.052278.jpg","keywords":["Africa Press","Africa Press-Djibouti","Djibouti"],"articleSection":["\u00c9conomie","Toutes les actualit\u00e9s"],"inLanguage":"fr-FR","potentialAction":[{"@type":"CommentAction","name":"Comment","target":["https:\/\/www.africa-press.net\/djibouti\/economie\/ce-pays-renoue-avec-lafrique-pour-lagriculture-avec-des-annees-lumiere-davance-sur-leurope#respond"]}]},{"@type":"WebPage","@id":"https:\/\/www.africa-press.net\/djibouti\/economie\/ce-pays-renoue-avec-lafrique-pour-lagriculture-avec-des-annees-lumiere-davance-sur-leurope","url":"https:\/\/www.africa-press.net\/djibouti\/economie\/ce-pays-renoue-avec-lafrique-pour-lagriculture-avec-des-annees-lumiere-davance-sur-leurope","name":"Ce pays renoue avec l\u2019Afrique pour l\u2019agriculture avec \"des ann\u00e9es-lumi\u00e8re\" d\u2019avance sur l\u2019Europe - Djibouti","isPartOf":{"@id":"https:\/\/www.africa-press.net\/djibouti\/#website"},"primaryImageOfPage":{"@id":"https:\/\/www.africa-press.net\/djibouti\/economie\/ce-pays-renoue-avec-lafrique-pour-lagriculture-avec-des-annees-lumiere-davance-sur-leurope#primaryimage"},"image":{"@id":"https:\/\/www.africa-press.net\/djibouti\/economie\/ce-pays-renoue-avec-lafrique-pour-lagriculture-avec-des-annees-lumiere-davance-sur-leurope#primaryimage"},"thumbnailUrl":"https:\/\/static.africa-press.net\/djibouti\/sites\/52\/2023\/09\/sm_1693711338.052278.jpg","datePublished":"2023-09-03T06:36:02+00:00","dateModified":"2023-09-03T06:58:11+00:00","author":{"@id":"https:\/\/www.africa-press.net\/djibouti\/#\/schema\/person\/2b1cf3cd81a31e3cd26889ca66d677f1"},"description":"Le Bre\u0301sil est pre\u0302t a\u0300 partager son expe\u0301rience riche dans le domaine agricole avec l\u2019Afrique et dispose d\u2019avantages fa ...","breadcrumb":{"@id":"https:\/\/www.africa-press.net\/djibouti\/economie\/ce-pays-renoue-avec-lafrique-pour-lagriculture-avec-des-annees-lumiere-davance-sur-leurope#breadcrumb"},"inLanguage":"fr-FR","potentialAction":[{"@type":"ReadAction","target":["https:\/\/www.africa-press.net\/djibouti\/economie\/ce-pays-renoue-avec-lafrique-pour-lagriculture-avec-des-annees-lumiere-davance-sur-leurope"]}]},{"@type":"ImageObject","inLanguage":"fr-FR","@id":"https:\/\/www.africa-press.net\/djibouti\/economie\/ce-pays-renoue-avec-lafrique-pour-lagriculture-avec-des-annees-lumiere-davance-sur-leurope#primaryimage","url":"https:\/\/static.africa-press.net\/djibouti\/sites\/52\/2023\/09\/sm_1693711338.052278.jpg","contentUrl":"https:\/\/static.africa-press.net\/djibouti\/sites\/52\/2023\/09\/sm_1693711338.052278.jpg","width":1350,"height":900,"caption":"Ce pays renoue avec l\u2019Afrique pour l\u2019agriculture avec \"des ann\u00e9es-lumi\u00e8re\" d\u2019avance sur l\u2019Europe"},{"@type":"BreadcrumbList","@id":"https:\/\/www.africa-press.net\/djibouti\/economie\/ce-pays-renoue-avec-lafrique-pour-lagriculture-avec-des-annees-lumiere-davance-sur-leurope#breadcrumb","itemListElement":[{"@type":"ListItem","position":1,"name":"Accueil","item":"https:\/\/www.africa-press.net\/djibouti\/"},{"@type":"ListItem","position":2,"name":"Ce pays renoue avec l\u2019Afrique pour l\u2019agriculture avec &#8220;des ann\u00e9es-lumi\u00e8re&#8221; d\u2019avance sur l\u2019Europe"}]},{"@type":"WebSite","@id":"https:\/\/www.africa-press.net\/djibouti\/#website","url":"https:\/\/www.africa-press.net\/djibouti\/","name":"Djibouti","description":"Just another Africa News Agency Sites site","potentialAction":[{"@type":"SearchAction","target":{"@type":"EntryPoint","urlTemplate":"https:\/\/www.africa-press.net\/djibouti\/?s={search_term_string}"},"query-input":{"@type":"PropertyValueSpecification","valueRequired":true,"valueName":"search_term_string"}}],"inLanguage":"fr-FR"},{"@type":"Person","@id":"https:\/\/www.africa-press.net\/djibouti\/#\/schema\/person\/2b1cf3cd81a31e3cd26889ca66d677f1","name":"cfeditorfr"}]}},"_links":{"self":[{"href":"https:\/\/www.africa-press.net\/djibouti\/wp-json\/wp\/v2\/posts\/17303","targetHints":{"allow":["GET"]}}],"collection":[{"href":"https:\/\/www.africa-press.net\/djibouti\/wp-json\/wp\/v2\/posts"}],"about":[{"href":"https:\/\/www.africa-press.net\/djibouti\/wp-json\/wp\/v2\/types\/post"}],"author":[{"embeddable":true,"href":"https:\/\/www.africa-press.net\/djibouti\/wp-json\/wp\/v2\/users\/82"}],"replies":[{"embeddable":true,"href":"https:\/\/www.africa-press.net\/djibouti\/wp-json\/wp\/v2\/comments?post=17303"}],"version-history":[{"count":0,"href":"https:\/\/www.africa-press.net\/djibouti\/wp-json\/wp\/v2\/posts\/17303\/revisions"}],"wp:featuredmedia":[{"embeddable":true,"href":"https:\/\/www.africa-press.net\/djibouti\/wp-json\/wp\/v2\/media\/17302"}],"wp:attachment":[{"href":"https:\/\/www.africa-press.net\/djibouti\/wp-json\/wp\/v2\/media?parent=17303"}],"wp:term":[{"taxonomy":"category","embeddable":true,"href":"https:\/\/www.africa-press.net\/djibouti\/wp-json\/wp\/v2\/categories?post=17303"},{"taxonomy":"post_tag","embeddable":true,"href":"https:\/\/www.africa-press.net\/djibouti\/wp-json\/wp\/v2\/tags?post=17303"}],"curies":[{"name":"wp","href":"https:\/\/api.w.org\/{rel}","templated":true}]}}