{"id":17323,"date":"2023-09-03T17:22:40","date_gmt":"2023-09-03T17:22:40","guid":{"rendered":"https:\/\/www.africa-press.net\/djibouti\/politique\/le-ministre-de-lenergie-sentretient-avec-ses-homologues-somalien-et-ethiopien-lors-de-la-5eme-reunion-regionale-de-lalliance-solaire-internationale-isa-a-kigali"},"modified":"2023-09-03T17:37:33","modified_gmt":"2023-09-03T17:37:33","slug":"le-ministre-de-lenergie-sentretient-avec-ses-homologues-somalien-et-ethiopien-lors-de-la-5eme-reunion-regionale-de-lalliance-solaire-internationale-isa-a-kigali","status":"publish","type":"post","link":"https:\/\/www.africa-press.net\/djibouti\/economie\/le-ministre-de-lenergie-sentretient-avec-ses-homologues-somalien-et-ethiopien-lors-de-la-5eme-reunion-regionale-de-lalliance-solaire-internationale-isa-a-kigali","title":{"rendered":"Le ministre de l&rsquo;\u00e9nergie s&rsquo;entretient avec ses homologues somalien et \u00e9thiopien lors de la 5\u00e8me r\u00e9union r\u00e9gionale de l&rsquo;Alliance Solaire Internationale (ISA) \u00e0 Kigali"},"content":{"rendered":"<p><span style=\"color: #ff6600\"><strong>Africa-Press &#8211; Djibouti. <\/strong><\/span>En marge de sa participation a\u0300 la 5e\u0300me Re\u0301union Re\u0301gionale de l&rsquo;Alliance Solaire Internationale (ISA) pour la Re\u0301gion Afrique a\u0300 Kigali, dans la capitale rwandaise, le ministre de l&rsquo;Energie, charge\u0301 des Ressources Naturelles, M. Yonis Ali Guedi, s&rsquo;est entretenu tour a\u0300 tour avec ses homologues somalien et e\u0301thiopien.<\/p>\n<p>M. Yonis Ali Guedi a d&rsquo;abord rencontre\u0301 son homologue de l&rsquo;Energie et de l&rsquo;Eau de la Re\u0301publique Fe\u0301de\u0301rale de la Somalie, M. Jama Taqal Abass.<\/p>\n<p>Au menu des discussions entre les deux hauts responsables politiques, l&rsquo;excellence et la qualite\u0301 des relations d&rsquo;amitie\u0301 et de coope\u0301ration entre les deux pays fre\u0300res et amis ainsi que les voies et moyens de ies renforcer davantage, notamment dans le domaine e\u0301nerge\u0301tique.<\/p>\n<p>M. Yonis Ali Guedi s&rsquo;est ensuite entretenu avec le ministre d&rsquo;E\u0301tat, charge\u0301 du de\u0301veloppement e\u0301nerge\u0301tique de la Re\u0301publique Fe\u0301de\u0301rale et De\u0301mocratique d&rsquo;Ethiopie, Dr Sultan Woli.<\/p>\n<p>Les e\u0301changes entre les deux parties ont porte\u0301 essentiellement sur les liens d&rsquo;amitie\u0301 et de coope\u0301ration multiformes entre Djibouti et Addis-Abeba, notamment le partenariat e\u0301nerge\u0301tique strate\u0301gique fructueux qui lie les deux pays voisins.<\/p>\n<p>Notons enfin que le conseiller technique du ministre, M. Mahdi Waberi Hassan, et le directeur de l&rsquo;Energie, M. Gouled Mohamed Djama, ont pris part a\u0300 ces entretiens.<\/p>\n<p>En marge de sa participation a\u0300 la 5e\u0300me Re\u0301union Re\u0301gionale de l&rsquo;Alliance Solaire Internationale (ISA) pour la Re\u0301gion Afrique a\u0300 Kigali, dans la capitale rwandaise, le ministre de l&rsquo;Energie, charge\u0301 des Ressources Naturelles, M. Yonis Ali Guedi, s&rsquo;est entretenu tour a\u0300 tour avec ses homologues somalien et e\u0301thiopien.<\/p>\n<p>M. Yonis Ali Guedi a d&rsquo;abord rencontre\u0301 son homologue de l&rsquo;Energie et de l&rsquo;Eau de la Re\u0301publique Fe\u0301de\u0301rale de la Somalie, M. Jama Taqal Abass.<\/p>\n<p>Au menu des discussions entre les deux hauts responsables politiques, l&rsquo;excellence et la qualite\u0301 des relations d&rsquo;amitie\u0301 et de coope\u0301ration entre les deux pays fre\u0300res et amis ainsi que les voies et moyens de ies renforcer davantage, notamment dans le domaine e\u0301nerge\u0301tique.<\/p>\n<p>M. Yonis Ali Guedi s&rsquo;est ensuite entretenu avec le ministre d&rsquo;E\u0301tat, charge\u0301 du de\u0301veloppement e\u0301nerge\u0301tique de la Re\u0301publique Fe\u0301de\u0301rale et De\u0301mocratique d&rsquo;Ethiopie, Dr Sultan Woli.<\/p>\n<p>Les e\u0301changes entre les deux parties ont porte\u0301 essentiellement sur les liens d&rsquo;amitie\u0301 et de coope\u0301ration multiformes entre Djibouti et Addis-Abeba, notamment le partenariat e\u0301nerge\u0301tique strate\u0301gique fructueux qui lie les deux pays voisins.<\/p>\n<p>Notons enfin que le conseiller technique du ministre, M. Mahdi Waberi Hassan, et le directeur de l&rsquo;Energie, M. Gouled Mohamed Djama, ont pris part a\u0300 ces entretiens.<\/p>\n<p><strong>Pour plus d&rsquo;informations et d&rsquo;analyses sur la <a href=\"https:\/\/www.africa-press.net\/djibouti\">Djibouti<\/a>, suivez <a href=\"https:\/\/www.africa-press.net\/\">Africa-Press<\/a><\/strong><\/p>\n","protected":false},"excerpt":{"rendered":"<p>Africa-Press &#8211; Djibouti. En marge de sa participation a\u0300 la 5e\u0300me Re\u0301union Re\u0301gionale de l&rsquo;Alliance Solaire Internationale (ISA) pour la Re\u0301gion Afrique a\u0300 Kigali, dans la capitale rwandaise, le ministre de l&rsquo;Energie, charge\u0301 des Ressources Naturelles, M. Yonis Ali Guedi, s&rsquo;est entretenu tour a\u0300 tour avec ses homologues somalien et e\u0301thiopien. M. Yonis Ali Guedi [&hellip;]<\/p>\n","protected":false},"author":82,"featured_media":17322,"comment_status":"open","ping_status":"closed","sticky":false,"template":"","format":"standard","meta":{"footnotes":""},"categories":[3,10],"tags":[36,49,50],"class_list":["post-17323","post","type-post","status-publish","format-standard","has-post-thumbnail","hentry","category-economie","category-toutes-les-actualites","tag-africa-press","tag-africa-press-djibouti","tag-djibouti"],"yoast_head":"<!-- This site is optimized with the Yoast SEO Premium plugin v26.1 (Yoast SEO v27.0) - https:\/\/yoast.com\/product\/yoast-seo-premium-wordpress\/ -->\n<title>Le ministre de l&#039;\u00e9nergie s&#039;entretient avec ses homologues somalien et \u00e9thiopien lors de la 5\u00e8me r\u00e9union r\u00e9gionale de l&#039;Alliance Solaire Internationale (ISA) \u00e0 Kigali - Djibouti<\/title>\n<meta name=\"description\" content=\"En marge de sa participation a\u0300 la 5e\u0300me Re\u0301union Re\u0301gionale de l&#039;Alliance Solaire Internationale (ISA) pour la Re\u0301gion ...\" \/>\n<meta name=\"robots\" content=\"index, follow, max-snippet:-1, max-image-preview:large, max-video-preview:-1\" \/>\n<link rel=\"canonical\" href=\"https:\/\/www.africa-press.net\/djibouti\/economie\/le-ministre-de-lenergie-sentretient-avec-ses-homologues-somalien-et-ethiopien-lors-de-la-5eme-reunion-regionale-de-lalliance-solaire-internationale-isa-a-kigali\" \/>\n<meta property=\"og:locale\" content=\"fr_FR\" \/>\n<meta property=\"og:type\" content=\"article\" \/>\n<meta property=\"og:title\" content=\"Le ministre de l&#039;\u00e9nergie s&#039;entretient avec ses homologues somalien et \u00e9thiopien lors de la 5\u00e8me r\u00e9union r\u00e9gionale de l&#039;Alliance Solaire Internationale (ISA) \u00e0 Kigali\" \/>\n<meta property=\"og:description\" content=\"En marge de sa participation a\u0300 la 5e\u0300me Re\u0301union Re\u0301gionale de l&#039;Alliance Solaire Internationale (ISA) pour la Re\u0301gion ...\" \/>\n<meta property=\"og:url\" content=\"https:\/\/www.africa-press.net\/djibouti\/economie\/le-ministre-de-lenergie-sentretient-avec-ses-homologues-somalien-et-ethiopien-lors-de-la-5eme-reunion-regionale-de-lalliance-solaire-internationale-isa-a-kigali\" \/>\n<meta property=\"og:site_name\" content=\"Djibouti\" \/>\n<meta property=\"article:published_time\" content=\"2023-09-03T17:22:40+00:00\" \/>\n<meta property=\"article:modified_time\" content=\"2023-09-03T17:37:33+00:00\" \/>\n<meta property=\"og:image\" content=\"https:\/\/static.africa-press.net\/djibouti\/sites\/52\/2023\/09\/sm_1693749869.390286.jpg\" \/>\n\t<meta property=\"og:image:width\" content=\"983\" \/>\n\t<meta property=\"og:image:height\" content=\"737\" \/>\n\t<meta property=\"og:image:type\" content=\"image\/jpeg\" \/>\n<meta name=\"author\" content=\"cfeditorfr\" \/>\n<meta name=\"twitter:card\" content=\"summary_large_image\" \/>\n<meta name=\"twitter:label1\" content=\"\u00c9crit par\" \/>\n\t<meta name=\"twitter:data1\" content=\"cfeditorfr\" \/>\n\t<meta name=\"twitter:label2\" content=\"Dur\u00e9e de lecture estim\u00e9e\" \/>\n\t<meta name=\"twitter:data2\" content=\"3 minutes\" \/>\n<script type=\"application\/ld+json\" class=\"yoast-schema-graph\">{\"@context\":\"https:\/\/schema.org\",\"@graph\":[{\"@type\":\"Article\",\"@id\":\"https:\/\/www.africa-press.net\/djibouti\/economie\/le-ministre-de-lenergie-sentretient-avec-ses-homologues-somalien-et-ethiopien-lors-de-la-5eme-reunion-regionale-de-lalliance-solaire-internationale-isa-a-kigali#article\",\"isPartOf\":{\"@id\":\"https:\/\/www.africa-press.net\/djibouti\/economie\/le-ministre-de-lenergie-sentretient-avec-ses-homologues-somalien-et-ethiopien-lors-de-la-5eme-reunion-regionale-de-lalliance-solaire-internationale-isa-a-kigali\"},\"author\":{\"name\":\"cfeditorfr\",\"@id\":\"https:\/\/www.africa-press.net\/djibouti\/#\/schema\/person\/2b1cf3cd81a31e3cd26889ca66d677f1\"},\"headline\":\"Le ministre de l&rsquo;\u00e9nergie s&rsquo;entretient avec ses homologues somalien et \u00e9thiopien lors de la 5\u00e8me r\u00e9union r\u00e9gionale de l&rsquo;Alliance Solaire Internationale (ISA) \u00e0 Kigali\",\"datePublished\":\"2023-09-03T17:22:40+00:00\",\"dateModified\":\"2023-09-03T17:37:33+00:00\",\"mainEntityOfPage\":{\"@id\":\"https:\/\/www.africa-press.net\/djibouti\/economie\/le-ministre-de-lenergie-sentretient-avec-ses-homologues-somalien-et-ethiopien-lors-de-la-5eme-reunion-regionale-de-lalliance-solaire-internationale-isa-a-kigali\"},\"wordCount\":519,\"commentCount\":0,\"image\":{\"@id\":\"https:\/\/www.africa-press.net\/djibouti\/economie\/le-ministre-de-lenergie-sentretient-avec-ses-homologues-somalien-et-ethiopien-lors-de-la-5eme-reunion-regionale-de-lalliance-solaire-internationale-isa-a-kigali#primaryimage\"},\"thumbnailUrl\":\"https:\/\/static.africa-press.net\/djibouti\/sites\/52\/2023\/09\/sm_1693749869.390286.jpg\",\"keywords\":[\"Africa Press\",\"Africa Press-Djibouti\",\"Djibouti\"],\"articleSection\":[\"\u00c9conomie\",\"Toutes les actualit\u00e9s\"],\"inLanguage\":\"fr-FR\",\"potentialAction\":[{\"@type\":\"CommentAction\",\"name\":\"Comment\",\"target\":[\"https:\/\/www.africa-press.net\/djibouti\/economie\/le-ministre-de-lenergie-sentretient-avec-ses-homologues-somalien-et-ethiopien-lors-de-la-5eme-reunion-regionale-de-lalliance-solaire-internationale-isa-a-kigali#respond\"]}]},{\"@type\":\"WebPage\",\"@id\":\"https:\/\/www.africa-press.net\/djibouti\/economie\/le-ministre-de-lenergie-sentretient-avec-ses-homologues-somalien-et-ethiopien-lors-de-la-5eme-reunion-regionale-de-lalliance-solaire-internationale-isa-a-kigali\",\"url\":\"https:\/\/www.africa-press.net\/djibouti\/economie\/le-ministre-de-lenergie-sentretient-avec-ses-homologues-somalien-et-ethiopien-lors-de-la-5eme-reunion-regionale-de-lalliance-solaire-internationale-isa-a-kigali\",\"name\":\"Le ministre de l'\u00e9nergie s'entretient avec ses homologues somalien et \u00e9thiopien lors de la 5\u00e8me r\u00e9union r\u00e9gionale de l'Alliance Solaire Internationale (ISA) \u00e0 Kigali - Djibouti\",\"isPartOf\":{\"@id\":\"https:\/\/www.africa-press.net\/djibouti\/#website\"},\"primaryImageOfPage\":{\"@id\":\"https:\/\/www.africa-press.net\/djibouti\/economie\/le-ministre-de-lenergie-sentretient-avec-ses-homologues-somalien-et-ethiopien-lors-de-la-5eme-reunion-regionale-de-lalliance-solaire-internationale-isa-a-kigali#primaryimage\"},\"image\":{\"@id\":\"https:\/\/www.africa-press.net\/djibouti\/economie\/le-ministre-de-lenergie-sentretient-avec-ses-homologues-somalien-et-ethiopien-lors-de-la-5eme-reunion-regionale-de-lalliance-solaire-internationale-isa-a-kigali#primaryimage\"},\"thumbnailUrl\":\"https:\/\/static.africa-press.net\/djibouti\/sites\/52\/2023\/09\/sm_1693749869.390286.jpg\",\"datePublished\":\"2023-09-03T17:22:40+00:00\",\"dateModified\":\"2023-09-03T17:37:33+00:00\",\"author\":{\"@id\":\"https:\/\/www.africa-press.net\/djibouti\/#\/schema\/person\/2b1cf3cd81a31e3cd26889ca66d677f1\"},\"description\":\"En marge de sa participation a\u0300 la 5e\u0300me Re\u0301union Re\u0301gionale de l'Alliance Solaire Internationale (ISA) pour la Re\u0301gion ...\",\"breadcrumb\":{\"@id\":\"https:\/\/www.africa-press.net\/djibouti\/economie\/le-ministre-de-lenergie-sentretient-avec-ses-homologues-somalien-et-ethiopien-lors-de-la-5eme-reunion-regionale-de-lalliance-solaire-internationale-isa-a-kigali#breadcrumb\"},\"inLanguage\":\"fr-FR\",\"potentialAction\":[{\"@type\":\"ReadAction\",\"target\":[\"https:\/\/www.africa-press.net\/djibouti\/economie\/le-ministre-de-lenergie-sentretient-avec-ses-homologues-somalien-et-ethiopien-lors-de-la-5eme-reunion-regionale-de-lalliance-solaire-internationale-isa-a-kigali\"]}]},{\"@type\":\"ImageObject\",\"inLanguage\":\"fr-FR\",\"@id\":\"https:\/\/www.africa-press.net\/djibouti\/economie\/le-ministre-de-lenergie-sentretient-avec-ses-homologues-somalien-et-ethiopien-lors-de-la-5eme-reunion-regionale-de-lalliance-solaire-internationale-isa-a-kigali#primaryimage\",\"url\":\"https:\/\/static.africa-press.net\/djibouti\/sites\/52\/2023\/09\/sm_1693749869.390286.jpg\",\"contentUrl\":\"https:\/\/static.africa-press.net\/djibouti\/sites\/52\/2023\/09\/sm_1693749869.390286.jpg\",\"width\":983,\"height\":737,\"caption\":\"Le ministre de l'\u00e9nergie s'entretient avec ses homologues somalien et \u00e9thiopien lors de la 5\u00e8me r\u00e9union r\u00e9gionale de l'Alliance Solaire Internationale (ISA) \u00e0 Kigali\"},{\"@type\":\"BreadcrumbList\",\"@id\":\"https:\/\/www.africa-press.net\/djibouti\/economie\/le-ministre-de-lenergie-sentretient-avec-ses-homologues-somalien-et-ethiopien-lors-de-la-5eme-reunion-regionale-de-lalliance-solaire-internationale-isa-a-kigali#breadcrumb\",\"itemListElement\":[{\"@type\":\"ListItem\",\"position\":1,\"name\":\"Accueil\",\"item\":\"https:\/\/www.africa-press.net\/djibouti\/\"},{\"@type\":\"ListItem\",\"position\":2,\"name\":\"Le ministre de l&#8217;\u00e9nergie s&#8217;entretient avec ses homologues somalien et \u00e9thiopien lors de la 5\u00e8me r\u00e9union r\u00e9gionale de l&#8217;Alliance Solaire Internationale (ISA) \u00e0 Kigali\"}]},{\"@type\":\"WebSite\",\"@id\":\"https:\/\/www.africa-press.net\/djibouti\/#website\",\"url\":\"https:\/\/www.africa-press.net\/djibouti\/\",\"name\":\"Djibouti\",\"description\":\"Just another Africa News Agency Sites site\",\"potentialAction\":[{\"@type\":\"SearchAction\",\"target\":{\"@type\":\"EntryPoint\",\"urlTemplate\":\"https:\/\/www.africa-press.net\/djibouti\/?s={search_term_string}\"},\"query-input\":{\"@type\":\"PropertyValueSpecification\",\"valueRequired\":true,\"valueName\":\"search_term_string\"}}],\"inLanguage\":\"fr-FR\"},{\"@type\":\"Person\",\"@id\":\"https:\/\/www.africa-press.net\/djibouti\/#\/schema\/person\/2b1cf3cd81a31e3cd26889ca66d677f1\",\"name\":\"cfeditorfr\"}]}<\/script>\n<!-- \/ Yoast SEO Premium plugin. -->","yoast_head_json":{"title":"Le ministre de l'\u00e9nergie s'entretient avec ses homologues somalien et \u00e9thiopien lors de la 5\u00e8me r\u00e9union r\u00e9gionale de l'Alliance Solaire Internationale (ISA) \u00e0 Kigali - Djibouti","description":"En marge de sa participation a\u0300 la 5e\u0300me Re\u0301union Re\u0301gionale de l'Alliance Solaire Internationale (ISA) pour la Re\u0301gion ...","robots":{"index":"index","follow":"follow","max-snippet":"max-snippet:-1","max-image-preview":"max-image-preview:large","max-video-preview":"max-video-preview:-1"},"canonical":"https:\/\/www.africa-press.net\/djibouti\/economie\/le-ministre-de-lenergie-sentretient-avec-ses-homologues-somalien-et-ethiopien-lors-de-la-5eme-reunion-regionale-de-lalliance-solaire-internationale-isa-a-kigali","og_locale":"fr_FR","og_type":"article","og_title":"Le ministre de l'\u00e9nergie s'entretient avec ses homologues somalien et \u00e9thiopien lors de la 5\u00e8me r\u00e9union r\u00e9gionale de l'Alliance Solaire Internationale (ISA) \u00e0 Kigali","og_description":"En marge de sa participation a\u0300 la 5e\u0300me Re\u0301union Re\u0301gionale de l'Alliance Solaire Internationale (ISA) pour la Re\u0301gion ...","og_url":"https:\/\/www.africa-press.net\/djibouti\/economie\/le-ministre-de-lenergie-sentretient-avec-ses-homologues-somalien-et-ethiopien-lors-de-la-5eme-reunion-regionale-de-lalliance-solaire-internationale-isa-a-kigali","og_site_name":"Djibouti","article_published_time":"2023-09-03T17:22:40+00:00","article_modified_time":"2023-09-03T17:37:33+00:00","og_image":[{"width":983,"height":737,"url":"https:\/\/static.africa-press.net\/djibouti\/sites\/52\/2023\/09\/sm_1693749869.390286.jpg","type":"image\/jpeg"}],"author":"cfeditorfr","twitter_card":"summary_large_image","twitter_misc":{"\u00c9crit par":"cfeditorfr","Dur\u00e9e de lecture estim\u00e9e":"3 minutes"},"schema":{"@context":"https:\/\/schema.org","@graph":[{"@type":"Article","@id":"https:\/\/www.africa-press.net\/djibouti\/economie\/le-ministre-de-lenergie-sentretient-avec-ses-homologues-somalien-et-ethiopien-lors-de-la-5eme-reunion-regionale-de-lalliance-solaire-internationale-isa-a-kigali#article","isPartOf":{"@id":"https:\/\/www.africa-press.net\/djibouti\/economie\/le-ministre-de-lenergie-sentretient-avec-ses-homologues-somalien-et-ethiopien-lors-de-la-5eme-reunion-regionale-de-lalliance-solaire-internationale-isa-a-kigali"},"author":{"name":"cfeditorfr","@id":"https:\/\/www.africa-press.net\/djibouti\/#\/schema\/person\/2b1cf3cd81a31e3cd26889ca66d677f1"},"headline":"Le ministre de l&rsquo;\u00e9nergie s&rsquo;entretient avec ses homologues somalien et \u00e9thiopien lors de la 5\u00e8me r\u00e9union r\u00e9gionale de l&rsquo;Alliance Solaire Internationale (ISA) \u00e0 Kigali","datePublished":"2023-09-03T17:22:40+00:00","dateModified":"2023-09-03T17:37:33+00:00","mainEntityOfPage":{"@id":"https:\/\/www.africa-press.net\/djibouti\/economie\/le-ministre-de-lenergie-sentretient-avec-ses-homologues-somalien-et-ethiopien-lors-de-la-5eme-reunion-regionale-de-lalliance-solaire-internationale-isa-a-kigali"},"wordCount":519,"commentCount":0,"image":{"@id":"https:\/\/www.africa-press.net\/djibouti\/economie\/le-ministre-de-lenergie-sentretient-avec-ses-homologues-somalien-et-ethiopien-lors-de-la-5eme-reunion-regionale-de-lalliance-solaire-internationale-isa-a-kigali#primaryimage"},"thumbnailUrl":"https:\/\/static.africa-press.net\/djibouti\/sites\/52\/2023\/09\/sm_1693749869.390286.jpg","keywords":["Africa Press","Africa Press-Djibouti","Djibouti"],"articleSection":["\u00c9conomie","Toutes les actualit\u00e9s"],"inLanguage":"fr-FR","potentialAction":[{"@type":"CommentAction","name":"Comment","target":["https:\/\/www.africa-press.net\/djibouti\/economie\/le-ministre-de-lenergie-sentretient-avec-ses-homologues-somalien-et-ethiopien-lors-de-la-5eme-reunion-regionale-de-lalliance-solaire-internationale-isa-a-kigali#respond"]}]},{"@type":"WebPage","@id":"https:\/\/www.africa-press.net\/djibouti\/economie\/le-ministre-de-lenergie-sentretient-avec-ses-homologues-somalien-et-ethiopien-lors-de-la-5eme-reunion-regionale-de-lalliance-solaire-internationale-isa-a-kigali","url":"https:\/\/www.africa-press.net\/djibouti\/economie\/le-ministre-de-lenergie-sentretient-avec-ses-homologues-somalien-et-ethiopien-lors-de-la-5eme-reunion-regionale-de-lalliance-solaire-internationale-isa-a-kigali","name":"Le ministre de l'\u00e9nergie s'entretient avec ses homologues somalien et \u00e9thiopien lors de la 5\u00e8me r\u00e9union r\u00e9gionale de l'Alliance Solaire Internationale (ISA) \u00e0 Kigali - Djibouti","isPartOf":{"@id":"https:\/\/www.africa-press.net\/djibouti\/#website"},"primaryImageOfPage":{"@id":"https:\/\/www.africa-press.net\/djibouti\/economie\/le-ministre-de-lenergie-sentretient-avec-ses-homologues-somalien-et-ethiopien-lors-de-la-5eme-reunion-regionale-de-lalliance-solaire-internationale-isa-a-kigali#primaryimage"},"image":{"@id":"https:\/\/www.africa-press.net\/djibouti\/economie\/le-ministre-de-lenergie-sentretient-avec-ses-homologues-somalien-et-ethiopien-lors-de-la-5eme-reunion-regionale-de-lalliance-solaire-internationale-isa-a-kigali#primaryimage"},"thumbnailUrl":"https:\/\/static.africa-press.net\/djibouti\/sites\/52\/2023\/09\/sm_1693749869.390286.jpg","datePublished":"2023-09-03T17:22:40+00:00","dateModified":"2023-09-03T17:37:33+00:00","author":{"@id":"https:\/\/www.africa-press.net\/djibouti\/#\/schema\/person\/2b1cf3cd81a31e3cd26889ca66d677f1"},"description":"En marge de sa participation a\u0300 la 5e\u0300me Re\u0301union Re\u0301gionale de l'Alliance Solaire Internationale (ISA) pour la Re\u0301gion ...","breadcrumb":{"@id":"https:\/\/www.africa-press.net\/djibouti\/economie\/le-ministre-de-lenergie-sentretient-avec-ses-homologues-somalien-et-ethiopien-lors-de-la-5eme-reunion-regionale-de-lalliance-solaire-internationale-isa-a-kigali#breadcrumb"},"inLanguage":"fr-FR","potentialAction":[{"@type":"ReadAction","target":["https:\/\/www.africa-press.net\/djibouti\/economie\/le-ministre-de-lenergie-sentretient-avec-ses-homologues-somalien-et-ethiopien-lors-de-la-5eme-reunion-regionale-de-lalliance-solaire-internationale-isa-a-kigali"]}]},{"@type":"ImageObject","inLanguage":"fr-FR","@id":"https:\/\/www.africa-press.net\/djibouti\/economie\/le-ministre-de-lenergie-sentretient-avec-ses-homologues-somalien-et-ethiopien-lors-de-la-5eme-reunion-regionale-de-lalliance-solaire-internationale-isa-a-kigali#primaryimage","url":"https:\/\/static.africa-press.net\/djibouti\/sites\/52\/2023\/09\/sm_1693749869.390286.jpg","contentUrl":"https:\/\/static.africa-press.net\/djibouti\/sites\/52\/2023\/09\/sm_1693749869.390286.jpg","width":983,"height":737,"caption":"Le ministre de l'\u00e9nergie s'entretient avec ses homologues somalien et \u00e9thiopien lors de la 5\u00e8me r\u00e9union r\u00e9gionale de l'Alliance Solaire Internationale (ISA) \u00e0 Kigali"},{"@type":"BreadcrumbList","@id":"https:\/\/www.africa-press.net\/djibouti\/economie\/le-ministre-de-lenergie-sentretient-avec-ses-homologues-somalien-et-ethiopien-lors-de-la-5eme-reunion-regionale-de-lalliance-solaire-internationale-isa-a-kigali#breadcrumb","itemListElement":[{"@type":"ListItem","position":1,"name":"Accueil","item":"https:\/\/www.africa-press.net\/djibouti\/"},{"@type":"ListItem","position":2,"name":"Le ministre de l&#8217;\u00e9nergie s&#8217;entretient avec ses homologues somalien et \u00e9thiopien lors de la 5\u00e8me r\u00e9union r\u00e9gionale de l&#8217;Alliance Solaire Internationale (ISA) \u00e0 Kigali"}]},{"@type":"WebSite","@id":"https:\/\/www.africa-press.net\/djibouti\/#website","url":"https:\/\/www.africa-press.net\/djibouti\/","name":"Djibouti","description":"Just another Africa News Agency Sites site","potentialAction":[{"@type":"SearchAction","target":{"@type":"EntryPoint","urlTemplate":"https:\/\/www.africa-press.net\/djibouti\/?s={search_term_string}"},"query-input":{"@type":"PropertyValueSpecification","valueRequired":true,"valueName":"search_term_string"}}],"inLanguage":"fr-FR"},{"@type":"Person","@id":"https:\/\/www.africa-press.net\/djibouti\/#\/schema\/person\/2b1cf3cd81a31e3cd26889ca66d677f1","name":"cfeditorfr"}]}},"_links":{"self":[{"href":"https:\/\/www.africa-press.net\/djibouti\/wp-json\/wp\/v2\/posts\/17323","targetHints":{"allow":["GET"]}}],"collection":[{"href":"https:\/\/www.africa-press.net\/djibouti\/wp-json\/wp\/v2\/posts"}],"about":[{"href":"https:\/\/www.africa-press.net\/djibouti\/wp-json\/wp\/v2\/types\/post"}],"author":[{"embeddable":true,"href":"https:\/\/www.africa-press.net\/djibouti\/wp-json\/wp\/v2\/users\/82"}],"replies":[{"embeddable":true,"href":"https:\/\/www.africa-press.net\/djibouti\/wp-json\/wp\/v2\/comments?post=17323"}],"version-history":[{"count":0,"href":"https:\/\/www.africa-press.net\/djibouti\/wp-json\/wp\/v2\/posts\/17323\/revisions"}],"wp:featuredmedia":[{"embeddable":true,"href":"https:\/\/www.africa-press.net\/djibouti\/wp-json\/wp\/v2\/media\/17322"}],"wp:attachment":[{"href":"https:\/\/www.africa-press.net\/djibouti\/wp-json\/wp\/v2\/media?parent=17323"}],"wp:term":[{"taxonomy":"category","embeddable":true,"href":"https:\/\/www.africa-press.net\/djibouti\/wp-json\/wp\/v2\/categories?post=17323"},{"taxonomy":"post_tag","embeddable":true,"href":"https:\/\/www.africa-press.net\/djibouti\/wp-json\/wp\/v2\/tags?post=17323"}],"curies":[{"name":"wp","href":"https:\/\/api.w.org\/{rel}","templated":true}]}}