{"id":17337,"date":"2023-09-03T18:55:48","date_gmt":"2023-09-03T18:55:48","guid":{"rendered":"https:\/\/www.africa-press.net\/djibouti\/politique\/don-de-materiels-informatique-et-bureautique-pour-renforcer-les-capacites-techniques-du-conseil-regional-de-dikhil"},"modified":"2023-09-03T19:23:35","modified_gmt":"2023-09-03T19:23:35","slug":"don-de-materiels-informatique-et-bureautique-pour-renforcer-les-capacites-techniques-du-conseil-regional-de-dikhil","status":"publish","type":"post","link":"https:\/\/www.africa-press.net\/djibouti\/photo\/don-de-materiels-informatique-et-bureautique-pour-renforcer-les-capacites-techniques-du-conseil-regional-de-dikhil","title":{"rendered":"Don de mat\u00e9riels informatique et bureautique pour renforcer les capacit\u00e9s techniques du conseil r\u00e9gional de Dikhil"},"content":{"rendered":"<p><span style=\"color: #ff6600\"><strong>Africa-Press &#8211; Djibouti. <\/strong><\/span><b>Au cours d\u2019une ce\u0301re\u0301monie qui s\u2019est tenue le jeudi 31 aou\u0302t dernier au sie\u0300ge du conseil re\u0301gional de Dikhil, la repre\u0301sentante de l\u2019USAID a\u0300 Djibouti, Mme Nancy Ostrowski, a remis aux autorite\u0301s re\u0301gionales du mate\u0301riel informatique et bureautique. L\u2019initiative vise a\u0300 renforcer les capacite\u0301s techniques du Conseil re\u0301gional en vue de mieux servir la population de cette re\u0301gion du sud du pays et de stimuler le de\u0301veloppement local.<\/b><\/p>\n<p>La repre\u0301sentante de l\u2019USAID a\u0300 Djibouti,Nancy Ostrowski accompagne\u0301e de plusieurs hauts responsables de son institution s\u2019est rendue le jeudi 31 aou\u0302t passe\u0301 a\u0300 Dikhil, ville cheffe-lieu de la re\u0301gion e\u0301ponyme, pour remettre aux autorite\u0301s re\u0301gionales, un lot compose\u0301 de mate\u0301riels informatiques et de mobiliers bureautiques.<\/p>\n<p>L\u2019initiative qui s\u2019inscrit dans le cadre du \u201cProjet d\u2019Appui a\u0300 l\u2019engagement de la Socie\u0301te\u0301 Civile dans le Processus du De\u0301veloppement local\u201d, finance\u0301 par le gouvernement ame\u0301ricain et mise en \u0153uvre par l\u2019USAID en collaboration avec le ministe\u0300re de\u0301le\u0301gue\u0301 charge\u0301 de la de\u0301centralisation (MDCD), vise a\u0300 renforcer les capacite\u0301s techniques des conseils re\u0301gionaux en vue de mieux servir la population et stimuler ainsi le de\u0301veloppement local.<\/p>\n<p>A son arrive\u0301e a\u0300 la place de l\u2019Unite\u0301 sise en face de la pre\u0301fecture de Dikhil, Mme Ostrowski et les membres de sa de\u0301le\u0301gation ont e\u0301te\u0301 accueillis par le pre\u0301fet Hassan Abdi Robleh, entoure\u0301 du Pre\u0301sident du Conseil Re\u0301gional par inte\u0301rim, Ibrahim Gouro Abdallah, du Secre\u0301taire Ge\u0301ne\u0301ral du Conseil Re\u0301gional, Abdallah Mohamed Hassan, et de plusieurs autres personnalite\u0301s de la re\u0301gion.<\/p>\n<p>Apre\u0300s un message de bienvenue, le pre\u0301fet de Dikhil, Hassan Abdi Robleh, a fait un tour d\u2019horizon sur les diffe\u0301rents projets re\u0301alise\u0301s par l\u2019USAID dans sa re\u0301gion avant d\u2019e\u0301voquer les opportunite\u0301s touristiques. Pour sa part, Mme Ostrowski a mis l\u2019accent sur l\u2019engagement du peuple ame\u0301ricain a\u0300 soutenir le processus de de\u0301veloppement des collectivite\u0301s re\u0301gionales.<\/p>\n<p>Les deux personnalite\u0301s ont par la suite aborde\u0301 divers sujets d\u2019inte\u0301re\u0302t commun avant de se diriger vers le sie\u0300ge du Conseil Re\u0301gional, ou\u0300 une foule enthousiaste, compose\u0301e de repre\u0301sentants d\u2019associations locales, d\u2019e\u0301lus locaux et de nombreuses autres personnalite\u0301s de la re\u0301gion les attendaient.<\/p>\n<p>L\u2019accueil chaleureux re\u0301serve\u0301 a\u0300 la repre\u0301sentante de l\u2019USAID et les membres de sa de\u0301le\u0301gation a\u0300 leur arrive\u0301e dans la cour du sie\u0300ge du conseil re\u0301gional en dit long sur les relations existantes entre les e\u0301lus locaux et l\u2019USAID.<\/p>\n<p>Outre le pre\u0301sident du conseil re\u0301gional par inte\u0301rim et ses colle\u0300gues, des nombreuses autres personnalite\u0301s natives de la re\u0301gion de Dikhil ont assiste\u0301 a\u0300 cet e\u0301ve\u0301nement.<\/p>\n<p>Sous le rythme des danses folkloriques exe\u0301cute\u0301es par un groupe d\u2019artistes locaux, les membres de la de\u0301le\u0301gation ont d\u2019abord effectue\u0301 des immersions successives dans les diffe\u0301rents bureaux du sie\u0300ge du conseil re\u0301gional avant de se rendre dans la salle de\u0301die\u0301e aux re\u0301unions ou\u0300 la ce\u0301re\u0301monie avait lieu.<\/p>\n<p>Apre\u0300s re\u0301ception du mate\u0301riel, le pre\u0301sident du conseil re\u0301gional par inte\u0301rim, Abdallah Mohamed Hassan a remercie\u0301 le peuple ame\u0301ricain et l\u2019USAID pour ce pre\u0301cieux don et notamment leurs soutiens aux initiatives du de\u0301veloppement local. \u00ab Ce mate\u0301riel reve\u0302t une importance cruciale pour renforcer notre capacite\u0301 a\u0300 servir la communaute\u0301 \u00bb a-t-il de\u0301clare\u0301.<\/p>\n<p>Il s\u2019agit, a-t-il poursuivi \u00ab d\u2019un pas de plus vers un avenir meilleur de notre re\u0301gion ou\u0300 la socie\u0301te\u0301 civile jouera un ro\u0302le cle\u0301. \u00bb<\/p>\n<p><b>Rachid Bayleh<\/b><\/p>\n\r\n                <style type=\"text\/css\">\r\n                    \r\n                    #td_uid_1_69ef7c40c019a  .td-doubleSlider-2 .td-item1 {\r\n                        background: url(https:\/\/static.africa-press.net\/djibouti\/sites\/52\/2023\/09\/sm_1693756328.976424-80x60.jpg) 0 0 no-repeat;\r\n                    }\r\n                    #td_uid_1_69ef7c40c019a  .td-doubleSlider-2 .td-item2 {\r\n                        background: url(https:\/\/static.africa-press.net\/djibouti\/sites\/52\/2023\/09\/sm_1693756350.512335-80x60.jpg) 0 0 no-repeat;\r\n                    }\r\n                <\/style>\r\n\r\n                <div id=\"td_uid_1_69ef7c40c019a\" class=\"td-gallery td-slide-on-2-columns\">\r\n                    <div class=\"post_td_gallery\">\r\n                        <div class=\"td-gallery-slide-top\">\r\n                           <div class=\"td-gallery-title\"><\/div>\r\n\r\n                            <div class=\"td-gallery-controls-wrapper\">\r\n                                <div class=\"td-gallery-slide-count\"><span class=\"td-gallery-slide-item-focus\">1<\/span> de 2<\/div>\r\n                                <div class=\"td-gallery-slide-prev-next-but\">\r\n                                    <i class = \"td-icon-left doubleSliderPrevButton\"><\/i>\r\n                                    <i class = \"td-icon-right doubleSliderNextButton\"><\/i>\r\n                                <\/div>\r\n                            <\/div>\r\n                        <\/div>\r\n\r\n                        <div class = \"td-doubleSlider-1 \">\r\n                            <div class = \"td-slider\">\r\n                                \r\n                    <div class = \"td-slide-item td-item1\">\r\n                        <figure class=\"td-slide-galery-figure td-slide-popup-gallery\">\r\n                            <a class=\"slide-gallery-image-link\" href=\"https:\/\/static.africa-press.net\/djibouti\/sites\/52\/2023\/09\/sm_1693756328.976424.jpg\" title=\"sm_1693756328.976424\"  data-caption=\"\"  data-description=\"\">\r\n                                <img decoding=\"async\" src=\"https:\/\/static.africa-press.net\/djibouti\/sites\/52\/2023\/09\/sm_1693756328.976424.jpg\" srcset=\"https:\/\/static.africa-press.net\/djibouti\/sites\/52\/2023\/09\/sm_1693756328.976424.jpg 1024w, https:\/\/static.africa-press.net\/djibouti\/sites\/52\/2023\/09\/sm_1693756328.976424-300x169.jpg 300w, https:\/\/static.africa-press.net\/djibouti\/sites\/52\/2023\/09\/sm_1693756328.976424-768x432.jpg 768w\" sizes=\"(max-width: 1024px) 100vw, 1024px\" alt=\"\">\r\n                            <\/a>\r\n                            \r\n                        <\/figure>\r\n                    <\/div>\r\n                    <div class = \"td-slide-item td-item2\">\r\n                        <figure class=\"td-slide-galery-figure td-slide-popup-gallery\">\r\n                            <a class=\"slide-gallery-image-link\" href=\"https:\/\/static.africa-press.net\/djibouti\/sites\/52\/2023\/09\/sm_1693756350.512335.jpg\" title=\"sm_1693756350.512335\"  data-caption=\"\"  data-description=\"\">\r\n                                <img decoding=\"async\" src=\"https:\/\/static.africa-press.net\/djibouti\/sites\/52\/2023\/09\/sm_1693756350.512335.jpg\" srcset=\"https:\/\/static.africa-press.net\/djibouti\/sites\/52\/2023\/09\/sm_1693756350.512335.jpg 696w, https:\/\/static.africa-press.net\/djibouti\/sites\/52\/2023\/09\/sm_1693756350.512335-300x199.jpg 300w\" sizes=\"(max-width: 696px) 100vw, 696px\" alt=\"\">\r\n                            <\/a>\r\n                            \r\n                        <\/figure>\r\n                    <\/div>\r\n                            <\/div>\r\n                        <\/div>\r\n\r\n                        <div class = \"td-doubleSlider-2\">\r\n                            <div class = \"td-slider\">\r\n                                \r\n                    <div class = \"td-button td-item1\">\r\n                        <div class = \"td-border\"><\/div>\r\n                    <\/div>\r\n                    <div class = \"td-button td-item2\">\r\n                        <div class = \"td-border\"><\/div>\r\n                    <\/div>\r\n                            <\/div>\r\n                        <\/div>\r\n\r\n                    <\/div>\r\n\r\n                <\/div>\r\n                \n<p><strong>Pour plus d&rsquo;informations et d&rsquo;analyses sur la <a href=\"https:\/\/www.africa-press.net\/djibouti\">Djibouti<\/a>, suivez <a href=\"https:\/\/www.africa-press.net\/\">Africa-Press<\/a><\/strong><\/p>\n","protected":false},"excerpt":{"rendered":"<p>Africa-Press &#8211; Djibouti. Au cours d\u2019une ce\u0301re\u0301monie qui s\u2019est tenue le jeudi 31 aou\u0302t dernier au sie\u0300ge du conseil re\u0301gional de Dikhil, la repre\u0301sentante de l\u2019USAID a\u0300 Djibouti, Mme Nancy Ostrowski, a remis aux autorite\u0301s re\u0301gionales du mate\u0301riel informatique et bureautique. L\u2019initiative vise a\u0300 renforcer les capacite\u0301s techniques du Conseil re\u0301gional en vue de mieux [&hellip;]<\/p>\n","protected":false},"author":82,"featured_media":17336,"comment_status":"open","ping_status":"closed","sticky":false,"template":"","format":"standard","meta":{"footnotes":""},"categories":[21,8,10],"tags":[36,49,50],"class_list":["post-17337","post","type-post","status-publish","format-standard","has-post-thumbnail","hentry","category-communaute","category-photo","category-toutes-les-actualites","tag-africa-press","tag-africa-press-djibouti","tag-djibouti"],"yoast_head":"<!-- This site is optimized with the Yoast SEO Premium plugin v26.1 (Yoast SEO v27.0) - https:\/\/yoast.com\/product\/yoast-seo-premium-wordpress\/ -->\n<title>Don de mat\u00e9riels informatique et bureautique pour renforcer les capacit\u00e9s techniques du conseil r\u00e9gional de Dikhil - Djibouti<\/title>\n<meta name=\"description\" content=\"Au cours d\u2019une ce\u0301re\u0301monie qui s\u2019est tenue le jeudi 31 aou\u0302t dernier au sie\u0300ge du conseil re\u0301gional de Dikhil, la rep ...\" \/>\n<meta name=\"robots\" content=\"index, follow, max-snippet:-1, max-image-preview:large, max-video-preview:-1\" \/>\n<link rel=\"canonical\" href=\"https:\/\/www.africa-press.net\/djibouti\/photo\/don-de-materiels-informatique-et-bureautique-pour-renforcer-les-capacites-techniques-du-conseil-regional-de-dikhil\" \/>\n<meta property=\"og:locale\" content=\"fr_FR\" \/>\n<meta property=\"og:type\" content=\"article\" \/>\n<meta property=\"og:title\" content=\"Don de mat\u00e9riels informatique et bureautique pour renforcer les capacit\u00e9s techniques du conseil r\u00e9gional de Dikhil\" \/>\n<meta property=\"og:description\" content=\"Au cours d\u2019une ce\u0301re\u0301monie qui s\u2019est tenue le jeudi 31 aou\u0302t dernier au sie\u0300ge du conseil re\u0301gional de Dikhil, la rep ...\" \/>\n<meta property=\"og:url\" content=\"https:\/\/www.africa-press.net\/djibouti\/photo\/don-de-materiels-informatique-et-bureautique-pour-renforcer-les-capacites-techniques-du-conseil-regional-de-dikhil\" \/>\n<meta property=\"og:site_name\" content=\"Djibouti\" \/>\n<meta property=\"article:published_time\" content=\"2023-09-03T18:55:48+00:00\" \/>\n<meta property=\"article:modified_time\" content=\"2023-09-03T19:23:35+00:00\" \/>\n<meta property=\"og:image\" content=\"https:\/\/static.africa-press.net\/djibouti\/sites\/52\/2023\/09\/sm_1693756367.579201.jpg\" \/>\n\t<meta property=\"og:image:width\" content=\"720\" \/>\n\t<meta property=\"og:image:height\" content=\"477\" \/>\n\t<meta property=\"og:image:type\" content=\"image\/jpeg\" \/>\n<meta name=\"author\" content=\"cfeditorfr\" \/>\n<meta name=\"twitter:card\" content=\"summary_large_image\" \/>\n<meta name=\"twitter:label1\" content=\"\u00c9crit par\" \/>\n\t<meta name=\"twitter:data1\" content=\"cfeditorfr\" \/>\n\t<meta name=\"twitter:label2\" content=\"Dur\u00e9e de lecture estim\u00e9e\" \/>\n\t<meta name=\"twitter:data2\" content=\"3 minutes\" \/>\n<script type=\"application\/ld+json\" class=\"yoast-schema-graph\">{\"@context\":\"https:\/\/schema.org\",\"@graph\":[{\"@type\":\"Article\",\"@id\":\"https:\/\/www.africa-press.net\/djibouti\/photo\/don-de-materiels-informatique-et-bureautique-pour-renforcer-les-capacites-techniques-du-conseil-regional-de-dikhil#article\",\"isPartOf\":{\"@id\":\"https:\/\/www.africa-press.net\/djibouti\/photo\/don-de-materiels-informatique-et-bureautique-pour-renforcer-les-capacites-techniques-du-conseil-regional-de-dikhil\"},\"author\":{\"name\":\"cfeditorfr\",\"@id\":\"https:\/\/www.africa-press.net\/djibouti\/#\/schema\/person\/2b1cf3cd81a31e3cd26889ca66d677f1\"},\"headline\":\"Don de mat\u00e9riels informatique et bureautique pour renforcer les capacit\u00e9s techniques du conseil r\u00e9gional de Dikhil\",\"datePublished\":\"2023-09-03T18:55:48+00:00\",\"dateModified\":\"2023-09-03T19:23:35+00:00\",\"mainEntityOfPage\":{\"@id\":\"https:\/\/www.africa-press.net\/djibouti\/photo\/don-de-materiels-informatique-et-bureautique-pour-renforcer-les-capacites-techniques-du-conseil-regional-de-dikhil\"},\"wordCount\":704,\"commentCount\":0,\"image\":{\"@id\":\"https:\/\/www.africa-press.net\/djibouti\/photo\/don-de-materiels-informatique-et-bureautique-pour-renforcer-les-capacites-techniques-du-conseil-regional-de-dikhil#primaryimage\"},\"thumbnailUrl\":\"https:\/\/static.africa-press.net\/djibouti\/sites\/52\/2023\/09\/sm_1693756367.579201.jpg\",\"keywords\":[\"Africa Press\",\"Africa Press-Djibouti\",\"Djibouti\"],\"articleSection\":[\"Communaut\u00e9\",\"Photo\",\"Toutes les actualit\u00e9s\"],\"inLanguage\":\"fr-FR\",\"potentialAction\":[{\"@type\":\"CommentAction\",\"name\":\"Comment\",\"target\":[\"https:\/\/www.africa-press.net\/djibouti\/photo\/don-de-materiels-informatique-et-bureautique-pour-renforcer-les-capacites-techniques-du-conseil-regional-de-dikhil#respond\"]}]},{\"@type\":\"WebPage\",\"@id\":\"https:\/\/www.africa-press.net\/djibouti\/photo\/don-de-materiels-informatique-et-bureautique-pour-renforcer-les-capacites-techniques-du-conseil-regional-de-dikhil\",\"url\":\"https:\/\/www.africa-press.net\/djibouti\/photo\/don-de-materiels-informatique-et-bureautique-pour-renforcer-les-capacites-techniques-du-conseil-regional-de-dikhil\",\"name\":\"Don de mat\u00e9riels informatique et bureautique pour renforcer les capacit\u00e9s techniques du conseil r\u00e9gional de Dikhil - Djibouti\",\"isPartOf\":{\"@id\":\"https:\/\/www.africa-press.net\/djibouti\/#website\"},\"primaryImageOfPage\":{\"@id\":\"https:\/\/www.africa-press.net\/djibouti\/photo\/don-de-materiels-informatique-et-bureautique-pour-renforcer-les-capacites-techniques-du-conseil-regional-de-dikhil#primaryimage\"},\"image\":{\"@id\":\"https:\/\/www.africa-press.net\/djibouti\/photo\/don-de-materiels-informatique-et-bureautique-pour-renforcer-les-capacites-techniques-du-conseil-regional-de-dikhil#primaryimage\"},\"thumbnailUrl\":\"https:\/\/static.africa-press.net\/djibouti\/sites\/52\/2023\/09\/sm_1693756367.579201.jpg\",\"datePublished\":\"2023-09-03T18:55:48+00:00\",\"dateModified\":\"2023-09-03T19:23:35+00:00\",\"author\":{\"@id\":\"https:\/\/www.africa-press.net\/djibouti\/#\/schema\/person\/2b1cf3cd81a31e3cd26889ca66d677f1\"},\"description\":\"Au cours d\u2019une ce\u0301re\u0301monie qui s\u2019est tenue le jeudi 31 aou\u0302t dernier au sie\u0300ge du conseil re\u0301gional de Dikhil, la rep ...\",\"breadcrumb\":{\"@id\":\"https:\/\/www.africa-press.net\/djibouti\/photo\/don-de-materiels-informatique-et-bureautique-pour-renforcer-les-capacites-techniques-du-conseil-regional-de-dikhil#breadcrumb\"},\"inLanguage\":\"fr-FR\",\"potentialAction\":[{\"@type\":\"ReadAction\",\"target\":[\"https:\/\/www.africa-press.net\/djibouti\/photo\/don-de-materiels-informatique-et-bureautique-pour-renforcer-les-capacites-techniques-du-conseil-regional-de-dikhil\"]}]},{\"@type\":\"ImageObject\",\"inLanguage\":\"fr-FR\",\"@id\":\"https:\/\/www.africa-press.net\/djibouti\/photo\/don-de-materiels-informatique-et-bureautique-pour-renforcer-les-capacites-techniques-du-conseil-regional-de-dikhil#primaryimage\",\"url\":\"https:\/\/static.africa-press.net\/djibouti\/sites\/52\/2023\/09\/sm_1693756367.579201.jpg\",\"contentUrl\":\"https:\/\/static.africa-press.net\/djibouti\/sites\/52\/2023\/09\/sm_1693756367.579201.jpg\",\"width\":720,\"height\":477,\"caption\":\"Don de mat\u00e9riels informatique et bureautique pour renforcer les capacit\u00e9s techniques du conseil r\u00e9gional de Dikhil\"},{\"@type\":\"BreadcrumbList\",\"@id\":\"https:\/\/www.africa-press.net\/djibouti\/photo\/don-de-materiels-informatique-et-bureautique-pour-renforcer-les-capacites-techniques-du-conseil-regional-de-dikhil#breadcrumb\",\"itemListElement\":[{\"@type\":\"ListItem\",\"position\":1,\"name\":\"Accueil\",\"item\":\"https:\/\/www.africa-press.net\/djibouti\/\"},{\"@type\":\"ListItem\",\"position\":2,\"name\":\"Don de mat\u00e9riels informatique et bureautique pour renforcer les capacit\u00e9s techniques du conseil r\u00e9gional de Dikhil\"}]},{\"@type\":\"WebSite\",\"@id\":\"https:\/\/www.africa-press.net\/djibouti\/#website\",\"url\":\"https:\/\/www.africa-press.net\/djibouti\/\",\"name\":\"Djibouti\",\"description\":\"Just another Africa News Agency Sites site\",\"potentialAction\":[{\"@type\":\"SearchAction\",\"target\":{\"@type\":\"EntryPoint\",\"urlTemplate\":\"https:\/\/www.africa-press.net\/djibouti\/?s={search_term_string}\"},\"query-input\":{\"@type\":\"PropertyValueSpecification\",\"valueRequired\":true,\"valueName\":\"search_term_string\"}}],\"inLanguage\":\"fr-FR\"},{\"@type\":\"Person\",\"@id\":\"https:\/\/www.africa-press.net\/djibouti\/#\/schema\/person\/2b1cf3cd81a31e3cd26889ca66d677f1\",\"name\":\"cfeditorfr\"}]}<\/script>\n<!-- \/ Yoast SEO Premium plugin. -->","yoast_head_json":{"title":"Don de mat\u00e9riels informatique et bureautique pour renforcer les capacit\u00e9s techniques du conseil r\u00e9gional de Dikhil - Djibouti","description":"Au cours d\u2019une ce\u0301re\u0301monie qui s\u2019est tenue le jeudi 31 aou\u0302t dernier au sie\u0300ge du conseil re\u0301gional de Dikhil, la rep ...","robots":{"index":"index","follow":"follow","max-snippet":"max-snippet:-1","max-image-preview":"max-image-preview:large","max-video-preview":"max-video-preview:-1"},"canonical":"https:\/\/www.africa-press.net\/djibouti\/photo\/don-de-materiels-informatique-et-bureautique-pour-renforcer-les-capacites-techniques-du-conseil-regional-de-dikhil","og_locale":"fr_FR","og_type":"article","og_title":"Don de mat\u00e9riels informatique et bureautique pour renforcer les capacit\u00e9s techniques du conseil r\u00e9gional de Dikhil","og_description":"Au cours d\u2019une ce\u0301re\u0301monie qui s\u2019est tenue le jeudi 31 aou\u0302t dernier au sie\u0300ge du conseil re\u0301gional de Dikhil, la rep ...","og_url":"https:\/\/www.africa-press.net\/djibouti\/photo\/don-de-materiels-informatique-et-bureautique-pour-renforcer-les-capacites-techniques-du-conseil-regional-de-dikhil","og_site_name":"Djibouti","article_published_time":"2023-09-03T18:55:48+00:00","article_modified_time":"2023-09-03T19:23:35+00:00","og_image":[{"width":720,"height":477,"url":"https:\/\/static.africa-press.net\/djibouti\/sites\/52\/2023\/09\/sm_1693756367.579201.jpg","type":"image\/jpeg"}],"author":"cfeditorfr","twitter_card":"summary_large_image","twitter_misc":{"\u00c9crit par":"cfeditorfr","Dur\u00e9e de lecture estim\u00e9e":"3 minutes"},"schema":{"@context":"https:\/\/schema.org","@graph":[{"@type":"Article","@id":"https:\/\/www.africa-press.net\/djibouti\/photo\/don-de-materiels-informatique-et-bureautique-pour-renforcer-les-capacites-techniques-du-conseil-regional-de-dikhil#article","isPartOf":{"@id":"https:\/\/www.africa-press.net\/djibouti\/photo\/don-de-materiels-informatique-et-bureautique-pour-renforcer-les-capacites-techniques-du-conseil-regional-de-dikhil"},"author":{"name":"cfeditorfr","@id":"https:\/\/www.africa-press.net\/djibouti\/#\/schema\/person\/2b1cf3cd81a31e3cd26889ca66d677f1"},"headline":"Don de mat\u00e9riels informatique et bureautique pour renforcer les capacit\u00e9s techniques du conseil r\u00e9gional de Dikhil","datePublished":"2023-09-03T18:55:48+00:00","dateModified":"2023-09-03T19:23:35+00:00","mainEntityOfPage":{"@id":"https:\/\/www.africa-press.net\/djibouti\/photo\/don-de-materiels-informatique-et-bureautique-pour-renforcer-les-capacites-techniques-du-conseil-regional-de-dikhil"},"wordCount":704,"commentCount":0,"image":{"@id":"https:\/\/www.africa-press.net\/djibouti\/photo\/don-de-materiels-informatique-et-bureautique-pour-renforcer-les-capacites-techniques-du-conseil-regional-de-dikhil#primaryimage"},"thumbnailUrl":"https:\/\/static.africa-press.net\/djibouti\/sites\/52\/2023\/09\/sm_1693756367.579201.jpg","keywords":["Africa Press","Africa Press-Djibouti","Djibouti"],"articleSection":["Communaut\u00e9","Photo","Toutes les actualit\u00e9s"],"inLanguage":"fr-FR","potentialAction":[{"@type":"CommentAction","name":"Comment","target":["https:\/\/www.africa-press.net\/djibouti\/photo\/don-de-materiels-informatique-et-bureautique-pour-renforcer-les-capacites-techniques-du-conseil-regional-de-dikhil#respond"]}]},{"@type":"WebPage","@id":"https:\/\/www.africa-press.net\/djibouti\/photo\/don-de-materiels-informatique-et-bureautique-pour-renforcer-les-capacites-techniques-du-conseil-regional-de-dikhil","url":"https:\/\/www.africa-press.net\/djibouti\/photo\/don-de-materiels-informatique-et-bureautique-pour-renforcer-les-capacites-techniques-du-conseil-regional-de-dikhil","name":"Don de mat\u00e9riels informatique et bureautique pour renforcer les capacit\u00e9s techniques du conseil r\u00e9gional de Dikhil - Djibouti","isPartOf":{"@id":"https:\/\/www.africa-press.net\/djibouti\/#website"},"primaryImageOfPage":{"@id":"https:\/\/www.africa-press.net\/djibouti\/photo\/don-de-materiels-informatique-et-bureautique-pour-renforcer-les-capacites-techniques-du-conseil-regional-de-dikhil#primaryimage"},"image":{"@id":"https:\/\/www.africa-press.net\/djibouti\/photo\/don-de-materiels-informatique-et-bureautique-pour-renforcer-les-capacites-techniques-du-conseil-regional-de-dikhil#primaryimage"},"thumbnailUrl":"https:\/\/static.africa-press.net\/djibouti\/sites\/52\/2023\/09\/sm_1693756367.579201.jpg","datePublished":"2023-09-03T18:55:48+00:00","dateModified":"2023-09-03T19:23:35+00:00","author":{"@id":"https:\/\/www.africa-press.net\/djibouti\/#\/schema\/person\/2b1cf3cd81a31e3cd26889ca66d677f1"},"description":"Au cours d\u2019une ce\u0301re\u0301monie qui s\u2019est tenue le jeudi 31 aou\u0302t dernier au sie\u0300ge du conseil re\u0301gional de Dikhil, la rep ...","breadcrumb":{"@id":"https:\/\/www.africa-press.net\/djibouti\/photo\/don-de-materiels-informatique-et-bureautique-pour-renforcer-les-capacites-techniques-du-conseil-regional-de-dikhil#breadcrumb"},"inLanguage":"fr-FR","potentialAction":[{"@type":"ReadAction","target":["https:\/\/www.africa-press.net\/djibouti\/photo\/don-de-materiels-informatique-et-bureautique-pour-renforcer-les-capacites-techniques-du-conseil-regional-de-dikhil"]}]},{"@type":"ImageObject","inLanguage":"fr-FR","@id":"https:\/\/www.africa-press.net\/djibouti\/photo\/don-de-materiels-informatique-et-bureautique-pour-renforcer-les-capacites-techniques-du-conseil-regional-de-dikhil#primaryimage","url":"https:\/\/static.africa-press.net\/djibouti\/sites\/52\/2023\/09\/sm_1693756367.579201.jpg","contentUrl":"https:\/\/static.africa-press.net\/djibouti\/sites\/52\/2023\/09\/sm_1693756367.579201.jpg","width":720,"height":477,"caption":"Don de mat\u00e9riels informatique et bureautique pour renforcer les capacit\u00e9s techniques du conseil r\u00e9gional de Dikhil"},{"@type":"BreadcrumbList","@id":"https:\/\/www.africa-press.net\/djibouti\/photo\/don-de-materiels-informatique-et-bureautique-pour-renforcer-les-capacites-techniques-du-conseil-regional-de-dikhil#breadcrumb","itemListElement":[{"@type":"ListItem","position":1,"name":"Accueil","item":"https:\/\/www.africa-press.net\/djibouti\/"},{"@type":"ListItem","position":2,"name":"Don de mat\u00e9riels informatique et bureautique pour renforcer les capacit\u00e9s techniques du conseil r\u00e9gional de Dikhil"}]},{"@type":"WebSite","@id":"https:\/\/www.africa-press.net\/djibouti\/#website","url":"https:\/\/www.africa-press.net\/djibouti\/","name":"Djibouti","description":"Just another Africa News Agency Sites site","potentialAction":[{"@type":"SearchAction","target":{"@type":"EntryPoint","urlTemplate":"https:\/\/www.africa-press.net\/djibouti\/?s={search_term_string}"},"query-input":{"@type":"PropertyValueSpecification","valueRequired":true,"valueName":"search_term_string"}}],"inLanguage":"fr-FR"},{"@type":"Person","@id":"https:\/\/www.africa-press.net\/djibouti\/#\/schema\/person\/2b1cf3cd81a31e3cd26889ca66d677f1","name":"cfeditorfr"}]}},"_links":{"self":[{"href":"https:\/\/www.africa-press.net\/djibouti\/wp-json\/wp\/v2\/posts\/17337","targetHints":{"allow":["GET"]}}],"collection":[{"href":"https:\/\/www.africa-press.net\/djibouti\/wp-json\/wp\/v2\/posts"}],"about":[{"href":"https:\/\/www.africa-press.net\/djibouti\/wp-json\/wp\/v2\/types\/post"}],"author":[{"embeddable":true,"href":"https:\/\/www.africa-press.net\/djibouti\/wp-json\/wp\/v2\/users\/82"}],"replies":[{"embeddable":true,"href":"https:\/\/www.africa-press.net\/djibouti\/wp-json\/wp\/v2\/comments?post=17337"}],"version-history":[{"count":0,"href":"https:\/\/www.africa-press.net\/djibouti\/wp-json\/wp\/v2\/posts\/17337\/revisions"}],"wp:featuredmedia":[{"embeddable":true,"href":"https:\/\/www.africa-press.net\/djibouti\/wp-json\/wp\/v2\/media\/17336"}],"wp:attachment":[{"href":"https:\/\/www.africa-press.net\/djibouti\/wp-json\/wp\/v2\/media?parent=17337"}],"wp:term":[{"taxonomy":"category","embeddable":true,"href":"https:\/\/www.africa-press.net\/djibouti\/wp-json\/wp\/v2\/categories?post=17337"},{"taxonomy":"post_tag","embeddable":true,"href":"https:\/\/www.africa-press.net\/djibouti\/wp-json\/wp\/v2\/tags?post=17337"}],"curies":[{"name":"wp","href":"https:\/\/api.w.org\/{rel}","templated":true}]}}